{"id":7949,"date":"2026-04-23T13:34:36","date_gmt":"2026-04-23T17:34:36","guid":{"rendered":"https:\/\/www.cbm.ro.gov.br\/?p=7949"},"modified":"2026-04-24T10:08:32","modified_gmt":"2026-04-24T14:08:32","slug":"corpo-de-bombeiros-militar-de-rondonia-realiza-cerimonias-de-promocoes-de-oficiais-e-pracas","status":"publish","type":"post","link":"https:\/\/www.cbm.ro.gov.br\/?p=7949","title":{"rendered":"CORPO DE BOMBEIROS MILITAR DE ROND\u00d4NIA REALIZA CERIM\u00d4NIAS DE PROMO\u00c7\u00d5ES DE OFICIAIS E PRA\u00c7AS"},"content":{"rendered":"\n<p class=\"has-black-color has-text-color has-link-color wp-elements-bb3d9bb66300c633065c41c5ad23f701\">Em cerim\u00f4nias marcadas por emo\u00e7\u00e3o, reconhecimento e valoriza\u00e7\u00e3o profissional, o Corpo de Bombeiros Militar de Rond\u00f4nia realizou a promo\u00e7\u00e3o de oficiais e pra\u00e7as da corpora\u00e7\u00e3o em diferentes munic\u00edpios do Estado. As solenidades ocorreram em Porto Velho, Buritis, Pimenta Bueno e Ariquemes, reunindo autoridades civis e militares, familiares e convidados.<\/p>\n\n\n\n<p class=\"has-black-color has-text-color has-link-color wp-elements-e5b006a17220f1eaa96d136dddc58bf1\">Os eventos celebraram a ascens\u00e3o na carreira de homens e mulheres que se destacaram pelo comprometimento com a miss\u00e3o de salvar vidas, proteger o meio ambiente e servir \u00e0 sociedade rondoniense. Durante as solenidades, foram oficializadas as promo\u00e7\u00f5es a novos postos e gradua\u00e7\u00f5es, resultado de dedica\u00e7\u00e3o, disciplina e m\u00e9rito ao longo da trajet\u00f3ria na institui\u00e7\u00e3o.<\/p>\n\n\n\n<p class=\"has-black-color has-text-color has-link-color wp-elements-b9f2bdc1c838545af0f19b06f4f130eb\">A Comandante-Geral, Coronel BM DANIELE CRISTINA LIMA FERREIRA, destacou a import\u00e2ncia do momento para a corpora\u00e7\u00e3o.<br>\u201cCada promo\u00e7\u00e3o simboliza o reconhecimento do esfor\u00e7o e da responsabilidade assumida por nossos militares. \u00c9 tamb\u00e9m um compromisso renovado com a excel\u00eancia no servi\u00e7o prestado \u00e0 popula\u00e7\u00e3o rondoniense\u201d, afirmou.<\/p>\n\n\n\n<p class=\"has-black-color has-text-color has-link-color wp-elements-f3394d03efdb3f708e4f027e4bb2bc95\"><strong>Porto Velho<\/strong><strong><br><\/strong>Na capital, a solenidade reuniu autoridades Estaduais, militares e familiares dos promovidos, em um evento que evidenciou o reconhecimento institucional e o fortalecimento da estrutura do CBMRO na regi\u00e3o. O momento foi marcado pela formalidade militar e pela valoriza\u00e7\u00e3o dos profissionais que atuam diretamente na prote\u00e7\u00e3o da sociedade. Tamb\u00e9m foi marcada por uma homenagem para a despedida do Ten Cel BM Adriano, que ingressou na reserva remunerada. Com uma carreira pautada pela dedica\u00e7\u00e3o e lideran\u00e7a, o oficial deixa um legado de relevantes servi\u00e7os prestados \u00e0 corpora\u00e7\u00e3o e \u00e0 sociedade de Rond\u00f4nia, tendo ocupado fun\u00e7\u00f5es estrat\u00e9gicas e contribu\u00eddo significativamente para o fortalecimento institucional do CBMRO.<\/p>\n\n\n\n<figure class=\"wp-block-image size-full is-resized\"><img fetchpriority=\"high\" decoding=\"async\" width=\"1280\" height=\"720\" src=\"https:\/\/www.cbm.ro.gov.br\/wp-content\/uploads\/2026\/04\/WhatsApp-Image-2026-04-22-at-12.33.09-2.jpeg\" alt=\"\" class=\"wp-image-7972\" style=\"width:720px\" srcset=\"https:\/\/www.cbm.ro.gov.br\/wp-content\/uploads\/2026\/04\/WhatsApp-Image-2026-04-22-at-12.33.09-2.jpeg 1280w, https:\/\/www.cbm.ro.gov.br\/wp-content\/uploads\/2026\/04\/WhatsApp-Image-2026-04-22-at-12.33.09-2-300x169.jpeg 300w, https:\/\/www.cbm.ro.gov.br\/wp-content\/uploads\/2026\/04\/WhatsApp-Image-2026-04-22-at-12.33.09-2-1024x576.jpeg 1024w, https:\/\/www.cbm.ro.gov.br\/wp-content\/uploads\/2026\/04\/WhatsApp-Image-2026-04-22-at-12.33.09-2-768x432.jpeg 768w\" sizes=\"(max-width: 1280px) 100vw, 1280px\" \/><\/figure>\n\n\n\n<h3 class=\"wp-block-heading has-black-color has-text-color has-link-color wp-elements-bdaaf364a386472a8696e35b3c82d31f\"><strong>Buritis<\/strong><\/h3>\n\n\n\n<p class=\"has-black-color has-text-color has-link-color wp-elements-abda3f450af39200d876115b23b900b5\">No munic\u00edpio de Buritis, a cerim\u00f4nia destacou a import\u00e2ncia estrat\u00e9gica da unidade para a regi\u00e3o, valorizando os militares que atuam em \u00e1reas de grande relev\u00e2ncia operacional, especialmente no atendimento a ocorr\u00eancias e a\u00e7\u00f5es preventivas.<\/p>\n\n\n\n<figure class=\"wp-block-image size-full is-resized\"><img decoding=\"async\" width=\"960\" height=\"540\" src=\"https:\/\/www.cbm.ro.gov.br\/wp-content\/uploads\/2026\/04\/image-13.jpeg\" alt=\"\" class=\"wp-image-7971\" style=\"width:720px\" srcset=\"https:\/\/www.cbm.ro.gov.br\/wp-content\/uploads\/2026\/04\/image-13.jpeg 960w, https:\/\/www.cbm.ro.gov.br\/wp-content\/uploads\/2026\/04\/image-13-300x169.jpeg 300w, https:\/\/www.cbm.ro.gov.br\/wp-content\/uploads\/2026\/04\/image-13-768x432.jpeg 768w\" sizes=\"(max-width: 960px) 100vw, 960px\" \/><\/figure>\n\n\n\n<figure class=\"wp-block-image size-full is-resized\"><img decoding=\"async\" width=\"960\" height=\"540\" src=\"https:\/\/www.cbm.ro.gov.br\/wp-content\/uploads\/2026\/04\/image-14.jpeg\" alt=\"\" class=\"wp-image-7974\" style=\"width:720px\" srcset=\"https:\/\/www.cbm.ro.gov.br\/wp-content\/uploads\/2026\/04\/image-14.jpeg 960w, https:\/\/www.cbm.ro.gov.br\/wp-content\/uploads\/2026\/04\/image-14-300x169.jpeg 300w, https:\/\/www.cbm.ro.gov.br\/wp-content\/uploads\/2026\/04\/image-14-768x432.jpeg 768w\" sizes=\"(max-width: 960px) 100vw, 960px\" \/><\/figure>\n\n\n\n<h3 class=\"wp-block-heading has-black-color has-text-color has-link-color wp-elements-225aa64aa263ff5a0f08e8e7b425e6f2\"><strong>Pimenta Bueno<\/strong><\/h3>\n\n\n\n<p class=\"has-black-color has-text-color has-link-color wp-elements-fecd4a1723b361cc6bd00d8e83a1cf31\">A solenidade refor\u00e7ou o compromisso da corpora\u00e7\u00e3o com o desenvolvimento regional, reconhecendo o empenho dos militares que desempenham papel fundamental na seguran\u00e7a e no atendimento \u00e0 popula\u00e7\u00e3o local. Na ocasi\u00e3o, tamb\u00e9m foi formalizada a passagem do Tenente-Coronel BM Joaquim para a reserva remunerada, em reconhecimento aos relevantes servi\u00e7os prestados \u00e0 sociedade rondoniense. <\/p>\n\n\n\n<figure class=\"wp-block-image size-large is-resized\"><img loading=\"lazy\" decoding=\"async\" width=\"1024\" height=\"576\" src=\"https:\/\/www.cbm.ro.gov.br\/wp-content\/uploads\/2026\/04\/image-11-1024x576.jpeg\" alt=\"\" class=\"wp-image-7969\" style=\"width:720px\" srcset=\"https:\/\/www.cbm.ro.gov.br\/wp-content\/uploads\/2026\/04\/image-11-1024x576.jpeg 1024w, https:\/\/www.cbm.ro.gov.br\/wp-content\/uploads\/2026\/04\/image-11-300x169.jpeg 300w, https:\/\/www.cbm.ro.gov.br\/wp-content\/uploads\/2026\/04\/image-11-768x432.jpeg 768w, https:\/\/www.cbm.ro.gov.br\/wp-content\/uploads\/2026\/04\/image-11-1536x864.jpeg 1536w, https:\/\/www.cbm.ro.gov.br\/wp-content\/uploads\/2026\/04\/image-11.jpeg 1620w\" sizes=\"(max-width: 1024px) 100vw, 1024px\" \/><\/figure>\n\n\n\n<figure class=\"wp-block-image size-large is-resized\"><img loading=\"lazy\" decoding=\"async\" width=\"1024\" height=\"461\" src=\"https:\/\/www.cbm.ro.gov.br\/wp-content\/uploads\/2026\/04\/image-15-1024x461.jpeg\" alt=\"\" class=\"wp-image-7975\" style=\"width:720px\" srcset=\"https:\/\/www.cbm.ro.gov.br\/wp-content\/uploads\/2026\/04\/image-15-1024x461.jpeg 1024w, https:\/\/www.cbm.ro.gov.br\/wp-content\/uploads\/2026\/04\/image-15-300x135.jpeg 300w, https:\/\/www.cbm.ro.gov.br\/wp-content\/uploads\/2026\/04\/image-15-768x346.jpeg 768w, https:\/\/www.cbm.ro.gov.br\/wp-content\/uploads\/2026\/04\/image-15.jpeg 1280w\" sizes=\"(max-width: 1024px) 100vw, 1024px\" \/><\/figure>\n\n\n\n<h3 class=\"wp-block-heading has-black-color has-text-color has-link-color wp-elements-9411c777a89d02f0330d305d7434e1a5\"><strong>Ariquemes<\/strong><\/h3>\n\n\n\n<p class=\"has-black-color has-text-color has-link-color wp-elements-bf6a08557249fac18b4be273feecfa63\">J\u00e1 em Ariquemes, o evento evidenciou a integra\u00e7\u00e3o entre a corpora\u00e7\u00e3o e a comunidade, destacando o profissionalismo dos promovidos e a import\u00e2ncia da unidade para o suporte \u00e0s demandas operacionais da regi\u00e3o. Foi oficializada a passagem do Major BM H\u00e9lio para a reserva remunerada, em reconhecimento \u00e0 sua trajet\u00f3ria e aos relevantes servi\u00e7os prestados ao Corpo de Bombeiros Militar de Rond\u00f4nia.<\/p>\n\n\n\n<figure class=\"wp-block-image size-large is-resized\"><img loading=\"lazy\" decoding=\"async\" width=\"1024\" height=\"576\" src=\"https:\/\/www.cbm.ro.gov.br\/wp-content\/uploads\/2026\/04\/image-12-1024x576.jpeg\" alt=\"\" class=\"wp-image-7970\" style=\"width:720px\" srcset=\"https:\/\/www.cbm.ro.gov.br\/wp-content\/uploads\/2026\/04\/image-12-1024x576.jpeg 1024w, https:\/\/www.cbm.ro.gov.br\/wp-content\/uploads\/2026\/04\/image-12-300x169.jpeg 300w, https:\/\/www.cbm.ro.gov.br\/wp-content\/uploads\/2026\/04\/image-12-768x432.jpeg 768w, https:\/\/www.cbm.ro.gov.br\/wp-content\/uploads\/2026\/04\/image-12.jpeg 1527w\" sizes=\"(max-width: 1024px) 100vw, 1024px\" \/><\/figure>\n\n\n\n<figure class=\"wp-block-image size-full is-resized\"><img loading=\"lazy\" decoding=\"async\" width=\"960\" height=\"540\" src=\"https:\/\/www.cbm.ro.gov.br\/wp-content\/uploads\/2026\/04\/image-16.jpeg\" alt=\"\" class=\"wp-image-7976\" style=\"width:720px\" srcset=\"https:\/\/www.cbm.ro.gov.br\/wp-content\/uploads\/2026\/04\/image-16.jpeg 960w, https:\/\/www.cbm.ro.gov.br\/wp-content\/uploads\/2026\/04\/image-16-300x169.jpeg 300w, https:\/\/www.cbm.ro.gov.br\/wp-content\/uploads\/2026\/04\/image-16-768x432.jpeg 768w\" sizes=\"(max-width: 960px) 100vw, 960px\" \/><\/figure>\n\n\n\n<h3 class=\"wp-block-heading has-black-color has-text-color has-link-color wp-elements-1da45fe53becb998635f9a8be2c8736b\"><strong>Rolim de Moura<\/strong><\/h3>\n\n\n\n<p class=\"has-black-color has-text-color has-link-color wp-elements-07f36286eac87acc55cfb8f2d956b81a\">A solenidade destacou a import\u00e2ncia da unidade para a regi\u00e3o, reconhecendo o trabalho dos militares que atuam diretamente na resposta \u00e0s ocorr\u00eancias e no atendimento \u00e0 popula\u00e7\u00e3o, refor\u00e7ando a presen\u00e7a e o compromisso do CBMRO com a seguran\u00e7a p\u00fablica local.<\/p>\n\n\n\n<figure class=\"wp-block-image size-full is-resized\"><img loading=\"lazy\" decoding=\"async\" width=\"720\" height=\"405\" src=\"https:\/\/www.cbm.ro.gov.br\/wp-content\/uploads\/2026\/04\/image-10.jpeg\" alt=\"\" class=\"wp-image-7968\" style=\"width:720px\" srcset=\"https:\/\/www.cbm.ro.gov.br\/wp-content\/uploads\/2026\/04\/image-10.jpeg 720w, https:\/\/www.cbm.ro.gov.br\/wp-content\/uploads\/2026\/04\/image-10-300x169.jpeg 300w\" sizes=\"(max-width: 720px) 100vw, 720px\" \/><\/figure>\n\n\n\n<figure class=\"wp-block-image size-full is-resized\"><img loading=\"lazy\" decoding=\"async\" width=\"720\" height=\"405\" src=\"https:\/\/www.cbm.ro.gov.br\/wp-content\/uploads\/2026\/04\/image-17.jpeg\" alt=\"\" class=\"wp-image-7977\" style=\"width:720px\" srcset=\"https:\/\/www.cbm.ro.gov.br\/wp-content\/uploads\/2026\/04\/image-17.jpeg 720w, https:\/\/www.cbm.ro.gov.br\/wp-content\/uploads\/2026\/04\/image-17-300x169.jpeg 300w\" sizes=\"(max-width: 720px) 100vw, 720px\" \/><\/figure>\n\n\n\n<p class=\"has-black-color has-text-color has-link-color wp-elements-3b01e27b05185ef599ff934d6a2c4e9c\">Os eventos foram encerrados com a tradicional contin\u00eancia de despedida, simbolizando o respeito e a gratid\u00e3o da corpora\u00e7\u00e3o, seguidos de desfiles militares em homenagem aos promovidos e ao oficial reverenciado.<\/p>\n\n\n\n<p class=\"has-black-color has-text-color has-link-color wp-elements-559752e3149a409cfc3229d4fed492a1\">Ao realizar solenidades em diferentes regi\u00f5es do Estado, o Corpo de Bombeiros Militar de Rond\u00f4nia reafirma seu compromisso com a valoriza\u00e7\u00e3o de seus integrantes, fortalecendo uma tropa cada vez mais preparada, motivada e dedicada ao servi\u00e7o da popula\u00e7\u00e3o.<\/p>\n","protected":false},"excerpt":{"rendered":"<p>Em cerim\u00f4nias marcadas por emo\u00e7\u00e3o, reconhecimento e valoriza\u00e7\u00e3o profissional, o Corpo de Bombeiros Militar de Rond\u00f4nia realizou a promo\u00e7\u00e3o de oficiais e pra\u00e7as da corpora\u00e7\u00e3o em diferentes munic\u00edpios do Estado.&hellip;<\/p>\n","protected":false},"author":10,"featured_media":7952,"comment_status":"closed","ping_status":"open","sticky":false,"template":"","format":"standard","meta":{"footnotes":""},"categories":[8],"tags":[13,485,484],"class_list":["post-7949","post","type-post","status-publish","format-standard","has-post-thumbnail","hentry","category-bombeiromirim","tag-cbmro","tag-pracaseoficiais","tag-promocao"],"yoast_head":"<!-- This site is optimized with the Yoast SEO plugin v23.7 - https:\/\/yoast.com\/wordpress\/plugins\/seo\/ -->\n<title>CORPO DE BOMBEIROS MILITAR DE ROND\u00d4NIA REALIZA CERIM\u00d4NIAS DE PROMO\u00c7\u00d5ES DE OFICIAIS E PRA\u00c7AS - Corpo de Bombeiros Militar de Rond\u00f4nia<\/title>\n<meta name=\"robots\" content=\"index, follow, max-snippet:-1, max-image-preview:large, max-video-preview:-1\" \/>\n<link rel=\"canonical\" href=\"https:\/\/www.cbm.ro.gov.br\/?p=7949\" \/>\n<meta property=\"og:locale\" content=\"pt_BR\" \/>\n<meta property=\"og:type\" content=\"article\" \/>\n<meta property=\"og:title\" content=\"CORPO DE BOMBEIROS MILITAR DE ROND\u00d4NIA REALIZA CERIM\u00d4NIAS DE PROMO\u00c7\u00d5ES DE OFICIAIS E PRA\u00c7AS - Corpo de Bombeiros Militar de Rond\u00f4nia\" \/>\n<meta property=\"og:description\" content=\"Em cerim\u00f4nias marcadas por emo\u00e7\u00e3o, reconhecimento e valoriza\u00e7\u00e3o profissional, o Corpo de Bombeiros Militar de Rond\u00f4nia realizou a promo\u00e7\u00e3o de oficiais e pra\u00e7as da corpora\u00e7\u00e3o em diferentes munic\u00edpios do Estado.&hellip;\" \/>\n<meta property=\"og:url\" content=\"https:\/\/www.cbm.ro.gov.br\/?p=7949\" \/>\n<meta property=\"og:site_name\" content=\"Corpo de Bombeiros Militar de Rond\u00f4nia\" \/>\n<meta property=\"article:publisher\" content=\"https:\/\/www.facebook.com\/cbmro.oficial\/\" \/>\n<meta property=\"article:published_time\" content=\"2026-04-23T17:34:36+00:00\" \/>\n<meta property=\"article:modified_time\" content=\"2026-04-24T14:08:32+00:00\" \/>\n<meta property=\"og:image\" content=\"https:\/\/www.cbm.ro.gov.br\/wp-content\/uploads\/2026\/04\/WhatsApp-Image-2026-04-22-at-12.29.08.jpeg\" \/>\n\t<meta property=\"og:image:width\" content=\"1280\" \/>\n\t<meta property=\"og:image:height\" content=\"960\" \/>\n\t<meta property=\"og:image:type\" content=\"image\/jpeg\" \/>\n<meta name=\"author\" content=\"Mikaelly Ferreira\" \/>\n<meta name=\"twitter:card\" content=\"summary_large_image\" \/>\n<meta name=\"twitter:label1\" content=\"Escrito por\" \/>\n\t<meta name=\"twitter:data1\" content=\"Mikaelly Ferreira\" \/>\n\t<meta name=\"twitter:label2\" content=\"Est. tempo de leitura\" \/>\n\t<meta name=\"twitter:data2\" content=\"3 minutos\" \/>\n<script type=\"application\/ld+json\" class=\"yoast-schema-graph\">{\"@context\":\"https:\/\/schema.org\",\"@graph\":[{\"@type\":\"Article\",\"@id\":\"https:\/\/www.cbm.ro.gov.br\/?p=7949#article\",\"isPartOf\":{\"@id\":\"https:\/\/www.cbm.ro.gov.br\/?p=7949\"},\"author\":{\"name\":\"Mikaelly Ferreira\",\"@id\":\"https:\/\/www.cbm.ro.gov.br\/#\/schema\/person\/168f7d47e46be410f13c80f869442f73\"},\"headline\":\"CORPO DE BOMBEIROS MILITAR DE ROND\u00d4NIA REALIZA CERIM\u00d4NIAS DE PROMO\u00c7\u00d5ES DE OFICIAIS E PRA\u00c7AS\",\"datePublished\":\"2026-04-23T17:34:36+00:00\",\"dateModified\":\"2026-04-24T14:08:32+00:00\",\"mainEntityOfPage\":{\"@id\":\"https:\/\/www.cbm.ro.gov.br\/?p=7949\"},\"wordCount\":601,\"publisher\":{\"@id\":\"https:\/\/www.cbm.ro.gov.br\/#organization\"},\"image\":{\"@id\":\"https:\/\/www.cbm.ro.gov.br\/?p=7949#primaryimage\"},\"thumbnailUrl\":\"https:\/\/www.cbm.ro.gov.br\/wp-content\/uploads\/2026\/04\/WhatsApp-Image-2026-04-22-at-12.29.08.jpeg\",\"keywords\":[\"CBMRO\",\"PRA\u00c7ASEOFICIAIS\",\"PROMO\u00c7\u00c3O\"],\"articleSection\":[\"Bombeiro Mirim\"],\"inLanguage\":\"pt-BR\"},{\"@type\":\"WebPage\",\"@id\":\"https:\/\/www.cbm.ro.gov.br\/?p=7949\",\"url\":\"https:\/\/www.cbm.ro.gov.br\/?p=7949\",\"name\":\"CORPO DE BOMBEIROS MILITAR DE ROND\u00d4NIA REALIZA CERIM\u00d4NIAS DE PROMO\u00c7\u00d5ES DE OFICIAIS E PRA\u00c7AS - Corpo de Bombeiros Militar de Rond\u00f4nia\",\"isPartOf\":{\"@id\":\"https:\/\/www.cbm.ro.gov.br\/#website\"},\"primaryImageOfPage\":{\"@id\":\"https:\/\/www.cbm.ro.gov.br\/?p=7949#primaryimage\"},\"image\":{\"@id\":\"https:\/\/www.cbm.ro.gov.br\/?p=7949#primaryimage\"},\"thumbnailUrl\":\"https:\/\/www.cbm.ro.gov.br\/wp-content\/uploads\/2026\/04\/WhatsApp-Image-2026-04-22-at-12.29.08.jpeg\",\"datePublished\":\"2026-04-23T17:34:36+00:00\",\"dateModified\":\"2026-04-24T14:08:32+00:00\",\"breadcrumb\":{\"@id\":\"https:\/\/www.cbm.ro.gov.br\/?p=7949#breadcrumb\"},\"inLanguage\":\"pt-BR\",\"potentialAction\":[{\"@type\":\"ReadAction\",\"target\":[\"https:\/\/www.cbm.ro.gov.br\/?p=7949\"]}]},{\"@type\":\"ImageObject\",\"inLanguage\":\"pt-BR\",\"@id\":\"https:\/\/www.cbm.ro.gov.br\/?p=7949#primaryimage\",\"url\":\"https:\/\/www.cbm.ro.gov.br\/wp-content\/uploads\/2026\/04\/WhatsApp-Image-2026-04-22-at-12.29.08.jpeg\",\"contentUrl\":\"https:\/\/www.cbm.ro.gov.br\/wp-content\/uploads\/2026\/04\/WhatsApp-Image-2026-04-22-at-12.29.08.jpeg\",\"width\":1280,\"height\":960},{\"@type\":\"BreadcrumbList\",\"@id\":\"https:\/\/www.cbm.ro.gov.br\/?p=7949#breadcrumb\",\"itemListElement\":[{\"@type\":\"ListItem\",\"position\":1,\"name\":\"In\u00edcio\",\"item\":\"https:\/\/www.cbm.ro.gov.br\/\"},{\"@type\":\"ListItem\",\"position\":2,\"name\":\"CORPO DE BOMBEIROS MILITAR DE ROND\u00d4NIA REALIZA CERIM\u00d4NIAS DE PROMO\u00c7\u00d5ES DE OFICIAIS E PRA\u00c7AS\"}]},{\"@type\":\"WebSite\",\"@id\":\"https:\/\/www.cbm.ro.gov.br\/#website\",\"url\":\"https:\/\/www.cbm.ro.gov.br\/\",\"name\":\"Corpo de Bombeiros Militar de Rond\u00f4nia\",\"description\":\"Vidas alheias, riquezas salvar!\",\"publisher\":{\"@id\":\"https:\/\/www.cbm.ro.gov.br\/#organization\"},\"alternateName\":\"cbmro\",\"potentialAction\":[{\"@type\":\"SearchAction\",\"target\":{\"@type\":\"EntryPoint\",\"urlTemplate\":\"https:\/\/www.cbm.ro.gov.br\/?s={search_term_string}\"},\"query-input\":{\"@type\":\"PropertyValueSpecification\",\"valueRequired\":true,\"valueName\":\"search_term_string\"}}],\"inLanguage\":\"pt-BR\"},{\"@type\":\"Organization\",\"@id\":\"https:\/\/www.cbm.ro.gov.br\/#organization\",\"name\":\"Corpo de Bombeiros Militar do Estado de Rond\u00f4nia\",\"alternateName\":\"CBMRO\",\"url\":\"https:\/\/www.cbm.ro.gov.br\/\",\"logo\":{\"@type\":\"ImageObject\",\"inLanguage\":\"pt-BR\",\"@id\":\"https:\/\/www.cbm.ro.gov.br\/#\/schema\/logo\/image\/\",\"url\":\"https:\/\/www.cbm.ro.gov.br\/wp-content\/uploads\/2023\/12\/cropped-cropped-cropped-BRASO_3D_32-1-e1724344443171.png\",\"contentUrl\":\"https:\/\/www.cbm.ro.gov.br\/wp-content\/uploads\/2023\/12\/cropped-cropped-cropped-BRASO_3D_32-1-e1724344443171.png\",\"width\":446,\"height\":441,\"caption\":\"Corpo de Bombeiros Militar do Estado de Rond\u00f4nia\"},\"image\":{\"@id\":\"https:\/\/www.cbm.ro.gov.br\/#\/schema\/logo\/image\/\"},\"sameAs\":[\"https:\/\/www.facebook.com\/cbmro.oficial\/\",\"https:\/\/www.youtube.com\/c\/CorpodeBombeirosMilitardoEstadodeRond\u00f4nia\"]},{\"@type\":\"Person\",\"@id\":\"https:\/\/www.cbm.ro.gov.br\/#\/schema\/person\/168f7d47e46be410f13c80f869442f73\",\"name\":\"Mikaelly Ferreira\",\"url\":\"https:\/\/www.cbm.ro.gov.br\/?author=10\"}]}<\/script>\n<!-- \/ Yoast SEO plugin. -->","yoast_head_json":{"title":"CORPO DE BOMBEIROS MILITAR DE ROND\u00d4NIA REALIZA CERIM\u00d4NIAS DE PROMO\u00c7\u00d5ES DE OFICIAIS E PRA\u00c7AS - Corpo de Bombeiros Militar de Rond\u00f4nia","robots":{"index":"index","follow":"follow","max-snippet":"max-snippet:-1","max-image-preview":"max-image-preview:large","max-video-preview":"max-video-preview:-1"},"canonical":"https:\/\/www.cbm.ro.gov.br\/?p=7949","og_locale":"pt_BR","og_type":"article","og_title":"CORPO DE BOMBEIROS MILITAR DE ROND\u00d4NIA REALIZA CERIM\u00d4NIAS DE PROMO\u00c7\u00d5ES DE OFICIAIS E PRA\u00c7AS - Corpo de Bombeiros Militar de Rond\u00f4nia","og_description":"Em cerim\u00f4nias marcadas por emo\u00e7\u00e3o, reconhecimento e valoriza\u00e7\u00e3o profissional, o Corpo de Bombeiros Militar de Rond\u00f4nia realizou a promo\u00e7\u00e3o de oficiais e pra\u00e7as da corpora\u00e7\u00e3o em diferentes munic\u00edpios do Estado.&hellip;","og_url":"https:\/\/www.cbm.ro.gov.br\/?p=7949","og_site_name":"Corpo de Bombeiros Militar de Rond\u00f4nia","article_publisher":"https:\/\/www.facebook.com\/cbmro.oficial\/","article_published_time":"2026-04-23T17:34:36+00:00","article_modified_time":"2026-04-24T14:08:32+00:00","og_image":[{"width":1280,"height":960,"url":"https:\/\/www.cbm.ro.gov.br\/wp-content\/uploads\/2026\/04\/WhatsApp-Image-2026-04-22-at-12.29.08.jpeg","type":"image\/jpeg"}],"author":"Mikaelly Ferreira","twitter_card":"summary_large_image","twitter_misc":{"Escrito por":"Mikaelly Ferreira","Est. tempo de leitura":"3 minutos"},"schema":{"@context":"https:\/\/schema.org","@graph":[{"@type":"Article","@id":"https:\/\/www.cbm.ro.gov.br\/?p=7949#article","isPartOf":{"@id":"https:\/\/www.cbm.ro.gov.br\/?p=7949"},"author":{"name":"Mikaelly Ferreira","@id":"https:\/\/www.cbm.ro.gov.br\/#\/schema\/person\/168f7d47e46be410f13c80f869442f73"},"headline":"CORPO DE BOMBEIROS MILITAR DE ROND\u00d4NIA REALIZA CERIM\u00d4NIAS DE PROMO\u00c7\u00d5ES DE OFICIAIS E PRA\u00c7AS","datePublished":"2026-04-23T17:34:36+00:00","dateModified":"2026-04-24T14:08:32+00:00","mainEntityOfPage":{"@id":"https:\/\/www.cbm.ro.gov.br\/?p=7949"},"wordCount":601,"publisher":{"@id":"https:\/\/www.cbm.ro.gov.br\/#organization"},"image":{"@id":"https:\/\/www.cbm.ro.gov.br\/?p=7949#primaryimage"},"thumbnailUrl":"https:\/\/www.cbm.ro.gov.br\/wp-content\/uploads\/2026\/04\/WhatsApp-Image-2026-04-22-at-12.29.08.jpeg","keywords":["CBMRO","PRA\u00c7ASEOFICIAIS","PROMO\u00c7\u00c3O"],"articleSection":["Bombeiro Mirim"],"inLanguage":"pt-BR"},{"@type":"WebPage","@id":"https:\/\/www.cbm.ro.gov.br\/?p=7949","url":"https:\/\/www.cbm.ro.gov.br\/?p=7949","name":"CORPO DE BOMBEIROS MILITAR DE ROND\u00d4NIA REALIZA CERIM\u00d4NIAS DE PROMO\u00c7\u00d5ES DE OFICIAIS E PRA\u00c7AS - Corpo de Bombeiros Militar de Rond\u00f4nia","isPartOf":{"@id":"https:\/\/www.cbm.ro.gov.br\/#website"},"primaryImageOfPage":{"@id":"https:\/\/www.cbm.ro.gov.br\/?p=7949#primaryimage"},"image":{"@id":"https:\/\/www.cbm.ro.gov.br\/?p=7949#primaryimage"},"thumbnailUrl":"https:\/\/www.cbm.ro.gov.br\/wp-content\/uploads\/2026\/04\/WhatsApp-Image-2026-04-22-at-12.29.08.jpeg","datePublished":"2026-04-23T17:34:36+00:00","dateModified":"2026-04-24T14:08:32+00:00","breadcrumb":{"@id":"https:\/\/www.cbm.ro.gov.br\/?p=7949#breadcrumb"},"inLanguage":"pt-BR","potentialAction":[{"@type":"ReadAction","target":["https:\/\/www.cbm.ro.gov.br\/?p=7949"]}]},{"@type":"ImageObject","inLanguage":"pt-BR","@id":"https:\/\/www.cbm.ro.gov.br\/?p=7949#primaryimage","url":"https:\/\/www.cbm.ro.gov.br\/wp-content\/uploads\/2026\/04\/WhatsApp-Image-2026-04-22-at-12.29.08.jpeg","contentUrl":"https:\/\/www.cbm.ro.gov.br\/wp-content\/uploads\/2026\/04\/WhatsApp-Image-2026-04-22-at-12.29.08.jpeg","width":1280,"height":960},{"@type":"BreadcrumbList","@id":"https:\/\/www.cbm.ro.gov.br\/?p=7949#breadcrumb","itemListElement":[{"@type":"ListItem","position":1,"name":"In\u00edcio","item":"https:\/\/www.cbm.ro.gov.br\/"},{"@type":"ListItem","position":2,"name":"CORPO DE BOMBEIROS MILITAR DE ROND\u00d4NIA REALIZA CERIM\u00d4NIAS DE PROMO\u00c7\u00d5ES DE OFICIAIS E PRA\u00c7AS"}]},{"@type":"WebSite","@id":"https:\/\/www.cbm.ro.gov.br\/#website","url":"https:\/\/www.cbm.ro.gov.br\/","name":"Corpo de Bombeiros Militar de Rond\u00f4nia","description":"Vidas alheias, riquezas salvar!","publisher":{"@id":"https:\/\/www.cbm.ro.gov.br\/#organization"},"alternateName":"cbmro","potentialAction":[{"@type":"SearchAction","target":{"@type":"EntryPoint","urlTemplate":"https:\/\/www.cbm.ro.gov.br\/?s={search_term_string}"},"query-input":{"@type":"PropertyValueSpecification","valueRequired":true,"valueName":"search_term_string"}}],"inLanguage":"pt-BR"},{"@type":"Organization","@id":"https:\/\/www.cbm.ro.gov.br\/#organization","name":"Corpo de Bombeiros Militar do Estado de Rond\u00f4nia","alternateName":"CBMRO","url":"https:\/\/www.cbm.ro.gov.br\/","logo":{"@type":"ImageObject","inLanguage":"pt-BR","@id":"https:\/\/www.cbm.ro.gov.br\/#\/schema\/logo\/image\/","url":"https:\/\/www.cbm.ro.gov.br\/wp-content\/uploads\/2023\/12\/cropped-cropped-cropped-BRASO_3D_32-1-e1724344443171.png","contentUrl":"https:\/\/www.cbm.ro.gov.br\/wp-content\/uploads\/2023\/12\/cropped-cropped-cropped-BRASO_3D_32-1-e1724344443171.png","width":446,"height":441,"caption":"Corpo de Bombeiros Militar do Estado de Rond\u00f4nia"},"image":{"@id":"https:\/\/www.cbm.ro.gov.br\/#\/schema\/logo\/image\/"},"sameAs":["https:\/\/www.facebook.com\/cbmro.oficial\/","https:\/\/www.youtube.com\/c\/CorpodeBombeirosMilitardoEstadodeRond\u00f4nia"]},{"@type":"Person","@id":"https:\/\/www.cbm.ro.gov.br\/#\/schema\/person\/168f7d47e46be410f13c80f869442f73","name":"Mikaelly Ferreira","url":"https:\/\/www.cbm.ro.gov.br\/?author=10"}]}},"wpmagazine_modules_lite_featured_media_urls":{"thumbnail":["https:\/\/www.cbm.ro.gov.br\/wp-content\/uploads\/2026\/04\/WhatsApp-Image-2026-04-22-at-12.29.08-150x150.jpeg",150,150,true],"cvmm-medium":["https:\/\/www.cbm.ro.gov.br\/wp-content\/uploads\/2026\/04\/WhatsApp-Image-2026-04-22-at-12.29.08-300x300.jpeg",300,300,true],"cvmm-medium-plus":["https:\/\/www.cbm.ro.gov.br\/wp-content\/uploads\/2026\/04\/WhatsApp-Image-2026-04-22-at-12.29.08-305x207.jpeg",305,207,true],"cvmm-portrait":["https:\/\/www.cbm.ro.gov.br\/wp-content\/uploads\/2026\/04\/WhatsApp-Image-2026-04-22-at-12.29.08-400x600.jpeg",400,600,true],"cvmm-medium-square":["https:\/\/www.cbm.ro.gov.br\/wp-content\/uploads\/2026\/04\/WhatsApp-Image-2026-04-22-at-12.29.08-600x600.jpeg",600,600,true],"cvmm-large":["https:\/\/www.cbm.ro.gov.br\/wp-content\/uploads\/2026\/04\/WhatsApp-Image-2026-04-22-at-12.29.08-1024x960.jpeg",1024,960,true],"cvmm-small":["https:\/\/www.cbm.ro.gov.br\/wp-content\/uploads\/2026\/04\/WhatsApp-Image-2026-04-22-at-12.29.08-130x95.jpeg",130,95,true],"full":["https:\/\/www.cbm.ro.gov.br\/wp-content\/uploads\/2026\/04\/WhatsApp-Image-2026-04-22-at-12.29.08.jpeg",1280,960,false]},"categories_names":{"8":{"name":"Bombeiro Mirim","link":"https:\/\/www.cbm.ro.gov.br\/?cat=8"}},"tags_names":{"13":{"name":"CBMRO","link":"https:\/\/www.cbm.ro.gov.br\/?tag=cbmro"},"485":{"name":"PRA\u00c7ASEOFICIAIS","link":"https:\/\/www.cbm.ro.gov.br\/?tag=pracaseoficiais"},"484":{"name":"PROMO\u00c7\u00c3O","link":"https:\/\/www.cbm.ro.gov.br\/?tag=promocao"}},"comments_number":"0","_links":{"self":[{"href":"https:\/\/www.cbm.ro.gov.br\/index.php?rest_route=\/wp\/v2\/posts\/7949","targetHints":{"allow":["GET"]}}],"collection":[{"href":"https:\/\/www.cbm.ro.gov.br\/index.php?rest_route=\/wp\/v2\/posts"}],"about":[{"href":"https:\/\/www.cbm.ro.gov.br\/index.php?rest_route=\/wp\/v2\/types\/post"}],"author":[{"embeddable":true,"href":"https:\/\/www.cbm.ro.gov.br\/index.php?rest_route=\/wp\/v2\/users\/10"}],"replies":[{"embeddable":true,"href":"https:\/\/www.cbm.ro.gov.br\/index.php?rest_route=%2Fwp%2Fv2%2Fcomments&post=7949"}],"version-history":[{"count":7,"href":"https:\/\/www.cbm.ro.gov.br\/index.php?rest_route=\/wp\/v2\/posts\/7949\/revisions"}],"predecessor-version":[{"id":7984,"href":"https:\/\/www.cbm.ro.gov.br\/index.php?rest_route=\/wp\/v2\/posts\/7949\/revisions\/7984"}],"wp:featuredmedia":[{"embeddable":true,"href":"https:\/\/www.cbm.ro.gov.br\/index.php?rest_route=\/wp\/v2\/media\/7952"}],"wp:attachment":[{"href":"https:\/\/www.cbm.ro.gov.br\/index.php?rest_route=%2Fwp%2Fv2%2Fmedia&parent=7949"}],"wp:term":[{"taxonomy":"category","embeddable":true,"href":"https:\/\/www.cbm.ro.gov.br\/index.php?rest_route=%2Fwp%2Fv2%2Fcategories&post=7949"},{"taxonomy":"post_tag","embeddable":true,"href":"https:\/\/www.cbm.ro.gov.br\/index.php?rest_route=%2Fwp%2Fv2%2Ftags&post=7949"}],"curies":[{"name":"wp","href":"https:\/\/api.w.org\/{rel}","templated":true}]}}