{"id":7791,"date":"2026-01-29T10:15:07","date_gmt":"2026-01-29T14:15:07","guid":{"rendered":"https:\/\/www.cbm.ro.gov.br\/?p=7791"},"modified":"2026-01-29T10:15:08","modified_gmt":"2026-01-29T14:15:08","slug":"janeiro-branco-corpo-de-bombeiros-militar-de-rondonia-promove-palestra-da-campanha-voltada-a-saude-mental-no-trabalho","status":"publish","type":"post","link":"https:\/\/www.cbm.ro.gov.br\/?p=7791","title":{"rendered":"Janeiro Branco: Corpo de Bombeiros Militar de Rond\u00f4nia promove palestra da Campanha voltada \u00e0 sa\u00fade mental no trabalho"},"content":{"rendered":"\n<p class=\"has-black-color has-text-color has-link-color wp-elements-d6d51a4fe0eebaf19234e65e2f4d1cc6\">O Corpo de Bombeiros Militar do Estado de Rond\u00f4nia (CBMRO), por meio da Comiss\u00e3o Interna de Preven\u00e7\u00e3o de Acidentes e de Ass\u00e9dio (CIPA), realizou no dia 29 de janeiro de 2026 (quinta-feira), \u00e0s 08h, no Audit\u00f3rio do Centro de Ensino (CEEI), localizado no Complexo do Corpo de Bombeiros Militar do Estado de Rond\u00f4nia, na Avenida Governador Jorge Teixeira com a Avenida Santos Dumont, setor 10, quadra 528, Bairro Industrial, em Porto Velho, em frente \u00e0 passarela do Espa\u00e7o Alternativo, a Palestra de Promo\u00e7\u00e3o da Sa\u00fade e Preven\u00e7\u00e3o no Trabalho, em alus\u00e3o \u00e0 Campanha Janeiro Branco.<\/p>\n\n\n\n<p class=\"has-black-color has-text-color has-link-color wp-elements-f4c6eeae8adc6b8a23e6f0783dd2ea85\">A a\u00e7\u00e3o integra o Plano de A\u00e7\u00e3o do Programa de Gerenciamento de Riscos (PGR) e a An\u00e1lise Ergon\u00f4mica do Trabalho (AET), refor\u00e7ando o compromisso institucional com a promo\u00e7\u00e3o da sa\u00fade, o bem-estar e a preven\u00e7\u00e3o de agravos no ambiente laboral.<\/p>\n\n\n\n<p class=\"has-black-color has-text-color has-link-color wp-elements-468e481dcbdda183df4e40f791785497\">A iniciativa est\u00e1 alinhada \u00e0 Lei n\u00ba 14.556, de 25 de abril de 2023, que institui a Campanha Janeiro Branco no Brasil, com o objetivo de conscientizar a popula\u00e7\u00e3o sobre a import\u00e2ncia da sa\u00fade mental, estimulando a ado\u00e7\u00e3o de h\u00e1bitos e ambientes saud\u00e1veis e a preven\u00e7\u00e3o de doen\u00e7as.<\/p>\n\n\n\n<p class=\"has-black-color has-text-color has-link-color wp-elements-34508f3f6825593df0fa0cfb4f33597a\">A atividade ocorre durante o hor\u00e1rio regular do Treinamento F\u00edsico Militar (TFM), sendo orientado que os militares se apresentem no local utilizando o Uniforme 4\u00ba A \u2013 Prontid\u00e3o Laranja com gorro.<\/p>\n\n\n\n<p class=\"has-black-color has-text-color has-link-color wp-elements-d5351745620dcb18fa8728b2b2f9b9f2\">A palestra conta com profissionais da SESAU\/COSESMT, com destaque para Francilene Franco de Almeida, t\u00e9cnica em Seguran\u00e7a do Trabalho e psicanalista, e Carla Vanessa Suaris, enfermeira do Trabalho, que abordam os temas <em>\u201c<\/em><em>Como h\u00e1bitos di\u00e1rios influenciam a sa\u00fade mental\u201d<\/em> e <em>\u201cMicroa\u00e7\u00f5es para preven\u00e7\u00e3o de doen\u00e7as mentais no trabalho\u201d<\/em>.<\/p>\n\n\n\n<p class=\"has-black-color has-text-color has-link-color wp-elements-1f602c673f06edc8f7b077a6d7b2413d\">A iniciativa fortalece as a\u00e7\u00f5es preventivas da Corpora\u00e7\u00e3o e contribui para a constru\u00e7\u00e3o de um ambiente de trabalho mais saud\u00e1vel, seguro e humanizado no \u00e2mbito do Corpo de Bombeiros Militar de Rond\u00f4nia.<\/p>\n\n\n\n<figure class=\"wp-block-image size-large is-resized\"><img fetchpriority=\"high\" decoding=\"async\" width=\"1024\" height=\"576\" src=\"https:\/\/www.cbm.ro.gov.br\/wp-content\/uploads\/2026\/01\/image-1-1024x576.jpeg\" alt=\"\" class=\"wp-image-7792\" style=\"width:720px\" srcset=\"https:\/\/www.cbm.ro.gov.br\/wp-content\/uploads\/2026\/01\/image-1-1024x576.jpeg 1024w, https:\/\/www.cbm.ro.gov.br\/wp-content\/uploads\/2026\/01\/image-1-300x169.jpeg 300w, https:\/\/www.cbm.ro.gov.br\/wp-content\/uploads\/2026\/01\/image-1-768x432.jpeg 768w, https:\/\/www.cbm.ro.gov.br\/wp-content\/uploads\/2026\/01\/image-1-1536x864.jpeg 1536w, https:\/\/www.cbm.ro.gov.br\/wp-content\/uploads\/2026\/01\/image-1.jpeg 1600w\" sizes=\"(max-width: 1024px) 100vw, 1024px\" \/><\/figure>\n","protected":false},"excerpt":{"rendered":"<p>O Corpo de Bombeiros Militar do Estado de Rond\u00f4nia (CBMRO), por meio da Comiss\u00e3o Interna de Preven\u00e7\u00e3o de Acidentes e de Ass\u00e9dio (CIPA), realizou no dia 29 de janeiro de&hellip;<\/p>\n","protected":false},"author":10,"featured_media":7793,"comment_status":"closed","ping_status":"open","sticky":false,"template":"","format":"standard","meta":{"footnotes":""},"categories":[1],"tags":[13,468,298,445],"class_list":["post-7791","post","type-post","status-publish","format-standard","has-post-thumbnail","hentry","category-cbmro","tag-cbmro","tag-janeirobranco","tag-palestras","tag-saudemental"],"yoast_head":"<!-- This site is optimized with the Yoast SEO plugin v23.7 - https:\/\/yoast.com\/wordpress\/plugins\/seo\/ -->\n<title>Janeiro Branco: Corpo de Bombeiros Militar de Rond\u00f4nia promove palestra da Campanha voltada \u00e0 sa\u00fade mental no trabalho - Corpo de Bombeiros Militar de Rond\u00f4nia<\/title>\n<meta name=\"robots\" content=\"index, follow, max-snippet:-1, max-image-preview:large, max-video-preview:-1\" \/>\n<link rel=\"canonical\" href=\"https:\/\/www.cbm.ro.gov.br\/?p=7791\" \/>\n<meta property=\"og:locale\" content=\"pt_BR\" \/>\n<meta property=\"og:type\" content=\"article\" \/>\n<meta property=\"og:title\" content=\"Janeiro Branco: Corpo de Bombeiros Militar de Rond\u00f4nia promove palestra da Campanha voltada \u00e0 sa\u00fade mental no trabalho - Corpo de Bombeiros Militar de Rond\u00f4nia\" \/>\n<meta property=\"og:description\" content=\"O Corpo de Bombeiros Militar do Estado de Rond\u00f4nia (CBMRO), por meio da Comiss\u00e3o Interna de Preven\u00e7\u00e3o de Acidentes e de Ass\u00e9dio (CIPA), realizou no dia 29 de janeiro de&hellip;\" \/>\n<meta property=\"og:url\" content=\"https:\/\/www.cbm.ro.gov.br\/?p=7791\" \/>\n<meta property=\"og:site_name\" content=\"Corpo de Bombeiros Militar de Rond\u00f4nia\" \/>\n<meta property=\"article:publisher\" content=\"https:\/\/www.facebook.com\/cbmro.oficial\/\" \/>\n<meta property=\"article:published_time\" content=\"2026-01-29T14:15:07+00:00\" \/>\n<meta property=\"article:modified_time\" content=\"2026-01-29T14:15:08+00:00\" \/>\n<meta property=\"og:image\" content=\"https:\/\/www.cbm.ro.gov.br\/wp-content\/uploads\/2026\/01\/WhatsApp-Image-2026-01-29-at-09.42.11.jpeg\" \/>\n\t<meta property=\"og:image:width\" content=\"1600\" \/>\n\t<meta property=\"og:image:height\" content=\"933\" \/>\n\t<meta property=\"og:image:type\" content=\"image\/jpeg\" \/>\n<meta name=\"author\" content=\"Mikaelly Ferreira\" \/>\n<meta name=\"twitter:card\" content=\"summary_large_image\" \/>\n<meta name=\"twitter:label1\" content=\"Escrito por\" \/>\n\t<meta name=\"twitter:data1\" content=\"Mikaelly Ferreira\" \/>\n\t<meta name=\"twitter:label2\" content=\"Est. tempo de leitura\" \/>\n\t<meta name=\"twitter:data2\" content=\"2 minutos\" \/>\n<script type=\"application\/ld+json\" class=\"yoast-schema-graph\">{\"@context\":\"https:\/\/schema.org\",\"@graph\":[{\"@type\":\"Article\",\"@id\":\"https:\/\/www.cbm.ro.gov.br\/?p=7791#article\",\"isPartOf\":{\"@id\":\"https:\/\/www.cbm.ro.gov.br\/?p=7791\"},\"author\":{\"name\":\"Mikaelly Ferreira\",\"@id\":\"https:\/\/www.cbm.ro.gov.br\/#\/schema\/person\/168f7d47e46be410f13c80f869442f73\"},\"headline\":\"Janeiro Branco: Corpo de Bombeiros Militar de Rond\u00f4nia promove palestra da Campanha voltada \u00e0 sa\u00fade mental no trabalho\",\"datePublished\":\"2026-01-29T14:15:07+00:00\",\"dateModified\":\"2026-01-29T14:15:08+00:00\",\"mainEntityOfPage\":{\"@id\":\"https:\/\/www.cbm.ro.gov.br\/?p=7791\"},\"wordCount\":345,\"publisher\":{\"@id\":\"https:\/\/www.cbm.ro.gov.br\/#organization\"},\"image\":{\"@id\":\"https:\/\/www.cbm.ro.gov.br\/?p=7791#primaryimage\"},\"thumbnailUrl\":\"https:\/\/www.cbm.ro.gov.br\/wp-content\/uploads\/2026\/01\/WhatsApp-Image-2026-01-29-at-09.42.11.jpeg\",\"keywords\":[\"CBMRO\",\"janeirobranco\",\"PALESTRAS\",\"SAUDEMENTAL\"],\"articleSection\":[\"CBMRO\"],\"inLanguage\":\"pt-BR\"},{\"@type\":\"WebPage\",\"@id\":\"https:\/\/www.cbm.ro.gov.br\/?p=7791\",\"url\":\"https:\/\/www.cbm.ro.gov.br\/?p=7791\",\"name\":\"Janeiro Branco: Corpo de Bombeiros Militar de Rond\u00f4nia promove palestra da Campanha voltada \u00e0 sa\u00fade mental no trabalho - Corpo de Bombeiros Militar de Rond\u00f4nia\",\"isPartOf\":{\"@id\":\"https:\/\/www.cbm.ro.gov.br\/#website\"},\"primaryImageOfPage\":{\"@id\":\"https:\/\/www.cbm.ro.gov.br\/?p=7791#primaryimage\"},\"image\":{\"@id\":\"https:\/\/www.cbm.ro.gov.br\/?p=7791#primaryimage\"},\"thumbnailUrl\":\"https:\/\/www.cbm.ro.gov.br\/wp-content\/uploads\/2026\/01\/WhatsApp-Image-2026-01-29-at-09.42.11.jpeg\",\"datePublished\":\"2026-01-29T14:15:07+00:00\",\"dateModified\":\"2026-01-29T14:15:08+00:00\",\"breadcrumb\":{\"@id\":\"https:\/\/www.cbm.ro.gov.br\/?p=7791#breadcrumb\"},\"inLanguage\":\"pt-BR\",\"potentialAction\":[{\"@type\":\"ReadAction\",\"target\":[\"https:\/\/www.cbm.ro.gov.br\/?p=7791\"]}]},{\"@type\":\"ImageObject\",\"inLanguage\":\"pt-BR\",\"@id\":\"https:\/\/www.cbm.ro.gov.br\/?p=7791#primaryimage\",\"url\":\"https:\/\/www.cbm.ro.gov.br\/wp-content\/uploads\/2026\/01\/WhatsApp-Image-2026-01-29-at-09.42.11.jpeg\",\"contentUrl\":\"https:\/\/www.cbm.ro.gov.br\/wp-content\/uploads\/2026\/01\/WhatsApp-Image-2026-01-29-at-09.42.11.jpeg\",\"width\":1600,\"height\":933},{\"@type\":\"BreadcrumbList\",\"@id\":\"https:\/\/www.cbm.ro.gov.br\/?p=7791#breadcrumb\",\"itemListElement\":[{\"@type\":\"ListItem\",\"position\":1,\"name\":\"In\u00edcio\",\"item\":\"https:\/\/www.cbm.ro.gov.br\/\"},{\"@type\":\"ListItem\",\"position\":2,\"name\":\"Janeiro Branco: Corpo de Bombeiros Militar de Rond\u00f4nia promove palestra da Campanha voltada \u00e0 sa\u00fade mental no trabalho\"}]},{\"@type\":\"WebSite\",\"@id\":\"https:\/\/www.cbm.ro.gov.br\/#website\",\"url\":\"https:\/\/www.cbm.ro.gov.br\/\",\"name\":\"Corpo de Bombeiros Militar de Rond\u00f4nia\",\"description\":\"Vidas alheias, riquezas salvar!\",\"publisher\":{\"@id\":\"https:\/\/www.cbm.ro.gov.br\/#organization\"},\"alternateName\":\"cbmro\",\"potentialAction\":[{\"@type\":\"SearchAction\",\"target\":{\"@type\":\"EntryPoint\",\"urlTemplate\":\"https:\/\/www.cbm.ro.gov.br\/?s={search_term_string}\"},\"query-input\":{\"@type\":\"PropertyValueSpecification\",\"valueRequired\":true,\"valueName\":\"search_term_string\"}}],\"inLanguage\":\"pt-BR\"},{\"@type\":\"Organization\",\"@id\":\"https:\/\/www.cbm.ro.gov.br\/#organization\",\"name\":\"Corpo de Bombeiros Militar do Estado de Rond\u00f4nia\",\"alternateName\":\"CBMRO\",\"url\":\"https:\/\/www.cbm.ro.gov.br\/\",\"logo\":{\"@type\":\"ImageObject\",\"inLanguage\":\"pt-BR\",\"@id\":\"https:\/\/www.cbm.ro.gov.br\/#\/schema\/logo\/image\/\",\"url\":\"https:\/\/www.cbm.ro.gov.br\/wp-content\/uploads\/2023\/12\/cropped-cropped-cropped-BRASO_3D_32-1-e1724344443171.png\",\"contentUrl\":\"https:\/\/www.cbm.ro.gov.br\/wp-content\/uploads\/2023\/12\/cropped-cropped-cropped-BRASO_3D_32-1-e1724344443171.png\",\"width\":446,\"height\":441,\"caption\":\"Corpo de Bombeiros Militar do Estado de Rond\u00f4nia\"},\"image\":{\"@id\":\"https:\/\/www.cbm.ro.gov.br\/#\/schema\/logo\/image\/\"},\"sameAs\":[\"https:\/\/www.facebook.com\/cbmro.oficial\/\",\"https:\/\/www.youtube.com\/c\/CorpodeBombeirosMilitardoEstadodeRond\u00f4nia\"]},{\"@type\":\"Person\",\"@id\":\"https:\/\/www.cbm.ro.gov.br\/#\/schema\/person\/168f7d47e46be410f13c80f869442f73\",\"name\":\"Mikaelly Ferreira\",\"url\":\"https:\/\/www.cbm.ro.gov.br\/?author=10\"}]}<\/script>\n<!-- \/ Yoast SEO plugin. -->","yoast_head_json":{"title":"Janeiro Branco: Corpo de Bombeiros Militar de Rond\u00f4nia promove palestra da Campanha voltada \u00e0 sa\u00fade mental no trabalho - Corpo de Bombeiros Militar de Rond\u00f4nia","robots":{"index":"index","follow":"follow","max-snippet":"max-snippet:-1","max-image-preview":"max-image-preview:large","max-video-preview":"max-video-preview:-1"},"canonical":"https:\/\/www.cbm.ro.gov.br\/?p=7791","og_locale":"pt_BR","og_type":"article","og_title":"Janeiro Branco: Corpo de Bombeiros Militar de Rond\u00f4nia promove palestra da Campanha voltada \u00e0 sa\u00fade mental no trabalho - Corpo de Bombeiros Militar de Rond\u00f4nia","og_description":"O Corpo de Bombeiros Militar do Estado de Rond\u00f4nia (CBMRO), por meio da Comiss\u00e3o Interna de Preven\u00e7\u00e3o de Acidentes e de Ass\u00e9dio (CIPA), realizou no dia 29 de janeiro de&hellip;","og_url":"https:\/\/www.cbm.ro.gov.br\/?p=7791","og_site_name":"Corpo de Bombeiros Militar de Rond\u00f4nia","article_publisher":"https:\/\/www.facebook.com\/cbmro.oficial\/","article_published_time":"2026-01-29T14:15:07+00:00","article_modified_time":"2026-01-29T14:15:08+00:00","og_image":[{"width":1600,"height":933,"url":"https:\/\/www.cbm.ro.gov.br\/wp-content\/uploads\/2026\/01\/WhatsApp-Image-2026-01-29-at-09.42.11.jpeg","type":"image\/jpeg"}],"author":"Mikaelly Ferreira","twitter_card":"summary_large_image","twitter_misc":{"Escrito por":"Mikaelly Ferreira","Est. tempo de leitura":"2 minutos"},"schema":{"@context":"https:\/\/schema.org","@graph":[{"@type":"Article","@id":"https:\/\/www.cbm.ro.gov.br\/?p=7791#article","isPartOf":{"@id":"https:\/\/www.cbm.ro.gov.br\/?p=7791"},"author":{"name":"Mikaelly Ferreira","@id":"https:\/\/www.cbm.ro.gov.br\/#\/schema\/person\/168f7d47e46be410f13c80f869442f73"},"headline":"Janeiro Branco: Corpo de Bombeiros Militar de Rond\u00f4nia promove palestra da Campanha voltada \u00e0 sa\u00fade mental no trabalho","datePublished":"2026-01-29T14:15:07+00:00","dateModified":"2026-01-29T14:15:08+00:00","mainEntityOfPage":{"@id":"https:\/\/www.cbm.ro.gov.br\/?p=7791"},"wordCount":345,"publisher":{"@id":"https:\/\/www.cbm.ro.gov.br\/#organization"},"image":{"@id":"https:\/\/www.cbm.ro.gov.br\/?p=7791#primaryimage"},"thumbnailUrl":"https:\/\/www.cbm.ro.gov.br\/wp-content\/uploads\/2026\/01\/WhatsApp-Image-2026-01-29-at-09.42.11.jpeg","keywords":["CBMRO","janeirobranco","PALESTRAS","SAUDEMENTAL"],"articleSection":["CBMRO"],"inLanguage":"pt-BR"},{"@type":"WebPage","@id":"https:\/\/www.cbm.ro.gov.br\/?p=7791","url":"https:\/\/www.cbm.ro.gov.br\/?p=7791","name":"Janeiro Branco: Corpo de Bombeiros Militar de Rond\u00f4nia promove palestra da Campanha voltada \u00e0 sa\u00fade mental no trabalho - Corpo de Bombeiros Militar de Rond\u00f4nia","isPartOf":{"@id":"https:\/\/www.cbm.ro.gov.br\/#website"},"primaryImageOfPage":{"@id":"https:\/\/www.cbm.ro.gov.br\/?p=7791#primaryimage"},"image":{"@id":"https:\/\/www.cbm.ro.gov.br\/?p=7791#primaryimage"},"thumbnailUrl":"https:\/\/www.cbm.ro.gov.br\/wp-content\/uploads\/2026\/01\/WhatsApp-Image-2026-01-29-at-09.42.11.jpeg","datePublished":"2026-01-29T14:15:07+00:00","dateModified":"2026-01-29T14:15:08+00:00","breadcrumb":{"@id":"https:\/\/www.cbm.ro.gov.br\/?p=7791#breadcrumb"},"inLanguage":"pt-BR","potentialAction":[{"@type":"ReadAction","target":["https:\/\/www.cbm.ro.gov.br\/?p=7791"]}]},{"@type":"ImageObject","inLanguage":"pt-BR","@id":"https:\/\/www.cbm.ro.gov.br\/?p=7791#primaryimage","url":"https:\/\/www.cbm.ro.gov.br\/wp-content\/uploads\/2026\/01\/WhatsApp-Image-2026-01-29-at-09.42.11.jpeg","contentUrl":"https:\/\/www.cbm.ro.gov.br\/wp-content\/uploads\/2026\/01\/WhatsApp-Image-2026-01-29-at-09.42.11.jpeg","width":1600,"height":933},{"@type":"BreadcrumbList","@id":"https:\/\/www.cbm.ro.gov.br\/?p=7791#breadcrumb","itemListElement":[{"@type":"ListItem","position":1,"name":"In\u00edcio","item":"https:\/\/www.cbm.ro.gov.br\/"},{"@type":"ListItem","position":2,"name":"Janeiro Branco: Corpo de Bombeiros Militar de Rond\u00f4nia promove palestra da Campanha voltada \u00e0 sa\u00fade mental no trabalho"}]},{"@type":"WebSite","@id":"https:\/\/www.cbm.ro.gov.br\/#website","url":"https:\/\/www.cbm.ro.gov.br\/","name":"Corpo de Bombeiros Militar de Rond\u00f4nia","description":"Vidas alheias, riquezas salvar!","publisher":{"@id":"https:\/\/www.cbm.ro.gov.br\/#organization"},"alternateName":"cbmro","potentialAction":[{"@type":"SearchAction","target":{"@type":"EntryPoint","urlTemplate":"https:\/\/www.cbm.ro.gov.br\/?s={search_term_string}"},"query-input":{"@type":"PropertyValueSpecification","valueRequired":true,"valueName":"search_term_string"}}],"inLanguage":"pt-BR"},{"@type":"Organization","@id":"https:\/\/www.cbm.ro.gov.br\/#organization","name":"Corpo de Bombeiros Militar do Estado de Rond\u00f4nia","alternateName":"CBMRO","url":"https:\/\/www.cbm.ro.gov.br\/","logo":{"@type":"ImageObject","inLanguage":"pt-BR","@id":"https:\/\/www.cbm.ro.gov.br\/#\/schema\/logo\/image\/","url":"https:\/\/www.cbm.ro.gov.br\/wp-content\/uploads\/2023\/12\/cropped-cropped-cropped-BRASO_3D_32-1-e1724344443171.png","contentUrl":"https:\/\/www.cbm.ro.gov.br\/wp-content\/uploads\/2023\/12\/cropped-cropped-cropped-BRASO_3D_32-1-e1724344443171.png","width":446,"height":441,"caption":"Corpo de Bombeiros Militar do Estado de Rond\u00f4nia"},"image":{"@id":"https:\/\/www.cbm.ro.gov.br\/#\/schema\/logo\/image\/"},"sameAs":["https:\/\/www.facebook.com\/cbmro.oficial\/","https:\/\/www.youtube.com\/c\/CorpodeBombeirosMilitardoEstadodeRond\u00f4nia"]},{"@type":"Person","@id":"https:\/\/www.cbm.ro.gov.br\/#\/schema\/person\/168f7d47e46be410f13c80f869442f73","name":"Mikaelly Ferreira","url":"https:\/\/www.cbm.ro.gov.br\/?author=10"}]}},"wpmagazine_modules_lite_featured_media_urls":{"thumbnail":["https:\/\/www.cbm.ro.gov.br\/wp-content\/uploads\/2026\/01\/WhatsApp-Image-2026-01-29-at-09.42.11-150x150.jpeg",150,150,true],"cvmm-medium":["https:\/\/www.cbm.ro.gov.br\/wp-content\/uploads\/2026\/01\/WhatsApp-Image-2026-01-29-at-09.42.11-300x300.jpeg",300,300,true],"cvmm-medium-plus":["https:\/\/www.cbm.ro.gov.br\/wp-content\/uploads\/2026\/01\/WhatsApp-Image-2026-01-29-at-09.42.11-305x207.jpeg",305,207,true],"cvmm-portrait":["https:\/\/www.cbm.ro.gov.br\/wp-content\/uploads\/2026\/01\/WhatsApp-Image-2026-01-29-at-09.42.11-400x600.jpeg",400,600,true],"cvmm-medium-square":["https:\/\/www.cbm.ro.gov.br\/wp-content\/uploads\/2026\/01\/WhatsApp-Image-2026-01-29-at-09.42.11-600x600.jpeg",600,600,true],"cvmm-large":["https:\/\/www.cbm.ro.gov.br\/wp-content\/uploads\/2026\/01\/WhatsApp-Image-2026-01-29-at-09.42.11-1024x933.jpeg",1024,933,true],"cvmm-small":["https:\/\/www.cbm.ro.gov.br\/wp-content\/uploads\/2026\/01\/WhatsApp-Image-2026-01-29-at-09.42.11-130x95.jpeg",130,95,true],"full":["https:\/\/www.cbm.ro.gov.br\/wp-content\/uploads\/2026\/01\/WhatsApp-Image-2026-01-29-at-09.42.11.jpeg",1600,933,false]},"categories_names":{"1":{"name":"CBMRO","link":"https:\/\/www.cbm.ro.gov.br\/?cat=1"}},"tags_names":{"13":{"name":"CBMRO","link":"https:\/\/www.cbm.ro.gov.br\/?tag=cbmro"},"468":{"name":"janeirobranco","link":"https:\/\/www.cbm.ro.gov.br\/?tag=janeirobranco"},"298":{"name":"PALESTRAS","link":"https:\/\/www.cbm.ro.gov.br\/?tag=palestras"},"445":{"name":"SAUDEMENTAL","link":"https:\/\/www.cbm.ro.gov.br\/?tag=saudemental"}},"comments_number":"0","_links":{"self":[{"href":"https:\/\/www.cbm.ro.gov.br\/index.php?rest_route=\/wp\/v2\/posts\/7791","targetHints":{"allow":["GET"]}}],"collection":[{"href":"https:\/\/www.cbm.ro.gov.br\/index.php?rest_route=\/wp\/v2\/posts"}],"about":[{"href":"https:\/\/www.cbm.ro.gov.br\/index.php?rest_route=\/wp\/v2\/types\/post"}],"author":[{"embeddable":true,"href":"https:\/\/www.cbm.ro.gov.br\/index.php?rest_route=\/wp\/v2\/users\/10"}],"replies":[{"embeddable":true,"href":"https:\/\/www.cbm.ro.gov.br\/index.php?rest_route=%2Fwp%2Fv2%2Fcomments&post=7791"}],"version-history":[{"count":1,"href":"https:\/\/www.cbm.ro.gov.br\/index.php?rest_route=\/wp\/v2\/posts\/7791\/revisions"}],"predecessor-version":[{"id":7794,"href":"https:\/\/www.cbm.ro.gov.br\/index.php?rest_route=\/wp\/v2\/posts\/7791\/revisions\/7794"}],"wp:featuredmedia":[{"embeddable":true,"href":"https:\/\/www.cbm.ro.gov.br\/index.php?rest_route=\/wp\/v2\/media\/7793"}],"wp:attachment":[{"href":"https:\/\/www.cbm.ro.gov.br\/index.php?rest_route=%2Fwp%2Fv2%2Fmedia&parent=7791"}],"wp:term":[{"taxonomy":"category","embeddable":true,"href":"https:\/\/www.cbm.ro.gov.br\/index.php?rest_route=%2Fwp%2Fv2%2Fcategories&post=7791"},{"taxonomy":"post_tag","embeddable":true,"href":"https:\/\/www.cbm.ro.gov.br\/index.php?rest_route=%2Fwp%2Fv2%2Ftags&post=7791"}],"curies":[{"name":"wp","href":"https:\/\/api.w.org\/{rel}","templated":true}]}}