{"id":7777,"date":"2026-01-22T13:01:11","date_gmt":"2026-01-22T17:01:11","guid":{"rendered":"https:\/\/www.cbm.ro.gov.br\/?p=7777"},"modified":"2026-01-22T13:01:11","modified_gmt":"2026-01-22T17:01:11","slug":"comandante-geral-do-cbmro-recebe-medalha-de-honra-ao-merito-intelectual-concedida-pela-politec","status":"publish","type":"post","link":"https:\/\/www.cbm.ro.gov.br\/?p=7777","title":{"rendered":"Comandante-Geral do CBMRO recebe Medalha de Honra ao M\u00e9rito Intelectual concedida pela POLITEC"},"content":{"rendered":"\n<p class=\"has-black-color has-text-color has-link-color wp-elements-d3a19ada305d6124d95867382f837e03\">O <strong>Corpo de Bombeiros Militar de Rond\u00f4nia <\/strong>foi agraciado com a <strong>Medalha de Honra ao M\u00e9rito Intelectual<\/strong>, concedida pela Pol\u00edcia T\u00e9cnico-Cient\u00edfica de Rond\u00f4nia (POLITEC), em reconhecimento \u00e0 relevante contribui\u00e7\u00e3o institucional e ao fortalecimento das a\u00e7\u00f5es integradas voltadas ao conhecimento t\u00e9cnico, cient\u00edfico e \u00e0 seguran\u00e7a p\u00fablica no Estado.<\/p>\n\n\n\n<p class=\"has-black-color has-text-color has-link-color wp-elements-5d31a8e6a5ad84539fa68bbb45025162\">A honraria foi<strong> <\/strong>recebida pelo Comandante-Geral do CBMRO, <strong>Coronel BM Nivaldo de Azevedo Ferreira<\/strong>. A condecora\u00e7\u00e3o foi concedida na pessoa do<strong> Dr. Domingos S\u00e1vio<\/strong>, Superintendente da Pol\u00edcia T\u00e9cnico-Cient\u00edfica (PCi), e da <strong>Dra. Ana J\u00falia Fraz\u00e3o<\/strong>, Superintendente Adjunta da POLITEC, autoridades respons\u00e1veis pela outorga da medalha.<\/p>\n\n\n\n<p class=\"has-black-color has-text-color has-link-color wp-elements-5dba48134c255da8c30ecd1b7740cdbd\">A <strong>Medalha de Honra ao M\u00e9rito Intelectual<\/strong> \u00e9 destinada a autoridades e institui\u00e7\u00f5es que se destacam pelo incentivo \u00e0 produ\u00e7\u00e3o do conhecimento, pela valoriza\u00e7\u00e3o da ci\u00eancia e pela aplica\u00e7\u00e3o do saber t\u00e9cnico no aprimoramento das atividades de seguran\u00e7a p\u00fablica. O reconhecimento evidencia o compromisso do CBMRO com a qualifica\u00e7\u00e3o profissional, a inova\u00e7\u00e3o e a integra\u00e7\u00e3o interinstitucional.<\/p>\n\n\n\n<p class=\"has-black-color has-text-color has-link-color wp-elements-62e9693d46f6d50198e4c2ee7793d773\">Para o Corpo de Bombeiros Militar de Rond\u00f4nia, a homenagem refor\u00e7a a import\u00e2ncia da coopera\u00e7\u00e3o entre os \u00f3rg\u00e3os do sistema de seguran\u00e7a p\u00fablica, contribuindo para o desenvolvimento de a\u00e7\u00f5es cada vez mais eficientes e alinhadas \u00e0s necessidades da sociedade rondoniense.<\/p>\n\n\n\n<p class=\"has-black-color has-text-color has-link-color wp-elements-a82d030dd9fe3810194e73129486f6de\">O CBMRO reafirma seu compromisso com a excel\u00eancia, a valoriza\u00e7\u00e3o do conhecimento e o fortalecimento das parcerias institucionais, pilares fundamentais para a prote\u00e7\u00e3o da vida, do patrim\u00f4nio e do meio ambiente em todo o Estado de Rond\u00f4nia.<\/p>\n\n\n\n<figure class=\"wp-block-image size-large is-resized\"><img fetchpriority=\"high\" decoding=\"async\" width=\"937\" height=\"1024\" src=\"https:\/\/www.cbm.ro.gov.br\/wp-content\/uploads\/2026\/01\/image-937x1024.jpeg\" alt=\"\" class=\"wp-image-7778\" style=\"width:720px\" srcset=\"https:\/\/www.cbm.ro.gov.br\/wp-content\/uploads\/2026\/01\/image-937x1024.jpeg 937w, https:\/\/www.cbm.ro.gov.br\/wp-content\/uploads\/2026\/01\/image-275x300.jpeg 275w, https:\/\/www.cbm.ro.gov.br\/wp-content\/uploads\/2026\/01\/image-768x839.jpeg 768w, https:\/\/www.cbm.ro.gov.br\/wp-content\/uploads\/2026\/01\/image.jpeg 960w\" sizes=\"(max-width: 937px) 100vw, 937px\" \/><\/figure>\n","protected":false},"excerpt":{"rendered":"<p>O Corpo de Bombeiros Militar de Rond\u00f4nia foi agraciado com a Medalha de Honra ao M\u00e9rito Intelectual, concedida pela Pol\u00edcia T\u00e9cnico-Cient\u00edfica de Rond\u00f4nia (POLITEC), em reconhecimento \u00e0 relevante contribui\u00e7\u00e3o institucional&hellip;<\/p>\n","protected":false},"author":5,"featured_media":7779,"comment_status":"closed","ping_status":"open","sticky":false,"template":"","format":"standard","meta":{"footnotes":""},"categories":[1,6],"tags":[13,86,466,467],"class_list":["post-7777","post","type-post","status-publish","format-standard","has-post-thumbnail","hentry","category-cbmro","category-eventos","tag-cbmro","tag-governoderondonia","tag-medalhamerito","tag-politec"],"yoast_head":"<!-- This site is optimized with the Yoast SEO plugin v23.7 - https:\/\/yoast.com\/wordpress\/plugins\/seo\/ -->\n<title>Comandante-Geral do CBMRO recebe Medalha de Honra ao M\u00e9rito Intelectual concedida pela POLITEC - Corpo de Bombeiros Militar de Rond\u00f4nia<\/title>\n<meta name=\"robots\" content=\"index, follow, max-snippet:-1, max-image-preview:large, max-video-preview:-1\" \/>\n<link rel=\"canonical\" href=\"https:\/\/www.cbm.ro.gov.br\/?p=7777\" \/>\n<meta property=\"og:locale\" content=\"pt_BR\" \/>\n<meta property=\"og:type\" content=\"article\" \/>\n<meta property=\"og:title\" content=\"Comandante-Geral do CBMRO recebe Medalha de Honra ao M\u00e9rito Intelectual concedida pela POLITEC - Corpo de Bombeiros Militar de Rond\u00f4nia\" \/>\n<meta property=\"og:description\" content=\"O Corpo de Bombeiros Militar de Rond\u00f4nia foi agraciado com a Medalha de Honra ao M\u00e9rito Intelectual, concedida pela Pol\u00edcia T\u00e9cnico-Cient\u00edfica de Rond\u00f4nia (POLITEC), em reconhecimento \u00e0 relevante contribui\u00e7\u00e3o institucional&hellip;\" \/>\n<meta property=\"og:url\" content=\"https:\/\/www.cbm.ro.gov.br\/?p=7777\" \/>\n<meta property=\"og:site_name\" content=\"Corpo de Bombeiros Militar de Rond\u00f4nia\" \/>\n<meta property=\"article:publisher\" content=\"https:\/\/www.facebook.com\/cbmro.oficial\/\" \/>\n<meta property=\"article:published_time\" content=\"2026-01-22T17:01:11+00:00\" \/>\n<meta property=\"og:image\" content=\"https:\/\/www.cbm.ro.gov.br\/wp-content\/uploads\/2026\/01\/capa26.jpeg\" \/>\n\t<meta property=\"og:image:width\" content=\"960\" \/>\n\t<meta property=\"og:image:height\" content=\"681\" \/>\n\t<meta property=\"og:image:type\" content=\"image\/jpeg\" \/>\n<meta name=\"author\" content=\"Marcos Barros\" \/>\n<meta name=\"twitter:card\" content=\"summary_large_image\" \/>\n<meta name=\"twitter:label1\" content=\"Escrito por\" \/>\n\t<meta name=\"twitter:data1\" content=\"Marcos Barros\" \/>\n\t<meta name=\"twitter:label2\" content=\"Est. tempo de leitura\" \/>\n\t<meta name=\"twitter:data2\" content=\"1 minuto\" \/>\n<script type=\"application\/ld+json\" class=\"yoast-schema-graph\">{\"@context\":\"https:\/\/schema.org\",\"@graph\":[{\"@type\":\"Article\",\"@id\":\"https:\/\/www.cbm.ro.gov.br\/?p=7777#article\",\"isPartOf\":{\"@id\":\"https:\/\/www.cbm.ro.gov.br\/?p=7777\"},\"author\":{\"name\":\"Marcos Barros\",\"@id\":\"https:\/\/www.cbm.ro.gov.br\/#\/schema\/person\/b035b7e269aef4233e9514c2751917c5\"},\"headline\":\"Comandante-Geral do CBMRO recebe Medalha de Honra ao M\u00e9rito Intelectual concedida pela POLITEC\",\"datePublished\":\"2026-01-22T17:01:11+00:00\",\"dateModified\":\"2026-01-22T17:01:11+00:00\",\"mainEntityOfPage\":{\"@id\":\"https:\/\/www.cbm.ro.gov.br\/?p=7777\"},\"wordCount\":280,\"publisher\":{\"@id\":\"https:\/\/www.cbm.ro.gov.br\/#organization\"},\"image\":{\"@id\":\"https:\/\/www.cbm.ro.gov.br\/?p=7777#primaryimage\"},\"thumbnailUrl\":\"https:\/\/www.cbm.ro.gov.br\/wp-content\/uploads\/2026\/01\/capa26.jpeg\",\"keywords\":[\"CBMRO\",\"GOVERNODERONDONIA\",\"MEDALHAMERITO\",\"POLITEC\"],\"articleSection\":[\"CBMRO\",\"Eventos\"],\"inLanguage\":\"pt-BR\"},{\"@type\":\"WebPage\",\"@id\":\"https:\/\/www.cbm.ro.gov.br\/?p=7777\",\"url\":\"https:\/\/www.cbm.ro.gov.br\/?p=7777\",\"name\":\"Comandante-Geral do CBMRO recebe Medalha de Honra ao M\u00e9rito Intelectual concedida pela POLITEC - Corpo de Bombeiros Militar de Rond\u00f4nia\",\"isPartOf\":{\"@id\":\"https:\/\/www.cbm.ro.gov.br\/#website\"},\"primaryImageOfPage\":{\"@id\":\"https:\/\/www.cbm.ro.gov.br\/?p=7777#primaryimage\"},\"image\":{\"@id\":\"https:\/\/www.cbm.ro.gov.br\/?p=7777#primaryimage\"},\"thumbnailUrl\":\"https:\/\/www.cbm.ro.gov.br\/wp-content\/uploads\/2026\/01\/capa26.jpeg\",\"datePublished\":\"2026-01-22T17:01:11+00:00\",\"dateModified\":\"2026-01-22T17:01:11+00:00\",\"breadcrumb\":{\"@id\":\"https:\/\/www.cbm.ro.gov.br\/?p=7777#breadcrumb\"},\"inLanguage\":\"pt-BR\",\"potentialAction\":[{\"@type\":\"ReadAction\",\"target\":[\"https:\/\/www.cbm.ro.gov.br\/?p=7777\"]}]},{\"@type\":\"ImageObject\",\"inLanguage\":\"pt-BR\",\"@id\":\"https:\/\/www.cbm.ro.gov.br\/?p=7777#primaryimage\",\"url\":\"https:\/\/www.cbm.ro.gov.br\/wp-content\/uploads\/2026\/01\/capa26.jpeg\",\"contentUrl\":\"https:\/\/www.cbm.ro.gov.br\/wp-content\/uploads\/2026\/01\/capa26.jpeg\",\"width\":960,\"height\":681},{\"@type\":\"BreadcrumbList\",\"@id\":\"https:\/\/www.cbm.ro.gov.br\/?p=7777#breadcrumb\",\"itemListElement\":[{\"@type\":\"ListItem\",\"position\":1,\"name\":\"In\u00edcio\",\"item\":\"https:\/\/www.cbm.ro.gov.br\/\"},{\"@type\":\"ListItem\",\"position\":2,\"name\":\"Comandante-Geral do CBMRO recebe Medalha de Honra ao M\u00e9rito Intelectual concedida pela POLITEC\"}]},{\"@type\":\"WebSite\",\"@id\":\"https:\/\/www.cbm.ro.gov.br\/#website\",\"url\":\"https:\/\/www.cbm.ro.gov.br\/\",\"name\":\"Corpo de Bombeiros Militar de Rond\u00f4nia\",\"description\":\"Vidas alheias, riquezas salvar!\",\"publisher\":{\"@id\":\"https:\/\/www.cbm.ro.gov.br\/#organization\"},\"alternateName\":\"cbmro\",\"potentialAction\":[{\"@type\":\"SearchAction\",\"target\":{\"@type\":\"EntryPoint\",\"urlTemplate\":\"https:\/\/www.cbm.ro.gov.br\/?s={search_term_string}\"},\"query-input\":{\"@type\":\"PropertyValueSpecification\",\"valueRequired\":true,\"valueName\":\"search_term_string\"}}],\"inLanguage\":\"pt-BR\"},{\"@type\":\"Organization\",\"@id\":\"https:\/\/www.cbm.ro.gov.br\/#organization\",\"name\":\"Corpo de Bombeiros Militar do Estado de Rond\u00f4nia\",\"alternateName\":\"CBMRO\",\"url\":\"https:\/\/www.cbm.ro.gov.br\/\",\"logo\":{\"@type\":\"ImageObject\",\"inLanguage\":\"pt-BR\",\"@id\":\"https:\/\/www.cbm.ro.gov.br\/#\/schema\/logo\/image\/\",\"url\":\"https:\/\/www.cbm.ro.gov.br\/wp-content\/uploads\/2023\/12\/cropped-cropped-cropped-BRASO_3D_32-1-e1724344443171.png\",\"contentUrl\":\"https:\/\/www.cbm.ro.gov.br\/wp-content\/uploads\/2023\/12\/cropped-cropped-cropped-BRASO_3D_32-1-e1724344443171.png\",\"width\":446,\"height\":441,\"caption\":\"Corpo de Bombeiros Militar do Estado de Rond\u00f4nia\"},\"image\":{\"@id\":\"https:\/\/www.cbm.ro.gov.br\/#\/schema\/logo\/image\/\"},\"sameAs\":[\"https:\/\/www.facebook.com\/cbmro.oficial\/\",\"https:\/\/www.youtube.com\/c\/CorpodeBombeirosMilitardoEstadodeRond\u00f4nia\"]},{\"@type\":\"Person\",\"@id\":\"https:\/\/www.cbm.ro.gov.br\/#\/schema\/person\/b035b7e269aef4233e9514c2751917c5\",\"name\":\"Marcos Barros\",\"sameAs\":[\"http:\/\/10.210.0.90\/wp-admin\/post.php?post=2688&amp;action=edit\"],\"url\":\"https:\/\/www.cbm.ro.gov.br\/?author=5\"}]}<\/script>\n<!-- \/ Yoast SEO plugin. -->","yoast_head_json":{"title":"Comandante-Geral do CBMRO recebe Medalha de Honra ao M\u00e9rito Intelectual concedida pela POLITEC - Corpo de Bombeiros Militar de Rond\u00f4nia","robots":{"index":"index","follow":"follow","max-snippet":"max-snippet:-1","max-image-preview":"max-image-preview:large","max-video-preview":"max-video-preview:-1"},"canonical":"https:\/\/www.cbm.ro.gov.br\/?p=7777","og_locale":"pt_BR","og_type":"article","og_title":"Comandante-Geral do CBMRO recebe Medalha de Honra ao M\u00e9rito Intelectual concedida pela POLITEC - Corpo de Bombeiros Militar de Rond\u00f4nia","og_description":"O Corpo de Bombeiros Militar de Rond\u00f4nia foi agraciado com a Medalha de Honra ao M\u00e9rito Intelectual, concedida pela Pol\u00edcia T\u00e9cnico-Cient\u00edfica de Rond\u00f4nia (POLITEC), em reconhecimento \u00e0 relevante contribui\u00e7\u00e3o institucional&hellip;","og_url":"https:\/\/www.cbm.ro.gov.br\/?p=7777","og_site_name":"Corpo de Bombeiros Militar de Rond\u00f4nia","article_publisher":"https:\/\/www.facebook.com\/cbmro.oficial\/","article_published_time":"2026-01-22T17:01:11+00:00","og_image":[{"width":960,"height":681,"url":"https:\/\/www.cbm.ro.gov.br\/wp-content\/uploads\/2026\/01\/capa26.jpeg","type":"image\/jpeg"}],"author":"Marcos Barros","twitter_card":"summary_large_image","twitter_misc":{"Escrito por":"Marcos Barros","Est. tempo de leitura":"1 minuto"},"schema":{"@context":"https:\/\/schema.org","@graph":[{"@type":"Article","@id":"https:\/\/www.cbm.ro.gov.br\/?p=7777#article","isPartOf":{"@id":"https:\/\/www.cbm.ro.gov.br\/?p=7777"},"author":{"name":"Marcos Barros","@id":"https:\/\/www.cbm.ro.gov.br\/#\/schema\/person\/b035b7e269aef4233e9514c2751917c5"},"headline":"Comandante-Geral do CBMRO recebe Medalha de Honra ao M\u00e9rito Intelectual concedida pela POLITEC","datePublished":"2026-01-22T17:01:11+00:00","dateModified":"2026-01-22T17:01:11+00:00","mainEntityOfPage":{"@id":"https:\/\/www.cbm.ro.gov.br\/?p=7777"},"wordCount":280,"publisher":{"@id":"https:\/\/www.cbm.ro.gov.br\/#organization"},"image":{"@id":"https:\/\/www.cbm.ro.gov.br\/?p=7777#primaryimage"},"thumbnailUrl":"https:\/\/www.cbm.ro.gov.br\/wp-content\/uploads\/2026\/01\/capa26.jpeg","keywords":["CBMRO","GOVERNODERONDONIA","MEDALHAMERITO","POLITEC"],"articleSection":["CBMRO","Eventos"],"inLanguage":"pt-BR"},{"@type":"WebPage","@id":"https:\/\/www.cbm.ro.gov.br\/?p=7777","url":"https:\/\/www.cbm.ro.gov.br\/?p=7777","name":"Comandante-Geral do CBMRO recebe Medalha de Honra ao M\u00e9rito Intelectual concedida pela POLITEC - Corpo de Bombeiros Militar de Rond\u00f4nia","isPartOf":{"@id":"https:\/\/www.cbm.ro.gov.br\/#website"},"primaryImageOfPage":{"@id":"https:\/\/www.cbm.ro.gov.br\/?p=7777#primaryimage"},"image":{"@id":"https:\/\/www.cbm.ro.gov.br\/?p=7777#primaryimage"},"thumbnailUrl":"https:\/\/www.cbm.ro.gov.br\/wp-content\/uploads\/2026\/01\/capa26.jpeg","datePublished":"2026-01-22T17:01:11+00:00","dateModified":"2026-01-22T17:01:11+00:00","breadcrumb":{"@id":"https:\/\/www.cbm.ro.gov.br\/?p=7777#breadcrumb"},"inLanguage":"pt-BR","potentialAction":[{"@type":"ReadAction","target":["https:\/\/www.cbm.ro.gov.br\/?p=7777"]}]},{"@type":"ImageObject","inLanguage":"pt-BR","@id":"https:\/\/www.cbm.ro.gov.br\/?p=7777#primaryimage","url":"https:\/\/www.cbm.ro.gov.br\/wp-content\/uploads\/2026\/01\/capa26.jpeg","contentUrl":"https:\/\/www.cbm.ro.gov.br\/wp-content\/uploads\/2026\/01\/capa26.jpeg","width":960,"height":681},{"@type":"BreadcrumbList","@id":"https:\/\/www.cbm.ro.gov.br\/?p=7777#breadcrumb","itemListElement":[{"@type":"ListItem","position":1,"name":"In\u00edcio","item":"https:\/\/www.cbm.ro.gov.br\/"},{"@type":"ListItem","position":2,"name":"Comandante-Geral do CBMRO recebe Medalha de Honra ao M\u00e9rito Intelectual concedida pela POLITEC"}]},{"@type":"WebSite","@id":"https:\/\/www.cbm.ro.gov.br\/#website","url":"https:\/\/www.cbm.ro.gov.br\/","name":"Corpo de Bombeiros Militar de Rond\u00f4nia","description":"Vidas alheias, riquezas salvar!","publisher":{"@id":"https:\/\/www.cbm.ro.gov.br\/#organization"},"alternateName":"cbmro","potentialAction":[{"@type":"SearchAction","target":{"@type":"EntryPoint","urlTemplate":"https:\/\/www.cbm.ro.gov.br\/?s={search_term_string}"},"query-input":{"@type":"PropertyValueSpecification","valueRequired":true,"valueName":"search_term_string"}}],"inLanguage":"pt-BR"},{"@type":"Organization","@id":"https:\/\/www.cbm.ro.gov.br\/#organization","name":"Corpo de Bombeiros Militar do Estado de Rond\u00f4nia","alternateName":"CBMRO","url":"https:\/\/www.cbm.ro.gov.br\/","logo":{"@type":"ImageObject","inLanguage":"pt-BR","@id":"https:\/\/www.cbm.ro.gov.br\/#\/schema\/logo\/image\/","url":"https:\/\/www.cbm.ro.gov.br\/wp-content\/uploads\/2023\/12\/cropped-cropped-cropped-BRASO_3D_32-1-e1724344443171.png","contentUrl":"https:\/\/www.cbm.ro.gov.br\/wp-content\/uploads\/2023\/12\/cropped-cropped-cropped-BRASO_3D_32-1-e1724344443171.png","width":446,"height":441,"caption":"Corpo de Bombeiros Militar do Estado de Rond\u00f4nia"},"image":{"@id":"https:\/\/www.cbm.ro.gov.br\/#\/schema\/logo\/image\/"},"sameAs":["https:\/\/www.facebook.com\/cbmro.oficial\/","https:\/\/www.youtube.com\/c\/CorpodeBombeirosMilitardoEstadodeRond\u00f4nia"]},{"@type":"Person","@id":"https:\/\/www.cbm.ro.gov.br\/#\/schema\/person\/b035b7e269aef4233e9514c2751917c5","name":"Marcos Barros","sameAs":["http:\/\/10.210.0.90\/wp-admin\/post.php?post=2688&amp;action=edit"],"url":"https:\/\/www.cbm.ro.gov.br\/?author=5"}]}},"wpmagazine_modules_lite_featured_media_urls":{"thumbnail":["https:\/\/www.cbm.ro.gov.br\/wp-content\/uploads\/2026\/01\/capa26-150x150.jpeg",150,150,true],"cvmm-medium":["https:\/\/www.cbm.ro.gov.br\/wp-content\/uploads\/2026\/01\/capa26-300x300.jpeg",300,300,true],"cvmm-medium-plus":["https:\/\/www.cbm.ro.gov.br\/wp-content\/uploads\/2026\/01\/capa26-305x207.jpeg",305,207,true],"cvmm-portrait":["https:\/\/www.cbm.ro.gov.br\/wp-content\/uploads\/2026\/01\/capa26-400x600.jpeg",400,600,true],"cvmm-medium-square":["https:\/\/www.cbm.ro.gov.br\/wp-content\/uploads\/2026\/01\/capa26-600x600.jpeg",600,600,true],"cvmm-large":["https:\/\/www.cbm.ro.gov.br\/wp-content\/uploads\/2026\/01\/capa26.jpeg",960,681,false],"cvmm-small":["https:\/\/www.cbm.ro.gov.br\/wp-content\/uploads\/2026\/01\/capa26-130x95.jpeg",130,95,true],"full":["https:\/\/www.cbm.ro.gov.br\/wp-content\/uploads\/2026\/01\/capa26.jpeg",960,681,false]},"categories_names":{"1":{"name":"CBMRO","link":"https:\/\/www.cbm.ro.gov.br\/?cat=1"},"6":{"name":"Eventos","link":"https:\/\/www.cbm.ro.gov.br\/?cat=6"}},"tags_names":{"13":{"name":"CBMRO","link":"https:\/\/www.cbm.ro.gov.br\/?tag=cbmro"},"86":{"name":"GOVERNODERONDONIA","link":"https:\/\/www.cbm.ro.gov.br\/?tag=governoderondonia"},"466":{"name":"MEDALHAMERITO","link":"https:\/\/www.cbm.ro.gov.br\/?tag=medalhamerito"},"467":{"name":"POLITEC","link":"https:\/\/www.cbm.ro.gov.br\/?tag=politec"}},"comments_number":"0","_links":{"self":[{"href":"https:\/\/www.cbm.ro.gov.br\/index.php?rest_route=\/wp\/v2\/posts\/7777","targetHints":{"allow":["GET"]}}],"collection":[{"href":"https:\/\/www.cbm.ro.gov.br\/index.php?rest_route=\/wp\/v2\/posts"}],"about":[{"href":"https:\/\/www.cbm.ro.gov.br\/index.php?rest_route=\/wp\/v2\/types\/post"}],"author":[{"embeddable":true,"href":"https:\/\/www.cbm.ro.gov.br\/index.php?rest_route=\/wp\/v2\/users\/5"}],"replies":[{"embeddable":true,"href":"https:\/\/www.cbm.ro.gov.br\/index.php?rest_route=%2Fwp%2Fv2%2Fcomments&post=7777"}],"version-history":[{"count":3,"href":"https:\/\/www.cbm.ro.gov.br\/index.php?rest_route=\/wp\/v2\/posts\/7777\/revisions"}],"predecessor-version":[{"id":7782,"href":"https:\/\/www.cbm.ro.gov.br\/index.php?rest_route=\/wp\/v2\/posts\/7777\/revisions\/7782"}],"wp:featuredmedia":[{"embeddable":true,"href":"https:\/\/www.cbm.ro.gov.br\/index.php?rest_route=\/wp\/v2\/media\/7779"}],"wp:attachment":[{"href":"https:\/\/www.cbm.ro.gov.br\/index.php?rest_route=%2Fwp%2Fv2%2Fmedia&parent=7777"}],"wp:term":[{"taxonomy":"category","embeddable":true,"href":"https:\/\/www.cbm.ro.gov.br\/index.php?rest_route=%2Fwp%2Fv2%2Fcategories&post=7777"},{"taxonomy":"post_tag","embeddable":true,"href":"https:\/\/www.cbm.ro.gov.br\/index.php?rest_route=%2Fwp%2Fv2%2Ftags&post=7777"}],"curies":[{"name":"wp","href":"https:\/\/api.w.org\/{rel}","templated":true}]}}