{"id":6597,"date":"2025-12-15T09:25:24","date_gmt":"2025-12-15T13:25:24","guid":{"rendered":"https:\/\/www.cbm.ro.gov.br\/?p=6597"},"modified":"2025-12-15T09:25:25","modified_gmt":"2025-12-15T13:25:25","slug":"solenidade-marca-conclusao-da-turma-2025-do-programa-educacional-bombeiro-militar-mirim-proebom","status":"publish","type":"post","link":"https:\/\/www.cbm.ro.gov.br\/?p=6597","title":{"rendered":"Solenidade marca conclus\u00e3o da Turma 2025 do Programa Educacional Bombeiro Militar Mirim &#8211; PROEBOM"},"content":{"rendered":"\n<p class=\"has-black-color has-text-color has-link-color wp-elements-6f7ed2bf30d6d07cdac8141ebdadf983\">A Escola Estadual Heitor Villas Lobo, na noite de quinta-feira, 11 de dezembro, foi palco da solenidade de conclus\u00e3o do Curso Bombeiro Militar Mirim, referente \u00e0 Turma 2025 do Programa Educacional Bombeiro Militar Mirim (PROEBOM). O evento, realizado \u00e0s 19h, reuniu autoridades, familiares e toda a comunidade escolar para celebrar o empenho e a forma\u00e7\u00e3o cidad\u00e3 das crian\u00e7as e adolescentes participantes.<\/p>\n\n\n\n<p class=\"has-black-color has-text-color has-link-color wp-elements-27e4a38caaf058690ef72ca8dd91851d\">Entre as autoridades presentes estavam o coordenador municipal do PROEBOM, Capit\u00e3o BM Levi; o diretor da escola, professor Francisco; e a vice-diretora, professora Ros\u00e2ngela. A cerim\u00f4nia teve in\u00edcio com a apresenta\u00e7\u00e3o do pelot\u00e3o ao coordenador municipal do programa, a fim de solicitar autoriza\u00e7\u00e3o para abertura oficial do evento.<\/p>\n\n\n<div class=\"wp-block-image\">\n<figure class=\"aligncenter size-large is-resized\"><img fetchpriority=\"high\" decoding=\"async\" width=\"1024\" height=\"576\" src=\"https:\/\/www.cbm.ro.gov.br\/wp-content\/uploads\/2025\/12\/01-autoridades-1024x576.png\" alt=\"\" class=\"wp-image-6601\" style=\"width:664px;height:auto\" srcset=\"https:\/\/www.cbm.ro.gov.br\/wp-content\/uploads\/2025\/12\/01-autoridades-1024x576.png 1024w, https:\/\/www.cbm.ro.gov.br\/wp-content\/uploads\/2025\/12\/01-autoridades-300x169.png 300w, https:\/\/www.cbm.ro.gov.br\/wp-content\/uploads\/2025\/12\/01-autoridades-768x432.png 768w, https:\/\/www.cbm.ro.gov.br\/wp-content\/uploads\/2025\/12\/01-autoridades-1536x864.png 1536w, https:\/\/www.cbm.ro.gov.br\/wp-content\/uploads\/2025\/12\/01-autoridades.png 1920w\" sizes=\"(max-width: 1024px) 100vw, 1024px\" \/><\/figure><\/div>\n\n\n<div style=\"height:30px\" aria-hidden=\"true\" class=\"wp-block-spacer\"><\/div>\n\n\n\n<p class=\"has-black-color has-text-color has-link-color wp-elements-681a8c22333d9df6463dedbdc45f4a43\">Criado com o objetivo de fortalecer valores de civismo, disciplina e responsabilidade social, o PROEBOM atende anualmente cerca de 690 crian\u00e7as e adolescentes em situa\u00e7\u00e3o de vulnerabilidade em Rond\u00f4nia. O programa, institu\u00eddo por meio de projeto de lei encaminhado \u00e0 Assembleia Legislativa, oferece forma\u00e7\u00e3o baseada em princ\u00edpios da organiza\u00e7\u00e3o militar, al\u00e9m de instru\u00e7\u00f5es sobre primeiros socorros, sa\u00fade, preven\u00e7\u00e3o de acidentes, meio ambiente, cidadania, civismo e educa\u00e7\u00e3o no tr\u00e2nsito. Durante a cerim\u00f4nia, houve a demonstra\u00e7\u00e3o de uma das t\u00e9cnicas aprendidas pelas crian\u00e7as: como fechar um registro de g\u00e1s de cozinha seguramente em caso de fogo. <\/p>\n\n\n<div class=\"wp-block-image\">\n<figure class=\"aligncenter size-large is-resized\"><img decoding=\"async\" width=\"1024\" height=\"576\" src=\"https:\/\/www.cbm.ro.gov.br\/wp-content\/uploads\/2025\/12\/02-Turma2025-1024x576.png\" alt=\"\" class=\"wp-image-6602\" style=\"width:664px;height:auto\" srcset=\"https:\/\/www.cbm.ro.gov.br\/wp-content\/uploads\/2025\/12\/02-Turma2025-1024x576.png 1024w, https:\/\/www.cbm.ro.gov.br\/wp-content\/uploads\/2025\/12\/02-Turma2025-300x169.png 300w, https:\/\/www.cbm.ro.gov.br\/wp-content\/uploads\/2025\/12\/02-Turma2025-768x432.png 768w, https:\/\/www.cbm.ro.gov.br\/wp-content\/uploads\/2025\/12\/02-Turma2025-1536x864.png 1536w, https:\/\/www.cbm.ro.gov.br\/wp-content\/uploads\/2025\/12\/02-Turma2025.png 1920w\" sizes=\"(max-width: 1024px) 100vw, 1024px\" \/><\/figure><\/div>\n\n\n<div style=\"height:30px\" aria-hidden=\"true\" class=\"wp-block-spacer\"><\/div>\n\n\n\n<p class=\"has-black-color has-text-color has-link-color wp-elements-2e11737ecaa9a285f41c1f0469d7a11d\">A formatura marcou a nomea\u00e7\u00e3o de seis Bombeiros Mirins que, em raz\u00e3o de seu desempenho, disciplina e assiduidade, foram promovidos a monitores da pr\u00f3xima turma, reconhecendo assim jovens que se destacaram pela dedica\u00e7\u00e3o exemplar ao longo do curso.<\/p>\n\n\n<div class=\"wp-block-image\">\n<figure class=\"aligncenter size-large is-resized\"><img decoding=\"async\" width=\"1024\" height=\"576\" src=\"https:\/\/www.cbm.ro.gov.br\/wp-content\/uploads\/2025\/12\/04-BM-mirins-promovidos-1024x576.png\" alt=\"\" class=\"wp-image-6604\" style=\"width:664px;height:auto\" srcset=\"https:\/\/www.cbm.ro.gov.br\/wp-content\/uploads\/2025\/12\/04-BM-mirins-promovidos-1024x576.png 1024w, https:\/\/www.cbm.ro.gov.br\/wp-content\/uploads\/2025\/12\/04-BM-mirins-promovidos-300x169.png 300w, https:\/\/www.cbm.ro.gov.br\/wp-content\/uploads\/2025\/12\/04-BM-mirins-promovidos-768x432.png 768w, https:\/\/www.cbm.ro.gov.br\/wp-content\/uploads\/2025\/12\/04-BM-mirins-promovidos-1536x864.png 1536w, https:\/\/www.cbm.ro.gov.br\/wp-content\/uploads\/2025\/12\/04-BM-mirins-promovidos.png 1920w\" sizes=\"(max-width: 1024px) 100vw, 1024px\" \/><\/figure><\/div>\n\n\n<div style=\"height:30px\" aria-hidden=\"true\" class=\"wp-block-spacer\"><\/div>\n\n\n\n<p class=\"has-black-color has-text-color has-link-color wp-elements-044a95cc7152e02a38b59e3b4ea153fe\">Outro momento especial foi a entrega da premia\u00e7\u00e3o aos alunos que obtiveram destaque individual, seguida da entrega dos diplomas de conclus\u00e3o aos formandos da Turma 2025, que receberam o reconhecimento das autoridades presentes. O evento tamb\u00e9m prestou homenagem aos colaboradores do programa. Entre os agraciados, o Major BM Bragado, idealizador do projeto Bombeiro Mirim h\u00e1 duas d\u00e9cadas, e a instrutora Silvana Cunha Rosas, respons\u00e1vel pelas aulas de higiene e sa\u00fade.<\/p>\n\n\n<div class=\"wp-block-image\">\n<figure class=\"aligncenter size-large is-resized\"><img loading=\"lazy\" decoding=\"async\" width=\"1024\" height=\"576\" src=\"https:\/\/www.cbm.ro.gov.br\/wp-content\/uploads\/2025\/12\/05-professores-homenageados-1024x576.png\" alt=\"\" class=\"wp-image-6605\" style=\"width:664px;height:auto\" srcset=\"https:\/\/www.cbm.ro.gov.br\/wp-content\/uploads\/2025\/12\/05-professores-homenageados-1024x576.png 1024w, https:\/\/www.cbm.ro.gov.br\/wp-content\/uploads\/2025\/12\/05-professores-homenageados-300x169.png 300w, https:\/\/www.cbm.ro.gov.br\/wp-content\/uploads\/2025\/12\/05-professores-homenageados-768x432.png 768w, https:\/\/www.cbm.ro.gov.br\/wp-content\/uploads\/2025\/12\/05-professores-homenageados-1536x864.png 1536w, https:\/\/www.cbm.ro.gov.br\/wp-content\/uploads\/2025\/12\/05-professores-homenageados.png 1920w\" sizes=\"(max-width: 1024px) 100vw, 1024px\" \/><\/figure><\/div>\n\n\n<div style=\"height:30px\" aria-hidden=\"true\" class=\"wp-block-spacer\"><\/div>\n\n\n\n<p class=\"has-black-color has-text-color has-link-color wp-elements-4df39d7570153d514e914e89ccbf071b\">A cerim\u00f4nia foi encerrada com mensagem das autoridades ali presentes, que agradeceram o comprometimento e dedica\u00e7\u00e3o das crian\u00e7as, dos pais e respons\u00e1veis em participar do projeto, refor\u00e7ando a import\u00e2ncia do programa para o desenvolvimento social e educacional dos jovens rondonienses. Ao final, os convidados participaram de um coffee break.<\/p>\n\n\n\n<p class=\"has-black-color has-text-color has-link-color wp-elements-2379b0c8d6813aa641b3ff7f5cc88e98\">A Turma 2025 foi composta pelos Bombeiros Mirins dos 1\u00ba e 2\u00ba pelot\u00f5es, totalizando 49 alunos que, agora formados, levam consigo conhecimentos, valores e experi\u00eancias que contribuem para a forma\u00e7\u00e3o cidad\u00e3 e para o fortalecimento de uma cultura de preven\u00e7\u00e3o no estado.<\/p>\n\n\n<div class=\"wp-block-image\">\n<figure class=\"aligncenter size-large is-resized\"><img loading=\"lazy\" decoding=\"async\" width=\"1024\" height=\"576\" src=\"https:\/\/www.cbm.ro.gov.br\/wp-content\/uploads\/2025\/12\/03-demonstracao-1024x576.png\" alt=\"\" class=\"wp-image-6603\" style=\"width:664px;height:auto\" srcset=\"https:\/\/www.cbm.ro.gov.br\/wp-content\/uploads\/2025\/12\/03-demonstracao-1024x576.png 1024w, https:\/\/www.cbm.ro.gov.br\/wp-content\/uploads\/2025\/12\/03-demonstracao-300x169.png 300w, https:\/\/www.cbm.ro.gov.br\/wp-content\/uploads\/2025\/12\/03-demonstracao-768x432.png 768w, https:\/\/www.cbm.ro.gov.br\/wp-content\/uploads\/2025\/12\/03-demonstracao-1536x864.png 1536w, https:\/\/www.cbm.ro.gov.br\/wp-content\/uploads\/2025\/12\/03-demonstracao.png 1920w\" sizes=\"(max-width: 1024px) 100vw, 1024px\" \/><\/figure><\/div>\n\n\n<div style=\"height:30px\" aria-hidden=\"true\" class=\"wp-block-spacer\"><\/div>\n\n\n\n<p class=\"has-text-align-center has-vivid-red-color has-text-color has-link-color wp-elements-671b86c88f5ef6f113dfd65a8eafc133\" style=\"font-size:28px\"><strong><a href=\"https:\/\/drive.google.com\/drive\/folders\/1UWkdZ9S5rjZwVaFiNbuTYmdiLcyFr47Y\" target=\"_blank\" rel=\"noreferrer noopener\">CLIQUE AQUI PARA CONFERIR OS REGISTROS DO EVENTO<\/a><\/strong><\/p>\n","protected":false},"excerpt":{"rendered":"<p>A Escola Estadual Heitor Villas Lobo, na noite de quinta-feira, 11 de dezembro, foi palco da solenidade de conclus\u00e3o do Curso Bombeiro Militar Mirim, referente \u00e0 Turma 2025 do Programa&hellip;<\/p>\n","protected":false},"author":3,"featured_media":6600,"comment_status":"closed","ping_status":"open","sticky":false,"template":"","format":"standard","meta":{"footnotes":""},"categories":[8,1],"tags":[206,13,86,126,292],"class_list":["post-6597","post","type-post","status-publish","format-standard","has-post-thumbnail","hentry","category-bombeiromirim","category-cbmro","tag-206","tag-cbmro","tag-governoderondonia","tag-proebom","tag-proebom2025"],"yoast_head":"<!-- This site is optimized with the Yoast SEO plugin v23.7 - https:\/\/yoast.com\/wordpress\/plugins\/seo\/ -->\n<title>Solenidade marca conclus\u00e3o da Turma 2025 do Programa Educacional Bombeiro Militar Mirim - PROEBOM - Corpo de Bombeiros Militar de Rond\u00f4nia<\/title>\n<meta name=\"robots\" content=\"index, follow, max-snippet:-1, max-image-preview:large, max-video-preview:-1\" \/>\n<link rel=\"canonical\" href=\"https:\/\/www.cbm.ro.gov.br\/?p=6597\" \/>\n<meta property=\"og:locale\" content=\"pt_BR\" \/>\n<meta property=\"og:type\" content=\"article\" \/>\n<meta property=\"og:title\" content=\"Solenidade marca conclus\u00e3o da Turma 2025 do Programa Educacional Bombeiro Militar Mirim - PROEBOM - Corpo de Bombeiros Militar de Rond\u00f4nia\" \/>\n<meta property=\"og:description\" content=\"A Escola Estadual Heitor Villas Lobo, na noite de quinta-feira, 11 de dezembro, foi palco da solenidade de conclus\u00e3o do Curso Bombeiro Militar Mirim, referente \u00e0 Turma 2025 do Programa&hellip;\" \/>\n<meta property=\"og:url\" content=\"https:\/\/www.cbm.ro.gov.br\/?p=6597\" \/>\n<meta property=\"og:site_name\" content=\"Corpo de Bombeiros Militar de Rond\u00f4nia\" \/>\n<meta property=\"article:publisher\" content=\"https:\/\/www.facebook.com\/cbmro.oficial\/\" \/>\n<meta property=\"article:published_time\" content=\"2025-12-15T13:25:24+00:00\" \/>\n<meta property=\"article:modified_time\" content=\"2025-12-15T13:25:25+00:00\" \/>\n<meta property=\"og:image\" content=\"https:\/\/www.cbm.ro.gov.br\/wp-content\/uploads\/2025\/12\/00-foto-oficial-encerramento-da-turma-1024x576.png\" \/>\n\t<meta property=\"og:image:width\" content=\"1024\" \/>\n\t<meta property=\"og:image:height\" content=\"576\" \/>\n\t<meta property=\"og:image:type\" content=\"image\/png\" \/>\n<meta name=\"author\" content=\"Diovana Castellon\" \/>\n<meta name=\"twitter:card\" content=\"summary_large_image\" \/>\n<meta name=\"twitter:label1\" content=\"Escrito por\" \/>\n\t<meta name=\"twitter:data1\" content=\"Diovana Castellon\" \/>\n\t<meta name=\"twitter:label2\" content=\"Est. tempo de leitura\" \/>\n\t<meta name=\"twitter:data2\" content=\"2 minutos\" \/>\n<script type=\"application\/ld+json\" class=\"yoast-schema-graph\">{\"@context\":\"https:\/\/schema.org\",\"@graph\":[{\"@type\":\"Article\",\"@id\":\"https:\/\/www.cbm.ro.gov.br\/?p=6597#article\",\"isPartOf\":{\"@id\":\"https:\/\/www.cbm.ro.gov.br\/?p=6597\"},\"author\":{\"name\":\"Diovana Castellon\",\"@id\":\"https:\/\/www.cbm.ro.gov.br\/#\/schema\/person\/8e7b7a65b9962de993d36cb5fca8412f\"},\"headline\":\"Solenidade marca conclus\u00e3o da Turma 2025 do Programa Educacional Bombeiro Militar Mirim &#8211; PROEBOM\",\"datePublished\":\"2025-12-15T13:25:24+00:00\",\"dateModified\":\"2025-12-15T13:25:25+00:00\",\"mainEntityOfPage\":{\"@id\":\"https:\/\/www.cbm.ro.gov.br\/?p=6597\"},\"wordCount\":462,\"publisher\":{\"@id\":\"https:\/\/www.cbm.ro.gov.br\/#organization\"},\"image\":{\"@id\":\"https:\/\/www.cbm.ro.gov.br\/?p=6597#primaryimage\"},\"thumbnailUrl\":\"https:\/\/www.cbm.ro.gov.br\/wp-content\/uploads\/2025\/12\/00-foto-oficial-encerramento-da-turma.png\",\"keywords\":[\"2025\",\"CBMRO\",\"GOVERNODERONDONIA\",\"PROEBOM\",\"PROEBOM2025\"],\"articleSection\":[\"Bombeiro Mirim\",\"CBMRO\"],\"inLanguage\":\"pt-BR\"},{\"@type\":\"WebPage\",\"@id\":\"https:\/\/www.cbm.ro.gov.br\/?p=6597\",\"url\":\"https:\/\/www.cbm.ro.gov.br\/?p=6597\",\"name\":\"Solenidade marca conclus\u00e3o da Turma 2025 do Programa Educacional Bombeiro Militar Mirim - PROEBOM - Corpo de Bombeiros Militar de Rond\u00f4nia\",\"isPartOf\":{\"@id\":\"https:\/\/www.cbm.ro.gov.br\/#website\"},\"primaryImageOfPage\":{\"@id\":\"https:\/\/www.cbm.ro.gov.br\/?p=6597#primaryimage\"},\"image\":{\"@id\":\"https:\/\/www.cbm.ro.gov.br\/?p=6597#primaryimage\"},\"thumbnailUrl\":\"https:\/\/www.cbm.ro.gov.br\/wp-content\/uploads\/2025\/12\/00-foto-oficial-encerramento-da-turma.png\",\"datePublished\":\"2025-12-15T13:25:24+00:00\",\"dateModified\":\"2025-12-15T13:25:25+00:00\",\"breadcrumb\":{\"@id\":\"https:\/\/www.cbm.ro.gov.br\/?p=6597#breadcrumb\"},\"inLanguage\":\"pt-BR\",\"potentialAction\":[{\"@type\":\"ReadAction\",\"target\":[\"https:\/\/www.cbm.ro.gov.br\/?p=6597\"]}]},{\"@type\":\"ImageObject\",\"inLanguage\":\"pt-BR\",\"@id\":\"https:\/\/www.cbm.ro.gov.br\/?p=6597#primaryimage\",\"url\":\"https:\/\/www.cbm.ro.gov.br\/wp-content\/uploads\/2025\/12\/00-foto-oficial-encerramento-da-turma.png\",\"contentUrl\":\"https:\/\/www.cbm.ro.gov.br\/wp-content\/uploads\/2025\/12\/00-foto-oficial-encerramento-da-turma.png\",\"width\":1920,\"height\":1080},{\"@type\":\"BreadcrumbList\",\"@id\":\"https:\/\/www.cbm.ro.gov.br\/?p=6597#breadcrumb\",\"itemListElement\":[{\"@type\":\"ListItem\",\"position\":1,\"name\":\"In\u00edcio\",\"item\":\"https:\/\/www.cbm.ro.gov.br\/\"},{\"@type\":\"ListItem\",\"position\":2,\"name\":\"Solenidade marca conclus\u00e3o da Turma 2025 do Programa Educacional Bombeiro Militar Mirim &#8211; PROEBOM\"}]},{\"@type\":\"WebSite\",\"@id\":\"https:\/\/www.cbm.ro.gov.br\/#website\",\"url\":\"https:\/\/www.cbm.ro.gov.br\/\",\"name\":\"Corpo de Bombeiros Militar de Rond\u00f4nia\",\"description\":\"Vidas alheias, riquezas salvar!\",\"publisher\":{\"@id\":\"https:\/\/www.cbm.ro.gov.br\/#organization\"},\"alternateName\":\"cbmro\",\"potentialAction\":[{\"@type\":\"SearchAction\",\"target\":{\"@type\":\"EntryPoint\",\"urlTemplate\":\"https:\/\/www.cbm.ro.gov.br\/?s={search_term_string}\"},\"query-input\":{\"@type\":\"PropertyValueSpecification\",\"valueRequired\":true,\"valueName\":\"search_term_string\"}}],\"inLanguage\":\"pt-BR\"},{\"@type\":\"Organization\",\"@id\":\"https:\/\/www.cbm.ro.gov.br\/#organization\",\"name\":\"Corpo de Bombeiros Militar do Estado de Rond\u00f4nia\",\"alternateName\":\"CBMRO\",\"url\":\"https:\/\/www.cbm.ro.gov.br\/\",\"logo\":{\"@type\":\"ImageObject\",\"inLanguage\":\"pt-BR\",\"@id\":\"https:\/\/www.cbm.ro.gov.br\/#\/schema\/logo\/image\/\",\"url\":\"https:\/\/www.cbm.ro.gov.br\/wp-content\/uploads\/2023\/12\/cropped-cropped-cropped-BRASO_3D_32-1-e1724344443171.png\",\"contentUrl\":\"https:\/\/www.cbm.ro.gov.br\/wp-content\/uploads\/2023\/12\/cropped-cropped-cropped-BRASO_3D_32-1-e1724344443171.png\",\"width\":446,\"height\":441,\"caption\":\"Corpo de Bombeiros Militar do Estado de Rond\u00f4nia\"},\"image\":{\"@id\":\"https:\/\/www.cbm.ro.gov.br\/#\/schema\/logo\/image\/\"},\"sameAs\":[\"https:\/\/www.facebook.com\/cbmro.oficial\/\",\"https:\/\/www.youtube.com\/c\/CorpodeBombeirosMilitardoEstadodeRond\u00f4nia\"]},{\"@type\":\"Person\",\"@id\":\"https:\/\/www.cbm.ro.gov.br\/#\/schema\/person\/8e7b7a65b9962de993d36cb5fca8412f\",\"name\":\"Diovana Castellon\",\"url\":\"https:\/\/www.cbm.ro.gov.br\/?author=3\"}]}<\/script>\n<!-- \/ Yoast SEO plugin. -->","yoast_head_json":{"title":"Solenidade marca conclus\u00e3o da Turma 2025 do Programa Educacional Bombeiro Militar Mirim - PROEBOM - Corpo de Bombeiros Militar de Rond\u00f4nia","robots":{"index":"index","follow":"follow","max-snippet":"max-snippet:-1","max-image-preview":"max-image-preview:large","max-video-preview":"max-video-preview:-1"},"canonical":"https:\/\/www.cbm.ro.gov.br\/?p=6597","og_locale":"pt_BR","og_type":"article","og_title":"Solenidade marca conclus\u00e3o da Turma 2025 do Programa Educacional Bombeiro Militar Mirim - PROEBOM - Corpo de Bombeiros Militar de Rond\u00f4nia","og_description":"A Escola Estadual Heitor Villas Lobo, na noite de quinta-feira, 11 de dezembro, foi palco da solenidade de conclus\u00e3o do Curso Bombeiro Militar Mirim, referente \u00e0 Turma 2025 do Programa&hellip;","og_url":"https:\/\/www.cbm.ro.gov.br\/?p=6597","og_site_name":"Corpo de Bombeiros Militar de Rond\u00f4nia","article_publisher":"https:\/\/www.facebook.com\/cbmro.oficial\/","article_published_time":"2025-12-15T13:25:24+00:00","article_modified_time":"2025-12-15T13:25:25+00:00","og_image":[{"width":1024,"height":576,"url":"https:\/\/www.cbm.ro.gov.br\/wp-content\/uploads\/2025\/12\/00-foto-oficial-encerramento-da-turma-1024x576.png","type":"image\/png"}],"author":"Diovana Castellon","twitter_card":"summary_large_image","twitter_misc":{"Escrito por":"Diovana Castellon","Est. tempo de leitura":"2 minutos"},"schema":{"@context":"https:\/\/schema.org","@graph":[{"@type":"Article","@id":"https:\/\/www.cbm.ro.gov.br\/?p=6597#article","isPartOf":{"@id":"https:\/\/www.cbm.ro.gov.br\/?p=6597"},"author":{"name":"Diovana Castellon","@id":"https:\/\/www.cbm.ro.gov.br\/#\/schema\/person\/8e7b7a65b9962de993d36cb5fca8412f"},"headline":"Solenidade marca conclus\u00e3o da Turma 2025 do Programa Educacional Bombeiro Militar Mirim &#8211; PROEBOM","datePublished":"2025-12-15T13:25:24+00:00","dateModified":"2025-12-15T13:25:25+00:00","mainEntityOfPage":{"@id":"https:\/\/www.cbm.ro.gov.br\/?p=6597"},"wordCount":462,"publisher":{"@id":"https:\/\/www.cbm.ro.gov.br\/#organization"},"image":{"@id":"https:\/\/www.cbm.ro.gov.br\/?p=6597#primaryimage"},"thumbnailUrl":"https:\/\/www.cbm.ro.gov.br\/wp-content\/uploads\/2025\/12\/00-foto-oficial-encerramento-da-turma.png","keywords":["2025","CBMRO","GOVERNODERONDONIA","PROEBOM","PROEBOM2025"],"articleSection":["Bombeiro Mirim","CBMRO"],"inLanguage":"pt-BR"},{"@type":"WebPage","@id":"https:\/\/www.cbm.ro.gov.br\/?p=6597","url":"https:\/\/www.cbm.ro.gov.br\/?p=6597","name":"Solenidade marca conclus\u00e3o da Turma 2025 do Programa Educacional Bombeiro Militar Mirim - PROEBOM - Corpo de Bombeiros Militar de Rond\u00f4nia","isPartOf":{"@id":"https:\/\/www.cbm.ro.gov.br\/#website"},"primaryImageOfPage":{"@id":"https:\/\/www.cbm.ro.gov.br\/?p=6597#primaryimage"},"image":{"@id":"https:\/\/www.cbm.ro.gov.br\/?p=6597#primaryimage"},"thumbnailUrl":"https:\/\/www.cbm.ro.gov.br\/wp-content\/uploads\/2025\/12\/00-foto-oficial-encerramento-da-turma.png","datePublished":"2025-12-15T13:25:24+00:00","dateModified":"2025-12-15T13:25:25+00:00","breadcrumb":{"@id":"https:\/\/www.cbm.ro.gov.br\/?p=6597#breadcrumb"},"inLanguage":"pt-BR","potentialAction":[{"@type":"ReadAction","target":["https:\/\/www.cbm.ro.gov.br\/?p=6597"]}]},{"@type":"ImageObject","inLanguage":"pt-BR","@id":"https:\/\/www.cbm.ro.gov.br\/?p=6597#primaryimage","url":"https:\/\/www.cbm.ro.gov.br\/wp-content\/uploads\/2025\/12\/00-foto-oficial-encerramento-da-turma.png","contentUrl":"https:\/\/www.cbm.ro.gov.br\/wp-content\/uploads\/2025\/12\/00-foto-oficial-encerramento-da-turma.png","width":1920,"height":1080},{"@type":"BreadcrumbList","@id":"https:\/\/www.cbm.ro.gov.br\/?p=6597#breadcrumb","itemListElement":[{"@type":"ListItem","position":1,"name":"In\u00edcio","item":"https:\/\/www.cbm.ro.gov.br\/"},{"@type":"ListItem","position":2,"name":"Solenidade marca conclus\u00e3o da Turma 2025 do Programa Educacional Bombeiro Militar Mirim &#8211; PROEBOM"}]},{"@type":"WebSite","@id":"https:\/\/www.cbm.ro.gov.br\/#website","url":"https:\/\/www.cbm.ro.gov.br\/","name":"Corpo de Bombeiros Militar de Rond\u00f4nia","description":"Vidas alheias, riquezas salvar!","publisher":{"@id":"https:\/\/www.cbm.ro.gov.br\/#organization"},"alternateName":"cbmro","potentialAction":[{"@type":"SearchAction","target":{"@type":"EntryPoint","urlTemplate":"https:\/\/www.cbm.ro.gov.br\/?s={search_term_string}"},"query-input":{"@type":"PropertyValueSpecification","valueRequired":true,"valueName":"search_term_string"}}],"inLanguage":"pt-BR"},{"@type":"Organization","@id":"https:\/\/www.cbm.ro.gov.br\/#organization","name":"Corpo de Bombeiros Militar do Estado de Rond\u00f4nia","alternateName":"CBMRO","url":"https:\/\/www.cbm.ro.gov.br\/","logo":{"@type":"ImageObject","inLanguage":"pt-BR","@id":"https:\/\/www.cbm.ro.gov.br\/#\/schema\/logo\/image\/","url":"https:\/\/www.cbm.ro.gov.br\/wp-content\/uploads\/2023\/12\/cropped-cropped-cropped-BRASO_3D_32-1-e1724344443171.png","contentUrl":"https:\/\/www.cbm.ro.gov.br\/wp-content\/uploads\/2023\/12\/cropped-cropped-cropped-BRASO_3D_32-1-e1724344443171.png","width":446,"height":441,"caption":"Corpo de Bombeiros Militar do Estado de Rond\u00f4nia"},"image":{"@id":"https:\/\/www.cbm.ro.gov.br\/#\/schema\/logo\/image\/"},"sameAs":["https:\/\/www.facebook.com\/cbmro.oficial\/","https:\/\/www.youtube.com\/c\/CorpodeBombeirosMilitardoEstadodeRond\u00f4nia"]},{"@type":"Person","@id":"https:\/\/www.cbm.ro.gov.br\/#\/schema\/person\/8e7b7a65b9962de993d36cb5fca8412f","name":"Diovana Castellon","url":"https:\/\/www.cbm.ro.gov.br\/?author=3"}]}},"wpmagazine_modules_lite_featured_media_urls":{"thumbnail":["https:\/\/www.cbm.ro.gov.br\/wp-content\/uploads\/2025\/12\/00-foto-oficial-encerramento-da-turma-150x150.png",150,150,true],"cvmm-medium":["https:\/\/www.cbm.ro.gov.br\/wp-content\/uploads\/2025\/12\/00-foto-oficial-encerramento-da-turma-300x300.png",300,300,true],"cvmm-medium-plus":["https:\/\/www.cbm.ro.gov.br\/wp-content\/uploads\/2025\/12\/00-foto-oficial-encerramento-da-turma-305x207.png",305,207,true],"cvmm-portrait":["https:\/\/www.cbm.ro.gov.br\/wp-content\/uploads\/2025\/12\/00-foto-oficial-encerramento-da-turma-400x600.png",400,600,true],"cvmm-medium-square":["https:\/\/www.cbm.ro.gov.br\/wp-content\/uploads\/2025\/12\/00-foto-oficial-encerramento-da-turma-600x600.png",600,600,true],"cvmm-large":["https:\/\/www.cbm.ro.gov.br\/wp-content\/uploads\/2025\/12\/00-foto-oficial-encerramento-da-turma-1024x1024.png",1024,1024,true],"cvmm-small":["https:\/\/www.cbm.ro.gov.br\/wp-content\/uploads\/2025\/12\/00-foto-oficial-encerramento-da-turma-130x95.png",130,95,true],"full":["https:\/\/www.cbm.ro.gov.br\/wp-content\/uploads\/2025\/12\/00-foto-oficial-encerramento-da-turma.png",1920,1080,false]},"categories_names":{"8":{"name":"Bombeiro Mirim","link":"https:\/\/www.cbm.ro.gov.br\/?cat=8"},"1":{"name":"CBMRO","link":"https:\/\/www.cbm.ro.gov.br\/?cat=1"}},"tags_names":{"206":{"name":"2025","link":"https:\/\/www.cbm.ro.gov.br\/?tag=2025"},"13":{"name":"CBMRO","link":"https:\/\/www.cbm.ro.gov.br\/?tag=cbmro"},"86":{"name":"GOVERNODERONDONIA","link":"https:\/\/www.cbm.ro.gov.br\/?tag=governoderondonia"},"126":{"name":"PROEBOM","link":"https:\/\/www.cbm.ro.gov.br\/?tag=proebom"},"292":{"name":"PROEBOM2025","link":"https:\/\/www.cbm.ro.gov.br\/?tag=proebom2025"}},"comments_number":"0","_links":{"self":[{"href":"https:\/\/www.cbm.ro.gov.br\/index.php?rest_route=\/wp\/v2\/posts\/6597","targetHints":{"allow":["GET"]}}],"collection":[{"href":"https:\/\/www.cbm.ro.gov.br\/index.php?rest_route=\/wp\/v2\/posts"}],"about":[{"href":"https:\/\/www.cbm.ro.gov.br\/index.php?rest_route=\/wp\/v2\/types\/post"}],"author":[{"embeddable":true,"href":"https:\/\/www.cbm.ro.gov.br\/index.php?rest_route=\/wp\/v2\/users\/3"}],"replies":[{"embeddable":true,"href":"https:\/\/www.cbm.ro.gov.br\/index.php?rest_route=%2Fwp%2Fv2%2Fcomments&post=6597"}],"version-history":[{"count":9,"href":"https:\/\/www.cbm.ro.gov.br\/index.php?rest_route=\/wp\/v2\/posts\/6597\/revisions"}],"predecessor-version":[{"id":6613,"href":"https:\/\/www.cbm.ro.gov.br\/index.php?rest_route=\/wp\/v2\/posts\/6597\/revisions\/6613"}],"wp:featuredmedia":[{"embeddable":true,"href":"https:\/\/www.cbm.ro.gov.br\/index.php?rest_route=\/wp\/v2\/media\/6600"}],"wp:attachment":[{"href":"https:\/\/www.cbm.ro.gov.br\/index.php?rest_route=%2Fwp%2Fv2%2Fmedia&parent=6597"}],"wp:term":[{"taxonomy":"category","embeddable":true,"href":"https:\/\/www.cbm.ro.gov.br\/index.php?rest_route=%2Fwp%2Fv2%2Fcategories&post=6597"},{"taxonomy":"post_tag","embeddable":true,"href":"https:\/\/www.cbm.ro.gov.br\/index.php?rest_route=%2Fwp%2Fv2%2Ftags&post=6597"}],"curies":[{"name":"wp","href":"https:\/\/api.w.org\/{rel}","templated":true}]}}