{"id":6369,"date":"2025-10-29T08:28:33","date_gmt":"2025-10-29T12:28:33","guid":{"rendered":"https:\/\/www.cbm.ro.gov.br\/?p=6369"},"modified":"2025-10-29T08:28:33","modified_gmt":"2025-10-29T12:28:33","slug":"cbmro-participa-do-congresso-de-operacoes-policiais-e-da-reuniao-do-conselho-nacional-de-comandantes-gerais","status":"publish","type":"post","link":"https:\/\/www.cbm.ro.gov.br\/?p=6369","title":{"rendered":"CBMRO PARTICIPA DO CONGRESSO DE OPERA\u00c7\u00d5ES POLICIAIS E DA REUNI\u00c3O DO CONSELHO NACIONAL DE COMANDANTES-GERAIS"},"content":{"rendered":"\n<p class=\"has-black-color has-text-color has-link-color wp-elements-de746fe06eda640b7090c83d52e72c45\">S\u00e3o Paulo (SP) \u2013 Nos dias 23 e 24 de outubro de 2025, o Corpo de Bombeiros Militar do Estado de Rond\u00f4nia (CBMRO) marcou presen\u00e7a em dois importantes eventos de \u00e2mbito nacional: o Congresso de Opera\u00e7\u00f5es Policiais (COP) e a Reuni\u00e3o do Conselho Nacional de Comandantes-Gerais dos Corpos de Bombeiros Militares (LIGABOM), realizada em conjunto com o Conselho Nacional de Comandantes-Gerais das Pol\u00edcias Militares (CNCGPM).<\/p>\n\n\n\n<p class=\"has-black-color has-text-color has-link-color wp-elements-04fecd76540c454bb47011ffcd62fa38\">Representando o Estado de Rond\u00f4nia, participaram o Coronel BM Nivaldo, Comandante-Geral do CBMRO, e integrantes da Secretaria de Estado da Seguran\u00e7a, Defesa e Cidadania (SESDEC).<\/p>\n\n\n\n<p class=\"has-black-color has-text-color has-link-color wp-elements-bac920fb34cb71e6f58eba3802252ff3\">Durante o COP, foram expostos materiais, equipamentos e novas tecnologias voltadas ao servi\u00e7o bombeiro militar, promovendo a troca de experi\u00eancias e o fortalecimento das a\u00e7\u00f5es operacionais entre os Corpos de Bombeiros e as Pol\u00edcias Militares de todo o pa\u00eds. O evento contou ainda com palestras t\u00e9cnicas, demonstra\u00e7\u00f5es pr\u00e1ticas e pain\u00e9is sobre gest\u00e3o de crises, opera\u00e7\u00f5es conjuntas e inova\u00e7\u00f5es em seguran\u00e7a p\u00fablica.<\/p>\n\n\n\n<p class=\"has-black-color has-text-color has-link-color wp-elements-0bc3edc1a38a53c0b08545f76f3dc2b0\">Na Reuni\u00e3o da LIGABOM e CNCGPM, os comandantes-gerais discutiram pautas estrat\u00e9gicas voltadas \u00e0 integra\u00e7\u00e3o nacional das corpora\u00e7\u00f5es, com foco em legisla\u00e7\u00e3o, padroniza\u00e7\u00e3o de treinamentos, protocolos de resposta a ocorr\u00eancias de grande vulto e fortalecimento institucional.<\/p>\n\n\n\n<p class=\"has-black-color has-text-color has-link-color wp-elements-56dc2bc9c434ce3ac592e3d3e230e7dd\">Segundo o Coronel Nivaldo, a participa\u00e7\u00e3o de Rond\u00f4nia nesses encontros refor\u00e7a o compromisso do CBMRO com a moderniza\u00e7\u00e3o e a excel\u00eancia dos servi\u00e7os prestados \u00e0 sociedade:<\/p>\n\n\n\n<p class=\"has-black-color has-text-color has-link-color wp-elements-d7d4a622bfc84f6cc57ffa26ba94297f\">\u201cA presen\u00e7a do nosso Estado nesses f\u00f3runs nacionais \u00e9 fundamental para trocarmos experi\u00eancias, conhecer novas tecnologias e alinhar pr\u00e1ticas que contribuam para o aprimoramento cont\u00ednuo do servi\u00e7o bombeiro militar. O fortalecimento da integra\u00e7\u00e3o entre as institui\u00e7\u00f5es \u00e9 essencial para garantir uma resposta cada vez mais eficiente \u00e0s demandas da popula\u00e7\u00e3o\u201d, destacou o Comandante-Geral.<\/p>\n\n\n\n<p class=\"has-black-color has-text-color has-link-color wp-elements-4b48f1f143d8fb3a3206f8df5c1a4602\">O evento reuniu secret\u00e1rios de seguran\u00e7a p\u00fablica, comandantes-gerais das pol\u00edcias e corpos de bombeiros militares de todas as unidades da federa\u00e7\u00e3o, al\u00e9m de diversas autoridades civis e militares, consolidando-se como um espa\u00e7o de coopera\u00e7\u00e3o, inova\u00e7\u00e3o e fortalecimento da seguran\u00e7a p\u00fablica nacional.<\/p>\n\n\n\n<figure class=\"wp-block-image size-large\"><img fetchpriority=\"high\" decoding=\"async\" width=\"1024\" height=\"768\" src=\"https:\/\/www.cbm.ro.gov.br\/wp-content\/uploads\/2025\/10\/image-8-1024x768.jpeg\" alt=\"\" class=\"wp-image-6370\" srcset=\"https:\/\/www.cbm.ro.gov.br\/wp-content\/uploads\/2025\/10\/image-8-1024x768.jpeg 1024w, https:\/\/www.cbm.ro.gov.br\/wp-content\/uploads\/2025\/10\/image-8-300x225.jpeg 300w, https:\/\/www.cbm.ro.gov.br\/wp-content\/uploads\/2025\/10\/image-8-768x576.jpeg 768w, https:\/\/www.cbm.ro.gov.br\/wp-content\/uploads\/2025\/10\/image-8.jpeg 1280w\" sizes=\"(max-width: 1024px) 100vw, 1024px\" \/><\/figure>\n","protected":false},"excerpt":{"rendered":"<p>S\u00e3o Paulo (SP) \u2013 Nos dias 23 e 24 de outubro de 2025, o Corpo de Bombeiros Militar do Estado de Rond\u00f4nia (CBMRO) marcou presen\u00e7a em dois importantes eventos de&hellip;<\/p>\n","protected":false},"author":10,"featured_media":6371,"comment_status":"closed","ping_status":"open","sticky":false,"template":"","format":"standard","meta":{"footnotes":""},"categories":[1],"tags":[13,454,79],"class_list":["post-6369","post","type-post","status-publish","format-standard","has-post-thumbnail","hentry","category-cbmro","tag-cbmro","tag-comandantes-gerais","tag-congresso"],"yoast_head":"<!-- This site is optimized with the Yoast SEO plugin v23.7 - https:\/\/yoast.com\/wordpress\/plugins\/seo\/ -->\n<title>CBMRO PARTICIPA DO CONGRESSO DE OPERA\u00c7\u00d5ES POLICIAIS E DA REUNI\u00c3O DO CONSELHO NACIONAL DE COMANDANTES-GERAIS - Corpo de Bombeiros Militar de Rond\u00f4nia<\/title>\n<meta name=\"robots\" content=\"index, follow, max-snippet:-1, max-image-preview:large, max-video-preview:-1\" \/>\n<link rel=\"canonical\" href=\"https:\/\/www.cbm.ro.gov.br\/?p=6369\" \/>\n<meta property=\"og:locale\" content=\"pt_BR\" \/>\n<meta property=\"og:type\" content=\"article\" \/>\n<meta property=\"og:title\" content=\"CBMRO PARTICIPA DO CONGRESSO DE OPERA\u00c7\u00d5ES POLICIAIS E DA REUNI\u00c3O DO CONSELHO NACIONAL DE COMANDANTES-GERAIS - Corpo de Bombeiros Militar de Rond\u00f4nia\" \/>\n<meta property=\"og:description\" content=\"S\u00e3o Paulo (SP) \u2013 Nos dias 23 e 24 de outubro de 2025, o Corpo de Bombeiros Militar do Estado de Rond\u00f4nia (CBMRO) marcou presen\u00e7a em dois importantes eventos de&hellip;\" \/>\n<meta property=\"og:url\" content=\"https:\/\/www.cbm.ro.gov.br\/?p=6369\" \/>\n<meta property=\"og:site_name\" content=\"Corpo de Bombeiros Militar de Rond\u00f4nia\" \/>\n<meta property=\"article:publisher\" content=\"https:\/\/www.facebook.com\/cbmro.oficial\/\" \/>\n<meta property=\"article:published_time\" content=\"2025-10-29T12:28:33+00:00\" \/>\n<meta property=\"og:image\" content=\"https:\/\/www.cbm.ro.gov.br\/wp-content\/uploads\/2025\/10\/WhatsApp-Image-2025-10-29-at-06.58.35.jpeg\" \/>\n\t<meta property=\"og:image:width\" content=\"1280\" \/>\n\t<meta property=\"og:image:height\" content=\"960\" \/>\n\t<meta property=\"og:image:type\" content=\"image\/jpeg\" \/>\n<meta name=\"author\" content=\"Mikaelly Ferreira\" \/>\n<meta name=\"twitter:card\" content=\"summary_large_image\" \/>\n<meta name=\"twitter:label1\" content=\"Escrito por\" \/>\n\t<meta name=\"twitter:data1\" content=\"Mikaelly Ferreira\" \/>\n\t<meta name=\"twitter:label2\" content=\"Est. tempo de leitura\" \/>\n\t<meta name=\"twitter:data2\" content=\"2 minutos\" \/>\n<script type=\"application\/ld+json\" class=\"yoast-schema-graph\">{\"@context\":\"https:\/\/schema.org\",\"@graph\":[{\"@type\":\"Article\",\"@id\":\"https:\/\/www.cbm.ro.gov.br\/?p=6369#article\",\"isPartOf\":{\"@id\":\"https:\/\/www.cbm.ro.gov.br\/?p=6369\"},\"author\":{\"name\":\"Mikaelly Ferreira\",\"@id\":\"https:\/\/www.cbm.ro.gov.br\/#\/schema\/person\/168f7d47e46be410f13c80f869442f73\"},\"headline\":\"CBMRO PARTICIPA DO CONGRESSO DE OPERA\u00c7\u00d5ES POLICIAIS E DA REUNI\u00c3O DO CONSELHO NACIONAL DE COMANDANTES-GERAIS\",\"datePublished\":\"2025-10-29T12:28:33+00:00\",\"dateModified\":\"2025-10-29T12:28:33+00:00\",\"mainEntityOfPage\":{\"@id\":\"https:\/\/www.cbm.ro.gov.br\/?p=6369\"},\"wordCount\":370,\"publisher\":{\"@id\":\"https:\/\/www.cbm.ro.gov.br\/#organization\"},\"image\":{\"@id\":\"https:\/\/www.cbm.ro.gov.br\/?p=6369#primaryimage\"},\"thumbnailUrl\":\"https:\/\/www.cbm.ro.gov.br\/wp-content\/uploads\/2025\/10\/WhatsApp-Image-2025-10-29-at-06.58.35.jpeg\",\"keywords\":[\"CBMRO\",\"COMANDANTES-GERAIS\",\"CONGRESSO\"],\"articleSection\":[\"CBMRO\"],\"inLanguage\":\"pt-BR\"},{\"@type\":\"WebPage\",\"@id\":\"https:\/\/www.cbm.ro.gov.br\/?p=6369\",\"url\":\"https:\/\/www.cbm.ro.gov.br\/?p=6369\",\"name\":\"CBMRO PARTICIPA DO CONGRESSO DE OPERA\u00c7\u00d5ES POLICIAIS E DA REUNI\u00c3O DO CONSELHO NACIONAL DE COMANDANTES-GERAIS - Corpo de Bombeiros Militar de Rond\u00f4nia\",\"isPartOf\":{\"@id\":\"https:\/\/www.cbm.ro.gov.br\/#website\"},\"primaryImageOfPage\":{\"@id\":\"https:\/\/www.cbm.ro.gov.br\/?p=6369#primaryimage\"},\"image\":{\"@id\":\"https:\/\/www.cbm.ro.gov.br\/?p=6369#primaryimage\"},\"thumbnailUrl\":\"https:\/\/www.cbm.ro.gov.br\/wp-content\/uploads\/2025\/10\/WhatsApp-Image-2025-10-29-at-06.58.35.jpeg\",\"datePublished\":\"2025-10-29T12:28:33+00:00\",\"dateModified\":\"2025-10-29T12:28:33+00:00\",\"breadcrumb\":{\"@id\":\"https:\/\/www.cbm.ro.gov.br\/?p=6369#breadcrumb\"},\"inLanguage\":\"pt-BR\",\"potentialAction\":[{\"@type\":\"ReadAction\",\"target\":[\"https:\/\/www.cbm.ro.gov.br\/?p=6369\"]}]},{\"@type\":\"ImageObject\",\"inLanguage\":\"pt-BR\",\"@id\":\"https:\/\/www.cbm.ro.gov.br\/?p=6369#primaryimage\",\"url\":\"https:\/\/www.cbm.ro.gov.br\/wp-content\/uploads\/2025\/10\/WhatsApp-Image-2025-10-29-at-06.58.35.jpeg\",\"contentUrl\":\"https:\/\/www.cbm.ro.gov.br\/wp-content\/uploads\/2025\/10\/WhatsApp-Image-2025-10-29-at-06.58.35.jpeg\",\"width\":1280,\"height\":960},{\"@type\":\"BreadcrumbList\",\"@id\":\"https:\/\/www.cbm.ro.gov.br\/?p=6369#breadcrumb\",\"itemListElement\":[{\"@type\":\"ListItem\",\"position\":1,\"name\":\"In\u00edcio\",\"item\":\"https:\/\/www.cbm.ro.gov.br\/\"},{\"@type\":\"ListItem\",\"position\":2,\"name\":\"CBMRO PARTICIPA DO CONGRESSO DE OPERA\u00c7\u00d5ES POLICIAIS E DA REUNI\u00c3O DO CONSELHO NACIONAL DE COMANDANTES-GERAIS\"}]},{\"@type\":\"WebSite\",\"@id\":\"https:\/\/www.cbm.ro.gov.br\/#website\",\"url\":\"https:\/\/www.cbm.ro.gov.br\/\",\"name\":\"Corpo de Bombeiros Militar de Rond\u00f4nia\",\"description\":\"Vidas alheias, riquezas salvar!\",\"publisher\":{\"@id\":\"https:\/\/www.cbm.ro.gov.br\/#organization\"},\"alternateName\":\"cbmro\",\"potentialAction\":[{\"@type\":\"SearchAction\",\"target\":{\"@type\":\"EntryPoint\",\"urlTemplate\":\"https:\/\/www.cbm.ro.gov.br\/?s={search_term_string}\"},\"query-input\":{\"@type\":\"PropertyValueSpecification\",\"valueRequired\":true,\"valueName\":\"search_term_string\"}}],\"inLanguage\":\"pt-BR\"},{\"@type\":\"Organization\",\"@id\":\"https:\/\/www.cbm.ro.gov.br\/#organization\",\"name\":\"Corpo de Bombeiros Militar do Estado de Rond\u00f4nia\",\"alternateName\":\"CBMRO\",\"url\":\"https:\/\/www.cbm.ro.gov.br\/\",\"logo\":{\"@type\":\"ImageObject\",\"inLanguage\":\"pt-BR\",\"@id\":\"https:\/\/www.cbm.ro.gov.br\/#\/schema\/logo\/image\/\",\"url\":\"https:\/\/www.cbm.ro.gov.br\/wp-content\/uploads\/2023\/12\/cropped-cropped-cropped-BRASO_3D_32-1-e1724344443171.png\",\"contentUrl\":\"https:\/\/www.cbm.ro.gov.br\/wp-content\/uploads\/2023\/12\/cropped-cropped-cropped-BRASO_3D_32-1-e1724344443171.png\",\"width\":446,\"height\":441,\"caption\":\"Corpo de Bombeiros Militar do Estado de Rond\u00f4nia\"},\"image\":{\"@id\":\"https:\/\/www.cbm.ro.gov.br\/#\/schema\/logo\/image\/\"},\"sameAs\":[\"https:\/\/www.facebook.com\/cbmro.oficial\/\",\"https:\/\/www.youtube.com\/c\/CorpodeBombeirosMilitardoEstadodeRond\u00f4nia\"]},{\"@type\":\"Person\",\"@id\":\"https:\/\/www.cbm.ro.gov.br\/#\/schema\/person\/168f7d47e46be410f13c80f869442f73\",\"name\":\"Mikaelly Ferreira\",\"url\":\"https:\/\/www.cbm.ro.gov.br\/?author=10\"}]}<\/script>\n<!-- \/ Yoast SEO plugin. -->","yoast_head_json":{"title":"CBMRO PARTICIPA DO CONGRESSO DE OPERA\u00c7\u00d5ES POLICIAIS E DA REUNI\u00c3O DO CONSELHO NACIONAL DE COMANDANTES-GERAIS - Corpo de Bombeiros Militar de Rond\u00f4nia","robots":{"index":"index","follow":"follow","max-snippet":"max-snippet:-1","max-image-preview":"max-image-preview:large","max-video-preview":"max-video-preview:-1"},"canonical":"https:\/\/www.cbm.ro.gov.br\/?p=6369","og_locale":"pt_BR","og_type":"article","og_title":"CBMRO PARTICIPA DO CONGRESSO DE OPERA\u00c7\u00d5ES POLICIAIS E DA REUNI\u00c3O DO CONSELHO NACIONAL DE COMANDANTES-GERAIS - Corpo de Bombeiros Militar de Rond\u00f4nia","og_description":"S\u00e3o Paulo (SP) \u2013 Nos dias 23 e 24 de outubro de 2025, o Corpo de Bombeiros Militar do Estado de Rond\u00f4nia (CBMRO) marcou presen\u00e7a em dois importantes eventos de&hellip;","og_url":"https:\/\/www.cbm.ro.gov.br\/?p=6369","og_site_name":"Corpo de Bombeiros Militar de Rond\u00f4nia","article_publisher":"https:\/\/www.facebook.com\/cbmro.oficial\/","article_published_time":"2025-10-29T12:28:33+00:00","og_image":[{"width":1280,"height":960,"url":"https:\/\/www.cbm.ro.gov.br\/wp-content\/uploads\/2025\/10\/WhatsApp-Image-2025-10-29-at-06.58.35.jpeg","type":"image\/jpeg"}],"author":"Mikaelly Ferreira","twitter_card":"summary_large_image","twitter_misc":{"Escrito por":"Mikaelly Ferreira","Est. tempo de leitura":"2 minutos"},"schema":{"@context":"https:\/\/schema.org","@graph":[{"@type":"Article","@id":"https:\/\/www.cbm.ro.gov.br\/?p=6369#article","isPartOf":{"@id":"https:\/\/www.cbm.ro.gov.br\/?p=6369"},"author":{"name":"Mikaelly Ferreira","@id":"https:\/\/www.cbm.ro.gov.br\/#\/schema\/person\/168f7d47e46be410f13c80f869442f73"},"headline":"CBMRO PARTICIPA DO CONGRESSO DE OPERA\u00c7\u00d5ES POLICIAIS E DA REUNI\u00c3O DO CONSELHO NACIONAL DE COMANDANTES-GERAIS","datePublished":"2025-10-29T12:28:33+00:00","dateModified":"2025-10-29T12:28:33+00:00","mainEntityOfPage":{"@id":"https:\/\/www.cbm.ro.gov.br\/?p=6369"},"wordCount":370,"publisher":{"@id":"https:\/\/www.cbm.ro.gov.br\/#organization"},"image":{"@id":"https:\/\/www.cbm.ro.gov.br\/?p=6369#primaryimage"},"thumbnailUrl":"https:\/\/www.cbm.ro.gov.br\/wp-content\/uploads\/2025\/10\/WhatsApp-Image-2025-10-29-at-06.58.35.jpeg","keywords":["CBMRO","COMANDANTES-GERAIS","CONGRESSO"],"articleSection":["CBMRO"],"inLanguage":"pt-BR"},{"@type":"WebPage","@id":"https:\/\/www.cbm.ro.gov.br\/?p=6369","url":"https:\/\/www.cbm.ro.gov.br\/?p=6369","name":"CBMRO PARTICIPA DO CONGRESSO DE OPERA\u00c7\u00d5ES POLICIAIS E DA REUNI\u00c3O DO CONSELHO NACIONAL DE COMANDANTES-GERAIS - Corpo de Bombeiros Militar de Rond\u00f4nia","isPartOf":{"@id":"https:\/\/www.cbm.ro.gov.br\/#website"},"primaryImageOfPage":{"@id":"https:\/\/www.cbm.ro.gov.br\/?p=6369#primaryimage"},"image":{"@id":"https:\/\/www.cbm.ro.gov.br\/?p=6369#primaryimage"},"thumbnailUrl":"https:\/\/www.cbm.ro.gov.br\/wp-content\/uploads\/2025\/10\/WhatsApp-Image-2025-10-29-at-06.58.35.jpeg","datePublished":"2025-10-29T12:28:33+00:00","dateModified":"2025-10-29T12:28:33+00:00","breadcrumb":{"@id":"https:\/\/www.cbm.ro.gov.br\/?p=6369#breadcrumb"},"inLanguage":"pt-BR","potentialAction":[{"@type":"ReadAction","target":["https:\/\/www.cbm.ro.gov.br\/?p=6369"]}]},{"@type":"ImageObject","inLanguage":"pt-BR","@id":"https:\/\/www.cbm.ro.gov.br\/?p=6369#primaryimage","url":"https:\/\/www.cbm.ro.gov.br\/wp-content\/uploads\/2025\/10\/WhatsApp-Image-2025-10-29-at-06.58.35.jpeg","contentUrl":"https:\/\/www.cbm.ro.gov.br\/wp-content\/uploads\/2025\/10\/WhatsApp-Image-2025-10-29-at-06.58.35.jpeg","width":1280,"height":960},{"@type":"BreadcrumbList","@id":"https:\/\/www.cbm.ro.gov.br\/?p=6369#breadcrumb","itemListElement":[{"@type":"ListItem","position":1,"name":"In\u00edcio","item":"https:\/\/www.cbm.ro.gov.br\/"},{"@type":"ListItem","position":2,"name":"CBMRO PARTICIPA DO CONGRESSO DE OPERA\u00c7\u00d5ES POLICIAIS E DA REUNI\u00c3O DO CONSELHO NACIONAL DE COMANDANTES-GERAIS"}]},{"@type":"WebSite","@id":"https:\/\/www.cbm.ro.gov.br\/#website","url":"https:\/\/www.cbm.ro.gov.br\/","name":"Corpo de Bombeiros Militar de Rond\u00f4nia","description":"Vidas alheias, riquezas salvar!","publisher":{"@id":"https:\/\/www.cbm.ro.gov.br\/#organization"},"alternateName":"cbmro","potentialAction":[{"@type":"SearchAction","target":{"@type":"EntryPoint","urlTemplate":"https:\/\/www.cbm.ro.gov.br\/?s={search_term_string}"},"query-input":{"@type":"PropertyValueSpecification","valueRequired":true,"valueName":"search_term_string"}}],"inLanguage":"pt-BR"},{"@type":"Organization","@id":"https:\/\/www.cbm.ro.gov.br\/#organization","name":"Corpo de Bombeiros Militar do Estado de Rond\u00f4nia","alternateName":"CBMRO","url":"https:\/\/www.cbm.ro.gov.br\/","logo":{"@type":"ImageObject","inLanguage":"pt-BR","@id":"https:\/\/www.cbm.ro.gov.br\/#\/schema\/logo\/image\/","url":"https:\/\/www.cbm.ro.gov.br\/wp-content\/uploads\/2023\/12\/cropped-cropped-cropped-BRASO_3D_32-1-e1724344443171.png","contentUrl":"https:\/\/www.cbm.ro.gov.br\/wp-content\/uploads\/2023\/12\/cropped-cropped-cropped-BRASO_3D_32-1-e1724344443171.png","width":446,"height":441,"caption":"Corpo de Bombeiros Militar do Estado de Rond\u00f4nia"},"image":{"@id":"https:\/\/www.cbm.ro.gov.br\/#\/schema\/logo\/image\/"},"sameAs":["https:\/\/www.facebook.com\/cbmro.oficial\/","https:\/\/www.youtube.com\/c\/CorpodeBombeirosMilitardoEstadodeRond\u00f4nia"]},{"@type":"Person","@id":"https:\/\/www.cbm.ro.gov.br\/#\/schema\/person\/168f7d47e46be410f13c80f869442f73","name":"Mikaelly Ferreira","url":"https:\/\/www.cbm.ro.gov.br\/?author=10"}]}},"wpmagazine_modules_lite_featured_media_urls":{"thumbnail":["https:\/\/www.cbm.ro.gov.br\/wp-content\/uploads\/2025\/10\/WhatsApp-Image-2025-10-29-at-06.58.35-150x150.jpeg",150,150,true],"cvmm-medium":["https:\/\/www.cbm.ro.gov.br\/wp-content\/uploads\/2025\/10\/WhatsApp-Image-2025-10-29-at-06.58.35-300x300.jpeg",300,300,true],"cvmm-medium-plus":["https:\/\/www.cbm.ro.gov.br\/wp-content\/uploads\/2025\/10\/WhatsApp-Image-2025-10-29-at-06.58.35-305x207.jpeg",305,207,true],"cvmm-portrait":["https:\/\/www.cbm.ro.gov.br\/wp-content\/uploads\/2025\/10\/WhatsApp-Image-2025-10-29-at-06.58.35-400x600.jpeg",400,600,true],"cvmm-medium-square":["https:\/\/www.cbm.ro.gov.br\/wp-content\/uploads\/2025\/10\/WhatsApp-Image-2025-10-29-at-06.58.35-600x600.jpeg",600,600,true],"cvmm-large":["https:\/\/www.cbm.ro.gov.br\/wp-content\/uploads\/2025\/10\/WhatsApp-Image-2025-10-29-at-06.58.35-1024x960.jpeg",1024,960,true],"cvmm-small":["https:\/\/www.cbm.ro.gov.br\/wp-content\/uploads\/2025\/10\/WhatsApp-Image-2025-10-29-at-06.58.35-130x95.jpeg",130,95,true],"full":["https:\/\/www.cbm.ro.gov.br\/wp-content\/uploads\/2025\/10\/WhatsApp-Image-2025-10-29-at-06.58.35.jpeg",1280,960,false]},"categories_names":{"1":{"name":"CBMRO","link":"https:\/\/www.cbm.ro.gov.br\/?cat=1"}},"tags_names":{"13":{"name":"CBMRO","link":"https:\/\/www.cbm.ro.gov.br\/?tag=cbmro"},"454":{"name":"COMANDANTES-GERAIS","link":"https:\/\/www.cbm.ro.gov.br\/?tag=comandantes-gerais"},"79":{"name":"CONGRESSO","link":"https:\/\/www.cbm.ro.gov.br\/?tag=congresso"}},"comments_number":"0","_links":{"self":[{"href":"https:\/\/www.cbm.ro.gov.br\/index.php?rest_route=\/wp\/v2\/posts\/6369","targetHints":{"allow":["GET"]}}],"collection":[{"href":"https:\/\/www.cbm.ro.gov.br\/index.php?rest_route=\/wp\/v2\/posts"}],"about":[{"href":"https:\/\/www.cbm.ro.gov.br\/index.php?rest_route=\/wp\/v2\/types\/post"}],"author":[{"embeddable":true,"href":"https:\/\/www.cbm.ro.gov.br\/index.php?rest_route=\/wp\/v2\/users\/10"}],"replies":[{"embeddable":true,"href":"https:\/\/www.cbm.ro.gov.br\/index.php?rest_route=%2Fwp%2Fv2%2Fcomments&post=6369"}],"version-history":[{"count":1,"href":"https:\/\/www.cbm.ro.gov.br\/index.php?rest_route=\/wp\/v2\/posts\/6369\/revisions"}],"predecessor-version":[{"id":6372,"href":"https:\/\/www.cbm.ro.gov.br\/index.php?rest_route=\/wp\/v2\/posts\/6369\/revisions\/6372"}],"wp:featuredmedia":[{"embeddable":true,"href":"https:\/\/www.cbm.ro.gov.br\/index.php?rest_route=\/wp\/v2\/media\/6371"}],"wp:attachment":[{"href":"https:\/\/www.cbm.ro.gov.br\/index.php?rest_route=%2Fwp%2Fv2%2Fmedia&parent=6369"}],"wp:term":[{"taxonomy":"category","embeddable":true,"href":"https:\/\/www.cbm.ro.gov.br\/index.php?rest_route=%2Fwp%2Fv2%2Fcategories&post=6369"},{"taxonomy":"post_tag","embeddable":true,"href":"https:\/\/www.cbm.ro.gov.br\/index.php?rest_route=%2Fwp%2Fv2%2Ftags&post=6369"}],"curies":[{"name":"wp","href":"https:\/\/api.w.org\/{rel}","templated":true}]}}