{"id":6336,"date":"2025-10-24T13:28:22","date_gmt":"2025-10-24T17:28:22","guid":{"rendered":"https:\/\/www.cbm.ro.gov.br\/?p=6336"},"modified":"2025-10-24T13:28:22","modified_gmt":"2025-10-24T17:28:22","slug":"cbmro-realiza-solenidade-de-abertura-do-curso-de-prevencao-e-combate-a-incendio-florestal-2025","status":"publish","type":"post","link":"https:\/\/www.cbm.ro.gov.br\/?p=6336","title":{"rendered":"CBMRO realiza solenidade de abertura do Curso de Preven\u00e7\u00e3o e Combate a Inc\u00eandio Florestal 2025"},"content":{"rendered":"\n<p class=\"has-black-color has-text-color has-link-color wp-elements-00438aac5893c62a7449abc2722e3e1c\">Na noite da \u00faltima quinta-feira, 23 de outubro de 2025, o Corpo de Bombeiros Militar do Estado de Rond\u00f4nia (CBMRO) realizou, no Complexo do CBMRO em Porto Velho, a solenidade de abertura do primeiro Curso de Preven\u00e7\u00e3o e Combate a Inc\u00eandio Florestal &#8211; CPCIF 2025. O evento marcou o in\u00edcio de uma nova etapa de capacita\u00e7\u00e3o voltada \u00e0 preserva\u00e7\u00e3o do bioma amaz\u00f4nico e \u00e0 seguran\u00e7a das comunidades rondoniense.<\/p>\n\n\n<div class=\"wp-block-image\">\n<figure class=\"aligncenter size-large is-resized\"><img fetchpriority=\"high\" decoding=\"async\" width=\"1024\" height=\"576\" src=\"https:\/\/www.cbm.ro.gov.br\/wp-content\/uploads\/2025\/10\/ALUNOS-CAPA-1024x576.jpg\" alt=\"\" class=\"wp-image-6340\" style=\"width:724px;height:auto\" srcset=\"https:\/\/www.cbm.ro.gov.br\/wp-content\/uploads\/2025\/10\/ALUNOS-CAPA-1024x576.jpg 1024w, https:\/\/www.cbm.ro.gov.br\/wp-content\/uploads\/2025\/10\/ALUNOS-CAPA-300x169.jpg 300w, https:\/\/www.cbm.ro.gov.br\/wp-content\/uploads\/2025\/10\/ALUNOS-CAPA-768x432.jpg 768w, https:\/\/www.cbm.ro.gov.br\/wp-content\/uploads\/2025\/10\/ALUNOS-CAPA-1536x864.jpg 1536w, https:\/\/www.cbm.ro.gov.br\/wp-content\/uploads\/2025\/10\/ALUNOS-CAPA-2048x1152.jpg 2048w\" sizes=\"(max-width: 1024px) 100vw, 1024px\" \/><\/figure><\/div>\n\n\n<div style=\"height:30px\" aria-hidden=\"true\" class=\"wp-block-spacer\"><\/div>\n\n\n\n<p class=\"has-black-color has-text-color has-link-color wp-elements-b17cd427010b0c5447bf0713f297c9e3\">Estiveram presentes na cerim\u00f4nia o Subcomandante-Geral do CBMRO, Coronel BM Ribeiro; a Chefe do Estado-Maior Geral, Coronel BM Cristina; o Tenente-Coronel BM Carvalho, coordenador do Centro de Ensino e Instru\u00e7\u00e3o (CEEI); o Tenente-Coronel BM Odoni, diretor do CPCIF; al\u00e9m de representantes de institui\u00e7\u00f5es parceiras, como o Tenente-Coronel PM Sall\u00e9, gerente de Avia\u00e7\u00e3o do Estado de Rond\u00f4nia (GAVE); o major PM Felipe Chagas, subcomandante do Batalh\u00e3o de Pol\u00edcia Ambiental (BPA); o delegado Dr. Jos\u00e9 Marcos Farias, da Pol\u00edcia Civil; e o perito Dr. Danilo Pinheiro Reis, representando a POLITEC.<\/p>\n\n\n<div class=\"wp-block-image\">\n<figure class=\"aligncenter size-large is-resized\"><img decoding=\"async\" width=\"1024\" height=\"576\" src=\"https:\/\/www.cbm.ro.gov.br\/wp-content\/uploads\/2025\/10\/MESA-DE-AUTORIDADES-1024x576.jpg\" alt=\"\" class=\"wp-image-6338\" style=\"width:726px;height:auto\" srcset=\"https:\/\/www.cbm.ro.gov.br\/wp-content\/uploads\/2025\/10\/MESA-DE-AUTORIDADES-1024x576.jpg 1024w, https:\/\/www.cbm.ro.gov.br\/wp-content\/uploads\/2025\/10\/MESA-DE-AUTORIDADES-300x169.jpg 300w, https:\/\/www.cbm.ro.gov.br\/wp-content\/uploads\/2025\/10\/MESA-DE-AUTORIDADES-768x432.jpg 768w, https:\/\/www.cbm.ro.gov.br\/wp-content\/uploads\/2025\/10\/MESA-DE-AUTORIDADES-1536x864.jpg 1536w, https:\/\/www.cbm.ro.gov.br\/wp-content\/uploads\/2025\/10\/MESA-DE-AUTORIDADES-2048x1152.jpg 2048w\" sizes=\"(max-width: 1024px) 100vw, 1024px\" \/><\/figure><\/div>\n\n\n<div style=\"height:30px\" aria-hidden=\"true\" class=\"wp-block-spacer\"><\/div>\n\n\n\n<p class=\"has-black-color has-text-color has-link-color wp-elements-dd42e10ee8d4208db36eaf4f0dbc0883\">Durante a solenidade, os cursandos do CPCIF 2025 realizaram a entrada em forma\u00e7\u00e3o, simbolizando o in\u00edcio da jornada de aprendizado e compromisso com a miss\u00e3o de combater os inc\u00eandios florestais que amea\u00e7am a Amaz\u00f4nia. Em seguida, a Tenente BM Graziele, coordenadora do curso, apresentou oficialmente os alunos ao Subcomandante e solicitou permiss\u00e3o para o in\u00edcio das atividades. O momento de reflex\u00e3o espiritual foi conduzido pelo pastor Jailson, capel\u00e3o da UFP, seguido por um breve momento de louvor com a Sargento BM Ariane. Logo ap\u00f3s, os presentes entoaram a Can\u00e7\u00e3o do Soldado do Fogo.<\/p>\n\n\n<div class=\"wp-block-image\">\n<figure class=\"aligncenter size-large is-resized\"><img decoding=\"async\" width=\"1024\" height=\"576\" src=\"https:\/\/www.cbm.ro.gov.br\/wp-content\/uploads\/2025\/10\/SGT-ARIANE-CANTANDO-1024x576.jpg\" alt=\"\" class=\"wp-image-6339\" style=\"width:722px;height:auto\" srcset=\"https:\/\/www.cbm.ro.gov.br\/wp-content\/uploads\/2025\/10\/SGT-ARIANE-CANTANDO-1024x576.jpg 1024w, https:\/\/www.cbm.ro.gov.br\/wp-content\/uploads\/2025\/10\/SGT-ARIANE-CANTANDO-300x169.jpg 300w, https:\/\/www.cbm.ro.gov.br\/wp-content\/uploads\/2025\/10\/SGT-ARIANE-CANTANDO-768x432.jpg 768w, https:\/\/www.cbm.ro.gov.br\/wp-content\/uploads\/2025\/10\/SGT-ARIANE-CANTANDO-1536x864.jpg 1536w, https:\/\/www.cbm.ro.gov.br\/wp-content\/uploads\/2025\/10\/SGT-ARIANE-CANTANDO-2048x1152.jpg 2048w\" sizes=\"(max-width: 1024px) 100vw, 1024px\" \/><\/figure><\/div>\n\n\n<div style=\"height:30px\" aria-hidden=\"true\" class=\"wp-block-spacer\"><\/div>\n\n\n\n<p class=\"has-black-color has-text-color has-link-color wp-elements-8dc8757233504f6e4f8406543954dce8\">O Curso de Preven\u00e7\u00e3o e Combate a Inc\u00eandio Florestal &#8211; CPCIF 2025 tem como objetivo formar profissionais preparados para atuar de maneira eficaz, respons\u00e1vel e sustent\u00e1vel nas a\u00e7\u00f5es de combate aos inc\u00eandios florestais no Estado de Rond\u00f4nia. A capacita\u00e7\u00e3o teve in\u00edcio no dia 24 de outubro, com t\u00e9rmino previsto para 22 de novembro, totalizando 526 horas-aula em regime integral, na zona rural de Porto Velho. O treinamento envolve intenso preparo f\u00edsico, t\u00e9cnico e emocional, unindo teoria e pr\u00e1tica para o desenvolvimento de compet\u00eancias essenciais no gerenciamento de emerg\u00eancias ambientais.<\/p>\n\n\n<div class=\"wp-block-image\">\n<figure class=\"aligncenter size-large is-resized\"><img loading=\"lazy\" decoding=\"async\" width=\"1024\" height=\"576\" src=\"https:\/\/www.cbm.ro.gov.br\/wp-content\/uploads\/2025\/10\/AUDITORIO-1024x576.jpg\" alt=\"\" class=\"wp-image-6341\" style=\"width:724px;height:auto\" srcset=\"https:\/\/www.cbm.ro.gov.br\/wp-content\/uploads\/2025\/10\/AUDITORIO-1024x576.jpg 1024w, https:\/\/www.cbm.ro.gov.br\/wp-content\/uploads\/2025\/10\/AUDITORIO-300x169.jpg 300w, https:\/\/www.cbm.ro.gov.br\/wp-content\/uploads\/2025\/10\/AUDITORIO-768x432.jpg 768w, https:\/\/www.cbm.ro.gov.br\/wp-content\/uploads\/2025\/10\/AUDITORIO-1536x864.jpg 1536w, https:\/\/www.cbm.ro.gov.br\/wp-content\/uploads\/2025\/10\/AUDITORIO-2048x1152.jpg 2048w\" sizes=\"(max-width: 1024px) 100vw, 1024px\" \/><\/figure><\/div>\n\n\n<div style=\"height:30px\" aria-hidden=\"true\" class=\"wp-block-spacer\"><\/div>\n\n\n\n<p class=\"has-black-color has-text-color has-link-color wp-elements-0b3b48da61a584254e56bd61bd1440ac\">Mais do que um curso, o CPCIF representa um chamado \u00e0 coragem e \u00e0 abnega\u00e7\u00e3o. Cada participante ser\u00e1 preparado para enfrentar as chamas que amea\u00e7am vidas, comunidades e o bioma amaz\u00f4nico, reafirmando a miss\u00e3o do CBMRO de proteger a vida, o meio ambiente e o patrim\u00f4nio p\u00fablico. Al\u00e9m da capacita\u00e7\u00e3o t\u00e9cnica, o curso busca fortalecer o senso de equipe, a resili\u00eancia e a consci\u00eancia ecol\u00f3gica, formando guardi\u00f5es da floresta e multiplicadores do conhecimento ambiental em suas comunidades.<\/p>\n\n\n<div class=\"wp-block-image\">\n<figure class=\"aligncenter size-large is-resized\"><img loading=\"lazy\" decoding=\"async\" width=\"1024\" height=\"576\" src=\"https:\/\/www.cbm.ro.gov.br\/wp-content\/uploads\/2025\/10\/APRESENTACAO-1024x576.jpg\" alt=\"\" class=\"wp-image-6337\" style=\"width:720px;height:auto\" srcset=\"https:\/\/www.cbm.ro.gov.br\/wp-content\/uploads\/2025\/10\/APRESENTACAO-1024x576.jpg 1024w, https:\/\/www.cbm.ro.gov.br\/wp-content\/uploads\/2025\/10\/APRESENTACAO-300x169.jpg 300w, https:\/\/www.cbm.ro.gov.br\/wp-content\/uploads\/2025\/10\/APRESENTACAO-768x432.jpg 768w, https:\/\/www.cbm.ro.gov.br\/wp-content\/uploads\/2025\/10\/APRESENTACAO-1536x864.jpg 1536w, https:\/\/www.cbm.ro.gov.br\/wp-content\/uploads\/2025\/10\/APRESENTACAO-2048x1152.jpg 2048w\" sizes=\"(max-width: 1024px) 100vw, 1024px\" \/><\/figure><\/div>\n\n\n<div style=\"height:30px\" aria-hidden=\"true\" class=\"wp-block-spacer\"><\/div>\n\n\n\n<p class=\"has-black-color has-text-color has-link-color wp-elements-f60ee20335faed5a061cf9b8f64f8d0c\">Durante a cerim\u00f4nia, as autoridades presentes fizeram uso da palavra, destacando a import\u00e2ncia da forma\u00e7\u00e3o e o compromisso da corpora\u00e7\u00e3o com a preserva\u00e7\u00e3o da Amaz\u00f4nia e o fortalecimento da resposta \u00e0s emerg\u00eancias ambientais no estado. Encerrando a solenidade, a Tenente BM Graziele solicitou autoriza\u00e7\u00e3o para o encerramento da cerim\u00f4nia militar. Em seguida, foi declarado oficialmente aberto o Curso de Preven\u00e7\u00e3o e Combate a Inc\u00eandio Florestal 2025, desejando aos cursandos uma jornada marcada por aprendizado, disciplina e compromisso com a miss\u00e3o de proteger a floresta, a vida e o futuro da Amaz\u00f4nia.<\/p>\n","protected":false},"excerpt":{"rendered":"<p>Na noite da \u00faltima quinta-feira, 23 de outubro de 2025, o Corpo de Bombeiros Militar do Estado de Rond\u00f4nia (CBMRO) realizou, no Complexo do CBMRO em Porto Velho, a solenidade&hellip;<\/p>\n","protected":false},"author":3,"featured_media":6342,"comment_status":"closed","ping_status":"open","sticky":false,"template":"","format":"standard","meta":{"footnotes":""},"categories":[1],"tags":[13,58,89,434,234,86],"class_list":["post-6336","post","type-post","status-publish","format-standard","has-post-thumbnail","hentry","category-cbmro","tag-cbmro","tag-combateaincendio","tag-combateasqueimadas","tag-cpcif","tag-curso","tag-governoderondonia"],"yoast_head":"<!-- This site is optimized with the Yoast SEO plugin v23.7 - https:\/\/yoast.com\/wordpress\/plugins\/seo\/ -->\n<title>CBMRO realiza solenidade de abertura do Curso de Preven\u00e7\u00e3o e Combate a Inc\u00eandio Florestal 2025 - Corpo de Bombeiros Militar de Rond\u00f4nia<\/title>\n<meta name=\"robots\" content=\"index, follow, max-snippet:-1, max-image-preview:large, max-video-preview:-1\" \/>\n<link rel=\"canonical\" href=\"https:\/\/www.cbm.ro.gov.br\/?p=6336\" \/>\n<meta property=\"og:locale\" content=\"pt_BR\" \/>\n<meta property=\"og:type\" content=\"article\" \/>\n<meta property=\"og:title\" content=\"CBMRO realiza solenidade de abertura do Curso de Preven\u00e7\u00e3o e Combate a Inc\u00eandio Florestal 2025 - Corpo de Bombeiros Militar de Rond\u00f4nia\" \/>\n<meta property=\"og:description\" content=\"Na noite da \u00faltima quinta-feira, 23 de outubro de 2025, o Corpo de Bombeiros Militar do Estado de Rond\u00f4nia (CBMRO) realizou, no Complexo do CBMRO em Porto Velho, a solenidade&hellip;\" \/>\n<meta property=\"og:url\" content=\"https:\/\/www.cbm.ro.gov.br\/?p=6336\" \/>\n<meta property=\"og:site_name\" content=\"Corpo de Bombeiros Militar de Rond\u00f4nia\" \/>\n<meta property=\"article:publisher\" content=\"https:\/\/www.facebook.com\/cbmro.oficial\/\" \/>\n<meta property=\"article:published_time\" content=\"2025-10-24T17:28:22+00:00\" \/>\n<meta property=\"og:image\" content=\"https:\/\/www.cbm.ro.gov.br\/wp-content\/uploads\/2025\/10\/FOTO-OFICIAL-TESTE.jpg\" \/>\n\t<meta property=\"og:image:width\" content=\"1600\" \/>\n\t<meta property=\"og:image:height\" content=\"900\" \/>\n\t<meta property=\"og:image:type\" content=\"image\/jpeg\" \/>\n<meta name=\"author\" content=\"Diovana Castellon\" \/>\n<meta name=\"twitter:card\" content=\"summary_large_image\" \/>\n<meta name=\"twitter:label1\" content=\"Escrito por\" \/>\n\t<meta name=\"twitter:data1\" content=\"Diovana Castellon\" \/>\n\t<meta name=\"twitter:label2\" content=\"Est. tempo de leitura\" \/>\n\t<meta name=\"twitter:data2\" content=\"3 minutos\" \/>\n<script type=\"application\/ld+json\" class=\"yoast-schema-graph\">{\"@context\":\"https:\/\/schema.org\",\"@graph\":[{\"@type\":\"Article\",\"@id\":\"https:\/\/www.cbm.ro.gov.br\/?p=6336#article\",\"isPartOf\":{\"@id\":\"https:\/\/www.cbm.ro.gov.br\/?p=6336\"},\"author\":{\"name\":\"Diovana Castellon\",\"@id\":\"https:\/\/www.cbm.ro.gov.br\/#\/schema\/person\/8e7b7a65b9962de993d36cb5fca8412f\"},\"headline\":\"CBMRO realiza solenidade de abertura do Curso de Preven\u00e7\u00e3o e Combate a Inc\u00eandio Florestal 2025\",\"datePublished\":\"2025-10-24T17:28:22+00:00\",\"dateModified\":\"2025-10-24T17:28:22+00:00\",\"mainEntityOfPage\":{\"@id\":\"https:\/\/www.cbm.ro.gov.br\/?p=6336\"},\"wordCount\":579,\"publisher\":{\"@id\":\"https:\/\/www.cbm.ro.gov.br\/#organization\"},\"image\":{\"@id\":\"https:\/\/www.cbm.ro.gov.br\/?p=6336#primaryimage\"},\"thumbnailUrl\":\"https:\/\/www.cbm.ro.gov.br\/wp-content\/uploads\/2025\/10\/FOTO-OFICIAL-TESTE.jpg\",\"keywords\":[\"CBMRO\",\"COMBATEAINCENDIO\",\"COMBATEASQUEIMADAS\",\"CPCIF\",\"CURSO\",\"GOVERNODERONDONIA\"],\"articleSection\":[\"CBMRO\"],\"inLanguage\":\"pt-BR\"},{\"@type\":\"WebPage\",\"@id\":\"https:\/\/www.cbm.ro.gov.br\/?p=6336\",\"url\":\"https:\/\/www.cbm.ro.gov.br\/?p=6336\",\"name\":\"CBMRO realiza solenidade de abertura do Curso de Preven\u00e7\u00e3o e Combate a Inc\u00eandio Florestal 2025 - Corpo de Bombeiros Militar de Rond\u00f4nia\",\"isPartOf\":{\"@id\":\"https:\/\/www.cbm.ro.gov.br\/#website\"},\"primaryImageOfPage\":{\"@id\":\"https:\/\/www.cbm.ro.gov.br\/?p=6336#primaryimage\"},\"image\":{\"@id\":\"https:\/\/www.cbm.ro.gov.br\/?p=6336#primaryimage\"},\"thumbnailUrl\":\"https:\/\/www.cbm.ro.gov.br\/wp-content\/uploads\/2025\/10\/FOTO-OFICIAL-TESTE.jpg\",\"datePublished\":\"2025-10-24T17:28:22+00:00\",\"dateModified\":\"2025-10-24T17:28:22+00:00\",\"breadcrumb\":{\"@id\":\"https:\/\/www.cbm.ro.gov.br\/?p=6336#breadcrumb\"},\"inLanguage\":\"pt-BR\",\"potentialAction\":[{\"@type\":\"ReadAction\",\"target\":[\"https:\/\/www.cbm.ro.gov.br\/?p=6336\"]}]},{\"@type\":\"ImageObject\",\"inLanguage\":\"pt-BR\",\"@id\":\"https:\/\/www.cbm.ro.gov.br\/?p=6336#primaryimage\",\"url\":\"https:\/\/www.cbm.ro.gov.br\/wp-content\/uploads\/2025\/10\/FOTO-OFICIAL-TESTE.jpg\",\"contentUrl\":\"https:\/\/www.cbm.ro.gov.br\/wp-content\/uploads\/2025\/10\/FOTO-OFICIAL-TESTE.jpg\",\"width\":1600,\"height\":900},{\"@type\":\"BreadcrumbList\",\"@id\":\"https:\/\/www.cbm.ro.gov.br\/?p=6336#breadcrumb\",\"itemListElement\":[{\"@type\":\"ListItem\",\"position\":1,\"name\":\"In\u00edcio\",\"item\":\"https:\/\/www.cbm.ro.gov.br\/\"},{\"@type\":\"ListItem\",\"position\":2,\"name\":\"CBMRO realiza solenidade de abertura do Curso de Preven\u00e7\u00e3o e Combate a Inc\u00eandio Florestal 2025\"}]},{\"@type\":\"WebSite\",\"@id\":\"https:\/\/www.cbm.ro.gov.br\/#website\",\"url\":\"https:\/\/www.cbm.ro.gov.br\/\",\"name\":\"Corpo de Bombeiros Militar de Rond\u00f4nia\",\"description\":\"Vidas alheias, riquezas salvar!\",\"publisher\":{\"@id\":\"https:\/\/www.cbm.ro.gov.br\/#organization\"},\"alternateName\":\"cbmro\",\"potentialAction\":[{\"@type\":\"SearchAction\",\"target\":{\"@type\":\"EntryPoint\",\"urlTemplate\":\"https:\/\/www.cbm.ro.gov.br\/?s={search_term_string}\"},\"query-input\":{\"@type\":\"PropertyValueSpecification\",\"valueRequired\":true,\"valueName\":\"search_term_string\"}}],\"inLanguage\":\"pt-BR\"},{\"@type\":\"Organization\",\"@id\":\"https:\/\/www.cbm.ro.gov.br\/#organization\",\"name\":\"Corpo de Bombeiros Militar do Estado de Rond\u00f4nia\",\"alternateName\":\"CBMRO\",\"url\":\"https:\/\/www.cbm.ro.gov.br\/\",\"logo\":{\"@type\":\"ImageObject\",\"inLanguage\":\"pt-BR\",\"@id\":\"https:\/\/www.cbm.ro.gov.br\/#\/schema\/logo\/image\/\",\"url\":\"https:\/\/www.cbm.ro.gov.br\/wp-content\/uploads\/2023\/12\/cropped-cropped-cropped-BRASO_3D_32-1-e1724344443171.png\",\"contentUrl\":\"https:\/\/www.cbm.ro.gov.br\/wp-content\/uploads\/2023\/12\/cropped-cropped-cropped-BRASO_3D_32-1-e1724344443171.png\",\"width\":446,\"height\":441,\"caption\":\"Corpo de Bombeiros Militar do Estado de Rond\u00f4nia\"},\"image\":{\"@id\":\"https:\/\/www.cbm.ro.gov.br\/#\/schema\/logo\/image\/\"},\"sameAs\":[\"https:\/\/www.facebook.com\/cbmro.oficial\/\",\"https:\/\/www.youtube.com\/c\/CorpodeBombeirosMilitardoEstadodeRond\u00f4nia\"]},{\"@type\":\"Person\",\"@id\":\"https:\/\/www.cbm.ro.gov.br\/#\/schema\/person\/8e7b7a65b9962de993d36cb5fca8412f\",\"name\":\"Diovana Castellon\",\"url\":\"https:\/\/www.cbm.ro.gov.br\/?author=3\"}]}<\/script>\n<!-- \/ Yoast SEO plugin. -->","yoast_head_json":{"title":"CBMRO realiza solenidade de abertura do Curso de Preven\u00e7\u00e3o e Combate a Inc\u00eandio Florestal 2025 - Corpo de Bombeiros Militar de Rond\u00f4nia","robots":{"index":"index","follow":"follow","max-snippet":"max-snippet:-1","max-image-preview":"max-image-preview:large","max-video-preview":"max-video-preview:-1"},"canonical":"https:\/\/www.cbm.ro.gov.br\/?p=6336","og_locale":"pt_BR","og_type":"article","og_title":"CBMRO realiza solenidade de abertura do Curso de Preven\u00e7\u00e3o e Combate a Inc\u00eandio Florestal 2025 - Corpo de Bombeiros Militar de Rond\u00f4nia","og_description":"Na noite da \u00faltima quinta-feira, 23 de outubro de 2025, o Corpo de Bombeiros Militar do Estado de Rond\u00f4nia (CBMRO) realizou, no Complexo do CBMRO em Porto Velho, a solenidade&hellip;","og_url":"https:\/\/www.cbm.ro.gov.br\/?p=6336","og_site_name":"Corpo de Bombeiros Militar de Rond\u00f4nia","article_publisher":"https:\/\/www.facebook.com\/cbmro.oficial\/","article_published_time":"2025-10-24T17:28:22+00:00","og_image":[{"width":1600,"height":900,"url":"https:\/\/www.cbm.ro.gov.br\/wp-content\/uploads\/2025\/10\/FOTO-OFICIAL-TESTE.jpg","type":"image\/jpeg"}],"author":"Diovana Castellon","twitter_card":"summary_large_image","twitter_misc":{"Escrito por":"Diovana Castellon","Est. tempo de leitura":"3 minutos"},"schema":{"@context":"https:\/\/schema.org","@graph":[{"@type":"Article","@id":"https:\/\/www.cbm.ro.gov.br\/?p=6336#article","isPartOf":{"@id":"https:\/\/www.cbm.ro.gov.br\/?p=6336"},"author":{"name":"Diovana Castellon","@id":"https:\/\/www.cbm.ro.gov.br\/#\/schema\/person\/8e7b7a65b9962de993d36cb5fca8412f"},"headline":"CBMRO realiza solenidade de abertura do Curso de Preven\u00e7\u00e3o e Combate a Inc\u00eandio Florestal 2025","datePublished":"2025-10-24T17:28:22+00:00","dateModified":"2025-10-24T17:28:22+00:00","mainEntityOfPage":{"@id":"https:\/\/www.cbm.ro.gov.br\/?p=6336"},"wordCount":579,"publisher":{"@id":"https:\/\/www.cbm.ro.gov.br\/#organization"},"image":{"@id":"https:\/\/www.cbm.ro.gov.br\/?p=6336#primaryimage"},"thumbnailUrl":"https:\/\/www.cbm.ro.gov.br\/wp-content\/uploads\/2025\/10\/FOTO-OFICIAL-TESTE.jpg","keywords":["CBMRO","COMBATEAINCENDIO","COMBATEASQUEIMADAS","CPCIF","CURSO","GOVERNODERONDONIA"],"articleSection":["CBMRO"],"inLanguage":"pt-BR"},{"@type":"WebPage","@id":"https:\/\/www.cbm.ro.gov.br\/?p=6336","url":"https:\/\/www.cbm.ro.gov.br\/?p=6336","name":"CBMRO realiza solenidade de abertura do Curso de Preven\u00e7\u00e3o e Combate a Inc\u00eandio Florestal 2025 - Corpo de Bombeiros Militar de Rond\u00f4nia","isPartOf":{"@id":"https:\/\/www.cbm.ro.gov.br\/#website"},"primaryImageOfPage":{"@id":"https:\/\/www.cbm.ro.gov.br\/?p=6336#primaryimage"},"image":{"@id":"https:\/\/www.cbm.ro.gov.br\/?p=6336#primaryimage"},"thumbnailUrl":"https:\/\/www.cbm.ro.gov.br\/wp-content\/uploads\/2025\/10\/FOTO-OFICIAL-TESTE.jpg","datePublished":"2025-10-24T17:28:22+00:00","dateModified":"2025-10-24T17:28:22+00:00","breadcrumb":{"@id":"https:\/\/www.cbm.ro.gov.br\/?p=6336#breadcrumb"},"inLanguage":"pt-BR","potentialAction":[{"@type":"ReadAction","target":["https:\/\/www.cbm.ro.gov.br\/?p=6336"]}]},{"@type":"ImageObject","inLanguage":"pt-BR","@id":"https:\/\/www.cbm.ro.gov.br\/?p=6336#primaryimage","url":"https:\/\/www.cbm.ro.gov.br\/wp-content\/uploads\/2025\/10\/FOTO-OFICIAL-TESTE.jpg","contentUrl":"https:\/\/www.cbm.ro.gov.br\/wp-content\/uploads\/2025\/10\/FOTO-OFICIAL-TESTE.jpg","width":1600,"height":900},{"@type":"BreadcrumbList","@id":"https:\/\/www.cbm.ro.gov.br\/?p=6336#breadcrumb","itemListElement":[{"@type":"ListItem","position":1,"name":"In\u00edcio","item":"https:\/\/www.cbm.ro.gov.br\/"},{"@type":"ListItem","position":2,"name":"CBMRO realiza solenidade de abertura do Curso de Preven\u00e7\u00e3o e Combate a Inc\u00eandio Florestal 2025"}]},{"@type":"WebSite","@id":"https:\/\/www.cbm.ro.gov.br\/#website","url":"https:\/\/www.cbm.ro.gov.br\/","name":"Corpo de Bombeiros Militar de Rond\u00f4nia","description":"Vidas alheias, riquezas salvar!","publisher":{"@id":"https:\/\/www.cbm.ro.gov.br\/#organization"},"alternateName":"cbmro","potentialAction":[{"@type":"SearchAction","target":{"@type":"EntryPoint","urlTemplate":"https:\/\/www.cbm.ro.gov.br\/?s={search_term_string}"},"query-input":{"@type":"PropertyValueSpecification","valueRequired":true,"valueName":"search_term_string"}}],"inLanguage":"pt-BR"},{"@type":"Organization","@id":"https:\/\/www.cbm.ro.gov.br\/#organization","name":"Corpo de Bombeiros Militar do Estado de Rond\u00f4nia","alternateName":"CBMRO","url":"https:\/\/www.cbm.ro.gov.br\/","logo":{"@type":"ImageObject","inLanguage":"pt-BR","@id":"https:\/\/www.cbm.ro.gov.br\/#\/schema\/logo\/image\/","url":"https:\/\/www.cbm.ro.gov.br\/wp-content\/uploads\/2023\/12\/cropped-cropped-cropped-BRASO_3D_32-1-e1724344443171.png","contentUrl":"https:\/\/www.cbm.ro.gov.br\/wp-content\/uploads\/2023\/12\/cropped-cropped-cropped-BRASO_3D_32-1-e1724344443171.png","width":446,"height":441,"caption":"Corpo de Bombeiros Militar do Estado de Rond\u00f4nia"},"image":{"@id":"https:\/\/www.cbm.ro.gov.br\/#\/schema\/logo\/image\/"},"sameAs":["https:\/\/www.facebook.com\/cbmro.oficial\/","https:\/\/www.youtube.com\/c\/CorpodeBombeirosMilitardoEstadodeRond\u00f4nia"]},{"@type":"Person","@id":"https:\/\/www.cbm.ro.gov.br\/#\/schema\/person\/8e7b7a65b9962de993d36cb5fca8412f","name":"Diovana Castellon","url":"https:\/\/www.cbm.ro.gov.br\/?author=3"}]}},"wpmagazine_modules_lite_featured_media_urls":{"thumbnail":["https:\/\/www.cbm.ro.gov.br\/wp-content\/uploads\/2025\/10\/FOTO-OFICIAL-TESTE-150x150.jpg",150,150,true],"cvmm-medium":["https:\/\/www.cbm.ro.gov.br\/wp-content\/uploads\/2025\/10\/FOTO-OFICIAL-TESTE-300x300.jpg",300,300,true],"cvmm-medium-plus":["https:\/\/www.cbm.ro.gov.br\/wp-content\/uploads\/2025\/10\/FOTO-OFICIAL-TESTE-305x207.jpg",305,207,true],"cvmm-portrait":["https:\/\/www.cbm.ro.gov.br\/wp-content\/uploads\/2025\/10\/FOTO-OFICIAL-TESTE-400x600.jpg",400,600,true],"cvmm-medium-square":["https:\/\/www.cbm.ro.gov.br\/wp-content\/uploads\/2025\/10\/FOTO-OFICIAL-TESTE-600x600.jpg",600,600,true],"cvmm-large":["https:\/\/www.cbm.ro.gov.br\/wp-content\/uploads\/2025\/10\/FOTO-OFICIAL-TESTE-1024x900.jpg",1024,900,true],"cvmm-small":["https:\/\/www.cbm.ro.gov.br\/wp-content\/uploads\/2025\/10\/FOTO-OFICIAL-TESTE-130x95.jpg",130,95,true],"full":["https:\/\/www.cbm.ro.gov.br\/wp-content\/uploads\/2025\/10\/FOTO-OFICIAL-TESTE.jpg",1600,900,false]},"categories_names":{"1":{"name":"CBMRO","link":"https:\/\/www.cbm.ro.gov.br\/?cat=1"}},"tags_names":{"13":{"name":"CBMRO","link":"https:\/\/www.cbm.ro.gov.br\/?tag=cbmro"},"58":{"name":"COMBATEAINCENDIO","link":"https:\/\/www.cbm.ro.gov.br\/?tag=combateaincendio"},"89":{"name":"COMBATEASQUEIMADAS","link":"https:\/\/www.cbm.ro.gov.br\/?tag=combateasqueimadas"},"434":{"name":"CPCIF","link":"https:\/\/www.cbm.ro.gov.br\/?tag=cpcif"},"234":{"name":"CURSO","link":"https:\/\/www.cbm.ro.gov.br\/?tag=curso"},"86":{"name":"GOVERNODERONDONIA","link":"https:\/\/www.cbm.ro.gov.br\/?tag=governoderondonia"}},"comments_number":"0","_links":{"self":[{"href":"https:\/\/www.cbm.ro.gov.br\/index.php?rest_route=\/wp\/v2\/posts\/6336","targetHints":{"allow":["GET"]}}],"collection":[{"href":"https:\/\/www.cbm.ro.gov.br\/index.php?rest_route=\/wp\/v2\/posts"}],"about":[{"href":"https:\/\/www.cbm.ro.gov.br\/index.php?rest_route=\/wp\/v2\/types\/post"}],"author":[{"embeddable":true,"href":"https:\/\/www.cbm.ro.gov.br\/index.php?rest_route=\/wp\/v2\/users\/3"}],"replies":[{"embeddable":true,"href":"https:\/\/www.cbm.ro.gov.br\/index.php?rest_route=%2Fwp%2Fv2%2Fcomments&post=6336"}],"version-history":[{"count":2,"href":"https:\/\/www.cbm.ro.gov.br\/index.php?rest_route=\/wp\/v2\/posts\/6336\/revisions"}],"predecessor-version":[{"id":6344,"href":"https:\/\/www.cbm.ro.gov.br\/index.php?rest_route=\/wp\/v2\/posts\/6336\/revisions\/6344"}],"wp:featuredmedia":[{"embeddable":true,"href":"https:\/\/www.cbm.ro.gov.br\/index.php?rest_route=\/wp\/v2\/media\/6342"}],"wp:attachment":[{"href":"https:\/\/www.cbm.ro.gov.br\/index.php?rest_route=%2Fwp%2Fv2%2Fmedia&parent=6336"}],"wp:term":[{"taxonomy":"category","embeddable":true,"href":"https:\/\/www.cbm.ro.gov.br\/index.php?rest_route=%2Fwp%2Fv2%2Fcategories&post=6336"},{"taxonomy":"post_tag","embeddable":true,"href":"https:\/\/www.cbm.ro.gov.br\/index.php?rest_route=%2Fwp%2Fv2%2Ftags&post=6336"}],"curies":[{"name":"wp","href":"https:\/\/api.w.org\/{rel}","templated":true}]}}