{"id":6305,"date":"2025-10-20T13:03:41","date_gmt":"2025-10-20T17:03:41","guid":{"rendered":"https:\/\/www.cbm.ro.gov.br\/?p=6305"},"modified":"2025-10-20T13:09:26","modified_gmt":"2025-10-20T17:09:26","slug":"portoes-abertos-2025-cbmro-participa-ativamente-do-evento-na-base-aerea-de-porto-velho","status":"publish","type":"post","link":"https:\/\/www.cbm.ro.gov.br\/?p=6305","title":{"rendered":"PORT\u00d5ES ABERTOS 2025: CBMRO PARTICIPA ATIVAMENTE DO EVENTO NA BASE A\u00c9REA DE PORTO VELHO"},"content":{"rendered":"\n<p class=\"has-black-color has-text-color has-link-color wp-elements-e98696a1cb44a997762b958841c9e5ff\">No \u00faltimo domingo, 19 de outubro de 2025, o Corpo de Bombeiros Militar de Rond\u00f4nia marcou presen\u00e7a na tradicional edi\u00e7\u00e3o do evento <strong>\u201cPort\u00f5es Abertos\u201d<\/strong>, realizado na Base A\u00e9rea de Porto Velho. A atividade, que aconteceu das 9h \u00e0s 17h, atraiu um grande p\u00fablico, promovendo uma intera\u00e7\u00e3o significativa entre a comunidade e as for\u00e7as de seguran\u00e7a.<\/p>\n\n\n\n<p class=\"has-black-color has-text-color has-link-color wp-elements-089083c315c656c585424e00f6fdf975\">Neste ano, os visitantes puderam conferir diversas atra\u00e7\u00f5es, como exposi\u00e7\u00e3o de aeronaves, viaturas oficiais e carros antigos, al\u00e9m de demonstra\u00e7\u00f5es a\u00e9reas. Com entrada gratuita, o evento tamb\u00e9m contou com a\u00e7\u00f5es sociais promovidas por institui\u00e7\u00f5es parceiras.<\/p>\n\n\n\n<figure class=\"wp-block-image size-large is-resized\"><img fetchpriority=\"high\" decoding=\"async\" width=\"1024\" height=\"576\" src=\"https:\/\/www.cbm.ro.gov.br\/wp-content\/uploads\/2025\/10\/IMG_5771-1024x576.jpg\" alt=\"\" class=\"wp-image-6317\" style=\"width:720px\" srcset=\"https:\/\/www.cbm.ro.gov.br\/wp-content\/uploads\/2025\/10\/IMG_5771-1024x576.jpg 1024w, https:\/\/www.cbm.ro.gov.br\/wp-content\/uploads\/2025\/10\/IMG_5771-300x169.jpg 300w, https:\/\/www.cbm.ro.gov.br\/wp-content\/uploads\/2025\/10\/IMG_5771-768x432.jpg 768w, https:\/\/www.cbm.ro.gov.br\/wp-content\/uploads\/2025\/10\/IMG_5771-1536x864.jpg 1536w, https:\/\/www.cbm.ro.gov.br\/wp-content\/uploads\/2025\/10\/IMG_5771-2048x1152.jpg 2048w\" sizes=\"(max-width: 1024px) 100vw, 1024px\" \/><\/figure>\n\n\n\n<p class=\"has-black-color has-text-color has-link-color wp-elements-e11522c5f4caacf28c0e79552f9b8ffa\">O CBMRO se destacou na exposi\u00e7\u00e3o com a apresenta\u00e7\u00e3o da <strong>aeronave multimiss\u00e3o Cessna 208 \u201cGrand Caravan\u201d<\/strong>, conhecida como <strong><em>Resgate 03<\/em><\/strong> \u2014 um equipamento estrat\u00e9gico nas opera\u00e7\u00f5es de resgate, combate a inc\u00eandios, transporte de \u00f3rg\u00e3os vitais, ajuda humanit\u00e1ria e a\u00e7\u00f5es de defesa civil. A aeronave foi utilizada em diversas miss\u00f5es ao longo do ano.<\/p>\n\n\n\n<figure class=\"wp-block-image size-large is-resized\"><img decoding=\"async\" width=\"1024\" height=\"576\" src=\"https:\/\/www.cbm.ro.gov.br\/wp-content\/uploads\/2025\/10\/image-4-1024x576.jpeg\" alt=\"\" class=\"wp-image-6306\" style=\"width:720px\" srcset=\"https:\/\/www.cbm.ro.gov.br\/wp-content\/uploads\/2025\/10\/image-4-1024x576.jpeg 1024w, https:\/\/www.cbm.ro.gov.br\/wp-content\/uploads\/2025\/10\/image-4-300x169.jpeg 300w, https:\/\/www.cbm.ro.gov.br\/wp-content\/uploads\/2025\/10\/image-4-768x432.jpeg 768w, https:\/\/www.cbm.ro.gov.br\/wp-content\/uploads\/2025\/10\/image-4-1536x864.jpeg 1536w, https:\/\/www.cbm.ro.gov.br\/wp-content\/uploads\/2025\/10\/image-4.jpeg 2048w\" sizes=\"(max-width: 1024px) 100vw, 1024px\" \/><\/figure>\n\n\n\n<p class=\"has-black-color has-text-color has-link-color wp-elements-348f8ae3d2f15f91459c73bde802c012\">Como novidade em 2025, o evento ofereceu <strong>sorteios de brindes, voos simulados e voos panor\u00e2micos<\/strong> na aeronave do CBMRO <strong>Cessna 208 \u201cGrand Caravan\u2019\u2019<\/strong> sobre a cidade de Porto Velho. Para participar, os visitantes contribu\u00edram com 1 kg de alimento n\u00e3o perec\u00edvel para a campanha <em>Mesa Brasil<\/em>. Os ganhadores dos bilhetes sorteados puderam vivenciar a experi\u00eancia de sobrevoar a capital rondoniense.<\/p>\n\n\n\n<figure class=\"wp-block-image size-large is-resized\"><img decoding=\"async\" width=\"1024\" height=\"576\" src=\"https:\/\/www.cbm.ro.gov.br\/wp-content\/uploads\/2025\/10\/image-5-1024x576.jpeg\" alt=\"\" class=\"wp-image-6307\" style=\"width:720px\" srcset=\"https:\/\/www.cbm.ro.gov.br\/wp-content\/uploads\/2025\/10\/image-5-1024x576.jpeg 1024w, https:\/\/www.cbm.ro.gov.br\/wp-content\/uploads\/2025\/10\/image-5-300x169.jpeg 300w, https:\/\/www.cbm.ro.gov.br\/wp-content\/uploads\/2025\/10\/image-5-768x432.jpeg 768w, https:\/\/www.cbm.ro.gov.br\/wp-content\/uploads\/2025\/10\/image-5-1536x864.jpeg 1536w, https:\/\/www.cbm.ro.gov.br\/wp-content\/uploads\/2025\/10\/image-5.jpeg 2048w\" sizes=\"(max-width: 1024px) 100vw, 1024px\" \/><\/figure>\n\n\n\n<p class=\"has-black-color has-text-color has-link-color wp-elements-358b19ba8ea9cd439a47c0ef959c351c\">Tamb\u00e9m foram expostos o <strong>caminh\u00e3o Auto Escada Mec\u00e2nica<\/strong>, usado em opera\u00e7\u00f5es de salvamento em altura, e uma viatura <strong>ABS \u2013 Auto Busca e Salvamento<\/strong>, voltada para o combate a inc\u00eandios florestais e atendimento a ocorr\u00eancias emergenciais.<\/p>\n\n\n\n<p class=\"has-black-color has-text-color has-link-color wp-elements-2aa1313bb372a516062713d129899ded\">O <strong>Programa Educacional Bombeiro Mirim (PROEBOM)<\/strong> marcou presen\u00e7a no evento, promovendo atividades educativas e de conscientiza\u00e7\u00e3o, enquanto os militares do CBMRO explicaram ao p\u00fablico o funcionamento dos equipamentos e a import\u00e2ncia do trabalho desenvolvido pela corpora\u00e7\u00e3o.<\/p>\n\n\n\n<figure class=\"wp-block-image size-large is-resized\"><img loading=\"lazy\" decoding=\"async\" width=\"1024\" height=\"576\" src=\"https:\/\/www.cbm.ro.gov.br\/wp-content\/uploads\/2025\/10\/image-7-1024x576.jpeg\" alt=\"\" class=\"wp-image-6309\" style=\"width:720px\" srcset=\"https:\/\/www.cbm.ro.gov.br\/wp-content\/uploads\/2025\/10\/image-7-1024x576.jpeg 1024w, https:\/\/www.cbm.ro.gov.br\/wp-content\/uploads\/2025\/10\/image-7-300x169.jpeg 300w, https:\/\/www.cbm.ro.gov.br\/wp-content\/uploads\/2025\/10\/image-7-768x432.jpeg 768w, https:\/\/www.cbm.ro.gov.br\/wp-content\/uploads\/2025\/10\/image-7-1536x864.jpeg 1536w, https:\/\/www.cbm.ro.gov.br\/wp-content\/uploads\/2025\/10\/image-7.jpeg 2048w\" sizes=\"(max-width: 1024px) 100vw, 1024px\" \/><\/figure>\n\n\n\n<p class=\"has-black-color has-text-color has-link-color wp-elements-05769e62da3a1658103d171390bf07e9\">O evento \u201cPort\u00f5es Abertos\u201d refor\u00e7a a integra\u00e7\u00e3o entre a popula\u00e7\u00e3o e as for\u00e7as armadas, sendo uma oportunidade valiosa para o CBMRO demonstrar sua estrutura, suas a\u00e7\u00f5es e reafirmar seu compromisso com a prote\u00e7\u00e3o e o bem-estar da sociedade rondoniense.<\/p>\n\n\n\n<p class=\"has-black-color has-text-color has-link-color wp-elements-6aab3ebf13aeb803da457e263c10ecf4\">A participa\u00e7\u00e3o ativa do Corpo de Bombeiros Militar de Rond\u00f4nia destaca o esfor\u00e7o cont\u00ednuo da corpora\u00e7\u00e3o em fortalecer os la\u00e7os com a comunidade e cumprir com excel\u00eancia sua miss\u00e3o \u201cVidas alheias e riquezas salvar.\u201d<\/p>\n\n\n\n<figure class=\"wp-block-image size-large is-resized\"><img loading=\"lazy\" decoding=\"async\" width=\"1024\" height=\"576\" src=\"https:\/\/www.cbm.ro.gov.br\/wp-content\/uploads\/2025\/10\/image-6-1024x576.jpeg\" alt=\"\" class=\"wp-image-6308\" style=\"width:720px\" srcset=\"https:\/\/www.cbm.ro.gov.br\/wp-content\/uploads\/2025\/10\/image-6-1024x576.jpeg 1024w, https:\/\/www.cbm.ro.gov.br\/wp-content\/uploads\/2025\/10\/image-6-300x169.jpeg 300w, https:\/\/www.cbm.ro.gov.br\/wp-content\/uploads\/2025\/10\/image-6-768x432.jpeg 768w, https:\/\/www.cbm.ro.gov.br\/wp-content\/uploads\/2025\/10\/image-6-1536x864.jpeg 1536w, https:\/\/www.cbm.ro.gov.br\/wp-content\/uploads\/2025\/10\/image-6.jpeg 1600w\" sizes=\"(max-width: 1024px) 100vw, 1024px\" \/><\/figure>\n","protected":false},"excerpt":{"rendered":"<p>No \u00faltimo domingo, 19 de outubro de 2025, o Corpo de Bombeiros Militar de Rond\u00f4nia marcou presen\u00e7a na tradicional edi\u00e7\u00e3o do evento \u201cPort\u00f5es Abertos\u201d, realizado na Base A\u00e9rea de Porto&hellip;<\/p>\n","protected":false},"author":5,"featured_media":6313,"comment_status":"closed","ping_status":"open","sticky":false,"template":"","format":"standard","meta":{"footnotes":""},"categories":[1,6],"tags":[453,13,140,86,151],"class_list":["post-6305","post","type-post","status-publish","format-standard","has-post-thumbnail","hentry","category-cbmro","category-eventos","tag-aviao","tag-cbmro","tag-eventos","tag-governoderondonia","tag-portoesabertosfab"],"yoast_head":"<!-- This site is optimized with the Yoast SEO plugin v23.7 - https:\/\/yoast.com\/wordpress\/plugins\/seo\/ -->\n<title>PORT\u00d5ES ABERTOS 2025: CBMRO PARTICIPA ATIVAMENTE DO EVENTO NA BASE A\u00c9REA DE PORTO VELHO - Corpo de Bombeiros Militar de Rond\u00f4nia<\/title>\n<meta name=\"robots\" content=\"index, follow, max-snippet:-1, max-image-preview:large, max-video-preview:-1\" \/>\n<link rel=\"canonical\" href=\"https:\/\/www.cbm.ro.gov.br\/?p=6305\" \/>\n<meta property=\"og:locale\" content=\"pt_BR\" \/>\n<meta property=\"og:type\" content=\"article\" \/>\n<meta property=\"og:title\" content=\"PORT\u00d5ES ABERTOS 2025: CBMRO PARTICIPA ATIVAMENTE DO EVENTO NA BASE A\u00c9REA DE PORTO VELHO - Corpo de Bombeiros Militar de Rond\u00f4nia\" \/>\n<meta property=\"og:description\" content=\"No \u00faltimo domingo, 19 de outubro de 2025, o Corpo de Bombeiros Militar de Rond\u00f4nia marcou presen\u00e7a na tradicional edi\u00e7\u00e3o do evento \u201cPort\u00f5es Abertos\u201d, realizado na Base A\u00e9rea de Porto&hellip;\" \/>\n<meta property=\"og:url\" content=\"https:\/\/www.cbm.ro.gov.br\/?p=6305\" \/>\n<meta property=\"og:site_name\" content=\"Corpo de Bombeiros Militar de Rond\u00f4nia\" \/>\n<meta property=\"article:publisher\" content=\"https:\/\/www.facebook.com\/cbmro.oficial\/\" \/>\n<meta property=\"article:published_time\" content=\"2025-10-20T17:03:41+00:00\" \/>\n<meta property=\"article:modified_time\" content=\"2025-10-20T17:09:26+00:00\" \/>\n<meta property=\"og:image\" content=\"https:\/\/www.cbm.ro.gov.br\/wp-content\/uploads\/2025\/10\/8BE623D1-7E41-4893-9536-F950F6FF0EBA-scaled.jpg\" \/>\n\t<meta property=\"og:image:width\" content=\"2560\" \/>\n\t<meta property=\"og:image:height\" content=\"1440\" \/>\n\t<meta property=\"og:image:type\" content=\"image\/jpeg\" \/>\n<meta name=\"author\" content=\"Marcos Barros\" \/>\n<meta name=\"twitter:card\" content=\"summary_large_image\" \/>\n<meta name=\"twitter:label1\" content=\"Escrito por\" \/>\n\t<meta name=\"twitter:data1\" content=\"Marcos Barros\" \/>\n\t<meta name=\"twitter:label2\" content=\"Est. tempo de leitura\" \/>\n\t<meta name=\"twitter:data2\" content=\"2 minutos\" \/>\n<script type=\"application\/ld+json\" class=\"yoast-schema-graph\">{\"@context\":\"https:\/\/schema.org\",\"@graph\":[{\"@type\":\"Article\",\"@id\":\"https:\/\/www.cbm.ro.gov.br\/?p=6305#article\",\"isPartOf\":{\"@id\":\"https:\/\/www.cbm.ro.gov.br\/?p=6305\"},\"author\":{\"name\":\"Marcos Barros\",\"@id\":\"https:\/\/www.cbm.ro.gov.br\/#\/schema\/person\/b035b7e269aef4233e9514c2751917c5\"},\"headline\":\"PORT\u00d5ES ABERTOS 2025: CBMRO PARTICIPA ATIVAMENTE DO EVENTO NA BASE A\u00c9REA DE PORTO VELHO\",\"datePublished\":\"2025-10-20T17:03:41+00:00\",\"dateModified\":\"2025-10-20T17:09:26+00:00\",\"mainEntityOfPage\":{\"@id\":\"https:\/\/www.cbm.ro.gov.br\/?p=6305\"},\"wordCount\":412,\"publisher\":{\"@id\":\"https:\/\/www.cbm.ro.gov.br\/#organization\"},\"image\":{\"@id\":\"https:\/\/www.cbm.ro.gov.br\/?p=6305#primaryimage\"},\"thumbnailUrl\":\"https:\/\/www.cbm.ro.gov.br\/wp-content\/uploads\/2025\/10\/8BE623D1-7E41-4893-9536-F950F6FF0EBA-scaled.jpg\",\"keywords\":[\"AVIAO\",\"CBMRO\",\"EVENTOS\",\"GOVERNODERONDONIA\",\"PORTOESABERTOSFAB\"],\"articleSection\":[\"CBMRO\",\"Eventos\"],\"inLanguage\":\"pt-BR\"},{\"@type\":\"WebPage\",\"@id\":\"https:\/\/www.cbm.ro.gov.br\/?p=6305\",\"url\":\"https:\/\/www.cbm.ro.gov.br\/?p=6305\",\"name\":\"PORT\u00d5ES ABERTOS 2025: CBMRO PARTICIPA ATIVAMENTE DO EVENTO NA BASE A\u00c9REA DE PORTO VELHO - Corpo de Bombeiros Militar de Rond\u00f4nia\",\"isPartOf\":{\"@id\":\"https:\/\/www.cbm.ro.gov.br\/#website\"},\"primaryImageOfPage\":{\"@id\":\"https:\/\/www.cbm.ro.gov.br\/?p=6305#primaryimage\"},\"image\":{\"@id\":\"https:\/\/www.cbm.ro.gov.br\/?p=6305#primaryimage\"},\"thumbnailUrl\":\"https:\/\/www.cbm.ro.gov.br\/wp-content\/uploads\/2025\/10\/8BE623D1-7E41-4893-9536-F950F6FF0EBA-scaled.jpg\",\"datePublished\":\"2025-10-20T17:03:41+00:00\",\"dateModified\":\"2025-10-20T17:09:26+00:00\",\"breadcrumb\":{\"@id\":\"https:\/\/www.cbm.ro.gov.br\/?p=6305#breadcrumb\"},\"inLanguage\":\"pt-BR\",\"potentialAction\":[{\"@type\":\"ReadAction\",\"target\":[\"https:\/\/www.cbm.ro.gov.br\/?p=6305\"]}]},{\"@type\":\"ImageObject\",\"inLanguage\":\"pt-BR\",\"@id\":\"https:\/\/www.cbm.ro.gov.br\/?p=6305#primaryimage\",\"url\":\"https:\/\/www.cbm.ro.gov.br\/wp-content\/uploads\/2025\/10\/8BE623D1-7E41-4893-9536-F950F6FF0EBA-scaled.jpg\",\"contentUrl\":\"https:\/\/www.cbm.ro.gov.br\/wp-content\/uploads\/2025\/10\/8BE623D1-7E41-4893-9536-F950F6FF0EBA-scaled.jpg\",\"width\":2560,\"height\":1440},{\"@type\":\"BreadcrumbList\",\"@id\":\"https:\/\/www.cbm.ro.gov.br\/?p=6305#breadcrumb\",\"itemListElement\":[{\"@type\":\"ListItem\",\"position\":1,\"name\":\"In\u00edcio\",\"item\":\"https:\/\/www.cbm.ro.gov.br\/\"},{\"@type\":\"ListItem\",\"position\":2,\"name\":\"PORT\u00d5ES ABERTOS 2025: CBMRO PARTICIPA ATIVAMENTE DO EVENTO NA BASE A\u00c9REA DE PORTO VELHO\"}]},{\"@type\":\"WebSite\",\"@id\":\"https:\/\/www.cbm.ro.gov.br\/#website\",\"url\":\"https:\/\/www.cbm.ro.gov.br\/\",\"name\":\"Corpo de Bombeiros Militar de Rond\u00f4nia\",\"description\":\"Vidas alheias, riquezas salvar!\",\"publisher\":{\"@id\":\"https:\/\/www.cbm.ro.gov.br\/#organization\"},\"alternateName\":\"cbmro\",\"potentialAction\":[{\"@type\":\"SearchAction\",\"target\":{\"@type\":\"EntryPoint\",\"urlTemplate\":\"https:\/\/www.cbm.ro.gov.br\/?s={search_term_string}\"},\"query-input\":{\"@type\":\"PropertyValueSpecification\",\"valueRequired\":true,\"valueName\":\"search_term_string\"}}],\"inLanguage\":\"pt-BR\"},{\"@type\":\"Organization\",\"@id\":\"https:\/\/www.cbm.ro.gov.br\/#organization\",\"name\":\"Corpo de Bombeiros Militar do Estado de Rond\u00f4nia\",\"alternateName\":\"CBMRO\",\"url\":\"https:\/\/www.cbm.ro.gov.br\/\",\"logo\":{\"@type\":\"ImageObject\",\"inLanguage\":\"pt-BR\",\"@id\":\"https:\/\/www.cbm.ro.gov.br\/#\/schema\/logo\/image\/\",\"url\":\"https:\/\/www.cbm.ro.gov.br\/wp-content\/uploads\/2023\/12\/cropped-cropped-cropped-BRASO_3D_32-1-e1724344443171.png\",\"contentUrl\":\"https:\/\/www.cbm.ro.gov.br\/wp-content\/uploads\/2023\/12\/cropped-cropped-cropped-BRASO_3D_32-1-e1724344443171.png\",\"width\":446,\"height\":441,\"caption\":\"Corpo de Bombeiros Militar do Estado de Rond\u00f4nia\"},\"image\":{\"@id\":\"https:\/\/www.cbm.ro.gov.br\/#\/schema\/logo\/image\/\"},\"sameAs\":[\"https:\/\/www.facebook.com\/cbmro.oficial\/\",\"https:\/\/www.youtube.com\/c\/CorpodeBombeirosMilitardoEstadodeRond\u00f4nia\"]},{\"@type\":\"Person\",\"@id\":\"https:\/\/www.cbm.ro.gov.br\/#\/schema\/person\/b035b7e269aef4233e9514c2751917c5\",\"name\":\"Marcos Barros\",\"sameAs\":[\"http:\/\/10.210.0.90\/wp-admin\/post.php?post=2688&amp;action=edit\"],\"url\":\"https:\/\/www.cbm.ro.gov.br\/?author=5\"}]}<\/script>\n<!-- \/ Yoast SEO plugin. -->","yoast_head_json":{"title":"PORT\u00d5ES ABERTOS 2025: CBMRO PARTICIPA ATIVAMENTE DO EVENTO NA BASE A\u00c9REA DE PORTO VELHO - Corpo de Bombeiros Militar de Rond\u00f4nia","robots":{"index":"index","follow":"follow","max-snippet":"max-snippet:-1","max-image-preview":"max-image-preview:large","max-video-preview":"max-video-preview:-1"},"canonical":"https:\/\/www.cbm.ro.gov.br\/?p=6305","og_locale":"pt_BR","og_type":"article","og_title":"PORT\u00d5ES ABERTOS 2025: CBMRO PARTICIPA ATIVAMENTE DO EVENTO NA BASE A\u00c9REA DE PORTO VELHO - Corpo de Bombeiros Militar de Rond\u00f4nia","og_description":"No \u00faltimo domingo, 19 de outubro de 2025, o Corpo de Bombeiros Militar de Rond\u00f4nia marcou presen\u00e7a na tradicional edi\u00e7\u00e3o do evento \u201cPort\u00f5es Abertos\u201d, realizado na Base A\u00e9rea de Porto&hellip;","og_url":"https:\/\/www.cbm.ro.gov.br\/?p=6305","og_site_name":"Corpo de Bombeiros Militar de Rond\u00f4nia","article_publisher":"https:\/\/www.facebook.com\/cbmro.oficial\/","article_published_time":"2025-10-20T17:03:41+00:00","article_modified_time":"2025-10-20T17:09:26+00:00","og_image":[{"width":2560,"height":1440,"url":"https:\/\/www.cbm.ro.gov.br\/wp-content\/uploads\/2025\/10\/8BE623D1-7E41-4893-9536-F950F6FF0EBA-scaled.jpg","type":"image\/jpeg"}],"author":"Marcos Barros","twitter_card":"summary_large_image","twitter_misc":{"Escrito por":"Marcos Barros","Est. tempo de leitura":"2 minutos"},"schema":{"@context":"https:\/\/schema.org","@graph":[{"@type":"Article","@id":"https:\/\/www.cbm.ro.gov.br\/?p=6305#article","isPartOf":{"@id":"https:\/\/www.cbm.ro.gov.br\/?p=6305"},"author":{"name":"Marcos Barros","@id":"https:\/\/www.cbm.ro.gov.br\/#\/schema\/person\/b035b7e269aef4233e9514c2751917c5"},"headline":"PORT\u00d5ES ABERTOS 2025: CBMRO PARTICIPA ATIVAMENTE DO EVENTO NA BASE A\u00c9REA DE PORTO VELHO","datePublished":"2025-10-20T17:03:41+00:00","dateModified":"2025-10-20T17:09:26+00:00","mainEntityOfPage":{"@id":"https:\/\/www.cbm.ro.gov.br\/?p=6305"},"wordCount":412,"publisher":{"@id":"https:\/\/www.cbm.ro.gov.br\/#organization"},"image":{"@id":"https:\/\/www.cbm.ro.gov.br\/?p=6305#primaryimage"},"thumbnailUrl":"https:\/\/www.cbm.ro.gov.br\/wp-content\/uploads\/2025\/10\/8BE623D1-7E41-4893-9536-F950F6FF0EBA-scaled.jpg","keywords":["AVIAO","CBMRO","EVENTOS","GOVERNODERONDONIA","PORTOESABERTOSFAB"],"articleSection":["CBMRO","Eventos"],"inLanguage":"pt-BR"},{"@type":"WebPage","@id":"https:\/\/www.cbm.ro.gov.br\/?p=6305","url":"https:\/\/www.cbm.ro.gov.br\/?p=6305","name":"PORT\u00d5ES ABERTOS 2025: CBMRO PARTICIPA ATIVAMENTE DO EVENTO NA BASE A\u00c9REA DE PORTO VELHO - Corpo de Bombeiros Militar de Rond\u00f4nia","isPartOf":{"@id":"https:\/\/www.cbm.ro.gov.br\/#website"},"primaryImageOfPage":{"@id":"https:\/\/www.cbm.ro.gov.br\/?p=6305#primaryimage"},"image":{"@id":"https:\/\/www.cbm.ro.gov.br\/?p=6305#primaryimage"},"thumbnailUrl":"https:\/\/www.cbm.ro.gov.br\/wp-content\/uploads\/2025\/10\/8BE623D1-7E41-4893-9536-F950F6FF0EBA-scaled.jpg","datePublished":"2025-10-20T17:03:41+00:00","dateModified":"2025-10-20T17:09:26+00:00","breadcrumb":{"@id":"https:\/\/www.cbm.ro.gov.br\/?p=6305#breadcrumb"},"inLanguage":"pt-BR","potentialAction":[{"@type":"ReadAction","target":["https:\/\/www.cbm.ro.gov.br\/?p=6305"]}]},{"@type":"ImageObject","inLanguage":"pt-BR","@id":"https:\/\/www.cbm.ro.gov.br\/?p=6305#primaryimage","url":"https:\/\/www.cbm.ro.gov.br\/wp-content\/uploads\/2025\/10\/8BE623D1-7E41-4893-9536-F950F6FF0EBA-scaled.jpg","contentUrl":"https:\/\/www.cbm.ro.gov.br\/wp-content\/uploads\/2025\/10\/8BE623D1-7E41-4893-9536-F950F6FF0EBA-scaled.jpg","width":2560,"height":1440},{"@type":"BreadcrumbList","@id":"https:\/\/www.cbm.ro.gov.br\/?p=6305#breadcrumb","itemListElement":[{"@type":"ListItem","position":1,"name":"In\u00edcio","item":"https:\/\/www.cbm.ro.gov.br\/"},{"@type":"ListItem","position":2,"name":"PORT\u00d5ES ABERTOS 2025: CBMRO PARTICIPA ATIVAMENTE DO EVENTO NA BASE A\u00c9REA DE PORTO VELHO"}]},{"@type":"WebSite","@id":"https:\/\/www.cbm.ro.gov.br\/#website","url":"https:\/\/www.cbm.ro.gov.br\/","name":"Corpo de Bombeiros Militar de Rond\u00f4nia","description":"Vidas alheias, riquezas salvar!","publisher":{"@id":"https:\/\/www.cbm.ro.gov.br\/#organization"},"alternateName":"cbmro","potentialAction":[{"@type":"SearchAction","target":{"@type":"EntryPoint","urlTemplate":"https:\/\/www.cbm.ro.gov.br\/?s={search_term_string}"},"query-input":{"@type":"PropertyValueSpecification","valueRequired":true,"valueName":"search_term_string"}}],"inLanguage":"pt-BR"},{"@type":"Organization","@id":"https:\/\/www.cbm.ro.gov.br\/#organization","name":"Corpo de Bombeiros Militar do Estado de Rond\u00f4nia","alternateName":"CBMRO","url":"https:\/\/www.cbm.ro.gov.br\/","logo":{"@type":"ImageObject","inLanguage":"pt-BR","@id":"https:\/\/www.cbm.ro.gov.br\/#\/schema\/logo\/image\/","url":"https:\/\/www.cbm.ro.gov.br\/wp-content\/uploads\/2023\/12\/cropped-cropped-cropped-BRASO_3D_32-1-e1724344443171.png","contentUrl":"https:\/\/www.cbm.ro.gov.br\/wp-content\/uploads\/2023\/12\/cropped-cropped-cropped-BRASO_3D_32-1-e1724344443171.png","width":446,"height":441,"caption":"Corpo de Bombeiros Militar do Estado de Rond\u00f4nia"},"image":{"@id":"https:\/\/www.cbm.ro.gov.br\/#\/schema\/logo\/image\/"},"sameAs":["https:\/\/www.facebook.com\/cbmro.oficial\/","https:\/\/www.youtube.com\/c\/CorpodeBombeirosMilitardoEstadodeRond\u00f4nia"]},{"@type":"Person","@id":"https:\/\/www.cbm.ro.gov.br\/#\/schema\/person\/b035b7e269aef4233e9514c2751917c5","name":"Marcos Barros","sameAs":["http:\/\/10.210.0.90\/wp-admin\/post.php?post=2688&amp;action=edit"],"url":"https:\/\/www.cbm.ro.gov.br\/?author=5"}]}},"wpmagazine_modules_lite_featured_media_urls":{"thumbnail":["https:\/\/www.cbm.ro.gov.br\/wp-content\/uploads\/2025\/10\/8BE623D1-7E41-4893-9536-F950F6FF0EBA-150x150.jpg",150,150,true],"cvmm-medium":["https:\/\/www.cbm.ro.gov.br\/wp-content\/uploads\/2025\/10\/8BE623D1-7E41-4893-9536-F950F6FF0EBA-300x300.jpg",300,300,true],"cvmm-medium-plus":["https:\/\/www.cbm.ro.gov.br\/wp-content\/uploads\/2025\/10\/8BE623D1-7E41-4893-9536-F950F6FF0EBA-305x207.jpg",305,207,true],"cvmm-portrait":["https:\/\/www.cbm.ro.gov.br\/wp-content\/uploads\/2025\/10\/8BE623D1-7E41-4893-9536-F950F6FF0EBA-400x600.jpg",400,600,true],"cvmm-medium-square":["https:\/\/www.cbm.ro.gov.br\/wp-content\/uploads\/2025\/10\/8BE623D1-7E41-4893-9536-F950F6FF0EBA-600x600.jpg",600,600,true],"cvmm-large":["https:\/\/www.cbm.ro.gov.br\/wp-content\/uploads\/2025\/10\/8BE623D1-7E41-4893-9536-F950F6FF0EBA-1024x1024.jpg",1024,1024,true],"cvmm-small":["https:\/\/www.cbm.ro.gov.br\/wp-content\/uploads\/2025\/10\/8BE623D1-7E41-4893-9536-F950F6FF0EBA-130x95.jpg",130,95,true],"full":["https:\/\/www.cbm.ro.gov.br\/wp-content\/uploads\/2025\/10\/8BE623D1-7E41-4893-9536-F950F6FF0EBA-scaled.jpg",2560,1440,false]},"categories_names":{"1":{"name":"CBMRO","link":"https:\/\/www.cbm.ro.gov.br\/?cat=1"},"6":{"name":"Eventos","link":"https:\/\/www.cbm.ro.gov.br\/?cat=6"}},"tags_names":{"453":{"name":"AVIAO","link":"https:\/\/www.cbm.ro.gov.br\/?tag=aviao"},"13":{"name":"CBMRO","link":"https:\/\/www.cbm.ro.gov.br\/?tag=cbmro"},"140":{"name":"EVENTOS","link":"https:\/\/www.cbm.ro.gov.br\/?tag=eventos"},"86":{"name":"GOVERNODERONDONIA","link":"https:\/\/www.cbm.ro.gov.br\/?tag=governoderondonia"},"151":{"name":"PORTOESABERTOSFAB","link":"https:\/\/www.cbm.ro.gov.br\/?tag=portoesabertosfab"}},"comments_number":"0","_links":{"self":[{"href":"https:\/\/www.cbm.ro.gov.br\/index.php?rest_route=\/wp\/v2\/posts\/6305","targetHints":{"allow":["GET"]}}],"collection":[{"href":"https:\/\/www.cbm.ro.gov.br\/index.php?rest_route=\/wp\/v2\/posts"}],"about":[{"href":"https:\/\/www.cbm.ro.gov.br\/index.php?rest_route=\/wp\/v2\/types\/post"}],"author":[{"embeddable":true,"href":"https:\/\/www.cbm.ro.gov.br\/index.php?rest_route=\/wp\/v2\/users\/5"}],"replies":[{"embeddable":true,"href":"https:\/\/www.cbm.ro.gov.br\/index.php?rest_route=%2Fwp%2Fv2%2Fcomments&post=6305"}],"version-history":[{"count":3,"href":"https:\/\/www.cbm.ro.gov.br\/index.php?rest_route=\/wp\/v2\/posts\/6305\/revisions"}],"predecessor-version":[{"id":6318,"href":"https:\/\/www.cbm.ro.gov.br\/index.php?rest_route=\/wp\/v2\/posts\/6305\/revisions\/6318"}],"wp:featuredmedia":[{"embeddable":true,"href":"https:\/\/www.cbm.ro.gov.br\/index.php?rest_route=\/wp\/v2\/media\/6313"}],"wp:attachment":[{"href":"https:\/\/www.cbm.ro.gov.br\/index.php?rest_route=%2Fwp%2Fv2%2Fmedia&parent=6305"}],"wp:term":[{"taxonomy":"category","embeddable":true,"href":"https:\/\/www.cbm.ro.gov.br\/index.php?rest_route=%2Fwp%2Fv2%2Fcategories&post=6305"},{"taxonomy":"post_tag","embeddable":true,"href":"https:\/\/www.cbm.ro.gov.br\/index.php?rest_route=%2Fwp%2Fv2%2Ftags&post=6305"}],"curies":[{"name":"wp","href":"https:\/\/api.w.org\/{rel}","templated":true}]}}