{"id":6260,"date":"2025-10-13T13:21:45","date_gmt":"2025-10-13T17:21:45","guid":{"rendered":"https:\/\/www.cbm.ro.gov.br\/?p=6260"},"modified":"2025-10-13T13:21:46","modified_gmt":"2025-10-13T17:21:46","slug":"comandante-geral-do-cbmro-realiza-visitas-institucionais-no-interior-para-fortalecer-acoes-e-valorizar-o-efetivo","status":"publish","type":"post","link":"https:\/\/www.cbm.ro.gov.br\/?p=6260","title":{"rendered":"Comandante-Geral do CBMRO realiza visitas institucionais no interior para fortalecer a\u00e7\u00f5es e valorizar o efetivo"},"content":{"rendered":"\n<p class=\"has-black-color has-text-color has-link-color wp-elements-d7ac49ad32a981d9650883f55f4b5a9c\">O Comandante-Geral do Corpo de Bombeiros Militar do Estado de Rond\u00f4nia (CBMRO) realizou, entre os dias 8 e 10 de outubro de 2025, uma s\u00e9rie de visitas institucionais aos munic\u00edpios de Colorado do Oeste, Pimenta Bueno e Espig\u00e3o do Oeste, com o objetivo de estreitar o relacionamento com o efetivo, acompanhar as opera\u00e7\u00f5es em andamento e fortalecer os projetos estrat\u00e9gicos da corpora\u00e7\u00e3o no interior do estado.<\/p>\n\n\n\n<p class=\"has-black-color has-text-color has-link-color wp-elements-c8212198969d4c840972cf53144227f8\">Durante as visitas, o Comandante-Geral participou da tradicional TFM <strong>(<\/strong>corrid\u00e3o<strong>)<\/strong> em todas as unidades, refor\u00e7ando o esp\u00edrito de corpo, a disciplina e a uni\u00e3o entre os bombeiros militares. As reuni\u00f5es com os efetivos permitiram um di\u00e1logo direto sobre temas fundamentais como valoriza\u00e7\u00e3o profissional, capacita\u00e7\u00e3o por meio de cursos, infraestrutura das unidades e a moderniza\u00e7\u00e3o dos equipamentos operacionais.<\/p>\n\n\n\n<figure class=\"wp-block-image size-large is-resized\"><img fetchpriority=\"high\" decoding=\"async\" width=\"1024\" height=\"1024\" src=\"https:\/\/www.cbm.ro.gov.br\/wp-content\/uploads\/2025\/10\/WhatsApp-Image-2025-10-13-at-08.44.49-1024x1024.jpeg\" alt=\"\" class=\"wp-image-6262\" style=\"width:600px;height:auto\" srcset=\"https:\/\/www.cbm.ro.gov.br\/wp-content\/uploads\/2025\/10\/WhatsApp-Image-2025-10-13-at-08.44.49-1024x1024.jpeg 1024w, https:\/\/www.cbm.ro.gov.br\/wp-content\/uploads\/2025\/10\/WhatsApp-Image-2025-10-13-at-08.44.49-300x300.jpeg 300w, https:\/\/www.cbm.ro.gov.br\/wp-content\/uploads\/2025\/10\/WhatsApp-Image-2025-10-13-at-08.44.49-150x150.jpeg 150w, https:\/\/www.cbm.ro.gov.br\/wp-content\/uploads\/2025\/10\/WhatsApp-Image-2025-10-13-at-08.44.49-768x768.jpeg 768w, https:\/\/www.cbm.ro.gov.br\/wp-content\/uploads\/2025\/10\/WhatsApp-Image-2025-10-13-at-08.44.49-1536x1536.jpeg 1536w, https:\/\/www.cbm.ro.gov.br\/wp-content\/uploads\/2025\/10\/WhatsApp-Image-2025-10-13-at-08.44.49-600x600.jpeg 600w, https:\/\/www.cbm.ro.gov.br\/wp-content\/uploads\/2025\/10\/WhatsApp-Image-2025-10-13-at-08.44.49.jpeg 1600w\" sizes=\"(max-width: 1024px) 100vw, 1024px\" \/><\/figure>\n\n\n\n<p class=\"has-black-color has-text-color has-link-color wp-elements-eec27fff0a6d520a516aab552635dc02\">Em Colorado do Oeste, o comandante refor\u00e7ou a import\u00e2ncia de manter a tropa motivada e bem estruturada para garantir um atendimento de excel\u00eancia \u00e0 popula\u00e7\u00e3o. J\u00e1 em Pimenta Bueno, destacou a necessidade de constante qualifica\u00e7\u00e3o e o papel essencial da gest\u00e3o participativa na resolu\u00e7\u00e3o de demandas locais. Em Espig\u00e3o do Oeste, al\u00e9m das reuni\u00f5es com o efetivo, foi realizada uma visita t\u00e9cnica \u00e0 obra do novo quartel, atualmente em constru\u00e7\u00e3o, que representar\u00e1 um grande avan\u00e7o na estrutura f\u00edsica da corpora\u00e7\u00e3o na regi\u00e3o.<\/p>\n\n\n\n<p class=\"has-black-color has-text-color has-link-color wp-elements-73f4cef17b1063e0ebb71d04b6768638\">As visitas refor\u00e7am o compromisso do Comando-Geral em manter uma gest\u00e3o pr\u00f3xima, transparente e atuante em todas as regi\u00f5es do estado, assegurando que o CBMRO continue crescendo com base em princ\u00edpios de profissionalismo, efici\u00eancia operacional e valoriza\u00e7\u00e3o humana. A presen\u00e7a constante nas unidades do interior reafirma a import\u00e2ncia de ouvir a tropa, reconhecer seu trabalho e investir nas condi\u00e7\u00f5es necess\u00e1rias para o pleno exerc\u00edcio das atividades dos bombeiros militares de Rond\u00f4nia.<\/p>\n\n\n\n<figure class=\"wp-block-image size-large is-resized\"><img decoding=\"async\" width=\"1024\" height=\"576\" src=\"https:\/\/www.cbm.ro.gov.br\/wp-content\/uploads\/2025\/10\/WhatsApp-Image-2025-10-10-at-11.46.56-1024x576.jpeg\" alt=\"\" class=\"wp-image-6263\" style=\"width:600px\" srcset=\"https:\/\/www.cbm.ro.gov.br\/wp-content\/uploads\/2025\/10\/WhatsApp-Image-2025-10-10-at-11.46.56-1024x576.jpeg 1024w, https:\/\/www.cbm.ro.gov.br\/wp-content\/uploads\/2025\/10\/WhatsApp-Image-2025-10-10-at-11.46.56-300x169.jpeg 300w, https:\/\/www.cbm.ro.gov.br\/wp-content\/uploads\/2025\/10\/WhatsApp-Image-2025-10-10-at-11.46.56-768x432.jpeg 768w, https:\/\/www.cbm.ro.gov.br\/wp-content\/uploads\/2025\/10\/WhatsApp-Image-2025-10-10-at-11.46.56-1536x864.jpeg 1536w, https:\/\/www.cbm.ro.gov.br\/wp-content\/uploads\/2025\/10\/WhatsApp-Image-2025-10-10-at-11.46.56.jpeg 1600w\" sizes=\"(max-width: 1024px) 100vw, 1024px\" \/><\/figure>\n\n\n\n<p><\/p>\n","protected":false},"excerpt":{"rendered":"<p>O Comandante-Geral do Corpo de Bombeiros Militar do Estado de Rond\u00f4nia (CBMRO) realizou, entre os dias 8 e 10 de outubro de 2025, uma s\u00e9rie de visitas institucionais aos munic\u00edpios&hellip;<\/p>\n","protected":false},"author":10,"featured_media":6261,"comment_status":"closed","ping_status":"open","sticky":false,"template":"","format":"standard","meta":{"footnotes":""},"categories":[1],"tags":[13,452,233],"class_list":["post-6260","post","type-post","status-publish","format-standard","has-post-thumbnail","hentry","category-cbmro","tag-cbmro","tag-institucional","tag-visita"],"yoast_head":"<!-- This site is optimized with the Yoast SEO plugin v23.7 - https:\/\/yoast.com\/wordpress\/plugins\/seo\/ -->\n<title>Comandante-Geral do CBMRO realiza visitas institucionais no interior para fortalecer a\u00e7\u00f5es e valorizar o efetivo - Corpo de Bombeiros Militar de Rond\u00f4nia<\/title>\n<meta name=\"robots\" content=\"index, follow, max-snippet:-1, max-image-preview:large, max-video-preview:-1\" \/>\n<link rel=\"canonical\" href=\"https:\/\/www.cbm.ro.gov.br\/?p=6260\" \/>\n<meta property=\"og:locale\" content=\"pt_BR\" \/>\n<meta property=\"og:type\" content=\"article\" \/>\n<meta property=\"og:title\" content=\"Comandante-Geral do CBMRO realiza visitas institucionais no interior para fortalecer a\u00e7\u00f5es e valorizar o efetivo - Corpo de Bombeiros Militar de Rond\u00f4nia\" \/>\n<meta property=\"og:description\" content=\"O Comandante-Geral do Corpo de Bombeiros Militar do Estado de Rond\u00f4nia (CBMRO) realizou, entre os dias 8 e 10 de outubro de 2025, uma s\u00e9rie de visitas institucionais aos munic\u00edpios&hellip;\" \/>\n<meta property=\"og:url\" content=\"https:\/\/www.cbm.ro.gov.br\/?p=6260\" \/>\n<meta property=\"og:site_name\" content=\"Corpo de Bombeiros Militar de Rond\u00f4nia\" \/>\n<meta property=\"article:publisher\" content=\"https:\/\/www.facebook.com\/cbmro.oficial\/\" \/>\n<meta property=\"article:published_time\" content=\"2025-10-13T17:21:45+00:00\" \/>\n<meta property=\"article:modified_time\" content=\"2025-10-13T17:21:46+00:00\" \/>\n<meta property=\"og:image\" content=\"https:\/\/www.cbm.ro.gov.br\/wp-content\/uploads\/2025\/10\/WhatsApp-Image-2025-10-13-at-08.45.26.jpeg\" \/>\n\t<meta property=\"og:image:width\" content=\"1280\" \/>\n\t<meta property=\"og:image:height\" content=\"960\" \/>\n\t<meta property=\"og:image:type\" content=\"image\/jpeg\" \/>\n<meta name=\"author\" content=\"Mikaelly Ferreira\" \/>\n<meta name=\"twitter:card\" content=\"summary_large_image\" \/>\n<meta name=\"twitter:label1\" content=\"Escrito por\" \/>\n\t<meta name=\"twitter:data1\" content=\"Mikaelly Ferreira\" \/>\n\t<meta name=\"twitter:label2\" content=\"Est. tempo de leitura\" \/>\n\t<meta name=\"twitter:data2\" content=\"2 minutos\" \/>\n<script type=\"application\/ld+json\" class=\"yoast-schema-graph\">{\"@context\":\"https:\/\/schema.org\",\"@graph\":[{\"@type\":\"Article\",\"@id\":\"https:\/\/www.cbm.ro.gov.br\/?p=6260#article\",\"isPartOf\":{\"@id\":\"https:\/\/www.cbm.ro.gov.br\/?p=6260\"},\"author\":{\"name\":\"Mikaelly Ferreira\",\"@id\":\"https:\/\/www.cbm.ro.gov.br\/#\/schema\/person\/168f7d47e46be410f13c80f869442f73\"},\"headline\":\"Comandante-Geral do CBMRO realiza visitas institucionais no interior para fortalecer a\u00e7\u00f5es e valorizar o efetivo\",\"datePublished\":\"2025-10-13T17:21:45+00:00\",\"dateModified\":\"2025-10-13T17:21:46+00:00\",\"mainEntityOfPage\":{\"@id\":\"https:\/\/www.cbm.ro.gov.br\/?p=6260\"},\"wordCount\":332,\"publisher\":{\"@id\":\"https:\/\/www.cbm.ro.gov.br\/#organization\"},\"image\":{\"@id\":\"https:\/\/www.cbm.ro.gov.br\/?p=6260#primaryimage\"},\"thumbnailUrl\":\"https:\/\/www.cbm.ro.gov.br\/wp-content\/uploads\/2025\/10\/WhatsApp-Image-2025-10-13-at-08.45.26.jpeg\",\"keywords\":[\"CBMRO\",\"INSTITUCIONAL\",\"VISITA\"],\"articleSection\":[\"CBMRO\"],\"inLanguage\":\"pt-BR\"},{\"@type\":\"WebPage\",\"@id\":\"https:\/\/www.cbm.ro.gov.br\/?p=6260\",\"url\":\"https:\/\/www.cbm.ro.gov.br\/?p=6260\",\"name\":\"Comandante-Geral do CBMRO realiza visitas institucionais no interior para fortalecer a\u00e7\u00f5es e valorizar o efetivo - Corpo de Bombeiros Militar de Rond\u00f4nia\",\"isPartOf\":{\"@id\":\"https:\/\/www.cbm.ro.gov.br\/#website\"},\"primaryImageOfPage\":{\"@id\":\"https:\/\/www.cbm.ro.gov.br\/?p=6260#primaryimage\"},\"image\":{\"@id\":\"https:\/\/www.cbm.ro.gov.br\/?p=6260#primaryimage\"},\"thumbnailUrl\":\"https:\/\/www.cbm.ro.gov.br\/wp-content\/uploads\/2025\/10\/WhatsApp-Image-2025-10-13-at-08.45.26.jpeg\",\"datePublished\":\"2025-10-13T17:21:45+00:00\",\"dateModified\":\"2025-10-13T17:21:46+00:00\",\"breadcrumb\":{\"@id\":\"https:\/\/www.cbm.ro.gov.br\/?p=6260#breadcrumb\"},\"inLanguage\":\"pt-BR\",\"potentialAction\":[{\"@type\":\"ReadAction\",\"target\":[\"https:\/\/www.cbm.ro.gov.br\/?p=6260\"]}]},{\"@type\":\"ImageObject\",\"inLanguage\":\"pt-BR\",\"@id\":\"https:\/\/www.cbm.ro.gov.br\/?p=6260#primaryimage\",\"url\":\"https:\/\/www.cbm.ro.gov.br\/wp-content\/uploads\/2025\/10\/WhatsApp-Image-2025-10-13-at-08.45.26.jpeg\",\"contentUrl\":\"https:\/\/www.cbm.ro.gov.br\/wp-content\/uploads\/2025\/10\/WhatsApp-Image-2025-10-13-at-08.45.26.jpeg\",\"width\":1280,\"height\":960},{\"@type\":\"BreadcrumbList\",\"@id\":\"https:\/\/www.cbm.ro.gov.br\/?p=6260#breadcrumb\",\"itemListElement\":[{\"@type\":\"ListItem\",\"position\":1,\"name\":\"In\u00edcio\",\"item\":\"https:\/\/www.cbm.ro.gov.br\/\"},{\"@type\":\"ListItem\",\"position\":2,\"name\":\"Comandante-Geral do CBMRO realiza visitas institucionais no interior para fortalecer a\u00e7\u00f5es e valorizar o efetivo\"}]},{\"@type\":\"WebSite\",\"@id\":\"https:\/\/www.cbm.ro.gov.br\/#website\",\"url\":\"https:\/\/www.cbm.ro.gov.br\/\",\"name\":\"Corpo de Bombeiros Militar de Rond\u00f4nia\",\"description\":\"Vidas alheias, riquezas salvar!\",\"publisher\":{\"@id\":\"https:\/\/www.cbm.ro.gov.br\/#organization\"},\"alternateName\":\"cbmro\",\"potentialAction\":[{\"@type\":\"SearchAction\",\"target\":{\"@type\":\"EntryPoint\",\"urlTemplate\":\"https:\/\/www.cbm.ro.gov.br\/?s={search_term_string}\"},\"query-input\":{\"@type\":\"PropertyValueSpecification\",\"valueRequired\":true,\"valueName\":\"search_term_string\"}}],\"inLanguage\":\"pt-BR\"},{\"@type\":\"Organization\",\"@id\":\"https:\/\/www.cbm.ro.gov.br\/#organization\",\"name\":\"Corpo de Bombeiros Militar do Estado de Rond\u00f4nia\",\"alternateName\":\"CBMRO\",\"url\":\"https:\/\/www.cbm.ro.gov.br\/\",\"logo\":{\"@type\":\"ImageObject\",\"inLanguage\":\"pt-BR\",\"@id\":\"https:\/\/www.cbm.ro.gov.br\/#\/schema\/logo\/image\/\",\"url\":\"https:\/\/www.cbm.ro.gov.br\/wp-content\/uploads\/2023\/12\/cropped-cropped-cropped-BRASO_3D_32-1-e1724344443171.png\",\"contentUrl\":\"https:\/\/www.cbm.ro.gov.br\/wp-content\/uploads\/2023\/12\/cropped-cropped-cropped-BRASO_3D_32-1-e1724344443171.png\",\"width\":446,\"height\":441,\"caption\":\"Corpo de Bombeiros Militar do Estado de Rond\u00f4nia\"},\"image\":{\"@id\":\"https:\/\/www.cbm.ro.gov.br\/#\/schema\/logo\/image\/\"},\"sameAs\":[\"https:\/\/www.facebook.com\/cbmro.oficial\/\",\"https:\/\/www.youtube.com\/c\/CorpodeBombeirosMilitardoEstadodeRond\u00f4nia\"]},{\"@type\":\"Person\",\"@id\":\"https:\/\/www.cbm.ro.gov.br\/#\/schema\/person\/168f7d47e46be410f13c80f869442f73\",\"name\":\"Mikaelly Ferreira\",\"url\":\"https:\/\/www.cbm.ro.gov.br\/?author=10\"}]}<\/script>\n<!-- \/ Yoast SEO plugin. -->","yoast_head_json":{"title":"Comandante-Geral do CBMRO realiza visitas institucionais no interior para fortalecer a\u00e7\u00f5es e valorizar o efetivo - Corpo de Bombeiros Militar de Rond\u00f4nia","robots":{"index":"index","follow":"follow","max-snippet":"max-snippet:-1","max-image-preview":"max-image-preview:large","max-video-preview":"max-video-preview:-1"},"canonical":"https:\/\/www.cbm.ro.gov.br\/?p=6260","og_locale":"pt_BR","og_type":"article","og_title":"Comandante-Geral do CBMRO realiza visitas institucionais no interior para fortalecer a\u00e7\u00f5es e valorizar o efetivo - Corpo de Bombeiros Militar de Rond\u00f4nia","og_description":"O Comandante-Geral do Corpo de Bombeiros Militar do Estado de Rond\u00f4nia (CBMRO) realizou, entre os dias 8 e 10 de outubro de 2025, uma s\u00e9rie de visitas institucionais aos munic\u00edpios&hellip;","og_url":"https:\/\/www.cbm.ro.gov.br\/?p=6260","og_site_name":"Corpo de Bombeiros Militar de Rond\u00f4nia","article_publisher":"https:\/\/www.facebook.com\/cbmro.oficial\/","article_published_time":"2025-10-13T17:21:45+00:00","article_modified_time":"2025-10-13T17:21:46+00:00","og_image":[{"width":1280,"height":960,"url":"https:\/\/www.cbm.ro.gov.br\/wp-content\/uploads\/2025\/10\/WhatsApp-Image-2025-10-13-at-08.45.26.jpeg","type":"image\/jpeg"}],"author":"Mikaelly Ferreira","twitter_card":"summary_large_image","twitter_misc":{"Escrito por":"Mikaelly Ferreira","Est. tempo de leitura":"2 minutos"},"schema":{"@context":"https:\/\/schema.org","@graph":[{"@type":"Article","@id":"https:\/\/www.cbm.ro.gov.br\/?p=6260#article","isPartOf":{"@id":"https:\/\/www.cbm.ro.gov.br\/?p=6260"},"author":{"name":"Mikaelly Ferreira","@id":"https:\/\/www.cbm.ro.gov.br\/#\/schema\/person\/168f7d47e46be410f13c80f869442f73"},"headline":"Comandante-Geral do CBMRO realiza visitas institucionais no interior para fortalecer a\u00e7\u00f5es e valorizar o efetivo","datePublished":"2025-10-13T17:21:45+00:00","dateModified":"2025-10-13T17:21:46+00:00","mainEntityOfPage":{"@id":"https:\/\/www.cbm.ro.gov.br\/?p=6260"},"wordCount":332,"publisher":{"@id":"https:\/\/www.cbm.ro.gov.br\/#organization"},"image":{"@id":"https:\/\/www.cbm.ro.gov.br\/?p=6260#primaryimage"},"thumbnailUrl":"https:\/\/www.cbm.ro.gov.br\/wp-content\/uploads\/2025\/10\/WhatsApp-Image-2025-10-13-at-08.45.26.jpeg","keywords":["CBMRO","INSTITUCIONAL","VISITA"],"articleSection":["CBMRO"],"inLanguage":"pt-BR"},{"@type":"WebPage","@id":"https:\/\/www.cbm.ro.gov.br\/?p=6260","url":"https:\/\/www.cbm.ro.gov.br\/?p=6260","name":"Comandante-Geral do CBMRO realiza visitas institucionais no interior para fortalecer a\u00e7\u00f5es e valorizar o efetivo - Corpo de Bombeiros Militar de Rond\u00f4nia","isPartOf":{"@id":"https:\/\/www.cbm.ro.gov.br\/#website"},"primaryImageOfPage":{"@id":"https:\/\/www.cbm.ro.gov.br\/?p=6260#primaryimage"},"image":{"@id":"https:\/\/www.cbm.ro.gov.br\/?p=6260#primaryimage"},"thumbnailUrl":"https:\/\/www.cbm.ro.gov.br\/wp-content\/uploads\/2025\/10\/WhatsApp-Image-2025-10-13-at-08.45.26.jpeg","datePublished":"2025-10-13T17:21:45+00:00","dateModified":"2025-10-13T17:21:46+00:00","breadcrumb":{"@id":"https:\/\/www.cbm.ro.gov.br\/?p=6260#breadcrumb"},"inLanguage":"pt-BR","potentialAction":[{"@type":"ReadAction","target":["https:\/\/www.cbm.ro.gov.br\/?p=6260"]}]},{"@type":"ImageObject","inLanguage":"pt-BR","@id":"https:\/\/www.cbm.ro.gov.br\/?p=6260#primaryimage","url":"https:\/\/www.cbm.ro.gov.br\/wp-content\/uploads\/2025\/10\/WhatsApp-Image-2025-10-13-at-08.45.26.jpeg","contentUrl":"https:\/\/www.cbm.ro.gov.br\/wp-content\/uploads\/2025\/10\/WhatsApp-Image-2025-10-13-at-08.45.26.jpeg","width":1280,"height":960},{"@type":"BreadcrumbList","@id":"https:\/\/www.cbm.ro.gov.br\/?p=6260#breadcrumb","itemListElement":[{"@type":"ListItem","position":1,"name":"In\u00edcio","item":"https:\/\/www.cbm.ro.gov.br\/"},{"@type":"ListItem","position":2,"name":"Comandante-Geral do CBMRO realiza visitas institucionais no interior para fortalecer a\u00e7\u00f5es e valorizar o efetivo"}]},{"@type":"WebSite","@id":"https:\/\/www.cbm.ro.gov.br\/#website","url":"https:\/\/www.cbm.ro.gov.br\/","name":"Corpo de Bombeiros Militar de Rond\u00f4nia","description":"Vidas alheias, riquezas salvar!","publisher":{"@id":"https:\/\/www.cbm.ro.gov.br\/#organization"},"alternateName":"cbmro","potentialAction":[{"@type":"SearchAction","target":{"@type":"EntryPoint","urlTemplate":"https:\/\/www.cbm.ro.gov.br\/?s={search_term_string}"},"query-input":{"@type":"PropertyValueSpecification","valueRequired":true,"valueName":"search_term_string"}}],"inLanguage":"pt-BR"},{"@type":"Organization","@id":"https:\/\/www.cbm.ro.gov.br\/#organization","name":"Corpo de Bombeiros Militar do Estado de Rond\u00f4nia","alternateName":"CBMRO","url":"https:\/\/www.cbm.ro.gov.br\/","logo":{"@type":"ImageObject","inLanguage":"pt-BR","@id":"https:\/\/www.cbm.ro.gov.br\/#\/schema\/logo\/image\/","url":"https:\/\/www.cbm.ro.gov.br\/wp-content\/uploads\/2023\/12\/cropped-cropped-cropped-BRASO_3D_32-1-e1724344443171.png","contentUrl":"https:\/\/www.cbm.ro.gov.br\/wp-content\/uploads\/2023\/12\/cropped-cropped-cropped-BRASO_3D_32-1-e1724344443171.png","width":446,"height":441,"caption":"Corpo de Bombeiros Militar do Estado de Rond\u00f4nia"},"image":{"@id":"https:\/\/www.cbm.ro.gov.br\/#\/schema\/logo\/image\/"},"sameAs":["https:\/\/www.facebook.com\/cbmro.oficial\/","https:\/\/www.youtube.com\/c\/CorpodeBombeirosMilitardoEstadodeRond\u00f4nia"]},{"@type":"Person","@id":"https:\/\/www.cbm.ro.gov.br\/#\/schema\/person\/168f7d47e46be410f13c80f869442f73","name":"Mikaelly Ferreira","url":"https:\/\/www.cbm.ro.gov.br\/?author=10"}]}},"wpmagazine_modules_lite_featured_media_urls":{"thumbnail":["https:\/\/www.cbm.ro.gov.br\/wp-content\/uploads\/2025\/10\/WhatsApp-Image-2025-10-13-at-08.45.26-150x150.jpeg",150,150,true],"cvmm-medium":["https:\/\/www.cbm.ro.gov.br\/wp-content\/uploads\/2025\/10\/WhatsApp-Image-2025-10-13-at-08.45.26-300x300.jpeg",300,300,true],"cvmm-medium-plus":["https:\/\/www.cbm.ro.gov.br\/wp-content\/uploads\/2025\/10\/WhatsApp-Image-2025-10-13-at-08.45.26-305x207.jpeg",305,207,true],"cvmm-portrait":["https:\/\/www.cbm.ro.gov.br\/wp-content\/uploads\/2025\/10\/WhatsApp-Image-2025-10-13-at-08.45.26-400x600.jpeg",400,600,true],"cvmm-medium-square":["https:\/\/www.cbm.ro.gov.br\/wp-content\/uploads\/2025\/10\/WhatsApp-Image-2025-10-13-at-08.45.26-600x600.jpeg",600,600,true],"cvmm-large":["https:\/\/www.cbm.ro.gov.br\/wp-content\/uploads\/2025\/10\/WhatsApp-Image-2025-10-13-at-08.45.26-1024x960.jpeg",1024,960,true],"cvmm-small":["https:\/\/www.cbm.ro.gov.br\/wp-content\/uploads\/2025\/10\/WhatsApp-Image-2025-10-13-at-08.45.26-130x95.jpeg",130,95,true],"full":["https:\/\/www.cbm.ro.gov.br\/wp-content\/uploads\/2025\/10\/WhatsApp-Image-2025-10-13-at-08.45.26.jpeg",1280,960,false]},"categories_names":{"1":{"name":"CBMRO","link":"https:\/\/www.cbm.ro.gov.br\/?cat=1"}},"tags_names":{"13":{"name":"CBMRO","link":"https:\/\/www.cbm.ro.gov.br\/?tag=cbmro"},"452":{"name":"INSTITUCIONAL","link":"https:\/\/www.cbm.ro.gov.br\/?tag=institucional"},"233":{"name":"VISITA","link":"https:\/\/www.cbm.ro.gov.br\/?tag=visita"}},"comments_number":"0","_links":{"self":[{"href":"https:\/\/www.cbm.ro.gov.br\/index.php?rest_route=\/wp\/v2\/posts\/6260","targetHints":{"allow":["GET"]}}],"collection":[{"href":"https:\/\/www.cbm.ro.gov.br\/index.php?rest_route=\/wp\/v2\/posts"}],"about":[{"href":"https:\/\/www.cbm.ro.gov.br\/index.php?rest_route=\/wp\/v2\/types\/post"}],"author":[{"embeddable":true,"href":"https:\/\/www.cbm.ro.gov.br\/index.php?rest_route=\/wp\/v2\/users\/10"}],"replies":[{"embeddable":true,"href":"https:\/\/www.cbm.ro.gov.br\/index.php?rest_route=%2Fwp%2Fv2%2Fcomments&post=6260"}],"version-history":[{"count":1,"href":"https:\/\/www.cbm.ro.gov.br\/index.php?rest_route=\/wp\/v2\/posts\/6260\/revisions"}],"predecessor-version":[{"id":6264,"href":"https:\/\/www.cbm.ro.gov.br\/index.php?rest_route=\/wp\/v2\/posts\/6260\/revisions\/6264"}],"wp:featuredmedia":[{"embeddable":true,"href":"https:\/\/www.cbm.ro.gov.br\/index.php?rest_route=\/wp\/v2\/media\/6261"}],"wp:attachment":[{"href":"https:\/\/www.cbm.ro.gov.br\/index.php?rest_route=%2Fwp%2Fv2%2Fmedia&parent=6260"}],"wp:term":[{"taxonomy":"category","embeddable":true,"href":"https:\/\/www.cbm.ro.gov.br\/index.php?rest_route=%2Fwp%2Fv2%2Fcategories&post=6260"},{"taxonomy":"post_tag","embeddable":true,"href":"https:\/\/www.cbm.ro.gov.br\/index.php?rest_route=%2Fwp%2Fv2%2Ftags&post=6260"}],"curies":[{"name":"wp","href":"https:\/\/api.w.org\/{rel}","templated":true}]}}