{"id":6148,"date":"2025-09-29T10:20:55","date_gmt":"2025-09-29T14:20:55","guid":{"rendered":"https:\/\/www.cbm.ro.gov.br\/?p=6148"},"modified":"2025-09-29T10:20:57","modified_gmt":"2025-09-29T14:20:57","slug":"festival-de-praia-2025-cbmro-garante-a-seguranca-do-evento-aquatico-em-costa-marques","status":"publish","type":"post","link":"https:\/\/www.cbm.ro.gov.br\/?p=6148","title":{"rendered":"FESTIVAL DE PRAIA 2025: CBMRO GARANTE A SEGURAN\u00c7A DO EVENTO AQU\u00c1TICO EM COSTA MARQUES"},"content":{"rendered":"\n<p class=\"has-black-color has-text-color has-link-color wp-elements-94eea3cd742cffb5649b34c6b48f02c6\">Entre os dias 25 e 28 de setembro de 2025, o munic\u00edpio de Costa Marques\u2013RO foi palco de mais uma edi\u00e7\u00e3o do tradicional <strong>Festival de Praia de Costa Marques<\/strong>, considerado um dos mais importantes eventos tur\u00edsticos e culturais do Vale do Guapor\u00e9. E, como em anos anteriores, o <strong>Corpo de Bombeiros Militar do Estado de Rond\u00f4nia<\/strong> marcou presen\u00e7a com a\u00e7\u00f5es estrat\u00e9gicas voltadas \u00e0 <strong>preven\u00e7\u00e3o e \u00e0 seguran\u00e7a da popula\u00e7\u00e3o<\/strong>.<\/p>\n\n\n\n<figure class=\"wp-block-image size-large\"><img fetchpriority=\"high\" decoding=\"async\" width=\"1024\" height=\"498\" src=\"https:\/\/www.cbm.ro.gov.br\/wp-content\/uploads\/2025\/09\/image-10-1024x498.png\" alt=\"\" class=\"wp-image-6149\" srcset=\"https:\/\/www.cbm.ro.gov.br\/wp-content\/uploads\/2025\/09\/image-10-1024x498.png 1024w, https:\/\/www.cbm.ro.gov.br\/wp-content\/uploads\/2025\/09\/image-10-300x146.png 300w, https:\/\/www.cbm.ro.gov.br\/wp-content\/uploads\/2025\/09\/image-10-768x373.png 768w, https:\/\/www.cbm.ro.gov.br\/wp-content\/uploads\/2025\/09\/image-10.png 1280w\" sizes=\"(max-width: 1024px) 100vw, 1024px\" \/><\/figure>\n\n\n\n<p class=\"has-black-color has-text-color has-link-color wp-elements-31ccdd5aaf39c1d7b20a0fa4a9634a20\">Antes mesmo do in\u00edcio do evento, equipes do CBMRO realizaram <strong>vistorias t\u00e9cnicas e fiscaliza\u00e7\u00f5es nas estruturas montadas para o festival<\/strong>, a fim de garantir que estivessem de acordo com os padr\u00f5es de seguran\u00e7a exigidos. Durante todo o per\u00edodo do evento, os bombeiros mantiveram <strong>guarni\u00e7\u00f5es de plant\u00e3o e Guarda-Vidas atuando diretamente na \u00e1rea de banho<\/strong>, assegurando uma resposta r\u00e1pida em casos de emerg\u00eancia.<\/p>\n\n\n\n<p class=\"has-black-color has-text-color has-link-color wp-elements-6cc40967148704a7b1cddc88916ace87\">Durante o evento foram registrados <strong>atendimentos por ataques de piranha<\/strong>, todos com <strong>interven\u00e7\u00e3o imediata dos bombeiros<\/strong>, que realizaram os <strong>primeiros socorros ainda no local<\/strong>. Tamb\u00e9m foi registrado um <strong>caso isolado de coma alco\u00f3lico<\/strong>, devidamente atendido pela equipe.<\/p>\n\n\n\n<figure class=\"wp-block-image size-large\"><img decoding=\"async\" width=\"1024\" height=\"498\" src=\"https:\/\/www.cbm.ro.gov.br\/wp-content\/uploads\/2025\/09\/image-11-1024x498.png\" alt=\"\" class=\"wp-image-6150\" srcset=\"https:\/\/www.cbm.ro.gov.br\/wp-content\/uploads\/2025\/09\/image-11-1024x498.png 1024w, https:\/\/www.cbm.ro.gov.br\/wp-content\/uploads\/2025\/09\/image-11-300x146.png 300w, https:\/\/www.cbm.ro.gov.br\/wp-content\/uploads\/2025\/09\/image-11-768x373.png 768w, https:\/\/www.cbm.ro.gov.br\/wp-content\/uploads\/2025\/09\/image-11.png 1280w\" sizes=\"(max-width: 1024px) 100vw, 1024px\" \/><\/figure>\n\n\n\n<p class=\"has-black-color has-text-color has-link-color wp-elements-6513adcecf6b6e51c5ea463d7f8bdb30\">O CBMRO destaca que, gra\u00e7as \u00e0 atua\u00e7\u00e3o preventiva e ao suporte cont\u00ednuo das equipes, o festival transcorreu de forma segura para os participantes.<\/p>\n\n\n\n<p class=\"has-black-color has-text-color has-link-color wp-elements-cbb5e53380403a1bfc0e363cc1b27421\"><strong>&#8220;A presen\u00e7a de Guarda-Vidas em festivais de praia \u00e9 essencial para a preserva\u00e7\u00e3o da vida. S\u00e3o profissionais treinados para agir rapidamente diante de qualquer situa\u00e7\u00e3o de risco no ambiente aqu\u00e1tico&#8221;,<\/strong> refor\u00e7a o <strong>TEN CEL BM CLIVTON<\/strong> Comandante da Opera\u00e7\u00e3o.<\/p>\n\n\n\n<p class=\"has-black-color has-text-color has-link-color wp-elements-26365e9f76d72c13d6207e6d5b2639ff\">A corpora\u00e7\u00e3o reafirma seu compromisso com a seguran\u00e7a da popula\u00e7\u00e3o rondoniense e seguir\u00e1 atuando com responsabilidade, efici\u00eancia e dedica\u00e7\u00e3o em eventos de grande porte em todo o estado.<\/p>\n\n\n\n<figure class=\"wp-block-image size-large\"><img decoding=\"async\" width=\"1024\" height=\"576\" src=\"https:\/\/www.cbm.ro.gov.br\/wp-content\/uploads\/2025\/09\/image-12-1024x576.png\" alt=\"\" class=\"wp-image-6151\" srcset=\"https:\/\/www.cbm.ro.gov.br\/wp-content\/uploads\/2025\/09\/image-12-1024x576.png 1024w, https:\/\/www.cbm.ro.gov.br\/wp-content\/uploads\/2025\/09\/image-12-300x169.png 300w, https:\/\/www.cbm.ro.gov.br\/wp-content\/uploads\/2025\/09\/image-12-768x432.png 768w, https:\/\/www.cbm.ro.gov.br\/wp-content\/uploads\/2025\/09\/image-12.png 1280w\" sizes=\"(max-width: 1024px) 100vw, 1024px\" \/><\/figure>\n","protected":false},"excerpt":{"rendered":"<p>Entre os dias 25 e 28 de setembro de 2025, o munic\u00edpio de Costa Marques\u2013RO foi palco de mais uma edi\u00e7\u00e3o do tradicional Festival de Praia de Costa Marques, considerado&hellip;<\/p>\n","protected":false},"author":5,"featured_media":6152,"comment_status":"closed","ping_status":"open","sticky":false,"template":"","format":"standard","meta":{"footnotes":""},"categories":[1],"tags":[13,96,140,439,86],"class_list":["post-6148","post","type-post","status-publish","format-standard","has-post-thumbnail","hentry","category-cbmro","tag-cbmro","tag-costamarques","tag-eventos","tag-festivaldepraia","tag-governoderondonia"],"yoast_head":"<!-- This site is optimized with the Yoast SEO plugin v23.7 - https:\/\/yoast.com\/wordpress\/plugins\/seo\/ -->\n<title>FESTIVAL DE PRAIA 2025: CBMRO GARANTE A SEGURAN\u00c7A DO EVENTO AQU\u00c1TICO EM COSTA MARQUES - Corpo de Bombeiros Militar de Rond\u00f4nia<\/title>\n<meta name=\"robots\" content=\"index, follow, max-snippet:-1, max-image-preview:large, max-video-preview:-1\" \/>\n<link rel=\"canonical\" href=\"https:\/\/www.cbm.ro.gov.br\/?p=6148\" \/>\n<meta property=\"og:locale\" content=\"pt_BR\" \/>\n<meta property=\"og:type\" content=\"article\" \/>\n<meta property=\"og:title\" content=\"FESTIVAL DE PRAIA 2025: CBMRO GARANTE A SEGURAN\u00c7A DO EVENTO AQU\u00c1TICO EM COSTA MARQUES - Corpo de Bombeiros Militar de Rond\u00f4nia\" \/>\n<meta property=\"og:description\" content=\"Entre os dias 25 e 28 de setembro de 2025, o munic\u00edpio de Costa Marques\u2013RO foi palco de mais uma edi\u00e7\u00e3o do tradicional Festival de Praia de Costa Marques, considerado&hellip;\" \/>\n<meta property=\"og:url\" content=\"https:\/\/www.cbm.ro.gov.br\/?p=6148\" \/>\n<meta property=\"og:site_name\" content=\"Corpo de Bombeiros Militar de Rond\u00f4nia\" \/>\n<meta property=\"article:publisher\" content=\"https:\/\/www.facebook.com\/cbmro.oficial\/\" \/>\n<meta property=\"article:published_time\" content=\"2025-09-29T14:20:55+00:00\" \/>\n<meta property=\"article:modified_time\" content=\"2025-09-29T14:20:57+00:00\" \/>\n<meta property=\"og:image\" content=\"https:\/\/www.cbm.ro.gov.br\/wp-content\/uploads\/2025\/09\/FOTO-DE-CAPA.jpeg\" \/>\n\t<meta property=\"og:image:width\" content=\"1280\" \/>\n\t<meta property=\"og:image:height\" content=\"900\" \/>\n\t<meta property=\"og:image:type\" content=\"image\/jpeg\" \/>\n<meta name=\"author\" content=\"Marcos Barros\" \/>\n<meta name=\"twitter:card\" content=\"summary_large_image\" \/>\n<meta name=\"twitter:label1\" content=\"Escrito por\" \/>\n\t<meta name=\"twitter:data1\" content=\"Marcos Barros\" \/>\n\t<meta name=\"twitter:label2\" content=\"Est. tempo de leitura\" \/>\n\t<meta name=\"twitter:data2\" content=\"1 minuto\" \/>\n<script type=\"application\/ld+json\" class=\"yoast-schema-graph\">{\"@context\":\"https:\/\/schema.org\",\"@graph\":[{\"@type\":\"Article\",\"@id\":\"https:\/\/www.cbm.ro.gov.br\/?p=6148#article\",\"isPartOf\":{\"@id\":\"https:\/\/www.cbm.ro.gov.br\/?p=6148\"},\"author\":{\"name\":\"Marcos Barros\",\"@id\":\"https:\/\/www.cbm.ro.gov.br\/#\/schema\/person\/b035b7e269aef4233e9514c2751917c5\"},\"headline\":\"FESTIVAL DE PRAIA 2025: CBMRO GARANTE A SEGURAN\u00c7A DO EVENTO AQU\u00c1TICO EM COSTA MARQUES\",\"datePublished\":\"2025-09-29T14:20:55+00:00\",\"dateModified\":\"2025-09-29T14:20:57+00:00\",\"mainEntityOfPage\":{\"@id\":\"https:\/\/www.cbm.ro.gov.br\/?p=6148\"},\"wordCount\":305,\"publisher\":{\"@id\":\"https:\/\/www.cbm.ro.gov.br\/#organization\"},\"image\":{\"@id\":\"https:\/\/www.cbm.ro.gov.br\/?p=6148#primaryimage\"},\"thumbnailUrl\":\"https:\/\/www.cbm.ro.gov.br\/wp-content\/uploads\/2025\/09\/FOTO-DE-CAPA.jpeg\",\"keywords\":[\"CBMRO\",\"COSTAMARQUES\",\"EVENTOS\",\"FESTIVALDEPRAIA\",\"GOVERNODERONDONIA\"],\"articleSection\":[\"CBMRO\"],\"inLanguage\":\"pt-BR\"},{\"@type\":\"WebPage\",\"@id\":\"https:\/\/www.cbm.ro.gov.br\/?p=6148\",\"url\":\"https:\/\/www.cbm.ro.gov.br\/?p=6148\",\"name\":\"FESTIVAL DE PRAIA 2025: CBMRO GARANTE A SEGURAN\u00c7A DO EVENTO AQU\u00c1TICO EM COSTA MARQUES - Corpo de Bombeiros Militar de Rond\u00f4nia\",\"isPartOf\":{\"@id\":\"https:\/\/www.cbm.ro.gov.br\/#website\"},\"primaryImageOfPage\":{\"@id\":\"https:\/\/www.cbm.ro.gov.br\/?p=6148#primaryimage\"},\"image\":{\"@id\":\"https:\/\/www.cbm.ro.gov.br\/?p=6148#primaryimage\"},\"thumbnailUrl\":\"https:\/\/www.cbm.ro.gov.br\/wp-content\/uploads\/2025\/09\/FOTO-DE-CAPA.jpeg\",\"datePublished\":\"2025-09-29T14:20:55+00:00\",\"dateModified\":\"2025-09-29T14:20:57+00:00\",\"breadcrumb\":{\"@id\":\"https:\/\/www.cbm.ro.gov.br\/?p=6148#breadcrumb\"},\"inLanguage\":\"pt-BR\",\"potentialAction\":[{\"@type\":\"ReadAction\",\"target\":[\"https:\/\/www.cbm.ro.gov.br\/?p=6148\"]}]},{\"@type\":\"ImageObject\",\"inLanguage\":\"pt-BR\",\"@id\":\"https:\/\/www.cbm.ro.gov.br\/?p=6148#primaryimage\",\"url\":\"https:\/\/www.cbm.ro.gov.br\/wp-content\/uploads\/2025\/09\/FOTO-DE-CAPA.jpeg\",\"contentUrl\":\"https:\/\/www.cbm.ro.gov.br\/wp-content\/uploads\/2025\/09\/FOTO-DE-CAPA.jpeg\",\"width\":1280,\"height\":900},{\"@type\":\"BreadcrumbList\",\"@id\":\"https:\/\/www.cbm.ro.gov.br\/?p=6148#breadcrumb\",\"itemListElement\":[{\"@type\":\"ListItem\",\"position\":1,\"name\":\"In\u00edcio\",\"item\":\"https:\/\/www.cbm.ro.gov.br\/\"},{\"@type\":\"ListItem\",\"position\":2,\"name\":\"FESTIVAL DE PRAIA 2025: CBMRO GARANTE A SEGURAN\u00c7A DO EVENTO AQU\u00c1TICO EM COSTA MARQUES\"}]},{\"@type\":\"WebSite\",\"@id\":\"https:\/\/www.cbm.ro.gov.br\/#website\",\"url\":\"https:\/\/www.cbm.ro.gov.br\/\",\"name\":\"Corpo de Bombeiros Militar de Rond\u00f4nia\",\"description\":\"Vidas alheias, riquezas salvar!\",\"publisher\":{\"@id\":\"https:\/\/www.cbm.ro.gov.br\/#organization\"},\"alternateName\":\"cbmro\",\"potentialAction\":[{\"@type\":\"SearchAction\",\"target\":{\"@type\":\"EntryPoint\",\"urlTemplate\":\"https:\/\/www.cbm.ro.gov.br\/?s={search_term_string}\"},\"query-input\":{\"@type\":\"PropertyValueSpecification\",\"valueRequired\":true,\"valueName\":\"search_term_string\"}}],\"inLanguage\":\"pt-BR\"},{\"@type\":\"Organization\",\"@id\":\"https:\/\/www.cbm.ro.gov.br\/#organization\",\"name\":\"Corpo de Bombeiros Militar do Estado de Rond\u00f4nia\",\"alternateName\":\"CBMRO\",\"url\":\"https:\/\/www.cbm.ro.gov.br\/\",\"logo\":{\"@type\":\"ImageObject\",\"inLanguage\":\"pt-BR\",\"@id\":\"https:\/\/www.cbm.ro.gov.br\/#\/schema\/logo\/image\/\",\"url\":\"https:\/\/www.cbm.ro.gov.br\/wp-content\/uploads\/2023\/12\/cropped-cropped-cropped-BRASO_3D_32-1-e1724344443171.png\",\"contentUrl\":\"https:\/\/www.cbm.ro.gov.br\/wp-content\/uploads\/2023\/12\/cropped-cropped-cropped-BRASO_3D_32-1-e1724344443171.png\",\"width\":446,\"height\":441,\"caption\":\"Corpo de Bombeiros Militar do Estado de Rond\u00f4nia\"},\"image\":{\"@id\":\"https:\/\/www.cbm.ro.gov.br\/#\/schema\/logo\/image\/\"},\"sameAs\":[\"https:\/\/www.facebook.com\/cbmro.oficial\/\",\"https:\/\/www.youtube.com\/c\/CorpodeBombeirosMilitardoEstadodeRond\u00f4nia\"]},{\"@type\":\"Person\",\"@id\":\"https:\/\/www.cbm.ro.gov.br\/#\/schema\/person\/b035b7e269aef4233e9514c2751917c5\",\"name\":\"Marcos Barros\",\"sameAs\":[\"http:\/\/10.210.0.90\/wp-admin\/post.php?post=2688&amp;action=edit\"],\"url\":\"https:\/\/www.cbm.ro.gov.br\/?author=5\"}]}<\/script>\n<!-- \/ Yoast SEO plugin. -->","yoast_head_json":{"title":"FESTIVAL DE PRAIA 2025: CBMRO GARANTE A SEGURAN\u00c7A DO EVENTO AQU\u00c1TICO EM COSTA MARQUES - Corpo de Bombeiros Militar de Rond\u00f4nia","robots":{"index":"index","follow":"follow","max-snippet":"max-snippet:-1","max-image-preview":"max-image-preview:large","max-video-preview":"max-video-preview:-1"},"canonical":"https:\/\/www.cbm.ro.gov.br\/?p=6148","og_locale":"pt_BR","og_type":"article","og_title":"FESTIVAL DE PRAIA 2025: CBMRO GARANTE A SEGURAN\u00c7A DO EVENTO AQU\u00c1TICO EM COSTA MARQUES - Corpo de Bombeiros Militar de Rond\u00f4nia","og_description":"Entre os dias 25 e 28 de setembro de 2025, o munic\u00edpio de Costa Marques\u2013RO foi palco de mais uma edi\u00e7\u00e3o do tradicional Festival de Praia de Costa Marques, considerado&hellip;","og_url":"https:\/\/www.cbm.ro.gov.br\/?p=6148","og_site_name":"Corpo de Bombeiros Militar de Rond\u00f4nia","article_publisher":"https:\/\/www.facebook.com\/cbmro.oficial\/","article_published_time":"2025-09-29T14:20:55+00:00","article_modified_time":"2025-09-29T14:20:57+00:00","og_image":[{"width":1280,"height":900,"url":"https:\/\/www.cbm.ro.gov.br\/wp-content\/uploads\/2025\/09\/FOTO-DE-CAPA.jpeg","type":"image\/jpeg"}],"author":"Marcos Barros","twitter_card":"summary_large_image","twitter_misc":{"Escrito por":"Marcos Barros","Est. tempo de leitura":"1 minuto"},"schema":{"@context":"https:\/\/schema.org","@graph":[{"@type":"Article","@id":"https:\/\/www.cbm.ro.gov.br\/?p=6148#article","isPartOf":{"@id":"https:\/\/www.cbm.ro.gov.br\/?p=6148"},"author":{"name":"Marcos Barros","@id":"https:\/\/www.cbm.ro.gov.br\/#\/schema\/person\/b035b7e269aef4233e9514c2751917c5"},"headline":"FESTIVAL DE PRAIA 2025: CBMRO GARANTE A SEGURAN\u00c7A DO EVENTO AQU\u00c1TICO EM COSTA MARQUES","datePublished":"2025-09-29T14:20:55+00:00","dateModified":"2025-09-29T14:20:57+00:00","mainEntityOfPage":{"@id":"https:\/\/www.cbm.ro.gov.br\/?p=6148"},"wordCount":305,"publisher":{"@id":"https:\/\/www.cbm.ro.gov.br\/#organization"},"image":{"@id":"https:\/\/www.cbm.ro.gov.br\/?p=6148#primaryimage"},"thumbnailUrl":"https:\/\/www.cbm.ro.gov.br\/wp-content\/uploads\/2025\/09\/FOTO-DE-CAPA.jpeg","keywords":["CBMRO","COSTAMARQUES","EVENTOS","FESTIVALDEPRAIA","GOVERNODERONDONIA"],"articleSection":["CBMRO"],"inLanguage":"pt-BR"},{"@type":"WebPage","@id":"https:\/\/www.cbm.ro.gov.br\/?p=6148","url":"https:\/\/www.cbm.ro.gov.br\/?p=6148","name":"FESTIVAL DE PRAIA 2025: CBMRO GARANTE A SEGURAN\u00c7A DO EVENTO AQU\u00c1TICO EM COSTA MARQUES - Corpo de Bombeiros Militar de Rond\u00f4nia","isPartOf":{"@id":"https:\/\/www.cbm.ro.gov.br\/#website"},"primaryImageOfPage":{"@id":"https:\/\/www.cbm.ro.gov.br\/?p=6148#primaryimage"},"image":{"@id":"https:\/\/www.cbm.ro.gov.br\/?p=6148#primaryimage"},"thumbnailUrl":"https:\/\/www.cbm.ro.gov.br\/wp-content\/uploads\/2025\/09\/FOTO-DE-CAPA.jpeg","datePublished":"2025-09-29T14:20:55+00:00","dateModified":"2025-09-29T14:20:57+00:00","breadcrumb":{"@id":"https:\/\/www.cbm.ro.gov.br\/?p=6148#breadcrumb"},"inLanguage":"pt-BR","potentialAction":[{"@type":"ReadAction","target":["https:\/\/www.cbm.ro.gov.br\/?p=6148"]}]},{"@type":"ImageObject","inLanguage":"pt-BR","@id":"https:\/\/www.cbm.ro.gov.br\/?p=6148#primaryimage","url":"https:\/\/www.cbm.ro.gov.br\/wp-content\/uploads\/2025\/09\/FOTO-DE-CAPA.jpeg","contentUrl":"https:\/\/www.cbm.ro.gov.br\/wp-content\/uploads\/2025\/09\/FOTO-DE-CAPA.jpeg","width":1280,"height":900},{"@type":"BreadcrumbList","@id":"https:\/\/www.cbm.ro.gov.br\/?p=6148#breadcrumb","itemListElement":[{"@type":"ListItem","position":1,"name":"In\u00edcio","item":"https:\/\/www.cbm.ro.gov.br\/"},{"@type":"ListItem","position":2,"name":"FESTIVAL DE PRAIA 2025: CBMRO GARANTE A SEGURAN\u00c7A DO EVENTO AQU\u00c1TICO EM COSTA MARQUES"}]},{"@type":"WebSite","@id":"https:\/\/www.cbm.ro.gov.br\/#website","url":"https:\/\/www.cbm.ro.gov.br\/","name":"Corpo de Bombeiros Militar de Rond\u00f4nia","description":"Vidas alheias, riquezas salvar!","publisher":{"@id":"https:\/\/www.cbm.ro.gov.br\/#organization"},"alternateName":"cbmro","potentialAction":[{"@type":"SearchAction","target":{"@type":"EntryPoint","urlTemplate":"https:\/\/www.cbm.ro.gov.br\/?s={search_term_string}"},"query-input":{"@type":"PropertyValueSpecification","valueRequired":true,"valueName":"search_term_string"}}],"inLanguage":"pt-BR"},{"@type":"Organization","@id":"https:\/\/www.cbm.ro.gov.br\/#organization","name":"Corpo de Bombeiros Militar do Estado de Rond\u00f4nia","alternateName":"CBMRO","url":"https:\/\/www.cbm.ro.gov.br\/","logo":{"@type":"ImageObject","inLanguage":"pt-BR","@id":"https:\/\/www.cbm.ro.gov.br\/#\/schema\/logo\/image\/","url":"https:\/\/www.cbm.ro.gov.br\/wp-content\/uploads\/2023\/12\/cropped-cropped-cropped-BRASO_3D_32-1-e1724344443171.png","contentUrl":"https:\/\/www.cbm.ro.gov.br\/wp-content\/uploads\/2023\/12\/cropped-cropped-cropped-BRASO_3D_32-1-e1724344443171.png","width":446,"height":441,"caption":"Corpo de Bombeiros Militar do Estado de Rond\u00f4nia"},"image":{"@id":"https:\/\/www.cbm.ro.gov.br\/#\/schema\/logo\/image\/"},"sameAs":["https:\/\/www.facebook.com\/cbmro.oficial\/","https:\/\/www.youtube.com\/c\/CorpodeBombeirosMilitardoEstadodeRond\u00f4nia"]},{"@type":"Person","@id":"https:\/\/www.cbm.ro.gov.br\/#\/schema\/person\/b035b7e269aef4233e9514c2751917c5","name":"Marcos Barros","sameAs":["http:\/\/10.210.0.90\/wp-admin\/post.php?post=2688&amp;action=edit"],"url":"https:\/\/www.cbm.ro.gov.br\/?author=5"}]}},"wpmagazine_modules_lite_featured_media_urls":{"thumbnail":["https:\/\/www.cbm.ro.gov.br\/wp-content\/uploads\/2025\/09\/FOTO-DE-CAPA-150x150.jpeg",150,150,true],"cvmm-medium":["https:\/\/www.cbm.ro.gov.br\/wp-content\/uploads\/2025\/09\/FOTO-DE-CAPA-300x300.jpeg",300,300,true],"cvmm-medium-plus":["https:\/\/www.cbm.ro.gov.br\/wp-content\/uploads\/2025\/09\/FOTO-DE-CAPA-305x207.jpeg",305,207,true],"cvmm-portrait":["https:\/\/www.cbm.ro.gov.br\/wp-content\/uploads\/2025\/09\/FOTO-DE-CAPA-400x600.jpeg",400,600,true],"cvmm-medium-square":["https:\/\/www.cbm.ro.gov.br\/wp-content\/uploads\/2025\/09\/FOTO-DE-CAPA-600x600.jpeg",600,600,true],"cvmm-large":["https:\/\/www.cbm.ro.gov.br\/wp-content\/uploads\/2025\/09\/FOTO-DE-CAPA-1024x900.jpeg",1024,900,true],"cvmm-small":["https:\/\/www.cbm.ro.gov.br\/wp-content\/uploads\/2025\/09\/FOTO-DE-CAPA-130x95.jpeg",130,95,true],"full":["https:\/\/www.cbm.ro.gov.br\/wp-content\/uploads\/2025\/09\/FOTO-DE-CAPA.jpeg",1280,900,false]},"categories_names":{"1":{"name":"CBMRO","link":"https:\/\/www.cbm.ro.gov.br\/?cat=1"}},"tags_names":{"13":{"name":"CBMRO","link":"https:\/\/www.cbm.ro.gov.br\/?tag=cbmro"},"96":{"name":"COSTAMARQUES","link":"https:\/\/www.cbm.ro.gov.br\/?tag=costamarques"},"140":{"name":"EVENTOS","link":"https:\/\/www.cbm.ro.gov.br\/?tag=eventos"},"439":{"name":"FESTIVALDEPRAIA","link":"https:\/\/www.cbm.ro.gov.br\/?tag=festivaldepraia"},"86":{"name":"GOVERNODERONDONIA","link":"https:\/\/www.cbm.ro.gov.br\/?tag=governoderondonia"}},"comments_number":"0","_links":{"self":[{"href":"https:\/\/www.cbm.ro.gov.br\/index.php?rest_route=\/wp\/v2\/posts\/6148","targetHints":{"allow":["GET"]}}],"collection":[{"href":"https:\/\/www.cbm.ro.gov.br\/index.php?rest_route=\/wp\/v2\/posts"}],"about":[{"href":"https:\/\/www.cbm.ro.gov.br\/index.php?rest_route=\/wp\/v2\/types\/post"}],"author":[{"embeddable":true,"href":"https:\/\/www.cbm.ro.gov.br\/index.php?rest_route=\/wp\/v2\/users\/5"}],"replies":[{"embeddable":true,"href":"https:\/\/www.cbm.ro.gov.br\/index.php?rest_route=%2Fwp%2Fv2%2Fcomments&post=6148"}],"version-history":[{"count":1,"href":"https:\/\/www.cbm.ro.gov.br\/index.php?rest_route=\/wp\/v2\/posts\/6148\/revisions"}],"predecessor-version":[{"id":6153,"href":"https:\/\/www.cbm.ro.gov.br\/index.php?rest_route=\/wp\/v2\/posts\/6148\/revisions\/6153"}],"wp:featuredmedia":[{"embeddable":true,"href":"https:\/\/www.cbm.ro.gov.br\/index.php?rest_route=\/wp\/v2\/media\/6152"}],"wp:attachment":[{"href":"https:\/\/www.cbm.ro.gov.br\/index.php?rest_route=%2Fwp%2Fv2%2Fmedia&parent=6148"}],"wp:term":[{"taxonomy":"category","embeddable":true,"href":"https:\/\/www.cbm.ro.gov.br\/index.php?rest_route=%2Fwp%2Fv2%2Fcategories&post=6148"},{"taxonomy":"post_tag","embeddable":true,"href":"https:\/\/www.cbm.ro.gov.br\/index.php?rest_route=%2Fwp%2Fv2%2Ftags&post=6148"}],"curies":[{"name":"wp","href":"https:\/\/api.w.org\/{rel}","templated":true}]}}