{"id":5997,"date":"2025-09-09T13:33:30","date_gmt":"2025-09-09T17:33:30","guid":{"rendered":"https:\/\/www.cbm.ro.gov.br\/?p=5997"},"modified":"2025-09-09T13:33:31","modified_gmt":"2025-09-09T17:33:31","slug":"cbmro-participa-do-desfile-de-7-de-setembro-em-comemoracao-ao-dia-da-independencia-do-brasil","status":"publish","type":"post","link":"https:\/\/www.cbm.ro.gov.br\/?p=5997","title":{"rendered":"CBMRO PARTICIPA DO DESFILE DE 7 DE SETEMBRO EM COMEMORA\u00c7\u00c3O AO DIA DA INDEPEND\u00caNCIA DO BRASIL"},"content":{"rendered":"\n<p><strong>Porto Velho (RO)<\/strong> \u2013 O Corpo de Bombeiros Militar do Estado de Rond\u00f4nia (CBMRO) participou, neste Domingo (7), do tradicional <strong>Desfile C\u00edvico-Militar de 7 de Setembro<\/strong>, em celebra\u00e7\u00e3o aos <strong>203 anos da Independ\u00eancia do Brasil<\/strong>. A solenidade foi marcada por apresenta\u00e7\u00f5es que exaltaram o civismo, a disciplina e o compromisso da corpora\u00e7\u00e3o com a prote\u00e7\u00e3o da sociedade rondoniense.<\/p>\n\n\n\n<figure class=\"wp-block-image size-large is-resized\"><img fetchpriority=\"high\" decoding=\"async\" width=\"1024\" height=\"768\" src=\"https:\/\/www.cbm.ro.gov.br\/wp-content\/uploads\/2025\/09\/image-6-1024x768.png\" alt=\"\" class=\"wp-image-6002\" style=\"width:720px\" srcset=\"https:\/\/www.cbm.ro.gov.br\/wp-content\/uploads\/2025\/09\/image-6-1024x768.png 1024w, https:\/\/www.cbm.ro.gov.br\/wp-content\/uploads\/2025\/09\/image-6-300x225.png 300w, https:\/\/www.cbm.ro.gov.br\/wp-content\/uploads\/2025\/09\/image-6-768x576.png 768w, https:\/\/www.cbm.ro.gov.br\/wp-content\/uploads\/2025\/09\/image-6.png 1280w\" sizes=\"(max-width: 1024px) 100vw, 1024px\" \/><\/figure>\n\n\n\n<h3 class=\"wp-block-heading\"><strong>Tropa em marcha: honra, t\u00e9cnica e coragem<\/strong><\/h3>\n\n\n\n<p>Abrindo o desfile a p\u00e9, o p\u00fablico foi saudado pela tropa do CBMRO, com destaque para a presen\u00e7a do Subcomandante-Geral da corpora\u00e7\u00e3o, <strong>Cel BM Ribeiro<\/strong>, que conduziu a forma\u00e7\u00e3o, acompanhado do Estado-Maior Geral, representado pelo <strong>Cel BM Arthur<\/strong>, s\u00edmbolo da estrat\u00e9gia e lideran\u00e7a da institui\u00e7\u00e3o.<\/p>\n\n\n\n<p>Logo atr\u00e1s, o <strong>2\u00ba Sgt BM Deived<\/strong> conduziu com honra o <strong>Porta-S\u00edmbolo<\/strong>, ostentando o bras\u00e3o do CBMRO. A tradicional <strong>Guarda-Bandeira<\/strong> trouxe com impon\u00eancia o <strong>Pavilh\u00e3o Nacional<\/strong>, exaltando os valores da p\u00e1tria e do servi\u00e7o p\u00fablico.<\/p>\n\n\n\n<figure class=\"wp-block-image size-large is-resized\"><img decoding=\"async\" width=\"1024\" height=\"768\" src=\"https:\/\/www.cbm.ro.gov.br\/wp-content\/uploads\/2025\/09\/image-5-1024x768.png\" alt=\"\" class=\"wp-image-6001\" style=\"width:720px\" srcset=\"https:\/\/www.cbm.ro.gov.br\/wp-content\/uploads\/2025\/09\/image-5-1024x768.png 1024w, https:\/\/www.cbm.ro.gov.br\/wp-content\/uploads\/2025\/09\/image-5-300x225.png 300w, https:\/\/www.cbm.ro.gov.br\/wp-content\/uploads\/2025\/09\/image-5-768x576.png 768w, https:\/\/www.cbm.ro.gov.br\/wp-content\/uploads\/2025\/09\/image-5.png 1280w\" sizes=\"(max-width: 1024px) 100vw, 1024px\" \/><\/figure>\n\n\n\n<p>A <strong>Tropa Representativa<\/strong> desfilou em seguida, composta por bombeiros operacionais que atuam diariamente em ocorr\u00eancias de inc\u00eandios, salvamentos e resgates por todo o estado. A bravura e dedica\u00e7\u00e3o desses profissionais foi refor\u00e7ada com a passagem da <strong>Tropa Especializada em Inc\u00eandio Florestal<\/strong>, equipada com EPIs espec\u00edficos para combate em \u00e1reas de vegeta\u00e7\u00e3o e mata, evidenciando a dif\u00edcil e perigosa miss\u00e3o de proteger o meio ambiente.<\/p>\n\n\n\n<figure class=\"wp-block-image size-large is-resized\"><img decoding=\"async\" width=\"1024\" height=\"768\" src=\"https:\/\/www.cbm.ro.gov.br\/wp-content\/uploads\/2025\/09\/image-4-1024x768.png\" alt=\"\" class=\"wp-image-6000\" style=\"width:720px\" srcset=\"https:\/\/www.cbm.ro.gov.br\/wp-content\/uploads\/2025\/09\/image-4-1024x768.png 1024w, https:\/\/www.cbm.ro.gov.br\/wp-content\/uploads\/2025\/09\/image-4-300x225.png 300w, https:\/\/www.cbm.ro.gov.br\/wp-content\/uploads\/2025\/09\/image-4-768x576.png 768w, https:\/\/www.cbm.ro.gov.br\/wp-content\/uploads\/2025\/09\/image-4.png 1280w\" sizes=\"(max-width: 1024px) 100vw, 1024px\" \/><\/figure>\n\n\n\n<p>Chamou a aten\u00e7\u00e3o do p\u00fablico o desfile do <strong>Grupamento de Busca e Salvamento (GBS)<\/strong>, especializado em resgates em altura, espa\u00e7os confinados e ambientes de alto risco, al\u00e9m do <strong>Grupamento de Opera\u00e7\u00f5es A\u00e9reas<\/strong>, que reafirma a presen\u00e7a dos bombeiros tamb\u00e9m nos c\u00e9us de Rond\u00f4nia, atuando em resgates aerom\u00e9dicos e apoio log\u00edstico.<\/p>\n\n\n\n<p>Em um momento de ternura e esperan\u00e7a para o futuro, o <strong>Pelot\u00e3o do Projeto Bombeiro Mirim<\/strong> encantou o p\u00fablico. A iniciativa forma crian\u00e7as e adolescentes com base em valores como civismo, disciplina e solidariedade.<\/p>\n\n\n\n<figure class=\"wp-block-gallery has-nested-images columns-default is-cropped wp-block-gallery-1 is-layout-flex wp-block-gallery-is-layout-flex\">\n<figure class=\"wp-block-image size-full\"><img loading=\"lazy\" decoding=\"async\" width=\"1280\" height=\"588\" data-id=\"6003\" src=\"https:\/\/www.cbm.ro.gov.br\/wp-content\/uploads\/2025\/09\/WhatsApp-Image-2025-09-07-at-16.52.47.jpeg\" alt=\"\" class=\"wp-image-6003\" srcset=\"https:\/\/www.cbm.ro.gov.br\/wp-content\/uploads\/2025\/09\/WhatsApp-Image-2025-09-07-at-16.52.47.jpeg 1280w, https:\/\/www.cbm.ro.gov.br\/wp-content\/uploads\/2025\/09\/WhatsApp-Image-2025-09-07-at-16.52.47-300x138.jpeg 300w, https:\/\/www.cbm.ro.gov.br\/wp-content\/uploads\/2025\/09\/WhatsApp-Image-2025-09-07-at-16.52.47-1024x470.jpeg 1024w, https:\/\/www.cbm.ro.gov.br\/wp-content\/uploads\/2025\/09\/WhatsApp-Image-2025-09-07-at-16.52.47-768x353.jpeg 768w\" sizes=\"(max-width: 1280px) 100vw, 1280px\" \/><\/figure>\n<\/figure>\n\n\n\n<h3 class=\"wp-block-heading\"><strong>Desfile motorizado: tecnologia e prontid\u00e3o a servi\u00e7o da vida<\/strong><\/h3>\n\n\n\n<p>Na sequ\u00eancia, teve in\u00edcio o desfile motorizado, evidenciando a capacidade t\u00e9cnica e a infraestrutura operacional do CBMRO. Os ve\u00edculos <strong>Cronos e Virtus<\/strong>, conduzidos por militares com uniforme laranja e boina vermelha, abriram o desfile representando os setores administrativos e de comando.<\/p>\n\n\n\n<p>Os <strong>Quadriciclos<\/strong>, vers\u00e1teis e adaptados para \u00e1reas de dif\u00edcil acesso, foram acompanhados por militares equipados com sopradores, essenciais no combate a inc\u00eandios florestais.<\/p>\n\n\n\n<p>A apresenta\u00e7\u00e3o do <strong>Canil do Corpo de Bombeiros<\/strong> foi um dos pontos altos do desfile, com o <strong>Grupamento de C\u00e3es de Busca e Salvamento<\/strong> desfilando ao lado de seus condutores fardados, demonstrando a efici\u00eancia dos c\u00e3es treinados para localizar v\u00edtimas em \u00e1reas isoladas.<\/p>\n\n\n\n<p>As potentes viaturas operacionais tamb\u00e9m marcaram presen\u00e7a. A <strong>Unidade de Resgate (UR)<\/strong> mostrou sua capacidade de resposta a emerg\u00eancias cl\u00ednicas e traum\u00e1ticas. O <strong>Auto Bomba Tanque (ABT VINCI)<\/strong> e o <strong>Auto Tanque (AT 09)<\/strong>, com guarni\u00e7\u00f5es em trajes de combate a inc\u00eandios estruturais, representaram a linha de frente em ocorr\u00eancias complexas.<\/p>\n\n\n\n<p>A grandiosa <strong>Auto Escada Mec\u00e2nica de 60 metros<\/strong>, uma das maiores do pa\u00eds, impressionou a todos, refor\u00e7ando a capacidade do CBMRO em resgates verticais e inc\u00eandios em grandes edifica\u00e7\u00f5es.<\/p>\n\n\n\n<p>Encerrando o desfile terrestre, o <strong>\u00d4nibus do Corpo de Bombeiros<\/strong> simbolizou o suporte log\u00edstico e o transporte coletivo de efetivo em miss\u00f5es especiais.<\/p>\n\n\n\n<figure class=\"wp-block-image size-large is-resized\"><img loading=\"lazy\" decoding=\"async\" width=\"1024\" height=\"680\" src=\"https:\/\/www.cbm.ro.gov.br\/wp-content\/uploads\/2025\/09\/image-3-1024x680.png\" alt=\"\" class=\"wp-image-5999\" style=\"width:720px\" srcset=\"https:\/\/www.cbm.ro.gov.br\/wp-content\/uploads\/2025\/09\/image-3-1024x680.png 1024w, https:\/\/www.cbm.ro.gov.br\/wp-content\/uploads\/2025\/09\/image-3-300x199.png 300w, https:\/\/www.cbm.ro.gov.br\/wp-content\/uploads\/2025\/09\/image-3-768x510.png 768w, https:\/\/www.cbm.ro.gov.br\/wp-content\/uploads\/2025\/09\/image-3.png 1062w\" sizes=\"(max-width: 1024px) 100vw, 1024px\" \/><\/figure>\n\n\n\n<h3 class=\"wp-block-heading\"><strong>C\u00e9us de Rond\u00f4nia tamb\u00e9m s\u00e3o protegidos<\/strong><\/h3>\n\n\n\n<p>Nos c\u00e9us de Porto Velho, o espet\u00e1culo foi completado pelo sobrevoo da aeronave <strong>Cessna Grand Caravan EX \u2013 Resgate 03<\/strong>. Com mais de <strong>4.400 horas de voo<\/strong>, a aeronave se destacou durante a pandemia, tendo realizado mais de <strong>2.000 horas de miss\u00f5es<\/strong> transportando pacientes e insumos a comunidades remotas, demonstrando o alcance e a import\u00e2ncia da avia\u00e7\u00e3o bombeiro-militar.<\/p>\n\n\n\n<h3 class=\"wp-block-heading\"><strong>Compromisso inabal\u00e1vel com Rond\u00f4nia<\/strong><\/h3>\n\n\n\n<p>Mais do que um desfile, o evento foi uma demonstra\u00e7\u00e3o p\u00fablica do compromisso inabal\u00e1vel do Corpo de Bombeiros Militar de Rond\u00f4nia com a vida, a seguran\u00e7a e o bem-estar da popula\u00e7\u00e3o.<\/p>\n\n\n\n<p>Cada passo, cada viatura e cada equipamento apresentado contou uma hist\u00f3ria de dedica\u00e7\u00e3o, preparo e coragem. O CBMRO reafirma, com orgulho, sua miss\u00e3o: <strong>&#8220;Vidas alheias e riquezas salvar.&#8221;<\/strong><\/p>\n\n\n\n<figure class=\"wp-block-image size-large is-resized\"><img loading=\"lazy\" decoding=\"async\" width=\"1024\" height=\"683\" src=\"https:\/\/www.cbm.ro.gov.br\/wp-content\/uploads\/2025\/09\/image-2-1024x683.png\" alt=\"\" class=\"wp-image-5998\" style=\"width:720px\" srcset=\"https:\/\/www.cbm.ro.gov.br\/wp-content\/uploads\/2025\/09\/image-2-1024x683.png 1024w, https:\/\/www.cbm.ro.gov.br\/wp-content\/uploads\/2025\/09\/image-2-300x200.png 300w, https:\/\/www.cbm.ro.gov.br\/wp-content\/uploads\/2025\/09\/image-2-768x512.png 768w, https:\/\/www.cbm.ro.gov.br\/wp-content\/uploads\/2025\/09\/image-2.png 1065w\" sizes=\"(max-width: 1024px) 100vw, 1024px\" \/><\/figure>\n","protected":false},"excerpt":{"rendered":"<p>Porto Velho (RO) \u2013 O Corpo de Bombeiros Militar do Estado de Rond\u00f4nia (CBMRO) participou, neste Domingo (7), do tradicional Desfile C\u00edvico-Militar de 7 de Setembro, em celebra\u00e7\u00e3o aos 203&hellip;<\/p>\n","protected":false},"author":5,"featured_media":6006,"comment_status":"closed","ping_status":"open","sticky":false,"template":"","format":"standard","meta":{"footnotes":""},"categories":[1,6],"tags":[13,436,86],"class_list":["post-5997","post","type-post","status-publish","format-standard","has-post-thumbnail","hentry","category-cbmro","category-eventos","tag-cbmro","tag-desfile7desetembro","tag-governoderondonia"],"yoast_head":"<!-- This site is optimized with the Yoast SEO plugin v23.7 - https:\/\/yoast.com\/wordpress\/plugins\/seo\/ -->\n<title>CBMRO PARTICIPA DO DESFILE DE 7 DE SETEMBRO EM COMEMORA\u00c7\u00c3O AO DIA DA INDEPEND\u00caNCIA DO BRASIL - Corpo de Bombeiros Militar de Rond\u00f4nia<\/title>\n<meta name=\"robots\" content=\"index, follow, max-snippet:-1, max-image-preview:large, max-video-preview:-1\" \/>\n<link rel=\"canonical\" href=\"https:\/\/www.cbm.ro.gov.br\/?p=5997\" \/>\n<meta property=\"og:locale\" content=\"pt_BR\" \/>\n<meta property=\"og:type\" content=\"article\" \/>\n<meta property=\"og:title\" content=\"CBMRO PARTICIPA DO DESFILE DE 7 DE SETEMBRO EM COMEMORA\u00c7\u00c3O AO DIA DA INDEPEND\u00caNCIA DO BRASIL - Corpo de Bombeiros Militar de Rond\u00f4nia\" \/>\n<meta property=\"og:description\" content=\"Porto Velho (RO) \u2013 O Corpo de Bombeiros Militar do Estado de Rond\u00f4nia (CBMRO) participou, neste Domingo (7), do tradicional Desfile C\u00edvico-Militar de 7 de Setembro, em celebra\u00e7\u00e3o aos 203&hellip;\" \/>\n<meta property=\"og:url\" content=\"https:\/\/www.cbm.ro.gov.br\/?p=5997\" \/>\n<meta property=\"og:site_name\" content=\"Corpo de Bombeiros Militar de Rond\u00f4nia\" \/>\n<meta property=\"article:publisher\" content=\"https:\/\/www.facebook.com\/cbmro.oficial\/\" \/>\n<meta property=\"article:published_time\" content=\"2025-09-09T17:33:30+00:00\" \/>\n<meta property=\"article:modified_time\" content=\"2025-09-09T17:33:31+00:00\" \/>\n<meta property=\"og:image\" content=\"https:\/\/www.cbm.ro.gov.br\/wp-content\/uploads\/2025\/09\/WhatsApp-Image-2025-09-09-at-13.34.06-1.jpeg\" \/>\n\t<meta property=\"og:image:width\" content=\"1065\" \/>\n\t<meta property=\"og:image:height\" content=\"710\" \/>\n\t<meta property=\"og:image:type\" content=\"image\/jpeg\" \/>\n<meta name=\"author\" content=\"Marcos Barros\" \/>\n<meta name=\"twitter:card\" content=\"summary_large_image\" \/>\n<meta name=\"twitter:label1\" content=\"Escrito por\" \/>\n\t<meta name=\"twitter:data1\" content=\"Marcos Barros\" \/>\n\t<meta name=\"twitter:label2\" content=\"Est. tempo de leitura\" \/>\n\t<meta name=\"twitter:data2\" content=\"4 minutos\" \/>\n<script type=\"application\/ld+json\" class=\"yoast-schema-graph\">{\"@context\":\"https:\/\/schema.org\",\"@graph\":[{\"@type\":\"Article\",\"@id\":\"https:\/\/www.cbm.ro.gov.br\/?p=5997#article\",\"isPartOf\":{\"@id\":\"https:\/\/www.cbm.ro.gov.br\/?p=5997\"},\"author\":{\"name\":\"Marcos Barros\",\"@id\":\"https:\/\/www.cbm.ro.gov.br\/#\/schema\/person\/b035b7e269aef4233e9514c2751917c5\"},\"headline\":\"CBMRO PARTICIPA DO DESFILE DE 7 DE SETEMBRO EM COMEMORA\u00c7\u00c3O AO DIA DA INDEPEND\u00caNCIA DO BRASIL\",\"datePublished\":\"2025-09-09T17:33:30+00:00\",\"dateModified\":\"2025-09-09T17:33:31+00:00\",\"mainEntityOfPage\":{\"@id\":\"https:\/\/www.cbm.ro.gov.br\/?p=5997\"},\"wordCount\":743,\"publisher\":{\"@id\":\"https:\/\/www.cbm.ro.gov.br\/#organization\"},\"image\":{\"@id\":\"https:\/\/www.cbm.ro.gov.br\/?p=5997#primaryimage\"},\"thumbnailUrl\":\"https:\/\/www.cbm.ro.gov.br\/wp-content\/uploads\/2025\/09\/WhatsApp-Image-2025-09-09-at-13.34.06-1.jpeg\",\"keywords\":[\"CBMRO\",\"DESFILE7DESETEMBRO\",\"GOVERNODERONDONIA\"],\"articleSection\":[\"CBMRO\",\"Eventos\"],\"inLanguage\":\"pt-BR\"},{\"@type\":\"WebPage\",\"@id\":\"https:\/\/www.cbm.ro.gov.br\/?p=5997\",\"url\":\"https:\/\/www.cbm.ro.gov.br\/?p=5997\",\"name\":\"CBMRO PARTICIPA DO DESFILE DE 7 DE SETEMBRO EM COMEMORA\u00c7\u00c3O AO DIA DA INDEPEND\u00caNCIA DO BRASIL - Corpo de Bombeiros Militar de Rond\u00f4nia\",\"isPartOf\":{\"@id\":\"https:\/\/www.cbm.ro.gov.br\/#website\"},\"primaryImageOfPage\":{\"@id\":\"https:\/\/www.cbm.ro.gov.br\/?p=5997#primaryimage\"},\"image\":{\"@id\":\"https:\/\/www.cbm.ro.gov.br\/?p=5997#primaryimage\"},\"thumbnailUrl\":\"https:\/\/www.cbm.ro.gov.br\/wp-content\/uploads\/2025\/09\/WhatsApp-Image-2025-09-09-at-13.34.06-1.jpeg\",\"datePublished\":\"2025-09-09T17:33:30+00:00\",\"dateModified\":\"2025-09-09T17:33:31+00:00\",\"breadcrumb\":{\"@id\":\"https:\/\/www.cbm.ro.gov.br\/?p=5997#breadcrumb\"},\"inLanguage\":\"pt-BR\",\"potentialAction\":[{\"@type\":\"ReadAction\",\"target\":[\"https:\/\/www.cbm.ro.gov.br\/?p=5997\"]}]},{\"@type\":\"ImageObject\",\"inLanguage\":\"pt-BR\",\"@id\":\"https:\/\/www.cbm.ro.gov.br\/?p=5997#primaryimage\",\"url\":\"https:\/\/www.cbm.ro.gov.br\/wp-content\/uploads\/2025\/09\/WhatsApp-Image-2025-09-09-at-13.34.06-1.jpeg\",\"contentUrl\":\"https:\/\/www.cbm.ro.gov.br\/wp-content\/uploads\/2025\/09\/WhatsApp-Image-2025-09-09-at-13.34.06-1.jpeg\",\"width\":1065,\"height\":710},{\"@type\":\"BreadcrumbList\",\"@id\":\"https:\/\/www.cbm.ro.gov.br\/?p=5997#breadcrumb\",\"itemListElement\":[{\"@type\":\"ListItem\",\"position\":1,\"name\":\"In\u00edcio\",\"item\":\"https:\/\/www.cbm.ro.gov.br\/\"},{\"@type\":\"ListItem\",\"position\":2,\"name\":\"CBMRO PARTICIPA DO DESFILE DE 7 DE SETEMBRO EM COMEMORA\u00c7\u00c3O AO DIA DA INDEPEND\u00caNCIA DO BRASIL\"}]},{\"@type\":\"WebSite\",\"@id\":\"https:\/\/www.cbm.ro.gov.br\/#website\",\"url\":\"https:\/\/www.cbm.ro.gov.br\/\",\"name\":\"Corpo de Bombeiros Militar de Rond\u00f4nia\",\"description\":\"Vidas alheias, riquezas salvar!\",\"publisher\":{\"@id\":\"https:\/\/www.cbm.ro.gov.br\/#organization\"},\"alternateName\":\"cbmro\",\"potentialAction\":[{\"@type\":\"SearchAction\",\"target\":{\"@type\":\"EntryPoint\",\"urlTemplate\":\"https:\/\/www.cbm.ro.gov.br\/?s={search_term_string}\"},\"query-input\":{\"@type\":\"PropertyValueSpecification\",\"valueRequired\":true,\"valueName\":\"search_term_string\"}}],\"inLanguage\":\"pt-BR\"},{\"@type\":\"Organization\",\"@id\":\"https:\/\/www.cbm.ro.gov.br\/#organization\",\"name\":\"Corpo de Bombeiros Militar do Estado de Rond\u00f4nia\",\"alternateName\":\"CBMRO\",\"url\":\"https:\/\/www.cbm.ro.gov.br\/\",\"logo\":{\"@type\":\"ImageObject\",\"inLanguage\":\"pt-BR\",\"@id\":\"https:\/\/www.cbm.ro.gov.br\/#\/schema\/logo\/image\/\",\"url\":\"https:\/\/www.cbm.ro.gov.br\/wp-content\/uploads\/2023\/12\/cropped-cropped-cropped-BRASO_3D_32-1-e1724344443171.png\",\"contentUrl\":\"https:\/\/www.cbm.ro.gov.br\/wp-content\/uploads\/2023\/12\/cropped-cropped-cropped-BRASO_3D_32-1-e1724344443171.png\",\"width\":446,\"height\":441,\"caption\":\"Corpo de Bombeiros Militar do Estado de Rond\u00f4nia\"},\"image\":{\"@id\":\"https:\/\/www.cbm.ro.gov.br\/#\/schema\/logo\/image\/\"},\"sameAs\":[\"https:\/\/www.facebook.com\/cbmro.oficial\/\",\"https:\/\/www.youtube.com\/c\/CorpodeBombeirosMilitardoEstadodeRond\u00f4nia\"]},{\"@type\":\"Person\",\"@id\":\"https:\/\/www.cbm.ro.gov.br\/#\/schema\/person\/b035b7e269aef4233e9514c2751917c5\",\"name\":\"Marcos Barros\",\"sameAs\":[\"http:\/\/10.210.0.90\/wp-admin\/post.php?post=2688&amp;action=edit\"],\"url\":\"https:\/\/www.cbm.ro.gov.br\/?author=5\"}]}<\/script>\n<!-- \/ Yoast SEO plugin. -->","yoast_head_json":{"title":"CBMRO PARTICIPA DO DESFILE DE 7 DE SETEMBRO EM COMEMORA\u00c7\u00c3O AO DIA DA INDEPEND\u00caNCIA DO BRASIL - Corpo de Bombeiros Militar de Rond\u00f4nia","robots":{"index":"index","follow":"follow","max-snippet":"max-snippet:-1","max-image-preview":"max-image-preview:large","max-video-preview":"max-video-preview:-1"},"canonical":"https:\/\/www.cbm.ro.gov.br\/?p=5997","og_locale":"pt_BR","og_type":"article","og_title":"CBMRO PARTICIPA DO DESFILE DE 7 DE SETEMBRO EM COMEMORA\u00c7\u00c3O AO DIA DA INDEPEND\u00caNCIA DO BRASIL - Corpo de Bombeiros Militar de Rond\u00f4nia","og_description":"Porto Velho (RO) \u2013 O Corpo de Bombeiros Militar do Estado de Rond\u00f4nia (CBMRO) participou, neste Domingo (7), do tradicional Desfile C\u00edvico-Militar de 7 de Setembro, em celebra\u00e7\u00e3o aos 203&hellip;","og_url":"https:\/\/www.cbm.ro.gov.br\/?p=5997","og_site_name":"Corpo de Bombeiros Militar de Rond\u00f4nia","article_publisher":"https:\/\/www.facebook.com\/cbmro.oficial\/","article_published_time":"2025-09-09T17:33:30+00:00","article_modified_time":"2025-09-09T17:33:31+00:00","og_image":[{"width":1065,"height":710,"url":"https:\/\/www.cbm.ro.gov.br\/wp-content\/uploads\/2025\/09\/WhatsApp-Image-2025-09-09-at-13.34.06-1.jpeg","type":"image\/jpeg"}],"author":"Marcos Barros","twitter_card":"summary_large_image","twitter_misc":{"Escrito por":"Marcos Barros","Est. tempo de leitura":"4 minutos"},"schema":{"@context":"https:\/\/schema.org","@graph":[{"@type":"Article","@id":"https:\/\/www.cbm.ro.gov.br\/?p=5997#article","isPartOf":{"@id":"https:\/\/www.cbm.ro.gov.br\/?p=5997"},"author":{"name":"Marcos Barros","@id":"https:\/\/www.cbm.ro.gov.br\/#\/schema\/person\/b035b7e269aef4233e9514c2751917c5"},"headline":"CBMRO PARTICIPA DO DESFILE DE 7 DE SETEMBRO EM COMEMORA\u00c7\u00c3O AO DIA DA INDEPEND\u00caNCIA DO BRASIL","datePublished":"2025-09-09T17:33:30+00:00","dateModified":"2025-09-09T17:33:31+00:00","mainEntityOfPage":{"@id":"https:\/\/www.cbm.ro.gov.br\/?p=5997"},"wordCount":743,"publisher":{"@id":"https:\/\/www.cbm.ro.gov.br\/#organization"},"image":{"@id":"https:\/\/www.cbm.ro.gov.br\/?p=5997#primaryimage"},"thumbnailUrl":"https:\/\/www.cbm.ro.gov.br\/wp-content\/uploads\/2025\/09\/WhatsApp-Image-2025-09-09-at-13.34.06-1.jpeg","keywords":["CBMRO","DESFILE7DESETEMBRO","GOVERNODERONDONIA"],"articleSection":["CBMRO","Eventos"],"inLanguage":"pt-BR"},{"@type":"WebPage","@id":"https:\/\/www.cbm.ro.gov.br\/?p=5997","url":"https:\/\/www.cbm.ro.gov.br\/?p=5997","name":"CBMRO PARTICIPA DO DESFILE DE 7 DE SETEMBRO EM COMEMORA\u00c7\u00c3O AO DIA DA INDEPEND\u00caNCIA DO BRASIL - Corpo de Bombeiros Militar de Rond\u00f4nia","isPartOf":{"@id":"https:\/\/www.cbm.ro.gov.br\/#website"},"primaryImageOfPage":{"@id":"https:\/\/www.cbm.ro.gov.br\/?p=5997#primaryimage"},"image":{"@id":"https:\/\/www.cbm.ro.gov.br\/?p=5997#primaryimage"},"thumbnailUrl":"https:\/\/www.cbm.ro.gov.br\/wp-content\/uploads\/2025\/09\/WhatsApp-Image-2025-09-09-at-13.34.06-1.jpeg","datePublished":"2025-09-09T17:33:30+00:00","dateModified":"2025-09-09T17:33:31+00:00","breadcrumb":{"@id":"https:\/\/www.cbm.ro.gov.br\/?p=5997#breadcrumb"},"inLanguage":"pt-BR","potentialAction":[{"@type":"ReadAction","target":["https:\/\/www.cbm.ro.gov.br\/?p=5997"]}]},{"@type":"ImageObject","inLanguage":"pt-BR","@id":"https:\/\/www.cbm.ro.gov.br\/?p=5997#primaryimage","url":"https:\/\/www.cbm.ro.gov.br\/wp-content\/uploads\/2025\/09\/WhatsApp-Image-2025-09-09-at-13.34.06-1.jpeg","contentUrl":"https:\/\/www.cbm.ro.gov.br\/wp-content\/uploads\/2025\/09\/WhatsApp-Image-2025-09-09-at-13.34.06-1.jpeg","width":1065,"height":710},{"@type":"BreadcrumbList","@id":"https:\/\/www.cbm.ro.gov.br\/?p=5997#breadcrumb","itemListElement":[{"@type":"ListItem","position":1,"name":"In\u00edcio","item":"https:\/\/www.cbm.ro.gov.br\/"},{"@type":"ListItem","position":2,"name":"CBMRO PARTICIPA DO DESFILE DE 7 DE SETEMBRO EM COMEMORA\u00c7\u00c3O AO DIA DA INDEPEND\u00caNCIA DO BRASIL"}]},{"@type":"WebSite","@id":"https:\/\/www.cbm.ro.gov.br\/#website","url":"https:\/\/www.cbm.ro.gov.br\/","name":"Corpo de Bombeiros Militar de Rond\u00f4nia","description":"Vidas alheias, riquezas salvar!","publisher":{"@id":"https:\/\/www.cbm.ro.gov.br\/#organization"},"alternateName":"cbmro","potentialAction":[{"@type":"SearchAction","target":{"@type":"EntryPoint","urlTemplate":"https:\/\/www.cbm.ro.gov.br\/?s={search_term_string}"},"query-input":{"@type":"PropertyValueSpecification","valueRequired":true,"valueName":"search_term_string"}}],"inLanguage":"pt-BR"},{"@type":"Organization","@id":"https:\/\/www.cbm.ro.gov.br\/#organization","name":"Corpo de Bombeiros Militar do Estado de Rond\u00f4nia","alternateName":"CBMRO","url":"https:\/\/www.cbm.ro.gov.br\/","logo":{"@type":"ImageObject","inLanguage":"pt-BR","@id":"https:\/\/www.cbm.ro.gov.br\/#\/schema\/logo\/image\/","url":"https:\/\/www.cbm.ro.gov.br\/wp-content\/uploads\/2023\/12\/cropped-cropped-cropped-BRASO_3D_32-1-e1724344443171.png","contentUrl":"https:\/\/www.cbm.ro.gov.br\/wp-content\/uploads\/2023\/12\/cropped-cropped-cropped-BRASO_3D_32-1-e1724344443171.png","width":446,"height":441,"caption":"Corpo de Bombeiros Militar do Estado de Rond\u00f4nia"},"image":{"@id":"https:\/\/www.cbm.ro.gov.br\/#\/schema\/logo\/image\/"},"sameAs":["https:\/\/www.facebook.com\/cbmro.oficial\/","https:\/\/www.youtube.com\/c\/CorpodeBombeirosMilitardoEstadodeRond\u00f4nia"]},{"@type":"Person","@id":"https:\/\/www.cbm.ro.gov.br\/#\/schema\/person\/b035b7e269aef4233e9514c2751917c5","name":"Marcos Barros","sameAs":["http:\/\/10.210.0.90\/wp-admin\/post.php?post=2688&amp;action=edit"],"url":"https:\/\/www.cbm.ro.gov.br\/?author=5"}]}},"wpmagazine_modules_lite_featured_media_urls":{"thumbnail":["https:\/\/www.cbm.ro.gov.br\/wp-content\/uploads\/2025\/09\/WhatsApp-Image-2025-09-09-at-13.34.06-1-150x150.jpeg",150,150,true],"cvmm-medium":["https:\/\/www.cbm.ro.gov.br\/wp-content\/uploads\/2025\/09\/WhatsApp-Image-2025-09-09-at-13.34.06-1-300x300.jpeg",300,300,true],"cvmm-medium-plus":["https:\/\/www.cbm.ro.gov.br\/wp-content\/uploads\/2025\/09\/WhatsApp-Image-2025-09-09-at-13.34.06-1-305x207.jpeg",305,207,true],"cvmm-portrait":["https:\/\/www.cbm.ro.gov.br\/wp-content\/uploads\/2025\/09\/WhatsApp-Image-2025-09-09-at-13.34.06-1-400x600.jpeg",400,600,true],"cvmm-medium-square":["https:\/\/www.cbm.ro.gov.br\/wp-content\/uploads\/2025\/09\/WhatsApp-Image-2025-09-09-at-13.34.06-1-600x600.jpeg",600,600,true],"cvmm-large":["https:\/\/www.cbm.ro.gov.br\/wp-content\/uploads\/2025\/09\/WhatsApp-Image-2025-09-09-at-13.34.06-1-1024x710.jpeg",1024,710,true],"cvmm-small":["https:\/\/www.cbm.ro.gov.br\/wp-content\/uploads\/2025\/09\/WhatsApp-Image-2025-09-09-at-13.34.06-1-130x95.jpeg",130,95,true],"full":["https:\/\/www.cbm.ro.gov.br\/wp-content\/uploads\/2025\/09\/WhatsApp-Image-2025-09-09-at-13.34.06-1.jpeg",1065,710,false]},"categories_names":{"1":{"name":"CBMRO","link":"https:\/\/www.cbm.ro.gov.br\/?cat=1"},"6":{"name":"Eventos","link":"https:\/\/www.cbm.ro.gov.br\/?cat=6"}},"tags_names":{"13":{"name":"CBMRO","link":"https:\/\/www.cbm.ro.gov.br\/?tag=cbmro"},"436":{"name":"DESFILE7DESETEMBRO","link":"https:\/\/www.cbm.ro.gov.br\/?tag=desfile7desetembro"},"86":{"name":"GOVERNODERONDONIA","link":"https:\/\/www.cbm.ro.gov.br\/?tag=governoderondonia"}},"comments_number":"0","_links":{"self":[{"href":"https:\/\/www.cbm.ro.gov.br\/index.php?rest_route=\/wp\/v2\/posts\/5997","targetHints":{"allow":["GET"]}}],"collection":[{"href":"https:\/\/www.cbm.ro.gov.br\/index.php?rest_route=\/wp\/v2\/posts"}],"about":[{"href":"https:\/\/www.cbm.ro.gov.br\/index.php?rest_route=\/wp\/v2\/types\/post"}],"author":[{"embeddable":true,"href":"https:\/\/www.cbm.ro.gov.br\/index.php?rest_route=\/wp\/v2\/users\/5"}],"replies":[{"embeddable":true,"href":"https:\/\/www.cbm.ro.gov.br\/index.php?rest_route=%2Fwp%2Fv2%2Fcomments&post=5997"}],"version-history":[{"count":1,"href":"https:\/\/www.cbm.ro.gov.br\/index.php?rest_route=\/wp\/v2\/posts\/5997\/revisions"}],"predecessor-version":[{"id":6007,"href":"https:\/\/www.cbm.ro.gov.br\/index.php?rest_route=\/wp\/v2\/posts\/5997\/revisions\/6007"}],"wp:featuredmedia":[{"embeddable":true,"href":"https:\/\/www.cbm.ro.gov.br\/index.php?rest_route=\/wp\/v2\/media\/6006"}],"wp:attachment":[{"href":"https:\/\/www.cbm.ro.gov.br\/index.php?rest_route=%2Fwp%2Fv2%2Fmedia&parent=5997"}],"wp:term":[{"taxonomy":"category","embeddable":true,"href":"https:\/\/www.cbm.ro.gov.br\/index.php?rest_route=%2Fwp%2Fv2%2Fcategories&post=5997"},{"taxonomy":"post_tag","embeddable":true,"href":"https:\/\/www.cbm.ro.gov.br\/index.php?rest_route=%2Fwp%2Fv2%2Ftags&post=5997"}],"curies":[{"name":"wp","href":"https:\/\/api.w.org\/{rel}","templated":true}]}}