{"id":5920,"date":"2025-09-01T16:05:28","date_gmt":"2025-09-01T20:05:28","guid":{"rendered":"https:\/\/www.cbm.ro.gov.br\/?p=5920"},"modified":"2025-09-01T16:05:29","modified_gmt":"2025-09-01T20:05:29","slug":"cerimonia-de-abertura-da-semana-da-patria-e-realizada-no-palacio-rio-madeira","status":"publish","type":"post","link":"https:\/\/www.cbm.ro.gov.br\/?p=5920","title":{"rendered":"Cerim\u00f4nia de abertura da Semana da P\u00e1tria \u00e9 realizada no Pal\u00e1cio Rio Madeira"},"content":{"rendered":"\n<p class=\"has-black-color has-text-color has-link-color wp-elements-8514640ba3f69a58f53ff79699d37879\">A Semana da P\u00e1tria foi oficialmente aberta em Rond\u00f4nia na manh\u00e3 desta segunda-feira, 1\u00ba de setembro de 2025, com uma solenidade realizada no Pal\u00e1cio Rio Madeira, em Porto Velho. O evento reuniu autoridades civis e militares e marcou o in\u00edcio das comemora\u00e7\u00f5es alusivas ao 7 de Setembro.<\/p>\n\n\n<div class=\"wp-block-image\">\n<figure class=\"aligncenter size-large is-resized\"><img fetchpriority=\"high\" decoding=\"async\" width=\"1600\" height=\"900\" src=\"https:\/\/www.cbm.ro.gov.br\/wp-content\/uploads\/2025\/09\/autoridades-edited.jpeg\" alt=\"\" class=\"wp-image-5929\" style=\"width:644px;height:auto\" srcset=\"https:\/\/www.cbm.ro.gov.br\/wp-content\/uploads\/2025\/09\/autoridades-edited.jpeg 1600w, https:\/\/www.cbm.ro.gov.br\/wp-content\/uploads\/2025\/09\/autoridades-edited-300x169.jpeg 300w, https:\/\/www.cbm.ro.gov.br\/wp-content\/uploads\/2025\/09\/autoridades-edited-1024x576.jpeg 1024w, https:\/\/www.cbm.ro.gov.br\/wp-content\/uploads\/2025\/09\/autoridades-edited-768x432.jpeg 768w, https:\/\/www.cbm.ro.gov.br\/wp-content\/uploads\/2025\/09\/autoridades-edited-1536x864.jpeg 1536w\" sizes=\"(max-width: 1600px) 100vw, 1600px\" \/><\/figure><\/div>\n\n\n<div style=\"height:30px\" aria-hidden=\"true\" class=\"wp-block-spacer\"><\/div>\n\n\n\n<p class=\"has-black-color has-text-color has-link-color wp-elements-ad0c03f709d7e5b50677b12ec484b40a\">O governador de Rond\u00f4nia, Coronel Marcos Rocha, conduziu a cerim\u00f4nia que contou com a presen\u00e7a do comandante da 17\u00aa Brigada de Infantaria de Selva, general de brigada Marco Aur\u00e9lio Magalh\u00e3es Cavalcanti; o secret\u00e1rio-chefe da Casa Militar, coronel PM Valdemir Carlos de G\u00f3es; o capit\u00e3o dos Portos da Capitania Fluvial de Porto Velho, capit\u00e3o de fragata Alessandro Freitas dos Santos; o comandante da Base A\u00e9rea de Porto Velho, tenente-coronel Leonardo Bezerra Salim; e os secret\u00e1rios de Estado Elias Rezende (Casa Civil e Seosp) e Ana Pacini (Educa\u00e7\u00e3o). Tamb\u00e9m participaram o secret\u00e1rio de Estado da Seguran\u00e7a, Defesa e Cidadania, coronel BM Felipe Bernardo Vital; o comandante-geral da Pol\u00edcia Militar, coronel PM R\u00e9gis Wellington Braguin; e o comandante-geral do Corpo de Bombeiros Militar de Rond\u00f4nia, coronel BM Nivaldo de Azevedo Ferreira.<\/p>\n\n\n<div class=\"wp-block-image\">\n<figure class=\"aligncenter size-large is-resized\"><img decoding=\"async\" width=\"1024\" height=\"768\" src=\"https:\/\/www.cbm.ro.gov.br\/wp-content\/uploads\/2025\/09\/cel-nivaldo-materia-1024x768.jpg\" alt=\"\" class=\"wp-image-5924\" style=\"width:641px;height:auto\" srcset=\"https:\/\/www.cbm.ro.gov.br\/wp-content\/uploads\/2025\/09\/cel-nivaldo-materia-1024x768.jpg 1024w, https:\/\/www.cbm.ro.gov.br\/wp-content\/uploads\/2025\/09\/cel-nivaldo-materia-300x225.jpg 300w, https:\/\/www.cbm.ro.gov.br\/wp-content\/uploads\/2025\/09\/cel-nivaldo-materia-768x576.jpg 768w, https:\/\/www.cbm.ro.gov.br\/wp-content\/uploads\/2025\/09\/cel-nivaldo-materia-1536x1152.jpg 1536w, https:\/\/www.cbm.ro.gov.br\/wp-content\/uploads\/2025\/09\/cel-nivaldo-materia.jpg 1600w\" sizes=\"(max-width: 1024px) 100vw, 1024px\" \/><\/figure><\/div>\n\n\n<div style=\"height:30px\" aria-hidden=\"true\" class=\"wp-block-spacer\"><\/div>\n\n\n\n<p class=\"has-black-color has-text-color has-link-color wp-elements-bbe21341c7d47928f950fb9b5cce0977\">A cerim\u00f4nia foi marcada pelo hasteamento das bandeiras do Brasil, de Rond\u00f4nia e de Porto Velho, bem como de cada um dos estados da Uni\u00e3o, estas por sua vez, foram hasteadas por um representante oriundo daquele estado.<\/p>\n\n\n<div class=\"wp-block-image\">\n<figure class=\"aligncenter size-large is-resized\"><img decoding=\"async\" width=\"1024\" height=\"768\" src=\"https:\/\/www.cbm.ro.gov.br\/wp-content\/uploads\/2025\/09\/estudante-fogo-pira-1024x768.jpg\" alt=\"\" class=\"wp-image-5925\" style=\"width:641px;height:auto\" srcset=\"https:\/\/www.cbm.ro.gov.br\/wp-content\/uploads\/2025\/09\/estudante-fogo-pira-1024x768.jpg 1024w, https:\/\/www.cbm.ro.gov.br\/wp-content\/uploads\/2025\/09\/estudante-fogo-pira-300x225.jpg 300w, https:\/\/www.cbm.ro.gov.br\/wp-content\/uploads\/2025\/09\/estudante-fogo-pira-768x576.jpg 768w, https:\/\/www.cbm.ro.gov.br\/wp-content\/uploads\/2025\/09\/estudante-fogo-pira-1536x1152.jpg 1536w, https:\/\/www.cbm.ro.gov.br\/wp-content\/uploads\/2025\/09\/estudante-fogo-pira.jpg 1600w\" sizes=\"(max-width: 1024px) 100vw, 1024px\" \/><\/figure><\/div>\n\n\n<div style=\"height:30px\" aria-hidden=\"true\" class=\"wp-block-spacer\"><\/div>\n\n\n\n<p class=\"has-black-color has-text-color has-link-color wp-elements-9bdbdf72906a4d273ed37cfc213412a1\">A aluna Ana Luiza Santos Souza, do 2\u00ba ano da Escola Major Guapindaia, conduziu a tocha do fogo simb\u00f3lico da P\u00e1tria, a estudante se destacou n\u00e3o apenas pelo desempenho escolar, mas tamb\u00e9m pelas conquistas esportivas como atleta de voleibol, representando Rond\u00f4nia em competi\u00e7\u00f5es regionais e nacionais entre eles a classifica\u00e7\u00e3o para os Jogos da Juventude 2025, em Bras\u00edlia, onde defender\u00e1 o estado nas modalidades de V\u00f4lei de Praia e V\u00f4lei Indoor.<\/p>\n\n\n\n<p class=\"has-black-color has-text-color has-link-color wp-elements-09f450e54ca99abb589475789388dac4\">Ap\u00f3s o acendimento da pira, as autoridades se pronunciaram, refor\u00e7ando o significado da Semana da P\u00e1tria e a import\u00e2ncia da uni\u00e3o entre as for\u00e7as civis e militares em prol do desenvolvimento do estado e do pa\u00eds.<\/p>\n\n\n<div class=\"wp-block-image\">\n<figure class=\"aligncenter size-large is-resized\"><img loading=\"lazy\" decoding=\"async\" width=\"1600\" height=\"900\" src=\"https:\/\/www.cbm.ro.gov.br\/wp-content\/uploads\/2025\/09\/representantes-edited.jpeg\" alt=\"\" class=\"wp-image-5930\" style=\"width:641px;height:auto\" srcset=\"https:\/\/www.cbm.ro.gov.br\/wp-content\/uploads\/2025\/09\/representantes-edited.jpeg 1600w, https:\/\/www.cbm.ro.gov.br\/wp-content\/uploads\/2025\/09\/representantes-edited-300x169.jpeg 300w, https:\/\/www.cbm.ro.gov.br\/wp-content\/uploads\/2025\/09\/representantes-edited-1024x576.jpeg 1024w, https:\/\/www.cbm.ro.gov.br\/wp-content\/uploads\/2025\/09\/representantes-edited-768x432.jpeg 768w, https:\/\/www.cbm.ro.gov.br\/wp-content\/uploads\/2025\/09\/representantes-edited-1536x864.jpeg 1536w\" sizes=\"(max-width: 1600px) 100vw, 1600px\" \/><\/figure><\/div>\n\n\n<div style=\"height:30px\" aria-hidden=\"true\" class=\"wp-block-spacer\"><\/div>\n\n\n\n<p class=\"has-black-color has-text-color has-link-color wp-elements-e5672711447c5cfad65e90e25da0d50a\">A Pol\u00edcia Militar prestou uma homenagem ao governador Marcos Rocha, com a execu\u00e7\u00e3o de uma m\u00fasica especialmente composta para ele.<\/p>\n\n\n<div class=\"wp-block-image\">\n<figure class=\"aligncenter size-large is-resized\"><img loading=\"lazy\" decoding=\"async\" width=\"1024\" height=\"768\" src=\"https:\/\/www.cbm.ro.gov.br\/wp-content\/uploads\/2025\/09\/Homanagem-GOV-1024x768.jpeg\" alt=\"\" class=\"wp-image-5927\" style=\"width:641px;height:auto\" srcset=\"https:\/\/www.cbm.ro.gov.br\/wp-content\/uploads\/2025\/09\/Homanagem-GOV-1024x768.jpeg 1024w, https:\/\/www.cbm.ro.gov.br\/wp-content\/uploads\/2025\/09\/Homanagem-GOV-300x225.jpeg 300w, https:\/\/www.cbm.ro.gov.br\/wp-content\/uploads\/2025\/09\/Homanagem-GOV-768x576.jpeg 768w, https:\/\/www.cbm.ro.gov.br\/wp-content\/uploads\/2025\/09\/Homanagem-GOV-1536x1152.jpeg 1536w, https:\/\/www.cbm.ro.gov.br\/wp-content\/uploads\/2025\/09\/Homanagem-GOV.jpeg 1600w\" sizes=\"(max-width: 1024px) 100vw, 1024px\" \/><\/figure><\/div>\n\n\n<div style=\"height:30px\" aria-hidden=\"true\" class=\"wp-block-spacer\"><\/div>\n\n\n\n<p class=\"has-black-color has-text-color has-link-color wp-elements-4ee00f4d0d0a3f2c3e0e50ccaf6bb2d3\">Encerrando os pronunciamentos, o governador agradeceu a presen\u00e7a das institui\u00e7\u00f5es parceiras, destacou o simbolismo da data e a valoriza\u00e7\u00e3o dos ideais de cidadania, ressaltou o papel da educa\u00e7\u00e3o e da juventude na constru\u00e7\u00e3o de um futuro melhor para Rond\u00f4nia.<\/p>\n\n\n<div class=\"wp-block-image\">\n<figure class=\"aligncenter size-large is-resized\"><img loading=\"lazy\" decoding=\"async\" width=\"1024\" height=\"768\" src=\"https:\/\/www.cbm.ro.gov.br\/wp-content\/uploads\/2025\/09\/gov-falando-1024x768.jpeg\" alt=\"\" class=\"wp-image-5928\" style=\"width:641px;height:auto\" srcset=\"https:\/\/www.cbm.ro.gov.br\/wp-content\/uploads\/2025\/09\/gov-falando-1024x768.jpeg 1024w, https:\/\/www.cbm.ro.gov.br\/wp-content\/uploads\/2025\/09\/gov-falando-300x225.jpeg 300w, https:\/\/www.cbm.ro.gov.br\/wp-content\/uploads\/2025\/09\/gov-falando-768x576.jpeg 768w, https:\/\/www.cbm.ro.gov.br\/wp-content\/uploads\/2025\/09\/gov-falando-1536x1152.jpeg 1536w, https:\/\/www.cbm.ro.gov.br\/wp-content\/uploads\/2025\/09\/gov-falando.jpeg 1600w\" sizes=\"(max-width: 1024px) 100vw, 1024px\" \/><\/figure><\/div>","protected":false},"excerpt":{"rendered":"<p>A Semana da P\u00e1tria foi oficialmente aberta em Rond\u00f4nia na manh\u00e3 desta segunda-feira, 1\u00ba de setembro de 2025, com uma solenidade realizada no Pal\u00e1cio Rio Madeira, em Porto Velho. O&hellip;<\/p>\n","protected":false},"author":3,"featured_media":5922,"comment_status":"closed","ping_status":"open","sticky":false,"template":"","format":"standard","meta":{"footnotes":""},"categories":[1],"tags":[430,13,86,429],"class_list":["post-5920","post","type-post","status-publish","format-standard","has-post-thumbnail","hentry","category-cbmro","tag-7-de-setembro","tag-cbmro","tag-governoderondonia","tag-semana-da-patria"],"yoast_head":"<!-- This site is optimized with the Yoast SEO plugin v23.7 - https:\/\/yoast.com\/wordpress\/plugins\/seo\/ -->\n<title>Cerim\u00f4nia de abertura da Semana da P\u00e1tria \u00e9 realizada no Pal\u00e1cio Rio Madeira - Corpo de Bombeiros Militar de Rond\u00f4nia<\/title>\n<meta name=\"robots\" content=\"index, follow, max-snippet:-1, max-image-preview:large, max-video-preview:-1\" \/>\n<link rel=\"canonical\" href=\"https:\/\/www.cbm.ro.gov.br\/?p=5920\" \/>\n<meta property=\"og:locale\" content=\"pt_BR\" \/>\n<meta property=\"og:type\" content=\"article\" \/>\n<meta property=\"og:title\" content=\"Cerim\u00f4nia de abertura da Semana da P\u00e1tria \u00e9 realizada no Pal\u00e1cio Rio Madeira - Corpo de Bombeiros Militar de Rond\u00f4nia\" \/>\n<meta property=\"og:description\" content=\"A Semana da P\u00e1tria foi oficialmente aberta em Rond\u00f4nia na manh\u00e3 desta segunda-feira, 1\u00ba de setembro de 2025, com uma solenidade realizada no Pal\u00e1cio Rio Madeira, em Porto Velho. O&hellip;\" \/>\n<meta property=\"og:url\" content=\"https:\/\/www.cbm.ro.gov.br\/?p=5920\" \/>\n<meta property=\"og:site_name\" content=\"Corpo de Bombeiros Militar de Rond\u00f4nia\" \/>\n<meta property=\"article:publisher\" content=\"https:\/\/www.facebook.com\/cbmro.oficial\/\" \/>\n<meta property=\"article:published_time\" content=\"2025-09-01T20:05:28+00:00\" \/>\n<meta property=\"article:modified_time\" content=\"2025-09-01T20:05:29+00:00\" \/>\n<meta property=\"og:image\" content=\"https:\/\/www.cbm.ro.gov.br\/wp-content\/uploads\/2025\/09\/pacaas-novos-gov.jpeg\" \/>\n\t<meta property=\"og:image:width\" content=\"1600\" \/>\n\t<meta property=\"og:image:height\" content=\"1200\" \/>\n\t<meta property=\"og:image:type\" content=\"image\/jpeg\" \/>\n<meta name=\"author\" content=\"Diovana Castellon\" \/>\n<meta name=\"twitter:card\" content=\"summary_large_image\" \/>\n<meta name=\"twitter:label1\" content=\"Escrito por\" \/>\n\t<meta name=\"twitter:data1\" content=\"Diovana Castellon\" \/>\n\t<meta name=\"twitter:label2\" content=\"Est. tempo de leitura\" \/>\n\t<meta name=\"twitter:data2\" content=\"2 minutos\" \/>\n<script type=\"application\/ld+json\" class=\"yoast-schema-graph\">{\"@context\":\"https:\/\/schema.org\",\"@graph\":[{\"@type\":\"Article\",\"@id\":\"https:\/\/www.cbm.ro.gov.br\/?p=5920#article\",\"isPartOf\":{\"@id\":\"https:\/\/www.cbm.ro.gov.br\/?p=5920\"},\"author\":{\"name\":\"Diovana Castellon\",\"@id\":\"https:\/\/www.cbm.ro.gov.br\/#\/schema\/person\/8e7b7a65b9962de993d36cb5fca8412f\"},\"headline\":\"Cerim\u00f4nia de abertura da Semana da P\u00e1tria \u00e9 realizada no Pal\u00e1cio Rio Madeira\",\"datePublished\":\"2025-09-01T20:05:28+00:00\",\"dateModified\":\"2025-09-01T20:05:29+00:00\",\"mainEntityOfPage\":{\"@id\":\"https:\/\/www.cbm.ro.gov.br\/?p=5920\"},\"wordCount\":439,\"publisher\":{\"@id\":\"https:\/\/www.cbm.ro.gov.br\/#organization\"},\"image\":{\"@id\":\"https:\/\/www.cbm.ro.gov.br\/?p=5920#primaryimage\"},\"thumbnailUrl\":\"https:\/\/www.cbm.ro.gov.br\/wp-content\/uploads\/2025\/09\/pacaas-novos-gov.jpeg\",\"keywords\":[\"7 de Setembro\",\"CBMRO\",\"GOVERNODERONDONIA\",\"SEMANA DA P\u00c1TRIA\"],\"articleSection\":[\"CBMRO\"],\"inLanguage\":\"pt-BR\"},{\"@type\":\"WebPage\",\"@id\":\"https:\/\/www.cbm.ro.gov.br\/?p=5920\",\"url\":\"https:\/\/www.cbm.ro.gov.br\/?p=5920\",\"name\":\"Cerim\u00f4nia de abertura da Semana da P\u00e1tria \u00e9 realizada no Pal\u00e1cio Rio Madeira - Corpo de Bombeiros Militar de Rond\u00f4nia\",\"isPartOf\":{\"@id\":\"https:\/\/www.cbm.ro.gov.br\/#website\"},\"primaryImageOfPage\":{\"@id\":\"https:\/\/www.cbm.ro.gov.br\/?p=5920#primaryimage\"},\"image\":{\"@id\":\"https:\/\/www.cbm.ro.gov.br\/?p=5920#primaryimage\"},\"thumbnailUrl\":\"https:\/\/www.cbm.ro.gov.br\/wp-content\/uploads\/2025\/09\/pacaas-novos-gov.jpeg\",\"datePublished\":\"2025-09-01T20:05:28+00:00\",\"dateModified\":\"2025-09-01T20:05:29+00:00\",\"breadcrumb\":{\"@id\":\"https:\/\/www.cbm.ro.gov.br\/?p=5920#breadcrumb\"},\"inLanguage\":\"pt-BR\",\"potentialAction\":[{\"@type\":\"ReadAction\",\"target\":[\"https:\/\/www.cbm.ro.gov.br\/?p=5920\"]}]},{\"@type\":\"ImageObject\",\"inLanguage\":\"pt-BR\",\"@id\":\"https:\/\/www.cbm.ro.gov.br\/?p=5920#primaryimage\",\"url\":\"https:\/\/www.cbm.ro.gov.br\/wp-content\/uploads\/2025\/09\/pacaas-novos-gov.jpeg\",\"contentUrl\":\"https:\/\/www.cbm.ro.gov.br\/wp-content\/uploads\/2025\/09\/pacaas-novos-gov.jpeg\",\"width\":1600,\"height\":1200},{\"@type\":\"BreadcrumbList\",\"@id\":\"https:\/\/www.cbm.ro.gov.br\/?p=5920#breadcrumb\",\"itemListElement\":[{\"@type\":\"ListItem\",\"position\":1,\"name\":\"In\u00edcio\",\"item\":\"https:\/\/www.cbm.ro.gov.br\/\"},{\"@type\":\"ListItem\",\"position\":2,\"name\":\"Cerim\u00f4nia de abertura da Semana da P\u00e1tria \u00e9 realizada no Pal\u00e1cio Rio Madeira\"}]},{\"@type\":\"WebSite\",\"@id\":\"https:\/\/www.cbm.ro.gov.br\/#website\",\"url\":\"https:\/\/www.cbm.ro.gov.br\/\",\"name\":\"Corpo de Bombeiros Militar de Rond\u00f4nia\",\"description\":\"Vidas alheias, riquezas salvar!\",\"publisher\":{\"@id\":\"https:\/\/www.cbm.ro.gov.br\/#organization\"},\"alternateName\":\"cbmro\",\"potentialAction\":[{\"@type\":\"SearchAction\",\"target\":{\"@type\":\"EntryPoint\",\"urlTemplate\":\"https:\/\/www.cbm.ro.gov.br\/?s={search_term_string}\"},\"query-input\":{\"@type\":\"PropertyValueSpecification\",\"valueRequired\":true,\"valueName\":\"search_term_string\"}}],\"inLanguage\":\"pt-BR\"},{\"@type\":\"Organization\",\"@id\":\"https:\/\/www.cbm.ro.gov.br\/#organization\",\"name\":\"Corpo de Bombeiros Militar do Estado de Rond\u00f4nia\",\"alternateName\":\"CBMRO\",\"url\":\"https:\/\/www.cbm.ro.gov.br\/\",\"logo\":{\"@type\":\"ImageObject\",\"inLanguage\":\"pt-BR\",\"@id\":\"https:\/\/www.cbm.ro.gov.br\/#\/schema\/logo\/image\/\",\"url\":\"https:\/\/www.cbm.ro.gov.br\/wp-content\/uploads\/2023\/12\/cropped-cropped-cropped-BRASO_3D_32-1-e1724344443171.png\",\"contentUrl\":\"https:\/\/www.cbm.ro.gov.br\/wp-content\/uploads\/2023\/12\/cropped-cropped-cropped-BRASO_3D_32-1-e1724344443171.png\",\"width\":446,\"height\":441,\"caption\":\"Corpo de Bombeiros Militar do Estado de Rond\u00f4nia\"},\"image\":{\"@id\":\"https:\/\/www.cbm.ro.gov.br\/#\/schema\/logo\/image\/\"},\"sameAs\":[\"https:\/\/www.facebook.com\/cbmro.oficial\/\",\"https:\/\/www.youtube.com\/c\/CorpodeBombeirosMilitardoEstadodeRond\u00f4nia\"]},{\"@type\":\"Person\",\"@id\":\"https:\/\/www.cbm.ro.gov.br\/#\/schema\/person\/8e7b7a65b9962de993d36cb5fca8412f\",\"name\":\"Diovana Castellon\",\"url\":\"https:\/\/www.cbm.ro.gov.br\/?author=3\"}]}<\/script>\n<!-- \/ Yoast SEO plugin. -->","yoast_head_json":{"title":"Cerim\u00f4nia de abertura da Semana da P\u00e1tria \u00e9 realizada no Pal\u00e1cio Rio Madeira - Corpo de Bombeiros Militar de Rond\u00f4nia","robots":{"index":"index","follow":"follow","max-snippet":"max-snippet:-1","max-image-preview":"max-image-preview:large","max-video-preview":"max-video-preview:-1"},"canonical":"https:\/\/www.cbm.ro.gov.br\/?p=5920","og_locale":"pt_BR","og_type":"article","og_title":"Cerim\u00f4nia de abertura da Semana da P\u00e1tria \u00e9 realizada no Pal\u00e1cio Rio Madeira - Corpo de Bombeiros Militar de Rond\u00f4nia","og_description":"A Semana da P\u00e1tria foi oficialmente aberta em Rond\u00f4nia na manh\u00e3 desta segunda-feira, 1\u00ba de setembro de 2025, com uma solenidade realizada no Pal\u00e1cio Rio Madeira, em Porto Velho. O&hellip;","og_url":"https:\/\/www.cbm.ro.gov.br\/?p=5920","og_site_name":"Corpo de Bombeiros Militar de Rond\u00f4nia","article_publisher":"https:\/\/www.facebook.com\/cbmro.oficial\/","article_published_time":"2025-09-01T20:05:28+00:00","article_modified_time":"2025-09-01T20:05:29+00:00","og_image":[{"width":1600,"height":1200,"url":"https:\/\/www.cbm.ro.gov.br\/wp-content\/uploads\/2025\/09\/pacaas-novos-gov.jpeg","type":"image\/jpeg"}],"author":"Diovana Castellon","twitter_card":"summary_large_image","twitter_misc":{"Escrito por":"Diovana Castellon","Est. tempo de leitura":"2 minutos"},"schema":{"@context":"https:\/\/schema.org","@graph":[{"@type":"Article","@id":"https:\/\/www.cbm.ro.gov.br\/?p=5920#article","isPartOf":{"@id":"https:\/\/www.cbm.ro.gov.br\/?p=5920"},"author":{"name":"Diovana Castellon","@id":"https:\/\/www.cbm.ro.gov.br\/#\/schema\/person\/8e7b7a65b9962de993d36cb5fca8412f"},"headline":"Cerim\u00f4nia de abertura da Semana da P\u00e1tria \u00e9 realizada no Pal\u00e1cio Rio Madeira","datePublished":"2025-09-01T20:05:28+00:00","dateModified":"2025-09-01T20:05:29+00:00","mainEntityOfPage":{"@id":"https:\/\/www.cbm.ro.gov.br\/?p=5920"},"wordCount":439,"publisher":{"@id":"https:\/\/www.cbm.ro.gov.br\/#organization"},"image":{"@id":"https:\/\/www.cbm.ro.gov.br\/?p=5920#primaryimage"},"thumbnailUrl":"https:\/\/www.cbm.ro.gov.br\/wp-content\/uploads\/2025\/09\/pacaas-novos-gov.jpeg","keywords":["7 de Setembro","CBMRO","GOVERNODERONDONIA","SEMANA DA P\u00c1TRIA"],"articleSection":["CBMRO"],"inLanguage":"pt-BR"},{"@type":"WebPage","@id":"https:\/\/www.cbm.ro.gov.br\/?p=5920","url":"https:\/\/www.cbm.ro.gov.br\/?p=5920","name":"Cerim\u00f4nia de abertura da Semana da P\u00e1tria \u00e9 realizada no Pal\u00e1cio Rio Madeira - Corpo de Bombeiros Militar de Rond\u00f4nia","isPartOf":{"@id":"https:\/\/www.cbm.ro.gov.br\/#website"},"primaryImageOfPage":{"@id":"https:\/\/www.cbm.ro.gov.br\/?p=5920#primaryimage"},"image":{"@id":"https:\/\/www.cbm.ro.gov.br\/?p=5920#primaryimage"},"thumbnailUrl":"https:\/\/www.cbm.ro.gov.br\/wp-content\/uploads\/2025\/09\/pacaas-novos-gov.jpeg","datePublished":"2025-09-01T20:05:28+00:00","dateModified":"2025-09-01T20:05:29+00:00","breadcrumb":{"@id":"https:\/\/www.cbm.ro.gov.br\/?p=5920#breadcrumb"},"inLanguage":"pt-BR","potentialAction":[{"@type":"ReadAction","target":["https:\/\/www.cbm.ro.gov.br\/?p=5920"]}]},{"@type":"ImageObject","inLanguage":"pt-BR","@id":"https:\/\/www.cbm.ro.gov.br\/?p=5920#primaryimage","url":"https:\/\/www.cbm.ro.gov.br\/wp-content\/uploads\/2025\/09\/pacaas-novos-gov.jpeg","contentUrl":"https:\/\/www.cbm.ro.gov.br\/wp-content\/uploads\/2025\/09\/pacaas-novos-gov.jpeg","width":1600,"height":1200},{"@type":"BreadcrumbList","@id":"https:\/\/www.cbm.ro.gov.br\/?p=5920#breadcrumb","itemListElement":[{"@type":"ListItem","position":1,"name":"In\u00edcio","item":"https:\/\/www.cbm.ro.gov.br\/"},{"@type":"ListItem","position":2,"name":"Cerim\u00f4nia de abertura da Semana da P\u00e1tria \u00e9 realizada no Pal\u00e1cio Rio Madeira"}]},{"@type":"WebSite","@id":"https:\/\/www.cbm.ro.gov.br\/#website","url":"https:\/\/www.cbm.ro.gov.br\/","name":"Corpo de Bombeiros Militar de Rond\u00f4nia","description":"Vidas alheias, riquezas salvar!","publisher":{"@id":"https:\/\/www.cbm.ro.gov.br\/#organization"},"alternateName":"cbmro","potentialAction":[{"@type":"SearchAction","target":{"@type":"EntryPoint","urlTemplate":"https:\/\/www.cbm.ro.gov.br\/?s={search_term_string}"},"query-input":{"@type":"PropertyValueSpecification","valueRequired":true,"valueName":"search_term_string"}}],"inLanguage":"pt-BR"},{"@type":"Organization","@id":"https:\/\/www.cbm.ro.gov.br\/#organization","name":"Corpo de Bombeiros Militar do Estado de Rond\u00f4nia","alternateName":"CBMRO","url":"https:\/\/www.cbm.ro.gov.br\/","logo":{"@type":"ImageObject","inLanguage":"pt-BR","@id":"https:\/\/www.cbm.ro.gov.br\/#\/schema\/logo\/image\/","url":"https:\/\/www.cbm.ro.gov.br\/wp-content\/uploads\/2023\/12\/cropped-cropped-cropped-BRASO_3D_32-1-e1724344443171.png","contentUrl":"https:\/\/www.cbm.ro.gov.br\/wp-content\/uploads\/2023\/12\/cropped-cropped-cropped-BRASO_3D_32-1-e1724344443171.png","width":446,"height":441,"caption":"Corpo de Bombeiros Militar do Estado de Rond\u00f4nia"},"image":{"@id":"https:\/\/www.cbm.ro.gov.br\/#\/schema\/logo\/image\/"},"sameAs":["https:\/\/www.facebook.com\/cbmro.oficial\/","https:\/\/www.youtube.com\/c\/CorpodeBombeirosMilitardoEstadodeRond\u00f4nia"]},{"@type":"Person","@id":"https:\/\/www.cbm.ro.gov.br\/#\/schema\/person\/8e7b7a65b9962de993d36cb5fca8412f","name":"Diovana Castellon","url":"https:\/\/www.cbm.ro.gov.br\/?author=3"}]}},"wpmagazine_modules_lite_featured_media_urls":{"thumbnail":["https:\/\/www.cbm.ro.gov.br\/wp-content\/uploads\/2025\/09\/pacaas-novos-gov-150x150.jpeg",150,150,true],"cvmm-medium":["https:\/\/www.cbm.ro.gov.br\/wp-content\/uploads\/2025\/09\/pacaas-novos-gov-300x300.jpeg",300,300,true],"cvmm-medium-plus":["https:\/\/www.cbm.ro.gov.br\/wp-content\/uploads\/2025\/09\/pacaas-novos-gov-305x207.jpeg",305,207,true],"cvmm-portrait":["https:\/\/www.cbm.ro.gov.br\/wp-content\/uploads\/2025\/09\/pacaas-novos-gov-400x600.jpeg",400,600,true],"cvmm-medium-square":["https:\/\/www.cbm.ro.gov.br\/wp-content\/uploads\/2025\/09\/pacaas-novos-gov-600x600.jpeg",600,600,true],"cvmm-large":["https:\/\/www.cbm.ro.gov.br\/wp-content\/uploads\/2025\/09\/pacaas-novos-gov-1024x1024.jpeg",1024,1024,true],"cvmm-small":["https:\/\/www.cbm.ro.gov.br\/wp-content\/uploads\/2025\/09\/pacaas-novos-gov-130x95.jpeg",130,95,true],"full":["https:\/\/www.cbm.ro.gov.br\/wp-content\/uploads\/2025\/09\/pacaas-novos-gov.jpeg",1600,1200,false]},"categories_names":{"1":{"name":"CBMRO","link":"https:\/\/www.cbm.ro.gov.br\/?cat=1"}},"tags_names":{"430":{"name":"7 de Setembro","link":"https:\/\/www.cbm.ro.gov.br\/?tag=7-de-setembro"},"13":{"name":"CBMRO","link":"https:\/\/www.cbm.ro.gov.br\/?tag=cbmro"},"86":{"name":"GOVERNODERONDONIA","link":"https:\/\/www.cbm.ro.gov.br\/?tag=governoderondonia"},"429":{"name":"SEMANA DA P\u00c1TRIA","link":"https:\/\/www.cbm.ro.gov.br\/?tag=semana-da-patria"}},"comments_number":"0","_links":{"self":[{"href":"https:\/\/www.cbm.ro.gov.br\/index.php?rest_route=\/wp\/v2\/posts\/5920","targetHints":{"allow":["GET"]}}],"collection":[{"href":"https:\/\/www.cbm.ro.gov.br\/index.php?rest_route=\/wp\/v2\/posts"}],"about":[{"href":"https:\/\/www.cbm.ro.gov.br\/index.php?rest_route=\/wp\/v2\/types\/post"}],"author":[{"embeddable":true,"href":"https:\/\/www.cbm.ro.gov.br\/index.php?rest_route=\/wp\/v2\/users\/3"}],"replies":[{"embeddable":true,"href":"https:\/\/www.cbm.ro.gov.br\/index.php?rest_route=%2Fwp%2Fv2%2Fcomments&post=5920"}],"version-history":[{"count":1,"href":"https:\/\/www.cbm.ro.gov.br\/index.php?rest_route=\/wp\/v2\/posts\/5920\/revisions"}],"predecessor-version":[{"id":5932,"href":"https:\/\/www.cbm.ro.gov.br\/index.php?rest_route=\/wp\/v2\/posts\/5920\/revisions\/5932"}],"wp:featuredmedia":[{"embeddable":true,"href":"https:\/\/www.cbm.ro.gov.br\/index.php?rest_route=\/wp\/v2\/media\/5922"}],"wp:attachment":[{"href":"https:\/\/www.cbm.ro.gov.br\/index.php?rest_route=%2Fwp%2Fv2%2Fmedia&parent=5920"}],"wp:term":[{"taxonomy":"category","embeddable":true,"href":"https:\/\/www.cbm.ro.gov.br\/index.php?rest_route=%2Fwp%2Fv2%2Fcategories&post=5920"},{"taxonomy":"post_tag","embeddable":true,"href":"https:\/\/www.cbm.ro.gov.br\/index.php?rest_route=%2Fwp%2Fv2%2Ftags&post=5920"}],"curies":[{"name":"wp","href":"https:\/\/api.w.org\/{rel}","templated":true}]}}