{"id":5905,"date":"2025-09-01T12:19:53","date_gmt":"2025-09-01T16:19:53","guid":{"rendered":"https:\/\/www.cbm.ro.gov.br\/?p=5905"},"modified":"2025-09-01T12:19:54","modified_gmt":"2025-09-01T16:19:54","slug":"cbmro-e-sibra-realizam-reuniao-estrategica-para-captacao-de-recursos-e-fortalecimento-da-prevencao-a-incendios-florestais","status":"publish","type":"post","link":"https:\/\/www.cbm.ro.gov.br\/?p=5905","title":{"rendered":"CBMRO E SIBRA REALIZAM REUNI\u00c3O ESTRAT\u00c9GICA PARA CAPTA\u00c7\u00c3O DE RECURSOS E FORTALECIMENTO DA PREVEN\u00c7\u00c3O A INC\u00caNDIOS FLORESTAIS"},"content":{"rendered":"\n<p class=\"has-black-color has-text-color has-link-color wp-elements-0e93e13001913bb9ceeed446be24ea48\"><em>Bras\u00edlia, 29 de agosto de 2025<\/em> \u2013 O Corpo de Bombeiros Militar de Rond\u00f4nia (CBMRO) e a Secretaria Especial de Integra\u00e7\u00e3o do Estado de Rond\u00f4nia em Bras\u00edlia (SIBRA) promoveram uma importante reuni\u00e3o de alinhamento para a elabora\u00e7\u00e3o de projetos voltados \u00e0 capta\u00e7\u00e3o de recursos destinados \u00e0 preven\u00e7\u00e3o e combate aos inc\u00eandios florestais, al\u00e9m da estrutura\u00e7\u00e3o da institui\u00e7\u00e3o.<\/p>\n\n\n\n<p class=\"has-black-color has-text-color has-link-color wp-elements-747b20c9117643f8f2f2c32988d6712c\">O encontro ocorreu na sede da SIBRA, em Bras\u00edlia, e contou com a presen\u00e7a do Secret\u00e1rio Especial de Integra\u00e7\u00e3o, Augusto Leonel, acompanhado da equipe t\u00e9cnica da secretaria. Representando o CBMRO, participaram o Comandante-Geral, Coronel Bombeiro Militar Nivaldo, e os assessores t\u00e9cnicos institucionais do CBMRO em Bras\u00edlia, Coronel Bombeiro Militar Wandrio e Tenente Bombeiro Militar Tiago.<\/p>\n\n\n\n<p class=\"has-black-color has-text-color has-link-color wp-elements-866fcefa000c8444fe3705324d076983\">Durante a reuni\u00e3o, as equipes discutiram estrat\u00e9gias para fortalecer a atua\u00e7\u00e3o do CBMRO no enfrentamento dos inc\u00eandios florestais que t\u00eam impactado Rond\u00f4nia e a regi\u00e3o amaz\u00f4nica. A elabora\u00e7\u00e3o conjunta de projetos de capta\u00e7\u00e3o de recursos foi destacada como prioridade, visando ampliar a capacidade operacional e estrutural do Corpo de Bombeiros.<\/p>\n\n\n\n<p class=\"has-black-color has-text-color has-link-color wp-elements-884e9775cdbca211bc9df220281a48c1\">\u201cO alinhamento com a SIBRA \u00e9 fundamental para garantir os recursos necess\u00e1rios para que o CBMRO possa atuar com ainda mais efici\u00eancia na prote\u00e7\u00e3o do nosso patrim\u00f4nio ambiental e na seguran\u00e7a da popula\u00e7\u00e3o\u201d, afirmou o Comandante-Geral do CBMRO, Cel BM Nivaldo.<\/p>\n\n\n\n<p class=\"has-black-color has-text-color has-link-color wp-elements-c602643804d0bd229c13f9b542ab814b\">O Secret\u00e1rio Augusto Leonel refor\u00e7ou o compromisso da SIBRA em apoiar Rond\u00f4nia no desenvolvimento desses projetos, destacando a import\u00e2ncia da parceria institucional para o sucesso das a\u00e7\u00f5es.<\/p>\n\n\n\n<p class=\"has-black-color has-text-color has-link-color wp-elements-6f5966e0f215f32eba75514e4663902b\">A reuni\u00e3o marcou mais um passo significativo na busca por solu\u00e7\u00f5es integradas para a preven\u00e7\u00e3o e combate aos inc\u00eandios florestais, al\u00e9m de refor\u00e7ar a estrutura\u00e7\u00e3o do Corpo de Bombeiros Militar de Rond\u00f4nia para atender \u00e0s demandas do Estado.<\/p>\n\n\n\n<figure class=\"wp-block-image size-large is-resized\"><img fetchpriority=\"high\" decoding=\"async\" width=\"1024\" height=\"853\" src=\"https:\/\/www.cbm.ro.gov.br\/wp-content\/uploads\/2025\/09\/cel-wandrio-1024x853.jpeg\" alt=\"\" class=\"wp-image-5907\" style=\"width:720px\" srcset=\"https:\/\/www.cbm.ro.gov.br\/wp-content\/uploads\/2025\/09\/cel-wandrio-1024x853.jpeg 1024w, https:\/\/www.cbm.ro.gov.br\/wp-content\/uploads\/2025\/09\/cel-wandrio-300x250.jpeg 300w, https:\/\/www.cbm.ro.gov.br\/wp-content\/uploads\/2025\/09\/cel-wandrio-768x640.jpeg 768w, https:\/\/www.cbm.ro.gov.br\/wp-content\/uploads\/2025\/09\/cel-wandrio-1536x1280.jpeg 1536w, https:\/\/www.cbm.ro.gov.br\/wp-content\/uploads\/2025\/09\/cel-wandrio-2048x1707.jpeg 2048w\" sizes=\"(max-width: 1024px) 100vw, 1024px\" \/><\/figure>\n\n\n\n<p><\/p>\n","protected":false},"excerpt":{"rendered":"<p>Bras\u00edlia, 29 de agosto de 2025 \u2013 O Corpo de Bombeiros Militar de Rond\u00f4nia (CBMRO) e a Secretaria Especial de Integra\u00e7\u00e3o do Estado de Rond\u00f4nia em Bras\u00edlia (SIBRA) promoveram uma&hellip;<\/p>\n","protected":false},"author":5,"featured_media":5908,"comment_status":"closed","ping_status":"open","sticky":false,"template":"","format":"standard","meta":{"footnotes":""},"categories":[1],"tags":[118,13,86,428],"class_list":["post-5905","post","type-post","status-publish","format-standard","has-post-thumbnail","hentry","category-cbmro","tag-brasilia","tag-cbmro","tag-governoderondonia","tag-sibra"],"yoast_head":"<!-- This site is optimized with the Yoast SEO plugin v23.7 - https:\/\/yoast.com\/wordpress\/plugins\/seo\/ -->\n<title>CBMRO E SIBRA REALIZAM REUNI\u00c3O ESTRAT\u00c9GICA PARA CAPTA\u00c7\u00c3O DE RECURSOS E FORTALECIMENTO DA PREVEN\u00c7\u00c3O A INC\u00caNDIOS FLORESTAIS - Corpo de Bombeiros Militar de Rond\u00f4nia<\/title>\n<meta name=\"robots\" content=\"index, follow, max-snippet:-1, max-image-preview:large, max-video-preview:-1\" \/>\n<link rel=\"canonical\" href=\"https:\/\/www.cbm.ro.gov.br\/?p=5905\" \/>\n<meta property=\"og:locale\" content=\"pt_BR\" \/>\n<meta property=\"og:type\" content=\"article\" \/>\n<meta property=\"og:title\" content=\"CBMRO E SIBRA REALIZAM REUNI\u00c3O ESTRAT\u00c9GICA PARA CAPTA\u00c7\u00c3O DE RECURSOS E FORTALECIMENTO DA PREVEN\u00c7\u00c3O A INC\u00caNDIOS FLORESTAIS - Corpo de Bombeiros Militar de Rond\u00f4nia\" \/>\n<meta property=\"og:description\" content=\"Bras\u00edlia, 29 de agosto de 2025 \u2013 O Corpo de Bombeiros Militar de Rond\u00f4nia (CBMRO) e a Secretaria Especial de Integra\u00e7\u00e3o do Estado de Rond\u00f4nia em Bras\u00edlia (SIBRA) promoveram uma&hellip;\" \/>\n<meta property=\"og:url\" content=\"https:\/\/www.cbm.ro.gov.br\/?p=5905\" \/>\n<meta property=\"og:site_name\" content=\"Corpo de Bombeiros Militar de Rond\u00f4nia\" \/>\n<meta property=\"article:publisher\" content=\"https:\/\/www.facebook.com\/cbmro.oficial\/\" \/>\n<meta property=\"article:published_time\" content=\"2025-09-01T16:19:53+00:00\" \/>\n<meta property=\"article:modified_time\" content=\"2025-09-01T16:19:54+00:00\" \/>\n<meta property=\"og:image\" content=\"https:\/\/www.cbm.ro.gov.br\/wp-content\/uploads\/2025\/09\/cel-nivaldo-01-brasilia-scaled.jpeg\" \/>\n\t<meta property=\"og:image:width\" content=\"2560\" \/>\n\t<meta property=\"og:image:height\" content=\"1440\" \/>\n\t<meta property=\"og:image:type\" content=\"image\/jpeg\" \/>\n<meta name=\"author\" content=\"Marcos Barros\" \/>\n<meta name=\"twitter:card\" content=\"summary_large_image\" \/>\n<meta name=\"twitter:label1\" content=\"Escrito por\" \/>\n\t<meta name=\"twitter:data1\" content=\"Marcos Barros\" \/>\n\t<meta name=\"twitter:label2\" content=\"Est. tempo de leitura\" \/>\n\t<meta name=\"twitter:data2\" content=\"2 minutos\" \/>\n<script type=\"application\/ld+json\" class=\"yoast-schema-graph\">{\"@context\":\"https:\/\/schema.org\",\"@graph\":[{\"@type\":\"Article\",\"@id\":\"https:\/\/www.cbm.ro.gov.br\/?p=5905#article\",\"isPartOf\":{\"@id\":\"https:\/\/www.cbm.ro.gov.br\/?p=5905\"},\"author\":{\"name\":\"Marcos Barros\",\"@id\":\"https:\/\/www.cbm.ro.gov.br\/#\/schema\/person\/b035b7e269aef4233e9514c2751917c5\"},\"headline\":\"CBMRO E SIBRA REALIZAM REUNI\u00c3O ESTRAT\u00c9GICA PARA CAPTA\u00c7\u00c3O DE RECURSOS E FORTALECIMENTO DA PREVEN\u00c7\u00c3O A INC\u00caNDIOS FLORESTAIS\",\"datePublished\":\"2025-09-01T16:19:53+00:00\",\"dateModified\":\"2025-09-01T16:19:54+00:00\",\"mainEntityOfPage\":{\"@id\":\"https:\/\/www.cbm.ro.gov.br\/?p=5905\"},\"wordCount\":333,\"publisher\":{\"@id\":\"https:\/\/www.cbm.ro.gov.br\/#organization\"},\"image\":{\"@id\":\"https:\/\/www.cbm.ro.gov.br\/?p=5905#primaryimage\"},\"thumbnailUrl\":\"https:\/\/www.cbm.ro.gov.br\/wp-content\/uploads\/2025\/09\/cel-nivaldo-01-brasilia-scaled.jpeg\",\"keywords\":[\"BRASILIA\",\"CBMRO\",\"GOVERNODERONDONIA\",\"SIBRA\"],\"articleSection\":[\"CBMRO\"],\"inLanguage\":\"pt-BR\"},{\"@type\":\"WebPage\",\"@id\":\"https:\/\/www.cbm.ro.gov.br\/?p=5905\",\"url\":\"https:\/\/www.cbm.ro.gov.br\/?p=5905\",\"name\":\"CBMRO E SIBRA REALIZAM REUNI\u00c3O ESTRAT\u00c9GICA PARA CAPTA\u00c7\u00c3O DE RECURSOS E FORTALECIMENTO DA PREVEN\u00c7\u00c3O A INC\u00caNDIOS FLORESTAIS - Corpo de Bombeiros Militar de Rond\u00f4nia\",\"isPartOf\":{\"@id\":\"https:\/\/www.cbm.ro.gov.br\/#website\"},\"primaryImageOfPage\":{\"@id\":\"https:\/\/www.cbm.ro.gov.br\/?p=5905#primaryimage\"},\"image\":{\"@id\":\"https:\/\/www.cbm.ro.gov.br\/?p=5905#primaryimage\"},\"thumbnailUrl\":\"https:\/\/www.cbm.ro.gov.br\/wp-content\/uploads\/2025\/09\/cel-nivaldo-01-brasilia-scaled.jpeg\",\"datePublished\":\"2025-09-01T16:19:53+00:00\",\"dateModified\":\"2025-09-01T16:19:54+00:00\",\"breadcrumb\":{\"@id\":\"https:\/\/www.cbm.ro.gov.br\/?p=5905#breadcrumb\"},\"inLanguage\":\"pt-BR\",\"potentialAction\":[{\"@type\":\"ReadAction\",\"target\":[\"https:\/\/www.cbm.ro.gov.br\/?p=5905\"]}]},{\"@type\":\"ImageObject\",\"inLanguage\":\"pt-BR\",\"@id\":\"https:\/\/www.cbm.ro.gov.br\/?p=5905#primaryimage\",\"url\":\"https:\/\/www.cbm.ro.gov.br\/wp-content\/uploads\/2025\/09\/cel-nivaldo-01-brasilia-scaled.jpeg\",\"contentUrl\":\"https:\/\/www.cbm.ro.gov.br\/wp-content\/uploads\/2025\/09\/cel-nivaldo-01-brasilia-scaled.jpeg\",\"width\":2560,\"height\":1440},{\"@type\":\"BreadcrumbList\",\"@id\":\"https:\/\/www.cbm.ro.gov.br\/?p=5905#breadcrumb\",\"itemListElement\":[{\"@type\":\"ListItem\",\"position\":1,\"name\":\"In\u00edcio\",\"item\":\"https:\/\/www.cbm.ro.gov.br\/\"},{\"@type\":\"ListItem\",\"position\":2,\"name\":\"CBMRO E SIBRA REALIZAM REUNI\u00c3O ESTRAT\u00c9GICA PARA CAPTA\u00c7\u00c3O DE RECURSOS E FORTALECIMENTO DA PREVEN\u00c7\u00c3O A INC\u00caNDIOS FLORESTAIS\"}]},{\"@type\":\"WebSite\",\"@id\":\"https:\/\/www.cbm.ro.gov.br\/#website\",\"url\":\"https:\/\/www.cbm.ro.gov.br\/\",\"name\":\"Corpo de Bombeiros Militar de Rond\u00f4nia\",\"description\":\"Vidas alheias, riquezas salvar!\",\"publisher\":{\"@id\":\"https:\/\/www.cbm.ro.gov.br\/#organization\"},\"alternateName\":\"cbmro\",\"potentialAction\":[{\"@type\":\"SearchAction\",\"target\":{\"@type\":\"EntryPoint\",\"urlTemplate\":\"https:\/\/www.cbm.ro.gov.br\/?s={search_term_string}\"},\"query-input\":{\"@type\":\"PropertyValueSpecification\",\"valueRequired\":true,\"valueName\":\"search_term_string\"}}],\"inLanguage\":\"pt-BR\"},{\"@type\":\"Organization\",\"@id\":\"https:\/\/www.cbm.ro.gov.br\/#organization\",\"name\":\"Corpo de Bombeiros Militar do Estado de Rond\u00f4nia\",\"alternateName\":\"CBMRO\",\"url\":\"https:\/\/www.cbm.ro.gov.br\/\",\"logo\":{\"@type\":\"ImageObject\",\"inLanguage\":\"pt-BR\",\"@id\":\"https:\/\/www.cbm.ro.gov.br\/#\/schema\/logo\/image\/\",\"url\":\"https:\/\/www.cbm.ro.gov.br\/wp-content\/uploads\/2023\/12\/cropped-cropped-cropped-BRASO_3D_32-1-e1724344443171.png\",\"contentUrl\":\"https:\/\/www.cbm.ro.gov.br\/wp-content\/uploads\/2023\/12\/cropped-cropped-cropped-BRASO_3D_32-1-e1724344443171.png\",\"width\":446,\"height\":441,\"caption\":\"Corpo de Bombeiros Militar do Estado de Rond\u00f4nia\"},\"image\":{\"@id\":\"https:\/\/www.cbm.ro.gov.br\/#\/schema\/logo\/image\/\"},\"sameAs\":[\"https:\/\/www.facebook.com\/cbmro.oficial\/\",\"https:\/\/www.youtube.com\/c\/CorpodeBombeirosMilitardoEstadodeRond\u00f4nia\"]},{\"@type\":\"Person\",\"@id\":\"https:\/\/www.cbm.ro.gov.br\/#\/schema\/person\/b035b7e269aef4233e9514c2751917c5\",\"name\":\"Marcos Barros\",\"sameAs\":[\"http:\/\/10.210.0.90\/wp-admin\/post.php?post=2688&amp;action=edit\"],\"url\":\"https:\/\/www.cbm.ro.gov.br\/?author=5\"}]}<\/script>\n<!-- \/ Yoast SEO plugin. -->","yoast_head_json":{"title":"CBMRO E SIBRA REALIZAM REUNI\u00c3O ESTRAT\u00c9GICA PARA CAPTA\u00c7\u00c3O DE RECURSOS E FORTALECIMENTO DA PREVEN\u00c7\u00c3O A INC\u00caNDIOS FLORESTAIS - Corpo de Bombeiros Militar de Rond\u00f4nia","robots":{"index":"index","follow":"follow","max-snippet":"max-snippet:-1","max-image-preview":"max-image-preview:large","max-video-preview":"max-video-preview:-1"},"canonical":"https:\/\/www.cbm.ro.gov.br\/?p=5905","og_locale":"pt_BR","og_type":"article","og_title":"CBMRO E SIBRA REALIZAM REUNI\u00c3O ESTRAT\u00c9GICA PARA CAPTA\u00c7\u00c3O DE RECURSOS E FORTALECIMENTO DA PREVEN\u00c7\u00c3O A INC\u00caNDIOS FLORESTAIS - Corpo de Bombeiros Militar de Rond\u00f4nia","og_description":"Bras\u00edlia, 29 de agosto de 2025 \u2013 O Corpo de Bombeiros Militar de Rond\u00f4nia (CBMRO) e a Secretaria Especial de Integra\u00e7\u00e3o do Estado de Rond\u00f4nia em Bras\u00edlia (SIBRA) promoveram uma&hellip;","og_url":"https:\/\/www.cbm.ro.gov.br\/?p=5905","og_site_name":"Corpo de Bombeiros Militar de Rond\u00f4nia","article_publisher":"https:\/\/www.facebook.com\/cbmro.oficial\/","article_published_time":"2025-09-01T16:19:53+00:00","article_modified_time":"2025-09-01T16:19:54+00:00","og_image":[{"width":2560,"height":1440,"url":"https:\/\/www.cbm.ro.gov.br\/wp-content\/uploads\/2025\/09\/cel-nivaldo-01-brasilia-scaled.jpeg","type":"image\/jpeg"}],"author":"Marcos Barros","twitter_card":"summary_large_image","twitter_misc":{"Escrito por":"Marcos Barros","Est. tempo de leitura":"2 minutos"},"schema":{"@context":"https:\/\/schema.org","@graph":[{"@type":"Article","@id":"https:\/\/www.cbm.ro.gov.br\/?p=5905#article","isPartOf":{"@id":"https:\/\/www.cbm.ro.gov.br\/?p=5905"},"author":{"name":"Marcos Barros","@id":"https:\/\/www.cbm.ro.gov.br\/#\/schema\/person\/b035b7e269aef4233e9514c2751917c5"},"headline":"CBMRO E SIBRA REALIZAM REUNI\u00c3O ESTRAT\u00c9GICA PARA CAPTA\u00c7\u00c3O DE RECURSOS E FORTALECIMENTO DA PREVEN\u00c7\u00c3O A INC\u00caNDIOS FLORESTAIS","datePublished":"2025-09-01T16:19:53+00:00","dateModified":"2025-09-01T16:19:54+00:00","mainEntityOfPage":{"@id":"https:\/\/www.cbm.ro.gov.br\/?p=5905"},"wordCount":333,"publisher":{"@id":"https:\/\/www.cbm.ro.gov.br\/#organization"},"image":{"@id":"https:\/\/www.cbm.ro.gov.br\/?p=5905#primaryimage"},"thumbnailUrl":"https:\/\/www.cbm.ro.gov.br\/wp-content\/uploads\/2025\/09\/cel-nivaldo-01-brasilia-scaled.jpeg","keywords":["BRASILIA","CBMRO","GOVERNODERONDONIA","SIBRA"],"articleSection":["CBMRO"],"inLanguage":"pt-BR"},{"@type":"WebPage","@id":"https:\/\/www.cbm.ro.gov.br\/?p=5905","url":"https:\/\/www.cbm.ro.gov.br\/?p=5905","name":"CBMRO E SIBRA REALIZAM REUNI\u00c3O ESTRAT\u00c9GICA PARA CAPTA\u00c7\u00c3O DE RECURSOS E FORTALECIMENTO DA PREVEN\u00c7\u00c3O A INC\u00caNDIOS FLORESTAIS - Corpo de Bombeiros Militar de Rond\u00f4nia","isPartOf":{"@id":"https:\/\/www.cbm.ro.gov.br\/#website"},"primaryImageOfPage":{"@id":"https:\/\/www.cbm.ro.gov.br\/?p=5905#primaryimage"},"image":{"@id":"https:\/\/www.cbm.ro.gov.br\/?p=5905#primaryimage"},"thumbnailUrl":"https:\/\/www.cbm.ro.gov.br\/wp-content\/uploads\/2025\/09\/cel-nivaldo-01-brasilia-scaled.jpeg","datePublished":"2025-09-01T16:19:53+00:00","dateModified":"2025-09-01T16:19:54+00:00","breadcrumb":{"@id":"https:\/\/www.cbm.ro.gov.br\/?p=5905#breadcrumb"},"inLanguage":"pt-BR","potentialAction":[{"@type":"ReadAction","target":["https:\/\/www.cbm.ro.gov.br\/?p=5905"]}]},{"@type":"ImageObject","inLanguage":"pt-BR","@id":"https:\/\/www.cbm.ro.gov.br\/?p=5905#primaryimage","url":"https:\/\/www.cbm.ro.gov.br\/wp-content\/uploads\/2025\/09\/cel-nivaldo-01-brasilia-scaled.jpeg","contentUrl":"https:\/\/www.cbm.ro.gov.br\/wp-content\/uploads\/2025\/09\/cel-nivaldo-01-brasilia-scaled.jpeg","width":2560,"height":1440},{"@type":"BreadcrumbList","@id":"https:\/\/www.cbm.ro.gov.br\/?p=5905#breadcrumb","itemListElement":[{"@type":"ListItem","position":1,"name":"In\u00edcio","item":"https:\/\/www.cbm.ro.gov.br\/"},{"@type":"ListItem","position":2,"name":"CBMRO E SIBRA REALIZAM REUNI\u00c3O ESTRAT\u00c9GICA PARA CAPTA\u00c7\u00c3O DE RECURSOS E FORTALECIMENTO DA PREVEN\u00c7\u00c3O A INC\u00caNDIOS FLORESTAIS"}]},{"@type":"WebSite","@id":"https:\/\/www.cbm.ro.gov.br\/#website","url":"https:\/\/www.cbm.ro.gov.br\/","name":"Corpo de Bombeiros Militar de Rond\u00f4nia","description":"Vidas alheias, riquezas salvar!","publisher":{"@id":"https:\/\/www.cbm.ro.gov.br\/#organization"},"alternateName":"cbmro","potentialAction":[{"@type":"SearchAction","target":{"@type":"EntryPoint","urlTemplate":"https:\/\/www.cbm.ro.gov.br\/?s={search_term_string}"},"query-input":{"@type":"PropertyValueSpecification","valueRequired":true,"valueName":"search_term_string"}}],"inLanguage":"pt-BR"},{"@type":"Organization","@id":"https:\/\/www.cbm.ro.gov.br\/#organization","name":"Corpo de Bombeiros Militar do Estado de Rond\u00f4nia","alternateName":"CBMRO","url":"https:\/\/www.cbm.ro.gov.br\/","logo":{"@type":"ImageObject","inLanguage":"pt-BR","@id":"https:\/\/www.cbm.ro.gov.br\/#\/schema\/logo\/image\/","url":"https:\/\/www.cbm.ro.gov.br\/wp-content\/uploads\/2023\/12\/cropped-cropped-cropped-BRASO_3D_32-1-e1724344443171.png","contentUrl":"https:\/\/www.cbm.ro.gov.br\/wp-content\/uploads\/2023\/12\/cropped-cropped-cropped-BRASO_3D_32-1-e1724344443171.png","width":446,"height":441,"caption":"Corpo de Bombeiros Militar do Estado de Rond\u00f4nia"},"image":{"@id":"https:\/\/www.cbm.ro.gov.br\/#\/schema\/logo\/image\/"},"sameAs":["https:\/\/www.facebook.com\/cbmro.oficial\/","https:\/\/www.youtube.com\/c\/CorpodeBombeirosMilitardoEstadodeRond\u00f4nia"]},{"@type":"Person","@id":"https:\/\/www.cbm.ro.gov.br\/#\/schema\/person\/b035b7e269aef4233e9514c2751917c5","name":"Marcos Barros","sameAs":["http:\/\/10.210.0.90\/wp-admin\/post.php?post=2688&amp;action=edit"],"url":"https:\/\/www.cbm.ro.gov.br\/?author=5"}]}},"wpmagazine_modules_lite_featured_media_urls":{"thumbnail":["https:\/\/www.cbm.ro.gov.br\/wp-content\/uploads\/2025\/09\/cel-nivaldo-01-brasilia-150x150.jpeg",150,150,true],"cvmm-medium":["https:\/\/www.cbm.ro.gov.br\/wp-content\/uploads\/2025\/09\/cel-nivaldo-01-brasilia-300x300.jpeg",300,300,true],"cvmm-medium-plus":["https:\/\/www.cbm.ro.gov.br\/wp-content\/uploads\/2025\/09\/cel-nivaldo-01-brasilia-305x207.jpeg",305,207,true],"cvmm-portrait":["https:\/\/www.cbm.ro.gov.br\/wp-content\/uploads\/2025\/09\/cel-nivaldo-01-brasilia-400x600.jpeg",400,600,true],"cvmm-medium-square":["https:\/\/www.cbm.ro.gov.br\/wp-content\/uploads\/2025\/09\/cel-nivaldo-01-brasilia-600x600.jpeg",600,600,true],"cvmm-large":["https:\/\/www.cbm.ro.gov.br\/wp-content\/uploads\/2025\/09\/cel-nivaldo-01-brasilia-1024x1024.jpeg",1024,1024,true],"cvmm-small":["https:\/\/www.cbm.ro.gov.br\/wp-content\/uploads\/2025\/09\/cel-nivaldo-01-brasilia-130x95.jpeg",130,95,true],"full":["https:\/\/www.cbm.ro.gov.br\/wp-content\/uploads\/2025\/09\/cel-nivaldo-01-brasilia-scaled.jpeg",2560,1440,false]},"categories_names":{"1":{"name":"CBMRO","link":"https:\/\/www.cbm.ro.gov.br\/?cat=1"}},"tags_names":{"118":{"name":"BRASILIA","link":"https:\/\/www.cbm.ro.gov.br\/?tag=brasilia"},"13":{"name":"CBMRO","link":"https:\/\/www.cbm.ro.gov.br\/?tag=cbmro"},"86":{"name":"GOVERNODERONDONIA","link":"https:\/\/www.cbm.ro.gov.br\/?tag=governoderondonia"},"428":{"name":"SIBRA","link":"https:\/\/www.cbm.ro.gov.br\/?tag=sibra"}},"comments_number":"0","_links":{"self":[{"href":"https:\/\/www.cbm.ro.gov.br\/index.php?rest_route=\/wp\/v2\/posts\/5905","targetHints":{"allow":["GET"]}}],"collection":[{"href":"https:\/\/www.cbm.ro.gov.br\/index.php?rest_route=\/wp\/v2\/posts"}],"about":[{"href":"https:\/\/www.cbm.ro.gov.br\/index.php?rest_route=\/wp\/v2\/types\/post"}],"author":[{"embeddable":true,"href":"https:\/\/www.cbm.ro.gov.br\/index.php?rest_route=\/wp\/v2\/users\/5"}],"replies":[{"embeddable":true,"href":"https:\/\/www.cbm.ro.gov.br\/index.php?rest_route=%2Fwp%2Fv2%2Fcomments&post=5905"}],"version-history":[{"count":4,"href":"https:\/\/www.cbm.ro.gov.br\/index.php?rest_route=\/wp\/v2\/posts\/5905\/revisions"}],"predecessor-version":[{"id":5912,"href":"https:\/\/www.cbm.ro.gov.br\/index.php?rest_route=\/wp\/v2\/posts\/5905\/revisions\/5912"}],"wp:featuredmedia":[{"embeddable":true,"href":"https:\/\/www.cbm.ro.gov.br\/index.php?rest_route=\/wp\/v2\/media\/5908"}],"wp:attachment":[{"href":"https:\/\/www.cbm.ro.gov.br\/index.php?rest_route=%2Fwp%2Fv2%2Fmedia&parent=5905"}],"wp:term":[{"taxonomy":"category","embeddable":true,"href":"https:\/\/www.cbm.ro.gov.br\/index.php?rest_route=%2Fwp%2Fv2%2Fcategories&post=5905"},{"taxonomy":"post_tag","embeddable":true,"href":"https:\/\/www.cbm.ro.gov.br\/index.php?rest_route=%2Fwp%2Fv2%2Ftags&post=5905"}],"curies":[{"name":"wp","href":"https:\/\/api.w.org\/{rel}","templated":true}]}}