{"id":5874,"date":"2025-08-29T13:20:50","date_gmt":"2025-08-29T17:20:50","guid":{"rendered":"https:\/\/www.cbm.ro.gov.br\/?p=5874"},"modified":"2025-08-29T13:21:05","modified_gmt":"2025-08-29T17:21:05","slug":"cbmro-participa-seminario-de-protecao-e-defesa-civil-e-reuniao-do-congepdec-em-minas-gerais","status":"publish","type":"post","link":"https:\/\/www.cbm.ro.gov.br\/?p=5874","title":{"rendered":"CBMRO PARTICIPA SEMIN\u00c1RIO DE PROTE\u00c7\u00c3O E DEFESA CIVIL E REUNI\u00c3O DO CONGEPDEC EM MINAS GERAIS"},"content":{"rendered":"\n<p class=\"has-black-color has-text-color has-link-color wp-elements-55a8c42575d613985e3626469e680755\">Nos dias 26 e 28 de agosto de 2025, representantes do Corpo de Bombeiros Militar de Rond\u00f4nia participaram de importantes eventos voltados \u00e0 gest\u00e3o de desastres e prote\u00e7\u00e3o civil, promovendo o fortalecimento da atua\u00e7\u00e3o integrada entre os diversos \u00f3rg\u00e3os envolvidos no gerenciamento de emerg\u00eancias em todo o Brasil.<\/p>\n\n\n\n<h3 class=\"wp-block-heading has-vivid-red-color has-text-color has-link-color wp-elements-3349dd279225e9967297ebc7ddeab000\"><strong>Semin\u00e1rio de Prote\u00e7\u00e3o e Defesa Civil: Gest\u00e3o Integrada de Desastres Tecnol\u00f3gicos<\/strong><\/h3>\n\n\n\n<p class=\"has-black-color has-text-color has-link-color wp-elements-038ddb41e7c0ed406e132104bdb735b9\">O Semin\u00e1rio de Prote\u00e7\u00e3o e Defesa Civil, realizado na Cidade Administrativa de Minas Gerais, em Belo Horizonte, teve como objetivo promover o interc\u00e2mbio de experi\u00eancias e aprimorar os protocolos de preven\u00e7\u00e3o e resposta a acidentes tecnol\u00f3gicos. O evento contou com a presen\u00e7a de autoridades, especialistas e gestores da Defesa Civil de v\u00e1rios estados brasileiros, e se concentrou na import\u00e2ncia da integra\u00e7\u00e3o das a\u00e7\u00f5es para uma resposta mais eficiente aos desastres, especialmente os de car\u00e1ter tecnol\u00f3gico.<\/p>\n\n\n\n<p class=\"has-black-color has-text-color has-link-color wp-elements-4739dc2cb818da3ff357571661ae369c\">Os participantes discutiram formas de melhorar a gest\u00e3o integrada de desastres tecnol\u00f3gicos, como vazamentos de subst\u00e2ncias qu\u00edmicas, falhas industriais e outros acidentes que exigem uma coordena\u00e7\u00e3o precisa entre os \u00f3rg\u00e3os de seguran\u00e7a e defesa civil. Para o Corpo de Bombeiros Militar de Rond\u00f4nia, o semin\u00e1rio representou uma oportunidade de aprendizado e atualiza\u00e7\u00e3o sobre os mais recentes avan\u00e7os na \u00e1rea de prote\u00e7\u00e3o civil, al\u00e9m de promover uma troca rica de experi\u00eancias com outros estados.<\/p>\n\n\n\n<figure class=\"wp-block-image size-large\"><img fetchpriority=\"high\" decoding=\"async\" width=\"1024\" height=\"768\" src=\"https:\/\/www.cbm.ro.gov.br\/wp-content\/uploads\/2025\/08\/image-1-1024x768.png\" alt=\"\" class=\"wp-image-5876\" srcset=\"https:\/\/www.cbm.ro.gov.br\/wp-content\/uploads\/2025\/08\/image-1-1024x768.png 1024w, https:\/\/www.cbm.ro.gov.br\/wp-content\/uploads\/2025\/08\/image-1-300x225.png 300w, https:\/\/www.cbm.ro.gov.br\/wp-content\/uploads\/2025\/08\/image-1-768x576.png 768w, https:\/\/www.cbm.ro.gov.br\/wp-content\/uploads\/2025\/08\/image-1-1536x1152.png 1536w, https:\/\/www.cbm.ro.gov.br\/wp-content\/uploads\/2025\/08\/image-1.png 2048w\" sizes=\"(max-width: 1024px) 100vw, 1024px\" \/><\/figure>\n\n\n\n<h3 class=\"wp-block-heading has-vivid-red-color has-text-color has-link-color wp-elements-8c9223e0e607b598b295e3025a2874bf\"><strong>Reuni\u00e3o Ordin\u00e1ria do CONGEPDEC<\/strong><\/h3>\n\n\n\n<p class=\"has-black-color has-text-color has-link-color wp-elements-bcbf32e47d77cea53d44fbe9e8474ec2\">Ainda em Belo Horizonte, aconteceu a Reuni\u00e3o Ordin\u00e1ria do Conselho Nacional de Gestores de Prote\u00e7\u00e3o e Defesa Civil (CONGEPDEC), que reuniu gestores de mais de 20 estados do Brasil para discutir e refletir sobre a gest\u00e3o integrada de riscos e desastres no pa\u00eds. Durante a reuni\u00e3o, foram abordados temas de extrema relev\u00e2ncia para o aprimoramento da Defesa Civil, com foco em estrat\u00e9gias coletivas e solu\u00e7\u00f5es inovadoras para os desafios contempor\u00e2neos enfrentados pelas corpora\u00e7\u00f5es.<\/p>\n\n\n\n<p class=\"has-black-color has-text-color has-link-color wp-elements-5ef7ead43b0c257d4c602d64f0486abb\">Al\u00e9m disso, a reuni\u00e3o foi marcada por um momento de grande reflex\u00e3o com a visita ao Memorial dedicado \u00e0s 272 v\u00edtimas do rompimento da barragem de Brumadinho, ocorrido em 25 de janeiro de 2019. A visita foi uma oportunidade para relembrar a trag\u00e9dia e entender a import\u00e2ncia do trabalho conjunto da Defesa Civil e dos Corpos de Bombeiros Militares no enfrentamento de desastres dessa magnitude. O memorial conta a hist\u00f3ria da trag\u00e9dia e da atua\u00e7\u00e3o dos profissionais envolvidos na resposta e mitiga\u00e7\u00e3o dos impactos, servindo de aprendizado para futuras a\u00e7\u00f5es.<\/p>\n\n\n\n<h3 class=\"wp-block-heading has-vivid-red-color has-text-color has-link-color wp-elements-d516310ff3c02be27d3ee2c02e5fc2da\"><strong>A Import\u00e2ncia da Integra\u00e7\u00e3o<\/strong><\/h3>\n\n\n\n<p class=\"has-black-color has-text-color has-link-color wp-elements-3eb1a2a2bb35b8703c0483f33d163103\">A participa\u00e7\u00e3o do Corpo de Bombeiros Militar de Rond\u00f4nia nesses eventos reflete o compromisso da corpora\u00e7\u00e3o com a constante melhoria dos protocolos de atua\u00e7\u00e3o e com a constru\u00e7\u00e3o de uma gest\u00e3o integrada e eficiente para a prote\u00e7\u00e3o e defesa da popula\u00e7\u00e3o. O semin\u00e1rio e a reuni\u00e3o do CONGEPDEC proporcionaram um ambiente prop\u00edcio para o fortalecimento das rela\u00e7\u00f5es entre os diversos \u00f3rg\u00e3os respons\u00e1veis pela mitiga\u00e7\u00e3o de desastres e emerg\u00eancias no Brasil.<\/p>\n\n\n\n<p class=\"has-black-color has-text-color has-link-color wp-elements-c978d45c3e8537e6149f0082983c6f00\">Esses encontros representam, ainda, a continuidade de um processo de aprimoramento cont\u00ednuo que visa garantir maior seguran\u00e7a para a sociedade em situa\u00e7\u00f5es de risco, como desastres naturais e tecnol\u00f3gicos.<\/p>\n\n\n\n<h3 class=\"wp-block-heading has-vivid-red-color has-text-color has-link-color wp-elements-305a92b32842675fb57cd18b0a5817ca\"><strong>Compromisso com a Seguran\u00e7a<\/strong><\/h3>\n\n\n\n<p class=\"has-black-color has-text-color has-link-color wp-elements-3f61b2b7accb667925d855e3fda2db0c\">A atua\u00e7\u00e3o do Corpo de Bombeiros Militar de Rond\u00f4nia est\u00e1 sempre alinhada com as melhores pr\u00e1ticas e estrat\u00e9gias de seguran\u00e7a e defesa civil. A troca de experi\u00eancias, a reflex\u00e3o sobre os desafios e as li\u00e7\u00f5es aprendidas durante os eventos em Minas Gerais s\u00e3o fundamentais para garantir a prote\u00e7\u00e3o da popula\u00e7\u00e3o, a integridade dos bens e a efici\u00eancia nas a\u00e7\u00f5es de resposta a emerg\u00eancias.<\/p>\n\n\n\n<figure class=\"wp-block-image size-large\"><img decoding=\"async\" width=\"1024\" height=\"768\" src=\"https:\/\/www.cbm.ro.gov.br\/wp-content\/uploads\/2025\/08\/image-1024x768.png\" alt=\"\" class=\"wp-image-5875\" srcset=\"https:\/\/www.cbm.ro.gov.br\/wp-content\/uploads\/2025\/08\/image-1024x768.png 1024w, https:\/\/www.cbm.ro.gov.br\/wp-content\/uploads\/2025\/08\/image-300x225.png 300w, https:\/\/www.cbm.ro.gov.br\/wp-content\/uploads\/2025\/08\/image-768x576.png 768w, https:\/\/www.cbm.ro.gov.br\/wp-content\/uploads\/2025\/08\/image-1536x1152.png 1536w, https:\/\/www.cbm.ro.gov.br\/wp-content\/uploads\/2025\/08\/image.png 2048w\" sizes=\"(max-width: 1024px) 100vw, 1024px\" \/><\/figure>\n","protected":false},"excerpt":{"rendered":"<p>Nos dias 26 e 28 de agosto de 2025, representantes do Corpo de Bombeiros Militar de Rond\u00f4nia participaram de importantes eventos voltados \u00e0 gest\u00e3o de desastres e prote\u00e7\u00e3o civil, promovendo&hellip;<\/p>\n","protected":false},"author":5,"featured_media":5877,"comment_status":"closed","ping_status":"open","sticky":false,"template":"","format":"standard","meta":{"footnotes":""},"categories":[1],"tags":[13,86,262,426],"class_list":["post-5874","post","type-post","status-publish","format-standard","has-post-thumbnail","hentry","category-cbmro","tag-cbmro","tag-governoderondonia","tag-minasgerais","tag-seminario-2"],"yoast_head":"<!-- This site is optimized with the Yoast SEO plugin v23.7 - https:\/\/yoast.com\/wordpress\/plugins\/seo\/ -->\n<title>CBMRO PARTICIPA SEMIN\u00c1RIO DE PROTE\u00c7\u00c3O E DEFESA CIVIL E REUNI\u00c3O DO CONGEPDEC EM MINAS GERAIS - Corpo de Bombeiros Militar de Rond\u00f4nia<\/title>\n<meta name=\"robots\" content=\"index, follow, max-snippet:-1, max-image-preview:large, max-video-preview:-1\" \/>\n<link rel=\"canonical\" href=\"https:\/\/www.cbm.ro.gov.br\/?p=5874\" \/>\n<meta property=\"og:locale\" content=\"pt_BR\" \/>\n<meta property=\"og:type\" content=\"article\" \/>\n<meta property=\"og:title\" content=\"CBMRO PARTICIPA SEMIN\u00c1RIO DE PROTE\u00c7\u00c3O E DEFESA CIVIL E REUNI\u00c3O DO CONGEPDEC EM MINAS GERAIS - Corpo de Bombeiros Militar de Rond\u00f4nia\" \/>\n<meta property=\"og:description\" content=\"Nos dias 26 e 28 de agosto de 2025, representantes do Corpo de Bombeiros Militar de Rond\u00f4nia participaram de importantes eventos voltados \u00e0 gest\u00e3o de desastres e prote\u00e7\u00e3o civil, promovendo&hellip;\" \/>\n<meta property=\"og:url\" content=\"https:\/\/www.cbm.ro.gov.br\/?p=5874\" \/>\n<meta property=\"og:site_name\" content=\"Corpo de Bombeiros Militar de Rond\u00f4nia\" \/>\n<meta property=\"article:publisher\" content=\"https:\/\/www.facebook.com\/cbmro.oficial\/\" \/>\n<meta property=\"article:published_time\" content=\"2025-08-29T17:20:50+00:00\" \/>\n<meta property=\"article:modified_time\" content=\"2025-08-29T17:21:05+00:00\" \/>\n<meta property=\"og:image\" content=\"https:\/\/www.cbm.ro.gov.br\/wp-content\/uploads\/2025\/08\/WhatsApp-Image-2025-08-29-at-12.54.17-scaled.jpeg\" \/>\n\t<meta property=\"og:image:width\" content=\"2560\" \/>\n\t<meta property=\"og:image:height\" content=\"1920\" \/>\n\t<meta property=\"og:image:type\" content=\"image\/jpeg\" \/>\n<meta name=\"author\" content=\"Marcos Barros\" \/>\n<meta name=\"twitter:card\" content=\"summary_large_image\" \/>\n<meta name=\"twitter:label1\" content=\"Escrito por\" \/>\n\t<meta name=\"twitter:data1\" content=\"Marcos Barros\" \/>\n\t<meta name=\"twitter:label2\" content=\"Est. tempo de leitura\" \/>\n\t<meta name=\"twitter:data2\" content=\"3 minutos\" \/>\n<script type=\"application\/ld+json\" class=\"yoast-schema-graph\">{\"@context\":\"https:\/\/schema.org\",\"@graph\":[{\"@type\":\"Article\",\"@id\":\"https:\/\/www.cbm.ro.gov.br\/?p=5874#article\",\"isPartOf\":{\"@id\":\"https:\/\/www.cbm.ro.gov.br\/?p=5874\"},\"author\":{\"name\":\"Marcos Barros\",\"@id\":\"https:\/\/www.cbm.ro.gov.br\/#\/schema\/person\/b035b7e269aef4233e9514c2751917c5\"},\"headline\":\"CBMRO PARTICIPA SEMIN\u00c1RIO DE PROTE\u00c7\u00c3O E DEFESA CIVIL E REUNI\u00c3O DO CONGEPDEC EM MINAS GERAIS\",\"datePublished\":\"2025-08-29T17:20:50+00:00\",\"dateModified\":\"2025-08-29T17:21:05+00:00\",\"mainEntityOfPage\":{\"@id\":\"https:\/\/www.cbm.ro.gov.br\/?p=5874\"},\"wordCount\":652,\"publisher\":{\"@id\":\"https:\/\/www.cbm.ro.gov.br\/#organization\"},\"image\":{\"@id\":\"https:\/\/www.cbm.ro.gov.br\/?p=5874#primaryimage\"},\"thumbnailUrl\":\"https:\/\/www.cbm.ro.gov.br\/wp-content\/uploads\/2025\/08\/WhatsApp-Image-2025-08-29-at-12.54.17-scaled.jpeg\",\"keywords\":[\"CBMRO\",\"GOVERNODERONDONIA\",\"MINASGERAIS\",\"SEMINARIO\"],\"articleSection\":[\"CBMRO\"],\"inLanguage\":\"pt-BR\"},{\"@type\":\"WebPage\",\"@id\":\"https:\/\/www.cbm.ro.gov.br\/?p=5874\",\"url\":\"https:\/\/www.cbm.ro.gov.br\/?p=5874\",\"name\":\"CBMRO PARTICIPA SEMIN\u00c1RIO DE PROTE\u00c7\u00c3O E DEFESA CIVIL E REUNI\u00c3O DO CONGEPDEC EM MINAS GERAIS - Corpo de Bombeiros Militar de Rond\u00f4nia\",\"isPartOf\":{\"@id\":\"https:\/\/www.cbm.ro.gov.br\/#website\"},\"primaryImageOfPage\":{\"@id\":\"https:\/\/www.cbm.ro.gov.br\/?p=5874#primaryimage\"},\"image\":{\"@id\":\"https:\/\/www.cbm.ro.gov.br\/?p=5874#primaryimage\"},\"thumbnailUrl\":\"https:\/\/www.cbm.ro.gov.br\/wp-content\/uploads\/2025\/08\/WhatsApp-Image-2025-08-29-at-12.54.17-scaled.jpeg\",\"datePublished\":\"2025-08-29T17:20:50+00:00\",\"dateModified\":\"2025-08-29T17:21:05+00:00\",\"breadcrumb\":{\"@id\":\"https:\/\/www.cbm.ro.gov.br\/?p=5874#breadcrumb\"},\"inLanguage\":\"pt-BR\",\"potentialAction\":[{\"@type\":\"ReadAction\",\"target\":[\"https:\/\/www.cbm.ro.gov.br\/?p=5874\"]}]},{\"@type\":\"ImageObject\",\"inLanguage\":\"pt-BR\",\"@id\":\"https:\/\/www.cbm.ro.gov.br\/?p=5874#primaryimage\",\"url\":\"https:\/\/www.cbm.ro.gov.br\/wp-content\/uploads\/2025\/08\/WhatsApp-Image-2025-08-29-at-12.54.17-scaled.jpeg\",\"contentUrl\":\"https:\/\/www.cbm.ro.gov.br\/wp-content\/uploads\/2025\/08\/WhatsApp-Image-2025-08-29-at-12.54.17-scaled.jpeg\",\"width\":2560,\"height\":1920},{\"@type\":\"BreadcrumbList\",\"@id\":\"https:\/\/www.cbm.ro.gov.br\/?p=5874#breadcrumb\",\"itemListElement\":[{\"@type\":\"ListItem\",\"position\":1,\"name\":\"In\u00edcio\",\"item\":\"https:\/\/www.cbm.ro.gov.br\/\"},{\"@type\":\"ListItem\",\"position\":2,\"name\":\"CBMRO PARTICIPA SEMIN\u00c1RIO DE PROTE\u00c7\u00c3O E DEFESA CIVIL E REUNI\u00c3O DO CONGEPDEC EM MINAS GERAIS\"}]},{\"@type\":\"WebSite\",\"@id\":\"https:\/\/www.cbm.ro.gov.br\/#website\",\"url\":\"https:\/\/www.cbm.ro.gov.br\/\",\"name\":\"Corpo de Bombeiros Militar de Rond\u00f4nia\",\"description\":\"Vidas alheias, riquezas salvar!\",\"publisher\":{\"@id\":\"https:\/\/www.cbm.ro.gov.br\/#organization\"},\"alternateName\":\"cbmro\",\"potentialAction\":[{\"@type\":\"SearchAction\",\"target\":{\"@type\":\"EntryPoint\",\"urlTemplate\":\"https:\/\/www.cbm.ro.gov.br\/?s={search_term_string}\"},\"query-input\":{\"@type\":\"PropertyValueSpecification\",\"valueRequired\":true,\"valueName\":\"search_term_string\"}}],\"inLanguage\":\"pt-BR\"},{\"@type\":\"Organization\",\"@id\":\"https:\/\/www.cbm.ro.gov.br\/#organization\",\"name\":\"Corpo de Bombeiros Militar do Estado de Rond\u00f4nia\",\"alternateName\":\"CBMRO\",\"url\":\"https:\/\/www.cbm.ro.gov.br\/\",\"logo\":{\"@type\":\"ImageObject\",\"inLanguage\":\"pt-BR\",\"@id\":\"https:\/\/www.cbm.ro.gov.br\/#\/schema\/logo\/image\/\",\"url\":\"https:\/\/www.cbm.ro.gov.br\/wp-content\/uploads\/2023\/12\/cropped-cropped-cropped-BRASO_3D_32-1-e1724344443171.png\",\"contentUrl\":\"https:\/\/www.cbm.ro.gov.br\/wp-content\/uploads\/2023\/12\/cropped-cropped-cropped-BRASO_3D_32-1-e1724344443171.png\",\"width\":446,\"height\":441,\"caption\":\"Corpo de Bombeiros Militar do Estado de Rond\u00f4nia\"},\"image\":{\"@id\":\"https:\/\/www.cbm.ro.gov.br\/#\/schema\/logo\/image\/\"},\"sameAs\":[\"https:\/\/www.facebook.com\/cbmro.oficial\/\",\"https:\/\/www.youtube.com\/c\/CorpodeBombeirosMilitardoEstadodeRond\u00f4nia\"]},{\"@type\":\"Person\",\"@id\":\"https:\/\/www.cbm.ro.gov.br\/#\/schema\/person\/b035b7e269aef4233e9514c2751917c5\",\"name\":\"Marcos Barros\",\"sameAs\":[\"http:\/\/10.210.0.90\/wp-admin\/post.php?post=2688&amp;action=edit\"],\"url\":\"https:\/\/www.cbm.ro.gov.br\/?author=5\"}]}<\/script>\n<!-- \/ Yoast SEO plugin. -->","yoast_head_json":{"title":"CBMRO PARTICIPA SEMIN\u00c1RIO DE PROTE\u00c7\u00c3O E DEFESA CIVIL E REUNI\u00c3O DO CONGEPDEC EM MINAS GERAIS - Corpo de Bombeiros Militar de Rond\u00f4nia","robots":{"index":"index","follow":"follow","max-snippet":"max-snippet:-1","max-image-preview":"max-image-preview:large","max-video-preview":"max-video-preview:-1"},"canonical":"https:\/\/www.cbm.ro.gov.br\/?p=5874","og_locale":"pt_BR","og_type":"article","og_title":"CBMRO PARTICIPA SEMIN\u00c1RIO DE PROTE\u00c7\u00c3O E DEFESA CIVIL E REUNI\u00c3O DO CONGEPDEC EM MINAS GERAIS - Corpo de Bombeiros Militar de Rond\u00f4nia","og_description":"Nos dias 26 e 28 de agosto de 2025, representantes do Corpo de Bombeiros Militar de Rond\u00f4nia participaram de importantes eventos voltados \u00e0 gest\u00e3o de desastres e prote\u00e7\u00e3o civil, promovendo&hellip;","og_url":"https:\/\/www.cbm.ro.gov.br\/?p=5874","og_site_name":"Corpo de Bombeiros Militar de Rond\u00f4nia","article_publisher":"https:\/\/www.facebook.com\/cbmro.oficial\/","article_published_time":"2025-08-29T17:20:50+00:00","article_modified_time":"2025-08-29T17:21:05+00:00","og_image":[{"width":2560,"height":1920,"url":"https:\/\/www.cbm.ro.gov.br\/wp-content\/uploads\/2025\/08\/WhatsApp-Image-2025-08-29-at-12.54.17-scaled.jpeg","type":"image\/jpeg"}],"author":"Marcos Barros","twitter_card":"summary_large_image","twitter_misc":{"Escrito por":"Marcos Barros","Est. tempo de leitura":"3 minutos"},"schema":{"@context":"https:\/\/schema.org","@graph":[{"@type":"Article","@id":"https:\/\/www.cbm.ro.gov.br\/?p=5874#article","isPartOf":{"@id":"https:\/\/www.cbm.ro.gov.br\/?p=5874"},"author":{"name":"Marcos Barros","@id":"https:\/\/www.cbm.ro.gov.br\/#\/schema\/person\/b035b7e269aef4233e9514c2751917c5"},"headline":"CBMRO PARTICIPA SEMIN\u00c1RIO DE PROTE\u00c7\u00c3O E DEFESA CIVIL E REUNI\u00c3O DO CONGEPDEC EM MINAS GERAIS","datePublished":"2025-08-29T17:20:50+00:00","dateModified":"2025-08-29T17:21:05+00:00","mainEntityOfPage":{"@id":"https:\/\/www.cbm.ro.gov.br\/?p=5874"},"wordCount":652,"publisher":{"@id":"https:\/\/www.cbm.ro.gov.br\/#organization"},"image":{"@id":"https:\/\/www.cbm.ro.gov.br\/?p=5874#primaryimage"},"thumbnailUrl":"https:\/\/www.cbm.ro.gov.br\/wp-content\/uploads\/2025\/08\/WhatsApp-Image-2025-08-29-at-12.54.17-scaled.jpeg","keywords":["CBMRO","GOVERNODERONDONIA","MINASGERAIS","SEMINARIO"],"articleSection":["CBMRO"],"inLanguage":"pt-BR"},{"@type":"WebPage","@id":"https:\/\/www.cbm.ro.gov.br\/?p=5874","url":"https:\/\/www.cbm.ro.gov.br\/?p=5874","name":"CBMRO PARTICIPA SEMIN\u00c1RIO DE PROTE\u00c7\u00c3O E DEFESA CIVIL E REUNI\u00c3O DO CONGEPDEC EM MINAS GERAIS - Corpo de Bombeiros Militar de Rond\u00f4nia","isPartOf":{"@id":"https:\/\/www.cbm.ro.gov.br\/#website"},"primaryImageOfPage":{"@id":"https:\/\/www.cbm.ro.gov.br\/?p=5874#primaryimage"},"image":{"@id":"https:\/\/www.cbm.ro.gov.br\/?p=5874#primaryimage"},"thumbnailUrl":"https:\/\/www.cbm.ro.gov.br\/wp-content\/uploads\/2025\/08\/WhatsApp-Image-2025-08-29-at-12.54.17-scaled.jpeg","datePublished":"2025-08-29T17:20:50+00:00","dateModified":"2025-08-29T17:21:05+00:00","breadcrumb":{"@id":"https:\/\/www.cbm.ro.gov.br\/?p=5874#breadcrumb"},"inLanguage":"pt-BR","potentialAction":[{"@type":"ReadAction","target":["https:\/\/www.cbm.ro.gov.br\/?p=5874"]}]},{"@type":"ImageObject","inLanguage":"pt-BR","@id":"https:\/\/www.cbm.ro.gov.br\/?p=5874#primaryimage","url":"https:\/\/www.cbm.ro.gov.br\/wp-content\/uploads\/2025\/08\/WhatsApp-Image-2025-08-29-at-12.54.17-scaled.jpeg","contentUrl":"https:\/\/www.cbm.ro.gov.br\/wp-content\/uploads\/2025\/08\/WhatsApp-Image-2025-08-29-at-12.54.17-scaled.jpeg","width":2560,"height":1920},{"@type":"BreadcrumbList","@id":"https:\/\/www.cbm.ro.gov.br\/?p=5874#breadcrumb","itemListElement":[{"@type":"ListItem","position":1,"name":"In\u00edcio","item":"https:\/\/www.cbm.ro.gov.br\/"},{"@type":"ListItem","position":2,"name":"CBMRO PARTICIPA SEMIN\u00c1RIO DE PROTE\u00c7\u00c3O E DEFESA CIVIL E REUNI\u00c3O DO CONGEPDEC EM MINAS GERAIS"}]},{"@type":"WebSite","@id":"https:\/\/www.cbm.ro.gov.br\/#website","url":"https:\/\/www.cbm.ro.gov.br\/","name":"Corpo de Bombeiros Militar de Rond\u00f4nia","description":"Vidas alheias, riquezas salvar!","publisher":{"@id":"https:\/\/www.cbm.ro.gov.br\/#organization"},"alternateName":"cbmro","potentialAction":[{"@type":"SearchAction","target":{"@type":"EntryPoint","urlTemplate":"https:\/\/www.cbm.ro.gov.br\/?s={search_term_string}"},"query-input":{"@type":"PropertyValueSpecification","valueRequired":true,"valueName":"search_term_string"}}],"inLanguage":"pt-BR"},{"@type":"Organization","@id":"https:\/\/www.cbm.ro.gov.br\/#organization","name":"Corpo de Bombeiros Militar do Estado de Rond\u00f4nia","alternateName":"CBMRO","url":"https:\/\/www.cbm.ro.gov.br\/","logo":{"@type":"ImageObject","inLanguage":"pt-BR","@id":"https:\/\/www.cbm.ro.gov.br\/#\/schema\/logo\/image\/","url":"https:\/\/www.cbm.ro.gov.br\/wp-content\/uploads\/2023\/12\/cropped-cropped-cropped-BRASO_3D_32-1-e1724344443171.png","contentUrl":"https:\/\/www.cbm.ro.gov.br\/wp-content\/uploads\/2023\/12\/cropped-cropped-cropped-BRASO_3D_32-1-e1724344443171.png","width":446,"height":441,"caption":"Corpo de Bombeiros Militar do Estado de Rond\u00f4nia"},"image":{"@id":"https:\/\/www.cbm.ro.gov.br\/#\/schema\/logo\/image\/"},"sameAs":["https:\/\/www.facebook.com\/cbmro.oficial\/","https:\/\/www.youtube.com\/c\/CorpodeBombeirosMilitardoEstadodeRond\u00f4nia"]},{"@type":"Person","@id":"https:\/\/www.cbm.ro.gov.br\/#\/schema\/person\/b035b7e269aef4233e9514c2751917c5","name":"Marcos Barros","sameAs":["http:\/\/10.210.0.90\/wp-admin\/post.php?post=2688&amp;action=edit"],"url":"https:\/\/www.cbm.ro.gov.br\/?author=5"}]}},"wpmagazine_modules_lite_featured_media_urls":{"thumbnail":["https:\/\/www.cbm.ro.gov.br\/wp-content\/uploads\/2025\/08\/WhatsApp-Image-2025-08-29-at-12.54.17-150x150.jpeg",150,150,true],"cvmm-medium":["https:\/\/www.cbm.ro.gov.br\/wp-content\/uploads\/2025\/08\/WhatsApp-Image-2025-08-29-at-12.54.17-300x300.jpeg",300,300,true],"cvmm-medium-plus":["https:\/\/www.cbm.ro.gov.br\/wp-content\/uploads\/2025\/08\/WhatsApp-Image-2025-08-29-at-12.54.17-305x207.jpeg",305,207,true],"cvmm-portrait":["https:\/\/www.cbm.ro.gov.br\/wp-content\/uploads\/2025\/08\/WhatsApp-Image-2025-08-29-at-12.54.17-400x600.jpeg",400,600,true],"cvmm-medium-square":["https:\/\/www.cbm.ro.gov.br\/wp-content\/uploads\/2025\/08\/WhatsApp-Image-2025-08-29-at-12.54.17-600x600.jpeg",600,600,true],"cvmm-large":["https:\/\/www.cbm.ro.gov.br\/wp-content\/uploads\/2025\/08\/WhatsApp-Image-2025-08-29-at-12.54.17-1024x1024.jpeg",1024,1024,true],"cvmm-small":["https:\/\/www.cbm.ro.gov.br\/wp-content\/uploads\/2025\/08\/WhatsApp-Image-2025-08-29-at-12.54.17-130x95.jpeg",130,95,true],"full":["https:\/\/www.cbm.ro.gov.br\/wp-content\/uploads\/2025\/08\/WhatsApp-Image-2025-08-29-at-12.54.17-scaled.jpeg",2560,1920,false]},"categories_names":{"1":{"name":"CBMRO","link":"https:\/\/www.cbm.ro.gov.br\/?cat=1"}},"tags_names":{"13":{"name":"CBMRO","link":"https:\/\/www.cbm.ro.gov.br\/?tag=cbmro"},"86":{"name":"GOVERNODERONDONIA","link":"https:\/\/www.cbm.ro.gov.br\/?tag=governoderondonia"},"262":{"name":"MINASGERAIS","link":"https:\/\/www.cbm.ro.gov.br\/?tag=minasgerais"},"426":{"name":"SEMINARIO","link":"https:\/\/www.cbm.ro.gov.br\/?tag=seminario-2"}},"comments_number":"0","_links":{"self":[{"href":"https:\/\/www.cbm.ro.gov.br\/index.php?rest_route=\/wp\/v2\/posts\/5874","targetHints":{"allow":["GET"]}}],"collection":[{"href":"https:\/\/www.cbm.ro.gov.br\/index.php?rest_route=\/wp\/v2\/posts"}],"about":[{"href":"https:\/\/www.cbm.ro.gov.br\/index.php?rest_route=\/wp\/v2\/types\/post"}],"author":[{"embeddable":true,"href":"https:\/\/www.cbm.ro.gov.br\/index.php?rest_route=\/wp\/v2\/users\/5"}],"replies":[{"embeddable":true,"href":"https:\/\/www.cbm.ro.gov.br\/index.php?rest_route=%2Fwp%2Fv2%2Fcomments&post=5874"}],"version-history":[{"count":1,"href":"https:\/\/www.cbm.ro.gov.br\/index.php?rest_route=\/wp\/v2\/posts\/5874\/revisions"}],"predecessor-version":[{"id":5878,"href":"https:\/\/www.cbm.ro.gov.br\/index.php?rest_route=\/wp\/v2\/posts\/5874\/revisions\/5878"}],"wp:featuredmedia":[{"embeddable":true,"href":"https:\/\/www.cbm.ro.gov.br\/index.php?rest_route=\/wp\/v2\/media\/5877"}],"wp:attachment":[{"href":"https:\/\/www.cbm.ro.gov.br\/index.php?rest_route=%2Fwp%2Fv2%2Fmedia&parent=5874"}],"wp:term":[{"taxonomy":"category","embeddable":true,"href":"https:\/\/www.cbm.ro.gov.br\/index.php?rest_route=%2Fwp%2Fv2%2Fcategories&post=5874"},{"taxonomy":"post_tag","embeddable":true,"href":"https:\/\/www.cbm.ro.gov.br\/index.php?rest_route=%2Fwp%2Fv2%2Ftags&post=5874"}],"curies":[{"name":"wp","href":"https:\/\/api.w.org\/{rel}","templated":true}]}}