{"id":5635,"date":"2025-08-26T11:25:30","date_gmt":"2025-08-26T15:25:30","guid":{"rendered":"https:\/\/www.cbm.ro.gov.br\/?p=5635"},"modified":"2025-08-26T11:25:31","modified_gmt":"2025-08-26T15:25:31","slug":"cbmro-e-pmro-celebram-o-dia-do-soldado-em-solenidade-conjunta-em-reconhecimento-a-carreira-militar","status":"publish","type":"post","link":"https:\/\/www.cbm.ro.gov.br\/?p=5635","title":{"rendered":"CBMRO e PMRO celebram o Dia do Soldado em solenidade conjunta em reconhecimento \u00e0 carreira Militar"},"content":{"rendered":"\n<p class=\"has-black-color has-text-color has-link-color wp-elements-7d6178904944837a1dd19a4a5f48d595\">O Governo de Rond\u00f4nia, por meio da Secretaria de Estado da Seguran\u00e7a, Defesa e Cidadania (Sesdec), realizou nesta segunda-feira (25), em Porto Velho, uma solenidade alusiva ao Dia do Soldado, comemorado em 25 de agosto. O evento reuniu o Corpo de Bombeiros Militar de Rond\u00f4nia (CBMRO) e a Pol\u00edcia Militar de Rond\u00f4nia (PMRO) em um ato de reconhecimento aos militares que diariamente dedicam suas vidas \u00e0 prote\u00e7\u00e3o da sociedade.<\/p>\n\n\n<div class=\"wp-block-image\">\n<figure class=\"aligncenter size-large is-resized\"><img fetchpriority=\"high\" decoding=\"async\" width=\"2560\" height=\"1707\" src=\"https:\/\/www.cbm.ro.gov.br\/wp-content\/uploads\/2025\/08\/BMs-Bandeira-edited-scaled.jpg\" alt=\"\" class=\"wp-image-5658\" style=\"width:609px;height:auto\" srcset=\"https:\/\/www.cbm.ro.gov.br\/wp-content\/uploads\/2025\/08\/BMs-Bandeira-edited-scaled.jpg 2560w, https:\/\/www.cbm.ro.gov.br\/wp-content\/uploads\/2025\/08\/BMs-Bandeira-edited-300x200.jpg 300w, https:\/\/www.cbm.ro.gov.br\/wp-content\/uploads\/2025\/08\/BMs-Bandeira-edited-1024x683.jpg 1024w, https:\/\/www.cbm.ro.gov.br\/wp-content\/uploads\/2025\/08\/BMs-Bandeira-edited-768x512.jpg 768w, https:\/\/www.cbm.ro.gov.br\/wp-content\/uploads\/2025\/08\/BMs-Bandeira-edited-1536x1024.jpg 1536w, https:\/\/www.cbm.ro.gov.br\/wp-content\/uploads\/2025\/08\/BMs-Bandeira-edited-2048x1365.jpg 2048w\" sizes=\"(max-width: 2560px) 100vw, 2560px\" \/><\/figure><\/div>\n\n\n<div style=\"height:30px\" aria-hidden=\"true\" class=\"wp-block-spacer\"><\/div>\n\n\n\n<p class=\"has-black-color has-text-color has-link-color wp-elements-4c47ceeec0672e6a44712400f09c2a43\">Na ocasi\u00e3o, cerca de 670 oficiais e pra\u00e7as foram promovidos entre as duas corpora\u00e7\u00f5es. Do CBMRO, nove oficiais ascenderam na carreira, enquanto na PMRO foram promovidos um oficial e 31 pra\u00e7as. Al\u00e9m disso, militares das duas for\u00e7as receberam condecora\u00e7\u00f5es de destaque, como as Medalhas de Tempo de Servi\u00e7o (35, 30, 20 e 10 anos), Defesa Civil, M\u00e9rito de Bravura, Amigo do Bombeiro, Imperador Dom Pedro II, M\u00e9rito Cultural da PM, entre outras. Tamb\u00e9m foi momento de despedida de bombeiros e policiais militares que, ap\u00f3s anos de servi\u00e7os prestados, passaram a integrar a reserva remunerada.<\/p>\n\n\n<div class=\"wp-block-image\">\n<figure class=\"aligncenter size-large is-resized\"><img decoding=\"async\" width=\"1024\" height=\"683\" src=\"https:\/\/www.cbm.ro.gov.br\/wp-content\/uploads\/2025\/08\/bOMBEIRO-MIRIM-1024x683.jpg\" alt=\"\" class=\"wp-image-5626\" style=\"width:609px;height:auto\" srcset=\"https:\/\/www.cbm.ro.gov.br\/wp-content\/uploads\/2025\/08\/bOMBEIRO-MIRIM-1024x683.jpg 1024w, https:\/\/www.cbm.ro.gov.br\/wp-content\/uploads\/2025\/08\/bOMBEIRO-MIRIM-300x200.jpg 300w, https:\/\/www.cbm.ro.gov.br\/wp-content\/uploads\/2025\/08\/bOMBEIRO-MIRIM-768x512.jpg 768w, https:\/\/www.cbm.ro.gov.br\/wp-content\/uploads\/2025\/08\/bOMBEIRO-MIRIM-1536x1024.jpg 1536w, https:\/\/www.cbm.ro.gov.br\/wp-content\/uploads\/2025\/08\/bOMBEIRO-MIRIM-2048x1365.jpg 2048w\" sizes=\"(max-width: 1024px) 100vw, 1024px\" \/><\/figure><\/div>\n\n\n<div style=\"height:30px\" aria-hidden=\"true\" class=\"wp-block-spacer\"><\/div>\n\n\n\n<p class=\"has-black-color has-text-color has-link-color wp-elements-d7852176b303734174cfce2b3c6e8606\">O governador de Rond\u00f4nia, Marcos Rocha, enalteceu o valor dos militares das duas for\u00e7as e destacou os investimentos do Estado. \u201c\u00c9 uma honra fazer parte deste grupo de soldados. A valoriza\u00e7\u00e3o salarial por meio das promo\u00e7\u00f5es, aliada aos investimentos em estrutura f\u00edsica e na aquisi\u00e7\u00e3o de equipamentos, reflete o compromisso do governo em fortalecer a atua\u00e7\u00e3o de policiais e bombeiros\u201d, ressaltou.<\/p>\n\n\n<div class=\"wp-block-image\">\n<figure class=\"aligncenter size-large is-resized\"><img decoding=\"async\" width=\"1024\" height=\"683\" src=\"https:\/\/www.cbm.ro.gov.br\/wp-content\/uploads\/2025\/08\/gov-cel-marcos-rocha-1024x683.jpg\" alt=\"\" class=\"wp-image-5625\" style=\"width:609px;height:auto\" srcset=\"https:\/\/www.cbm.ro.gov.br\/wp-content\/uploads\/2025\/08\/gov-cel-marcos-rocha-1024x683.jpg 1024w, https:\/\/www.cbm.ro.gov.br\/wp-content\/uploads\/2025\/08\/gov-cel-marcos-rocha-300x200.jpg 300w, https:\/\/www.cbm.ro.gov.br\/wp-content\/uploads\/2025\/08\/gov-cel-marcos-rocha-768x512.jpg 768w, https:\/\/www.cbm.ro.gov.br\/wp-content\/uploads\/2025\/08\/gov-cel-marcos-rocha-1536x1024.jpg 1536w, https:\/\/www.cbm.ro.gov.br\/wp-content\/uploads\/2025\/08\/gov-cel-marcos-rocha-2048x1365.jpg 2048w\" sizes=\"(max-width: 1024px) 100vw, 1024px\" \/><\/figure><\/div>\n\n\n<div style=\"height:30px\" aria-hidden=\"true\" class=\"wp-block-spacer\"><\/div>\n\n\n\n<p class=\"has-black-color has-text-color has-link-color wp-elements-40026585cf7924553e0e1bd919b2ab28\">O comandante-geral do CBMRO, coronel BM Nivaldo de Azevedo, frisou a import\u00e2ncia dos avan\u00e7os estruturais em andamento na corpora\u00e7\u00e3o. \u201cHoje contamos com cerca de 21 obras em andamento no Corpo de Bombeiros, al\u00e9m de uma piscina especial para treinamentos operacionais. Isso representa melhores condi\u00e7\u00f5es de trabalho aos bombeiros militares, o que se traduz em servi\u00e7os de mais qualidade para a popula\u00e7\u00e3o\u201d, afirmou.<\/p>\n\n\n<div class=\"wp-block-image\">\n<figure class=\"aligncenter size-large is-resized\"><img loading=\"lazy\" decoding=\"async\" width=\"1024\" height=\"683\" src=\"https:\/\/www.cbm.ro.gov.br\/wp-content\/uploads\/2025\/08\/CEL-NIVALDO-1024x683.jpg\" alt=\"\" class=\"wp-image-5628\" style=\"width:609px;height:auto\" srcset=\"https:\/\/www.cbm.ro.gov.br\/wp-content\/uploads\/2025\/08\/CEL-NIVALDO-1024x683.jpg 1024w, https:\/\/www.cbm.ro.gov.br\/wp-content\/uploads\/2025\/08\/CEL-NIVALDO-300x200.jpg 300w, https:\/\/www.cbm.ro.gov.br\/wp-content\/uploads\/2025\/08\/CEL-NIVALDO-768x512.jpg 768w, https:\/\/www.cbm.ro.gov.br\/wp-content\/uploads\/2025\/08\/CEL-NIVALDO-1536x1024.jpg 1536w, https:\/\/www.cbm.ro.gov.br\/wp-content\/uploads\/2025\/08\/CEL-NIVALDO-2048x1365.jpg 2048w\" sizes=\"(max-width: 1024px) 100vw, 1024px\" \/><\/figure><\/div>\n\n\n<div style=\"height:30px\" aria-hidden=\"true\" class=\"wp-block-spacer\"><\/div>\n\n\n\n<p class=\"has-black-color has-text-color has-link-color wp-elements-981df19310bfe763c5365f6a1315e56d\">O secret\u00e1rio da SESDEC, Felipe Vital, tamb\u00e9m destacou a dedica\u00e7\u00e3o dos militares rondonienses. \u201cS\u00e3o homens e mulheres que se entregam dia e noite em prol da sociedade. Este dia \u00e9 dedicado a todos eles, verdadeiros pilares da seguran\u00e7a e da cidadania\u201d, disse.<\/p>\n\n\n<div class=\"wp-block-image\">\n<figure class=\"aligncenter size-large is-resized\"><img loading=\"lazy\" decoding=\"async\" width=\"1024\" height=\"683\" src=\"https:\/\/www.cbm.ro.gov.br\/wp-content\/uploads\/2025\/08\/CEL-VITAL-1024x683.jpg\" alt=\"\" class=\"wp-image-5627\" style=\"width:609px;height:auto\" srcset=\"https:\/\/www.cbm.ro.gov.br\/wp-content\/uploads\/2025\/08\/CEL-VITAL-1024x683.jpg 1024w, https:\/\/www.cbm.ro.gov.br\/wp-content\/uploads\/2025\/08\/CEL-VITAL-300x200.jpg 300w, https:\/\/www.cbm.ro.gov.br\/wp-content\/uploads\/2025\/08\/CEL-VITAL-768x512.jpg 768w, https:\/\/www.cbm.ro.gov.br\/wp-content\/uploads\/2025\/08\/CEL-VITAL-1536x1024.jpg 1536w, https:\/\/www.cbm.ro.gov.br\/wp-content\/uploads\/2025\/08\/CEL-VITAL-2048x1365.jpg 2048w\" sizes=\"(max-width: 1024px) 100vw, 1024px\" \/><\/figure><\/div>\n\n\n<div style=\"height:30px\" aria-hidden=\"true\" class=\"wp-block-spacer\"><\/div>\n\n\n\n<p class=\"has-black-color has-text-color has-link-color wp-elements-ef6d6a184e425fa4a9bd9240f01beff1\">J\u00e1 o subcomandante-geral da PM, coronel PM Glauber Souto, ressaltou o impacto das promo\u00e7\u00f5es na tropa. \u201cCada ascens\u00e3o gera motiva\u00e7\u00e3o e efici\u00eancia, fortalecendo a Pol\u00edcia Militar e incentivando nossos soldados a darem o seu melhor\u201d, destacou.<\/p>\n\n\n\n<p class=\"has-black-color has-text-color has-link-color wp-elements-b20a65b5f2d787cc0db9b667b20faa74\">A solenidade refor\u00e7ou a uni\u00e3o das for\u00e7as de seguran\u00e7a e os valores de disciplina, dedica\u00e7\u00e3o e compromisso com a popula\u00e7\u00e3o. O evento marcou a hist\u00f3ria de bombeiros e policiais militares que, por meio de suas promo\u00e7\u00f5es e condecora\u00e7\u00f5es, tiveram seu esfor\u00e7o reconhecido e sua trajet\u00f3ria valorizada.<\/p>\n\n\n\n<p class=\"has-text-align-center has-vivid-red-color has-text-color has-link-color has-medium-font-size wp-elements-937c72e03fd92cbc53a6f2a3f59035b5\"><a href=\"https:\/\/www.cbm.ro.gov.br\/?evento=galeria-dia-do-soldado-2025\"><strong>CLIQUE AQUI PARA CONFERIR OS REGISTROS DO EVENTO<\/strong><\/a><\/p>\n","protected":false},"excerpt":{"rendered":"<p>O Governo de Rond\u00f4nia, por meio da Secretaria de Estado da Seguran\u00e7a, Defesa e Cidadania (Sesdec), realizou nesta segunda-feira (25), em Porto Velho, uma solenidade alusiva ao Dia do Soldado,&hellip;<\/p>\n","protected":false},"author":3,"featured_media":5630,"comment_status":"closed","ping_status":"open","sticky":false,"template":"","format":"standard","meta":{"footnotes":""},"categories":[1],"tags":[13,424,15,86,425],"class_list":["post-5635","post","type-post","status-publish","format-standard","has-post-thumbnail","hentry","category-cbmro","tag-cbmro","tag-dia-do-soldado","tag-evento","tag-governoderondonia","tag-pmro"],"yoast_head":"<!-- This site is optimized with the Yoast SEO plugin v23.7 - https:\/\/yoast.com\/wordpress\/plugins\/seo\/ -->\n<title>CBMRO e PMRO celebram o Dia do Soldado em solenidade conjunta em reconhecimento \u00e0 carreira Militar - Corpo de Bombeiros Militar de Rond\u00f4nia<\/title>\n<meta name=\"robots\" content=\"index, follow, max-snippet:-1, max-image-preview:large, max-video-preview:-1\" \/>\n<link rel=\"canonical\" href=\"https:\/\/www.cbm.ro.gov.br\/?p=5635\" \/>\n<meta property=\"og:locale\" content=\"pt_BR\" \/>\n<meta property=\"og:type\" content=\"article\" \/>\n<meta property=\"og:title\" content=\"CBMRO e PMRO celebram o Dia do Soldado em solenidade conjunta em reconhecimento \u00e0 carreira Militar - Corpo de Bombeiros Militar de Rond\u00f4nia\" \/>\n<meta property=\"og:description\" content=\"O Governo de Rond\u00f4nia, por meio da Secretaria de Estado da Seguran\u00e7a, Defesa e Cidadania (Sesdec), realizou nesta segunda-feira (25), em Porto Velho, uma solenidade alusiva ao Dia do Soldado,&hellip;\" \/>\n<meta property=\"og:url\" content=\"https:\/\/www.cbm.ro.gov.br\/?p=5635\" \/>\n<meta property=\"og:site_name\" content=\"Corpo de Bombeiros Militar de Rond\u00f4nia\" \/>\n<meta property=\"article:publisher\" content=\"https:\/\/www.facebook.com\/cbmro.oficial\/\" \/>\n<meta property=\"article:published_time\" content=\"2025-08-26T15:25:30+00:00\" \/>\n<meta property=\"article:modified_time\" content=\"2025-08-26T15:25:31+00:00\" \/>\n<meta property=\"og:image\" content=\"https:\/\/www.cbm.ro.gov.br\/wp-content\/uploads\/2025\/08\/Dia-do-soldado-CAPA-scaled-e1756218103630.jpg\" \/>\n\t<meta property=\"og:image:width\" content=\"2560\" \/>\n\t<meta property=\"og:image:height\" content=\"1442\" \/>\n\t<meta property=\"og:image:type\" content=\"image\/jpeg\" \/>\n<meta name=\"author\" content=\"Diovana Castellon\" \/>\n<meta name=\"twitter:card\" content=\"summary_large_image\" \/>\n<meta name=\"twitter:label1\" content=\"Escrito por\" \/>\n\t<meta name=\"twitter:data1\" content=\"Diovana Castellon\" \/>\n\t<meta name=\"twitter:label2\" content=\"Est. tempo de leitura\" \/>\n\t<meta name=\"twitter:data2\" content=\"2 minutos\" \/>\n<script type=\"application\/ld+json\" class=\"yoast-schema-graph\">{\"@context\":\"https:\/\/schema.org\",\"@graph\":[{\"@type\":\"Article\",\"@id\":\"https:\/\/www.cbm.ro.gov.br\/?p=5635#article\",\"isPartOf\":{\"@id\":\"https:\/\/www.cbm.ro.gov.br\/?p=5635\"},\"author\":{\"name\":\"Diovana Castellon\",\"@id\":\"https:\/\/www.cbm.ro.gov.br\/#\/schema\/person\/8e7b7a65b9962de993d36cb5fca8412f\"},\"headline\":\"CBMRO e PMRO celebram o Dia do Soldado em solenidade conjunta em reconhecimento \u00e0 carreira Militar\",\"datePublished\":\"2025-08-26T15:25:30+00:00\",\"dateModified\":\"2025-08-26T15:25:31+00:00\",\"mainEntityOfPage\":{\"@id\":\"https:\/\/www.cbm.ro.gov.br\/?p=5635\"},\"wordCount\":475,\"publisher\":{\"@id\":\"https:\/\/www.cbm.ro.gov.br\/#organization\"},\"image\":{\"@id\":\"https:\/\/www.cbm.ro.gov.br\/?p=5635#primaryimage\"},\"thumbnailUrl\":\"https:\/\/www.cbm.ro.gov.br\/wp-content\/uploads\/2025\/08\/Dia-do-soldado-CAPA-scaled-e1756218103630.jpg\",\"keywords\":[\"CBMRO\",\"DIA DO SOLDADO\",\"Evento\",\"GOVERNODERONDONIA\",\"PMRO\"],\"articleSection\":[\"CBMRO\"],\"inLanguage\":\"pt-BR\"},{\"@type\":\"WebPage\",\"@id\":\"https:\/\/www.cbm.ro.gov.br\/?p=5635\",\"url\":\"https:\/\/www.cbm.ro.gov.br\/?p=5635\",\"name\":\"CBMRO e PMRO celebram o Dia do Soldado em solenidade conjunta em reconhecimento \u00e0 carreira Militar - Corpo de Bombeiros Militar de Rond\u00f4nia\",\"isPartOf\":{\"@id\":\"https:\/\/www.cbm.ro.gov.br\/#website\"},\"primaryImageOfPage\":{\"@id\":\"https:\/\/www.cbm.ro.gov.br\/?p=5635#primaryimage\"},\"image\":{\"@id\":\"https:\/\/www.cbm.ro.gov.br\/?p=5635#primaryimage\"},\"thumbnailUrl\":\"https:\/\/www.cbm.ro.gov.br\/wp-content\/uploads\/2025\/08\/Dia-do-soldado-CAPA-scaled-e1756218103630.jpg\",\"datePublished\":\"2025-08-26T15:25:30+00:00\",\"dateModified\":\"2025-08-26T15:25:31+00:00\",\"breadcrumb\":{\"@id\":\"https:\/\/www.cbm.ro.gov.br\/?p=5635#breadcrumb\"},\"inLanguage\":\"pt-BR\",\"potentialAction\":[{\"@type\":\"ReadAction\",\"target\":[\"https:\/\/www.cbm.ro.gov.br\/?p=5635\"]}]},{\"@type\":\"ImageObject\",\"inLanguage\":\"pt-BR\",\"@id\":\"https:\/\/www.cbm.ro.gov.br\/?p=5635#primaryimage\",\"url\":\"https:\/\/www.cbm.ro.gov.br\/wp-content\/uploads\/2025\/08\/Dia-do-soldado-CAPA-scaled-e1756218103630.jpg\",\"contentUrl\":\"https:\/\/www.cbm.ro.gov.br\/wp-content\/uploads\/2025\/08\/Dia-do-soldado-CAPA-scaled-e1756218103630.jpg\",\"width\":2560,\"height\":1442},{\"@type\":\"BreadcrumbList\",\"@id\":\"https:\/\/www.cbm.ro.gov.br\/?p=5635#breadcrumb\",\"itemListElement\":[{\"@type\":\"ListItem\",\"position\":1,\"name\":\"In\u00edcio\",\"item\":\"https:\/\/www.cbm.ro.gov.br\/\"},{\"@type\":\"ListItem\",\"position\":2,\"name\":\"CBMRO e PMRO celebram o Dia do Soldado em solenidade conjunta em reconhecimento \u00e0 carreira Militar\"}]},{\"@type\":\"WebSite\",\"@id\":\"https:\/\/www.cbm.ro.gov.br\/#website\",\"url\":\"https:\/\/www.cbm.ro.gov.br\/\",\"name\":\"Corpo de Bombeiros Militar de Rond\u00f4nia\",\"description\":\"Vidas alheias, riquezas salvar!\",\"publisher\":{\"@id\":\"https:\/\/www.cbm.ro.gov.br\/#organization\"},\"alternateName\":\"cbmro\",\"potentialAction\":[{\"@type\":\"SearchAction\",\"target\":{\"@type\":\"EntryPoint\",\"urlTemplate\":\"https:\/\/www.cbm.ro.gov.br\/?s={search_term_string}\"},\"query-input\":{\"@type\":\"PropertyValueSpecification\",\"valueRequired\":true,\"valueName\":\"search_term_string\"}}],\"inLanguage\":\"pt-BR\"},{\"@type\":\"Organization\",\"@id\":\"https:\/\/www.cbm.ro.gov.br\/#organization\",\"name\":\"Corpo de Bombeiros Militar do Estado de Rond\u00f4nia\",\"alternateName\":\"CBMRO\",\"url\":\"https:\/\/www.cbm.ro.gov.br\/\",\"logo\":{\"@type\":\"ImageObject\",\"inLanguage\":\"pt-BR\",\"@id\":\"https:\/\/www.cbm.ro.gov.br\/#\/schema\/logo\/image\/\",\"url\":\"https:\/\/www.cbm.ro.gov.br\/wp-content\/uploads\/2023\/12\/cropped-cropped-cropped-BRASO_3D_32-1-e1724344443171.png\",\"contentUrl\":\"https:\/\/www.cbm.ro.gov.br\/wp-content\/uploads\/2023\/12\/cropped-cropped-cropped-BRASO_3D_32-1-e1724344443171.png\",\"width\":446,\"height\":441,\"caption\":\"Corpo de Bombeiros Militar do Estado de Rond\u00f4nia\"},\"image\":{\"@id\":\"https:\/\/www.cbm.ro.gov.br\/#\/schema\/logo\/image\/\"},\"sameAs\":[\"https:\/\/www.facebook.com\/cbmro.oficial\/\",\"https:\/\/www.youtube.com\/c\/CorpodeBombeirosMilitardoEstadodeRond\u00f4nia\"]},{\"@type\":\"Person\",\"@id\":\"https:\/\/www.cbm.ro.gov.br\/#\/schema\/person\/8e7b7a65b9962de993d36cb5fca8412f\",\"name\":\"Diovana Castellon\",\"url\":\"https:\/\/www.cbm.ro.gov.br\/?author=3\"}]}<\/script>\n<!-- \/ Yoast SEO plugin. -->","yoast_head_json":{"title":"CBMRO e PMRO celebram o Dia do Soldado em solenidade conjunta em reconhecimento \u00e0 carreira Militar - Corpo de Bombeiros Militar de Rond\u00f4nia","robots":{"index":"index","follow":"follow","max-snippet":"max-snippet:-1","max-image-preview":"max-image-preview:large","max-video-preview":"max-video-preview:-1"},"canonical":"https:\/\/www.cbm.ro.gov.br\/?p=5635","og_locale":"pt_BR","og_type":"article","og_title":"CBMRO e PMRO celebram o Dia do Soldado em solenidade conjunta em reconhecimento \u00e0 carreira Militar - Corpo de Bombeiros Militar de Rond\u00f4nia","og_description":"O Governo de Rond\u00f4nia, por meio da Secretaria de Estado da Seguran\u00e7a, Defesa e Cidadania (Sesdec), realizou nesta segunda-feira (25), em Porto Velho, uma solenidade alusiva ao Dia do Soldado,&hellip;","og_url":"https:\/\/www.cbm.ro.gov.br\/?p=5635","og_site_name":"Corpo de Bombeiros Militar de Rond\u00f4nia","article_publisher":"https:\/\/www.facebook.com\/cbmro.oficial\/","article_published_time":"2025-08-26T15:25:30+00:00","article_modified_time":"2025-08-26T15:25:31+00:00","og_image":[{"width":2560,"height":1442,"url":"https:\/\/www.cbm.ro.gov.br\/wp-content\/uploads\/2025\/08\/Dia-do-soldado-CAPA-scaled-e1756218103630.jpg","type":"image\/jpeg"}],"author":"Diovana Castellon","twitter_card":"summary_large_image","twitter_misc":{"Escrito por":"Diovana Castellon","Est. tempo de leitura":"2 minutos"},"schema":{"@context":"https:\/\/schema.org","@graph":[{"@type":"Article","@id":"https:\/\/www.cbm.ro.gov.br\/?p=5635#article","isPartOf":{"@id":"https:\/\/www.cbm.ro.gov.br\/?p=5635"},"author":{"name":"Diovana Castellon","@id":"https:\/\/www.cbm.ro.gov.br\/#\/schema\/person\/8e7b7a65b9962de993d36cb5fca8412f"},"headline":"CBMRO e PMRO celebram o Dia do Soldado em solenidade conjunta em reconhecimento \u00e0 carreira Militar","datePublished":"2025-08-26T15:25:30+00:00","dateModified":"2025-08-26T15:25:31+00:00","mainEntityOfPage":{"@id":"https:\/\/www.cbm.ro.gov.br\/?p=5635"},"wordCount":475,"publisher":{"@id":"https:\/\/www.cbm.ro.gov.br\/#organization"},"image":{"@id":"https:\/\/www.cbm.ro.gov.br\/?p=5635#primaryimage"},"thumbnailUrl":"https:\/\/www.cbm.ro.gov.br\/wp-content\/uploads\/2025\/08\/Dia-do-soldado-CAPA-scaled-e1756218103630.jpg","keywords":["CBMRO","DIA DO SOLDADO","Evento","GOVERNODERONDONIA","PMRO"],"articleSection":["CBMRO"],"inLanguage":"pt-BR"},{"@type":"WebPage","@id":"https:\/\/www.cbm.ro.gov.br\/?p=5635","url":"https:\/\/www.cbm.ro.gov.br\/?p=5635","name":"CBMRO e PMRO celebram o Dia do Soldado em solenidade conjunta em reconhecimento \u00e0 carreira Militar - Corpo de Bombeiros Militar de Rond\u00f4nia","isPartOf":{"@id":"https:\/\/www.cbm.ro.gov.br\/#website"},"primaryImageOfPage":{"@id":"https:\/\/www.cbm.ro.gov.br\/?p=5635#primaryimage"},"image":{"@id":"https:\/\/www.cbm.ro.gov.br\/?p=5635#primaryimage"},"thumbnailUrl":"https:\/\/www.cbm.ro.gov.br\/wp-content\/uploads\/2025\/08\/Dia-do-soldado-CAPA-scaled-e1756218103630.jpg","datePublished":"2025-08-26T15:25:30+00:00","dateModified":"2025-08-26T15:25:31+00:00","breadcrumb":{"@id":"https:\/\/www.cbm.ro.gov.br\/?p=5635#breadcrumb"},"inLanguage":"pt-BR","potentialAction":[{"@type":"ReadAction","target":["https:\/\/www.cbm.ro.gov.br\/?p=5635"]}]},{"@type":"ImageObject","inLanguage":"pt-BR","@id":"https:\/\/www.cbm.ro.gov.br\/?p=5635#primaryimage","url":"https:\/\/www.cbm.ro.gov.br\/wp-content\/uploads\/2025\/08\/Dia-do-soldado-CAPA-scaled-e1756218103630.jpg","contentUrl":"https:\/\/www.cbm.ro.gov.br\/wp-content\/uploads\/2025\/08\/Dia-do-soldado-CAPA-scaled-e1756218103630.jpg","width":2560,"height":1442},{"@type":"BreadcrumbList","@id":"https:\/\/www.cbm.ro.gov.br\/?p=5635#breadcrumb","itemListElement":[{"@type":"ListItem","position":1,"name":"In\u00edcio","item":"https:\/\/www.cbm.ro.gov.br\/"},{"@type":"ListItem","position":2,"name":"CBMRO e PMRO celebram o Dia do Soldado em solenidade conjunta em reconhecimento \u00e0 carreira Militar"}]},{"@type":"WebSite","@id":"https:\/\/www.cbm.ro.gov.br\/#website","url":"https:\/\/www.cbm.ro.gov.br\/","name":"Corpo de Bombeiros Militar de Rond\u00f4nia","description":"Vidas alheias, riquezas salvar!","publisher":{"@id":"https:\/\/www.cbm.ro.gov.br\/#organization"},"alternateName":"cbmro","potentialAction":[{"@type":"SearchAction","target":{"@type":"EntryPoint","urlTemplate":"https:\/\/www.cbm.ro.gov.br\/?s={search_term_string}"},"query-input":{"@type":"PropertyValueSpecification","valueRequired":true,"valueName":"search_term_string"}}],"inLanguage":"pt-BR"},{"@type":"Organization","@id":"https:\/\/www.cbm.ro.gov.br\/#organization","name":"Corpo de Bombeiros Militar do Estado de Rond\u00f4nia","alternateName":"CBMRO","url":"https:\/\/www.cbm.ro.gov.br\/","logo":{"@type":"ImageObject","inLanguage":"pt-BR","@id":"https:\/\/www.cbm.ro.gov.br\/#\/schema\/logo\/image\/","url":"https:\/\/www.cbm.ro.gov.br\/wp-content\/uploads\/2023\/12\/cropped-cropped-cropped-BRASO_3D_32-1-e1724344443171.png","contentUrl":"https:\/\/www.cbm.ro.gov.br\/wp-content\/uploads\/2023\/12\/cropped-cropped-cropped-BRASO_3D_32-1-e1724344443171.png","width":446,"height":441,"caption":"Corpo de Bombeiros Militar do Estado de Rond\u00f4nia"},"image":{"@id":"https:\/\/www.cbm.ro.gov.br\/#\/schema\/logo\/image\/"},"sameAs":["https:\/\/www.facebook.com\/cbmro.oficial\/","https:\/\/www.youtube.com\/c\/CorpodeBombeirosMilitardoEstadodeRond\u00f4nia"]},{"@type":"Person","@id":"https:\/\/www.cbm.ro.gov.br\/#\/schema\/person\/8e7b7a65b9962de993d36cb5fca8412f","name":"Diovana Castellon","url":"https:\/\/www.cbm.ro.gov.br\/?author=3"}]}},"wpmagazine_modules_lite_featured_media_urls":{"thumbnail":["https:\/\/www.cbm.ro.gov.br\/wp-content\/uploads\/2025\/08\/Dia-do-soldado-CAPA-scaled-e1756218103630-150x150.jpg",150,150,true],"cvmm-medium":["https:\/\/www.cbm.ro.gov.br\/wp-content\/uploads\/2025\/08\/Dia-do-soldado-CAPA-scaled-e1756218103630-300x300.jpg",300,300,true],"cvmm-medium-plus":["https:\/\/www.cbm.ro.gov.br\/wp-content\/uploads\/2025\/08\/Dia-do-soldado-CAPA-scaled-e1756218103630-305x207.jpg",305,207,true],"cvmm-portrait":["https:\/\/www.cbm.ro.gov.br\/wp-content\/uploads\/2025\/08\/Dia-do-soldado-CAPA-scaled-e1756218103630-400x600.jpg",400,600,true],"cvmm-medium-square":["https:\/\/www.cbm.ro.gov.br\/wp-content\/uploads\/2025\/08\/Dia-do-soldado-CAPA-scaled-e1756218103630-600x600.jpg",600,600,true],"cvmm-large":["https:\/\/www.cbm.ro.gov.br\/wp-content\/uploads\/2025\/08\/Dia-do-soldado-CAPA-scaled-e1756218103630-1024x1024.jpg",1024,1024,true],"cvmm-small":["https:\/\/www.cbm.ro.gov.br\/wp-content\/uploads\/2025\/08\/Dia-do-soldado-CAPA-scaled-e1756218103630-130x95.jpg",130,95,true],"full":["https:\/\/www.cbm.ro.gov.br\/wp-content\/uploads\/2025\/08\/Dia-do-soldado-CAPA-scaled-e1756218103630.jpg",2560,1442,false]},"categories_names":{"1":{"name":"CBMRO","link":"https:\/\/www.cbm.ro.gov.br\/?cat=1"}},"tags_names":{"13":{"name":"CBMRO","link":"https:\/\/www.cbm.ro.gov.br\/?tag=cbmro"},"424":{"name":"DIA DO SOLDADO","link":"https:\/\/www.cbm.ro.gov.br\/?tag=dia-do-soldado"},"15":{"name":"Evento","link":"https:\/\/www.cbm.ro.gov.br\/?tag=evento"},"86":{"name":"GOVERNODERONDONIA","link":"https:\/\/www.cbm.ro.gov.br\/?tag=governoderondonia"},"425":{"name":"PMRO","link":"https:\/\/www.cbm.ro.gov.br\/?tag=pmro"}},"comments_number":"0","_links":{"self":[{"href":"https:\/\/www.cbm.ro.gov.br\/index.php?rest_route=\/wp\/v2\/posts\/5635","targetHints":{"allow":["GET"]}}],"collection":[{"href":"https:\/\/www.cbm.ro.gov.br\/index.php?rest_route=\/wp\/v2\/posts"}],"about":[{"href":"https:\/\/www.cbm.ro.gov.br\/index.php?rest_route=\/wp\/v2\/types\/post"}],"author":[{"embeddable":true,"href":"https:\/\/www.cbm.ro.gov.br\/index.php?rest_route=\/wp\/v2\/users\/3"}],"replies":[{"embeddable":true,"href":"https:\/\/www.cbm.ro.gov.br\/index.php?rest_route=%2Fwp%2Fv2%2Fcomments&post=5635"}],"version-history":[{"count":4,"href":"https:\/\/www.cbm.ro.gov.br\/index.php?rest_route=\/wp\/v2\/posts\/5635\/revisions"}],"predecessor-version":[{"id":5857,"href":"https:\/\/www.cbm.ro.gov.br\/index.php?rest_route=\/wp\/v2\/posts\/5635\/revisions\/5857"}],"wp:featuredmedia":[{"embeddable":true,"href":"https:\/\/www.cbm.ro.gov.br\/index.php?rest_route=\/wp\/v2\/media\/5630"}],"wp:attachment":[{"href":"https:\/\/www.cbm.ro.gov.br\/index.php?rest_route=%2Fwp%2Fv2%2Fmedia&parent=5635"}],"wp:term":[{"taxonomy":"category","embeddable":true,"href":"https:\/\/www.cbm.ro.gov.br\/index.php?rest_route=%2Fwp%2Fv2%2Fcategories&post=5635"},{"taxonomy":"post_tag","embeddable":true,"href":"https:\/\/www.cbm.ro.gov.br\/index.php?rest_route=%2Fwp%2Fv2%2Ftags&post=5635"}],"curies":[{"name":"wp","href":"https:\/\/api.w.org\/{rel}","templated":true}]}}