{"id":5614,"date":"2025-08-25T20:15:41","date_gmt":"2025-08-26T00:15:41","guid":{"rendered":"https:\/\/www.cbm.ro.gov.br\/?p=5614"},"modified":"2025-08-25T20:15:42","modified_gmt":"2025-08-26T00:15:42","slug":"cbmro-edital-de-convocacao-para-a-capacitacao-dos-agentes-temporarios-ambientais-e-divulgacao-do-resultado-da-analise-dos-documentos-obrigatorios-para-a-assinatura-de-contrato-de-trabalho-dos-agentes","status":"publish","type":"post","link":"https:\/\/www.cbm.ro.gov.br\/?p=5614","title":{"rendered":"CBMRO EDITAL DE CONVOCA\u00c7\u00c3O PARA A CAPACITA\u00c7\u00c3O DOS AGENTES TEMPOR\u00c1RIOS AMBIENTAIS, E DIVULGA\u00c7\u00c3O DO RESULTADO DA AN\u00c1LISE DOS DOCUMENTOS OBRIGAT\u00d3RIOS PARA A ASSINATURA DE CONTRATO DE TRABALHO DOS AGENTES TEMPOR\u00c1RIOS AMBIENTAIS"},"content":{"rendered":"\n<p class=\"has-black-color has-text-color has-link-color wp-elements-26a3af927adf9f793ad45bf8ae474fbf\">O Comandante-Geral do Corpo de Bombeiros Militar do Estado de Rond\u00f4nia (CBMRO)<br>torna p\u00fablico a Convoca\u00e7\u00e3o para a Capacita\u00e7\u00e3o dos Agentes Tempor\u00e1rios Ambientais, e Divulga\u00e7\u00e3o do<br>Resultado da An\u00e1lise dos Documentos Obrigat\u00f3rios para a Assinatura de Contrato de Trabalho para<br>Contrata\u00e7\u00e3o posterior a Realiza\u00e7\u00e3o da Capacita\u00e7\u00e3o de Agentes Tempor\u00e1rios Ambientais que atuar\u00e3o no<br>Corpo de Bombeiros Militar do Estado de Rond\u00f4nia (CBMRO), conforme a seguir especificado.<\/p>\n\n\n\n<div data-wp-interactive=\"core\/file\" class=\"wp-block-file aligncenter\"><object data-wp-bind--hidden=\"!state.hasPdfPreview\" hidden class=\"wp-block-file__embed\" data=\"https:\/\/www.cbm.ro.gov.br\/wp-content\/uploads\/2025\/08\/SEI_0063587940_Edital_29.pdf\" type=\"application\/pdf\" style=\"width:100%;height:600px\" aria-label=\"Incorporado de SEI_0063587940_Edital_29.\"><\/object><a id=\"wp-block-file--media-fce4a710-2203-4606-8d1f-6a76d6527549\" href=\"https:\/\/www.cbm.ro.gov.br\/wp-content\/uploads\/2025\/08\/SEI_0063587940_Edital_29.pdf\" target=\"_blank\" rel=\"noreferrer noopener\">SEI_0063587940_Edital_29<\/a><a href=\"https:\/\/www.cbm.ro.gov.br\/wp-content\/uploads\/2025\/08\/SEI_0063587940_Edital_29.pdf\" class=\"wp-block-file__button wp-element-button\" download aria-describedby=\"wp-block-file--media-fce4a710-2203-4606-8d1f-6a76d6527549\">Baixar<\/a><\/div>\n","protected":false},"excerpt":{"rendered":"<p>O Comandante-Geral do Corpo de Bombeiros Militar do Estado de Rond\u00f4nia (CBMRO)torna p\u00fablico a Convoca\u00e7\u00e3o para a Capacita\u00e7\u00e3o dos Agentes Tempor\u00e1rios Ambientais, e Divulga\u00e7\u00e3o doResultado da An\u00e1lise dos Documentos Obrigat\u00f3rios&hellip;<\/p>\n","protected":false},"author":3,"featured_media":3432,"comment_status":"closed","ping_status":"open","sticky":false,"template":"","format":"standard","meta":{"footnotes":""},"categories":[1,69],"tags":[13,37,422,86],"class_list":["post-5614","post","type-post","status-publish","format-standard","has-post-thumbnail","hentry","category-cbmro","category-edital","tag-cbmro","tag-edital","tag-edital29","tag-governoderondonia"],"yoast_head":"<!-- This site is optimized with the Yoast SEO plugin v23.7 - https:\/\/yoast.com\/wordpress\/plugins\/seo\/ -->\n<title>CBMRO EDITAL DE CONVOCA\u00c7\u00c3O PARA A CAPACITA\u00c7\u00c3O DOS AGENTES TEMPOR\u00c1RIOS AMBIENTAIS, E DIVULGA\u00c7\u00c3O DO RESULTADO DA AN\u00c1LISE DOS DOCUMENTOS OBRIGAT\u00d3RIOS PARA A ASSINATURA DE CONTRATO DE TRABALHO DOS AGENTES TEMPOR\u00c1RIOS AMBIENTAIS - Corpo de Bombeiros Militar de Rond\u00f4nia<\/title>\n<meta name=\"robots\" content=\"index, follow, max-snippet:-1, max-image-preview:large, max-video-preview:-1\" \/>\n<link rel=\"canonical\" href=\"https:\/\/www.cbm.ro.gov.br\/?p=5614\" \/>\n<meta property=\"og:locale\" content=\"pt_BR\" \/>\n<meta property=\"og:type\" content=\"article\" \/>\n<meta property=\"og:title\" content=\"CBMRO EDITAL DE CONVOCA\u00c7\u00c3O PARA A CAPACITA\u00c7\u00c3O DOS AGENTES TEMPOR\u00c1RIOS AMBIENTAIS, E DIVULGA\u00c7\u00c3O DO RESULTADO DA AN\u00c1LISE DOS DOCUMENTOS OBRIGAT\u00d3RIOS PARA A ASSINATURA DE CONTRATO DE TRABALHO DOS AGENTES TEMPOR\u00c1RIOS AMBIENTAIS - Corpo de Bombeiros Militar de Rond\u00f4nia\" \/>\n<meta property=\"og:description\" content=\"O Comandante-Geral do Corpo de Bombeiros Militar do Estado de Rond\u00f4nia (CBMRO)torna p\u00fablico a Convoca\u00e7\u00e3o para a Capacita\u00e7\u00e3o dos Agentes Tempor\u00e1rios Ambientais, e Divulga\u00e7\u00e3o doResultado da An\u00e1lise dos Documentos Obrigat\u00f3rios&hellip;\" \/>\n<meta property=\"og:url\" content=\"https:\/\/www.cbm.ro.gov.br\/?p=5614\" \/>\n<meta property=\"og:site_name\" content=\"Corpo de Bombeiros Militar de Rond\u00f4nia\" \/>\n<meta property=\"article:publisher\" content=\"https:\/\/www.facebook.com\/cbmro.oficial\/\" \/>\n<meta property=\"article:published_time\" content=\"2025-08-26T00:15:41+00:00\" \/>\n<meta property=\"article:modified_time\" content=\"2025-08-26T00:15:42+00:00\" \/>\n<meta property=\"og:image\" content=\"https:\/\/www.cbm.ro.gov.br\/wp-content\/uploads\/2024\/09\/BRASAO-PARA-MATERIA.png\" \/>\n\t<meta property=\"og:image:width\" content=\"1920\" \/>\n\t<meta property=\"og:image:height\" content=\"1080\" \/>\n\t<meta property=\"og:image:type\" content=\"image\/png\" \/>\n<meta name=\"author\" content=\"Diovana Castellon\" \/>\n<meta name=\"twitter:card\" content=\"summary_large_image\" \/>\n<meta name=\"twitter:label1\" content=\"Escrito por\" \/>\n\t<meta name=\"twitter:data1\" content=\"Diovana Castellon\" \/>\n<script type=\"application\/ld+json\" class=\"yoast-schema-graph\">{\"@context\":\"https:\/\/schema.org\",\"@graph\":[{\"@type\":\"Article\",\"@id\":\"https:\/\/www.cbm.ro.gov.br\/?p=5614#article\",\"isPartOf\":{\"@id\":\"https:\/\/www.cbm.ro.gov.br\/?p=5614\"},\"author\":{\"name\":\"Diovana Castellon\",\"@id\":\"https:\/\/www.cbm.ro.gov.br\/#\/schema\/person\/8e7b7a65b9962de993d36cb5fca8412f\"},\"headline\":\"CBMRO EDITAL DE CONVOCA\u00c7\u00c3O PARA A CAPACITA\u00c7\u00c3O DOS AGENTES TEMPOR\u00c1RIOS AMBIENTAIS, E DIVULGA\u00c7\u00c3O DO RESULTADO DA AN\u00c1LISE DOS DOCUMENTOS OBRIGAT\u00d3RIOS PARA A ASSINATURA DE CONTRATO DE TRABALHO DOS AGENTES TEMPOR\u00c1RIOS AMBIENTAIS\",\"datePublished\":\"2025-08-26T00:15:41+00:00\",\"dateModified\":\"2025-08-26T00:15:42+00:00\",\"mainEntityOfPage\":{\"@id\":\"https:\/\/www.cbm.ro.gov.br\/?p=5614\"},\"wordCount\":118,\"publisher\":{\"@id\":\"https:\/\/www.cbm.ro.gov.br\/#organization\"},\"image\":{\"@id\":\"https:\/\/www.cbm.ro.gov.br\/?p=5614#primaryimage\"},\"thumbnailUrl\":\"https:\/\/www.cbm.ro.gov.br\/wp-content\/uploads\/2024\/09\/BRASAO-PARA-MATERIA.png\",\"keywords\":[\"CBMRO\",\"Edital\",\"EDITAL29\",\"GOVERNODERONDONIA\"],\"articleSection\":[\"CBMRO\",\"EDITAL\"],\"inLanguage\":\"pt-BR\"},{\"@type\":\"WebPage\",\"@id\":\"https:\/\/www.cbm.ro.gov.br\/?p=5614\",\"url\":\"https:\/\/www.cbm.ro.gov.br\/?p=5614\",\"name\":\"CBMRO EDITAL DE CONVOCA\u00c7\u00c3O PARA A CAPACITA\u00c7\u00c3O DOS AGENTES TEMPOR\u00c1RIOS AMBIENTAIS, E DIVULGA\u00c7\u00c3O DO RESULTADO DA AN\u00c1LISE DOS DOCUMENTOS OBRIGAT\u00d3RIOS PARA A ASSINATURA DE CONTRATO DE TRABALHO DOS AGENTES TEMPOR\u00c1RIOS AMBIENTAIS - Corpo de Bombeiros Militar de Rond\u00f4nia\",\"isPartOf\":{\"@id\":\"https:\/\/www.cbm.ro.gov.br\/#website\"},\"primaryImageOfPage\":{\"@id\":\"https:\/\/www.cbm.ro.gov.br\/?p=5614#primaryimage\"},\"image\":{\"@id\":\"https:\/\/www.cbm.ro.gov.br\/?p=5614#primaryimage\"},\"thumbnailUrl\":\"https:\/\/www.cbm.ro.gov.br\/wp-content\/uploads\/2024\/09\/BRASAO-PARA-MATERIA.png\",\"datePublished\":\"2025-08-26T00:15:41+00:00\",\"dateModified\":\"2025-08-26T00:15:42+00:00\",\"breadcrumb\":{\"@id\":\"https:\/\/www.cbm.ro.gov.br\/?p=5614#breadcrumb\"},\"inLanguage\":\"pt-BR\",\"potentialAction\":[{\"@type\":\"ReadAction\",\"target\":[\"https:\/\/www.cbm.ro.gov.br\/?p=5614\"]}]},{\"@type\":\"ImageObject\",\"inLanguage\":\"pt-BR\",\"@id\":\"https:\/\/www.cbm.ro.gov.br\/?p=5614#primaryimage\",\"url\":\"https:\/\/www.cbm.ro.gov.br\/wp-content\/uploads\/2024\/09\/BRASAO-PARA-MATERIA.png\",\"contentUrl\":\"https:\/\/www.cbm.ro.gov.br\/wp-content\/uploads\/2024\/09\/BRASAO-PARA-MATERIA.png\",\"width\":1920,\"height\":1080},{\"@type\":\"BreadcrumbList\",\"@id\":\"https:\/\/www.cbm.ro.gov.br\/?p=5614#breadcrumb\",\"itemListElement\":[{\"@type\":\"ListItem\",\"position\":1,\"name\":\"In\u00edcio\",\"item\":\"https:\/\/www.cbm.ro.gov.br\/\"},{\"@type\":\"ListItem\",\"position\":2,\"name\":\"CBMRO EDITAL DE CONVOCA\u00c7\u00c3O PARA A CAPACITA\u00c7\u00c3O DOS AGENTES TEMPOR\u00c1RIOS AMBIENTAIS, E DIVULGA\u00c7\u00c3O DO RESULTADO DA AN\u00c1LISE DOS DOCUMENTOS OBRIGAT\u00d3RIOS PARA A ASSINATURA DE CONTRATO DE TRABALHO DOS AGENTES TEMPOR\u00c1RIOS AMBIENTAIS\"}]},{\"@type\":\"WebSite\",\"@id\":\"https:\/\/www.cbm.ro.gov.br\/#website\",\"url\":\"https:\/\/www.cbm.ro.gov.br\/\",\"name\":\"Corpo de Bombeiros Militar de Rond\u00f4nia\",\"description\":\"Vidas alheias, riquezas salvar!\",\"publisher\":{\"@id\":\"https:\/\/www.cbm.ro.gov.br\/#organization\"},\"alternateName\":\"cbmro\",\"potentialAction\":[{\"@type\":\"SearchAction\",\"target\":{\"@type\":\"EntryPoint\",\"urlTemplate\":\"https:\/\/www.cbm.ro.gov.br\/?s={search_term_string}\"},\"query-input\":{\"@type\":\"PropertyValueSpecification\",\"valueRequired\":true,\"valueName\":\"search_term_string\"}}],\"inLanguage\":\"pt-BR\"},{\"@type\":\"Organization\",\"@id\":\"https:\/\/www.cbm.ro.gov.br\/#organization\",\"name\":\"Corpo de Bombeiros Militar do Estado de Rond\u00f4nia\",\"alternateName\":\"CBMRO\",\"url\":\"https:\/\/www.cbm.ro.gov.br\/\",\"logo\":{\"@type\":\"ImageObject\",\"inLanguage\":\"pt-BR\",\"@id\":\"https:\/\/www.cbm.ro.gov.br\/#\/schema\/logo\/image\/\",\"url\":\"https:\/\/www.cbm.ro.gov.br\/wp-content\/uploads\/2023\/12\/cropped-cropped-cropped-BRASO_3D_32-1-e1724344443171.png\",\"contentUrl\":\"https:\/\/www.cbm.ro.gov.br\/wp-content\/uploads\/2023\/12\/cropped-cropped-cropped-BRASO_3D_32-1-e1724344443171.png\",\"width\":446,\"height\":441,\"caption\":\"Corpo de Bombeiros Militar do Estado de Rond\u00f4nia\"},\"image\":{\"@id\":\"https:\/\/www.cbm.ro.gov.br\/#\/schema\/logo\/image\/\"},\"sameAs\":[\"https:\/\/www.facebook.com\/cbmro.oficial\/\",\"https:\/\/www.youtube.com\/c\/CorpodeBombeirosMilitardoEstadodeRond\u00f4nia\"]},{\"@type\":\"Person\",\"@id\":\"https:\/\/www.cbm.ro.gov.br\/#\/schema\/person\/8e7b7a65b9962de993d36cb5fca8412f\",\"name\":\"Diovana Castellon\",\"url\":\"https:\/\/www.cbm.ro.gov.br\/?author=3\"}]}<\/script>\n<!-- \/ Yoast SEO plugin. -->","yoast_head_json":{"title":"CBMRO EDITAL DE CONVOCA\u00c7\u00c3O PARA A CAPACITA\u00c7\u00c3O DOS AGENTES TEMPOR\u00c1RIOS AMBIENTAIS, E DIVULGA\u00c7\u00c3O DO RESULTADO DA AN\u00c1LISE DOS DOCUMENTOS OBRIGAT\u00d3RIOS PARA A ASSINATURA DE CONTRATO DE TRABALHO DOS AGENTES TEMPOR\u00c1RIOS AMBIENTAIS - Corpo de Bombeiros Militar de Rond\u00f4nia","robots":{"index":"index","follow":"follow","max-snippet":"max-snippet:-1","max-image-preview":"max-image-preview:large","max-video-preview":"max-video-preview:-1"},"canonical":"https:\/\/www.cbm.ro.gov.br\/?p=5614","og_locale":"pt_BR","og_type":"article","og_title":"CBMRO EDITAL DE CONVOCA\u00c7\u00c3O PARA A CAPACITA\u00c7\u00c3O DOS AGENTES TEMPOR\u00c1RIOS AMBIENTAIS, E DIVULGA\u00c7\u00c3O DO RESULTADO DA AN\u00c1LISE DOS DOCUMENTOS OBRIGAT\u00d3RIOS PARA A ASSINATURA DE CONTRATO DE TRABALHO DOS AGENTES TEMPOR\u00c1RIOS AMBIENTAIS - Corpo de Bombeiros Militar de Rond\u00f4nia","og_description":"O Comandante-Geral do Corpo de Bombeiros Militar do Estado de Rond\u00f4nia (CBMRO)torna p\u00fablico a Convoca\u00e7\u00e3o para a Capacita\u00e7\u00e3o dos Agentes Tempor\u00e1rios Ambientais, e Divulga\u00e7\u00e3o doResultado da An\u00e1lise dos Documentos Obrigat\u00f3rios&hellip;","og_url":"https:\/\/www.cbm.ro.gov.br\/?p=5614","og_site_name":"Corpo de Bombeiros Militar de Rond\u00f4nia","article_publisher":"https:\/\/www.facebook.com\/cbmro.oficial\/","article_published_time":"2025-08-26T00:15:41+00:00","article_modified_time":"2025-08-26T00:15:42+00:00","og_image":[{"width":1920,"height":1080,"url":"https:\/\/www.cbm.ro.gov.br\/wp-content\/uploads\/2024\/09\/BRASAO-PARA-MATERIA.png","type":"image\/png"}],"author":"Diovana Castellon","twitter_card":"summary_large_image","twitter_misc":{"Escrito por":"Diovana Castellon"},"schema":{"@context":"https:\/\/schema.org","@graph":[{"@type":"Article","@id":"https:\/\/www.cbm.ro.gov.br\/?p=5614#article","isPartOf":{"@id":"https:\/\/www.cbm.ro.gov.br\/?p=5614"},"author":{"name":"Diovana Castellon","@id":"https:\/\/www.cbm.ro.gov.br\/#\/schema\/person\/8e7b7a65b9962de993d36cb5fca8412f"},"headline":"CBMRO EDITAL DE CONVOCA\u00c7\u00c3O PARA A CAPACITA\u00c7\u00c3O DOS AGENTES TEMPOR\u00c1RIOS AMBIENTAIS, E DIVULGA\u00c7\u00c3O DO RESULTADO DA AN\u00c1LISE DOS DOCUMENTOS OBRIGAT\u00d3RIOS PARA A ASSINATURA DE CONTRATO DE TRABALHO DOS AGENTES TEMPOR\u00c1RIOS AMBIENTAIS","datePublished":"2025-08-26T00:15:41+00:00","dateModified":"2025-08-26T00:15:42+00:00","mainEntityOfPage":{"@id":"https:\/\/www.cbm.ro.gov.br\/?p=5614"},"wordCount":118,"publisher":{"@id":"https:\/\/www.cbm.ro.gov.br\/#organization"},"image":{"@id":"https:\/\/www.cbm.ro.gov.br\/?p=5614#primaryimage"},"thumbnailUrl":"https:\/\/www.cbm.ro.gov.br\/wp-content\/uploads\/2024\/09\/BRASAO-PARA-MATERIA.png","keywords":["CBMRO","Edital","EDITAL29","GOVERNODERONDONIA"],"articleSection":["CBMRO","EDITAL"],"inLanguage":"pt-BR"},{"@type":"WebPage","@id":"https:\/\/www.cbm.ro.gov.br\/?p=5614","url":"https:\/\/www.cbm.ro.gov.br\/?p=5614","name":"CBMRO EDITAL DE CONVOCA\u00c7\u00c3O PARA A CAPACITA\u00c7\u00c3O DOS AGENTES TEMPOR\u00c1RIOS AMBIENTAIS, E DIVULGA\u00c7\u00c3O DO RESULTADO DA AN\u00c1LISE DOS DOCUMENTOS OBRIGAT\u00d3RIOS PARA A ASSINATURA DE CONTRATO DE TRABALHO DOS AGENTES TEMPOR\u00c1RIOS AMBIENTAIS - Corpo de Bombeiros Militar de Rond\u00f4nia","isPartOf":{"@id":"https:\/\/www.cbm.ro.gov.br\/#website"},"primaryImageOfPage":{"@id":"https:\/\/www.cbm.ro.gov.br\/?p=5614#primaryimage"},"image":{"@id":"https:\/\/www.cbm.ro.gov.br\/?p=5614#primaryimage"},"thumbnailUrl":"https:\/\/www.cbm.ro.gov.br\/wp-content\/uploads\/2024\/09\/BRASAO-PARA-MATERIA.png","datePublished":"2025-08-26T00:15:41+00:00","dateModified":"2025-08-26T00:15:42+00:00","breadcrumb":{"@id":"https:\/\/www.cbm.ro.gov.br\/?p=5614#breadcrumb"},"inLanguage":"pt-BR","potentialAction":[{"@type":"ReadAction","target":["https:\/\/www.cbm.ro.gov.br\/?p=5614"]}]},{"@type":"ImageObject","inLanguage":"pt-BR","@id":"https:\/\/www.cbm.ro.gov.br\/?p=5614#primaryimage","url":"https:\/\/www.cbm.ro.gov.br\/wp-content\/uploads\/2024\/09\/BRASAO-PARA-MATERIA.png","contentUrl":"https:\/\/www.cbm.ro.gov.br\/wp-content\/uploads\/2024\/09\/BRASAO-PARA-MATERIA.png","width":1920,"height":1080},{"@type":"BreadcrumbList","@id":"https:\/\/www.cbm.ro.gov.br\/?p=5614#breadcrumb","itemListElement":[{"@type":"ListItem","position":1,"name":"In\u00edcio","item":"https:\/\/www.cbm.ro.gov.br\/"},{"@type":"ListItem","position":2,"name":"CBMRO EDITAL DE CONVOCA\u00c7\u00c3O PARA A CAPACITA\u00c7\u00c3O DOS AGENTES TEMPOR\u00c1RIOS AMBIENTAIS, E DIVULGA\u00c7\u00c3O DO RESULTADO DA AN\u00c1LISE DOS DOCUMENTOS OBRIGAT\u00d3RIOS PARA A ASSINATURA DE CONTRATO DE TRABALHO DOS AGENTES TEMPOR\u00c1RIOS AMBIENTAIS"}]},{"@type":"WebSite","@id":"https:\/\/www.cbm.ro.gov.br\/#website","url":"https:\/\/www.cbm.ro.gov.br\/","name":"Corpo de Bombeiros Militar de Rond\u00f4nia","description":"Vidas alheias, riquezas salvar!","publisher":{"@id":"https:\/\/www.cbm.ro.gov.br\/#organization"},"alternateName":"cbmro","potentialAction":[{"@type":"SearchAction","target":{"@type":"EntryPoint","urlTemplate":"https:\/\/www.cbm.ro.gov.br\/?s={search_term_string}"},"query-input":{"@type":"PropertyValueSpecification","valueRequired":true,"valueName":"search_term_string"}}],"inLanguage":"pt-BR"},{"@type":"Organization","@id":"https:\/\/www.cbm.ro.gov.br\/#organization","name":"Corpo de Bombeiros Militar do Estado de Rond\u00f4nia","alternateName":"CBMRO","url":"https:\/\/www.cbm.ro.gov.br\/","logo":{"@type":"ImageObject","inLanguage":"pt-BR","@id":"https:\/\/www.cbm.ro.gov.br\/#\/schema\/logo\/image\/","url":"https:\/\/www.cbm.ro.gov.br\/wp-content\/uploads\/2023\/12\/cropped-cropped-cropped-BRASO_3D_32-1-e1724344443171.png","contentUrl":"https:\/\/www.cbm.ro.gov.br\/wp-content\/uploads\/2023\/12\/cropped-cropped-cropped-BRASO_3D_32-1-e1724344443171.png","width":446,"height":441,"caption":"Corpo de Bombeiros Militar do Estado de Rond\u00f4nia"},"image":{"@id":"https:\/\/www.cbm.ro.gov.br\/#\/schema\/logo\/image\/"},"sameAs":["https:\/\/www.facebook.com\/cbmro.oficial\/","https:\/\/www.youtube.com\/c\/CorpodeBombeirosMilitardoEstadodeRond\u00f4nia"]},{"@type":"Person","@id":"https:\/\/www.cbm.ro.gov.br\/#\/schema\/person\/8e7b7a65b9962de993d36cb5fca8412f","name":"Diovana Castellon","url":"https:\/\/www.cbm.ro.gov.br\/?author=3"}]}},"wpmagazine_modules_lite_featured_media_urls":{"thumbnail":["https:\/\/www.cbm.ro.gov.br\/wp-content\/uploads\/2024\/09\/BRASAO-PARA-MATERIA-150x150.png",150,150,true],"cvmm-medium":["https:\/\/www.cbm.ro.gov.br\/wp-content\/uploads\/2024\/09\/BRASAO-PARA-MATERIA-300x300.png",300,300,true],"cvmm-medium-plus":["https:\/\/www.cbm.ro.gov.br\/wp-content\/uploads\/2024\/09\/BRASAO-PARA-MATERIA-305x207.png",305,207,true],"cvmm-portrait":["https:\/\/www.cbm.ro.gov.br\/wp-content\/uploads\/2024\/09\/BRASAO-PARA-MATERIA-400x600.png",400,600,true],"cvmm-medium-square":["https:\/\/www.cbm.ro.gov.br\/wp-content\/uploads\/2024\/09\/BRASAO-PARA-MATERIA-600x600.png",600,600,true],"cvmm-large":["https:\/\/www.cbm.ro.gov.br\/wp-content\/uploads\/2024\/09\/BRASAO-PARA-MATERIA-1024x1024.png",1024,1024,true],"cvmm-small":["https:\/\/www.cbm.ro.gov.br\/wp-content\/uploads\/2024\/09\/BRASAO-PARA-MATERIA-130x95.png",130,95,true],"full":["https:\/\/www.cbm.ro.gov.br\/wp-content\/uploads\/2024\/09\/BRASAO-PARA-MATERIA.png",1920,1080,false]},"categories_names":{"1":{"name":"CBMRO","link":"https:\/\/www.cbm.ro.gov.br\/?cat=1"},"69":{"name":"EDITAL","link":"https:\/\/www.cbm.ro.gov.br\/?cat=69"}},"tags_names":{"13":{"name":"CBMRO","link":"https:\/\/www.cbm.ro.gov.br\/?tag=cbmro"},"37":{"name":"Edital","link":"https:\/\/www.cbm.ro.gov.br\/?tag=edital"},"422":{"name":"EDITAL29","link":"https:\/\/www.cbm.ro.gov.br\/?tag=edital29"},"86":{"name":"GOVERNODERONDONIA","link":"https:\/\/www.cbm.ro.gov.br\/?tag=governoderondonia"}},"comments_number":"0","_links":{"self":[{"href":"https:\/\/www.cbm.ro.gov.br\/index.php?rest_route=\/wp\/v2\/posts\/5614","targetHints":{"allow":["GET"]}}],"collection":[{"href":"https:\/\/www.cbm.ro.gov.br\/index.php?rest_route=\/wp\/v2\/posts"}],"about":[{"href":"https:\/\/www.cbm.ro.gov.br\/index.php?rest_route=\/wp\/v2\/types\/post"}],"author":[{"embeddable":true,"href":"https:\/\/www.cbm.ro.gov.br\/index.php?rest_route=\/wp\/v2\/users\/3"}],"replies":[{"embeddable":true,"href":"https:\/\/www.cbm.ro.gov.br\/index.php?rest_route=%2Fwp%2Fv2%2Fcomments&post=5614"}],"version-history":[{"count":1,"href":"https:\/\/www.cbm.ro.gov.br\/index.php?rest_route=\/wp\/v2\/posts\/5614\/revisions"}],"predecessor-version":[{"id":5615,"href":"https:\/\/www.cbm.ro.gov.br\/index.php?rest_route=\/wp\/v2\/posts\/5614\/revisions\/5615"}],"wp:featuredmedia":[{"embeddable":true,"href":"https:\/\/www.cbm.ro.gov.br\/index.php?rest_route=\/wp\/v2\/media\/3432"}],"wp:attachment":[{"href":"https:\/\/www.cbm.ro.gov.br\/index.php?rest_route=%2Fwp%2Fv2%2Fmedia&parent=5614"}],"wp:term":[{"taxonomy":"category","embeddable":true,"href":"https:\/\/www.cbm.ro.gov.br\/index.php?rest_route=%2Fwp%2Fv2%2Fcategories&post=5614"},{"taxonomy":"post_tag","embeddable":true,"href":"https:\/\/www.cbm.ro.gov.br\/index.php?rest_route=%2Fwp%2Fv2%2Ftags&post=5614"}],"curies":[{"name":"wp","href":"https:\/\/api.w.org\/{rel}","templated":true}]}}