{"id":5595,"date":"2025-08-22T13:06:52","date_gmt":"2025-08-22T17:06:52","guid":{"rendered":"https:\/\/www.cbm.ro.gov.br\/?p=5595"},"modified":"2025-08-22T13:06:53","modified_gmt":"2025-08-22T17:06:53","slug":"cbmro-participa-do-19o-encontro-anual-do-forum-brasileiro-de-seguranca-publica-em-manaus-am","status":"publish","type":"post","link":"https:\/\/www.cbm.ro.gov.br\/?p=5595","title":{"rendered":"CBMRO PARTICIPA DO 19\u00ba ENCONTRO ANUAL DO F\u00d3RUM BRASILEIRO DE SEGURAN\u00c7A P\u00daBLICA EM MANAUS (AM)"},"content":{"rendered":"\n<p class=\"has-black-color has-text-color has-link-color wp-elements-afc2a40f45b4b996b3f94817ad8f4b49\">O Corpo de Bombeiros Militar de Rond\u00f4nia (CBMRO) marcou presen\u00e7a no 19\u00ba Encontro Anual do F\u00f3rum Brasileiro de Seguran\u00e7a P\u00fablica (FBSP), realizado entre os dias 13 e 15 de agosto, na cidade de Manaus (AM). O evento \u00e9 considerado um dos principais espa\u00e7os de di\u00e1logo e formula\u00e7\u00e3o de pol\u00edticas p\u00fablicas voltadas \u00e0 seguran\u00e7a no Brasil.<\/p>\n\n\n\n<p class=\"has-black-color has-text-color has-link-color wp-elements-10cc1b586d8f7ccd00bc44f6769af442\">Com o objetivo de promover o di\u00e1logo qualificado, estimular a produ\u00e7\u00e3o de conhecimento e contribuir para o aprimoramento das pol\u00edticas p\u00fablicas de seguran\u00e7a, o f\u00f3rum reuniu representantes de diversas institui\u00e7\u00f5es ligadas ao setor, incluindo pesquisadores, gestores p\u00fablicos, agentes das for\u00e7as de seguran\u00e7a, membros da sociedade civil e autoridades nacionais e internacionais.<\/p>\n\n\n\n<figure class=\"wp-block-image size-large is-resized\"><img fetchpriority=\"high\" decoding=\"async\" width=\"1024\" height=\"768\" src=\"https:\/\/www.cbm.ro.gov.br\/wp-content\/uploads\/2025\/08\/WhatsApp-Image-2025-08-22-at-13.09.24-1024x768.jpeg\" alt=\"\" class=\"wp-image-5597\" style=\"width:720px\" srcset=\"https:\/\/www.cbm.ro.gov.br\/wp-content\/uploads\/2025\/08\/WhatsApp-Image-2025-08-22-at-13.09.24-1024x768.jpeg 1024w, https:\/\/www.cbm.ro.gov.br\/wp-content\/uploads\/2025\/08\/WhatsApp-Image-2025-08-22-at-13.09.24-300x225.jpeg 300w, https:\/\/www.cbm.ro.gov.br\/wp-content\/uploads\/2025\/08\/WhatsApp-Image-2025-08-22-at-13.09.24-768x576.jpeg 768w, https:\/\/www.cbm.ro.gov.br\/wp-content\/uploads\/2025\/08\/WhatsApp-Image-2025-08-22-at-13.09.24-1536x1152.jpeg 1536w, https:\/\/www.cbm.ro.gov.br\/wp-content\/uploads\/2025\/08\/WhatsApp-Image-2025-08-22-at-13.09.24-2048x1536.jpeg 2048w\" sizes=\"(max-width: 1024px) 100vw, 1024px\" \/><\/figure>\n\n\n\n<p class=\"has-black-color has-text-color has-link-color wp-elements-4918575f8978fc0b16a3601578b89590\">Representando Rond\u00f4nia, o Secret\u00e1rio de Seguran\u00e7a P\u00fablica, Coronel BM Vital, participou ativamente dos debates, refor\u00e7ando o compromisso do estado com a constru\u00e7\u00e3o de pol\u00edticas de seguran\u00e7a mais eficientes, integradas e alinhadas com os desafios contempor\u00e2neos enfrentados pela sociedade.<\/p>\n\n\n\n<p class=\"has-black-color has-text-color has-link-color wp-elements-43da54f3d833cda10bbbc08de4184db8\">Al\u00e9m de Rond\u00f4nia, tamb\u00e9m estiveram presentes representantes do Conselho Nacional de Comandantes-Gerais dos Corpos de Bombeiros Militares (CNCGBM | LIGABOM) dos estados do Paran\u00e1, Tocantins, Piau\u00ed, Mato Grosso e Rio de Janeiro. O encontro contou ainda com a presen\u00e7a de autoridades de destaque, como o Governador do Estado do Amazonas, Wilson Lima, o Governador do Esp\u00edrito Santo, Renato Casagrande, o Secret\u00e1rio Nacional de Seguran\u00e7a P\u00fablica, Mario Sarrubbo, bem como representantes do Minist\u00e9rio da Justi\u00e7a e Seguran\u00e7a P\u00fablica, delegados, promotores e especialistas de pa\u00edses como Chile, Bol\u00edvia e Col\u00f4mbia.<\/p>\n\n\n\n<p class=\"has-black-color has-text-color has-link-color wp-elements-280c401d30be61dfa443b5c9610a9d5a\">Durante os tr\u00eas dias de evento, foram discutidos temas cruciais para o fortalecimento da seguran\u00e7a p\u00fablica, incluindo integra\u00e7\u00e3o entre os \u00f3rg\u00e3os de seguran\u00e7a, combate ao crime organizado, preven\u00e7\u00e3o \u00e0 viol\u00eancia e valoriza\u00e7\u00e3o dos profissionais da \u00e1rea.<\/p>\n\n\n\n<p class=\"has-black-color has-text-color has-link-color wp-elements-45d4b6142bafa84fa9910b9b989caf4a\">A participa\u00e7\u00e3o do CBMRO no 19\u00ba Encontro do FBSP refor\u00e7a seu compromisso com a inova\u00e7\u00e3o, a capacita\u00e7\u00e3o permanente e a integra\u00e7\u00e3o institucional, pilares fundamentais para a promo\u00e7\u00e3o de uma seguran\u00e7a p\u00fablica de excel\u00eancia em Rond\u00f4nia e em todo o pa\u00eds.<\/p>\n\n\n\n<figure class=\"wp-block-image size-large is-resized\"><img decoding=\"async\" width=\"1024\" height=\"858\" src=\"https:\/\/www.cbm.ro.gov.br\/wp-content\/uploads\/2025\/08\/WhatsApp-Image-2025-08-22-at-13.10.14-1024x858.jpeg\" alt=\"\" class=\"wp-image-5596\" style=\"width:720px\" srcset=\"https:\/\/www.cbm.ro.gov.br\/wp-content\/uploads\/2025\/08\/WhatsApp-Image-2025-08-22-at-13.10.14-1024x858.jpeg 1024w, https:\/\/www.cbm.ro.gov.br\/wp-content\/uploads\/2025\/08\/WhatsApp-Image-2025-08-22-at-13.10.14-300x251.jpeg 300w, https:\/\/www.cbm.ro.gov.br\/wp-content\/uploads\/2025\/08\/WhatsApp-Image-2025-08-22-at-13.10.14-768x643.jpeg 768w, https:\/\/www.cbm.ro.gov.br\/wp-content\/uploads\/2025\/08\/WhatsApp-Image-2025-08-22-at-13.10.14-1536x1286.jpeg 1536w, https:\/\/www.cbm.ro.gov.br\/wp-content\/uploads\/2025\/08\/WhatsApp-Image-2025-08-22-at-13.10.14.jpeg 1600w\" sizes=\"(max-width: 1024px) 100vw, 1024px\" \/><\/figure>\n","protected":false},"excerpt":{"rendered":"<p>O Corpo de Bombeiros Militar de Rond\u00f4nia (CBMRO) marcou presen\u00e7a no 19\u00ba Encontro Anual do F\u00f3rum Brasileiro de Seguran\u00e7a P\u00fablica (FBSP), realizado entre os dias 13 e 15 de agosto,&hellip;<\/p>\n","protected":false},"author":3,"featured_media":0,"comment_status":"closed","ping_status":"open","sticky":false,"template":"","format":"standard","meta":{"footnotes":""},"categories":[1],"tags":[13,421,420],"class_list":["post-5595","post","type-post","status-publish","format-standard","hentry","category-cbmro","tag-cbmro","tag-forumbrasileiro","tag-manus"],"yoast_head":"<!-- This site is optimized with the Yoast SEO plugin v23.7 - https:\/\/yoast.com\/wordpress\/plugins\/seo\/ -->\n<title>CBMRO PARTICIPA DO 19\u00ba ENCONTRO ANUAL DO F\u00d3RUM BRASILEIRO DE SEGURAN\u00c7A P\u00daBLICA EM MANAUS (AM) - Corpo de Bombeiros Militar de Rond\u00f4nia<\/title>\n<meta name=\"robots\" content=\"index, follow, max-snippet:-1, max-image-preview:large, max-video-preview:-1\" \/>\n<link rel=\"canonical\" href=\"https:\/\/www.cbm.ro.gov.br\/?p=5595\" \/>\n<meta property=\"og:locale\" content=\"pt_BR\" \/>\n<meta property=\"og:type\" content=\"article\" \/>\n<meta property=\"og:title\" content=\"CBMRO PARTICIPA DO 19\u00ba ENCONTRO ANUAL DO F\u00d3RUM BRASILEIRO DE SEGURAN\u00c7A P\u00daBLICA EM MANAUS (AM) - Corpo de Bombeiros Militar de Rond\u00f4nia\" \/>\n<meta property=\"og:description\" content=\"O Corpo de Bombeiros Militar de Rond\u00f4nia (CBMRO) marcou presen\u00e7a no 19\u00ba Encontro Anual do F\u00f3rum Brasileiro de Seguran\u00e7a P\u00fablica (FBSP), realizado entre os dias 13 e 15 de agosto,&hellip;\" \/>\n<meta property=\"og:url\" content=\"https:\/\/www.cbm.ro.gov.br\/?p=5595\" \/>\n<meta property=\"og:site_name\" content=\"Corpo de Bombeiros Militar de Rond\u00f4nia\" \/>\n<meta property=\"article:publisher\" content=\"https:\/\/www.facebook.com\/cbmro.oficial\/\" \/>\n<meta property=\"article:published_time\" content=\"2025-08-22T17:06:52+00:00\" \/>\n<meta property=\"article:modified_time\" content=\"2025-08-22T17:06:53+00:00\" \/>\n<meta property=\"og:image\" content=\"https:\/\/www.cbm.ro.gov.br\/wp-content\/uploads\/2025\/08\/WhatsApp-Image-2025-08-22-at-13.09.24-scaled.jpeg\" \/>\n\t<meta property=\"og:image:width\" content=\"2560\" \/>\n\t<meta property=\"og:image:height\" content=\"1920\" \/>\n\t<meta property=\"og:image:type\" content=\"image\/jpeg\" \/>\n<meta name=\"author\" content=\"Diovana Castellon\" \/>\n<meta name=\"twitter:card\" content=\"summary_large_image\" \/>\n<meta name=\"twitter:label1\" content=\"Escrito por\" \/>\n\t<meta name=\"twitter:data1\" content=\"Diovana Castellon\" \/>\n\t<meta name=\"twitter:label2\" content=\"Est. tempo de leitura\" \/>\n\t<meta name=\"twitter:data2\" content=\"2 minutos\" \/>\n<script type=\"application\/ld+json\" class=\"yoast-schema-graph\">{\"@context\":\"https:\/\/schema.org\",\"@graph\":[{\"@type\":\"Article\",\"@id\":\"https:\/\/www.cbm.ro.gov.br\/?p=5595#article\",\"isPartOf\":{\"@id\":\"https:\/\/www.cbm.ro.gov.br\/?p=5595\"},\"author\":{\"name\":\"Diovana Castellon\",\"@id\":\"https:\/\/www.cbm.ro.gov.br\/#\/schema\/person\/8e7b7a65b9962de993d36cb5fca8412f\"},\"headline\":\"CBMRO PARTICIPA DO 19\u00ba ENCONTRO ANUAL DO F\u00d3RUM BRASILEIRO DE SEGURAN\u00c7A P\u00daBLICA EM MANAUS (AM)\",\"datePublished\":\"2025-08-22T17:06:52+00:00\",\"dateModified\":\"2025-08-22T17:06:53+00:00\",\"mainEntityOfPage\":{\"@id\":\"https:\/\/www.cbm.ro.gov.br\/?p=5595\"},\"wordCount\":382,\"publisher\":{\"@id\":\"https:\/\/www.cbm.ro.gov.br\/#organization\"},\"image\":{\"@id\":\"https:\/\/www.cbm.ro.gov.br\/?p=5595#primaryimage\"},\"thumbnailUrl\":\"https:\/\/www.cbm.ro.gov.br\/wp-content\/uploads\/2025\/08\/WhatsApp-Image-2025-08-22-at-13.09.24-1024x768.jpeg\",\"keywords\":[\"CBMRO\",\"FORUMBRASILEIRO\",\"MANUS\"],\"articleSection\":[\"CBMRO\"],\"inLanguage\":\"pt-BR\"},{\"@type\":\"WebPage\",\"@id\":\"https:\/\/www.cbm.ro.gov.br\/?p=5595\",\"url\":\"https:\/\/www.cbm.ro.gov.br\/?p=5595\",\"name\":\"CBMRO PARTICIPA DO 19\u00ba ENCONTRO ANUAL DO F\u00d3RUM BRASILEIRO DE SEGURAN\u00c7A P\u00daBLICA EM MANAUS (AM) - Corpo de Bombeiros Militar de Rond\u00f4nia\",\"isPartOf\":{\"@id\":\"https:\/\/www.cbm.ro.gov.br\/#website\"},\"primaryImageOfPage\":{\"@id\":\"https:\/\/www.cbm.ro.gov.br\/?p=5595#primaryimage\"},\"image\":{\"@id\":\"https:\/\/www.cbm.ro.gov.br\/?p=5595#primaryimage\"},\"thumbnailUrl\":\"https:\/\/www.cbm.ro.gov.br\/wp-content\/uploads\/2025\/08\/WhatsApp-Image-2025-08-22-at-13.09.24-1024x768.jpeg\",\"datePublished\":\"2025-08-22T17:06:52+00:00\",\"dateModified\":\"2025-08-22T17:06:53+00:00\",\"breadcrumb\":{\"@id\":\"https:\/\/www.cbm.ro.gov.br\/?p=5595#breadcrumb\"},\"inLanguage\":\"pt-BR\",\"potentialAction\":[{\"@type\":\"ReadAction\",\"target\":[\"https:\/\/www.cbm.ro.gov.br\/?p=5595\"]}]},{\"@type\":\"ImageObject\",\"inLanguage\":\"pt-BR\",\"@id\":\"https:\/\/www.cbm.ro.gov.br\/?p=5595#primaryimage\",\"url\":\"https:\/\/www.cbm.ro.gov.br\/wp-content\/uploads\/2025\/08\/WhatsApp-Image-2025-08-22-at-13.09.24-scaled.jpeg\",\"contentUrl\":\"https:\/\/www.cbm.ro.gov.br\/wp-content\/uploads\/2025\/08\/WhatsApp-Image-2025-08-22-at-13.09.24-scaled.jpeg\",\"width\":2560,\"height\":1920},{\"@type\":\"BreadcrumbList\",\"@id\":\"https:\/\/www.cbm.ro.gov.br\/?p=5595#breadcrumb\",\"itemListElement\":[{\"@type\":\"ListItem\",\"position\":1,\"name\":\"In\u00edcio\",\"item\":\"https:\/\/www.cbm.ro.gov.br\/\"},{\"@type\":\"ListItem\",\"position\":2,\"name\":\"CBMRO PARTICIPA DO 19\u00ba ENCONTRO ANUAL DO F\u00d3RUM BRASILEIRO DE SEGURAN\u00c7A P\u00daBLICA EM MANAUS (AM)\"}]},{\"@type\":\"WebSite\",\"@id\":\"https:\/\/www.cbm.ro.gov.br\/#website\",\"url\":\"https:\/\/www.cbm.ro.gov.br\/\",\"name\":\"Corpo de Bombeiros Militar de Rond\u00f4nia\",\"description\":\"Vidas alheias, riquezas salvar!\",\"publisher\":{\"@id\":\"https:\/\/www.cbm.ro.gov.br\/#organization\"},\"alternateName\":\"cbmro\",\"potentialAction\":[{\"@type\":\"SearchAction\",\"target\":{\"@type\":\"EntryPoint\",\"urlTemplate\":\"https:\/\/www.cbm.ro.gov.br\/?s={search_term_string}\"},\"query-input\":{\"@type\":\"PropertyValueSpecification\",\"valueRequired\":true,\"valueName\":\"search_term_string\"}}],\"inLanguage\":\"pt-BR\"},{\"@type\":\"Organization\",\"@id\":\"https:\/\/www.cbm.ro.gov.br\/#organization\",\"name\":\"Corpo de Bombeiros Militar do Estado de Rond\u00f4nia\",\"alternateName\":\"CBMRO\",\"url\":\"https:\/\/www.cbm.ro.gov.br\/\",\"logo\":{\"@type\":\"ImageObject\",\"inLanguage\":\"pt-BR\",\"@id\":\"https:\/\/www.cbm.ro.gov.br\/#\/schema\/logo\/image\/\",\"url\":\"https:\/\/www.cbm.ro.gov.br\/wp-content\/uploads\/2023\/12\/cropped-cropped-cropped-BRASO_3D_32-1-e1724344443171.png\",\"contentUrl\":\"https:\/\/www.cbm.ro.gov.br\/wp-content\/uploads\/2023\/12\/cropped-cropped-cropped-BRASO_3D_32-1-e1724344443171.png\",\"width\":446,\"height\":441,\"caption\":\"Corpo de Bombeiros Militar do Estado de Rond\u00f4nia\"},\"image\":{\"@id\":\"https:\/\/www.cbm.ro.gov.br\/#\/schema\/logo\/image\/\"},\"sameAs\":[\"https:\/\/www.facebook.com\/cbmro.oficial\/\",\"https:\/\/www.youtube.com\/c\/CorpodeBombeirosMilitardoEstadodeRond\u00f4nia\"]},{\"@type\":\"Person\",\"@id\":\"https:\/\/www.cbm.ro.gov.br\/#\/schema\/person\/8e7b7a65b9962de993d36cb5fca8412f\",\"name\":\"Diovana Castellon\",\"url\":\"https:\/\/www.cbm.ro.gov.br\/?author=3\"}]}<\/script>\n<!-- \/ Yoast SEO plugin. -->","yoast_head_json":{"title":"CBMRO PARTICIPA DO 19\u00ba ENCONTRO ANUAL DO F\u00d3RUM BRASILEIRO DE SEGURAN\u00c7A P\u00daBLICA EM MANAUS (AM) - Corpo de Bombeiros Militar de Rond\u00f4nia","robots":{"index":"index","follow":"follow","max-snippet":"max-snippet:-1","max-image-preview":"max-image-preview:large","max-video-preview":"max-video-preview:-1"},"canonical":"https:\/\/www.cbm.ro.gov.br\/?p=5595","og_locale":"pt_BR","og_type":"article","og_title":"CBMRO PARTICIPA DO 19\u00ba ENCONTRO ANUAL DO F\u00d3RUM BRASILEIRO DE SEGURAN\u00c7A P\u00daBLICA EM MANAUS (AM) - Corpo de Bombeiros Militar de Rond\u00f4nia","og_description":"O Corpo de Bombeiros Militar de Rond\u00f4nia (CBMRO) marcou presen\u00e7a no 19\u00ba Encontro Anual do F\u00f3rum Brasileiro de Seguran\u00e7a P\u00fablica (FBSP), realizado entre os dias 13 e 15 de agosto,&hellip;","og_url":"https:\/\/www.cbm.ro.gov.br\/?p=5595","og_site_name":"Corpo de Bombeiros Militar de Rond\u00f4nia","article_publisher":"https:\/\/www.facebook.com\/cbmro.oficial\/","article_published_time":"2025-08-22T17:06:52+00:00","article_modified_time":"2025-08-22T17:06:53+00:00","og_image":[{"width":2560,"height":1920,"url":"https:\/\/www.cbm.ro.gov.br\/wp-content\/uploads\/2025\/08\/WhatsApp-Image-2025-08-22-at-13.09.24-scaled.jpeg","type":"image\/jpeg"}],"author":"Diovana Castellon","twitter_card":"summary_large_image","twitter_misc":{"Escrito por":"Diovana Castellon","Est. tempo de leitura":"2 minutos"},"schema":{"@context":"https:\/\/schema.org","@graph":[{"@type":"Article","@id":"https:\/\/www.cbm.ro.gov.br\/?p=5595#article","isPartOf":{"@id":"https:\/\/www.cbm.ro.gov.br\/?p=5595"},"author":{"name":"Diovana Castellon","@id":"https:\/\/www.cbm.ro.gov.br\/#\/schema\/person\/8e7b7a65b9962de993d36cb5fca8412f"},"headline":"CBMRO PARTICIPA DO 19\u00ba ENCONTRO ANUAL DO F\u00d3RUM BRASILEIRO DE SEGURAN\u00c7A P\u00daBLICA EM MANAUS (AM)","datePublished":"2025-08-22T17:06:52+00:00","dateModified":"2025-08-22T17:06:53+00:00","mainEntityOfPage":{"@id":"https:\/\/www.cbm.ro.gov.br\/?p=5595"},"wordCount":382,"publisher":{"@id":"https:\/\/www.cbm.ro.gov.br\/#organization"},"image":{"@id":"https:\/\/www.cbm.ro.gov.br\/?p=5595#primaryimage"},"thumbnailUrl":"https:\/\/www.cbm.ro.gov.br\/wp-content\/uploads\/2025\/08\/WhatsApp-Image-2025-08-22-at-13.09.24-1024x768.jpeg","keywords":["CBMRO","FORUMBRASILEIRO","MANUS"],"articleSection":["CBMRO"],"inLanguage":"pt-BR"},{"@type":"WebPage","@id":"https:\/\/www.cbm.ro.gov.br\/?p=5595","url":"https:\/\/www.cbm.ro.gov.br\/?p=5595","name":"CBMRO PARTICIPA DO 19\u00ba ENCONTRO ANUAL DO F\u00d3RUM BRASILEIRO DE SEGURAN\u00c7A P\u00daBLICA EM MANAUS (AM) - Corpo de Bombeiros Militar de Rond\u00f4nia","isPartOf":{"@id":"https:\/\/www.cbm.ro.gov.br\/#website"},"primaryImageOfPage":{"@id":"https:\/\/www.cbm.ro.gov.br\/?p=5595#primaryimage"},"image":{"@id":"https:\/\/www.cbm.ro.gov.br\/?p=5595#primaryimage"},"thumbnailUrl":"https:\/\/www.cbm.ro.gov.br\/wp-content\/uploads\/2025\/08\/WhatsApp-Image-2025-08-22-at-13.09.24-1024x768.jpeg","datePublished":"2025-08-22T17:06:52+00:00","dateModified":"2025-08-22T17:06:53+00:00","breadcrumb":{"@id":"https:\/\/www.cbm.ro.gov.br\/?p=5595#breadcrumb"},"inLanguage":"pt-BR","potentialAction":[{"@type":"ReadAction","target":["https:\/\/www.cbm.ro.gov.br\/?p=5595"]}]},{"@type":"ImageObject","inLanguage":"pt-BR","@id":"https:\/\/www.cbm.ro.gov.br\/?p=5595#primaryimage","url":"https:\/\/www.cbm.ro.gov.br\/wp-content\/uploads\/2025\/08\/WhatsApp-Image-2025-08-22-at-13.09.24-scaled.jpeg","contentUrl":"https:\/\/www.cbm.ro.gov.br\/wp-content\/uploads\/2025\/08\/WhatsApp-Image-2025-08-22-at-13.09.24-scaled.jpeg","width":2560,"height":1920},{"@type":"BreadcrumbList","@id":"https:\/\/www.cbm.ro.gov.br\/?p=5595#breadcrumb","itemListElement":[{"@type":"ListItem","position":1,"name":"In\u00edcio","item":"https:\/\/www.cbm.ro.gov.br\/"},{"@type":"ListItem","position":2,"name":"CBMRO PARTICIPA DO 19\u00ba ENCONTRO ANUAL DO F\u00d3RUM BRASILEIRO DE SEGURAN\u00c7A P\u00daBLICA EM MANAUS (AM)"}]},{"@type":"WebSite","@id":"https:\/\/www.cbm.ro.gov.br\/#website","url":"https:\/\/www.cbm.ro.gov.br\/","name":"Corpo de Bombeiros Militar de Rond\u00f4nia","description":"Vidas alheias, riquezas salvar!","publisher":{"@id":"https:\/\/www.cbm.ro.gov.br\/#organization"},"alternateName":"cbmro","potentialAction":[{"@type":"SearchAction","target":{"@type":"EntryPoint","urlTemplate":"https:\/\/www.cbm.ro.gov.br\/?s={search_term_string}"},"query-input":{"@type":"PropertyValueSpecification","valueRequired":true,"valueName":"search_term_string"}}],"inLanguage":"pt-BR"},{"@type":"Organization","@id":"https:\/\/www.cbm.ro.gov.br\/#organization","name":"Corpo de Bombeiros Militar do Estado de Rond\u00f4nia","alternateName":"CBMRO","url":"https:\/\/www.cbm.ro.gov.br\/","logo":{"@type":"ImageObject","inLanguage":"pt-BR","@id":"https:\/\/www.cbm.ro.gov.br\/#\/schema\/logo\/image\/","url":"https:\/\/www.cbm.ro.gov.br\/wp-content\/uploads\/2023\/12\/cropped-cropped-cropped-BRASO_3D_32-1-e1724344443171.png","contentUrl":"https:\/\/www.cbm.ro.gov.br\/wp-content\/uploads\/2023\/12\/cropped-cropped-cropped-BRASO_3D_32-1-e1724344443171.png","width":446,"height":441,"caption":"Corpo de Bombeiros Militar do Estado de Rond\u00f4nia"},"image":{"@id":"https:\/\/www.cbm.ro.gov.br\/#\/schema\/logo\/image\/"},"sameAs":["https:\/\/www.facebook.com\/cbmro.oficial\/","https:\/\/www.youtube.com\/c\/CorpodeBombeirosMilitardoEstadodeRond\u00f4nia"]},{"@type":"Person","@id":"https:\/\/www.cbm.ro.gov.br\/#\/schema\/person\/8e7b7a65b9962de993d36cb5fca8412f","name":"Diovana Castellon","url":"https:\/\/www.cbm.ro.gov.br\/?author=3"}]}},"wpmagazine_modules_lite_featured_media_urls":{"thumbnail":"","cvmm-medium":"","cvmm-medium-plus":"","cvmm-portrait":"","cvmm-medium-square":"","cvmm-large":"","cvmm-small":"","full":""},"categories_names":{"1":{"name":"CBMRO","link":"https:\/\/www.cbm.ro.gov.br\/?cat=1"}},"tags_names":{"13":{"name":"CBMRO","link":"https:\/\/www.cbm.ro.gov.br\/?tag=cbmro"},"421":{"name":"FORUMBRASILEIRO","link":"https:\/\/www.cbm.ro.gov.br\/?tag=forumbrasileiro"},"420":{"name":"MANUS","link":"https:\/\/www.cbm.ro.gov.br\/?tag=manus"}},"comments_number":"0","_links":{"self":[{"href":"https:\/\/www.cbm.ro.gov.br\/index.php?rest_route=\/wp\/v2\/posts\/5595","targetHints":{"allow":["GET"]}}],"collection":[{"href":"https:\/\/www.cbm.ro.gov.br\/index.php?rest_route=\/wp\/v2\/posts"}],"about":[{"href":"https:\/\/www.cbm.ro.gov.br\/index.php?rest_route=\/wp\/v2\/types\/post"}],"author":[{"embeddable":true,"href":"https:\/\/www.cbm.ro.gov.br\/index.php?rest_route=\/wp\/v2\/users\/3"}],"replies":[{"embeddable":true,"href":"https:\/\/www.cbm.ro.gov.br\/index.php?rest_route=%2Fwp%2Fv2%2Fcomments&post=5595"}],"version-history":[{"count":1,"href":"https:\/\/www.cbm.ro.gov.br\/index.php?rest_route=\/wp\/v2\/posts\/5595\/revisions"}],"predecessor-version":[{"id":5599,"href":"https:\/\/www.cbm.ro.gov.br\/index.php?rest_route=\/wp\/v2\/posts\/5595\/revisions\/5599"}],"wp:attachment":[{"href":"https:\/\/www.cbm.ro.gov.br\/index.php?rest_route=%2Fwp%2Fv2%2Fmedia&parent=5595"}],"wp:term":[{"taxonomy":"category","embeddable":true,"href":"https:\/\/www.cbm.ro.gov.br\/index.php?rest_route=%2Fwp%2Fv2%2Fcategories&post=5595"},{"taxonomy":"post_tag","embeddable":true,"href":"https:\/\/www.cbm.ro.gov.br\/index.php?rest_route=%2Fwp%2Fv2%2Ftags&post=5595"}],"curies":[{"name":"wp","href":"https:\/\/api.w.org\/{rel}","templated":true}]}}