{"id":5509,"date":"2025-08-15T10:22:23","date_gmt":"2025-08-15T14:22:23","guid":{"rendered":"https:\/\/www.cbm.ro.gov.br\/?p=5509"},"modified":"2025-08-15T10:34:07","modified_gmt":"2025-08-15T14:34:07","slug":"corrida-do-fogo-etapa-porto-velho-cbmro-promove-evento-esportivo-aberto-ao-publico-em-2025","status":"publish","type":"post","link":"https:\/\/www.cbm.ro.gov.br\/?p=5509","title":{"rendered":"CORRIDA DO FOGO \u2013 ETAPA PORTO VELHO: CBMRO PROMOVE EVENTO ESPORTIVO ABERTO AO P\u00daBLICO EM 2025"},"content":{"rendered":"\n<p class=\"has-vivid-red-color has-text-color has-link-color wp-elements-5b0b07c389995da16dd0b04aa125cc15\"><em>Evento realizado pelo Corpo de Bombeiros Militar de Rond\u00f4nia re\u00fane civis e militares em uma grande celebra\u00e7\u00e3o de sa\u00fade, bem-estar e integra\u00e7\u00e3o comunit\u00e1ria.<\/em><\/p>\n\n\n\n<p class=\"has-black-color has-text-color has-link-color wp-elements-ecbe70297a83f89ef89c16e122006151\">No \u00faltimo dia <strong>9 de agosto de 2025<\/strong>, o <strong>Corpo de Bombeiros Militar de Rond\u00f4nia (CBMRO)<\/strong> realizou mais uma emocionante edi\u00e7\u00e3o da tradicional <strong>Corrida do Fogo<\/strong>, desta vez na capital do estado, <strong>Porto Velho<\/strong>. Aberto ao p\u00fablico, o evento reuniu centenas de participantes entre bombeiros militares, civis e familiares, promovendo um verdadeiro momento de uni\u00e3o, sa\u00fade e cidadania.<\/p>\n\n\n\n<p class=\"has-black-color has-text-color has-link-color wp-elements-92cc8ccaa39cb8dbd76e82b30c5d3b37\">A <strong>largada foi dada \u00e0s 17h30<\/strong>, reunindo corredores de todas as idades nos percursos de <strong>5 km e 10 km<\/strong>, organizados por categorias de idade e g\u00eanero, al\u00e9m de uma modalidade exclusiva para bombeiros militares. Um dos grandes destaques do evento foi a animada <strong>Corrida Kids<\/strong>, que encantou o p\u00fablico com a energia contagiante das crian\u00e7as, refor\u00e7ando o compromisso da corpora\u00e7\u00e3o com a forma\u00e7\u00e3o de h\u00e1bitos saud\u00e1veis desde a inf\u00e2ncia.<\/p>\n\n\n\n<figure class=\"wp-block-image size-large is-resized\"><img fetchpriority=\"high\" decoding=\"async\" width=\"1024\" height=\"768\" src=\"https:\/\/www.cbm.ro.gov.br\/wp-content\/uploads\/2025\/08\/kids-1024x768.jpg\" alt=\"\" class=\"wp-image-5523\" style=\"width:720px\" srcset=\"https:\/\/www.cbm.ro.gov.br\/wp-content\/uploads\/2025\/08\/kids-1024x768.jpg 1024w, https:\/\/www.cbm.ro.gov.br\/wp-content\/uploads\/2025\/08\/kids-300x225.jpg 300w, https:\/\/www.cbm.ro.gov.br\/wp-content\/uploads\/2025\/08\/kids-768x576.jpg 768w, https:\/\/www.cbm.ro.gov.br\/wp-content\/uploads\/2025\/08\/kids-1536x1152.jpg 1536w, https:\/\/www.cbm.ro.gov.br\/wp-content\/uploads\/2025\/08\/kids.jpg 1600w\" sizes=\"(max-width: 1024px) 100vw, 1024px\" \/><\/figure>\n\n\n\n<p class=\"has-black-color has-text-color has-link-color wp-elements-9da1b14b5f6ccc222348c84495be745b\">O evento contou com a <strong>presen\u00e7a do Comandante-Geral do CBMRO, Cel BM Nivaldo<\/strong>, que recepcionou os participantes e refor\u00e7ou, em suas palavras, a import\u00e2ncia da integra\u00e7\u00e3o entre as for\u00e7as p\u00fablicas e a comunidade. Tamb\u00e9m marcaram presen\u00e7a <strong>pelot\u00f5es de diversas institui\u00e7\u00f5es militares e civis<\/strong>, como o <strong>Batalh\u00e3o de Pol\u00edcia de Choque (BPChoque) da Pol\u00edcia Militar de Rond\u00f4nia<\/strong>, <strong>Ex\u00e9rcito Brasileiro<\/strong>, <strong>For\u00e7a A\u00e9rea Brasileira<\/strong>, <strong>Pol\u00edcia Civil<\/strong> e outros \u00f3rg\u00e3os parceiros, fortalecendo o clima de respeito m\u00fatuo, coopera\u00e7\u00e3o e esp\u00edrito de equipe.<\/p>\n\n\n\n<p class=\"has-black-color has-text-color has-link-color wp-elements-a274f1af51ba3fea16f78a24c2da17f3\">Outro grande destaque foi a participa\u00e7\u00e3o ativa dos <strong>Bombeiros Mirins \u2013 PROEBOM<\/strong>, que representaram com entusiasmo a nova gera\u00e7\u00e3o de cidad\u00e3os conscientes, engajados e comprometidos com os valores de cidadania, disciplina e solidariedade.<\/p>\n\n\n\n<figure class=\"wp-block-image size-large is-resized\"><img decoding=\"async\" width=\"1024\" height=\"683\" src=\"https:\/\/www.cbm.ro.gov.br\/wp-content\/uploads\/2025\/08\/PROEBOM-CORRIDA-DO-FOGO-1-1024x683.jpg\" alt=\"\" class=\"wp-image-5519\" style=\"width:720px\" srcset=\"https:\/\/www.cbm.ro.gov.br\/wp-content\/uploads\/2025\/08\/PROEBOM-CORRIDA-DO-FOGO-1-1024x683.jpg 1024w, https:\/\/www.cbm.ro.gov.br\/wp-content\/uploads\/2025\/08\/PROEBOM-CORRIDA-DO-FOGO-1-300x200.jpg 300w, https:\/\/www.cbm.ro.gov.br\/wp-content\/uploads\/2025\/08\/PROEBOM-CORRIDA-DO-FOGO-1-768x512.jpg 768w, https:\/\/www.cbm.ro.gov.br\/wp-content\/uploads\/2025\/08\/PROEBOM-CORRIDA-DO-FOGO-1-1536x1024.jpg 1536w, https:\/\/www.cbm.ro.gov.br\/wp-content\/uploads\/2025\/08\/PROEBOM-CORRIDA-DO-FOGO-1-2048x1365.jpg 2048w\" sizes=\"(max-width: 1024px) 100vw, 1024px\" \/><\/figure>\n\n\n\n<p class=\"has-black-color has-text-color has-link-color wp-elements-a5634f55d500dc984b09c8affad4222c\">Com <strong>mais de 1.000 inscritos<\/strong>, a Etapa Porto Velho reafirma o crescente interesse da popula\u00e7\u00e3o por eventos que incentivam o esporte e a integra\u00e7\u00e3o social. Al\u00e9m dos bombeiros de diversas unidades do estado, participaram tamb\u00e9m representantes de outras for\u00e7as de seguran\u00e7a e corredores vindos de diferentes munic\u00edpios de Rond\u00f4nia, promovendo um ambiente de interc\u00e2mbio esportivo e valoriza\u00e7\u00e3o da uni\u00e3o entre as regi\u00f5es.<\/p>\n\n\n\n<p class=\"has-black-color has-text-color has-link-color wp-elements-b06ff91cce33bd93703dfcab9147f163\">Ao final da prova, os corredores cruzaram a linha de chegada sob aplausos, sorrisos e muita celebra\u00e7\u00e3o. Medalhas foram entregues como s\u00edmbolo da supera\u00e7\u00e3o e do esp\u00edrito esportivo, enquanto novos la\u00e7os de amizade e pertencimento se formavam.<\/p>\n\n\n\n<p class=\"has-black-color has-text-color has-link-color wp-elements-5977ef4afb7ee4ebe492a5133fb62f26\">A <strong>Etapa Porto Velho da Corrida do Fogo<\/strong> refor\u00e7ou os valores cultivados pelo CBMRO: <strong>promo\u00e7\u00e3o da sa\u00fade, valoriza\u00e7\u00e3o do esporte, fortalecimento da cidadania e uni\u00e3o entre militares e sociedade civil<\/strong> \u2014 encerrando o evento com <strong>muita alegria e esp\u00edrito de comunidade<\/strong>.<\/p>\n\n\n\n<figure class=\"wp-block-image size-large is-resized\"><img decoding=\"async\" width=\"1024\" height=\"683\" src=\"https:\/\/www.cbm.ro.gov.br\/wp-content\/uploads\/2025\/08\/pelotao-1-1024x683.jpg\" alt=\"\" class=\"wp-image-5518\" style=\"width:720px;height:auto\" srcset=\"https:\/\/www.cbm.ro.gov.br\/wp-content\/uploads\/2025\/08\/pelotao-1-1024x683.jpg 1024w, https:\/\/www.cbm.ro.gov.br\/wp-content\/uploads\/2025\/08\/pelotao-1-300x200.jpg 300w, https:\/\/www.cbm.ro.gov.br\/wp-content\/uploads\/2025\/08\/pelotao-1-768x512.jpg 768w, https:\/\/www.cbm.ro.gov.br\/wp-content\/uploads\/2025\/08\/pelotao-1-1536x1024.jpg 1536w, https:\/\/www.cbm.ro.gov.br\/wp-content\/uploads\/2025\/08\/pelotao-1-2048x1365.jpg 2048w\" sizes=\"(max-width: 1024px) 100vw, 1024px\" \/><\/figure>\n\n\n\n<p class=\"has-vivid-red-color has-text-color has-link-color wp-elements-72674c09b5064bf56576edb288a134d1\"><strong>FOTOS FORNECIDAS PELA EMPRESA ORGANIZADORA EXO COMPANY &#8211; <a href=\"https:\/\/drive.google.com\/drive\/folders\/1f1FPT79o5dDSxNvsHCGY9tDfNQqo6RON\">CLIQUE AQUI<\/a><\/strong><\/p>\n\n\n\n<p class=\"has-vivid-red-color has-text-color has-link-color wp-elements-839dd8d70a8b57b8d50d67bbbb072014\"><strong>FOTOS FORNECIDAS PELA DIRETORIA DE COMUNICA\u00c7\u00c3O DO CBMRO-<a href=\"https:\/\/drive.google.com\/drive\/folders\/1Y9iUVkeDJvC3El-LoVbfluUBGdILtz7D\">CLIQUE AQUI&nbsp;<\/a><\/strong><\/p>\n\n\n\n<p><\/p>\n","protected":false},"excerpt":{"rendered":"<p>Evento realizado pelo Corpo de Bombeiros Militar de Rond\u00f4nia re\u00fane civis e militares em uma grande celebra\u00e7\u00e3o de sa\u00fade, bem-estar e integra\u00e7\u00e3o comunit\u00e1ria. No \u00faltimo dia 9 de agosto de&hellip;<\/p>\n","protected":false},"author":5,"featured_media":5525,"comment_status":"closed","ping_status":"open","sticky":false,"template":"","format":"standard","meta":{"footnotes":""},"categories":[1,6],"tags":[206,13,319,86],"class_list":["post-5509","post","type-post","status-publish","format-standard","has-post-thumbnail","hentry","category-cbmro","category-eventos","tag-206","tag-cbmro","tag-corridadofogo","tag-governoderondonia"],"yoast_head":"<!-- This site is optimized with the Yoast SEO plugin v23.7 - https:\/\/yoast.com\/wordpress\/plugins\/seo\/ -->\n<title>CORRIDA DO FOGO \u2013 ETAPA PORTO VELHO: CBMRO PROMOVE EVENTO ESPORTIVO ABERTO AO P\u00daBLICO EM 2025 - Corpo de Bombeiros Militar de Rond\u00f4nia<\/title>\n<meta name=\"robots\" content=\"index, follow, max-snippet:-1, max-image-preview:large, max-video-preview:-1\" \/>\n<link rel=\"canonical\" href=\"https:\/\/www.cbm.ro.gov.br\/?p=5509\" \/>\n<meta property=\"og:locale\" content=\"pt_BR\" \/>\n<meta property=\"og:type\" content=\"article\" \/>\n<meta property=\"og:title\" content=\"CORRIDA DO FOGO \u2013 ETAPA PORTO VELHO: CBMRO PROMOVE EVENTO ESPORTIVO ABERTO AO P\u00daBLICO EM 2025 - Corpo de Bombeiros Militar de Rond\u00f4nia\" \/>\n<meta property=\"og:description\" content=\"Evento realizado pelo Corpo de Bombeiros Militar de Rond\u00f4nia re\u00fane civis e militares em uma grande celebra\u00e7\u00e3o de sa\u00fade, bem-estar e integra\u00e7\u00e3o comunit\u00e1ria. No \u00faltimo dia 9 de agosto de&hellip;\" \/>\n<meta property=\"og:url\" content=\"https:\/\/www.cbm.ro.gov.br\/?p=5509\" \/>\n<meta property=\"og:site_name\" content=\"Corpo de Bombeiros Militar de Rond\u00f4nia\" \/>\n<meta property=\"article:publisher\" content=\"https:\/\/www.facebook.com\/cbmro.oficial\/\" \/>\n<meta property=\"article:published_time\" content=\"2025-08-15T14:22:23+00:00\" \/>\n<meta property=\"article:modified_time\" content=\"2025-08-15T14:34:07+00:00\" \/>\n<meta property=\"og:image\" content=\"https:\/\/www.cbm.ro.gov.br\/wp-content\/uploads\/2025\/08\/corrida-do-fogo-largada-2025.jpg\" \/>\n\t<meta property=\"og:image:width\" content=\"1600\" \/>\n\t<meta property=\"og:image:height\" content=\"1200\" \/>\n\t<meta property=\"og:image:type\" content=\"image\/jpeg\" \/>\n<meta name=\"author\" content=\"Marcos Barros\" \/>\n<meta name=\"twitter:card\" content=\"summary_large_image\" \/>\n<meta name=\"twitter:label1\" content=\"Escrito por\" \/>\n\t<meta name=\"twitter:data1\" content=\"Marcos Barros\" \/>\n\t<meta name=\"twitter:label2\" content=\"Est. tempo de leitura\" \/>\n\t<meta name=\"twitter:data2\" content=\"2 minutos\" \/>\n<script type=\"application\/ld+json\" class=\"yoast-schema-graph\">{\"@context\":\"https:\/\/schema.org\",\"@graph\":[{\"@type\":\"Article\",\"@id\":\"https:\/\/www.cbm.ro.gov.br\/?p=5509#article\",\"isPartOf\":{\"@id\":\"https:\/\/www.cbm.ro.gov.br\/?p=5509\"},\"author\":{\"name\":\"Marcos Barros\",\"@id\":\"https:\/\/www.cbm.ro.gov.br\/#\/schema\/person\/b035b7e269aef4233e9514c2751917c5\"},\"headline\":\"CORRIDA DO FOGO \u2013 ETAPA PORTO VELHO: CBMRO PROMOVE EVENTO ESPORTIVO ABERTO AO P\u00daBLICO EM 2025\",\"datePublished\":\"2025-08-15T14:22:23+00:00\",\"dateModified\":\"2025-08-15T14:34:07+00:00\",\"mainEntityOfPage\":{\"@id\":\"https:\/\/www.cbm.ro.gov.br\/?p=5509\"},\"wordCount\":500,\"publisher\":{\"@id\":\"https:\/\/www.cbm.ro.gov.br\/#organization\"},\"image\":{\"@id\":\"https:\/\/www.cbm.ro.gov.br\/?p=5509#primaryimage\"},\"thumbnailUrl\":\"https:\/\/www.cbm.ro.gov.br\/wp-content\/uploads\/2025\/08\/corrida-do-fogo-largada-2025.jpg\",\"keywords\":[\"2025\",\"CBMRO\",\"CORRIDADOFOGO\",\"GOVERNODERONDONIA\"],\"articleSection\":[\"CBMRO\",\"Eventos\"],\"inLanguage\":\"pt-BR\"},{\"@type\":\"WebPage\",\"@id\":\"https:\/\/www.cbm.ro.gov.br\/?p=5509\",\"url\":\"https:\/\/www.cbm.ro.gov.br\/?p=5509\",\"name\":\"CORRIDA DO FOGO \u2013 ETAPA PORTO VELHO: CBMRO PROMOVE EVENTO ESPORTIVO ABERTO AO P\u00daBLICO EM 2025 - Corpo de Bombeiros Militar de Rond\u00f4nia\",\"isPartOf\":{\"@id\":\"https:\/\/www.cbm.ro.gov.br\/#website\"},\"primaryImageOfPage\":{\"@id\":\"https:\/\/www.cbm.ro.gov.br\/?p=5509#primaryimage\"},\"image\":{\"@id\":\"https:\/\/www.cbm.ro.gov.br\/?p=5509#primaryimage\"},\"thumbnailUrl\":\"https:\/\/www.cbm.ro.gov.br\/wp-content\/uploads\/2025\/08\/corrida-do-fogo-largada-2025.jpg\",\"datePublished\":\"2025-08-15T14:22:23+00:00\",\"dateModified\":\"2025-08-15T14:34:07+00:00\",\"breadcrumb\":{\"@id\":\"https:\/\/www.cbm.ro.gov.br\/?p=5509#breadcrumb\"},\"inLanguage\":\"pt-BR\",\"potentialAction\":[{\"@type\":\"ReadAction\",\"target\":[\"https:\/\/www.cbm.ro.gov.br\/?p=5509\"]}]},{\"@type\":\"ImageObject\",\"inLanguage\":\"pt-BR\",\"@id\":\"https:\/\/www.cbm.ro.gov.br\/?p=5509#primaryimage\",\"url\":\"https:\/\/www.cbm.ro.gov.br\/wp-content\/uploads\/2025\/08\/corrida-do-fogo-largada-2025.jpg\",\"contentUrl\":\"https:\/\/www.cbm.ro.gov.br\/wp-content\/uploads\/2025\/08\/corrida-do-fogo-largada-2025.jpg\",\"width\":1600,\"height\":1200},{\"@type\":\"BreadcrumbList\",\"@id\":\"https:\/\/www.cbm.ro.gov.br\/?p=5509#breadcrumb\",\"itemListElement\":[{\"@type\":\"ListItem\",\"position\":1,\"name\":\"In\u00edcio\",\"item\":\"https:\/\/www.cbm.ro.gov.br\/\"},{\"@type\":\"ListItem\",\"position\":2,\"name\":\"CORRIDA DO FOGO \u2013 ETAPA PORTO VELHO: CBMRO PROMOVE EVENTO ESPORTIVO ABERTO AO P\u00daBLICO EM 2025\"}]},{\"@type\":\"WebSite\",\"@id\":\"https:\/\/www.cbm.ro.gov.br\/#website\",\"url\":\"https:\/\/www.cbm.ro.gov.br\/\",\"name\":\"Corpo de Bombeiros Militar de Rond\u00f4nia\",\"description\":\"Vidas alheias, riquezas salvar!\",\"publisher\":{\"@id\":\"https:\/\/www.cbm.ro.gov.br\/#organization\"},\"alternateName\":\"cbmro\",\"potentialAction\":[{\"@type\":\"SearchAction\",\"target\":{\"@type\":\"EntryPoint\",\"urlTemplate\":\"https:\/\/www.cbm.ro.gov.br\/?s={search_term_string}\"},\"query-input\":{\"@type\":\"PropertyValueSpecification\",\"valueRequired\":true,\"valueName\":\"search_term_string\"}}],\"inLanguage\":\"pt-BR\"},{\"@type\":\"Organization\",\"@id\":\"https:\/\/www.cbm.ro.gov.br\/#organization\",\"name\":\"Corpo de Bombeiros Militar do Estado de Rond\u00f4nia\",\"alternateName\":\"CBMRO\",\"url\":\"https:\/\/www.cbm.ro.gov.br\/\",\"logo\":{\"@type\":\"ImageObject\",\"inLanguage\":\"pt-BR\",\"@id\":\"https:\/\/www.cbm.ro.gov.br\/#\/schema\/logo\/image\/\",\"url\":\"https:\/\/www.cbm.ro.gov.br\/wp-content\/uploads\/2023\/12\/cropped-cropped-cropped-BRASO_3D_32-1-e1724344443171.png\",\"contentUrl\":\"https:\/\/www.cbm.ro.gov.br\/wp-content\/uploads\/2023\/12\/cropped-cropped-cropped-BRASO_3D_32-1-e1724344443171.png\",\"width\":446,\"height\":441,\"caption\":\"Corpo de Bombeiros Militar do Estado de Rond\u00f4nia\"},\"image\":{\"@id\":\"https:\/\/www.cbm.ro.gov.br\/#\/schema\/logo\/image\/\"},\"sameAs\":[\"https:\/\/www.facebook.com\/cbmro.oficial\/\",\"https:\/\/www.youtube.com\/c\/CorpodeBombeirosMilitardoEstadodeRond\u00f4nia\"]},{\"@type\":\"Person\",\"@id\":\"https:\/\/www.cbm.ro.gov.br\/#\/schema\/person\/b035b7e269aef4233e9514c2751917c5\",\"name\":\"Marcos Barros\",\"sameAs\":[\"http:\/\/10.210.0.90\/wp-admin\/post.php?post=2688&amp;action=edit\"],\"url\":\"https:\/\/www.cbm.ro.gov.br\/?author=5\"}]}<\/script>\n<!-- \/ Yoast SEO plugin. -->","yoast_head_json":{"title":"CORRIDA DO FOGO \u2013 ETAPA PORTO VELHO: CBMRO PROMOVE EVENTO ESPORTIVO ABERTO AO P\u00daBLICO EM 2025 - Corpo de Bombeiros Militar de Rond\u00f4nia","robots":{"index":"index","follow":"follow","max-snippet":"max-snippet:-1","max-image-preview":"max-image-preview:large","max-video-preview":"max-video-preview:-1"},"canonical":"https:\/\/www.cbm.ro.gov.br\/?p=5509","og_locale":"pt_BR","og_type":"article","og_title":"CORRIDA DO FOGO \u2013 ETAPA PORTO VELHO: CBMRO PROMOVE EVENTO ESPORTIVO ABERTO AO P\u00daBLICO EM 2025 - Corpo de Bombeiros Militar de Rond\u00f4nia","og_description":"Evento realizado pelo Corpo de Bombeiros Militar de Rond\u00f4nia re\u00fane civis e militares em uma grande celebra\u00e7\u00e3o de sa\u00fade, bem-estar e integra\u00e7\u00e3o comunit\u00e1ria. No \u00faltimo dia 9 de agosto de&hellip;","og_url":"https:\/\/www.cbm.ro.gov.br\/?p=5509","og_site_name":"Corpo de Bombeiros Militar de Rond\u00f4nia","article_publisher":"https:\/\/www.facebook.com\/cbmro.oficial\/","article_published_time":"2025-08-15T14:22:23+00:00","article_modified_time":"2025-08-15T14:34:07+00:00","og_image":[{"width":1600,"height":1200,"url":"https:\/\/www.cbm.ro.gov.br\/wp-content\/uploads\/2025\/08\/corrida-do-fogo-largada-2025.jpg","type":"image\/jpeg"}],"author":"Marcos Barros","twitter_card":"summary_large_image","twitter_misc":{"Escrito por":"Marcos Barros","Est. tempo de leitura":"2 minutos"},"schema":{"@context":"https:\/\/schema.org","@graph":[{"@type":"Article","@id":"https:\/\/www.cbm.ro.gov.br\/?p=5509#article","isPartOf":{"@id":"https:\/\/www.cbm.ro.gov.br\/?p=5509"},"author":{"name":"Marcos Barros","@id":"https:\/\/www.cbm.ro.gov.br\/#\/schema\/person\/b035b7e269aef4233e9514c2751917c5"},"headline":"CORRIDA DO FOGO \u2013 ETAPA PORTO VELHO: CBMRO PROMOVE EVENTO ESPORTIVO ABERTO AO P\u00daBLICO EM 2025","datePublished":"2025-08-15T14:22:23+00:00","dateModified":"2025-08-15T14:34:07+00:00","mainEntityOfPage":{"@id":"https:\/\/www.cbm.ro.gov.br\/?p=5509"},"wordCount":500,"publisher":{"@id":"https:\/\/www.cbm.ro.gov.br\/#organization"},"image":{"@id":"https:\/\/www.cbm.ro.gov.br\/?p=5509#primaryimage"},"thumbnailUrl":"https:\/\/www.cbm.ro.gov.br\/wp-content\/uploads\/2025\/08\/corrida-do-fogo-largada-2025.jpg","keywords":["2025","CBMRO","CORRIDADOFOGO","GOVERNODERONDONIA"],"articleSection":["CBMRO","Eventos"],"inLanguage":"pt-BR"},{"@type":"WebPage","@id":"https:\/\/www.cbm.ro.gov.br\/?p=5509","url":"https:\/\/www.cbm.ro.gov.br\/?p=5509","name":"CORRIDA DO FOGO \u2013 ETAPA PORTO VELHO: CBMRO PROMOVE EVENTO ESPORTIVO ABERTO AO P\u00daBLICO EM 2025 - Corpo de Bombeiros Militar de Rond\u00f4nia","isPartOf":{"@id":"https:\/\/www.cbm.ro.gov.br\/#website"},"primaryImageOfPage":{"@id":"https:\/\/www.cbm.ro.gov.br\/?p=5509#primaryimage"},"image":{"@id":"https:\/\/www.cbm.ro.gov.br\/?p=5509#primaryimage"},"thumbnailUrl":"https:\/\/www.cbm.ro.gov.br\/wp-content\/uploads\/2025\/08\/corrida-do-fogo-largada-2025.jpg","datePublished":"2025-08-15T14:22:23+00:00","dateModified":"2025-08-15T14:34:07+00:00","breadcrumb":{"@id":"https:\/\/www.cbm.ro.gov.br\/?p=5509#breadcrumb"},"inLanguage":"pt-BR","potentialAction":[{"@type":"ReadAction","target":["https:\/\/www.cbm.ro.gov.br\/?p=5509"]}]},{"@type":"ImageObject","inLanguage":"pt-BR","@id":"https:\/\/www.cbm.ro.gov.br\/?p=5509#primaryimage","url":"https:\/\/www.cbm.ro.gov.br\/wp-content\/uploads\/2025\/08\/corrida-do-fogo-largada-2025.jpg","contentUrl":"https:\/\/www.cbm.ro.gov.br\/wp-content\/uploads\/2025\/08\/corrida-do-fogo-largada-2025.jpg","width":1600,"height":1200},{"@type":"BreadcrumbList","@id":"https:\/\/www.cbm.ro.gov.br\/?p=5509#breadcrumb","itemListElement":[{"@type":"ListItem","position":1,"name":"In\u00edcio","item":"https:\/\/www.cbm.ro.gov.br\/"},{"@type":"ListItem","position":2,"name":"CORRIDA DO FOGO \u2013 ETAPA PORTO VELHO: CBMRO PROMOVE EVENTO ESPORTIVO ABERTO AO P\u00daBLICO EM 2025"}]},{"@type":"WebSite","@id":"https:\/\/www.cbm.ro.gov.br\/#website","url":"https:\/\/www.cbm.ro.gov.br\/","name":"Corpo de Bombeiros Militar de Rond\u00f4nia","description":"Vidas alheias, riquezas salvar!","publisher":{"@id":"https:\/\/www.cbm.ro.gov.br\/#organization"},"alternateName":"cbmro","potentialAction":[{"@type":"SearchAction","target":{"@type":"EntryPoint","urlTemplate":"https:\/\/www.cbm.ro.gov.br\/?s={search_term_string}"},"query-input":{"@type":"PropertyValueSpecification","valueRequired":true,"valueName":"search_term_string"}}],"inLanguage":"pt-BR"},{"@type":"Organization","@id":"https:\/\/www.cbm.ro.gov.br\/#organization","name":"Corpo de Bombeiros Militar do Estado de Rond\u00f4nia","alternateName":"CBMRO","url":"https:\/\/www.cbm.ro.gov.br\/","logo":{"@type":"ImageObject","inLanguage":"pt-BR","@id":"https:\/\/www.cbm.ro.gov.br\/#\/schema\/logo\/image\/","url":"https:\/\/www.cbm.ro.gov.br\/wp-content\/uploads\/2023\/12\/cropped-cropped-cropped-BRASO_3D_32-1-e1724344443171.png","contentUrl":"https:\/\/www.cbm.ro.gov.br\/wp-content\/uploads\/2023\/12\/cropped-cropped-cropped-BRASO_3D_32-1-e1724344443171.png","width":446,"height":441,"caption":"Corpo de Bombeiros Militar do Estado de Rond\u00f4nia"},"image":{"@id":"https:\/\/www.cbm.ro.gov.br\/#\/schema\/logo\/image\/"},"sameAs":["https:\/\/www.facebook.com\/cbmro.oficial\/","https:\/\/www.youtube.com\/c\/CorpodeBombeirosMilitardoEstadodeRond\u00f4nia"]},{"@type":"Person","@id":"https:\/\/www.cbm.ro.gov.br\/#\/schema\/person\/b035b7e269aef4233e9514c2751917c5","name":"Marcos Barros","sameAs":["http:\/\/10.210.0.90\/wp-admin\/post.php?post=2688&amp;action=edit"],"url":"https:\/\/www.cbm.ro.gov.br\/?author=5"}]}},"wpmagazine_modules_lite_featured_media_urls":{"thumbnail":["https:\/\/www.cbm.ro.gov.br\/wp-content\/uploads\/2025\/08\/corrida-do-fogo-largada-2025-150x150.jpg",150,150,true],"cvmm-medium":["https:\/\/www.cbm.ro.gov.br\/wp-content\/uploads\/2025\/08\/corrida-do-fogo-largada-2025-300x300.jpg",300,300,true],"cvmm-medium-plus":["https:\/\/www.cbm.ro.gov.br\/wp-content\/uploads\/2025\/08\/corrida-do-fogo-largada-2025-305x207.jpg",305,207,true],"cvmm-portrait":["https:\/\/www.cbm.ro.gov.br\/wp-content\/uploads\/2025\/08\/corrida-do-fogo-largada-2025-400x600.jpg",400,600,true],"cvmm-medium-square":["https:\/\/www.cbm.ro.gov.br\/wp-content\/uploads\/2025\/08\/corrida-do-fogo-largada-2025-600x600.jpg",600,600,true],"cvmm-large":["https:\/\/www.cbm.ro.gov.br\/wp-content\/uploads\/2025\/08\/corrida-do-fogo-largada-2025-1024x1024.jpg",1024,1024,true],"cvmm-small":["https:\/\/www.cbm.ro.gov.br\/wp-content\/uploads\/2025\/08\/corrida-do-fogo-largada-2025-130x95.jpg",130,95,true],"full":["https:\/\/www.cbm.ro.gov.br\/wp-content\/uploads\/2025\/08\/corrida-do-fogo-largada-2025.jpg",1600,1200,false]},"categories_names":{"1":{"name":"CBMRO","link":"https:\/\/www.cbm.ro.gov.br\/?cat=1"},"6":{"name":"Eventos","link":"https:\/\/www.cbm.ro.gov.br\/?cat=6"}},"tags_names":{"206":{"name":"2025","link":"https:\/\/www.cbm.ro.gov.br\/?tag=2025"},"13":{"name":"CBMRO","link":"https:\/\/www.cbm.ro.gov.br\/?tag=cbmro"},"319":{"name":"CORRIDADOFOGO","link":"https:\/\/www.cbm.ro.gov.br\/?tag=corridadofogo"},"86":{"name":"GOVERNODERONDONIA","link":"https:\/\/www.cbm.ro.gov.br\/?tag=governoderondonia"}},"comments_number":"0","_links":{"self":[{"href":"https:\/\/www.cbm.ro.gov.br\/index.php?rest_route=\/wp\/v2\/posts\/5509","targetHints":{"allow":["GET"]}}],"collection":[{"href":"https:\/\/www.cbm.ro.gov.br\/index.php?rest_route=\/wp\/v2\/posts"}],"about":[{"href":"https:\/\/www.cbm.ro.gov.br\/index.php?rest_route=\/wp\/v2\/types\/post"}],"author":[{"embeddable":true,"href":"https:\/\/www.cbm.ro.gov.br\/index.php?rest_route=\/wp\/v2\/users\/5"}],"replies":[{"embeddable":true,"href":"https:\/\/www.cbm.ro.gov.br\/index.php?rest_route=%2Fwp%2Fv2%2Fcomments&post=5509"}],"version-history":[{"count":7,"href":"https:\/\/www.cbm.ro.gov.br\/index.php?rest_route=\/wp\/v2\/posts\/5509\/revisions"}],"predecessor-version":[{"id":5524,"href":"https:\/\/www.cbm.ro.gov.br\/index.php?rest_route=\/wp\/v2\/posts\/5509\/revisions\/5524"}],"wp:featuredmedia":[{"embeddable":true,"href":"https:\/\/www.cbm.ro.gov.br\/index.php?rest_route=\/wp\/v2\/media\/5525"}],"wp:attachment":[{"href":"https:\/\/www.cbm.ro.gov.br\/index.php?rest_route=%2Fwp%2Fv2%2Fmedia&parent=5509"}],"wp:term":[{"taxonomy":"category","embeddable":true,"href":"https:\/\/www.cbm.ro.gov.br\/index.php?rest_route=%2Fwp%2Fv2%2Fcategories&post=5509"},{"taxonomy":"post_tag","embeddable":true,"href":"https:\/\/www.cbm.ro.gov.br\/index.php?rest_route=%2Fwp%2Fv2%2Ftags&post=5509"}],"curies":[{"name":"wp","href":"https:\/\/api.w.org\/{rel}","templated":true}]}}