{"id":5474,"date":"2025-08-12T12:09:15","date_gmt":"2025-08-12T16:09:15","guid":{"rendered":"https:\/\/www.cbm.ro.gov.br\/?p=5474"},"modified":"2025-08-12T12:09:16","modified_gmt":"2025-08-12T16:09:16","slug":"cbmro-e-ministerio-publico-de-rondonia-iniciam-acoes-do-mes-da-seguranca-institucional-com-palestra-e-atividades-preventivas","status":"publish","type":"post","link":"https:\/\/www.cbm.ro.gov.br\/?p=5474","title":{"rendered":"CBMRO E MINIST\u00c9RIO P\u00daBLICO DE ROND\u00d4NIA INICIAM A\u00c7\u00d5ES DO M\u00caS DA SEGURAN\u00c7A INSTITUCIONAL COM PALESTRA E ATIVIDADES PREVENTIVAS"},"content":{"rendered":"\n<p class=\"has-black-color has-text-color has-link-color wp-elements-8fa8a8ad3a69bfc3d7606b7a89c6f5b9\">Teve in\u00edcio nesta segunda-feira (12), no edif\u00edcio-sede do Minist\u00e9rio P\u00fablico do Estado de Rond\u00f4nia (MPRO), em Porto Velho, a programa\u00e7\u00e3o do <strong>m\u00eas da seguran\u00e7a institucional<\/strong>, uma iniciativa voltada ao fortalecimento da cultura de preven\u00e7\u00e3o e resposta a emerg\u00eancias nas institui\u00e7\u00f5es p\u00fablicas. A atividade foi conduzida pela <strong>Assessoria Bombeiro Militar junto ao MPRO<\/strong>, com a participa\u00e7\u00e3o de servidores, colaboradores e membros da Brigada de Inc\u00eandio da institui\u00e7\u00e3o.<\/p>\n\n\n\n<p class=\"has-black-color has-text-color has-link-color wp-elements-e8f2df8219bf4e89c22ec2a0c32c4f47\">O evento contou com a palestra do <strong>Cel BM Merycles Guedes Nunes<\/strong>, Assessor Bombeiro Militar e <strong>Coordenador da Brigada de Inc\u00eandio do MP\/RO<\/strong>, que abordou a import\u00e2ncia do planejamento, da resposta r\u00e1pida e do treinamento cont\u00ednuo em situa\u00e7\u00f5es de emerg\u00eancia, especialmente em ambientes com grande fluxo de pessoas e atividades administrativas essenciais.<\/p>\n\n\n\n<figure class=\"wp-block-image is-resized\"><img decoding=\"async\" src=\"https:\/\/lh7-rt.googleusercontent.com\/docsz\/AD_4nXfIFt5EpNqh9fhCzLRDuCMU9jD-EZaCG6UbM7LGn7FVBeobBPM0DRig_mX1y2MeanWrICxo16BTPgwN58F33D7tMSNtCKGViUkb8lkWEBpfZJ0CD4yU944IgeoJJ4Axr5AgoJ7aeQ?key=HPiBclXKh332qkbt04j7ug\" alt=\"\" style=\"width:720px\"\/><\/figure>\n\n\n\n<p class=\"has-black-color has-text-color has-link-color wp-elements-bc44a896c41f79b31aacdfb1fde9efa8\">A a\u00e7\u00e3o marca o in\u00edcio da prepara\u00e7\u00e3o para o <strong>Exerc\u00edcio Simulado do Plano de Emerg\u00eancia Contra Inc\u00eandio e P\u00e2nico<\/strong>, que ser\u00e1 realizado no m\u00eas de setembro. A simula\u00e7\u00e3o envolver\u00e1 a evacua\u00e7\u00e3o coordenada de aproximadamente <strong>786 servidores e colaboradores<\/strong> que atuam no edif\u00edcio-sede do MPRO, em uma opera\u00e7\u00e3o que visa testar os protocolos de emerg\u00eancia e promover o aperfei\u00e7oamento da atua\u00e7\u00e3o da brigada interna.<\/p>\n\n\n\n<p class=\"has-black-color has-text-color has-link-color wp-elements-b5450d737f3b1cf4277be7d67f0d990e\">As atividades fazem parte do programa institucional <strong>&#8220;MP + Seguro: depende de voc\u00ea tamb\u00e9m&#8221;<\/strong>, com desdobramentos ao longo de todo o ano de 2025. Entre as a\u00e7\u00f5es previstas est\u00e1 a <strong>forma\u00e7\u00e3o de novos brigadistas e o nivelamento t\u00e9cnico de mais de 60 servidores<\/strong> que atuam nas promotorias distribu\u00eddas pelo interior do estado.<\/p>\n\n\n\n<p class=\"has-black-color has-text-color has-link-color wp-elements-701effacffb61d4dca9a100c24115234\">A Assessoria Bombeiro Militar \u00e9 respons\u00e1vel pela elabora\u00e7\u00e3o e aplica\u00e7\u00e3o do Plano de Emerg\u00eancia e tem atuado na implementa\u00e7\u00e3o de medidas preventivas alinhadas \u00e0s diretrizes do Corpo de Bombeiros Militar de Rond\u00f4nia. Ap\u00f3s a etapa realizada em Porto Velho, as atividades seguir\u00e3o para as unidades do MPRO no interior, ampliando o alcance da a\u00e7\u00e3o e promovendo o fortalecimento da seguran\u00e7a institucional em todo o estado.<\/p>\n\n\n\n<p class=\"has-black-color has-text-color has-link-color wp-elements-f7a5625003359261143a8938135b1f9e\">O trabalho conjunto entre o CBMRO e o MPRO refor\u00e7a o compromisso com a <strong>prote\u00e7\u00e3o da vida, do patrim\u00f4nio p\u00fablico e com a cultura de preven\u00e7\u00e3o de riscos<\/strong>, essenciais para o bom funcionamento dos \u00f3rg\u00e3os p\u00fablicos e a seguran\u00e7a de seus profissionais.<\/p>\n\n\n\n<figure class=\"wp-block-image is-resized\"><img decoding=\"async\" src=\"https:\/\/lh7-rt.googleusercontent.com\/docsz\/AD_4nXehhDMK1Nbhf19zEjWUzAgUHvSflsjUqFWQh14T9IfwgBgwfbjhZZ5TeACD0S-N05zOWejcVZpCadIBDbUNUflD9QkdqLz1Bup21E8dMNutPMtt8MxhNicGE2M8SO2_awDAJIIb?key=HPiBclXKh332qkbt04j7ug\" alt=\"\" style=\"width:720px\"\/><\/figure>\n\n\n\n<p><\/p>\n","protected":false},"excerpt":{"rendered":"<p>Teve in\u00edcio nesta segunda-feira (12), no edif\u00edcio-sede do Minist\u00e9rio P\u00fablico do Estado de Rond\u00f4nia (MPRO), em Porto Velho, a programa\u00e7\u00e3o do m\u00eas da seguran\u00e7a institucional, uma iniciativa voltada ao fortalecimento&hellip;<\/p>\n","protected":false},"author":5,"featured_media":5475,"comment_status":"closed","ping_status":"open","sticky":false,"template":"","format":"standard","meta":{"footnotes":""},"categories":[1,6],"tags":[13,86,28,298,412,411],"class_list":["post-5474","post","type-post","status-publish","format-standard","has-post-thumbnail","hentry","category-cbmro","category-eventos","tag-cbmro","tag-governoderondonia","tag-mpro","tag-palestras","tag-segurancainstitucional","tag-simulado"],"yoast_head":"<!-- This site is optimized with the Yoast SEO plugin v23.7 - https:\/\/yoast.com\/wordpress\/plugins\/seo\/ -->\n<title>CBMRO E MINIST\u00c9RIO P\u00daBLICO DE ROND\u00d4NIA INICIAM A\u00c7\u00d5ES DO M\u00caS DA SEGURAN\u00c7A INSTITUCIONAL COM PALESTRA E ATIVIDADES PREVENTIVAS - Corpo de Bombeiros Militar de Rond\u00f4nia<\/title>\n<meta name=\"robots\" content=\"index, follow, max-snippet:-1, max-image-preview:large, max-video-preview:-1\" \/>\n<link rel=\"canonical\" href=\"https:\/\/www.cbm.ro.gov.br\/?p=5474\" \/>\n<meta property=\"og:locale\" content=\"pt_BR\" \/>\n<meta property=\"og:type\" content=\"article\" \/>\n<meta property=\"og:title\" content=\"CBMRO E MINIST\u00c9RIO P\u00daBLICO DE ROND\u00d4NIA INICIAM A\u00c7\u00d5ES DO M\u00caS DA SEGURAN\u00c7A INSTITUCIONAL COM PALESTRA E ATIVIDADES PREVENTIVAS - Corpo de Bombeiros Militar de Rond\u00f4nia\" \/>\n<meta property=\"og:description\" content=\"Teve in\u00edcio nesta segunda-feira (12), no edif\u00edcio-sede do Minist\u00e9rio P\u00fablico do Estado de Rond\u00f4nia (MPRO), em Porto Velho, a programa\u00e7\u00e3o do m\u00eas da seguran\u00e7a institucional, uma iniciativa voltada ao fortalecimento&hellip;\" \/>\n<meta property=\"og:url\" content=\"https:\/\/www.cbm.ro.gov.br\/?p=5474\" \/>\n<meta property=\"og:site_name\" content=\"Corpo de Bombeiros Militar de Rond\u00f4nia\" \/>\n<meta property=\"article:publisher\" content=\"https:\/\/www.facebook.com\/cbmro.oficial\/\" \/>\n<meta property=\"article:published_time\" content=\"2025-08-12T16:09:15+00:00\" \/>\n<meta property=\"article:modified_time\" content=\"2025-08-12T16:09:16+00:00\" \/>\n<meta property=\"og:image\" content=\"https:\/\/www.cbm.ro.gov.br\/wp-content\/uploads\/2025\/08\/capa-cel-guedes-scaled.jpeg\" \/>\n\t<meta property=\"og:image:width\" content=\"2560\" \/>\n\t<meta property=\"og:image:height\" content=\"1440\" \/>\n\t<meta property=\"og:image:type\" content=\"image\/jpeg\" \/>\n<meta name=\"author\" content=\"Marcos Barros\" \/>\n<meta name=\"twitter:card\" content=\"summary_large_image\" \/>\n<meta name=\"twitter:label1\" content=\"Escrito por\" \/>\n\t<meta name=\"twitter:data1\" content=\"Marcos Barros\" \/>\n\t<meta name=\"twitter:label2\" content=\"Est. tempo de leitura\" \/>\n\t<meta name=\"twitter:data2\" content=\"2 minutos\" \/>\n<script type=\"application\/ld+json\" class=\"yoast-schema-graph\">{\"@context\":\"https:\/\/schema.org\",\"@graph\":[{\"@type\":\"Article\",\"@id\":\"https:\/\/www.cbm.ro.gov.br\/?p=5474#article\",\"isPartOf\":{\"@id\":\"https:\/\/www.cbm.ro.gov.br\/?p=5474\"},\"author\":{\"name\":\"Marcos Barros\",\"@id\":\"https:\/\/www.cbm.ro.gov.br\/#\/schema\/person\/b035b7e269aef4233e9514c2751917c5\"},\"headline\":\"CBMRO E MINIST\u00c9RIO P\u00daBLICO DE ROND\u00d4NIA INICIAM A\u00c7\u00d5ES DO M\u00caS DA SEGURAN\u00c7A INSTITUCIONAL COM PALESTRA E ATIVIDADES PREVENTIVAS\",\"datePublished\":\"2025-08-12T16:09:15+00:00\",\"dateModified\":\"2025-08-12T16:09:16+00:00\",\"mainEntityOfPage\":{\"@id\":\"https:\/\/www.cbm.ro.gov.br\/?p=5474\"},\"wordCount\":418,\"publisher\":{\"@id\":\"https:\/\/www.cbm.ro.gov.br\/#organization\"},\"image\":{\"@id\":\"https:\/\/www.cbm.ro.gov.br\/?p=5474#primaryimage\"},\"thumbnailUrl\":\"https:\/\/www.cbm.ro.gov.br\/wp-content\/uploads\/2025\/08\/capa-cel-guedes-scaled.jpeg\",\"keywords\":[\"CBMRO\",\"GOVERNODERONDONIA\",\"MPRO\",\"PALESTRAS\",\"SEGURAN\u00c7AINSTITUCIONAL\",\"SIMULADO\"],\"articleSection\":[\"CBMRO\",\"Eventos\"],\"inLanguage\":\"pt-BR\"},{\"@type\":\"WebPage\",\"@id\":\"https:\/\/www.cbm.ro.gov.br\/?p=5474\",\"url\":\"https:\/\/www.cbm.ro.gov.br\/?p=5474\",\"name\":\"CBMRO E MINIST\u00c9RIO P\u00daBLICO DE ROND\u00d4NIA INICIAM A\u00c7\u00d5ES DO M\u00caS DA SEGURAN\u00c7A INSTITUCIONAL COM PALESTRA E ATIVIDADES PREVENTIVAS - Corpo de Bombeiros Militar de Rond\u00f4nia\",\"isPartOf\":{\"@id\":\"https:\/\/www.cbm.ro.gov.br\/#website\"},\"primaryImageOfPage\":{\"@id\":\"https:\/\/www.cbm.ro.gov.br\/?p=5474#primaryimage\"},\"image\":{\"@id\":\"https:\/\/www.cbm.ro.gov.br\/?p=5474#primaryimage\"},\"thumbnailUrl\":\"https:\/\/www.cbm.ro.gov.br\/wp-content\/uploads\/2025\/08\/capa-cel-guedes-scaled.jpeg\",\"datePublished\":\"2025-08-12T16:09:15+00:00\",\"dateModified\":\"2025-08-12T16:09:16+00:00\",\"breadcrumb\":{\"@id\":\"https:\/\/www.cbm.ro.gov.br\/?p=5474#breadcrumb\"},\"inLanguage\":\"pt-BR\",\"potentialAction\":[{\"@type\":\"ReadAction\",\"target\":[\"https:\/\/www.cbm.ro.gov.br\/?p=5474\"]}]},{\"@type\":\"ImageObject\",\"inLanguage\":\"pt-BR\",\"@id\":\"https:\/\/www.cbm.ro.gov.br\/?p=5474#primaryimage\",\"url\":\"https:\/\/www.cbm.ro.gov.br\/wp-content\/uploads\/2025\/08\/capa-cel-guedes-scaled.jpeg\",\"contentUrl\":\"https:\/\/www.cbm.ro.gov.br\/wp-content\/uploads\/2025\/08\/capa-cel-guedes-scaled.jpeg\",\"width\":2560,\"height\":1440},{\"@type\":\"BreadcrumbList\",\"@id\":\"https:\/\/www.cbm.ro.gov.br\/?p=5474#breadcrumb\",\"itemListElement\":[{\"@type\":\"ListItem\",\"position\":1,\"name\":\"In\u00edcio\",\"item\":\"https:\/\/www.cbm.ro.gov.br\/\"},{\"@type\":\"ListItem\",\"position\":2,\"name\":\"CBMRO E MINIST\u00c9RIO P\u00daBLICO DE ROND\u00d4NIA INICIAM A\u00c7\u00d5ES DO M\u00caS DA SEGURAN\u00c7A INSTITUCIONAL COM PALESTRA E ATIVIDADES PREVENTIVAS\"}]},{\"@type\":\"WebSite\",\"@id\":\"https:\/\/www.cbm.ro.gov.br\/#website\",\"url\":\"https:\/\/www.cbm.ro.gov.br\/\",\"name\":\"Corpo de Bombeiros Militar de Rond\u00f4nia\",\"description\":\"Vidas alheias, riquezas salvar!\",\"publisher\":{\"@id\":\"https:\/\/www.cbm.ro.gov.br\/#organization\"},\"alternateName\":\"cbmro\",\"potentialAction\":[{\"@type\":\"SearchAction\",\"target\":{\"@type\":\"EntryPoint\",\"urlTemplate\":\"https:\/\/www.cbm.ro.gov.br\/?s={search_term_string}\"},\"query-input\":{\"@type\":\"PropertyValueSpecification\",\"valueRequired\":true,\"valueName\":\"search_term_string\"}}],\"inLanguage\":\"pt-BR\"},{\"@type\":\"Organization\",\"@id\":\"https:\/\/www.cbm.ro.gov.br\/#organization\",\"name\":\"Corpo de Bombeiros Militar do Estado de Rond\u00f4nia\",\"alternateName\":\"CBMRO\",\"url\":\"https:\/\/www.cbm.ro.gov.br\/\",\"logo\":{\"@type\":\"ImageObject\",\"inLanguage\":\"pt-BR\",\"@id\":\"https:\/\/www.cbm.ro.gov.br\/#\/schema\/logo\/image\/\",\"url\":\"https:\/\/www.cbm.ro.gov.br\/wp-content\/uploads\/2023\/12\/cropped-cropped-cropped-BRASO_3D_32-1-e1724344443171.png\",\"contentUrl\":\"https:\/\/www.cbm.ro.gov.br\/wp-content\/uploads\/2023\/12\/cropped-cropped-cropped-BRASO_3D_32-1-e1724344443171.png\",\"width\":446,\"height\":441,\"caption\":\"Corpo de Bombeiros Militar do Estado de Rond\u00f4nia\"},\"image\":{\"@id\":\"https:\/\/www.cbm.ro.gov.br\/#\/schema\/logo\/image\/\"},\"sameAs\":[\"https:\/\/www.facebook.com\/cbmro.oficial\/\",\"https:\/\/www.youtube.com\/c\/CorpodeBombeirosMilitardoEstadodeRond\u00f4nia\"]},{\"@type\":\"Person\",\"@id\":\"https:\/\/www.cbm.ro.gov.br\/#\/schema\/person\/b035b7e269aef4233e9514c2751917c5\",\"name\":\"Marcos Barros\",\"sameAs\":[\"http:\/\/10.210.0.90\/wp-admin\/post.php?post=2688&amp;action=edit\"],\"url\":\"https:\/\/www.cbm.ro.gov.br\/?author=5\"}]}<\/script>\n<!-- \/ Yoast SEO plugin. -->","yoast_head_json":{"title":"CBMRO E MINIST\u00c9RIO P\u00daBLICO DE ROND\u00d4NIA INICIAM A\u00c7\u00d5ES DO M\u00caS DA SEGURAN\u00c7A INSTITUCIONAL COM PALESTRA E ATIVIDADES PREVENTIVAS - Corpo de Bombeiros Militar de Rond\u00f4nia","robots":{"index":"index","follow":"follow","max-snippet":"max-snippet:-1","max-image-preview":"max-image-preview:large","max-video-preview":"max-video-preview:-1"},"canonical":"https:\/\/www.cbm.ro.gov.br\/?p=5474","og_locale":"pt_BR","og_type":"article","og_title":"CBMRO E MINIST\u00c9RIO P\u00daBLICO DE ROND\u00d4NIA INICIAM A\u00c7\u00d5ES DO M\u00caS DA SEGURAN\u00c7A INSTITUCIONAL COM PALESTRA E ATIVIDADES PREVENTIVAS - Corpo de Bombeiros Militar de Rond\u00f4nia","og_description":"Teve in\u00edcio nesta segunda-feira (12), no edif\u00edcio-sede do Minist\u00e9rio P\u00fablico do Estado de Rond\u00f4nia (MPRO), em Porto Velho, a programa\u00e7\u00e3o do m\u00eas da seguran\u00e7a institucional, uma iniciativa voltada ao fortalecimento&hellip;","og_url":"https:\/\/www.cbm.ro.gov.br\/?p=5474","og_site_name":"Corpo de Bombeiros Militar de Rond\u00f4nia","article_publisher":"https:\/\/www.facebook.com\/cbmro.oficial\/","article_published_time":"2025-08-12T16:09:15+00:00","article_modified_time":"2025-08-12T16:09:16+00:00","og_image":[{"width":2560,"height":1440,"url":"https:\/\/www.cbm.ro.gov.br\/wp-content\/uploads\/2025\/08\/capa-cel-guedes-scaled.jpeg","type":"image\/jpeg"}],"author":"Marcos Barros","twitter_card":"summary_large_image","twitter_misc":{"Escrito por":"Marcos Barros","Est. tempo de leitura":"2 minutos"},"schema":{"@context":"https:\/\/schema.org","@graph":[{"@type":"Article","@id":"https:\/\/www.cbm.ro.gov.br\/?p=5474#article","isPartOf":{"@id":"https:\/\/www.cbm.ro.gov.br\/?p=5474"},"author":{"name":"Marcos Barros","@id":"https:\/\/www.cbm.ro.gov.br\/#\/schema\/person\/b035b7e269aef4233e9514c2751917c5"},"headline":"CBMRO E MINIST\u00c9RIO P\u00daBLICO DE ROND\u00d4NIA INICIAM A\u00c7\u00d5ES DO M\u00caS DA SEGURAN\u00c7A INSTITUCIONAL COM PALESTRA E ATIVIDADES PREVENTIVAS","datePublished":"2025-08-12T16:09:15+00:00","dateModified":"2025-08-12T16:09:16+00:00","mainEntityOfPage":{"@id":"https:\/\/www.cbm.ro.gov.br\/?p=5474"},"wordCount":418,"publisher":{"@id":"https:\/\/www.cbm.ro.gov.br\/#organization"},"image":{"@id":"https:\/\/www.cbm.ro.gov.br\/?p=5474#primaryimage"},"thumbnailUrl":"https:\/\/www.cbm.ro.gov.br\/wp-content\/uploads\/2025\/08\/capa-cel-guedes-scaled.jpeg","keywords":["CBMRO","GOVERNODERONDONIA","MPRO","PALESTRAS","SEGURAN\u00c7AINSTITUCIONAL","SIMULADO"],"articleSection":["CBMRO","Eventos"],"inLanguage":"pt-BR"},{"@type":"WebPage","@id":"https:\/\/www.cbm.ro.gov.br\/?p=5474","url":"https:\/\/www.cbm.ro.gov.br\/?p=5474","name":"CBMRO E MINIST\u00c9RIO P\u00daBLICO DE ROND\u00d4NIA INICIAM A\u00c7\u00d5ES DO M\u00caS DA SEGURAN\u00c7A INSTITUCIONAL COM PALESTRA E ATIVIDADES PREVENTIVAS - Corpo de Bombeiros Militar de Rond\u00f4nia","isPartOf":{"@id":"https:\/\/www.cbm.ro.gov.br\/#website"},"primaryImageOfPage":{"@id":"https:\/\/www.cbm.ro.gov.br\/?p=5474#primaryimage"},"image":{"@id":"https:\/\/www.cbm.ro.gov.br\/?p=5474#primaryimage"},"thumbnailUrl":"https:\/\/www.cbm.ro.gov.br\/wp-content\/uploads\/2025\/08\/capa-cel-guedes-scaled.jpeg","datePublished":"2025-08-12T16:09:15+00:00","dateModified":"2025-08-12T16:09:16+00:00","breadcrumb":{"@id":"https:\/\/www.cbm.ro.gov.br\/?p=5474#breadcrumb"},"inLanguage":"pt-BR","potentialAction":[{"@type":"ReadAction","target":["https:\/\/www.cbm.ro.gov.br\/?p=5474"]}]},{"@type":"ImageObject","inLanguage":"pt-BR","@id":"https:\/\/www.cbm.ro.gov.br\/?p=5474#primaryimage","url":"https:\/\/www.cbm.ro.gov.br\/wp-content\/uploads\/2025\/08\/capa-cel-guedes-scaled.jpeg","contentUrl":"https:\/\/www.cbm.ro.gov.br\/wp-content\/uploads\/2025\/08\/capa-cel-guedes-scaled.jpeg","width":2560,"height":1440},{"@type":"BreadcrumbList","@id":"https:\/\/www.cbm.ro.gov.br\/?p=5474#breadcrumb","itemListElement":[{"@type":"ListItem","position":1,"name":"In\u00edcio","item":"https:\/\/www.cbm.ro.gov.br\/"},{"@type":"ListItem","position":2,"name":"CBMRO E MINIST\u00c9RIO P\u00daBLICO DE ROND\u00d4NIA INICIAM A\u00c7\u00d5ES DO M\u00caS DA SEGURAN\u00c7A INSTITUCIONAL COM PALESTRA E ATIVIDADES PREVENTIVAS"}]},{"@type":"WebSite","@id":"https:\/\/www.cbm.ro.gov.br\/#website","url":"https:\/\/www.cbm.ro.gov.br\/","name":"Corpo de Bombeiros Militar de Rond\u00f4nia","description":"Vidas alheias, riquezas salvar!","publisher":{"@id":"https:\/\/www.cbm.ro.gov.br\/#organization"},"alternateName":"cbmro","potentialAction":[{"@type":"SearchAction","target":{"@type":"EntryPoint","urlTemplate":"https:\/\/www.cbm.ro.gov.br\/?s={search_term_string}"},"query-input":{"@type":"PropertyValueSpecification","valueRequired":true,"valueName":"search_term_string"}}],"inLanguage":"pt-BR"},{"@type":"Organization","@id":"https:\/\/www.cbm.ro.gov.br\/#organization","name":"Corpo de Bombeiros Militar do Estado de Rond\u00f4nia","alternateName":"CBMRO","url":"https:\/\/www.cbm.ro.gov.br\/","logo":{"@type":"ImageObject","inLanguage":"pt-BR","@id":"https:\/\/www.cbm.ro.gov.br\/#\/schema\/logo\/image\/","url":"https:\/\/www.cbm.ro.gov.br\/wp-content\/uploads\/2023\/12\/cropped-cropped-cropped-BRASO_3D_32-1-e1724344443171.png","contentUrl":"https:\/\/www.cbm.ro.gov.br\/wp-content\/uploads\/2023\/12\/cropped-cropped-cropped-BRASO_3D_32-1-e1724344443171.png","width":446,"height":441,"caption":"Corpo de Bombeiros Militar do Estado de Rond\u00f4nia"},"image":{"@id":"https:\/\/www.cbm.ro.gov.br\/#\/schema\/logo\/image\/"},"sameAs":["https:\/\/www.facebook.com\/cbmro.oficial\/","https:\/\/www.youtube.com\/c\/CorpodeBombeirosMilitardoEstadodeRond\u00f4nia"]},{"@type":"Person","@id":"https:\/\/www.cbm.ro.gov.br\/#\/schema\/person\/b035b7e269aef4233e9514c2751917c5","name":"Marcos Barros","sameAs":["http:\/\/10.210.0.90\/wp-admin\/post.php?post=2688&amp;action=edit"],"url":"https:\/\/www.cbm.ro.gov.br\/?author=5"}]}},"wpmagazine_modules_lite_featured_media_urls":{"thumbnail":["https:\/\/www.cbm.ro.gov.br\/wp-content\/uploads\/2025\/08\/capa-cel-guedes-150x150.jpeg",150,150,true],"cvmm-medium":["https:\/\/www.cbm.ro.gov.br\/wp-content\/uploads\/2025\/08\/capa-cel-guedes-300x300.jpeg",300,300,true],"cvmm-medium-plus":["https:\/\/www.cbm.ro.gov.br\/wp-content\/uploads\/2025\/08\/capa-cel-guedes-305x207.jpeg",305,207,true],"cvmm-portrait":["https:\/\/www.cbm.ro.gov.br\/wp-content\/uploads\/2025\/08\/capa-cel-guedes-400x600.jpeg",400,600,true],"cvmm-medium-square":["https:\/\/www.cbm.ro.gov.br\/wp-content\/uploads\/2025\/08\/capa-cel-guedes-600x600.jpeg",600,600,true],"cvmm-large":["https:\/\/www.cbm.ro.gov.br\/wp-content\/uploads\/2025\/08\/capa-cel-guedes-1024x1024.jpeg",1024,1024,true],"cvmm-small":["https:\/\/www.cbm.ro.gov.br\/wp-content\/uploads\/2025\/08\/capa-cel-guedes-130x95.jpeg",130,95,true],"full":["https:\/\/www.cbm.ro.gov.br\/wp-content\/uploads\/2025\/08\/capa-cel-guedes-scaled.jpeg",2560,1440,false]},"categories_names":{"1":{"name":"CBMRO","link":"https:\/\/www.cbm.ro.gov.br\/?cat=1"},"6":{"name":"Eventos","link":"https:\/\/www.cbm.ro.gov.br\/?cat=6"}},"tags_names":{"13":{"name":"CBMRO","link":"https:\/\/www.cbm.ro.gov.br\/?tag=cbmro"},"86":{"name":"GOVERNODERONDONIA","link":"https:\/\/www.cbm.ro.gov.br\/?tag=governoderondonia"},"28":{"name":"MPRO","link":"https:\/\/www.cbm.ro.gov.br\/?tag=mpro"},"298":{"name":"PALESTRAS","link":"https:\/\/www.cbm.ro.gov.br\/?tag=palestras"},"412":{"name":"SEGURAN\u00c7AINSTITUCIONAL","link":"https:\/\/www.cbm.ro.gov.br\/?tag=segurancainstitucional"},"411":{"name":"SIMULADO","link":"https:\/\/www.cbm.ro.gov.br\/?tag=simulado"}},"comments_number":"0","_links":{"self":[{"href":"https:\/\/www.cbm.ro.gov.br\/index.php?rest_route=\/wp\/v2\/posts\/5474","targetHints":{"allow":["GET"]}}],"collection":[{"href":"https:\/\/www.cbm.ro.gov.br\/index.php?rest_route=\/wp\/v2\/posts"}],"about":[{"href":"https:\/\/www.cbm.ro.gov.br\/index.php?rest_route=\/wp\/v2\/types\/post"}],"author":[{"embeddable":true,"href":"https:\/\/www.cbm.ro.gov.br\/index.php?rest_route=\/wp\/v2\/users\/5"}],"replies":[{"embeddable":true,"href":"https:\/\/www.cbm.ro.gov.br\/index.php?rest_route=%2Fwp%2Fv2%2Fcomments&post=5474"}],"version-history":[{"count":2,"href":"https:\/\/www.cbm.ro.gov.br\/index.php?rest_route=\/wp\/v2\/posts\/5474\/revisions"}],"predecessor-version":[{"id":5477,"href":"https:\/\/www.cbm.ro.gov.br\/index.php?rest_route=\/wp\/v2\/posts\/5474\/revisions\/5477"}],"wp:featuredmedia":[{"embeddable":true,"href":"https:\/\/www.cbm.ro.gov.br\/index.php?rest_route=\/wp\/v2\/media\/5475"}],"wp:attachment":[{"href":"https:\/\/www.cbm.ro.gov.br\/index.php?rest_route=%2Fwp%2Fv2%2Fmedia&parent=5474"}],"wp:term":[{"taxonomy":"category","embeddable":true,"href":"https:\/\/www.cbm.ro.gov.br\/index.php?rest_route=%2Fwp%2Fv2%2Fcategories&post=5474"},{"taxonomy":"post_tag","embeddable":true,"href":"https:\/\/www.cbm.ro.gov.br\/index.php?rest_route=%2Fwp%2Fv2%2Ftags&post=5474"}],"curies":[{"name":"wp","href":"https:\/\/api.w.org\/{rel}","templated":true}]}}