{"id":4843,"date":"2025-06-24T12:07:24","date_gmt":"2025-06-24T16:07:24","guid":{"rendered":"https:\/\/www.cbm.ro.gov.br\/?p=4843"},"modified":"2025-06-24T12:07:26","modified_gmt":"2025-06-24T16:07:26","slug":"forest-fire-2025-cbmro-participa-de-congresso-internacional-de-gestao-de-incendios-florestais","status":"publish","type":"post","link":"https:\/\/www.cbm.ro.gov.br\/?p=4843","title":{"rendered":"FOREST FIRE 2025: CBMRO PARTICIPA DE CONGRESSO INTERNACIONAL DE GEST\u00c3O DE INC\u00caNDIOS FLORESTAIS"},"content":{"rendered":"\n<p class=\"has-black-color has-text-color has-link-color wp-elements-e276961d80e80c041b3c5b9b12f27896\"><strong>Cuiab\u00e1-MT<\/strong> \u2013 Entre os dias 16 e 18 de junho de 2025, o Corpo de Bombeiros Militar do Estado de Rond\u00f4nia (CBMRO) participou ativamente do <strong>&#8220;Forest Fire \u2013 Congresso Internacional de Gest\u00e3o de Inc\u00eandios Florestais&#8221;<\/strong>, realizado no Centro de Eventos do Pantanal, em Cuiab\u00e1 (MT). O congresso tamb\u00e9m sediou a <strong>1\u00aa Reuni\u00e3o Presencial do ano do Conselho Nacional de Comandantes-Gerais dos Corpos de Bombeiros Militares (CNCGBM)<\/strong> e da <strong>LIGABOM (Liga Nacional dos Corpos de Bombeiros Militares do Brasil)<\/strong>, reunindo autoridades, especialistas e profissionais de todo o pa\u00eds.<\/p>\n\n\n\n<p class=\"has-black-color has-text-color has-link-color wp-elements-18250f41d179fb1514a4bedd1f27eec3\">A comitiva rondoniense, liderada pelo Comandante-Geral Coronel Nivaldo, foi composta por mais de 50 bombeiros militares do Estado, que participaram de uma ampla programa\u00e7\u00e3o voltada \u00e0 integra\u00e7\u00e3o, capacita\u00e7\u00e3o t\u00e9cnica e inova\u00e7\u00e3o no enfrentamento aos inc\u00eandios florestais. A presen\u00e7a de Rond\u00f4nia no evento refor\u00e7a o compromisso da corpora\u00e7\u00e3o com a qualifica\u00e7\u00e3o profissional e o fortalecimento da atua\u00e7\u00e3o colaborativa no cen\u00e1rio nacional.<\/p>\n\n\n<div class=\"wp-block-image\">\n<figure class=\"aligncenter size-large is-resized\"><img fetchpriority=\"high\" decoding=\"async\" width=\"2560\" height=\"1440\" src=\"https:\/\/www.cbm.ro.gov.br\/wp-content\/uploads\/2025\/06\/01.ForetFire-Mesa-edited-scaled.jpeg\" alt=\"\" class=\"wp-image-4847\" style=\"width:754px;height:auto\" srcset=\"https:\/\/www.cbm.ro.gov.br\/wp-content\/uploads\/2025\/06\/01.ForetFire-Mesa-edited-scaled.jpeg 2560w, https:\/\/www.cbm.ro.gov.br\/wp-content\/uploads\/2025\/06\/01.ForetFire-Mesa-edited-300x169.jpeg 300w, https:\/\/www.cbm.ro.gov.br\/wp-content\/uploads\/2025\/06\/01.ForetFire-Mesa-edited-1024x576.jpeg 1024w, https:\/\/www.cbm.ro.gov.br\/wp-content\/uploads\/2025\/06\/01.ForetFire-Mesa-edited-768x432.jpeg 768w, https:\/\/www.cbm.ro.gov.br\/wp-content\/uploads\/2025\/06\/01.ForetFire-Mesa-edited-1536x864.jpeg 1536w, https:\/\/www.cbm.ro.gov.br\/wp-content\/uploads\/2025\/06\/01.ForetFire-Mesa-edited-2048x1152.jpeg 2048w\" sizes=\"(max-width: 2560px) 100vw, 2560px\" \/><\/figure><\/div>\n\n\n<div style=\"height:20px\" aria-hidden=\"true\" class=\"wp-block-spacer\"><\/div>\n\n\n\n<p class=\"has-black-color has-text-color has-link-color wp-elements-c5827c0cf020f9fc36cb5a25ff575872\">O congresso foi um marco para a gest\u00e3o integrada de emerg\u00eancias ambientais, reunindo especialistas nacionais e internacionais, representantes de institui\u00e7\u00f5es p\u00fablicas, setor produtivo, academia e sociedade civil. A programa\u00e7\u00e3o contou com confer\u00eancias, pain\u00e9is t\u00e9cnicos, feira de tecnologias aplicadas, apresenta\u00e7\u00e3o de trabalhos cient\u00edficos e momentos de networking, com foco na constru\u00e7\u00e3o de solu\u00e7\u00f5es conjuntas para os desafios crescentes dos inc\u00eandios florestais e desastres ambientais.<\/p>\n\n\n\n<p class=\"has-black-color has-text-color has-link-color wp-elements-8233433021ac036f4c1886f5e6153889\">Durante a reuni\u00e3o da LIGABOM, que contou com a presen\u00e7a dos comandantes-gerais dos Corpos de Bombeiros Militares de todas as unidades federativas do Brasil, al\u00e9m de representantes da Secretaria Nacional de Seguran\u00e7a P\u00fablica (SENASP), do diretor do Centro Nacional de Gerenciamento de Riscos e Desastres (CENAD), Armin Augusto Braun, e de outras autoridades, foram debatidos temas essenciais para o aprimoramento da resposta nacional frente aos inc\u00eandios florestais.<\/p>\n\n\n<div class=\"wp-block-image\">\n<figure class=\"aligncenter size-large is-resized\"><img decoding=\"async\" width=\"2560\" height=\"1440\" src=\"https:\/\/www.cbm.ro.gov.br\/wp-content\/uploads\/2025\/06\/02.ForetFire-Mesa-edited-1-scaled.jpeg\" alt=\"\" class=\"wp-image-4848\" style=\"width:762px;height:auto\" srcset=\"https:\/\/www.cbm.ro.gov.br\/wp-content\/uploads\/2025\/06\/02.ForetFire-Mesa-edited-1-scaled.jpeg 2560w, https:\/\/www.cbm.ro.gov.br\/wp-content\/uploads\/2025\/06\/02.ForetFire-Mesa-edited-1-300x169.jpeg 300w, https:\/\/www.cbm.ro.gov.br\/wp-content\/uploads\/2025\/06\/02.ForetFire-Mesa-edited-1-1024x576.jpeg 1024w, https:\/\/www.cbm.ro.gov.br\/wp-content\/uploads\/2025\/06\/02.ForetFire-Mesa-edited-1-768x432.jpeg 768w, https:\/\/www.cbm.ro.gov.br\/wp-content\/uploads\/2025\/06\/02.ForetFire-Mesa-edited-1-1536x864.jpeg 1536w, https:\/\/www.cbm.ro.gov.br\/wp-content\/uploads\/2025\/06\/02.ForetFire-Mesa-edited-1-2048x1152.jpeg 2048w\" sizes=\"(max-width: 2560px) 100vw, 2560px\" \/><\/figure><\/div>\n\n\n<div style=\"height:20px\" aria-hidden=\"true\" class=\"wp-block-spacer\"><\/div>\n\n\n\n<p class=\"has-black-color has-text-color has-link-color wp-elements-34c1a19500ac06620e6e41d0384d96d3\">Entre os assuntos tratados estiveram o alinhamento de estrat\u00e9gias para a gest\u00e3o dos inc\u00eandios com uso integrado de recursos humanos e log\u00edsticos, a defini\u00e7\u00e3o de fontes de financiamento para opera\u00e7\u00f5es, a capacita\u00e7\u00e3o t\u00e9cnica continuada dos militares, e a cria\u00e7\u00e3o de uma for\u00e7a-tarefa nacional de apoio aos estados atingidos por desastres.<\/p>\n\n\n\n<p class=\"has-black-color has-text-color has-link-color wp-elements-36b89c8603335f5c277a06147d07c8a4\">Segundo o Comandante-Geral Coronel Nivaldo, a participa\u00e7\u00e3o do CBMRO no evento representa um passo importante para a atua\u00e7\u00e3o conjunta entre os estados. \u201cEsse encontro consolida um esfor\u00e7o nacional de integra\u00e7\u00e3o entre os Corpos de Bombeiros, promovendo o interc\u00e2mbio de experi\u00eancias e fortalecendo a capacidade de resposta do Brasil diante dos inc\u00eandios florestais e demais emerg\u00eancias ambientais\u201d, destacou.<\/p>\n\n\n\n<p class=\"has-black-color has-text-color has-link-color wp-elements-8e8d56a561e2fdd31c9a6b4b8eee554c\">Com sua participa\u00e7\u00e3o estrat\u00e9gica, o Corpo de Bombeiros Militar de Rond\u00f4nia reafirma seu papel de destaque na articula\u00e7\u00e3o nacional, atuando com excel\u00eancia, preparo t\u00e9cnico e compromisso com a prote\u00e7\u00e3o da vida, do meio ambiente e da sociedade.<\/p>\n\n\n<div class=\"wp-block-image\">\n<figure class=\"aligncenter size-large is-resized\"><img decoding=\"async\" width=\"2560\" height=\"1440\" src=\"https:\/\/www.cbm.ro.gov.br\/wp-content\/uploads\/2025\/06\/03.ForetFire-Hino-edited-1-scaled.jpeg\" alt=\"\" class=\"wp-image-4851\" style=\"width:752px;height:auto\" srcset=\"https:\/\/www.cbm.ro.gov.br\/wp-content\/uploads\/2025\/06\/03.ForetFire-Hino-edited-1-scaled.jpeg 2560w, https:\/\/www.cbm.ro.gov.br\/wp-content\/uploads\/2025\/06\/03.ForetFire-Hino-edited-1-300x169.jpeg 300w, https:\/\/www.cbm.ro.gov.br\/wp-content\/uploads\/2025\/06\/03.ForetFire-Hino-edited-1-1024x576.jpeg 1024w, https:\/\/www.cbm.ro.gov.br\/wp-content\/uploads\/2025\/06\/03.ForetFire-Hino-edited-1-768x432.jpeg 768w, https:\/\/www.cbm.ro.gov.br\/wp-content\/uploads\/2025\/06\/03.ForetFire-Hino-edited-1-1536x864.jpeg 1536w, https:\/\/www.cbm.ro.gov.br\/wp-content\/uploads\/2025\/06\/03.ForetFire-Hino-edited-1-2048x1152.jpeg 2048w\" sizes=\"(max-width: 2560px) 100vw, 2560px\" \/><\/figure><\/div>","protected":false},"excerpt":{"rendered":"<p>Cuiab\u00e1-MT \u2013 Entre os dias 16 e 18 de junho de 2025, o Corpo de Bombeiros Militar do Estado de Rond\u00f4nia (CBMRO) participou ativamente do &#8220;Forest Fire \u2013 Congresso Internacional&hellip;<\/p>\n","protected":false},"author":3,"featured_media":4852,"comment_status":"closed","ping_status":"open","sticky":false,"template":"","format":"standard","meta":{"footnotes":""},"categories":[1],"tags":[13,364,221,362,361,163,363],"class_list":["post-4843","post","type-post","status-publish","format-standard","has-post-thumbnail","hentry","category-cbmro","tag-cbmro","tag-cenad","tag-comandante-geral","tag-congresso-internacional-de-gestao-de-incendios-florestais","tag-forest-fire","tag-ligabom","tag-senasp"],"yoast_head":"<!-- This site is optimized with the Yoast SEO plugin v23.7 - https:\/\/yoast.com\/wordpress\/plugins\/seo\/ -->\n<title>FOREST FIRE 2025: CBMRO PARTICIPA DE CONGRESSO INTERNACIONAL DE GEST\u00c3O DE INC\u00caNDIOS FLORESTAIS - Corpo de Bombeiros Militar de Rond\u00f4nia<\/title>\n<meta name=\"robots\" content=\"index, follow, max-snippet:-1, max-image-preview:large, max-video-preview:-1\" \/>\n<link rel=\"canonical\" href=\"https:\/\/www.cbm.ro.gov.br\/?p=4843\" \/>\n<meta property=\"og:locale\" content=\"pt_BR\" \/>\n<meta property=\"og:type\" content=\"article\" \/>\n<meta property=\"og:title\" content=\"FOREST FIRE 2025: CBMRO PARTICIPA DE CONGRESSO INTERNACIONAL DE GEST\u00c3O DE INC\u00caNDIOS FLORESTAIS - Corpo de Bombeiros Militar de Rond\u00f4nia\" \/>\n<meta property=\"og:description\" content=\"Cuiab\u00e1-MT \u2013 Entre os dias 16 e 18 de junho de 2025, o Corpo de Bombeiros Militar do Estado de Rond\u00f4nia (CBMRO) participou ativamente do &#8220;Forest Fire \u2013 Congresso Internacional&hellip;\" \/>\n<meta property=\"og:url\" content=\"https:\/\/www.cbm.ro.gov.br\/?p=4843\" \/>\n<meta property=\"og:site_name\" content=\"Corpo de Bombeiros Militar de Rond\u00f4nia\" \/>\n<meta property=\"article:publisher\" content=\"https:\/\/www.facebook.com\/cbmro.oficial\/\" \/>\n<meta property=\"article:published_time\" content=\"2025-06-24T16:07:24+00:00\" \/>\n<meta property=\"article:modified_time\" content=\"2025-06-24T16:07:26+00:00\" \/>\n<meta property=\"og:image\" content=\"https:\/\/www.cbm.ro.gov.br\/wp-content\/uploads\/2025\/06\/00.ForetFire-CAPA-scaled.jpeg\" \/>\n\t<meta property=\"og:image:width\" content=\"2560\" \/>\n\t<meta property=\"og:image:height\" content=\"1440\" \/>\n\t<meta property=\"og:image:type\" content=\"image\/jpeg\" \/>\n<meta name=\"author\" content=\"Diovana Castellon\" \/>\n<meta name=\"twitter:card\" content=\"summary_large_image\" \/>\n<meta name=\"twitter:label1\" content=\"Escrito por\" \/>\n\t<meta name=\"twitter:data1\" content=\"Diovana Castellon\" \/>\n\t<meta name=\"twitter:label2\" content=\"Est. tempo de leitura\" \/>\n\t<meta name=\"twitter:data2\" content=\"2 minutos\" \/>\n<script type=\"application\/ld+json\" class=\"yoast-schema-graph\">{\"@context\":\"https:\/\/schema.org\",\"@graph\":[{\"@type\":\"Article\",\"@id\":\"https:\/\/www.cbm.ro.gov.br\/?p=4843#article\",\"isPartOf\":{\"@id\":\"https:\/\/www.cbm.ro.gov.br\/?p=4843\"},\"author\":{\"name\":\"Diovana Castellon\",\"@id\":\"https:\/\/www.cbm.ro.gov.br\/#\/schema\/person\/8e7b7a65b9962de993d36cb5fca8412f\"},\"headline\":\"FOREST FIRE 2025: CBMRO PARTICIPA DE CONGRESSO INTERNACIONAL DE GEST\u00c3O DE INC\u00caNDIOS FLORESTAIS\",\"datePublished\":\"2025-06-24T16:07:24+00:00\",\"dateModified\":\"2025-06-24T16:07:26+00:00\",\"mainEntityOfPage\":{\"@id\":\"https:\/\/www.cbm.ro.gov.br\/?p=4843\"},\"wordCount\":491,\"publisher\":{\"@id\":\"https:\/\/www.cbm.ro.gov.br\/#organization\"},\"image\":{\"@id\":\"https:\/\/www.cbm.ro.gov.br\/?p=4843#primaryimage\"},\"thumbnailUrl\":\"https:\/\/www.cbm.ro.gov.br\/wp-content\/uploads\/2025\/06\/00.ForetFire-CAPA-scaled.jpeg\",\"keywords\":[\"CBMRO\",\"CENAD\",\"COMANDANTE-GERAL\",\"CONGRESSO INTERNACIONAL DE GEST\u00c3O DE INC\u00caNDIOS FLORESTAIS\",\"FOREST FIRE\",\"LIGABOM\",\"SENASP\"],\"articleSection\":[\"CBMRO\"],\"inLanguage\":\"pt-BR\"},{\"@type\":\"WebPage\",\"@id\":\"https:\/\/www.cbm.ro.gov.br\/?p=4843\",\"url\":\"https:\/\/www.cbm.ro.gov.br\/?p=4843\",\"name\":\"FOREST FIRE 2025: CBMRO PARTICIPA DE CONGRESSO INTERNACIONAL DE GEST\u00c3O DE INC\u00caNDIOS FLORESTAIS - Corpo de Bombeiros Militar de Rond\u00f4nia\",\"isPartOf\":{\"@id\":\"https:\/\/www.cbm.ro.gov.br\/#website\"},\"primaryImageOfPage\":{\"@id\":\"https:\/\/www.cbm.ro.gov.br\/?p=4843#primaryimage\"},\"image\":{\"@id\":\"https:\/\/www.cbm.ro.gov.br\/?p=4843#primaryimage\"},\"thumbnailUrl\":\"https:\/\/www.cbm.ro.gov.br\/wp-content\/uploads\/2025\/06\/00.ForetFire-CAPA-scaled.jpeg\",\"datePublished\":\"2025-06-24T16:07:24+00:00\",\"dateModified\":\"2025-06-24T16:07:26+00:00\",\"breadcrumb\":{\"@id\":\"https:\/\/www.cbm.ro.gov.br\/?p=4843#breadcrumb\"},\"inLanguage\":\"pt-BR\",\"potentialAction\":[{\"@type\":\"ReadAction\",\"target\":[\"https:\/\/www.cbm.ro.gov.br\/?p=4843\"]}]},{\"@type\":\"ImageObject\",\"inLanguage\":\"pt-BR\",\"@id\":\"https:\/\/www.cbm.ro.gov.br\/?p=4843#primaryimage\",\"url\":\"https:\/\/www.cbm.ro.gov.br\/wp-content\/uploads\/2025\/06\/00.ForetFire-CAPA-scaled.jpeg\",\"contentUrl\":\"https:\/\/www.cbm.ro.gov.br\/wp-content\/uploads\/2025\/06\/00.ForetFire-CAPA-scaled.jpeg\",\"width\":2560,\"height\":1440},{\"@type\":\"BreadcrumbList\",\"@id\":\"https:\/\/www.cbm.ro.gov.br\/?p=4843#breadcrumb\",\"itemListElement\":[{\"@type\":\"ListItem\",\"position\":1,\"name\":\"In\u00edcio\",\"item\":\"https:\/\/www.cbm.ro.gov.br\/\"},{\"@type\":\"ListItem\",\"position\":2,\"name\":\"FOREST FIRE 2025: CBMRO PARTICIPA DE CONGRESSO INTERNACIONAL DE GEST\u00c3O DE INC\u00caNDIOS FLORESTAIS\"}]},{\"@type\":\"WebSite\",\"@id\":\"https:\/\/www.cbm.ro.gov.br\/#website\",\"url\":\"https:\/\/www.cbm.ro.gov.br\/\",\"name\":\"Corpo de Bombeiros Militar de Rond\u00f4nia\",\"description\":\"Vidas alheias, riquezas salvar!\",\"publisher\":{\"@id\":\"https:\/\/www.cbm.ro.gov.br\/#organization\"},\"alternateName\":\"cbmro\",\"potentialAction\":[{\"@type\":\"SearchAction\",\"target\":{\"@type\":\"EntryPoint\",\"urlTemplate\":\"https:\/\/www.cbm.ro.gov.br\/?s={search_term_string}\"},\"query-input\":{\"@type\":\"PropertyValueSpecification\",\"valueRequired\":true,\"valueName\":\"search_term_string\"}}],\"inLanguage\":\"pt-BR\"},{\"@type\":\"Organization\",\"@id\":\"https:\/\/www.cbm.ro.gov.br\/#organization\",\"name\":\"Corpo de Bombeiros Militar do Estado de Rond\u00f4nia\",\"alternateName\":\"CBMRO\",\"url\":\"https:\/\/www.cbm.ro.gov.br\/\",\"logo\":{\"@type\":\"ImageObject\",\"inLanguage\":\"pt-BR\",\"@id\":\"https:\/\/www.cbm.ro.gov.br\/#\/schema\/logo\/image\/\",\"url\":\"https:\/\/www.cbm.ro.gov.br\/wp-content\/uploads\/2023\/12\/cropped-cropped-cropped-BRASO_3D_32-1-e1724344443171.png\",\"contentUrl\":\"https:\/\/www.cbm.ro.gov.br\/wp-content\/uploads\/2023\/12\/cropped-cropped-cropped-BRASO_3D_32-1-e1724344443171.png\",\"width\":446,\"height\":441,\"caption\":\"Corpo de Bombeiros Militar do Estado de Rond\u00f4nia\"},\"image\":{\"@id\":\"https:\/\/www.cbm.ro.gov.br\/#\/schema\/logo\/image\/\"},\"sameAs\":[\"https:\/\/www.facebook.com\/cbmro.oficial\/\",\"https:\/\/www.youtube.com\/c\/CorpodeBombeirosMilitardoEstadodeRond\u00f4nia\"]},{\"@type\":\"Person\",\"@id\":\"https:\/\/www.cbm.ro.gov.br\/#\/schema\/person\/8e7b7a65b9962de993d36cb5fca8412f\",\"name\":\"Diovana Castellon\",\"url\":\"https:\/\/www.cbm.ro.gov.br\/?author=3\"}]}<\/script>\n<!-- \/ Yoast SEO plugin. -->","yoast_head_json":{"title":"FOREST FIRE 2025: CBMRO PARTICIPA DE CONGRESSO INTERNACIONAL DE GEST\u00c3O DE INC\u00caNDIOS FLORESTAIS - Corpo de Bombeiros Militar de Rond\u00f4nia","robots":{"index":"index","follow":"follow","max-snippet":"max-snippet:-1","max-image-preview":"max-image-preview:large","max-video-preview":"max-video-preview:-1"},"canonical":"https:\/\/www.cbm.ro.gov.br\/?p=4843","og_locale":"pt_BR","og_type":"article","og_title":"FOREST FIRE 2025: CBMRO PARTICIPA DE CONGRESSO INTERNACIONAL DE GEST\u00c3O DE INC\u00caNDIOS FLORESTAIS - Corpo de Bombeiros Militar de Rond\u00f4nia","og_description":"Cuiab\u00e1-MT \u2013 Entre os dias 16 e 18 de junho de 2025, o Corpo de Bombeiros Militar do Estado de Rond\u00f4nia (CBMRO) participou ativamente do &#8220;Forest Fire \u2013 Congresso Internacional&hellip;","og_url":"https:\/\/www.cbm.ro.gov.br\/?p=4843","og_site_name":"Corpo de Bombeiros Militar de Rond\u00f4nia","article_publisher":"https:\/\/www.facebook.com\/cbmro.oficial\/","article_published_time":"2025-06-24T16:07:24+00:00","article_modified_time":"2025-06-24T16:07:26+00:00","og_image":[{"width":2560,"height":1440,"url":"https:\/\/www.cbm.ro.gov.br\/wp-content\/uploads\/2025\/06\/00.ForetFire-CAPA-scaled.jpeg","type":"image\/jpeg"}],"author":"Diovana Castellon","twitter_card":"summary_large_image","twitter_misc":{"Escrito por":"Diovana Castellon","Est. tempo de leitura":"2 minutos"},"schema":{"@context":"https:\/\/schema.org","@graph":[{"@type":"Article","@id":"https:\/\/www.cbm.ro.gov.br\/?p=4843#article","isPartOf":{"@id":"https:\/\/www.cbm.ro.gov.br\/?p=4843"},"author":{"name":"Diovana Castellon","@id":"https:\/\/www.cbm.ro.gov.br\/#\/schema\/person\/8e7b7a65b9962de993d36cb5fca8412f"},"headline":"FOREST FIRE 2025: CBMRO PARTICIPA DE CONGRESSO INTERNACIONAL DE GEST\u00c3O DE INC\u00caNDIOS FLORESTAIS","datePublished":"2025-06-24T16:07:24+00:00","dateModified":"2025-06-24T16:07:26+00:00","mainEntityOfPage":{"@id":"https:\/\/www.cbm.ro.gov.br\/?p=4843"},"wordCount":491,"publisher":{"@id":"https:\/\/www.cbm.ro.gov.br\/#organization"},"image":{"@id":"https:\/\/www.cbm.ro.gov.br\/?p=4843#primaryimage"},"thumbnailUrl":"https:\/\/www.cbm.ro.gov.br\/wp-content\/uploads\/2025\/06\/00.ForetFire-CAPA-scaled.jpeg","keywords":["CBMRO","CENAD","COMANDANTE-GERAL","CONGRESSO INTERNACIONAL DE GEST\u00c3O DE INC\u00caNDIOS FLORESTAIS","FOREST FIRE","LIGABOM","SENASP"],"articleSection":["CBMRO"],"inLanguage":"pt-BR"},{"@type":"WebPage","@id":"https:\/\/www.cbm.ro.gov.br\/?p=4843","url":"https:\/\/www.cbm.ro.gov.br\/?p=4843","name":"FOREST FIRE 2025: CBMRO PARTICIPA DE CONGRESSO INTERNACIONAL DE GEST\u00c3O DE INC\u00caNDIOS FLORESTAIS - Corpo de Bombeiros Militar de Rond\u00f4nia","isPartOf":{"@id":"https:\/\/www.cbm.ro.gov.br\/#website"},"primaryImageOfPage":{"@id":"https:\/\/www.cbm.ro.gov.br\/?p=4843#primaryimage"},"image":{"@id":"https:\/\/www.cbm.ro.gov.br\/?p=4843#primaryimage"},"thumbnailUrl":"https:\/\/www.cbm.ro.gov.br\/wp-content\/uploads\/2025\/06\/00.ForetFire-CAPA-scaled.jpeg","datePublished":"2025-06-24T16:07:24+00:00","dateModified":"2025-06-24T16:07:26+00:00","breadcrumb":{"@id":"https:\/\/www.cbm.ro.gov.br\/?p=4843#breadcrumb"},"inLanguage":"pt-BR","potentialAction":[{"@type":"ReadAction","target":["https:\/\/www.cbm.ro.gov.br\/?p=4843"]}]},{"@type":"ImageObject","inLanguage":"pt-BR","@id":"https:\/\/www.cbm.ro.gov.br\/?p=4843#primaryimage","url":"https:\/\/www.cbm.ro.gov.br\/wp-content\/uploads\/2025\/06\/00.ForetFire-CAPA-scaled.jpeg","contentUrl":"https:\/\/www.cbm.ro.gov.br\/wp-content\/uploads\/2025\/06\/00.ForetFire-CAPA-scaled.jpeg","width":2560,"height":1440},{"@type":"BreadcrumbList","@id":"https:\/\/www.cbm.ro.gov.br\/?p=4843#breadcrumb","itemListElement":[{"@type":"ListItem","position":1,"name":"In\u00edcio","item":"https:\/\/www.cbm.ro.gov.br\/"},{"@type":"ListItem","position":2,"name":"FOREST FIRE 2025: CBMRO PARTICIPA DE CONGRESSO INTERNACIONAL DE GEST\u00c3O DE INC\u00caNDIOS FLORESTAIS"}]},{"@type":"WebSite","@id":"https:\/\/www.cbm.ro.gov.br\/#website","url":"https:\/\/www.cbm.ro.gov.br\/","name":"Corpo de Bombeiros Militar de Rond\u00f4nia","description":"Vidas alheias, riquezas salvar!","publisher":{"@id":"https:\/\/www.cbm.ro.gov.br\/#organization"},"alternateName":"cbmro","potentialAction":[{"@type":"SearchAction","target":{"@type":"EntryPoint","urlTemplate":"https:\/\/www.cbm.ro.gov.br\/?s={search_term_string}"},"query-input":{"@type":"PropertyValueSpecification","valueRequired":true,"valueName":"search_term_string"}}],"inLanguage":"pt-BR"},{"@type":"Organization","@id":"https:\/\/www.cbm.ro.gov.br\/#organization","name":"Corpo de Bombeiros Militar do Estado de Rond\u00f4nia","alternateName":"CBMRO","url":"https:\/\/www.cbm.ro.gov.br\/","logo":{"@type":"ImageObject","inLanguage":"pt-BR","@id":"https:\/\/www.cbm.ro.gov.br\/#\/schema\/logo\/image\/","url":"https:\/\/www.cbm.ro.gov.br\/wp-content\/uploads\/2023\/12\/cropped-cropped-cropped-BRASO_3D_32-1-e1724344443171.png","contentUrl":"https:\/\/www.cbm.ro.gov.br\/wp-content\/uploads\/2023\/12\/cropped-cropped-cropped-BRASO_3D_32-1-e1724344443171.png","width":446,"height":441,"caption":"Corpo de Bombeiros Militar do Estado de Rond\u00f4nia"},"image":{"@id":"https:\/\/www.cbm.ro.gov.br\/#\/schema\/logo\/image\/"},"sameAs":["https:\/\/www.facebook.com\/cbmro.oficial\/","https:\/\/www.youtube.com\/c\/CorpodeBombeirosMilitardoEstadodeRond\u00f4nia"]},{"@type":"Person","@id":"https:\/\/www.cbm.ro.gov.br\/#\/schema\/person\/8e7b7a65b9962de993d36cb5fca8412f","name":"Diovana Castellon","url":"https:\/\/www.cbm.ro.gov.br\/?author=3"}]}},"wpmagazine_modules_lite_featured_media_urls":{"thumbnail":["https:\/\/www.cbm.ro.gov.br\/wp-content\/uploads\/2025\/06\/00.ForetFire-CAPA-150x150.jpeg",150,150,true],"cvmm-medium":["https:\/\/www.cbm.ro.gov.br\/wp-content\/uploads\/2025\/06\/00.ForetFire-CAPA-300x300.jpeg",300,300,true],"cvmm-medium-plus":["https:\/\/www.cbm.ro.gov.br\/wp-content\/uploads\/2025\/06\/00.ForetFire-CAPA-305x207.jpeg",305,207,true],"cvmm-portrait":["https:\/\/www.cbm.ro.gov.br\/wp-content\/uploads\/2025\/06\/00.ForetFire-CAPA-400x600.jpeg",400,600,true],"cvmm-medium-square":["https:\/\/www.cbm.ro.gov.br\/wp-content\/uploads\/2025\/06\/00.ForetFire-CAPA-600x600.jpeg",600,600,true],"cvmm-large":["https:\/\/www.cbm.ro.gov.br\/wp-content\/uploads\/2025\/06\/00.ForetFire-CAPA-1024x1024.jpeg",1024,1024,true],"cvmm-small":["https:\/\/www.cbm.ro.gov.br\/wp-content\/uploads\/2025\/06\/00.ForetFire-CAPA-130x95.jpeg",130,95,true],"full":["https:\/\/www.cbm.ro.gov.br\/wp-content\/uploads\/2025\/06\/00.ForetFire-CAPA-scaled.jpeg",2560,1440,false]},"categories_names":{"1":{"name":"CBMRO","link":"https:\/\/www.cbm.ro.gov.br\/?cat=1"}},"tags_names":{"13":{"name":"CBMRO","link":"https:\/\/www.cbm.ro.gov.br\/?tag=cbmro"},"364":{"name":"CENAD","link":"https:\/\/www.cbm.ro.gov.br\/?tag=cenad"},"221":{"name":"COMANDANTE-GERAL","link":"https:\/\/www.cbm.ro.gov.br\/?tag=comandante-geral"},"362":{"name":"CONGRESSO INTERNACIONAL DE GEST\u00c3O DE INC\u00caNDIOS FLORESTAIS","link":"https:\/\/www.cbm.ro.gov.br\/?tag=congresso-internacional-de-gestao-de-incendios-florestais"},"361":{"name":"FOREST FIRE","link":"https:\/\/www.cbm.ro.gov.br\/?tag=forest-fire"},"163":{"name":"LIGABOM","link":"https:\/\/www.cbm.ro.gov.br\/?tag=ligabom"},"363":{"name":"SENASP","link":"https:\/\/www.cbm.ro.gov.br\/?tag=senasp"}},"comments_number":"0","_links":{"self":[{"href":"https:\/\/www.cbm.ro.gov.br\/index.php?rest_route=\/wp\/v2\/posts\/4843","targetHints":{"allow":["GET"]}}],"collection":[{"href":"https:\/\/www.cbm.ro.gov.br\/index.php?rest_route=\/wp\/v2\/posts"}],"about":[{"href":"https:\/\/www.cbm.ro.gov.br\/index.php?rest_route=\/wp\/v2\/types\/post"}],"author":[{"embeddable":true,"href":"https:\/\/www.cbm.ro.gov.br\/index.php?rest_route=\/wp\/v2\/users\/3"}],"replies":[{"embeddable":true,"href":"https:\/\/www.cbm.ro.gov.br\/index.php?rest_route=%2Fwp%2Fv2%2Fcomments&post=4843"}],"version-history":[{"count":4,"href":"https:\/\/www.cbm.ro.gov.br\/index.php?rest_route=\/wp\/v2\/posts\/4843\/revisions"}],"predecessor-version":[{"id":4856,"href":"https:\/\/www.cbm.ro.gov.br\/index.php?rest_route=\/wp\/v2\/posts\/4843\/revisions\/4856"}],"wp:featuredmedia":[{"embeddable":true,"href":"https:\/\/www.cbm.ro.gov.br\/index.php?rest_route=\/wp\/v2\/media\/4852"}],"wp:attachment":[{"href":"https:\/\/www.cbm.ro.gov.br\/index.php?rest_route=%2Fwp%2Fv2%2Fmedia&parent=4843"}],"wp:term":[{"taxonomy":"category","embeddable":true,"href":"https:\/\/www.cbm.ro.gov.br\/index.php?rest_route=%2Fwp%2Fv2%2Fcategories&post=4843"},{"taxonomy":"post_tag","embeddable":true,"href":"https:\/\/www.cbm.ro.gov.br\/index.php?rest_route=%2Fwp%2Fv2%2Ftags&post=4843"}],"curies":[{"name":"wp","href":"https:\/\/api.w.org\/{rel}","templated":true}]}}