{"id":4830,"date":"2025-06-16T12:54:00","date_gmt":"2025-06-16T16:54:00","guid":{"rendered":"https:\/\/www.cbm.ro.gov.br\/?p=4830"},"modified":"2025-06-16T12:54:01","modified_gmt":"2025-06-16T16:54:01","slug":"cbmro-segue-em-prontidao-durante-a-fase-de-resposta-da-operacao-verde-rondonia-2025","status":"publish","type":"post","link":"https:\/\/www.cbm.ro.gov.br\/?p=4830","title":{"rendered":"CBMRO SEGUE EM PRONTID\u00c3O DURANTE A FASE DE RESPOSTA DA OPERA\u00c7\u00c3O VERDE ROND\u00d4NIA 2025"},"content":{"rendered":"\n<p class=\"has-black-color has-text-color has-link-color wp-elements-49724c52094c00c3fb67417b03582bd6\">A Fase de Resposta da Opera\u00e7\u00e3o Verde Rond\u00f4nia 2025 segue mobilizando equipes do Corpo de Bombeiros Militar do Estado de Rond\u00f4nia (CBMRO) em diversas Bases de Preven\u00e7\u00e3o e Combate a Inc\u00eandios Florestais (BDPCIFBM) espalhadas por todo o estado. Nos dias 14 e 15 de junho, as guarni\u00e7\u00f5es realizaram a\u00e7\u00f5es estrat\u00e9gicas que incluem combate direto a focos de inc\u00eandio, deslocamentos log\u00edsticos, vistorias t\u00e9cnicas, manuten\u00e7\u00e3o de equipamentos e atividades educativas junto \u00e0 popula\u00e7\u00e3o.<\/p>\n\n\n\n<p class=\"has-black-color has-text-color has-link-color wp-elements-3476acc4b0ce712c8f56fa22bf3e13de\">Na BDPCIFBM 07 \u2013 Nova Dimens\u00e3o, a guarni\u00e7\u00e3o realizou 10 palestras educativas com apoio da For\u00e7a Nacional, alcan\u00e7ando 26 pessoas em vicinais da regi\u00e3o. No dia seguinte, foi registrada a troca de equipes e ajustes nas instala\u00e7\u00f5es da base, sob comando do Tenente J. Feliciano.<\/p>\n\n\n\n<p class=\"has-black-color has-text-color has-link-color wp-elements-de3ef98e9086b8211729378627d6f824\">A base de Uni\u00e3o Bandeirantes (BDPCIFBM 02) operou ativamente em dois dias distintos. No s\u00e1bado (14), a equipe executou a\u00e7\u00f5es preventivas na zona rural, manuten\u00e7\u00e3o das instala\u00e7\u00f5es e checagem de materiais. J\u00e1 no domingo (15), houve o deslocamento de equipes de Ariquemes e Porto Velho para o distrito.<\/p>\n\n\n\n<p class=\"has-black-color has-text-color has-link-color wp-elements-c902bca5e4e386da3399233b730bce8e\">Em Alta Floresta do Oeste (BDPCIFBM 13), a equipe se deslocou a partir de Vilhena, realizou confer\u00eancia de materiais e combate a um inc\u00eandio floresta, onde os militares tamb\u00e9m foram acionados para conter um foco de inc\u00eandio \u00e0s margens da BR, j\u00e1 dentro do per\u00edmetro urbano de Nova Mutum.<\/p>\n\n\n\n<p class=\"has-black-color has-text-color has-link-color wp-elements-a589ee7c323ceeef873e80806ac6b87f\">As demais bases relataram a troca ou recebimento de servi\u00e7o, com \u00eanfase na checagem dos equipamentos e conserva\u00e7\u00e3o das instala\u00e7\u00f5es. Dentre essas, destacam-se as bases de Campo Novo (BDPCIFBM 06), Itapu\u00e3 do Oeste (BDPCIFBM 15), Costa Marques (BDPCIFBM 10), Corumbiara (BDPCIFBM 14), Soldado da Borracha (BDPCIFBM 11), PGM \u2013 Nova Mamor\u00e9 (BDPCIFBM 01), APA Rio Pardo (BDPCIFBM 08) e Esec Samuel \u2013 Candeias do Jamari (BDPCIFBM 03), todas relatando plena funcionalidade das estruturas e aus\u00eancia de altera\u00e7\u00f5es relevantes.<\/p>\n\n\n\n<p class=\"has-black-color has-text-color has-link-color wp-elements-3fac48ba52a969ce759778fa18314421\">Os resultados da primeira quinzena da Fase de Resposta da OVR 2025 refletem o esfor\u00e7o e o comprometimento das equipes em campo. Foram registradas:<\/p>\n\n\n\n<ul class=\"wp-block-list\">\n<li class=\"has-black-color has-text-color has-link-color wp-elements-aba030df38f644a5a052abdc86731581\">10.352 a\u00e7\u00f5es preventivas realizadas em todo o estado;<br><\/li>\n\n\n\n<li class=\"has-black-color has-text-color has-link-color wp-elements-d8f9cd35ba2fd7fab9c91341c3cfa46d\">61.587 pessoas alcan\u00e7adas com a\u00e7\u00f5es de educa\u00e7\u00e3o ambiental e conscientiza\u00e7\u00e3o;<br><\/li>\n\n\n\n<li class=\"has-black-color has-text-color has-link-color wp-elements-6d58a6c69dd71413d650cd24c7bea373\">102 inc\u00eandios florestais combatidos pelas guarni\u00e7\u00f5es;<br><\/li>\n\n\n\n<li class=\"has-black-color has-text-color has-link-color wp-elements-7336bc81300b1adfd480bb67643e4141\">50 averigua\u00e7\u00f5es de focos de calor ou den\u00fancias ambientais;<br><\/li>\n\n\n\n<li class=\"has-black-color has-text-color has-link-color wp-elements-b1054a0d546bdf925696abeecc5d52a2\">16 animais silvestres resgatados com vida;<br><\/li>\n\n\n\n<li class=\"has-black-color has-text-color has-link-color wp-elements-bf05c529d186908b816794beb904f31b\">11 animais mortos localizados durante as opera\u00e7\u00f5es.<\/li>\n<\/ul>\n\n\n\n<p class=\"has-black-color has-text-color has-link-color wp-elements-338551fb8c4991c5de019e7933a1e70d\">Com a\u00e7\u00f5es que envolvem desde a preven\u00e7\u00e3o at\u00e9 o enfrentamento direto aos inc\u00eandios florestais, a Opera\u00e7\u00e3o Verde Rond\u00f4nia 2025 demonstra o compromisso do CBMRO com a prote\u00e7\u00e3o do meio ambiente e a seguran\u00e7a da popula\u00e7\u00e3o rondoniense. A mobiliza\u00e7\u00e3o de recursos humanos e log\u00edsticos refor\u00e7a o preparo da corpora\u00e7\u00e3o para atuar em \u00e1reas cr\u00edticas durante o per\u00edodo de estiagem.A Opera\u00e7\u00e3o continua em andamento, com as guarni\u00e7\u00f5es mantendo vigil\u00e2ncia constante e a\u00e7\u00f5es estrat\u00e9gicas para mitigar os impactos ambientais causados pelas queimadas ilegais.<\/p>\n\n\n\n<figure class=\"wp-block-image size-large is-resized\"><img fetchpriority=\"high\" decoding=\"async\" width=\"1024\" height=\"391\" src=\"https:\/\/www.cbm.ro.gov.br\/wp-content\/uploads\/2025\/06\/WhatsApp-Image-2025-06-16-at-09.09.19-1-1024x391.jpeg\" alt=\"\" class=\"wp-image-4835\" style=\"width:720px;height:auto\" srcset=\"https:\/\/www.cbm.ro.gov.br\/wp-content\/uploads\/2025\/06\/WhatsApp-Image-2025-06-16-at-09.09.19-1-1024x391.jpeg 1024w, https:\/\/www.cbm.ro.gov.br\/wp-content\/uploads\/2025\/06\/WhatsApp-Image-2025-06-16-at-09.09.19-1-300x115.jpeg 300w, https:\/\/www.cbm.ro.gov.br\/wp-content\/uploads\/2025\/06\/WhatsApp-Image-2025-06-16-at-09.09.19-1-768x293.jpeg 768w, https:\/\/www.cbm.ro.gov.br\/wp-content\/uploads\/2025\/06\/WhatsApp-Image-2025-06-16-at-09.09.19-1.jpeg 1280w\" sizes=\"(max-width: 1024px) 100vw, 1024px\" \/><\/figure>\n","protected":false},"excerpt":{"rendered":"<p>A Fase de Resposta da Opera\u00e7\u00e3o Verde Rond\u00f4nia 2025 segue mobilizando equipes do Corpo de Bombeiros Militar do Estado de Rond\u00f4nia (CBMRO) em diversas Bases de Preven\u00e7\u00e3o e Combate a&hellip;<\/p>\n","protected":false},"author":3,"featured_media":4834,"comment_status":"closed","ping_status":"open","sticky":false,"template":"","format":"standard","meta":{"footnotes":""},"categories":[1],"tags":[13,58,315,83,295],"class_list":["post-4830","post","type-post","status-publish","format-standard","has-post-thumbnail","hentry","category-cbmro","tag-cbmro","tag-combateaincendio","tag-ovr2025","tag-queimadas","tag-rondoniamaisverde"],"yoast_head":"<!-- This site is optimized with the Yoast SEO plugin v23.7 - https:\/\/yoast.com\/wordpress\/plugins\/seo\/ -->\n<title>CBMRO SEGUE EM PRONTID\u00c3O DURANTE A FASE DE RESPOSTA DA OPERA\u00c7\u00c3O VERDE ROND\u00d4NIA 2025 - Corpo de Bombeiros Militar de Rond\u00f4nia<\/title>\n<meta name=\"robots\" content=\"index, follow, max-snippet:-1, max-image-preview:large, max-video-preview:-1\" \/>\n<link rel=\"canonical\" href=\"https:\/\/www.cbm.ro.gov.br\/?p=4830\" \/>\n<meta property=\"og:locale\" content=\"pt_BR\" \/>\n<meta property=\"og:type\" content=\"article\" \/>\n<meta property=\"og:title\" content=\"CBMRO SEGUE EM PRONTID\u00c3O DURANTE A FASE DE RESPOSTA DA OPERA\u00c7\u00c3O VERDE ROND\u00d4NIA 2025 - Corpo de Bombeiros Militar de Rond\u00f4nia\" \/>\n<meta property=\"og:description\" content=\"A Fase de Resposta da Opera\u00e7\u00e3o Verde Rond\u00f4nia 2025 segue mobilizando equipes do Corpo de Bombeiros Militar do Estado de Rond\u00f4nia (CBMRO) em diversas Bases de Preven\u00e7\u00e3o e Combate a&hellip;\" \/>\n<meta property=\"og:url\" content=\"https:\/\/www.cbm.ro.gov.br\/?p=4830\" \/>\n<meta property=\"og:site_name\" content=\"Corpo de Bombeiros Militar de Rond\u00f4nia\" \/>\n<meta property=\"article:publisher\" content=\"https:\/\/www.facebook.com\/cbmro.oficial\/\" \/>\n<meta property=\"article:published_time\" content=\"2025-06-16T16:54:00+00:00\" \/>\n<meta property=\"article:modified_time\" content=\"2025-06-16T16:54:01+00:00\" \/>\n<meta property=\"og:image\" content=\"https:\/\/www.cbm.ro.gov.br\/wp-content\/uploads\/2025\/06\/WhatsApp-Image-2025-06-16-at-09.09.20.jpeg\" \/>\n\t<meta property=\"og:image:width\" content=\"1600\" \/>\n\t<meta property=\"og:image:height\" content=\"1200\" \/>\n\t<meta property=\"og:image:type\" content=\"image\/jpeg\" \/>\n<meta name=\"author\" content=\"Diovana Castellon\" \/>\n<meta name=\"twitter:card\" content=\"summary_large_image\" \/>\n<meta name=\"twitter:label1\" content=\"Escrito por\" \/>\n\t<meta name=\"twitter:data1\" content=\"Diovana Castellon\" \/>\n\t<meta name=\"twitter:label2\" content=\"Est. tempo de leitura\" \/>\n\t<meta name=\"twitter:data2\" content=\"2 minutos\" \/>\n<script type=\"application\/ld+json\" class=\"yoast-schema-graph\">{\"@context\":\"https:\/\/schema.org\",\"@graph\":[{\"@type\":\"Article\",\"@id\":\"https:\/\/www.cbm.ro.gov.br\/?p=4830#article\",\"isPartOf\":{\"@id\":\"https:\/\/www.cbm.ro.gov.br\/?p=4830\"},\"author\":{\"name\":\"Diovana Castellon\",\"@id\":\"https:\/\/www.cbm.ro.gov.br\/#\/schema\/person\/8e7b7a65b9962de993d36cb5fca8412f\"},\"headline\":\"CBMRO SEGUE EM PRONTID\u00c3O DURANTE A FASE DE RESPOSTA DA OPERA\u00c7\u00c3O VERDE ROND\u00d4NIA 2025\",\"datePublished\":\"2025-06-16T16:54:00+00:00\",\"dateModified\":\"2025-06-16T16:54:01+00:00\",\"mainEntityOfPage\":{\"@id\":\"https:\/\/www.cbm.ro.gov.br\/?p=4830\"},\"wordCount\":492,\"publisher\":{\"@id\":\"https:\/\/www.cbm.ro.gov.br\/#organization\"},\"image\":{\"@id\":\"https:\/\/www.cbm.ro.gov.br\/?p=4830#primaryimage\"},\"thumbnailUrl\":\"https:\/\/www.cbm.ro.gov.br\/wp-content\/uploads\/2025\/06\/WhatsApp-Image-2025-06-16-at-09.09.20.jpeg\",\"keywords\":[\"CBMRO\",\"COMBATEAINCENDIO\",\"OVR2025\",\"QUEIMADAS\",\"RONDONIAMAISVERDE\"],\"articleSection\":[\"CBMRO\"],\"inLanguage\":\"pt-BR\"},{\"@type\":\"WebPage\",\"@id\":\"https:\/\/www.cbm.ro.gov.br\/?p=4830\",\"url\":\"https:\/\/www.cbm.ro.gov.br\/?p=4830\",\"name\":\"CBMRO SEGUE EM PRONTID\u00c3O DURANTE A FASE DE RESPOSTA DA OPERA\u00c7\u00c3O VERDE ROND\u00d4NIA 2025 - Corpo de Bombeiros Militar de Rond\u00f4nia\",\"isPartOf\":{\"@id\":\"https:\/\/www.cbm.ro.gov.br\/#website\"},\"primaryImageOfPage\":{\"@id\":\"https:\/\/www.cbm.ro.gov.br\/?p=4830#primaryimage\"},\"image\":{\"@id\":\"https:\/\/www.cbm.ro.gov.br\/?p=4830#primaryimage\"},\"thumbnailUrl\":\"https:\/\/www.cbm.ro.gov.br\/wp-content\/uploads\/2025\/06\/WhatsApp-Image-2025-06-16-at-09.09.20.jpeg\",\"datePublished\":\"2025-06-16T16:54:00+00:00\",\"dateModified\":\"2025-06-16T16:54:01+00:00\",\"breadcrumb\":{\"@id\":\"https:\/\/www.cbm.ro.gov.br\/?p=4830#breadcrumb\"},\"inLanguage\":\"pt-BR\",\"potentialAction\":[{\"@type\":\"ReadAction\",\"target\":[\"https:\/\/www.cbm.ro.gov.br\/?p=4830\"]}]},{\"@type\":\"ImageObject\",\"inLanguage\":\"pt-BR\",\"@id\":\"https:\/\/www.cbm.ro.gov.br\/?p=4830#primaryimage\",\"url\":\"https:\/\/www.cbm.ro.gov.br\/wp-content\/uploads\/2025\/06\/WhatsApp-Image-2025-06-16-at-09.09.20.jpeg\",\"contentUrl\":\"https:\/\/www.cbm.ro.gov.br\/wp-content\/uploads\/2025\/06\/WhatsApp-Image-2025-06-16-at-09.09.20.jpeg\",\"width\":1600,\"height\":1200},{\"@type\":\"BreadcrumbList\",\"@id\":\"https:\/\/www.cbm.ro.gov.br\/?p=4830#breadcrumb\",\"itemListElement\":[{\"@type\":\"ListItem\",\"position\":1,\"name\":\"In\u00edcio\",\"item\":\"https:\/\/www.cbm.ro.gov.br\/\"},{\"@type\":\"ListItem\",\"position\":2,\"name\":\"CBMRO SEGUE EM PRONTID\u00c3O DURANTE A FASE DE RESPOSTA DA OPERA\u00c7\u00c3O VERDE ROND\u00d4NIA 2025\"}]},{\"@type\":\"WebSite\",\"@id\":\"https:\/\/www.cbm.ro.gov.br\/#website\",\"url\":\"https:\/\/www.cbm.ro.gov.br\/\",\"name\":\"Corpo de Bombeiros Militar de Rond\u00f4nia\",\"description\":\"Vidas alheias, riquezas salvar!\",\"publisher\":{\"@id\":\"https:\/\/www.cbm.ro.gov.br\/#organization\"},\"alternateName\":\"cbmro\",\"potentialAction\":[{\"@type\":\"SearchAction\",\"target\":{\"@type\":\"EntryPoint\",\"urlTemplate\":\"https:\/\/www.cbm.ro.gov.br\/?s={search_term_string}\"},\"query-input\":{\"@type\":\"PropertyValueSpecification\",\"valueRequired\":true,\"valueName\":\"search_term_string\"}}],\"inLanguage\":\"pt-BR\"},{\"@type\":\"Organization\",\"@id\":\"https:\/\/www.cbm.ro.gov.br\/#organization\",\"name\":\"Corpo de Bombeiros Militar do Estado de Rond\u00f4nia\",\"alternateName\":\"CBMRO\",\"url\":\"https:\/\/www.cbm.ro.gov.br\/\",\"logo\":{\"@type\":\"ImageObject\",\"inLanguage\":\"pt-BR\",\"@id\":\"https:\/\/www.cbm.ro.gov.br\/#\/schema\/logo\/image\/\",\"url\":\"https:\/\/www.cbm.ro.gov.br\/wp-content\/uploads\/2023\/12\/cropped-cropped-cropped-BRASO_3D_32-1-e1724344443171.png\",\"contentUrl\":\"https:\/\/www.cbm.ro.gov.br\/wp-content\/uploads\/2023\/12\/cropped-cropped-cropped-BRASO_3D_32-1-e1724344443171.png\",\"width\":446,\"height\":441,\"caption\":\"Corpo de Bombeiros Militar do Estado de Rond\u00f4nia\"},\"image\":{\"@id\":\"https:\/\/www.cbm.ro.gov.br\/#\/schema\/logo\/image\/\"},\"sameAs\":[\"https:\/\/www.facebook.com\/cbmro.oficial\/\",\"https:\/\/www.youtube.com\/c\/CorpodeBombeirosMilitardoEstadodeRond\u00f4nia\"]},{\"@type\":\"Person\",\"@id\":\"https:\/\/www.cbm.ro.gov.br\/#\/schema\/person\/8e7b7a65b9962de993d36cb5fca8412f\",\"name\":\"Diovana Castellon\",\"url\":\"https:\/\/www.cbm.ro.gov.br\/?author=3\"}]}<\/script>\n<!-- \/ Yoast SEO plugin. -->","yoast_head_json":{"title":"CBMRO SEGUE EM PRONTID\u00c3O DURANTE A FASE DE RESPOSTA DA OPERA\u00c7\u00c3O VERDE ROND\u00d4NIA 2025 - Corpo de Bombeiros Militar de Rond\u00f4nia","robots":{"index":"index","follow":"follow","max-snippet":"max-snippet:-1","max-image-preview":"max-image-preview:large","max-video-preview":"max-video-preview:-1"},"canonical":"https:\/\/www.cbm.ro.gov.br\/?p=4830","og_locale":"pt_BR","og_type":"article","og_title":"CBMRO SEGUE EM PRONTID\u00c3O DURANTE A FASE DE RESPOSTA DA OPERA\u00c7\u00c3O VERDE ROND\u00d4NIA 2025 - Corpo de Bombeiros Militar de Rond\u00f4nia","og_description":"A Fase de Resposta da Opera\u00e7\u00e3o Verde Rond\u00f4nia 2025 segue mobilizando equipes do Corpo de Bombeiros Militar do Estado de Rond\u00f4nia (CBMRO) em diversas Bases de Preven\u00e7\u00e3o e Combate a&hellip;","og_url":"https:\/\/www.cbm.ro.gov.br\/?p=4830","og_site_name":"Corpo de Bombeiros Militar de Rond\u00f4nia","article_publisher":"https:\/\/www.facebook.com\/cbmro.oficial\/","article_published_time":"2025-06-16T16:54:00+00:00","article_modified_time":"2025-06-16T16:54:01+00:00","og_image":[{"width":1600,"height":1200,"url":"https:\/\/www.cbm.ro.gov.br\/wp-content\/uploads\/2025\/06\/WhatsApp-Image-2025-06-16-at-09.09.20.jpeg","type":"image\/jpeg"}],"author":"Diovana Castellon","twitter_card":"summary_large_image","twitter_misc":{"Escrito por":"Diovana Castellon","Est. tempo de leitura":"2 minutos"},"schema":{"@context":"https:\/\/schema.org","@graph":[{"@type":"Article","@id":"https:\/\/www.cbm.ro.gov.br\/?p=4830#article","isPartOf":{"@id":"https:\/\/www.cbm.ro.gov.br\/?p=4830"},"author":{"name":"Diovana Castellon","@id":"https:\/\/www.cbm.ro.gov.br\/#\/schema\/person\/8e7b7a65b9962de993d36cb5fca8412f"},"headline":"CBMRO SEGUE EM PRONTID\u00c3O DURANTE A FASE DE RESPOSTA DA OPERA\u00c7\u00c3O VERDE ROND\u00d4NIA 2025","datePublished":"2025-06-16T16:54:00+00:00","dateModified":"2025-06-16T16:54:01+00:00","mainEntityOfPage":{"@id":"https:\/\/www.cbm.ro.gov.br\/?p=4830"},"wordCount":492,"publisher":{"@id":"https:\/\/www.cbm.ro.gov.br\/#organization"},"image":{"@id":"https:\/\/www.cbm.ro.gov.br\/?p=4830#primaryimage"},"thumbnailUrl":"https:\/\/www.cbm.ro.gov.br\/wp-content\/uploads\/2025\/06\/WhatsApp-Image-2025-06-16-at-09.09.20.jpeg","keywords":["CBMRO","COMBATEAINCENDIO","OVR2025","QUEIMADAS","RONDONIAMAISVERDE"],"articleSection":["CBMRO"],"inLanguage":"pt-BR"},{"@type":"WebPage","@id":"https:\/\/www.cbm.ro.gov.br\/?p=4830","url":"https:\/\/www.cbm.ro.gov.br\/?p=4830","name":"CBMRO SEGUE EM PRONTID\u00c3O DURANTE A FASE DE RESPOSTA DA OPERA\u00c7\u00c3O VERDE ROND\u00d4NIA 2025 - Corpo de Bombeiros Militar de Rond\u00f4nia","isPartOf":{"@id":"https:\/\/www.cbm.ro.gov.br\/#website"},"primaryImageOfPage":{"@id":"https:\/\/www.cbm.ro.gov.br\/?p=4830#primaryimage"},"image":{"@id":"https:\/\/www.cbm.ro.gov.br\/?p=4830#primaryimage"},"thumbnailUrl":"https:\/\/www.cbm.ro.gov.br\/wp-content\/uploads\/2025\/06\/WhatsApp-Image-2025-06-16-at-09.09.20.jpeg","datePublished":"2025-06-16T16:54:00+00:00","dateModified":"2025-06-16T16:54:01+00:00","breadcrumb":{"@id":"https:\/\/www.cbm.ro.gov.br\/?p=4830#breadcrumb"},"inLanguage":"pt-BR","potentialAction":[{"@type":"ReadAction","target":["https:\/\/www.cbm.ro.gov.br\/?p=4830"]}]},{"@type":"ImageObject","inLanguage":"pt-BR","@id":"https:\/\/www.cbm.ro.gov.br\/?p=4830#primaryimage","url":"https:\/\/www.cbm.ro.gov.br\/wp-content\/uploads\/2025\/06\/WhatsApp-Image-2025-06-16-at-09.09.20.jpeg","contentUrl":"https:\/\/www.cbm.ro.gov.br\/wp-content\/uploads\/2025\/06\/WhatsApp-Image-2025-06-16-at-09.09.20.jpeg","width":1600,"height":1200},{"@type":"BreadcrumbList","@id":"https:\/\/www.cbm.ro.gov.br\/?p=4830#breadcrumb","itemListElement":[{"@type":"ListItem","position":1,"name":"In\u00edcio","item":"https:\/\/www.cbm.ro.gov.br\/"},{"@type":"ListItem","position":2,"name":"CBMRO SEGUE EM PRONTID\u00c3O DURANTE A FASE DE RESPOSTA DA OPERA\u00c7\u00c3O VERDE ROND\u00d4NIA 2025"}]},{"@type":"WebSite","@id":"https:\/\/www.cbm.ro.gov.br\/#website","url":"https:\/\/www.cbm.ro.gov.br\/","name":"Corpo de Bombeiros Militar de Rond\u00f4nia","description":"Vidas alheias, riquezas salvar!","publisher":{"@id":"https:\/\/www.cbm.ro.gov.br\/#organization"},"alternateName":"cbmro","potentialAction":[{"@type":"SearchAction","target":{"@type":"EntryPoint","urlTemplate":"https:\/\/www.cbm.ro.gov.br\/?s={search_term_string}"},"query-input":{"@type":"PropertyValueSpecification","valueRequired":true,"valueName":"search_term_string"}}],"inLanguage":"pt-BR"},{"@type":"Organization","@id":"https:\/\/www.cbm.ro.gov.br\/#organization","name":"Corpo de Bombeiros Militar do Estado de Rond\u00f4nia","alternateName":"CBMRO","url":"https:\/\/www.cbm.ro.gov.br\/","logo":{"@type":"ImageObject","inLanguage":"pt-BR","@id":"https:\/\/www.cbm.ro.gov.br\/#\/schema\/logo\/image\/","url":"https:\/\/www.cbm.ro.gov.br\/wp-content\/uploads\/2023\/12\/cropped-cropped-cropped-BRASO_3D_32-1-e1724344443171.png","contentUrl":"https:\/\/www.cbm.ro.gov.br\/wp-content\/uploads\/2023\/12\/cropped-cropped-cropped-BRASO_3D_32-1-e1724344443171.png","width":446,"height":441,"caption":"Corpo de Bombeiros Militar do Estado de Rond\u00f4nia"},"image":{"@id":"https:\/\/www.cbm.ro.gov.br\/#\/schema\/logo\/image\/"},"sameAs":["https:\/\/www.facebook.com\/cbmro.oficial\/","https:\/\/www.youtube.com\/c\/CorpodeBombeirosMilitardoEstadodeRond\u00f4nia"]},{"@type":"Person","@id":"https:\/\/www.cbm.ro.gov.br\/#\/schema\/person\/8e7b7a65b9962de993d36cb5fca8412f","name":"Diovana Castellon","url":"https:\/\/www.cbm.ro.gov.br\/?author=3"}]}},"wpmagazine_modules_lite_featured_media_urls":{"thumbnail":["https:\/\/www.cbm.ro.gov.br\/wp-content\/uploads\/2025\/06\/WhatsApp-Image-2025-06-16-at-09.09.20-150x150.jpeg",150,150,true],"cvmm-medium":["https:\/\/www.cbm.ro.gov.br\/wp-content\/uploads\/2025\/06\/WhatsApp-Image-2025-06-16-at-09.09.20-300x300.jpeg",300,300,true],"cvmm-medium-plus":["https:\/\/www.cbm.ro.gov.br\/wp-content\/uploads\/2025\/06\/WhatsApp-Image-2025-06-16-at-09.09.20-305x207.jpeg",305,207,true],"cvmm-portrait":["https:\/\/www.cbm.ro.gov.br\/wp-content\/uploads\/2025\/06\/WhatsApp-Image-2025-06-16-at-09.09.20-400x600.jpeg",400,600,true],"cvmm-medium-square":["https:\/\/www.cbm.ro.gov.br\/wp-content\/uploads\/2025\/06\/WhatsApp-Image-2025-06-16-at-09.09.20-600x600.jpeg",600,600,true],"cvmm-large":["https:\/\/www.cbm.ro.gov.br\/wp-content\/uploads\/2025\/06\/WhatsApp-Image-2025-06-16-at-09.09.20-1024x1024.jpeg",1024,1024,true],"cvmm-small":["https:\/\/www.cbm.ro.gov.br\/wp-content\/uploads\/2025\/06\/WhatsApp-Image-2025-06-16-at-09.09.20-130x95.jpeg",130,95,true],"full":["https:\/\/www.cbm.ro.gov.br\/wp-content\/uploads\/2025\/06\/WhatsApp-Image-2025-06-16-at-09.09.20.jpeg",1600,1200,false]},"categories_names":{"1":{"name":"CBMRO","link":"https:\/\/www.cbm.ro.gov.br\/?cat=1"}},"tags_names":{"13":{"name":"CBMRO","link":"https:\/\/www.cbm.ro.gov.br\/?tag=cbmro"},"58":{"name":"COMBATEAINCENDIO","link":"https:\/\/www.cbm.ro.gov.br\/?tag=combateaincendio"},"315":{"name":"OVR2025","link":"https:\/\/www.cbm.ro.gov.br\/?tag=ovr2025"},"83":{"name":"QUEIMADAS","link":"https:\/\/www.cbm.ro.gov.br\/?tag=queimadas"},"295":{"name":"RONDONIAMAISVERDE","link":"https:\/\/www.cbm.ro.gov.br\/?tag=rondoniamaisverde"}},"comments_number":"0","_links":{"self":[{"href":"https:\/\/www.cbm.ro.gov.br\/index.php?rest_route=\/wp\/v2\/posts\/4830","targetHints":{"allow":["GET"]}}],"collection":[{"href":"https:\/\/www.cbm.ro.gov.br\/index.php?rest_route=\/wp\/v2\/posts"}],"about":[{"href":"https:\/\/www.cbm.ro.gov.br\/index.php?rest_route=\/wp\/v2\/types\/post"}],"author":[{"embeddable":true,"href":"https:\/\/www.cbm.ro.gov.br\/index.php?rest_route=\/wp\/v2\/users\/3"}],"replies":[{"embeddable":true,"href":"https:\/\/www.cbm.ro.gov.br\/index.php?rest_route=%2Fwp%2Fv2%2Fcomments&post=4830"}],"version-history":[{"count":1,"href":"https:\/\/www.cbm.ro.gov.br\/index.php?rest_route=\/wp\/v2\/posts\/4830\/revisions"}],"predecessor-version":[{"id":4836,"href":"https:\/\/www.cbm.ro.gov.br\/index.php?rest_route=\/wp\/v2\/posts\/4830\/revisions\/4836"}],"wp:featuredmedia":[{"embeddable":true,"href":"https:\/\/www.cbm.ro.gov.br\/index.php?rest_route=\/wp\/v2\/media\/4834"}],"wp:attachment":[{"href":"https:\/\/www.cbm.ro.gov.br\/index.php?rest_route=%2Fwp%2Fv2%2Fmedia&parent=4830"}],"wp:term":[{"taxonomy":"category","embeddable":true,"href":"https:\/\/www.cbm.ro.gov.br\/index.php?rest_route=%2Fwp%2Fv2%2Fcategories&post=4830"},{"taxonomy":"post_tag","embeddable":true,"href":"https:\/\/www.cbm.ro.gov.br\/index.php?rest_route=%2Fwp%2Fv2%2Ftags&post=4830"}],"curies":[{"name":"wp","href":"https:\/\/api.w.org\/{rel}","templated":true}]}}