{"id":4727,"date":"2025-06-04T13:22:28","date_gmt":"2025-06-04T17:22:28","guid":{"rendered":"https:\/\/www.cbm.ro.gov.br\/?p=4727"},"modified":"2025-06-04T13:22:29","modified_gmt":"2025-06-04T17:22:29","slug":"corpo-de-bombeiros-de-rondonia-realiza-solenidade-de-encerramento-do-curso-ccifa-2025","status":"publish","type":"post","link":"https:\/\/www.cbm.ro.gov.br\/?p=4727","title":{"rendered":"CORPO DE BOMBEIROS DE ROND\u00d4NIA REALIZA SOLENIDADE DE ENCERRAMENTO DO CURSO CCIFA 2025"},"content":{"rendered":"\n<p class=\"has-black-color has-text-color has-link-color wp-elements-9ff901fa225905546fd03a797c3ebb03\">Na manh\u00e3 desta ter\u00e7a-feira, 3 de junho, o Grupamento de Opera\u00e7\u00f5es A\u00e9reas (GOA) do Corpo de Bombeiros Militar de Rond\u00f4nia (CBMRO) foi palco da solenidade de encerramento do Curso de Combate a Inc\u00eandios Florestais Avan\u00e7ado (CCIFA) &#8211; turma 2025, ministrado por instrutores do Corpo de Bombeiros Militar do Par\u00e1 (CBMPA).<\/p>\n\n\n<div class=\"wp-block-image\">\n<figure class=\"aligncenter size-large is-resized\"><img fetchpriority=\"high\" decoding=\"async\" width=\"1024\" height=\"576\" src=\"https:\/\/www.cbm.ro.gov.br\/wp-content\/uploads\/2025\/06\/1CCIFA-1024x576.jpg\" alt=\"\" class=\"wp-image-4724\" style=\"width:668px;height:auto\" srcset=\"https:\/\/www.cbm.ro.gov.br\/wp-content\/uploads\/2025\/06\/1CCIFA-1024x576.jpg 1024w, https:\/\/www.cbm.ro.gov.br\/wp-content\/uploads\/2025\/06\/1CCIFA-300x169.jpg 300w, https:\/\/www.cbm.ro.gov.br\/wp-content\/uploads\/2025\/06\/1CCIFA-768x432.jpg 768w, https:\/\/www.cbm.ro.gov.br\/wp-content\/uploads\/2025\/06\/1CCIFA-1536x864.jpg 1536w, https:\/\/www.cbm.ro.gov.br\/wp-content\/uploads\/2025\/06\/1CCIFA-2048x1152.jpg 2048w\" sizes=\"(max-width: 1024px) 100vw, 1024px\" \/><\/figure><\/div>\n\n\n<div style=\"height:20px\" aria-hidden=\"true\" class=\"wp-block-spacer\"><\/div>\n\n\n\n<p class=\"has-black-color has-text-color has-link-color wp-elements-9e7fda3c12e55051998a793af0118fd1\">A cerim\u00f4nia contou com a presen\u00e7a de diversas autoridades civis e militares, entre elas:<\/p>\n\n\n\n<ul class=\"wp-block-list\">\n<li class=\"has-black-color has-text-color has-link-color wp-elements-eca01e1ce4284316d12c3bacfc01284e\">CEL BM Felipe Bernardo Vital \u2013 Secret\u00e1rio de Seguran\u00e7a P\u00fablica;<\/li>\n\n\n\n<li class=\"has-black-color has-text-color has-link-color wp-elements-4aa79a9e264d498cdf1f752755cf2a31\">CEL PM Jefferson Ribeiro da Rocha \u2013 Secret\u00e1rio de Estado da Sa\u00fade;<\/li>\n\n\n\n<li class=\"has-black-color has-text-color has-link-color wp-elements-60cc51a57d86be79ef84a5e45673ec23\">TEN CEL Gustavo Leal Pitombo \u2013 17\u00aa Brigada de Infantaria de Selva;<\/li>\n\n\n\n<li class=\"has-black-color has-text-color has-link-color wp-elements-1a18acd75b4d8fffc923fdc96ff987e3\">TEN CEL PM Rachid Diniz Ferreira Salle;<\/li>\n\n\n\n<li class=\"has-black-color has-text-color has-link-color wp-elements-75b58cad49fe4f48b2276d827bdd10eb\">TEN CEL PM Rodolfo Luiz Andrade Ribeiro \u2013 Comandante do BOPE;<\/li>\n\n\n\n<li class=\"has-black-color has-text-color has-link-color wp-elements-aae6d12cbab85d54d8433845d27e5875\">CAP Ruan de Sousa Nicolau \u2013 5\u00ba BEC;<\/li>\n\n\n\n<li class=\"has-black-color has-text-color has-link-color wp-elements-51476ad200ba42dad6b2855fe5f873ed\">TEN Lauan Barros Serrano \u2013 17\u00aa Companhia de Infantaria de Selva;<\/li>\n\n\n\n<li class=\"has-black-color has-text-color has-link-color wp-elements-2883c7a530dfa32a9f51c95eb33d64b3\">CAP BM Alex Fernandes da Silva \u2013 Gerente de Tecnologia da Sesdec;<\/li>\n<\/ul>\n\n\n\n<p class=\"has-black-color has-text-color has-link-color wp-elements-a75f8b6767b119a511560ae5bbd1fd7d\">O curso, que visa aperfei\u00e7oar t\u00e9cnicas no combate a inc\u00eandios florestais, contou com uma programa\u00e7\u00e3o robusta, tanto te\u00f3rica quanto pr\u00e1tica, capacitando militares para atua\u00e7\u00e3o em situa\u00e7\u00f5es de alto risco, especialmente durante o per\u00edodo de estiagem na Amaz\u00f4nia.<\/p>\n\n\n\n<p class=\"has-black-color has-text-color has-link-color wp-elements-a9b20150bac7fe62f54e92933ad06be6\">O encerramento foi marcado por momentos de reconhecimento e agradecimento. Na ocasi\u00e3o, foram homenageados os instrutores, monitores, apoiadores e patrocinadores que colaboraram diretamente para a realiza\u00e7\u00e3o e sucesso do curso.<\/p>\n\n\n<div class=\"wp-block-image\">\n<figure class=\"aligncenter size-large is-resized\"><img decoding=\"async\" width=\"1024\" height=\"683\" src=\"https:\/\/www.cbm.ro.gov.br\/wp-content\/uploads\/2025\/06\/2CCIFA-1024x683.jpg\" alt=\"\" class=\"wp-image-4725\" style=\"width:668px;height:auto\" srcset=\"https:\/\/www.cbm.ro.gov.br\/wp-content\/uploads\/2025\/06\/2CCIFA-1024x683.jpg 1024w, https:\/\/www.cbm.ro.gov.br\/wp-content\/uploads\/2025\/06\/2CCIFA-300x200.jpg 300w, https:\/\/www.cbm.ro.gov.br\/wp-content\/uploads\/2025\/06\/2CCIFA-768x512.jpg 768w, https:\/\/www.cbm.ro.gov.br\/wp-content\/uploads\/2025\/06\/2CCIFA-1536x1024.jpg 1536w, https:\/\/www.cbm.ro.gov.br\/wp-content\/uploads\/2025\/06\/2CCIFA-2048x1365.jpg 2048w\" sizes=\"(max-width: 1024px) 100vw, 1024px\" \/><\/figure><\/div>\n\n\n<div style=\"height:20px\" aria-hidden=\"true\" class=\"wp-block-spacer\"><\/div>\n\n\n\n<p class=\"has-black-color has-text-color has-link-color wp-elements-27539b768a54c9615e41e7d10eb009fd\">O CCIFA teve sua primeira edi\u00e7\u00e3o nos anos 2000 e, desde ent\u00e3o, vem sendo refer\u00eancia na capacita\u00e7\u00e3o de militares para o enfrentamento de inc\u00eandios florestais, um dos maiores desafios da regi\u00e3o amaz\u00f4nica.<\/p>\n\n\n\n<p class=\"has-black-color has-text-color has-link-color wp-elements-5519c3d4298265d8bf6db3a8bce4a18e\">O encerramento refor\u00e7a o compromisso do CBMRO em promover o aprimoramento constante dos seus militares, buscando sempre a excel\u00eancia no atendimento \u00e0 popula\u00e7\u00e3o e na preserva\u00e7\u00e3o do meio ambiente.<\/p>\n\n\n<div class=\"wp-block-image\">\n<figure class=\"aligncenter size-large is-resized\"><img decoding=\"async\" width=\"1024\" height=\"683\" src=\"https:\/\/www.cbm.ro.gov.br\/wp-content\/uploads\/2025\/06\/3CCIFA-1024x683.jpg\" alt=\"\" class=\"wp-image-4726\" style=\"width:666px;height:auto\" srcset=\"https:\/\/www.cbm.ro.gov.br\/wp-content\/uploads\/2025\/06\/3CCIFA-1024x683.jpg 1024w, https:\/\/www.cbm.ro.gov.br\/wp-content\/uploads\/2025\/06\/3CCIFA-300x200.jpg 300w, https:\/\/www.cbm.ro.gov.br\/wp-content\/uploads\/2025\/06\/3CCIFA-768x512.jpg 768w, https:\/\/www.cbm.ro.gov.br\/wp-content\/uploads\/2025\/06\/3CCIFA-1536x1024.jpg 1536w, https:\/\/www.cbm.ro.gov.br\/wp-content\/uploads\/2025\/06\/3CCIFA-2048x1365.jpg 2048w\" sizes=\"(max-width: 1024px) 100vw, 1024px\" \/><\/figure><\/div>\n\n\n<div style=\"height:20px\" aria-hidden=\"true\" class=\"wp-block-spacer\"><\/div>\n\n\n\n<p class=\"has-black-color has-text-color has-link-color wp-elements-b200e9e9ba4c9fed29728765402bafd0\">Durante seu discurso, o 1\u00ba Tenente BM Marcos Matheus de Sousa Moreira, coordenador do CCIFA 2025, destacou a import\u00e2ncia do interc\u00e2mbio de conhecimento entre os Corpos de Bombeiros de diferentes estados, e agradeceu aos instrutores do CBMPA pelo profissionalismo e dedica\u00e7\u00e3o.<\/p>\n\n\n\n<p class=\"has-black-color has-text-color has-link-color wp-elements-85900c6ae91473183974c23d2e9a1b95\">O Subcomandante-geral do CBMRO, em sua fala, refor\u00e7ou que investimentos em capacita\u00e7\u00e3o s\u00e3o fundamentais para garantir a efici\u00eancia no atendimento \u00e0s ocorr\u00eancias de inc\u00eandios florestais, principalmente no per\u00edodo cr\u00edtico de estiagem, comum em Rond\u00f4nia.<\/p>\n\n\n\n<p class=\"has-text-align-center has-vivid-red-color has-text-color has-link-color has-large-font-size wp-elements-954265e53f22f5b487f37b01b04f395c\"><a href=\"https:\/\/photos.app.goo.gl\/Ft4VSKDozSaVepwL6\" target=\"_blank\" rel=\"noreferrer noopener\">ACESSE AQUI OS REGISTROS DO EVENTO<\/a><\/p>\n\n\n\n<p><\/p>\n","protected":false},"excerpt":{"rendered":"<p>Na manh\u00e3 desta ter\u00e7a-feira, 3 de junho, o Grupamento de Opera\u00e7\u00f5es A\u00e9reas (GOA) do Corpo de Bombeiros Militar de Rond\u00f4nia (CBMRO) foi palco da solenidade de encerramento do Curso de&hellip;<\/p>\n","protected":false},"author":3,"featured_media":4723,"comment_status":"closed","ping_status":"open","sticky":false,"template":"","format":"standard","meta":{"footnotes":""},"categories":[1],"tags":[13,322,58,89,234,86,83],"class_list":["post-4727","post","type-post","status-publish","format-standard","has-post-thumbnail","hentry","category-cbmro","tag-cbmro","tag-ccifa","tag-combateaincendio","tag-combateasqueimadas","tag-curso","tag-governoderondonia","tag-queimadas"],"yoast_head":"<!-- This site is optimized with the Yoast SEO plugin v23.7 - https:\/\/yoast.com\/wordpress\/plugins\/seo\/ -->\n<title>CORPO DE BOMBEIROS DE ROND\u00d4NIA REALIZA SOLENIDADE DE ENCERRAMENTO DO CURSO CCIFA 2025 - Corpo de Bombeiros Militar de Rond\u00f4nia<\/title>\n<meta name=\"robots\" content=\"index, follow, max-snippet:-1, max-image-preview:large, max-video-preview:-1\" \/>\n<link rel=\"canonical\" href=\"https:\/\/www.cbm.ro.gov.br\/?p=4727\" \/>\n<meta property=\"og:locale\" content=\"pt_BR\" \/>\n<meta property=\"og:type\" content=\"article\" \/>\n<meta property=\"og:title\" content=\"CORPO DE BOMBEIROS DE ROND\u00d4NIA REALIZA SOLENIDADE DE ENCERRAMENTO DO CURSO CCIFA 2025 - Corpo de Bombeiros Militar de Rond\u00f4nia\" \/>\n<meta property=\"og:description\" content=\"Na manh\u00e3 desta ter\u00e7a-feira, 3 de junho, o Grupamento de Opera\u00e7\u00f5es A\u00e9reas (GOA) do Corpo de Bombeiros Militar de Rond\u00f4nia (CBMRO) foi palco da solenidade de encerramento do Curso de&hellip;\" \/>\n<meta property=\"og:url\" content=\"https:\/\/www.cbm.ro.gov.br\/?p=4727\" \/>\n<meta property=\"og:site_name\" content=\"Corpo de Bombeiros Militar de Rond\u00f4nia\" \/>\n<meta property=\"article:publisher\" content=\"https:\/\/www.facebook.com\/cbmro.oficial\/\" \/>\n<meta property=\"article:published_time\" content=\"2025-06-04T17:22:28+00:00\" \/>\n<meta property=\"article:modified_time\" content=\"2025-06-04T17:22:29+00:00\" \/>\n<meta property=\"og:image\" content=\"https:\/\/www.cbm.ro.gov.br\/wp-content\/uploads\/2025\/06\/0CCIFA-scaled.jpg\" \/>\n\t<meta property=\"og:image:width\" content=\"2560\" \/>\n\t<meta property=\"og:image:height\" content=\"1440\" \/>\n\t<meta property=\"og:image:type\" content=\"image\/jpeg\" \/>\n<meta name=\"author\" content=\"Diovana Castellon\" \/>\n<meta name=\"twitter:card\" content=\"summary_large_image\" \/>\n<meta name=\"twitter:label1\" content=\"Escrito por\" \/>\n\t<meta name=\"twitter:data1\" content=\"Diovana Castellon\" \/>\n\t<meta name=\"twitter:label2\" content=\"Est. tempo de leitura\" \/>\n\t<meta name=\"twitter:data2\" content=\"2 minutos\" \/>\n<script type=\"application\/ld+json\" class=\"yoast-schema-graph\">{\"@context\":\"https:\/\/schema.org\",\"@graph\":[{\"@type\":\"Article\",\"@id\":\"https:\/\/www.cbm.ro.gov.br\/?p=4727#article\",\"isPartOf\":{\"@id\":\"https:\/\/www.cbm.ro.gov.br\/?p=4727\"},\"author\":{\"name\":\"Diovana Castellon\",\"@id\":\"https:\/\/www.cbm.ro.gov.br\/#\/schema\/person\/8e7b7a65b9962de993d36cb5fca8412f\"},\"headline\":\"CORPO DE BOMBEIROS DE ROND\u00d4NIA REALIZA SOLENIDADE DE ENCERRAMENTO DO CURSO CCIFA 2025\",\"datePublished\":\"2025-06-04T17:22:28+00:00\",\"dateModified\":\"2025-06-04T17:22:29+00:00\",\"mainEntityOfPage\":{\"@id\":\"https:\/\/www.cbm.ro.gov.br\/?p=4727\"},\"wordCount\":401,\"publisher\":{\"@id\":\"https:\/\/www.cbm.ro.gov.br\/#organization\"},\"image\":{\"@id\":\"https:\/\/www.cbm.ro.gov.br\/?p=4727#primaryimage\"},\"thumbnailUrl\":\"https:\/\/www.cbm.ro.gov.br\/wp-content\/uploads\/2025\/06\/0CCIFA-scaled.jpg\",\"keywords\":[\"CBMRO\",\"CCIFA\",\"COMBATEAINCENDIO\",\"COMBATEASQUEIMADAS\",\"CURSO\",\"GOVERNODERONDONIA\",\"QUEIMADAS\"],\"articleSection\":[\"CBMRO\"],\"inLanguage\":\"pt-BR\"},{\"@type\":\"WebPage\",\"@id\":\"https:\/\/www.cbm.ro.gov.br\/?p=4727\",\"url\":\"https:\/\/www.cbm.ro.gov.br\/?p=4727\",\"name\":\"CORPO DE BOMBEIROS DE ROND\u00d4NIA REALIZA SOLENIDADE DE ENCERRAMENTO DO CURSO CCIFA 2025 - Corpo de Bombeiros Militar de Rond\u00f4nia\",\"isPartOf\":{\"@id\":\"https:\/\/www.cbm.ro.gov.br\/#website\"},\"primaryImageOfPage\":{\"@id\":\"https:\/\/www.cbm.ro.gov.br\/?p=4727#primaryimage\"},\"image\":{\"@id\":\"https:\/\/www.cbm.ro.gov.br\/?p=4727#primaryimage\"},\"thumbnailUrl\":\"https:\/\/www.cbm.ro.gov.br\/wp-content\/uploads\/2025\/06\/0CCIFA-scaled.jpg\",\"datePublished\":\"2025-06-04T17:22:28+00:00\",\"dateModified\":\"2025-06-04T17:22:29+00:00\",\"breadcrumb\":{\"@id\":\"https:\/\/www.cbm.ro.gov.br\/?p=4727#breadcrumb\"},\"inLanguage\":\"pt-BR\",\"potentialAction\":[{\"@type\":\"ReadAction\",\"target\":[\"https:\/\/www.cbm.ro.gov.br\/?p=4727\"]}]},{\"@type\":\"ImageObject\",\"inLanguage\":\"pt-BR\",\"@id\":\"https:\/\/www.cbm.ro.gov.br\/?p=4727#primaryimage\",\"url\":\"https:\/\/www.cbm.ro.gov.br\/wp-content\/uploads\/2025\/06\/0CCIFA-scaled.jpg\",\"contentUrl\":\"https:\/\/www.cbm.ro.gov.br\/wp-content\/uploads\/2025\/06\/0CCIFA-scaled.jpg\",\"width\":2560,\"height\":1440},{\"@type\":\"BreadcrumbList\",\"@id\":\"https:\/\/www.cbm.ro.gov.br\/?p=4727#breadcrumb\",\"itemListElement\":[{\"@type\":\"ListItem\",\"position\":1,\"name\":\"In\u00edcio\",\"item\":\"https:\/\/www.cbm.ro.gov.br\/\"},{\"@type\":\"ListItem\",\"position\":2,\"name\":\"CORPO DE BOMBEIROS DE ROND\u00d4NIA REALIZA SOLENIDADE DE ENCERRAMENTO DO CURSO CCIFA 2025\"}]},{\"@type\":\"WebSite\",\"@id\":\"https:\/\/www.cbm.ro.gov.br\/#website\",\"url\":\"https:\/\/www.cbm.ro.gov.br\/\",\"name\":\"Corpo de Bombeiros Militar de Rond\u00f4nia\",\"description\":\"Vidas alheias, riquezas salvar!\",\"publisher\":{\"@id\":\"https:\/\/www.cbm.ro.gov.br\/#organization\"},\"alternateName\":\"cbmro\",\"potentialAction\":[{\"@type\":\"SearchAction\",\"target\":{\"@type\":\"EntryPoint\",\"urlTemplate\":\"https:\/\/www.cbm.ro.gov.br\/?s={search_term_string}\"},\"query-input\":{\"@type\":\"PropertyValueSpecification\",\"valueRequired\":true,\"valueName\":\"search_term_string\"}}],\"inLanguage\":\"pt-BR\"},{\"@type\":\"Organization\",\"@id\":\"https:\/\/www.cbm.ro.gov.br\/#organization\",\"name\":\"Corpo de Bombeiros Militar do Estado de Rond\u00f4nia\",\"alternateName\":\"CBMRO\",\"url\":\"https:\/\/www.cbm.ro.gov.br\/\",\"logo\":{\"@type\":\"ImageObject\",\"inLanguage\":\"pt-BR\",\"@id\":\"https:\/\/www.cbm.ro.gov.br\/#\/schema\/logo\/image\/\",\"url\":\"https:\/\/www.cbm.ro.gov.br\/wp-content\/uploads\/2023\/12\/cropped-cropped-cropped-BRASO_3D_32-1-e1724344443171.png\",\"contentUrl\":\"https:\/\/www.cbm.ro.gov.br\/wp-content\/uploads\/2023\/12\/cropped-cropped-cropped-BRASO_3D_32-1-e1724344443171.png\",\"width\":446,\"height\":441,\"caption\":\"Corpo de Bombeiros Militar do Estado de Rond\u00f4nia\"},\"image\":{\"@id\":\"https:\/\/www.cbm.ro.gov.br\/#\/schema\/logo\/image\/\"},\"sameAs\":[\"https:\/\/www.facebook.com\/cbmro.oficial\/\",\"https:\/\/www.youtube.com\/c\/CorpodeBombeirosMilitardoEstadodeRond\u00f4nia\"]},{\"@type\":\"Person\",\"@id\":\"https:\/\/www.cbm.ro.gov.br\/#\/schema\/person\/8e7b7a65b9962de993d36cb5fca8412f\",\"name\":\"Diovana Castellon\",\"url\":\"https:\/\/www.cbm.ro.gov.br\/?author=3\"}]}<\/script>\n<!-- \/ Yoast SEO plugin. -->","yoast_head_json":{"title":"CORPO DE BOMBEIROS DE ROND\u00d4NIA REALIZA SOLENIDADE DE ENCERRAMENTO DO CURSO CCIFA 2025 - Corpo de Bombeiros Militar de Rond\u00f4nia","robots":{"index":"index","follow":"follow","max-snippet":"max-snippet:-1","max-image-preview":"max-image-preview:large","max-video-preview":"max-video-preview:-1"},"canonical":"https:\/\/www.cbm.ro.gov.br\/?p=4727","og_locale":"pt_BR","og_type":"article","og_title":"CORPO DE BOMBEIROS DE ROND\u00d4NIA REALIZA SOLENIDADE DE ENCERRAMENTO DO CURSO CCIFA 2025 - Corpo de Bombeiros Militar de Rond\u00f4nia","og_description":"Na manh\u00e3 desta ter\u00e7a-feira, 3 de junho, o Grupamento de Opera\u00e7\u00f5es A\u00e9reas (GOA) do Corpo de Bombeiros Militar de Rond\u00f4nia (CBMRO) foi palco da solenidade de encerramento do Curso de&hellip;","og_url":"https:\/\/www.cbm.ro.gov.br\/?p=4727","og_site_name":"Corpo de Bombeiros Militar de Rond\u00f4nia","article_publisher":"https:\/\/www.facebook.com\/cbmro.oficial\/","article_published_time":"2025-06-04T17:22:28+00:00","article_modified_time":"2025-06-04T17:22:29+00:00","og_image":[{"width":2560,"height":1440,"url":"https:\/\/www.cbm.ro.gov.br\/wp-content\/uploads\/2025\/06\/0CCIFA-scaled.jpg","type":"image\/jpeg"}],"author":"Diovana Castellon","twitter_card":"summary_large_image","twitter_misc":{"Escrito por":"Diovana Castellon","Est. tempo de leitura":"2 minutos"},"schema":{"@context":"https:\/\/schema.org","@graph":[{"@type":"Article","@id":"https:\/\/www.cbm.ro.gov.br\/?p=4727#article","isPartOf":{"@id":"https:\/\/www.cbm.ro.gov.br\/?p=4727"},"author":{"name":"Diovana Castellon","@id":"https:\/\/www.cbm.ro.gov.br\/#\/schema\/person\/8e7b7a65b9962de993d36cb5fca8412f"},"headline":"CORPO DE BOMBEIROS DE ROND\u00d4NIA REALIZA SOLENIDADE DE ENCERRAMENTO DO CURSO CCIFA 2025","datePublished":"2025-06-04T17:22:28+00:00","dateModified":"2025-06-04T17:22:29+00:00","mainEntityOfPage":{"@id":"https:\/\/www.cbm.ro.gov.br\/?p=4727"},"wordCount":401,"publisher":{"@id":"https:\/\/www.cbm.ro.gov.br\/#organization"},"image":{"@id":"https:\/\/www.cbm.ro.gov.br\/?p=4727#primaryimage"},"thumbnailUrl":"https:\/\/www.cbm.ro.gov.br\/wp-content\/uploads\/2025\/06\/0CCIFA-scaled.jpg","keywords":["CBMRO","CCIFA","COMBATEAINCENDIO","COMBATEASQUEIMADAS","CURSO","GOVERNODERONDONIA","QUEIMADAS"],"articleSection":["CBMRO"],"inLanguage":"pt-BR"},{"@type":"WebPage","@id":"https:\/\/www.cbm.ro.gov.br\/?p=4727","url":"https:\/\/www.cbm.ro.gov.br\/?p=4727","name":"CORPO DE BOMBEIROS DE ROND\u00d4NIA REALIZA SOLENIDADE DE ENCERRAMENTO DO CURSO CCIFA 2025 - Corpo de Bombeiros Militar de Rond\u00f4nia","isPartOf":{"@id":"https:\/\/www.cbm.ro.gov.br\/#website"},"primaryImageOfPage":{"@id":"https:\/\/www.cbm.ro.gov.br\/?p=4727#primaryimage"},"image":{"@id":"https:\/\/www.cbm.ro.gov.br\/?p=4727#primaryimage"},"thumbnailUrl":"https:\/\/www.cbm.ro.gov.br\/wp-content\/uploads\/2025\/06\/0CCIFA-scaled.jpg","datePublished":"2025-06-04T17:22:28+00:00","dateModified":"2025-06-04T17:22:29+00:00","breadcrumb":{"@id":"https:\/\/www.cbm.ro.gov.br\/?p=4727#breadcrumb"},"inLanguage":"pt-BR","potentialAction":[{"@type":"ReadAction","target":["https:\/\/www.cbm.ro.gov.br\/?p=4727"]}]},{"@type":"ImageObject","inLanguage":"pt-BR","@id":"https:\/\/www.cbm.ro.gov.br\/?p=4727#primaryimage","url":"https:\/\/www.cbm.ro.gov.br\/wp-content\/uploads\/2025\/06\/0CCIFA-scaled.jpg","contentUrl":"https:\/\/www.cbm.ro.gov.br\/wp-content\/uploads\/2025\/06\/0CCIFA-scaled.jpg","width":2560,"height":1440},{"@type":"BreadcrumbList","@id":"https:\/\/www.cbm.ro.gov.br\/?p=4727#breadcrumb","itemListElement":[{"@type":"ListItem","position":1,"name":"In\u00edcio","item":"https:\/\/www.cbm.ro.gov.br\/"},{"@type":"ListItem","position":2,"name":"CORPO DE BOMBEIROS DE ROND\u00d4NIA REALIZA SOLENIDADE DE ENCERRAMENTO DO CURSO CCIFA 2025"}]},{"@type":"WebSite","@id":"https:\/\/www.cbm.ro.gov.br\/#website","url":"https:\/\/www.cbm.ro.gov.br\/","name":"Corpo de Bombeiros Militar de Rond\u00f4nia","description":"Vidas alheias, riquezas salvar!","publisher":{"@id":"https:\/\/www.cbm.ro.gov.br\/#organization"},"alternateName":"cbmro","potentialAction":[{"@type":"SearchAction","target":{"@type":"EntryPoint","urlTemplate":"https:\/\/www.cbm.ro.gov.br\/?s={search_term_string}"},"query-input":{"@type":"PropertyValueSpecification","valueRequired":true,"valueName":"search_term_string"}}],"inLanguage":"pt-BR"},{"@type":"Organization","@id":"https:\/\/www.cbm.ro.gov.br\/#organization","name":"Corpo de Bombeiros Militar do Estado de Rond\u00f4nia","alternateName":"CBMRO","url":"https:\/\/www.cbm.ro.gov.br\/","logo":{"@type":"ImageObject","inLanguage":"pt-BR","@id":"https:\/\/www.cbm.ro.gov.br\/#\/schema\/logo\/image\/","url":"https:\/\/www.cbm.ro.gov.br\/wp-content\/uploads\/2023\/12\/cropped-cropped-cropped-BRASO_3D_32-1-e1724344443171.png","contentUrl":"https:\/\/www.cbm.ro.gov.br\/wp-content\/uploads\/2023\/12\/cropped-cropped-cropped-BRASO_3D_32-1-e1724344443171.png","width":446,"height":441,"caption":"Corpo de Bombeiros Militar do Estado de Rond\u00f4nia"},"image":{"@id":"https:\/\/www.cbm.ro.gov.br\/#\/schema\/logo\/image\/"},"sameAs":["https:\/\/www.facebook.com\/cbmro.oficial\/","https:\/\/www.youtube.com\/c\/CorpodeBombeirosMilitardoEstadodeRond\u00f4nia"]},{"@type":"Person","@id":"https:\/\/www.cbm.ro.gov.br\/#\/schema\/person\/8e7b7a65b9962de993d36cb5fca8412f","name":"Diovana Castellon","url":"https:\/\/www.cbm.ro.gov.br\/?author=3"}]}},"wpmagazine_modules_lite_featured_media_urls":{"thumbnail":["https:\/\/www.cbm.ro.gov.br\/wp-content\/uploads\/2025\/06\/0CCIFA-150x150.jpg",150,150,true],"cvmm-medium":["https:\/\/www.cbm.ro.gov.br\/wp-content\/uploads\/2025\/06\/0CCIFA-300x300.jpg",300,300,true],"cvmm-medium-plus":["https:\/\/www.cbm.ro.gov.br\/wp-content\/uploads\/2025\/06\/0CCIFA-305x207.jpg",305,207,true],"cvmm-portrait":["https:\/\/www.cbm.ro.gov.br\/wp-content\/uploads\/2025\/06\/0CCIFA-400x600.jpg",400,600,true],"cvmm-medium-square":["https:\/\/www.cbm.ro.gov.br\/wp-content\/uploads\/2025\/06\/0CCIFA-600x600.jpg",600,600,true],"cvmm-large":["https:\/\/www.cbm.ro.gov.br\/wp-content\/uploads\/2025\/06\/0CCIFA-1024x1024.jpg",1024,1024,true],"cvmm-small":["https:\/\/www.cbm.ro.gov.br\/wp-content\/uploads\/2025\/06\/0CCIFA-130x95.jpg",130,95,true],"full":["https:\/\/www.cbm.ro.gov.br\/wp-content\/uploads\/2025\/06\/0CCIFA-scaled.jpg",2560,1440,false]},"categories_names":{"1":{"name":"CBMRO","link":"https:\/\/www.cbm.ro.gov.br\/?cat=1"}},"tags_names":{"13":{"name":"CBMRO","link":"https:\/\/www.cbm.ro.gov.br\/?tag=cbmro"},"322":{"name":"CCIFA","link":"https:\/\/www.cbm.ro.gov.br\/?tag=ccifa"},"58":{"name":"COMBATEAINCENDIO","link":"https:\/\/www.cbm.ro.gov.br\/?tag=combateaincendio"},"89":{"name":"COMBATEASQUEIMADAS","link":"https:\/\/www.cbm.ro.gov.br\/?tag=combateasqueimadas"},"234":{"name":"CURSO","link":"https:\/\/www.cbm.ro.gov.br\/?tag=curso"},"86":{"name":"GOVERNODERONDONIA","link":"https:\/\/www.cbm.ro.gov.br\/?tag=governoderondonia"},"83":{"name":"QUEIMADAS","link":"https:\/\/www.cbm.ro.gov.br\/?tag=queimadas"}},"comments_number":"0","_links":{"self":[{"href":"https:\/\/www.cbm.ro.gov.br\/index.php?rest_route=\/wp\/v2\/posts\/4727","targetHints":{"allow":["GET"]}}],"collection":[{"href":"https:\/\/www.cbm.ro.gov.br\/index.php?rest_route=\/wp\/v2\/posts"}],"about":[{"href":"https:\/\/www.cbm.ro.gov.br\/index.php?rest_route=\/wp\/v2\/types\/post"}],"author":[{"embeddable":true,"href":"https:\/\/www.cbm.ro.gov.br\/index.php?rest_route=\/wp\/v2\/users\/3"}],"replies":[{"embeddable":true,"href":"https:\/\/www.cbm.ro.gov.br\/index.php?rest_route=%2Fwp%2Fv2%2Fcomments&post=4727"}],"version-history":[{"count":6,"href":"https:\/\/www.cbm.ro.gov.br\/index.php?rest_route=\/wp\/v2\/posts\/4727\/revisions"}],"predecessor-version":[{"id":4733,"href":"https:\/\/www.cbm.ro.gov.br\/index.php?rest_route=\/wp\/v2\/posts\/4727\/revisions\/4733"}],"wp:featuredmedia":[{"embeddable":true,"href":"https:\/\/www.cbm.ro.gov.br\/index.php?rest_route=\/wp\/v2\/media\/4723"}],"wp:attachment":[{"href":"https:\/\/www.cbm.ro.gov.br\/index.php?rest_route=%2Fwp%2Fv2%2Fmedia&parent=4727"}],"wp:term":[{"taxonomy":"category","embeddable":true,"href":"https:\/\/www.cbm.ro.gov.br\/index.php?rest_route=%2Fwp%2Fv2%2Fcategories&post=4727"},{"taxonomy":"post_tag","embeddable":true,"href":"https:\/\/www.cbm.ro.gov.br\/index.php?rest_route=%2Fwp%2Fv2%2Ftags&post=4727"}],"curies":[{"name":"wp","href":"https:\/\/api.w.org\/{rel}","templated":true}]}}