{"id":4686,"date":"2025-05-27T13:06:37","date_gmt":"2025-05-27T17:06:37","guid":{"rendered":"https:\/\/www.cbm.ro.gov.br\/?p=4686"},"modified":"2025-05-27T13:06:37","modified_gmt":"2025-05-27T17:06:37","slug":"corpo-de-bombeiros-realiza-2a-chamada-do-taf-2025","status":"publish","type":"post","link":"https:\/\/www.cbm.ro.gov.br\/?p=4686","title":{"rendered":"CORPO DE BOMBEIROS REALIZA 2\u00aa CHAMADA DO TAF 2025"},"content":{"rendered":"\n<p class=\"has-black-color has-text-color has-link-color wp-elements-04ad8b522fae2def5bcf34be04b7ed0d\">O Corpo de Bombeiros Militar de Rond\u00f4nia (CBMRO) realiza nesta semana a 2\u00aa chamada do Teste de Aptid\u00e3o F\u00edsica (TAF) \u2013 1\u00ba semestre de 2025, voltado aos militares lotados na Capital. A atividade \u00e9 conduzida pelo 1\u00ba Grupamento de Bombeiros Militar (1\u00ba GBM).<\/p>\n\n\n\n<p class=\"has-black-color has-text-color has-link-color wp-elements-0d0075a5e44c0a55bd236587be2dad12\">O TAF \u00e9 um dos principais instrumentos de avalia\u00e7\u00e3o da condi\u00e7\u00e3o f\u00edsica dos bombeiros militares, fundamental para garantir a manuten\u00e7\u00e3o da capacidade operacional, bem como o cumprimento das exig\u00eancias institucionais previstas na legisla\u00e7\u00e3o da corpora\u00e7\u00e3o.<\/p>\n\n\n\n<p class=\"has-black-color has-text-color has-link-color wp-elements-187500b47c0f814221d50024e4a3db89\">Nesta etapa, participam da avalia\u00e7\u00e3o os <strong>bombeiros militares indicados e devidamente inscritos para a 2\u00aa chamada<\/strong>, que por algum motivo n\u00e3o realizaram o teste na primeira oportunidade.<\/p>\n\n\n\n<p class=\"has-black-color has-text-color has-link-color wp-elements-34db416b252b863e574fd84aff37cca7\">O 1\u00ba GBM \u00e9 respons\u00e1vel por toda a log\u00edstica da aplica\u00e7\u00e3o, garantindo a correta condu\u00e7\u00e3o dos testes, que seguem rigorosamente os protocolos de seguran\u00e7a, metodologia e crit\u00e9rios estabelecidos pelo CBMRO.<\/p>\n\n\n\n<h2 class=\"wp-block-heading has-black-color has-text-color has-link-color wp-elements-15d0a5c8b03c9be4c001c9a905ad46b6\"><strong>Import\u00e2ncia do TAF para a carreira militar<\/strong><\/h2>\n\n\n\n<p class=\"has-black-color has-text-color has-link-color wp-elements-9927c48be8b5eb27bc897a90917fc00b\">A realiza\u00e7\u00e3o peri\u00f3dica do TAF \u00e9 condi\u00e7\u00e3o indispens\u00e1vel para a progress\u00e3o funcional, manuten\u00e7\u00e3o de cursos operacionais, participa\u00e7\u00e3o em atividades espec\u00edficas e, sobretudo, para assegurar que cada bombeiro militar esteja apto a cumprir com efici\u00eancia as miss\u00f5es operacionais da corpora\u00e7\u00e3o.<\/p>\n\n\n\n<p class=\"has-black-color has-text-color has-link-color wp-elements-855e4ba3bc3b41f5fd6e42b1925e1a65\">\u2014 \u201cO TAF n\u00e3o \u00e9 apenas uma obriga\u00e7\u00e3o institucional, mas uma ferramenta essencial para a manuten\u00e7\u00e3o da sa\u00fade, do condicionamento f\u00edsico e da capacidade de resposta dos nossos profissionais. A participa\u00e7\u00e3o de todos reflete o compromisso com a miss\u00e3o de proteger vidas, o meio ambiente e o patrim\u00f4nio\u201d \u2014 destacou.<\/p>\n\n\n\n<h2 class=\"wp-block-heading has-black-color has-text-color has-link-color wp-elements-e9ef7c79d7efebbcd25c80163617dd7b\"><strong>Transpar\u00eancia e comprometimento<\/strong><\/h2>\n\n\n\n<p class=\"has-black-color has-text-color has-link-color wp-elements-84c4e37b520ffe3877177ed17f9c62a0\">O Corpo de Bombeiros Militar de Rond\u00f4nia refor\u00e7a que a realiza\u00e7\u00e3o do TAF segue preceitos de isonomia, transpar\u00eancia e responsabilidade, garantindo que todos os bombeiros tenham oportunidade adequada de demonstrar sua capacidade f\u00edsica, conforme as normas vigentes.<\/p>\n\n\n\n<p>A rela\u00e7\u00e3o completa dos militares indicados e inscritos para esta 2\u00aa chamada est\u00e1 dispon\u00edvel nos canais internos da corpora\u00e7\u00e3o, conforme os procedimentos administrativos vinculados ao processo.<\/p>\n\n\n\n<figure class=\"wp-block-image size-large is-resized\"><img fetchpriority=\"high\" decoding=\"async\" width=\"1024\" height=\"683\" src=\"https:\/\/www.cbm.ro.gov.br\/wp-content\/uploads\/2025\/05\/WhatsApp-Image-2025-05-27-at-12.55.03-1024x683.jpeg\" alt=\"\" class=\"wp-image-4688\" style=\"width:720px\" srcset=\"https:\/\/www.cbm.ro.gov.br\/wp-content\/uploads\/2025\/05\/WhatsApp-Image-2025-05-27-at-12.55.03-1024x683.jpeg 1024w, https:\/\/www.cbm.ro.gov.br\/wp-content\/uploads\/2025\/05\/WhatsApp-Image-2025-05-27-at-12.55.03-300x200.jpeg 300w, https:\/\/www.cbm.ro.gov.br\/wp-content\/uploads\/2025\/05\/WhatsApp-Image-2025-05-27-at-12.55.03-768x512.jpeg 768w, https:\/\/www.cbm.ro.gov.br\/wp-content\/uploads\/2025\/05\/WhatsApp-Image-2025-05-27-at-12.55.03-1536x1024.jpeg 1536w, https:\/\/www.cbm.ro.gov.br\/wp-content\/uploads\/2025\/05\/WhatsApp-Image-2025-05-27-at-12.55.03-2048x1365.jpeg 2048w\" sizes=\"(max-width: 1024px) 100vw, 1024px\" \/><\/figure>\n","protected":false},"excerpt":{"rendered":"<p>O Corpo de Bombeiros Militar de Rond\u00f4nia (CBMRO) realiza nesta semana a 2\u00aa chamada do Teste de Aptid\u00e3o F\u00edsica (TAF) \u2013 1\u00ba semestre de 2025, voltado aos militares lotados na&hellip;<\/p>\n","protected":false},"author":3,"featured_media":4687,"comment_status":"closed","ping_status":"open","sticky":false,"template":"","format":"standard","meta":{"footnotes":""},"categories":[1],"tags":[334,13,333,336],"class_list":["post-4686","post","type-post","status-publish","format-standard","has-post-thumbnail","hentry","category-cbmro","tag-1ogbm","tag-cbmro","tag-taf","tag-testedeaptidaofisica"],"yoast_head":"<!-- This site is optimized with the Yoast SEO plugin v23.7 - https:\/\/yoast.com\/wordpress\/plugins\/seo\/ -->\n<title>CORPO DE BOMBEIROS REALIZA 2\u00aa CHAMADA DO TAF 2025 - Corpo de Bombeiros Militar de Rond\u00f4nia<\/title>\n<meta name=\"robots\" content=\"index, follow, max-snippet:-1, max-image-preview:large, max-video-preview:-1\" \/>\n<link rel=\"canonical\" href=\"https:\/\/www.cbm.ro.gov.br\/?p=4686\" \/>\n<meta property=\"og:locale\" content=\"pt_BR\" \/>\n<meta property=\"og:type\" content=\"article\" \/>\n<meta property=\"og:title\" content=\"CORPO DE BOMBEIROS REALIZA 2\u00aa CHAMADA DO TAF 2025 - Corpo de Bombeiros Militar de Rond\u00f4nia\" \/>\n<meta property=\"og:description\" content=\"O Corpo de Bombeiros Militar de Rond\u00f4nia (CBMRO) realiza nesta semana a 2\u00aa chamada do Teste de Aptid\u00e3o F\u00edsica (TAF) \u2013 1\u00ba semestre de 2025, voltado aos militares lotados na&hellip;\" \/>\n<meta property=\"og:url\" content=\"https:\/\/www.cbm.ro.gov.br\/?p=4686\" \/>\n<meta property=\"og:site_name\" content=\"Corpo de Bombeiros Militar de Rond\u00f4nia\" \/>\n<meta property=\"article:publisher\" content=\"https:\/\/www.facebook.com\/cbmro.oficial\/\" \/>\n<meta property=\"article:published_time\" content=\"2025-05-27T17:06:37+00:00\" \/>\n<meta property=\"og:image\" content=\"https:\/\/www.cbm.ro.gov.br\/wp-content\/uploads\/2025\/05\/capa-pra-materia-taf-scaled.jpeg\" \/>\n\t<meta property=\"og:image:width\" content=\"1920\" \/>\n\t<meta property=\"og:image:height\" content=\"2560\" \/>\n\t<meta property=\"og:image:type\" content=\"image\/jpeg\" \/>\n<meta name=\"author\" content=\"Diovana Castellon\" \/>\n<meta name=\"twitter:card\" content=\"summary_large_image\" \/>\n<meta name=\"twitter:label1\" content=\"Escrito por\" \/>\n\t<meta name=\"twitter:data1\" content=\"Diovana Castellon\" \/>\n\t<meta name=\"twitter:label2\" content=\"Est. tempo de leitura\" \/>\n\t<meta name=\"twitter:data2\" content=\"2 minutos\" \/>\n<script type=\"application\/ld+json\" class=\"yoast-schema-graph\">{\"@context\":\"https:\/\/schema.org\",\"@graph\":[{\"@type\":\"Article\",\"@id\":\"https:\/\/www.cbm.ro.gov.br\/?p=4686#article\",\"isPartOf\":{\"@id\":\"https:\/\/www.cbm.ro.gov.br\/?p=4686\"},\"author\":{\"name\":\"Diovana Castellon\",\"@id\":\"https:\/\/www.cbm.ro.gov.br\/#\/schema\/person\/8e7b7a65b9962de993d36cb5fca8412f\"},\"headline\":\"CORPO DE BOMBEIROS REALIZA 2\u00aa CHAMADA DO TAF 2025\",\"datePublished\":\"2025-05-27T17:06:37+00:00\",\"dateModified\":\"2025-05-27T17:06:37+00:00\",\"mainEntityOfPage\":{\"@id\":\"https:\/\/www.cbm.ro.gov.br\/?p=4686\"},\"wordCount\":335,\"publisher\":{\"@id\":\"https:\/\/www.cbm.ro.gov.br\/#organization\"},\"image\":{\"@id\":\"https:\/\/www.cbm.ro.gov.br\/?p=4686#primaryimage\"},\"thumbnailUrl\":\"https:\/\/www.cbm.ro.gov.br\/wp-content\/uploads\/2025\/05\/capa-pra-materia-taf-scaled.jpeg\",\"keywords\":[\"1\u00baGBM\",\"CBMRO\",\"TAF\",\"TESTEDEAPTID\u00c3OF\u00cdSICA\"],\"articleSection\":[\"CBMRO\"],\"inLanguage\":\"pt-BR\"},{\"@type\":\"WebPage\",\"@id\":\"https:\/\/www.cbm.ro.gov.br\/?p=4686\",\"url\":\"https:\/\/www.cbm.ro.gov.br\/?p=4686\",\"name\":\"CORPO DE BOMBEIROS REALIZA 2\u00aa CHAMADA DO TAF 2025 - Corpo de Bombeiros Militar de Rond\u00f4nia\",\"isPartOf\":{\"@id\":\"https:\/\/www.cbm.ro.gov.br\/#website\"},\"primaryImageOfPage\":{\"@id\":\"https:\/\/www.cbm.ro.gov.br\/?p=4686#primaryimage\"},\"image\":{\"@id\":\"https:\/\/www.cbm.ro.gov.br\/?p=4686#primaryimage\"},\"thumbnailUrl\":\"https:\/\/www.cbm.ro.gov.br\/wp-content\/uploads\/2025\/05\/capa-pra-materia-taf-scaled.jpeg\",\"datePublished\":\"2025-05-27T17:06:37+00:00\",\"dateModified\":\"2025-05-27T17:06:37+00:00\",\"breadcrumb\":{\"@id\":\"https:\/\/www.cbm.ro.gov.br\/?p=4686#breadcrumb\"},\"inLanguage\":\"pt-BR\",\"potentialAction\":[{\"@type\":\"ReadAction\",\"target\":[\"https:\/\/www.cbm.ro.gov.br\/?p=4686\"]}]},{\"@type\":\"ImageObject\",\"inLanguage\":\"pt-BR\",\"@id\":\"https:\/\/www.cbm.ro.gov.br\/?p=4686#primaryimage\",\"url\":\"https:\/\/www.cbm.ro.gov.br\/wp-content\/uploads\/2025\/05\/capa-pra-materia-taf-scaled.jpeg\",\"contentUrl\":\"https:\/\/www.cbm.ro.gov.br\/wp-content\/uploads\/2025\/05\/capa-pra-materia-taf-scaled.jpeg\",\"width\":1920,\"height\":2560},{\"@type\":\"BreadcrumbList\",\"@id\":\"https:\/\/www.cbm.ro.gov.br\/?p=4686#breadcrumb\",\"itemListElement\":[{\"@type\":\"ListItem\",\"position\":1,\"name\":\"In\u00edcio\",\"item\":\"https:\/\/www.cbm.ro.gov.br\/\"},{\"@type\":\"ListItem\",\"position\":2,\"name\":\"CORPO DE BOMBEIROS REALIZA 2\u00aa CHAMADA DO TAF 2025\"}]},{\"@type\":\"WebSite\",\"@id\":\"https:\/\/www.cbm.ro.gov.br\/#website\",\"url\":\"https:\/\/www.cbm.ro.gov.br\/\",\"name\":\"Corpo de Bombeiros Militar de Rond\u00f4nia\",\"description\":\"Vidas alheias, riquezas salvar!\",\"publisher\":{\"@id\":\"https:\/\/www.cbm.ro.gov.br\/#organization\"},\"alternateName\":\"cbmro\",\"potentialAction\":[{\"@type\":\"SearchAction\",\"target\":{\"@type\":\"EntryPoint\",\"urlTemplate\":\"https:\/\/www.cbm.ro.gov.br\/?s={search_term_string}\"},\"query-input\":{\"@type\":\"PropertyValueSpecification\",\"valueRequired\":true,\"valueName\":\"search_term_string\"}}],\"inLanguage\":\"pt-BR\"},{\"@type\":\"Organization\",\"@id\":\"https:\/\/www.cbm.ro.gov.br\/#organization\",\"name\":\"Corpo de Bombeiros Militar do Estado de Rond\u00f4nia\",\"alternateName\":\"CBMRO\",\"url\":\"https:\/\/www.cbm.ro.gov.br\/\",\"logo\":{\"@type\":\"ImageObject\",\"inLanguage\":\"pt-BR\",\"@id\":\"https:\/\/www.cbm.ro.gov.br\/#\/schema\/logo\/image\/\",\"url\":\"https:\/\/www.cbm.ro.gov.br\/wp-content\/uploads\/2023\/12\/cropped-cropped-cropped-BRASO_3D_32-1-e1724344443171.png\",\"contentUrl\":\"https:\/\/www.cbm.ro.gov.br\/wp-content\/uploads\/2023\/12\/cropped-cropped-cropped-BRASO_3D_32-1-e1724344443171.png\",\"width\":446,\"height\":441,\"caption\":\"Corpo de Bombeiros Militar do Estado de Rond\u00f4nia\"},\"image\":{\"@id\":\"https:\/\/www.cbm.ro.gov.br\/#\/schema\/logo\/image\/\"},\"sameAs\":[\"https:\/\/www.facebook.com\/cbmro.oficial\/\",\"https:\/\/www.youtube.com\/c\/CorpodeBombeirosMilitardoEstadodeRond\u00f4nia\"]},{\"@type\":\"Person\",\"@id\":\"https:\/\/www.cbm.ro.gov.br\/#\/schema\/person\/8e7b7a65b9962de993d36cb5fca8412f\",\"name\":\"Diovana Castellon\",\"url\":\"https:\/\/www.cbm.ro.gov.br\/?author=3\"}]}<\/script>\n<!-- \/ Yoast SEO plugin. -->","yoast_head_json":{"title":"CORPO DE BOMBEIROS REALIZA 2\u00aa CHAMADA DO TAF 2025 - Corpo de Bombeiros Militar de Rond\u00f4nia","robots":{"index":"index","follow":"follow","max-snippet":"max-snippet:-1","max-image-preview":"max-image-preview:large","max-video-preview":"max-video-preview:-1"},"canonical":"https:\/\/www.cbm.ro.gov.br\/?p=4686","og_locale":"pt_BR","og_type":"article","og_title":"CORPO DE BOMBEIROS REALIZA 2\u00aa CHAMADA DO TAF 2025 - Corpo de Bombeiros Militar de Rond\u00f4nia","og_description":"O Corpo de Bombeiros Militar de Rond\u00f4nia (CBMRO) realiza nesta semana a 2\u00aa chamada do Teste de Aptid\u00e3o F\u00edsica (TAF) \u2013 1\u00ba semestre de 2025, voltado aos militares lotados na&hellip;","og_url":"https:\/\/www.cbm.ro.gov.br\/?p=4686","og_site_name":"Corpo de Bombeiros Militar de Rond\u00f4nia","article_publisher":"https:\/\/www.facebook.com\/cbmro.oficial\/","article_published_time":"2025-05-27T17:06:37+00:00","og_image":[{"width":1920,"height":2560,"url":"https:\/\/www.cbm.ro.gov.br\/wp-content\/uploads\/2025\/05\/capa-pra-materia-taf-scaled.jpeg","type":"image\/jpeg"}],"author":"Diovana Castellon","twitter_card":"summary_large_image","twitter_misc":{"Escrito por":"Diovana Castellon","Est. tempo de leitura":"2 minutos"},"schema":{"@context":"https:\/\/schema.org","@graph":[{"@type":"Article","@id":"https:\/\/www.cbm.ro.gov.br\/?p=4686#article","isPartOf":{"@id":"https:\/\/www.cbm.ro.gov.br\/?p=4686"},"author":{"name":"Diovana Castellon","@id":"https:\/\/www.cbm.ro.gov.br\/#\/schema\/person\/8e7b7a65b9962de993d36cb5fca8412f"},"headline":"CORPO DE BOMBEIROS REALIZA 2\u00aa CHAMADA DO TAF 2025","datePublished":"2025-05-27T17:06:37+00:00","dateModified":"2025-05-27T17:06:37+00:00","mainEntityOfPage":{"@id":"https:\/\/www.cbm.ro.gov.br\/?p=4686"},"wordCount":335,"publisher":{"@id":"https:\/\/www.cbm.ro.gov.br\/#organization"},"image":{"@id":"https:\/\/www.cbm.ro.gov.br\/?p=4686#primaryimage"},"thumbnailUrl":"https:\/\/www.cbm.ro.gov.br\/wp-content\/uploads\/2025\/05\/capa-pra-materia-taf-scaled.jpeg","keywords":["1\u00baGBM","CBMRO","TAF","TESTEDEAPTID\u00c3OF\u00cdSICA"],"articleSection":["CBMRO"],"inLanguage":"pt-BR"},{"@type":"WebPage","@id":"https:\/\/www.cbm.ro.gov.br\/?p=4686","url":"https:\/\/www.cbm.ro.gov.br\/?p=4686","name":"CORPO DE BOMBEIROS REALIZA 2\u00aa CHAMADA DO TAF 2025 - Corpo de Bombeiros Militar de Rond\u00f4nia","isPartOf":{"@id":"https:\/\/www.cbm.ro.gov.br\/#website"},"primaryImageOfPage":{"@id":"https:\/\/www.cbm.ro.gov.br\/?p=4686#primaryimage"},"image":{"@id":"https:\/\/www.cbm.ro.gov.br\/?p=4686#primaryimage"},"thumbnailUrl":"https:\/\/www.cbm.ro.gov.br\/wp-content\/uploads\/2025\/05\/capa-pra-materia-taf-scaled.jpeg","datePublished":"2025-05-27T17:06:37+00:00","dateModified":"2025-05-27T17:06:37+00:00","breadcrumb":{"@id":"https:\/\/www.cbm.ro.gov.br\/?p=4686#breadcrumb"},"inLanguage":"pt-BR","potentialAction":[{"@type":"ReadAction","target":["https:\/\/www.cbm.ro.gov.br\/?p=4686"]}]},{"@type":"ImageObject","inLanguage":"pt-BR","@id":"https:\/\/www.cbm.ro.gov.br\/?p=4686#primaryimage","url":"https:\/\/www.cbm.ro.gov.br\/wp-content\/uploads\/2025\/05\/capa-pra-materia-taf-scaled.jpeg","contentUrl":"https:\/\/www.cbm.ro.gov.br\/wp-content\/uploads\/2025\/05\/capa-pra-materia-taf-scaled.jpeg","width":1920,"height":2560},{"@type":"BreadcrumbList","@id":"https:\/\/www.cbm.ro.gov.br\/?p=4686#breadcrumb","itemListElement":[{"@type":"ListItem","position":1,"name":"In\u00edcio","item":"https:\/\/www.cbm.ro.gov.br\/"},{"@type":"ListItem","position":2,"name":"CORPO DE BOMBEIROS REALIZA 2\u00aa CHAMADA DO TAF 2025"}]},{"@type":"WebSite","@id":"https:\/\/www.cbm.ro.gov.br\/#website","url":"https:\/\/www.cbm.ro.gov.br\/","name":"Corpo de Bombeiros Militar de Rond\u00f4nia","description":"Vidas alheias, riquezas salvar!","publisher":{"@id":"https:\/\/www.cbm.ro.gov.br\/#organization"},"alternateName":"cbmro","potentialAction":[{"@type":"SearchAction","target":{"@type":"EntryPoint","urlTemplate":"https:\/\/www.cbm.ro.gov.br\/?s={search_term_string}"},"query-input":{"@type":"PropertyValueSpecification","valueRequired":true,"valueName":"search_term_string"}}],"inLanguage":"pt-BR"},{"@type":"Organization","@id":"https:\/\/www.cbm.ro.gov.br\/#organization","name":"Corpo de Bombeiros Militar do Estado de Rond\u00f4nia","alternateName":"CBMRO","url":"https:\/\/www.cbm.ro.gov.br\/","logo":{"@type":"ImageObject","inLanguage":"pt-BR","@id":"https:\/\/www.cbm.ro.gov.br\/#\/schema\/logo\/image\/","url":"https:\/\/www.cbm.ro.gov.br\/wp-content\/uploads\/2023\/12\/cropped-cropped-cropped-BRASO_3D_32-1-e1724344443171.png","contentUrl":"https:\/\/www.cbm.ro.gov.br\/wp-content\/uploads\/2023\/12\/cropped-cropped-cropped-BRASO_3D_32-1-e1724344443171.png","width":446,"height":441,"caption":"Corpo de Bombeiros Militar do Estado de Rond\u00f4nia"},"image":{"@id":"https:\/\/www.cbm.ro.gov.br\/#\/schema\/logo\/image\/"},"sameAs":["https:\/\/www.facebook.com\/cbmro.oficial\/","https:\/\/www.youtube.com\/c\/CorpodeBombeirosMilitardoEstadodeRond\u00f4nia"]},{"@type":"Person","@id":"https:\/\/www.cbm.ro.gov.br\/#\/schema\/person\/8e7b7a65b9962de993d36cb5fca8412f","name":"Diovana Castellon","url":"https:\/\/www.cbm.ro.gov.br\/?author=3"}]}},"wpmagazine_modules_lite_featured_media_urls":{"thumbnail":["https:\/\/www.cbm.ro.gov.br\/wp-content\/uploads\/2025\/05\/capa-pra-materia-taf-150x150.jpeg",150,150,true],"cvmm-medium":["https:\/\/www.cbm.ro.gov.br\/wp-content\/uploads\/2025\/05\/capa-pra-materia-taf-300x300.jpeg",300,300,true],"cvmm-medium-plus":["https:\/\/www.cbm.ro.gov.br\/wp-content\/uploads\/2025\/05\/capa-pra-materia-taf-305x207.jpeg",305,207,true],"cvmm-portrait":["https:\/\/www.cbm.ro.gov.br\/wp-content\/uploads\/2025\/05\/capa-pra-materia-taf-400x600.jpeg",400,600,true],"cvmm-medium-square":["https:\/\/www.cbm.ro.gov.br\/wp-content\/uploads\/2025\/05\/capa-pra-materia-taf-600x600.jpeg",600,600,true],"cvmm-large":["https:\/\/www.cbm.ro.gov.br\/wp-content\/uploads\/2025\/05\/capa-pra-materia-taf-1024x1024.jpeg",1024,1024,true],"cvmm-small":["https:\/\/www.cbm.ro.gov.br\/wp-content\/uploads\/2025\/05\/capa-pra-materia-taf-130x95.jpeg",130,95,true],"full":["https:\/\/www.cbm.ro.gov.br\/wp-content\/uploads\/2025\/05\/capa-pra-materia-taf-scaled.jpeg",1920,2560,false]},"categories_names":{"1":{"name":"CBMRO","link":"https:\/\/www.cbm.ro.gov.br\/?cat=1"}},"tags_names":{"334":{"name":"1\u00baGBM","link":"https:\/\/www.cbm.ro.gov.br\/?tag=1ogbm"},"13":{"name":"CBMRO","link":"https:\/\/www.cbm.ro.gov.br\/?tag=cbmro"},"333":{"name":"TAF","link":"https:\/\/www.cbm.ro.gov.br\/?tag=taf"},"336":{"name":"TESTEDEAPTID\u00c3OF\u00cdSICA","link":"https:\/\/www.cbm.ro.gov.br\/?tag=testedeaptidaofisica"}},"comments_number":"0","_links":{"self":[{"href":"https:\/\/www.cbm.ro.gov.br\/index.php?rest_route=\/wp\/v2\/posts\/4686","targetHints":{"allow":["GET"]}}],"collection":[{"href":"https:\/\/www.cbm.ro.gov.br\/index.php?rest_route=\/wp\/v2\/posts"}],"about":[{"href":"https:\/\/www.cbm.ro.gov.br\/index.php?rest_route=\/wp\/v2\/types\/post"}],"author":[{"embeddable":true,"href":"https:\/\/www.cbm.ro.gov.br\/index.php?rest_route=\/wp\/v2\/users\/3"}],"replies":[{"embeddable":true,"href":"https:\/\/www.cbm.ro.gov.br\/index.php?rest_route=%2Fwp%2Fv2%2Fcomments&post=4686"}],"version-history":[{"count":1,"href":"https:\/\/www.cbm.ro.gov.br\/index.php?rest_route=\/wp\/v2\/posts\/4686\/revisions"}],"predecessor-version":[{"id":4689,"href":"https:\/\/www.cbm.ro.gov.br\/index.php?rest_route=\/wp\/v2\/posts\/4686\/revisions\/4689"}],"wp:featuredmedia":[{"embeddable":true,"href":"https:\/\/www.cbm.ro.gov.br\/index.php?rest_route=\/wp\/v2\/media\/4687"}],"wp:attachment":[{"href":"https:\/\/www.cbm.ro.gov.br\/index.php?rest_route=%2Fwp%2Fv2%2Fmedia&parent=4686"}],"wp:term":[{"taxonomy":"category","embeddable":true,"href":"https:\/\/www.cbm.ro.gov.br\/index.php?rest_route=%2Fwp%2Fv2%2Fcategories&post=4686"},{"taxonomy":"post_tag","embeddable":true,"href":"https:\/\/www.cbm.ro.gov.br\/index.php?rest_route=%2Fwp%2Fv2%2Ftags&post=4686"}],"curies":[{"name":"wp","href":"https:\/\/api.w.org\/{rel}","templated":true}]}}