{"id":4597,"date":"2025-04-28T11:04:17","date_gmt":"2025-04-28T15:04:17","guid":{"rendered":"https:\/\/www.cbm.ro.gov.br\/?p=4597"},"modified":"2025-04-28T11:04:18","modified_gmt":"2025-04-28T15:04:18","slug":"oficiais-do-cbmro-sao-homenageados-pela-assembleia-legislativa-do-estado-de-rondonia","status":"publish","type":"post","link":"https:\/\/www.cbm.ro.gov.br\/?p=4597","title":{"rendered":"OFICIAIS DO CBMRO S\u00c3O HOMENAGEADOS PELA ASSEMBLEIA LEGISLATIVA DO ESTADO DE ROND\u00d4NIA"},"content":{"rendered":"\n<p class=\"has-black-color has-text-color has-link-color wp-elements-6683e541876d32941a25251e5eed50a3\">Em uma solenidade marcada pela emo\u00e7\u00e3o e reconhecimento, o Comandante-Geral do Corpo de Bombeiros Militar de Rond\u00f4nia (CBMRO), Coronel BM Nivaldo de Azevedo Ferreira, foi agraciado com o T\u00edtulo Honor\u00edfico de Honra ao M\u00e9rito, concedido pela Assembleia Legislativa do Estado de Rond\u00f4nia (ALE\/RO). A homenagem foi proposta pela deputada estadual Ros\u00e2ngela Donadon e entregues durante sess\u00e3o solene realizada no Plen\u00e1rio \u201cDeputada L\u00facia Tereza Rodrigues dos Santos\u201d, no Pal\u00e1cio Marechal Rondon, em Porto Velho.<br><br>A honraria reconhece os relevantes servi\u00e7os prestados pelo Coronel Nivaldo \u00e0 sociedade rondoniense ao longo de sua carreira, marcada pela dedica\u00e7\u00e3o, lideran\u00e7a e compromisso com a miss\u00e3o de salvar vidas e proteger o patrim\u00f4nio da popula\u00e7\u00e3o.<\/p>\n\n\n\n<p class=\"has-black-color has-text-color has-link-color wp-elements-763f79c3eab7171224054d844ba0c821\">Al\u00e9m do Coronel Nivaldo, outros militares do CBMRO tamb\u00e9m foram homenageados na ocasi\u00e3o: o Coronel BM Guedes, o Major BM Joaquim e o Major BM Bueno, todos destacados pela atua\u00e7\u00e3o exemplar e pelas contribui\u00e7\u00f5es significativas ao Estado de Rond\u00f4nia.<\/p>\n\n\n\n<figure class=\"wp-block-image size-large is-resized\"><img fetchpriority=\"high\" decoding=\"async\" width=\"1024\" height=\"768\" src=\"https:\/\/www.cbm.ro.gov.br\/wp-content\/uploads\/2025\/04\/3-1024x768.jpeg\" alt=\"\" class=\"wp-image-4604\" style=\"width:720px\" srcset=\"https:\/\/www.cbm.ro.gov.br\/wp-content\/uploads\/2025\/04\/3-1024x768.jpeg 1024w, https:\/\/www.cbm.ro.gov.br\/wp-content\/uploads\/2025\/04\/3-300x225.jpeg 300w, https:\/\/www.cbm.ro.gov.br\/wp-content\/uploads\/2025\/04\/3-768x576.jpeg 768w, https:\/\/www.cbm.ro.gov.br\/wp-content\/uploads\/2025\/04\/3-1536x1152.jpeg 1536w, https:\/\/www.cbm.ro.gov.br\/wp-content\/uploads\/2025\/04\/3-2048x1536.jpeg 2048w\" sizes=\"(max-width: 1024px) 100vw, 1024px\" \/><\/figure>\n\n\n\n<p class=\"has-black-color has-text-color has-link-color wp-elements-41d145104941762e1f5eafed60727d26\">A composi\u00e7\u00e3o da mesa da cerim\u00f4nia contou com a presen\u00e7a da deputada estadual Ros\u00e2ngela Donadon, proponente da homenagem; do homenageado Coronel BM Nivaldo de Azevedo Ferreira; do diretor-geral do Departamento de Estradas de Rodagem e Transporte (DER), \u00c9der Andr\u00e9 Fernandes Dias; do professor Vanks Palhano de Macedo; do secret\u00e1rio adjunto de Obras e Servi\u00e7os P\u00fablicos de Rond\u00f4nia, Jos\u00e9 H\u00e9lio Cysneiro Pach\u00e1; e da reitora da FIMCA, doutora Mariana Carvalho.<br><br>Durante seu pronunciamento, a deputada Ros\u00e2ngela Donadon destacou a import\u00e2ncia dos servi\u00e7os prestados pelos militares \u00e0 sociedade rondoniense:<em>&#8220;Esses homens representam a bravura, o compromisso e a dedica\u00e7\u00e3o que inspiram gera\u00e7\u00f5es. \u00c9 uma honra para a Assembleia Legislativa reconhecer suas trajet\u00f3rias.&#8221;<\/em><\/p>\n\n\n\n<figure class=\"wp-block-image size-large is-resized\"><img decoding=\"async\" width=\"2560\" height=\"1706\" src=\"https:\/\/www.cbm.ro.gov.br\/wp-content\/uploads\/2025\/04\/2-1024x682.jpeg\" alt=\"\" class=\"wp-image-4600\" style=\"width:720px\" srcset=\"https:\/\/www.cbm.ro.gov.br\/wp-content\/uploads\/2025\/04\/2-1024x682.jpeg 1024w, https:\/\/www.cbm.ro.gov.br\/wp-content\/uploads\/2025\/04\/2-300x200.jpeg 300w, https:\/\/www.cbm.ro.gov.br\/wp-content\/uploads\/2025\/04\/2-768x512.jpeg 768w, https:\/\/www.cbm.ro.gov.br\/wp-content\/uploads\/2025\/04\/2-1536x1024.jpeg 1536w, https:\/\/www.cbm.ro.gov.br\/wp-content\/uploads\/2025\/04\/2-2048x1365.jpeg 2048w\" sizes=\"(max-width: 2560px) 100vw, 2560px\" \/><\/figure>\n\n\n\n<p class=\"has-black-color has-text-color has-link-color wp-elements-47220884660b276ec23d6760894d2119\">Em suas palavras de agradecimento, o Coronel Nivaldo dedicou a homenagem a todos que atuam diariamente na corpora\u00e7\u00e3o:<br><em>&#8220;Este t\u00edtulo n\u00e3o \u00e9 apenas meu. \u00c9 de cada bombeiro militar que enfrenta desafios para cumprir nossa miss\u00e3o com coragem e amor pelo pr\u00f3ximo. Agrade\u00e7o imensamente pela confian\u00e7a e reconhecimento.&#8221;<\/em><\/p>\n\n\n\n<p class=\"has-black-color has-text-color has-link-color wp-elements-4aeb1a80428a59bf42d55ef6c38822aa\">O Corpo de Bombeiros Militar de Rond\u00f4nia parabeniza todos os homenageados e reafirma seu compromisso em continuar prestando servi\u00e7os de excel\u00eancia \u00e0 popula\u00e7\u00e3o.<\/p>\n\n\n\n<p><\/p>\n","protected":false},"excerpt":{"rendered":"<p>Em uma solenidade marcada pela emo\u00e7\u00e3o e reconhecimento, o Comandante-Geral do Corpo de Bombeiros Militar de Rond\u00f4nia (CBMRO), Coronel BM Nivaldo de Azevedo Ferreira, foi agraciado com o T\u00edtulo Honor\u00edfico&hellip;<\/p>\n","protected":false},"author":3,"featured_media":4598,"comment_status":"closed","ping_status":"open","sticky":false,"template":"","format":"standard","meta":{"footnotes":""},"categories":[1],"tags":[317,316,13,318],"class_list":["post-4597","post","type-post","status-publish","format-standard","has-post-thumbnail","hentry","category-cbmro","tag-ale","tag-assembleialegislativa","tag-cbmro","tag-oficiaisdocbmro"],"yoast_head":"<!-- This site is optimized with the Yoast SEO plugin v23.7 - https:\/\/yoast.com\/wordpress\/plugins\/seo\/ -->\n<title>OFICIAIS DO CBMRO S\u00c3O HOMENAGEADOS PELA ASSEMBLEIA LEGISLATIVA DO ESTADO DE ROND\u00d4NIA - Corpo de Bombeiros Militar de Rond\u00f4nia<\/title>\n<meta name=\"robots\" content=\"index, follow, max-snippet:-1, max-image-preview:large, max-video-preview:-1\" \/>\n<link rel=\"canonical\" href=\"https:\/\/www.cbm.ro.gov.br\/?p=4597\" \/>\n<meta property=\"og:locale\" content=\"pt_BR\" \/>\n<meta property=\"og:type\" content=\"article\" \/>\n<meta property=\"og:title\" content=\"OFICIAIS DO CBMRO S\u00c3O HOMENAGEADOS PELA ASSEMBLEIA LEGISLATIVA DO ESTADO DE ROND\u00d4NIA - Corpo de Bombeiros Militar de Rond\u00f4nia\" \/>\n<meta property=\"og:description\" content=\"Em uma solenidade marcada pela emo\u00e7\u00e3o e reconhecimento, o Comandante-Geral do Corpo de Bombeiros Militar de Rond\u00f4nia (CBMRO), Coronel BM Nivaldo de Azevedo Ferreira, foi agraciado com o T\u00edtulo Honor\u00edfico&hellip;\" \/>\n<meta property=\"og:url\" content=\"https:\/\/www.cbm.ro.gov.br\/?p=4597\" \/>\n<meta property=\"og:site_name\" content=\"Corpo de Bombeiros Militar de Rond\u00f4nia\" \/>\n<meta property=\"article:publisher\" content=\"https:\/\/www.facebook.com\/cbmro.oficial\/\" \/>\n<meta property=\"article:published_time\" content=\"2025-04-28T15:04:17+00:00\" \/>\n<meta property=\"article:modified_time\" content=\"2025-04-28T15:04:18+00:00\" \/>\n<meta property=\"og:image\" content=\"https:\/\/www.cbm.ro.gov.br\/wp-content\/uploads\/2025\/04\/capa-da-materiaa.jpeg\" \/>\n\t<meta property=\"og:image:width\" content=\"2560\" \/>\n\t<meta property=\"og:image:height\" content=\"1706\" \/>\n\t<meta property=\"og:image:type\" content=\"image\/jpeg\" \/>\n<meta name=\"author\" content=\"Diovana Castellon\" \/>\n<meta name=\"twitter:card\" content=\"summary_large_image\" \/>\n<meta name=\"twitter:label1\" content=\"Escrito por\" \/>\n\t<meta name=\"twitter:data1\" content=\"Diovana Castellon\" \/>\n\t<meta name=\"twitter:label2\" content=\"Est. tempo de leitura\" \/>\n\t<meta name=\"twitter:data2\" content=\"2 minutos\" \/>\n<script type=\"application\/ld+json\" class=\"yoast-schema-graph\">{\"@context\":\"https:\/\/schema.org\",\"@graph\":[{\"@type\":\"Article\",\"@id\":\"https:\/\/www.cbm.ro.gov.br\/?p=4597#article\",\"isPartOf\":{\"@id\":\"https:\/\/www.cbm.ro.gov.br\/?p=4597\"},\"author\":{\"name\":\"Diovana Castellon\",\"@id\":\"https:\/\/www.cbm.ro.gov.br\/#\/schema\/person\/8e7b7a65b9962de993d36cb5fca8412f\"},\"headline\":\"OFICIAIS DO CBMRO S\u00c3O HOMENAGEADOS PELA ASSEMBLEIA LEGISLATIVA DO ESTADO DE ROND\u00d4NIA\",\"datePublished\":\"2025-04-28T15:04:17+00:00\",\"dateModified\":\"2025-04-28T15:04:18+00:00\",\"mainEntityOfPage\":{\"@id\":\"https:\/\/www.cbm.ro.gov.br\/?p=4597\"},\"wordCount\":387,\"publisher\":{\"@id\":\"https:\/\/www.cbm.ro.gov.br\/#organization\"},\"image\":{\"@id\":\"https:\/\/www.cbm.ro.gov.br\/?p=4597#primaryimage\"},\"thumbnailUrl\":\"https:\/\/www.cbm.ro.gov.br\/wp-content\/uploads\/2025\/04\/capa-da-materiaa.jpeg\",\"keywords\":[\"ALE\",\"ASSEMBLEIALEGISLATIVA\",\"CBMRO\",\"OFICIAISDOCBMRO\"],\"articleSection\":[\"CBMRO\"],\"inLanguage\":\"pt-BR\"},{\"@type\":\"WebPage\",\"@id\":\"https:\/\/www.cbm.ro.gov.br\/?p=4597\",\"url\":\"https:\/\/www.cbm.ro.gov.br\/?p=4597\",\"name\":\"OFICIAIS DO CBMRO S\u00c3O HOMENAGEADOS PELA ASSEMBLEIA LEGISLATIVA DO ESTADO DE ROND\u00d4NIA - Corpo de Bombeiros Militar de Rond\u00f4nia\",\"isPartOf\":{\"@id\":\"https:\/\/www.cbm.ro.gov.br\/#website\"},\"primaryImageOfPage\":{\"@id\":\"https:\/\/www.cbm.ro.gov.br\/?p=4597#primaryimage\"},\"image\":{\"@id\":\"https:\/\/www.cbm.ro.gov.br\/?p=4597#primaryimage\"},\"thumbnailUrl\":\"https:\/\/www.cbm.ro.gov.br\/wp-content\/uploads\/2025\/04\/capa-da-materiaa.jpeg\",\"datePublished\":\"2025-04-28T15:04:17+00:00\",\"dateModified\":\"2025-04-28T15:04:18+00:00\",\"breadcrumb\":{\"@id\":\"https:\/\/www.cbm.ro.gov.br\/?p=4597#breadcrumb\"},\"inLanguage\":\"pt-BR\",\"potentialAction\":[{\"@type\":\"ReadAction\",\"target\":[\"https:\/\/www.cbm.ro.gov.br\/?p=4597\"]}]},{\"@type\":\"ImageObject\",\"inLanguage\":\"pt-BR\",\"@id\":\"https:\/\/www.cbm.ro.gov.br\/?p=4597#primaryimage\",\"url\":\"https:\/\/www.cbm.ro.gov.br\/wp-content\/uploads\/2025\/04\/capa-da-materiaa.jpeg\",\"contentUrl\":\"https:\/\/www.cbm.ro.gov.br\/wp-content\/uploads\/2025\/04\/capa-da-materiaa.jpeg\",\"width\":2560,\"height\":1706},{\"@type\":\"BreadcrumbList\",\"@id\":\"https:\/\/www.cbm.ro.gov.br\/?p=4597#breadcrumb\",\"itemListElement\":[{\"@type\":\"ListItem\",\"position\":1,\"name\":\"In\u00edcio\",\"item\":\"https:\/\/www.cbm.ro.gov.br\/\"},{\"@type\":\"ListItem\",\"position\":2,\"name\":\"OFICIAIS DO CBMRO S\u00c3O HOMENAGEADOS PELA ASSEMBLEIA LEGISLATIVA DO ESTADO DE ROND\u00d4NIA\"}]},{\"@type\":\"WebSite\",\"@id\":\"https:\/\/www.cbm.ro.gov.br\/#website\",\"url\":\"https:\/\/www.cbm.ro.gov.br\/\",\"name\":\"Corpo de Bombeiros Militar de Rond\u00f4nia\",\"description\":\"Vidas alheias, riquezas salvar!\",\"publisher\":{\"@id\":\"https:\/\/www.cbm.ro.gov.br\/#organization\"},\"alternateName\":\"cbmro\",\"potentialAction\":[{\"@type\":\"SearchAction\",\"target\":{\"@type\":\"EntryPoint\",\"urlTemplate\":\"https:\/\/www.cbm.ro.gov.br\/?s={search_term_string}\"},\"query-input\":{\"@type\":\"PropertyValueSpecification\",\"valueRequired\":true,\"valueName\":\"search_term_string\"}}],\"inLanguage\":\"pt-BR\"},{\"@type\":\"Organization\",\"@id\":\"https:\/\/www.cbm.ro.gov.br\/#organization\",\"name\":\"Corpo de Bombeiros Militar do Estado de Rond\u00f4nia\",\"alternateName\":\"CBMRO\",\"url\":\"https:\/\/www.cbm.ro.gov.br\/\",\"logo\":{\"@type\":\"ImageObject\",\"inLanguage\":\"pt-BR\",\"@id\":\"https:\/\/www.cbm.ro.gov.br\/#\/schema\/logo\/image\/\",\"url\":\"https:\/\/www.cbm.ro.gov.br\/wp-content\/uploads\/2023\/12\/cropped-cropped-cropped-BRASO_3D_32-1-e1724344443171.png\",\"contentUrl\":\"https:\/\/www.cbm.ro.gov.br\/wp-content\/uploads\/2023\/12\/cropped-cropped-cropped-BRASO_3D_32-1-e1724344443171.png\",\"width\":446,\"height\":441,\"caption\":\"Corpo de Bombeiros Militar do Estado de Rond\u00f4nia\"},\"image\":{\"@id\":\"https:\/\/www.cbm.ro.gov.br\/#\/schema\/logo\/image\/\"},\"sameAs\":[\"https:\/\/www.facebook.com\/cbmro.oficial\/\",\"https:\/\/www.youtube.com\/c\/CorpodeBombeirosMilitardoEstadodeRond\u00f4nia\"]},{\"@type\":\"Person\",\"@id\":\"https:\/\/www.cbm.ro.gov.br\/#\/schema\/person\/8e7b7a65b9962de993d36cb5fca8412f\",\"name\":\"Diovana Castellon\",\"url\":\"https:\/\/www.cbm.ro.gov.br\/?author=3\"}]}<\/script>\n<!-- \/ Yoast SEO plugin. -->","yoast_head_json":{"title":"OFICIAIS DO CBMRO S\u00c3O HOMENAGEADOS PELA ASSEMBLEIA LEGISLATIVA DO ESTADO DE ROND\u00d4NIA - Corpo de Bombeiros Militar de Rond\u00f4nia","robots":{"index":"index","follow":"follow","max-snippet":"max-snippet:-1","max-image-preview":"max-image-preview:large","max-video-preview":"max-video-preview:-1"},"canonical":"https:\/\/www.cbm.ro.gov.br\/?p=4597","og_locale":"pt_BR","og_type":"article","og_title":"OFICIAIS DO CBMRO S\u00c3O HOMENAGEADOS PELA ASSEMBLEIA LEGISLATIVA DO ESTADO DE ROND\u00d4NIA - Corpo de Bombeiros Militar de Rond\u00f4nia","og_description":"Em uma solenidade marcada pela emo\u00e7\u00e3o e reconhecimento, o Comandante-Geral do Corpo de Bombeiros Militar de Rond\u00f4nia (CBMRO), Coronel BM Nivaldo de Azevedo Ferreira, foi agraciado com o T\u00edtulo Honor\u00edfico&hellip;","og_url":"https:\/\/www.cbm.ro.gov.br\/?p=4597","og_site_name":"Corpo de Bombeiros Militar de Rond\u00f4nia","article_publisher":"https:\/\/www.facebook.com\/cbmro.oficial\/","article_published_time":"2025-04-28T15:04:17+00:00","article_modified_time":"2025-04-28T15:04:18+00:00","og_image":[{"width":2560,"height":1706,"url":"https:\/\/www.cbm.ro.gov.br\/wp-content\/uploads\/2025\/04\/capa-da-materiaa.jpeg","type":"image\/jpeg"}],"author":"Diovana Castellon","twitter_card":"summary_large_image","twitter_misc":{"Escrito por":"Diovana Castellon","Est. tempo de leitura":"2 minutos"},"schema":{"@context":"https:\/\/schema.org","@graph":[{"@type":"Article","@id":"https:\/\/www.cbm.ro.gov.br\/?p=4597#article","isPartOf":{"@id":"https:\/\/www.cbm.ro.gov.br\/?p=4597"},"author":{"name":"Diovana Castellon","@id":"https:\/\/www.cbm.ro.gov.br\/#\/schema\/person\/8e7b7a65b9962de993d36cb5fca8412f"},"headline":"OFICIAIS DO CBMRO S\u00c3O HOMENAGEADOS PELA ASSEMBLEIA LEGISLATIVA DO ESTADO DE ROND\u00d4NIA","datePublished":"2025-04-28T15:04:17+00:00","dateModified":"2025-04-28T15:04:18+00:00","mainEntityOfPage":{"@id":"https:\/\/www.cbm.ro.gov.br\/?p=4597"},"wordCount":387,"publisher":{"@id":"https:\/\/www.cbm.ro.gov.br\/#organization"},"image":{"@id":"https:\/\/www.cbm.ro.gov.br\/?p=4597#primaryimage"},"thumbnailUrl":"https:\/\/www.cbm.ro.gov.br\/wp-content\/uploads\/2025\/04\/capa-da-materiaa.jpeg","keywords":["ALE","ASSEMBLEIALEGISLATIVA","CBMRO","OFICIAISDOCBMRO"],"articleSection":["CBMRO"],"inLanguage":"pt-BR"},{"@type":"WebPage","@id":"https:\/\/www.cbm.ro.gov.br\/?p=4597","url":"https:\/\/www.cbm.ro.gov.br\/?p=4597","name":"OFICIAIS DO CBMRO S\u00c3O HOMENAGEADOS PELA ASSEMBLEIA LEGISLATIVA DO ESTADO DE ROND\u00d4NIA - Corpo de Bombeiros Militar de Rond\u00f4nia","isPartOf":{"@id":"https:\/\/www.cbm.ro.gov.br\/#website"},"primaryImageOfPage":{"@id":"https:\/\/www.cbm.ro.gov.br\/?p=4597#primaryimage"},"image":{"@id":"https:\/\/www.cbm.ro.gov.br\/?p=4597#primaryimage"},"thumbnailUrl":"https:\/\/www.cbm.ro.gov.br\/wp-content\/uploads\/2025\/04\/capa-da-materiaa.jpeg","datePublished":"2025-04-28T15:04:17+00:00","dateModified":"2025-04-28T15:04:18+00:00","breadcrumb":{"@id":"https:\/\/www.cbm.ro.gov.br\/?p=4597#breadcrumb"},"inLanguage":"pt-BR","potentialAction":[{"@type":"ReadAction","target":["https:\/\/www.cbm.ro.gov.br\/?p=4597"]}]},{"@type":"ImageObject","inLanguage":"pt-BR","@id":"https:\/\/www.cbm.ro.gov.br\/?p=4597#primaryimage","url":"https:\/\/www.cbm.ro.gov.br\/wp-content\/uploads\/2025\/04\/capa-da-materiaa.jpeg","contentUrl":"https:\/\/www.cbm.ro.gov.br\/wp-content\/uploads\/2025\/04\/capa-da-materiaa.jpeg","width":2560,"height":1706},{"@type":"BreadcrumbList","@id":"https:\/\/www.cbm.ro.gov.br\/?p=4597#breadcrumb","itemListElement":[{"@type":"ListItem","position":1,"name":"In\u00edcio","item":"https:\/\/www.cbm.ro.gov.br\/"},{"@type":"ListItem","position":2,"name":"OFICIAIS DO CBMRO S\u00c3O HOMENAGEADOS PELA ASSEMBLEIA LEGISLATIVA DO ESTADO DE ROND\u00d4NIA"}]},{"@type":"WebSite","@id":"https:\/\/www.cbm.ro.gov.br\/#website","url":"https:\/\/www.cbm.ro.gov.br\/","name":"Corpo de Bombeiros Militar de Rond\u00f4nia","description":"Vidas alheias, riquezas salvar!","publisher":{"@id":"https:\/\/www.cbm.ro.gov.br\/#organization"},"alternateName":"cbmro","potentialAction":[{"@type":"SearchAction","target":{"@type":"EntryPoint","urlTemplate":"https:\/\/www.cbm.ro.gov.br\/?s={search_term_string}"},"query-input":{"@type":"PropertyValueSpecification","valueRequired":true,"valueName":"search_term_string"}}],"inLanguage":"pt-BR"},{"@type":"Organization","@id":"https:\/\/www.cbm.ro.gov.br\/#organization","name":"Corpo de Bombeiros Militar do Estado de Rond\u00f4nia","alternateName":"CBMRO","url":"https:\/\/www.cbm.ro.gov.br\/","logo":{"@type":"ImageObject","inLanguage":"pt-BR","@id":"https:\/\/www.cbm.ro.gov.br\/#\/schema\/logo\/image\/","url":"https:\/\/www.cbm.ro.gov.br\/wp-content\/uploads\/2023\/12\/cropped-cropped-cropped-BRASO_3D_32-1-e1724344443171.png","contentUrl":"https:\/\/www.cbm.ro.gov.br\/wp-content\/uploads\/2023\/12\/cropped-cropped-cropped-BRASO_3D_32-1-e1724344443171.png","width":446,"height":441,"caption":"Corpo de Bombeiros Militar do Estado de Rond\u00f4nia"},"image":{"@id":"https:\/\/www.cbm.ro.gov.br\/#\/schema\/logo\/image\/"},"sameAs":["https:\/\/www.facebook.com\/cbmro.oficial\/","https:\/\/www.youtube.com\/c\/CorpodeBombeirosMilitardoEstadodeRond\u00f4nia"]},{"@type":"Person","@id":"https:\/\/www.cbm.ro.gov.br\/#\/schema\/person\/8e7b7a65b9962de993d36cb5fca8412f","name":"Diovana Castellon","url":"https:\/\/www.cbm.ro.gov.br\/?author=3"}]}},"wpmagazine_modules_lite_featured_media_urls":{"thumbnail":["https:\/\/www.cbm.ro.gov.br\/wp-content\/uploads\/2025\/04\/capa-da-materiaa-150x150.jpeg",150,150,true],"cvmm-medium":["https:\/\/www.cbm.ro.gov.br\/wp-content\/uploads\/2025\/04\/capa-da-materiaa-300x300.jpeg",300,300,true],"cvmm-medium-plus":["https:\/\/www.cbm.ro.gov.br\/wp-content\/uploads\/2025\/04\/capa-da-materiaa-305x207.jpeg",305,207,true],"cvmm-portrait":["https:\/\/www.cbm.ro.gov.br\/wp-content\/uploads\/2025\/04\/capa-da-materiaa-400x600.jpeg",400,600,true],"cvmm-medium-square":["https:\/\/www.cbm.ro.gov.br\/wp-content\/uploads\/2025\/04\/capa-da-materiaa-600x600.jpeg",600,600,true],"cvmm-large":["https:\/\/www.cbm.ro.gov.br\/wp-content\/uploads\/2025\/04\/capa-da-materiaa-1024x1024.jpeg",1024,1024,true],"cvmm-small":["https:\/\/www.cbm.ro.gov.br\/wp-content\/uploads\/2025\/04\/capa-da-materiaa-130x95.jpeg",130,95,true],"full":["https:\/\/www.cbm.ro.gov.br\/wp-content\/uploads\/2025\/04\/capa-da-materiaa.jpeg",2560,1706,false]},"categories_names":{"1":{"name":"CBMRO","link":"https:\/\/www.cbm.ro.gov.br\/?cat=1"}},"tags_names":{"317":{"name":"ALE","link":"https:\/\/www.cbm.ro.gov.br\/?tag=ale"},"316":{"name":"ASSEMBLEIALEGISLATIVA","link":"https:\/\/www.cbm.ro.gov.br\/?tag=assembleialegislativa"},"13":{"name":"CBMRO","link":"https:\/\/www.cbm.ro.gov.br\/?tag=cbmro"},"318":{"name":"OFICIAISDOCBMRO","link":"https:\/\/www.cbm.ro.gov.br\/?tag=oficiaisdocbmro"}},"comments_number":"0","_links":{"self":[{"href":"https:\/\/www.cbm.ro.gov.br\/index.php?rest_route=\/wp\/v2\/posts\/4597","targetHints":{"allow":["GET"]}}],"collection":[{"href":"https:\/\/www.cbm.ro.gov.br\/index.php?rest_route=\/wp\/v2\/posts"}],"about":[{"href":"https:\/\/www.cbm.ro.gov.br\/index.php?rest_route=\/wp\/v2\/types\/post"}],"author":[{"embeddable":true,"href":"https:\/\/www.cbm.ro.gov.br\/index.php?rest_route=\/wp\/v2\/users\/3"}],"replies":[{"embeddable":true,"href":"https:\/\/www.cbm.ro.gov.br\/index.php?rest_route=%2Fwp%2Fv2%2Fcomments&post=4597"}],"version-history":[{"count":1,"href":"https:\/\/www.cbm.ro.gov.br\/index.php?rest_route=\/wp\/v2\/posts\/4597\/revisions"}],"predecessor-version":[{"id":4605,"href":"https:\/\/www.cbm.ro.gov.br\/index.php?rest_route=\/wp\/v2\/posts\/4597\/revisions\/4605"}],"wp:featuredmedia":[{"embeddable":true,"href":"https:\/\/www.cbm.ro.gov.br\/index.php?rest_route=\/wp\/v2\/media\/4598"}],"wp:attachment":[{"href":"https:\/\/www.cbm.ro.gov.br\/index.php?rest_route=%2Fwp%2Fv2%2Fmedia&parent=4597"}],"wp:term":[{"taxonomy":"category","embeddable":true,"href":"https:\/\/www.cbm.ro.gov.br\/index.php?rest_route=%2Fwp%2Fv2%2Fcategories&post=4597"},{"taxonomy":"post_tag","embeddable":true,"href":"https:\/\/www.cbm.ro.gov.br\/index.php?rest_route=%2Fwp%2Fv2%2Ftags&post=4597"}],"curies":[{"name":"wp","href":"https:\/\/api.w.org\/{rel}","templated":true}]}}