{"id":4488,"date":"2025-04-07T12:04:17","date_gmt":"2025-04-07T16:04:17","guid":{"rendered":"https:\/\/www.cbm.ro.gov.br\/?p=4488"},"modified":"2025-04-07T12:21:19","modified_gmt":"2025-04-07T16:21:19","slug":"mp-itinerante-2025-cbmro-promove-palestras-de-conscientizacao-sobre-medidas-preventivas-frente-aos-incendios-florestais-em-rondonia","status":"publish","type":"post","link":"https:\/\/www.cbm.ro.gov.br\/?p=4488","title":{"rendered":"MP ITINERANTE 2025 : CBMRO PROMOVE PALESTRAS DE CONSCIENTIZA\u00c7\u00c3O SOBRE MEDIDAS PREVENTIVAS FRENTE AOS INC\u00caNDIOS FLORESTAIS EM ROND\u00d4NIA"},"content":{"rendered":"\n<p class=\"has-black-color has-text-color has-link-color wp-elements-155f9744871ff95c81851fb070f12d27\">O Corpo de Bombeiros Militar de Rond\u00f4nia atrav\u00e9s do projeto MP ITINERANTE deu&nbsp; in\u00edcio no dia 17 de mar\u00e7o \u00e0 s\u00e9rie de palestras educativas com o tema <em>&#8220;Medidas Preventivas frente aos Inc\u00eandios Florestais&#8221;<\/em>, dentro do cronograma da <em>Opera\u00e7\u00e3o Verde Rond\u00f4nia<\/em>. A a\u00e7\u00e3o tem como objetivo sensibilizar e orientar a popula\u00e7\u00e3o, especialmente nas comunidades escolares, sobre a import\u00e2ncia da preven\u00e7\u00e3o e combate aos inc\u00eandios florestais.<\/p>\n\n\n\n<p class=\"has-black-color has-text-color has-link-color wp-elements-451b03cb03337ec1d1bb8e085da97a52\">O projeto segue com um cronograma que abrange os 52 munic\u00edpios do Estado. As palestras s\u00e3o ministradas por profissionais especializados do CBMRO e abordam diversos t\u00f3picos essenciais para a seguran\u00e7a e bem-estar da popula\u00e7\u00e3o.<\/p>\n\n\n\n<p class=\"has-vivid-red-color has-text-color\"><strong>Conte\u00fado das Palestras<\/strong><\/p>\n\n\n\n<p class=\"has-black-color has-text-color has-link-color wp-elements-e06e0edb6f705c397b1d59dc9e3e2a07\">Durante as apresenta\u00e7\u00f5es, os bombeiros abordam uma s\u00e9rie de temas de grande relev\u00e2ncia, como as normas de seguran\u00e7a que devem ser seguidas pelas unidades escolares, o uso correto de extintores de inc\u00eandio, a realiza\u00e7\u00e3o de primeiros socorros e as t\u00e9cnicas adequadas para o combate e preven\u00e7\u00e3o dos inc\u00eandios florestais.<\/p>\n\n\n\n<p class=\"has-black-color has-text-color has-link-color wp-elements-21e1e37573b5bf877761aecaf0986f9a\">As palestras tamb\u00e9m destacam a import\u00e2ncia da conscientiza\u00e7\u00e3o sobre os riscos associados aos inc\u00eandios florestais, especialmente nas \u00e9pocas de seca, que aumentam as chances de ocorr\u00eancia desses sinistros. Al\u00e9m disso, os participantes recebem informa\u00e7\u00f5es sobre como agir em caso de emerg\u00eancia e como prevenir o fogo de se alastrar, protegendo tanto as \u00e1reas urbanas quanto as zonas rurais.<\/p>\n\n\n\n<p class=\"has-vivid-red-color has-text-color\"><strong>Opera\u00e7\u00e3o Verde Rond\u00f4nia<\/strong><\/p>\n\n\n\n<p class=\"has-black-color has-text-color has-link-color wp-elements-f10ee1e9d855ea3d9de2969db0b1cebc\">A <em>Opera\u00e7\u00e3o Verde Rond\u00f4nia<\/em> \u00e9 uma a\u00e7\u00e3o estrat\u00e9gica do Corpo de Bombeiros Militar de Rond\u00f4nia que visa reduzir os impactos ambientais causados pelos inc\u00eandios florestais e promover a seguran\u00e7a nas \u00e1reas de risco. As palestras, que s\u00e3o um dos pilares dessa opera\u00e7\u00e3o, t\u00eam como foco a conscientiza\u00e7\u00e3o e a educa\u00e7\u00e3o da popula\u00e7\u00e3o, um fator chave para garantir que as normas de preven\u00e7\u00e3o sejam seguidas de forma eficaz.<\/p>\n\n\n\n<p class=\"has-black-color has-text-color has-link-color wp-elements-91c08f5f20e662e14375682649eb975c\">O CBMRO reitera a import\u00e2ncia do engajamento da sociedade nas a\u00e7\u00f5es de preven\u00e7\u00e3o. A participa\u00e7\u00e3o ativa das escolas e de outros \u00f3rg\u00e3os \u00e9 fundamental para reduzir o n\u00famero de inc\u00eandios e proteger o meio ambiente, garantindo a preserva\u00e7\u00e3o dos recursos naturais do estado.<\/p>\n\n\n\n<p class=\"has-black-color has-text-color has-link-color wp-elements-176793753f54b876bd1c648f805fd735\">Com essas iniciativas, o Corpo de Bombeiros de Rond\u00f4nia continua seu trabalho de prote\u00e7\u00e3o e cuidado com a popula\u00e7\u00e3o, buscando sempre promover um ambiente mais seguro e sustent\u00e1vel para todos.<\/p>\n\n\n\n<p><\/p>\n\n\n\n<figure class=\"wp-block-gallery has-nested-images columns-default is-cropped wp-block-gallery-1 is-layout-flex wp-block-gallery-is-layout-flex\">\n<figure class=\"wp-block-image size-large\"><img fetchpriority=\"high\" decoding=\"async\" width=\"1017\" height=\"1024\" data-id=\"4516\" src=\"https:\/\/www.cbm.ro.gov.br\/wp-content\/uploads\/2025\/04\/primavera-de-RO-4-1017x1024.jpeg\" alt=\"\" class=\"wp-image-4516\" srcset=\"https:\/\/www.cbm.ro.gov.br\/wp-content\/uploads\/2025\/04\/primavera-de-RO-4-1017x1024.jpeg 1017w, https:\/\/www.cbm.ro.gov.br\/wp-content\/uploads\/2025\/04\/primavera-de-RO-4-298x300.jpeg 298w, https:\/\/www.cbm.ro.gov.br\/wp-content\/uploads\/2025\/04\/primavera-de-RO-4-150x150.jpeg 150w, https:\/\/www.cbm.ro.gov.br\/wp-content\/uploads\/2025\/04\/primavera-de-RO-4-768x773.jpeg 768w, https:\/\/www.cbm.ro.gov.br\/wp-content\/uploads\/2025\/04\/primavera-de-RO-4.jpeg 1200w\" sizes=\"(max-width: 1017px) 100vw, 1017px\" \/><\/figure>\n\n\n\n<figure class=\"wp-block-image size-large\"><img decoding=\"async\" width=\"1024\" height=\"653\" data-id=\"4517\" src=\"https:\/\/www.cbm.ro.gov.br\/wp-content\/uploads\/2025\/04\/Primavera-de-RO-2-1-1024x653.jpeg\" alt=\"\" class=\"wp-image-4517\" srcset=\"https:\/\/www.cbm.ro.gov.br\/wp-content\/uploads\/2025\/04\/Primavera-de-RO-2-1-1024x653.jpeg 1024w, https:\/\/www.cbm.ro.gov.br\/wp-content\/uploads\/2025\/04\/Primavera-de-RO-2-1-300x191.jpeg 300w, https:\/\/www.cbm.ro.gov.br\/wp-content\/uploads\/2025\/04\/Primavera-de-RO-2-1-768x490.jpeg 768w, https:\/\/www.cbm.ro.gov.br\/wp-content\/uploads\/2025\/04\/Primavera-de-RO-2-1.jpeg 1217w\" sizes=\"(max-width: 1024px) 100vw, 1024px\" \/><\/figure>\n\n\n\n<figure class=\"wp-block-image size-large\"><img decoding=\"async\" width=\"1024\" height=\"567\" data-id=\"4518\" src=\"https:\/\/www.cbm.ro.gov.br\/wp-content\/uploads\/2025\/04\/Primavera-de-RO-3-3-1024x567.jpeg\" alt=\"\" class=\"wp-image-4518\" srcset=\"https:\/\/www.cbm.ro.gov.br\/wp-content\/uploads\/2025\/04\/Primavera-de-RO-3-3-1024x567.jpeg 1024w, https:\/\/www.cbm.ro.gov.br\/wp-content\/uploads\/2025\/04\/Primavera-de-RO-3-3-300x166.jpeg 300w, https:\/\/www.cbm.ro.gov.br\/wp-content\/uploads\/2025\/04\/Primavera-de-RO-3-3-768x426.jpeg 768w, https:\/\/www.cbm.ro.gov.br\/wp-content\/uploads\/2025\/04\/Primavera-de-RO-3-3.jpeg 1229w\" sizes=\"(max-width: 1024px) 100vw, 1024px\" \/><\/figure>\n\n\n\n<figure class=\"wp-block-image size-large\"><img loading=\"lazy\" decoding=\"async\" width=\"836\" height=\"1024\" data-id=\"4519\" src=\"https:\/\/www.cbm.ro.gov.br\/wp-content\/uploads\/2025\/04\/sao-felipe-do-oeste-4-836x1024.jpeg\" alt=\"\" class=\"wp-image-4519\" srcset=\"https:\/\/www.cbm.ro.gov.br\/wp-content\/uploads\/2025\/04\/sao-felipe-do-oeste-4-836x1024.jpeg 836w, https:\/\/www.cbm.ro.gov.br\/wp-content\/uploads\/2025\/04\/sao-felipe-do-oeste-4-245x300.jpeg 245w, https:\/\/www.cbm.ro.gov.br\/wp-content\/uploads\/2025\/04\/sao-felipe-do-oeste-4-768x941.jpeg 768w, https:\/\/www.cbm.ro.gov.br\/wp-content\/uploads\/2025\/04\/sao-felipe-do-oeste-4.jpeg 960w\" sizes=\"(max-width: 836px) 100vw, 836px\" \/><\/figure>\n\n\n\n<figure class=\"wp-block-image size-large\"><img loading=\"lazy\" decoding=\"async\" width=\"1024\" height=\"623\" data-id=\"4520\" src=\"https:\/\/www.cbm.ro.gov.br\/wp-content\/uploads\/2025\/04\/ALTO-ALEGRE-DOS-PARECIS-2-1024x623.jpeg\" alt=\"\" class=\"wp-image-4520\" srcset=\"https:\/\/www.cbm.ro.gov.br\/wp-content\/uploads\/2025\/04\/ALTO-ALEGRE-DOS-PARECIS-2-1024x623.jpeg 1024w, https:\/\/www.cbm.ro.gov.br\/wp-content\/uploads\/2025\/04\/ALTO-ALEGRE-DOS-PARECIS-2-300x183.jpeg 300w, https:\/\/www.cbm.ro.gov.br\/wp-content\/uploads\/2025\/04\/ALTO-ALEGRE-DOS-PARECIS-2-768x468.jpeg 768w, https:\/\/www.cbm.ro.gov.br\/wp-content\/uploads\/2025\/04\/ALTO-ALEGRE-DOS-PARECIS-2-1536x935.jpeg 1536w, https:\/\/www.cbm.ro.gov.br\/wp-content\/uploads\/2025\/04\/ALTO-ALEGRE-DOS-PARECIS-2.jpeg 1600w\" sizes=\"(max-width: 1024px) 100vw, 1024px\" \/><\/figure>\n\n\n\n<figure class=\"wp-block-image size-large\"><img loading=\"lazy\" decoding=\"async\" width=\"1024\" height=\"874\" data-id=\"4521\" src=\"https:\/\/www.cbm.ro.gov.br\/wp-content\/uploads\/2025\/04\/ALTO-ALEGRE-DOS-PARECIS-1-2-1024x874.jpeg\" alt=\"\" class=\"wp-image-4521\" srcset=\"https:\/\/www.cbm.ro.gov.br\/wp-content\/uploads\/2025\/04\/ALTO-ALEGRE-DOS-PARECIS-1-2-1024x874.jpeg 1024w, https:\/\/www.cbm.ro.gov.br\/wp-content\/uploads\/2025\/04\/ALTO-ALEGRE-DOS-PARECIS-1-2-300x256.jpeg 300w, https:\/\/www.cbm.ro.gov.br\/wp-content\/uploads\/2025\/04\/ALTO-ALEGRE-DOS-PARECIS-1-2-768x655.jpeg 768w, https:\/\/www.cbm.ro.gov.br\/wp-content\/uploads\/2025\/04\/ALTO-ALEGRE-DOS-PARECIS-1-2.jpeg 1200w\" sizes=\"(max-width: 1024px) 100vw, 1024px\" \/><\/figure>\n<\/figure>\n\n\n<figure><\/figure>\n\n<div class=\"wp-block-image\">\n<figure class=\"alignleft size-large is-resized\"><img loading=\"lazy\" decoding=\"async\" width=\"1024\" height=\"536\" src=\"https:\/\/www.cbm.ro.gov.br\/wp-content\/uploads\/2025\/04\/SAO-FELIPE-DO-OESTE-6-1024x536.jpeg\" alt=\"\" class=\"wp-image-4526\" style=\"width:547px;height:auto\" srcset=\"https:\/\/www.cbm.ro.gov.br\/wp-content\/uploads\/2025\/04\/SAO-FELIPE-DO-OESTE-6-1024x536.jpeg 1024w, https:\/\/www.cbm.ro.gov.br\/wp-content\/uploads\/2025\/04\/SAO-FELIPE-DO-OESTE-6-300x157.jpeg 300w, https:\/\/www.cbm.ro.gov.br\/wp-content\/uploads\/2025\/04\/SAO-FELIPE-DO-OESTE-6-768x402.jpeg 768w, https:\/\/www.cbm.ro.gov.br\/wp-content\/uploads\/2025\/04\/SAO-FELIPE-DO-OESTE-6.jpeg 1137w\" sizes=\"(max-width: 1024px) 100vw, 1024px\" \/><\/figure><\/div>\n\n<div class=\"wp-block-image\">\n<figure class=\"alignright size-full is-resized\"><img loading=\"lazy\" decoding=\"async\" width=\"885\" height=\"763\" src=\"https:\/\/www.cbm.ro.gov.br\/wp-content\/uploads\/2025\/04\/castanheiras-1-2.jpeg\" alt=\"\" class=\"wp-image-4527\" style=\"width:426px;height:auto\" srcset=\"https:\/\/www.cbm.ro.gov.br\/wp-content\/uploads\/2025\/04\/castanheiras-1-2.jpeg 885w, https:\/\/www.cbm.ro.gov.br\/wp-content\/uploads\/2025\/04\/castanheiras-1-2-300x259.jpeg 300w, https:\/\/www.cbm.ro.gov.br\/wp-content\/uploads\/2025\/04\/castanheiras-1-2-768x662.jpeg 768w\" sizes=\"(max-width: 885px) 100vw, 885px\" \/><\/figure><\/div>\n\n\n<figure class=\"wp-block-image size-large is-resized\"><img loading=\"lazy\" decoding=\"async\" width=\"1024\" height=\"616\" src=\"https:\/\/www.cbm.ro.gov.br\/wp-content\/uploads\/2025\/04\/Castanheiras-3-1024x616.jpeg\" alt=\"\" class=\"wp-image-4528\" style=\"width:381px;height:auto\" srcset=\"https:\/\/www.cbm.ro.gov.br\/wp-content\/uploads\/2025\/04\/Castanheiras-3-1024x616.jpeg 1024w, https:\/\/www.cbm.ro.gov.br\/wp-content\/uploads\/2025\/04\/Castanheiras-3-300x180.jpeg 300w, https:\/\/www.cbm.ro.gov.br\/wp-content\/uploads\/2025\/04\/Castanheiras-3-768x462.jpeg 768w, https:\/\/www.cbm.ro.gov.br\/wp-content\/uploads\/2025\/04\/Castanheiras-3-1536x924.jpeg 1536w, https:\/\/www.cbm.ro.gov.br\/wp-content\/uploads\/2025\/04\/Castanheiras-3.jpeg 1600w\" sizes=\"(max-width: 1024px) 100vw, 1024px\" \/><\/figure>\n\n\n\n<p><\/p>\n","protected":false},"excerpt":{"rendered":"<p>O Corpo de Bombeiros Militar de Rond\u00f4nia atrav\u00e9s do projeto MP ITINERANTE deu&nbsp; in\u00edcio no dia 17 de mar\u00e7o \u00e0 s\u00e9rie de palestras educativas com o tema &#8220;Medidas Preventivas frente&hellip;<\/p>\n","protected":false},"author":5,"featured_media":4492,"comment_status":"closed","ping_status":"open","sticky":false,"template":"","format":"standard","meta":{"footnotes":""},"categories":[1,6],"tags":[13,86,297,28,298,299,261],"class_list":["post-4488","post","type-post","status-publish","format-standard","has-post-thumbnail","hentry","category-cbmro","category-eventos","tag-cbmro","tag-governoderondonia","tag-mpitinerante","tag-mpro","tag-palestras","tag-prevencao","tag-primeirossocorros"],"yoast_head":"<!-- This site is optimized with the Yoast SEO plugin v23.7 - https:\/\/yoast.com\/wordpress\/plugins\/seo\/ -->\n<title>MP ITINERANTE 2025 : CBMRO PROMOVE PALESTRAS DE CONSCIENTIZA\u00c7\u00c3O SOBRE MEDIDAS PREVENTIVAS FRENTE AOS INC\u00caNDIOS FLORESTAIS EM ROND\u00d4NIA - Corpo de Bombeiros Militar de Rond\u00f4nia<\/title>\n<meta name=\"robots\" content=\"index, follow, max-snippet:-1, max-image-preview:large, max-video-preview:-1\" \/>\n<link rel=\"canonical\" href=\"https:\/\/www.cbm.ro.gov.br\/?p=4488\" \/>\n<meta property=\"og:locale\" content=\"pt_BR\" \/>\n<meta property=\"og:type\" content=\"article\" \/>\n<meta property=\"og:title\" content=\"MP ITINERANTE 2025 : CBMRO PROMOVE PALESTRAS DE CONSCIENTIZA\u00c7\u00c3O SOBRE MEDIDAS PREVENTIVAS FRENTE AOS INC\u00caNDIOS FLORESTAIS EM ROND\u00d4NIA - Corpo de Bombeiros Militar de Rond\u00f4nia\" \/>\n<meta property=\"og:description\" content=\"O Corpo de Bombeiros Militar de Rond\u00f4nia atrav\u00e9s do projeto MP ITINERANTE deu&nbsp; in\u00edcio no dia 17 de mar\u00e7o \u00e0 s\u00e9rie de palestras educativas com o tema &#8220;Medidas Preventivas frente&hellip;\" \/>\n<meta property=\"og:url\" content=\"https:\/\/www.cbm.ro.gov.br\/?p=4488\" \/>\n<meta property=\"og:site_name\" content=\"Corpo de Bombeiros Militar de Rond\u00f4nia\" \/>\n<meta property=\"article:publisher\" content=\"https:\/\/www.facebook.com\/cbmro.oficial\/\" \/>\n<meta property=\"article:published_time\" content=\"2025-04-07T16:04:17+00:00\" \/>\n<meta property=\"article:modified_time\" content=\"2025-04-07T16:21:19+00:00\" \/>\n<meta property=\"og:image\" content=\"https:\/\/www.cbm.ro.gov.br\/wp-content\/uploads\/2025\/04\/Primavera-de-RO-2.jpeg\" \/>\n\t<meta property=\"og:image:width\" content=\"1217\" \/>\n\t<meta property=\"og:image:height\" content=\"776\" \/>\n\t<meta property=\"og:image:type\" content=\"image\/jpeg\" \/>\n<meta name=\"author\" content=\"Marcos Barros\" \/>\n<meta name=\"twitter:card\" content=\"summary_large_image\" \/>\n<meta name=\"twitter:label1\" content=\"Escrito por\" \/>\n\t<meta name=\"twitter:data1\" content=\"Marcos Barros\" \/>\n\t<meta name=\"twitter:label2\" content=\"Est. tempo de leitura\" \/>\n\t<meta name=\"twitter:data2\" content=\"2 minutos\" \/>\n<script type=\"application\/ld+json\" class=\"yoast-schema-graph\">{\"@context\":\"https:\/\/schema.org\",\"@graph\":[{\"@type\":\"Article\",\"@id\":\"https:\/\/www.cbm.ro.gov.br\/?p=4488#article\",\"isPartOf\":{\"@id\":\"https:\/\/www.cbm.ro.gov.br\/?p=4488\"},\"author\":{\"name\":\"Marcos Barros\",\"@id\":\"https:\/\/www.cbm.ro.gov.br\/#\/schema\/person\/b035b7e269aef4233e9514c2751917c5\"},\"headline\":\"MP ITINERANTE 2025 : CBMRO PROMOVE PALESTRAS DE CONSCIENTIZA\u00c7\u00c3O SOBRE MEDIDAS PREVENTIVAS FRENTE AOS INC\u00caNDIOS FLORESTAIS EM ROND\u00d4NIA\",\"datePublished\":\"2025-04-07T16:04:17+00:00\",\"dateModified\":\"2025-04-07T16:21:19+00:00\",\"mainEntityOfPage\":{\"@id\":\"https:\/\/www.cbm.ro.gov.br\/?p=4488\"},\"wordCount\":430,\"publisher\":{\"@id\":\"https:\/\/www.cbm.ro.gov.br\/#organization\"},\"image\":{\"@id\":\"https:\/\/www.cbm.ro.gov.br\/?p=4488#primaryimage\"},\"thumbnailUrl\":\"https:\/\/www.cbm.ro.gov.br\/wp-content\/uploads\/2025\/04\/Primavera-de-RO-2.jpeg\",\"keywords\":[\"CBMRO\",\"GOVERNODERONDONIA\",\"MPITINERANTE\",\"MPRO\",\"PALESTRAS\",\"PREVEN\u00c7\u00c3O\",\"PRIMEIROSSOCORROS\"],\"articleSection\":[\"CBMRO\",\"Eventos\"],\"inLanguage\":\"pt-BR\"},{\"@type\":\"WebPage\",\"@id\":\"https:\/\/www.cbm.ro.gov.br\/?p=4488\",\"url\":\"https:\/\/www.cbm.ro.gov.br\/?p=4488\",\"name\":\"MP ITINERANTE 2025 : CBMRO PROMOVE PALESTRAS DE CONSCIENTIZA\u00c7\u00c3O SOBRE MEDIDAS PREVENTIVAS FRENTE AOS INC\u00caNDIOS FLORESTAIS EM ROND\u00d4NIA - Corpo de Bombeiros Militar de Rond\u00f4nia\",\"isPartOf\":{\"@id\":\"https:\/\/www.cbm.ro.gov.br\/#website\"},\"primaryImageOfPage\":{\"@id\":\"https:\/\/www.cbm.ro.gov.br\/?p=4488#primaryimage\"},\"image\":{\"@id\":\"https:\/\/www.cbm.ro.gov.br\/?p=4488#primaryimage\"},\"thumbnailUrl\":\"https:\/\/www.cbm.ro.gov.br\/wp-content\/uploads\/2025\/04\/Primavera-de-RO-2.jpeg\",\"datePublished\":\"2025-04-07T16:04:17+00:00\",\"dateModified\":\"2025-04-07T16:21:19+00:00\",\"breadcrumb\":{\"@id\":\"https:\/\/www.cbm.ro.gov.br\/?p=4488#breadcrumb\"},\"inLanguage\":\"pt-BR\",\"potentialAction\":[{\"@type\":\"ReadAction\",\"target\":[\"https:\/\/www.cbm.ro.gov.br\/?p=4488\"]}]},{\"@type\":\"ImageObject\",\"inLanguage\":\"pt-BR\",\"@id\":\"https:\/\/www.cbm.ro.gov.br\/?p=4488#primaryimage\",\"url\":\"https:\/\/www.cbm.ro.gov.br\/wp-content\/uploads\/2025\/04\/Primavera-de-RO-2.jpeg\",\"contentUrl\":\"https:\/\/www.cbm.ro.gov.br\/wp-content\/uploads\/2025\/04\/Primavera-de-RO-2.jpeg\",\"width\":1217,\"height\":776},{\"@type\":\"BreadcrumbList\",\"@id\":\"https:\/\/www.cbm.ro.gov.br\/?p=4488#breadcrumb\",\"itemListElement\":[{\"@type\":\"ListItem\",\"position\":1,\"name\":\"In\u00edcio\",\"item\":\"https:\/\/www.cbm.ro.gov.br\/\"},{\"@type\":\"ListItem\",\"position\":2,\"name\":\"MP ITINERANTE 2025 : CBMRO PROMOVE PALESTRAS DE CONSCIENTIZA\u00c7\u00c3O SOBRE MEDIDAS PREVENTIVAS FRENTE AOS INC\u00caNDIOS FLORESTAIS EM ROND\u00d4NIA\"}]},{\"@type\":\"WebSite\",\"@id\":\"https:\/\/www.cbm.ro.gov.br\/#website\",\"url\":\"https:\/\/www.cbm.ro.gov.br\/\",\"name\":\"Corpo de Bombeiros Militar de Rond\u00f4nia\",\"description\":\"Vidas alheias, riquezas salvar!\",\"publisher\":{\"@id\":\"https:\/\/www.cbm.ro.gov.br\/#organization\"},\"alternateName\":\"cbmro\",\"potentialAction\":[{\"@type\":\"SearchAction\",\"target\":{\"@type\":\"EntryPoint\",\"urlTemplate\":\"https:\/\/www.cbm.ro.gov.br\/?s={search_term_string}\"},\"query-input\":{\"@type\":\"PropertyValueSpecification\",\"valueRequired\":true,\"valueName\":\"search_term_string\"}}],\"inLanguage\":\"pt-BR\"},{\"@type\":\"Organization\",\"@id\":\"https:\/\/www.cbm.ro.gov.br\/#organization\",\"name\":\"Corpo de Bombeiros Militar do Estado de Rond\u00f4nia\",\"alternateName\":\"CBMRO\",\"url\":\"https:\/\/www.cbm.ro.gov.br\/\",\"logo\":{\"@type\":\"ImageObject\",\"inLanguage\":\"pt-BR\",\"@id\":\"https:\/\/www.cbm.ro.gov.br\/#\/schema\/logo\/image\/\",\"url\":\"https:\/\/www.cbm.ro.gov.br\/wp-content\/uploads\/2023\/12\/cropped-cropped-cropped-BRASO_3D_32-1-e1724344443171.png\",\"contentUrl\":\"https:\/\/www.cbm.ro.gov.br\/wp-content\/uploads\/2023\/12\/cropped-cropped-cropped-BRASO_3D_32-1-e1724344443171.png\",\"width\":446,\"height\":441,\"caption\":\"Corpo de Bombeiros Militar do Estado de Rond\u00f4nia\"},\"image\":{\"@id\":\"https:\/\/www.cbm.ro.gov.br\/#\/schema\/logo\/image\/\"},\"sameAs\":[\"https:\/\/www.facebook.com\/cbmro.oficial\/\",\"https:\/\/www.youtube.com\/c\/CorpodeBombeirosMilitardoEstadodeRond\u00f4nia\"]},{\"@type\":\"Person\",\"@id\":\"https:\/\/www.cbm.ro.gov.br\/#\/schema\/person\/b035b7e269aef4233e9514c2751917c5\",\"name\":\"Marcos Barros\",\"sameAs\":[\"http:\/\/10.210.0.90\/wp-admin\/post.php?post=2688&amp;action=edit\"],\"url\":\"https:\/\/www.cbm.ro.gov.br\/?author=5\"}]}<\/script>\n<!-- \/ Yoast SEO plugin. -->","yoast_head_json":{"title":"MP ITINERANTE 2025 : CBMRO PROMOVE PALESTRAS DE CONSCIENTIZA\u00c7\u00c3O SOBRE MEDIDAS PREVENTIVAS FRENTE AOS INC\u00caNDIOS FLORESTAIS EM ROND\u00d4NIA - Corpo de Bombeiros Militar de Rond\u00f4nia","robots":{"index":"index","follow":"follow","max-snippet":"max-snippet:-1","max-image-preview":"max-image-preview:large","max-video-preview":"max-video-preview:-1"},"canonical":"https:\/\/www.cbm.ro.gov.br\/?p=4488","og_locale":"pt_BR","og_type":"article","og_title":"MP ITINERANTE 2025 : CBMRO PROMOVE PALESTRAS DE CONSCIENTIZA\u00c7\u00c3O SOBRE MEDIDAS PREVENTIVAS FRENTE AOS INC\u00caNDIOS FLORESTAIS EM ROND\u00d4NIA - Corpo de Bombeiros Militar de Rond\u00f4nia","og_description":"O Corpo de Bombeiros Militar de Rond\u00f4nia atrav\u00e9s do projeto MP ITINERANTE deu&nbsp; in\u00edcio no dia 17 de mar\u00e7o \u00e0 s\u00e9rie de palestras educativas com o tema &#8220;Medidas Preventivas frente&hellip;","og_url":"https:\/\/www.cbm.ro.gov.br\/?p=4488","og_site_name":"Corpo de Bombeiros Militar de Rond\u00f4nia","article_publisher":"https:\/\/www.facebook.com\/cbmro.oficial\/","article_published_time":"2025-04-07T16:04:17+00:00","article_modified_time":"2025-04-07T16:21:19+00:00","og_image":[{"width":1217,"height":776,"url":"https:\/\/www.cbm.ro.gov.br\/wp-content\/uploads\/2025\/04\/Primavera-de-RO-2.jpeg","type":"image\/jpeg"}],"author":"Marcos Barros","twitter_card":"summary_large_image","twitter_misc":{"Escrito por":"Marcos Barros","Est. tempo de leitura":"2 minutos"},"schema":{"@context":"https:\/\/schema.org","@graph":[{"@type":"Article","@id":"https:\/\/www.cbm.ro.gov.br\/?p=4488#article","isPartOf":{"@id":"https:\/\/www.cbm.ro.gov.br\/?p=4488"},"author":{"name":"Marcos Barros","@id":"https:\/\/www.cbm.ro.gov.br\/#\/schema\/person\/b035b7e269aef4233e9514c2751917c5"},"headline":"MP ITINERANTE 2025 : CBMRO PROMOVE PALESTRAS DE CONSCIENTIZA\u00c7\u00c3O SOBRE MEDIDAS PREVENTIVAS FRENTE AOS INC\u00caNDIOS FLORESTAIS EM ROND\u00d4NIA","datePublished":"2025-04-07T16:04:17+00:00","dateModified":"2025-04-07T16:21:19+00:00","mainEntityOfPage":{"@id":"https:\/\/www.cbm.ro.gov.br\/?p=4488"},"wordCount":430,"publisher":{"@id":"https:\/\/www.cbm.ro.gov.br\/#organization"},"image":{"@id":"https:\/\/www.cbm.ro.gov.br\/?p=4488#primaryimage"},"thumbnailUrl":"https:\/\/www.cbm.ro.gov.br\/wp-content\/uploads\/2025\/04\/Primavera-de-RO-2.jpeg","keywords":["CBMRO","GOVERNODERONDONIA","MPITINERANTE","MPRO","PALESTRAS","PREVEN\u00c7\u00c3O","PRIMEIROSSOCORROS"],"articleSection":["CBMRO","Eventos"],"inLanguage":"pt-BR"},{"@type":"WebPage","@id":"https:\/\/www.cbm.ro.gov.br\/?p=4488","url":"https:\/\/www.cbm.ro.gov.br\/?p=4488","name":"MP ITINERANTE 2025 : CBMRO PROMOVE PALESTRAS DE CONSCIENTIZA\u00c7\u00c3O SOBRE MEDIDAS PREVENTIVAS FRENTE AOS INC\u00caNDIOS FLORESTAIS EM ROND\u00d4NIA - Corpo de Bombeiros Militar de Rond\u00f4nia","isPartOf":{"@id":"https:\/\/www.cbm.ro.gov.br\/#website"},"primaryImageOfPage":{"@id":"https:\/\/www.cbm.ro.gov.br\/?p=4488#primaryimage"},"image":{"@id":"https:\/\/www.cbm.ro.gov.br\/?p=4488#primaryimage"},"thumbnailUrl":"https:\/\/www.cbm.ro.gov.br\/wp-content\/uploads\/2025\/04\/Primavera-de-RO-2.jpeg","datePublished":"2025-04-07T16:04:17+00:00","dateModified":"2025-04-07T16:21:19+00:00","breadcrumb":{"@id":"https:\/\/www.cbm.ro.gov.br\/?p=4488#breadcrumb"},"inLanguage":"pt-BR","potentialAction":[{"@type":"ReadAction","target":["https:\/\/www.cbm.ro.gov.br\/?p=4488"]}]},{"@type":"ImageObject","inLanguage":"pt-BR","@id":"https:\/\/www.cbm.ro.gov.br\/?p=4488#primaryimage","url":"https:\/\/www.cbm.ro.gov.br\/wp-content\/uploads\/2025\/04\/Primavera-de-RO-2.jpeg","contentUrl":"https:\/\/www.cbm.ro.gov.br\/wp-content\/uploads\/2025\/04\/Primavera-de-RO-2.jpeg","width":1217,"height":776},{"@type":"BreadcrumbList","@id":"https:\/\/www.cbm.ro.gov.br\/?p=4488#breadcrumb","itemListElement":[{"@type":"ListItem","position":1,"name":"In\u00edcio","item":"https:\/\/www.cbm.ro.gov.br\/"},{"@type":"ListItem","position":2,"name":"MP ITINERANTE 2025 : CBMRO PROMOVE PALESTRAS DE CONSCIENTIZA\u00c7\u00c3O SOBRE MEDIDAS PREVENTIVAS FRENTE AOS INC\u00caNDIOS FLORESTAIS EM ROND\u00d4NIA"}]},{"@type":"WebSite","@id":"https:\/\/www.cbm.ro.gov.br\/#website","url":"https:\/\/www.cbm.ro.gov.br\/","name":"Corpo de Bombeiros Militar de Rond\u00f4nia","description":"Vidas alheias, riquezas salvar!","publisher":{"@id":"https:\/\/www.cbm.ro.gov.br\/#organization"},"alternateName":"cbmro","potentialAction":[{"@type":"SearchAction","target":{"@type":"EntryPoint","urlTemplate":"https:\/\/www.cbm.ro.gov.br\/?s={search_term_string}"},"query-input":{"@type":"PropertyValueSpecification","valueRequired":true,"valueName":"search_term_string"}}],"inLanguage":"pt-BR"},{"@type":"Organization","@id":"https:\/\/www.cbm.ro.gov.br\/#organization","name":"Corpo de Bombeiros Militar do Estado de Rond\u00f4nia","alternateName":"CBMRO","url":"https:\/\/www.cbm.ro.gov.br\/","logo":{"@type":"ImageObject","inLanguage":"pt-BR","@id":"https:\/\/www.cbm.ro.gov.br\/#\/schema\/logo\/image\/","url":"https:\/\/www.cbm.ro.gov.br\/wp-content\/uploads\/2023\/12\/cropped-cropped-cropped-BRASO_3D_32-1-e1724344443171.png","contentUrl":"https:\/\/www.cbm.ro.gov.br\/wp-content\/uploads\/2023\/12\/cropped-cropped-cropped-BRASO_3D_32-1-e1724344443171.png","width":446,"height":441,"caption":"Corpo de Bombeiros Militar do Estado de Rond\u00f4nia"},"image":{"@id":"https:\/\/www.cbm.ro.gov.br\/#\/schema\/logo\/image\/"},"sameAs":["https:\/\/www.facebook.com\/cbmro.oficial\/","https:\/\/www.youtube.com\/c\/CorpodeBombeirosMilitardoEstadodeRond\u00f4nia"]},{"@type":"Person","@id":"https:\/\/www.cbm.ro.gov.br\/#\/schema\/person\/b035b7e269aef4233e9514c2751917c5","name":"Marcos Barros","sameAs":["http:\/\/10.210.0.90\/wp-admin\/post.php?post=2688&amp;action=edit"],"url":"https:\/\/www.cbm.ro.gov.br\/?author=5"}]}},"wpmagazine_modules_lite_featured_media_urls":{"thumbnail":["https:\/\/www.cbm.ro.gov.br\/wp-content\/uploads\/2025\/04\/Primavera-de-RO-2-150x150.jpeg",150,150,true],"cvmm-medium":["https:\/\/www.cbm.ro.gov.br\/wp-content\/uploads\/2025\/04\/Primavera-de-RO-2-300x300.jpeg",300,300,true],"cvmm-medium-plus":["https:\/\/www.cbm.ro.gov.br\/wp-content\/uploads\/2025\/04\/Primavera-de-RO-2-305x207.jpeg",305,207,true],"cvmm-portrait":["https:\/\/www.cbm.ro.gov.br\/wp-content\/uploads\/2025\/04\/Primavera-de-RO-2-400x600.jpeg",400,600,true],"cvmm-medium-square":["https:\/\/www.cbm.ro.gov.br\/wp-content\/uploads\/2025\/04\/Primavera-de-RO-2-600x600.jpeg",600,600,true],"cvmm-large":["https:\/\/www.cbm.ro.gov.br\/wp-content\/uploads\/2025\/04\/Primavera-de-RO-2-1024x776.jpeg",1024,776,true],"cvmm-small":["https:\/\/www.cbm.ro.gov.br\/wp-content\/uploads\/2025\/04\/Primavera-de-RO-2-130x95.jpeg",130,95,true],"full":["https:\/\/www.cbm.ro.gov.br\/wp-content\/uploads\/2025\/04\/Primavera-de-RO-2.jpeg",1217,776,false]},"categories_names":{"1":{"name":"CBMRO","link":"https:\/\/www.cbm.ro.gov.br\/?cat=1"},"6":{"name":"Eventos","link":"https:\/\/www.cbm.ro.gov.br\/?cat=6"}},"tags_names":{"13":{"name":"CBMRO","link":"https:\/\/www.cbm.ro.gov.br\/?tag=cbmro"},"86":{"name":"GOVERNODERONDONIA","link":"https:\/\/www.cbm.ro.gov.br\/?tag=governoderondonia"},"297":{"name":"MPITINERANTE","link":"https:\/\/www.cbm.ro.gov.br\/?tag=mpitinerante"},"28":{"name":"MPRO","link":"https:\/\/www.cbm.ro.gov.br\/?tag=mpro"},"298":{"name":"PALESTRAS","link":"https:\/\/www.cbm.ro.gov.br\/?tag=palestras"},"299":{"name":"PREVEN\u00c7\u00c3O","link":"https:\/\/www.cbm.ro.gov.br\/?tag=prevencao"},"261":{"name":"PRIMEIROSSOCORROS","link":"https:\/\/www.cbm.ro.gov.br\/?tag=primeirossocorros"}},"comments_number":"0","_links":{"self":[{"href":"https:\/\/www.cbm.ro.gov.br\/index.php?rest_route=\/wp\/v2\/posts\/4488","targetHints":{"allow":["GET"]}}],"collection":[{"href":"https:\/\/www.cbm.ro.gov.br\/index.php?rest_route=\/wp\/v2\/posts"}],"about":[{"href":"https:\/\/www.cbm.ro.gov.br\/index.php?rest_route=\/wp\/v2\/types\/post"}],"author":[{"embeddable":true,"href":"https:\/\/www.cbm.ro.gov.br\/index.php?rest_route=\/wp\/v2\/users\/5"}],"replies":[{"embeddable":true,"href":"https:\/\/www.cbm.ro.gov.br\/index.php?rest_route=%2Fwp%2Fv2%2Fcomments&post=4488"}],"version-history":[{"count":8,"href":"https:\/\/www.cbm.ro.gov.br\/index.php?rest_route=\/wp\/v2\/posts\/4488\/revisions"}],"predecessor-version":[{"id":4529,"href":"https:\/\/www.cbm.ro.gov.br\/index.php?rest_route=\/wp\/v2\/posts\/4488\/revisions\/4529"}],"wp:featuredmedia":[{"embeddable":true,"href":"https:\/\/www.cbm.ro.gov.br\/index.php?rest_route=\/wp\/v2\/media\/4492"}],"wp:attachment":[{"href":"https:\/\/www.cbm.ro.gov.br\/index.php?rest_route=%2Fwp%2Fv2%2Fmedia&parent=4488"}],"wp:term":[{"taxonomy":"category","embeddable":true,"href":"https:\/\/www.cbm.ro.gov.br\/index.php?rest_route=%2Fwp%2Fv2%2Fcategories&post=4488"},{"taxonomy":"post_tag","embeddable":true,"href":"https:\/\/www.cbm.ro.gov.br\/index.php?rest_route=%2Fwp%2Fv2%2Ftags&post=4488"}],"curies":[{"name":"wp","href":"https:\/\/api.w.org\/{rel}","templated":true}]}}