{"id":4351,"date":"2025-03-19T10:08:15","date_gmt":"2025-03-19T14:08:15","guid":{"rendered":"https:\/\/www.cbm.ro.gov.br\/?p=4351"},"modified":"2025-03-19T10:08:16","modified_gmt":"2025-03-19T14:08:16","slug":"cbmro-capacita-brigadistas-civis-para-combate-a-incendios-florestais-nos-52-municipios-do-estado-de-rondonia-em-2025","status":"publish","type":"post","link":"https:\/\/www.cbm.ro.gov.br\/?p=4351","title":{"rendered":"CBMRO CAPACITA BRIGADISTAS CIVIS PARA COMBATE A INC\u00caNDIOS FLORESTAIS NOS 52 MUNIC\u00cdPIOS DO ESTADO DE ROND\u00d4NIA EM 2025"},"content":{"rendered":"\n<p class=\"has-black-color has-text-color has-link-color wp-elements-e266b03abd6b00657023590d266263f9\">O Corpo de Bombeiros Militar do Estado de Rond\u00f4nia (CBMRO) est\u00e1 se preparando para um dos maiores desafios ambientais de 2025: o combate aos inc\u00eandios florestais. Para enfrentar a temporada de inc\u00eandios florestais, o CBMRO implementou o Plano de Opera\u00e7\u00f5es para Temporada de Inc\u00eandios Florestais (POTIF), que inclui a\u00e7\u00f5es de preven\u00e7\u00e3o e resposta r\u00e1pidas. Um dos pilares desse plano ser\u00e1 a instala\u00e7\u00e3o de 15 Bases Descentralizadas de Prote\u00e7\u00e3o e Combate a Inc\u00eandios Florestais (BDPCIF), espalhadas por diversos munic\u00edpios do estado o curso est\u00e1 sendo realizado em duas etapas sendo a primeira etapa j\u00e1 realizada do per\u00edodo de 17 a 21 de fevereiro de 2025 e a segunda etapa foi iniciada no dia 10 de mar\u00e7o e ser\u00e1 finalizada no dia 28 de mar\u00e7o.&nbsp;<\/p>\n\n\n\n<p class=\"has-black-color has-text-color has-link-color wp-elements-56c129f79005bb54b96f6e96bef71b57\">Com o objetivo de capacitar profissionais para atuar de forma eficiente no enfrentamento de inc\u00eandios florestais nos 52 munic\u00edpios de Rond\u00f4nia , o CBMRO deu in\u00edcio ao curso de capacita\u00e7\u00e3o de brigadistas em 2025. Este curso visa formar, aperfei\u00e7oar e qualificar brigadistas em v\u00e1rias regi\u00f5es como por exemplo : Ministro Andreazza, Itapu\u00e3 do Oeste, S\u00e3o Francisco do Guapor\u00e9-RO, Governador Jorge Teixeira, Nova Mamor\u00e9, Alto Para\u00edso, Chupinguaia, Theobroma, Governador Jorge Teixeira , Cacaul\u00e2ndia ,Primavera de Rond\u00f4nia , Cabixi e Porto Velho. Assegurando que as equipes locais estejam bem preparadas para a temporada de inc\u00eandios.<\/p>\n\n\n\n<p class=\"has-black-color has-text-color has-link-color wp-elements-f37ac1a072ac50af3db673f453da7399\">A capacita\u00e7\u00e3o ser\u00e1 voltada para profissionais que atuar\u00e3o nas BDPCIFs, al\u00e9m de brigadistas de empresas e \u00f3rg\u00e3os p\u00fablicos que desempenham um papel crucial no combate aos inc\u00eandios florestais. O treinamento envolver\u00e1 aulas te\u00f3ricas e pr\u00e1ticas, abordando desde a preven\u00e7\u00e3o e t\u00e9cnicas de combate at\u00e9 o uso de equipamentos especializados. O curso tamb\u00e9m incluir\u00e1 simulados para garantir a aplica\u00e7\u00e3o das habilidades adquiridas em situa\u00e7\u00f5es reais.<\/p>\n\n\n\n<p class=\"has-black-color has-text-color has-link-color wp-elements-69d54f29295438d59917fe2266e6a14c\">A instala\u00e7\u00e3o das 15 bases descentralizadas e a capacita\u00e7\u00e3o dos brigadistas t\u00eam como objetivo aumentar a capacidade de resposta do Corpo de Bombeiros, garantindo que as regi\u00f5es mais afetadas pelos inc\u00eandios tenham equipes treinadas e equipadas para atuar de maneira r\u00e1pida e eficaz.<\/p>\n\n\n\n<p class=\"has-black-color has-text-color has-link-color wp-elements-e0fb7f9b0d72e0f4b012841d076eff11\">O CBMRO destaca a import\u00e2ncia da colabora\u00e7\u00e3o entre as diversas entidades, munic\u00edpios e a sociedade para o sucesso da estrat\u00e9gia de combate aos inc\u00eandios. Al\u00e9m disso, a a\u00e7\u00e3o integra as iniciativas do Governo de Rond\u00f4nia para a preserva\u00e7\u00e3o do meio ambiente e a prote\u00e7\u00e3o das comunidades locais contra desastres ambientais.<\/p>\n\n\n\n<p class=\"has-black-color has-text-color has-link-color wp-elements-ac037063ec94e212b7c094eda1769e13\">A capacita\u00e7\u00e3o de brigadistas \u00e9 um passo fundamental para garantir a seguran\u00e7a da popula\u00e7\u00e3o e preservar os recursos naturais do estado. Com o apoio do Governo de Rond\u00f4nia e a dedica\u00e7\u00e3o do Corpo de Bombeiros, o estado estar\u00e1 mais preparado para enfrentar a temporada de inc\u00eandios florestais de 2025.<\/p>\n\n\n\n<figure class=\"wp-block-gallery has-nested-images columns-default is-cropped wp-block-gallery-1 is-layout-flex wp-block-gallery-is-layout-flex\">\n<figure class=\"wp-block-image size-large\"><img fetchpriority=\"high\" decoding=\"async\" width=\"1024\" height=\"768\" data-id=\"4353\" src=\"https:\/\/www.cbm.ro.gov.br\/wp-content\/uploads\/2025\/03\/cbmro-brigadistas-civis-itapua-do-oeste-1024x768.jpeg\" alt=\"\" class=\"wp-image-4353\" srcset=\"https:\/\/www.cbm.ro.gov.br\/wp-content\/uploads\/2025\/03\/cbmro-brigadistas-civis-itapua-do-oeste-1024x768.jpeg 1024w, https:\/\/www.cbm.ro.gov.br\/wp-content\/uploads\/2025\/03\/cbmro-brigadistas-civis-itapua-do-oeste-300x225.jpeg 300w, https:\/\/www.cbm.ro.gov.br\/wp-content\/uploads\/2025\/03\/cbmro-brigadistas-civis-itapua-do-oeste-768x576.jpeg 768w, https:\/\/www.cbm.ro.gov.br\/wp-content\/uploads\/2025\/03\/cbmro-brigadistas-civis-itapua-do-oeste-1536x1152.jpeg 1536w, https:\/\/www.cbm.ro.gov.br\/wp-content\/uploads\/2025\/03\/cbmro-brigadistas-civis-itapua-do-oeste.jpeg 1600w\" sizes=\"(max-width: 1024px) 100vw, 1024px\" \/><figcaption class=\"wp-element-caption\">ITAPU\u00c3 DO OESTE<\/figcaption><\/figure>\n\n\n\n<figure class=\"wp-block-image size-large\"><img decoding=\"async\" width=\"1024\" height=\"576\" data-id=\"4354\" src=\"https:\/\/www.cbm.ro.gov.br\/wp-content\/uploads\/2025\/03\/Cbmro-brigadistas-civis-ministro-andreazza-1024x576.jpeg\" alt=\"\" class=\"wp-image-4354\" srcset=\"https:\/\/www.cbm.ro.gov.br\/wp-content\/uploads\/2025\/03\/Cbmro-brigadistas-civis-ministro-andreazza-1024x576.jpeg 1024w, https:\/\/www.cbm.ro.gov.br\/wp-content\/uploads\/2025\/03\/Cbmro-brigadistas-civis-ministro-andreazza-300x169.jpeg 300w, https:\/\/www.cbm.ro.gov.br\/wp-content\/uploads\/2025\/03\/Cbmro-brigadistas-civis-ministro-andreazza-768x432.jpeg 768w, https:\/\/www.cbm.ro.gov.br\/wp-content\/uploads\/2025\/03\/Cbmro-brigadistas-civis-ministro-andreazza.jpeg 1280w\" sizes=\"(max-width: 1024px) 100vw, 1024px\" \/><figcaption class=\"wp-element-caption\">MINISTRO ANDREAZZA<\/figcaption><\/figure>\n\n\n\n<figure class=\"wp-block-image size-large\"><img decoding=\"async\" width=\"1024\" height=\"768\" data-id=\"4355\" src=\"https:\/\/www.cbm.ro.gov.br\/wp-content\/uploads\/2025\/03\/cbmro-brigadistas-civis-sao-francisco-do-guapore-1024x768.jpeg\" alt=\"\" class=\"wp-image-4355\" srcset=\"https:\/\/www.cbm.ro.gov.br\/wp-content\/uploads\/2025\/03\/cbmro-brigadistas-civis-sao-francisco-do-guapore-1024x768.jpeg 1024w, https:\/\/www.cbm.ro.gov.br\/wp-content\/uploads\/2025\/03\/cbmro-brigadistas-civis-sao-francisco-do-guapore-300x225.jpeg 300w, https:\/\/www.cbm.ro.gov.br\/wp-content\/uploads\/2025\/03\/cbmro-brigadistas-civis-sao-francisco-do-guapore-768x576.jpeg 768w, https:\/\/www.cbm.ro.gov.br\/wp-content\/uploads\/2025\/03\/cbmro-brigadistas-civis-sao-francisco-do-guapore-1536x1152.jpeg 1536w, https:\/\/www.cbm.ro.gov.br\/wp-content\/uploads\/2025\/03\/cbmro-brigadistas-civis-sao-francisco-do-guapore.jpeg 1600w\" sizes=\"(max-width: 1024px) 100vw, 1024px\" \/><figcaption class=\"wp-element-caption\">S\u00c3O FRANCISCO DO GUAPOR\u00c9<\/figcaption><\/figure>\n<\/figure>\n\n\n\n<figure class=\"wp-block-gallery has-nested-images columns-default is-cropped wp-block-gallery-2 is-layout-flex wp-block-gallery-is-layout-flex\">\n<figure class=\"wp-block-image size-large\"><img loading=\"lazy\" decoding=\"async\" width=\"1024\" height=\"771\" data-id=\"4357\" src=\"https:\/\/www.cbm.ro.gov.br\/wp-content\/uploads\/2025\/03\/chupinguaia-1024x771.jpg\" alt=\"\" class=\"wp-image-4357\" srcset=\"https:\/\/www.cbm.ro.gov.br\/wp-content\/uploads\/2025\/03\/chupinguaia-1024x771.jpg 1024w, https:\/\/www.cbm.ro.gov.br\/wp-content\/uploads\/2025\/03\/chupinguaia-300x226.jpg 300w, https:\/\/www.cbm.ro.gov.br\/wp-content\/uploads\/2025\/03\/chupinguaia-768x578.jpg 768w, https:\/\/www.cbm.ro.gov.br\/wp-content\/uploads\/2025\/03\/chupinguaia-1536x1156.jpg 1536w, https:\/\/www.cbm.ro.gov.br\/wp-content\/uploads\/2025\/03\/chupinguaia.jpg 1600w\" sizes=\"(max-width: 1024px) 100vw, 1024px\" \/><figcaption class=\"wp-element-caption\">Chupinguaia<\/figcaption><\/figure>\n\n\n\n<figure class=\"wp-block-image size-large\"><img loading=\"lazy\" decoding=\"async\" width=\"1024\" height=\"768\" data-id=\"4358\" src=\"https:\/\/www.cbm.ro.gov.br\/wp-content\/uploads\/2025\/03\/alto-paraiso-1024x768.jpg\" alt=\"\" class=\"wp-image-4358\" srcset=\"https:\/\/www.cbm.ro.gov.br\/wp-content\/uploads\/2025\/03\/alto-paraiso-1024x768.jpg 1024w, https:\/\/www.cbm.ro.gov.br\/wp-content\/uploads\/2025\/03\/alto-paraiso-300x225.jpg 300w, https:\/\/www.cbm.ro.gov.br\/wp-content\/uploads\/2025\/03\/alto-paraiso-768x576.jpg 768w, https:\/\/www.cbm.ro.gov.br\/wp-content\/uploads\/2025\/03\/alto-paraiso.jpg 1280w\" sizes=\"(max-width: 1024px) 100vw, 1024px\" \/><figcaption class=\"wp-element-caption\">Alto Para\u00edso<\/figcaption><\/figure>\n\n\n\n<figure class=\"wp-block-image size-large\"><img loading=\"lazy\" decoding=\"async\" width=\"1024\" height=\"768\" data-id=\"4359\" src=\"https:\/\/www.cbm.ro.gov.br\/wp-content\/uploads\/2025\/03\/CABIXI-1-1024x768.jpeg\" alt=\"\" class=\"wp-image-4359\" srcset=\"https:\/\/www.cbm.ro.gov.br\/wp-content\/uploads\/2025\/03\/CABIXI-1-1024x768.jpeg 1024w, https:\/\/www.cbm.ro.gov.br\/wp-content\/uploads\/2025\/03\/CABIXI-1-300x225.jpeg 300w, https:\/\/www.cbm.ro.gov.br\/wp-content\/uploads\/2025\/03\/CABIXI-1-768x576.jpeg 768w, https:\/\/www.cbm.ro.gov.br\/wp-content\/uploads\/2025\/03\/CABIXI-1-1536x1152.jpeg 1536w, https:\/\/www.cbm.ro.gov.br\/wp-content\/uploads\/2025\/03\/CABIXI-1.jpeg 1600w\" sizes=\"(max-width: 1024px) 100vw, 1024px\" \/><figcaption class=\"wp-element-caption\">CABIXI<\/figcaption><\/figure>\n<\/figure>\n\n\n\n<p><\/p>\n","protected":false},"excerpt":{"rendered":"<p>O Corpo de Bombeiros Militar do Estado de Rond\u00f4nia (CBMRO) est\u00e1 se preparando para um dos maiores desafios ambientais de 2025: o combate aos inc\u00eandios florestais. Para enfrentar a temporada&hellip;<\/p>\n","protected":false},"author":5,"featured_media":4352,"comment_status":"closed","ping_status":"open","sticky":false,"template":"","format":"standard","meta":{"footnotes":""},"categories":[1],"tags":[131,265,264,13,58,234,86],"class_list":["post-4351","post","type-post","status-publish","format-standard","has-post-thumbnail","hentry","category-cbmro","tag-brigadistas","tag-brigadistascivis","tag-capacitacao","tag-cbmro","tag-combateaincendio","tag-curso","tag-governoderondonia"],"yoast_head":"<!-- This site is optimized with the Yoast SEO plugin v23.7 - https:\/\/yoast.com\/wordpress\/plugins\/seo\/ -->\n<title>CBMRO CAPACITA BRIGADISTAS CIVIS PARA COMBATE A INC\u00caNDIOS FLORESTAIS NOS 52 MUNIC\u00cdPIOS DO ESTADO DE ROND\u00d4NIA EM 2025 - Corpo de Bombeiros Militar de Rond\u00f4nia<\/title>\n<meta name=\"robots\" content=\"index, follow, max-snippet:-1, max-image-preview:large, max-video-preview:-1\" \/>\n<link rel=\"canonical\" href=\"https:\/\/www.cbm.ro.gov.br\/?p=4351\" \/>\n<meta property=\"og:locale\" content=\"pt_BR\" \/>\n<meta property=\"og:type\" content=\"article\" \/>\n<meta property=\"og:title\" content=\"CBMRO CAPACITA BRIGADISTAS CIVIS PARA COMBATE A INC\u00caNDIOS FLORESTAIS NOS 52 MUNIC\u00cdPIOS DO ESTADO DE ROND\u00d4NIA EM 2025 - Corpo de Bombeiros Militar de Rond\u00f4nia\" \/>\n<meta property=\"og:description\" content=\"O Corpo de Bombeiros Militar do Estado de Rond\u00f4nia (CBMRO) est\u00e1 se preparando para um dos maiores desafios ambientais de 2025: o combate aos inc\u00eandios florestais. Para enfrentar a temporada&hellip;\" \/>\n<meta property=\"og:url\" content=\"https:\/\/www.cbm.ro.gov.br\/?p=4351\" \/>\n<meta property=\"og:site_name\" content=\"Corpo de Bombeiros Militar de Rond\u00f4nia\" \/>\n<meta property=\"article:publisher\" content=\"https:\/\/www.facebook.com\/cbmro.oficial\/\" \/>\n<meta property=\"article:published_time\" content=\"2025-03-19T14:08:15+00:00\" \/>\n<meta property=\"article:modified_time\" content=\"2025-03-19T14:08:16+00:00\" \/>\n<meta property=\"og:image\" content=\"https:\/\/www.cbm.ro.gov.br\/wp-content\/uploads\/2025\/03\/cbmro-vtr.jpeg\" \/>\n\t<meta property=\"og:image:width\" content=\"1280\" \/>\n\t<meta property=\"og:image:height\" content=\"960\" \/>\n\t<meta property=\"og:image:type\" content=\"image\/jpeg\" \/>\n<meta name=\"author\" content=\"Marcos Barros\" \/>\n<meta name=\"twitter:card\" content=\"summary_large_image\" \/>\n<meta name=\"twitter:label1\" content=\"Escrito por\" \/>\n\t<meta name=\"twitter:data1\" content=\"Marcos Barros\" \/>\n\t<meta name=\"twitter:label2\" content=\"Est. tempo de leitura\" \/>\n\t<meta name=\"twitter:data2\" content=\"2 minutos\" \/>\n<script type=\"application\/ld+json\" class=\"yoast-schema-graph\">{\"@context\":\"https:\/\/schema.org\",\"@graph\":[{\"@type\":\"Article\",\"@id\":\"https:\/\/www.cbm.ro.gov.br\/?p=4351#article\",\"isPartOf\":{\"@id\":\"https:\/\/www.cbm.ro.gov.br\/?p=4351\"},\"author\":{\"name\":\"Marcos Barros\",\"@id\":\"https:\/\/www.cbm.ro.gov.br\/#\/schema\/person\/b035b7e269aef4233e9514c2751917c5\"},\"headline\":\"CBMRO CAPACITA BRIGADISTAS CIVIS PARA COMBATE A INC\u00caNDIOS FLORESTAIS NOS 52 MUNIC\u00cdPIOS DO ESTADO DE ROND\u00d4NIA EM 2025\",\"datePublished\":\"2025-03-19T14:08:15+00:00\",\"dateModified\":\"2025-03-19T14:08:16+00:00\",\"mainEntityOfPage\":{\"@id\":\"https:\/\/www.cbm.ro.gov.br\/?p=4351\"},\"wordCount\":505,\"publisher\":{\"@id\":\"https:\/\/www.cbm.ro.gov.br\/#organization\"},\"image\":{\"@id\":\"https:\/\/www.cbm.ro.gov.br\/?p=4351#primaryimage\"},\"thumbnailUrl\":\"https:\/\/www.cbm.ro.gov.br\/wp-content\/uploads\/2025\/03\/cbmro-vtr.jpeg\",\"keywords\":[\"Brigadistas\",\"BRIGADISTASCIVIS\",\"CAPACITA\u00c7\u00c3O\",\"CBMRO\",\"COMBATEAINCENDIO\",\"CURSO\",\"GOVERNODERONDONIA\"],\"articleSection\":[\"CBMRO\"],\"inLanguage\":\"pt-BR\"},{\"@type\":\"WebPage\",\"@id\":\"https:\/\/www.cbm.ro.gov.br\/?p=4351\",\"url\":\"https:\/\/www.cbm.ro.gov.br\/?p=4351\",\"name\":\"CBMRO CAPACITA BRIGADISTAS CIVIS PARA COMBATE A INC\u00caNDIOS FLORESTAIS NOS 52 MUNIC\u00cdPIOS DO ESTADO DE ROND\u00d4NIA EM 2025 - Corpo de Bombeiros Militar de Rond\u00f4nia\",\"isPartOf\":{\"@id\":\"https:\/\/www.cbm.ro.gov.br\/#website\"},\"primaryImageOfPage\":{\"@id\":\"https:\/\/www.cbm.ro.gov.br\/?p=4351#primaryimage\"},\"image\":{\"@id\":\"https:\/\/www.cbm.ro.gov.br\/?p=4351#primaryimage\"},\"thumbnailUrl\":\"https:\/\/www.cbm.ro.gov.br\/wp-content\/uploads\/2025\/03\/cbmro-vtr.jpeg\",\"datePublished\":\"2025-03-19T14:08:15+00:00\",\"dateModified\":\"2025-03-19T14:08:16+00:00\",\"breadcrumb\":{\"@id\":\"https:\/\/www.cbm.ro.gov.br\/?p=4351#breadcrumb\"},\"inLanguage\":\"pt-BR\",\"potentialAction\":[{\"@type\":\"ReadAction\",\"target\":[\"https:\/\/www.cbm.ro.gov.br\/?p=4351\"]}]},{\"@type\":\"ImageObject\",\"inLanguage\":\"pt-BR\",\"@id\":\"https:\/\/www.cbm.ro.gov.br\/?p=4351#primaryimage\",\"url\":\"https:\/\/www.cbm.ro.gov.br\/wp-content\/uploads\/2025\/03\/cbmro-vtr.jpeg\",\"contentUrl\":\"https:\/\/www.cbm.ro.gov.br\/wp-content\/uploads\/2025\/03\/cbmro-vtr.jpeg\",\"width\":1280,\"height\":960},{\"@type\":\"BreadcrumbList\",\"@id\":\"https:\/\/www.cbm.ro.gov.br\/?p=4351#breadcrumb\",\"itemListElement\":[{\"@type\":\"ListItem\",\"position\":1,\"name\":\"In\u00edcio\",\"item\":\"https:\/\/www.cbm.ro.gov.br\/\"},{\"@type\":\"ListItem\",\"position\":2,\"name\":\"CBMRO CAPACITA BRIGADISTAS CIVIS PARA COMBATE A INC\u00caNDIOS FLORESTAIS NOS 52 MUNIC\u00cdPIOS DO ESTADO DE ROND\u00d4NIA EM 2025\"}]},{\"@type\":\"WebSite\",\"@id\":\"https:\/\/www.cbm.ro.gov.br\/#website\",\"url\":\"https:\/\/www.cbm.ro.gov.br\/\",\"name\":\"Corpo de Bombeiros Militar de Rond\u00f4nia\",\"description\":\"Vidas alheias, riquezas salvar!\",\"publisher\":{\"@id\":\"https:\/\/www.cbm.ro.gov.br\/#organization\"},\"alternateName\":\"cbmro\",\"potentialAction\":[{\"@type\":\"SearchAction\",\"target\":{\"@type\":\"EntryPoint\",\"urlTemplate\":\"https:\/\/www.cbm.ro.gov.br\/?s={search_term_string}\"},\"query-input\":{\"@type\":\"PropertyValueSpecification\",\"valueRequired\":true,\"valueName\":\"search_term_string\"}}],\"inLanguage\":\"pt-BR\"},{\"@type\":\"Organization\",\"@id\":\"https:\/\/www.cbm.ro.gov.br\/#organization\",\"name\":\"Corpo de Bombeiros Militar do Estado de Rond\u00f4nia\",\"alternateName\":\"CBMRO\",\"url\":\"https:\/\/www.cbm.ro.gov.br\/\",\"logo\":{\"@type\":\"ImageObject\",\"inLanguage\":\"pt-BR\",\"@id\":\"https:\/\/www.cbm.ro.gov.br\/#\/schema\/logo\/image\/\",\"url\":\"https:\/\/www.cbm.ro.gov.br\/wp-content\/uploads\/2023\/12\/cropped-cropped-cropped-BRASO_3D_32-1-e1724344443171.png\",\"contentUrl\":\"https:\/\/www.cbm.ro.gov.br\/wp-content\/uploads\/2023\/12\/cropped-cropped-cropped-BRASO_3D_32-1-e1724344443171.png\",\"width\":446,\"height\":441,\"caption\":\"Corpo de Bombeiros Militar do Estado de Rond\u00f4nia\"},\"image\":{\"@id\":\"https:\/\/www.cbm.ro.gov.br\/#\/schema\/logo\/image\/\"},\"sameAs\":[\"https:\/\/www.facebook.com\/cbmro.oficial\/\",\"https:\/\/www.youtube.com\/c\/CorpodeBombeirosMilitardoEstadodeRond\u00f4nia\"]},{\"@type\":\"Person\",\"@id\":\"https:\/\/www.cbm.ro.gov.br\/#\/schema\/person\/b035b7e269aef4233e9514c2751917c5\",\"name\":\"Marcos Barros\",\"sameAs\":[\"http:\/\/10.210.0.90\/wp-admin\/post.php?post=2688&amp;action=edit\"],\"url\":\"https:\/\/www.cbm.ro.gov.br\/?author=5\"}]}<\/script>\n<!-- \/ Yoast SEO plugin. -->","yoast_head_json":{"title":"CBMRO CAPACITA BRIGADISTAS CIVIS PARA COMBATE A INC\u00caNDIOS FLORESTAIS NOS 52 MUNIC\u00cdPIOS DO ESTADO DE ROND\u00d4NIA EM 2025 - Corpo de Bombeiros Militar de Rond\u00f4nia","robots":{"index":"index","follow":"follow","max-snippet":"max-snippet:-1","max-image-preview":"max-image-preview:large","max-video-preview":"max-video-preview:-1"},"canonical":"https:\/\/www.cbm.ro.gov.br\/?p=4351","og_locale":"pt_BR","og_type":"article","og_title":"CBMRO CAPACITA BRIGADISTAS CIVIS PARA COMBATE A INC\u00caNDIOS FLORESTAIS NOS 52 MUNIC\u00cdPIOS DO ESTADO DE ROND\u00d4NIA EM 2025 - Corpo de Bombeiros Militar de Rond\u00f4nia","og_description":"O Corpo de Bombeiros Militar do Estado de Rond\u00f4nia (CBMRO) est\u00e1 se preparando para um dos maiores desafios ambientais de 2025: o combate aos inc\u00eandios florestais. Para enfrentar a temporada&hellip;","og_url":"https:\/\/www.cbm.ro.gov.br\/?p=4351","og_site_name":"Corpo de Bombeiros Militar de Rond\u00f4nia","article_publisher":"https:\/\/www.facebook.com\/cbmro.oficial\/","article_published_time":"2025-03-19T14:08:15+00:00","article_modified_time":"2025-03-19T14:08:16+00:00","og_image":[{"width":1280,"height":960,"url":"https:\/\/www.cbm.ro.gov.br\/wp-content\/uploads\/2025\/03\/cbmro-vtr.jpeg","type":"image\/jpeg"}],"author":"Marcos Barros","twitter_card":"summary_large_image","twitter_misc":{"Escrito por":"Marcos Barros","Est. tempo de leitura":"2 minutos"},"schema":{"@context":"https:\/\/schema.org","@graph":[{"@type":"Article","@id":"https:\/\/www.cbm.ro.gov.br\/?p=4351#article","isPartOf":{"@id":"https:\/\/www.cbm.ro.gov.br\/?p=4351"},"author":{"name":"Marcos Barros","@id":"https:\/\/www.cbm.ro.gov.br\/#\/schema\/person\/b035b7e269aef4233e9514c2751917c5"},"headline":"CBMRO CAPACITA BRIGADISTAS CIVIS PARA COMBATE A INC\u00caNDIOS FLORESTAIS NOS 52 MUNIC\u00cdPIOS DO ESTADO DE ROND\u00d4NIA EM 2025","datePublished":"2025-03-19T14:08:15+00:00","dateModified":"2025-03-19T14:08:16+00:00","mainEntityOfPage":{"@id":"https:\/\/www.cbm.ro.gov.br\/?p=4351"},"wordCount":505,"publisher":{"@id":"https:\/\/www.cbm.ro.gov.br\/#organization"},"image":{"@id":"https:\/\/www.cbm.ro.gov.br\/?p=4351#primaryimage"},"thumbnailUrl":"https:\/\/www.cbm.ro.gov.br\/wp-content\/uploads\/2025\/03\/cbmro-vtr.jpeg","keywords":["Brigadistas","BRIGADISTASCIVIS","CAPACITA\u00c7\u00c3O","CBMRO","COMBATEAINCENDIO","CURSO","GOVERNODERONDONIA"],"articleSection":["CBMRO"],"inLanguage":"pt-BR"},{"@type":"WebPage","@id":"https:\/\/www.cbm.ro.gov.br\/?p=4351","url":"https:\/\/www.cbm.ro.gov.br\/?p=4351","name":"CBMRO CAPACITA BRIGADISTAS CIVIS PARA COMBATE A INC\u00caNDIOS FLORESTAIS NOS 52 MUNIC\u00cdPIOS DO ESTADO DE ROND\u00d4NIA EM 2025 - Corpo de Bombeiros Militar de Rond\u00f4nia","isPartOf":{"@id":"https:\/\/www.cbm.ro.gov.br\/#website"},"primaryImageOfPage":{"@id":"https:\/\/www.cbm.ro.gov.br\/?p=4351#primaryimage"},"image":{"@id":"https:\/\/www.cbm.ro.gov.br\/?p=4351#primaryimage"},"thumbnailUrl":"https:\/\/www.cbm.ro.gov.br\/wp-content\/uploads\/2025\/03\/cbmro-vtr.jpeg","datePublished":"2025-03-19T14:08:15+00:00","dateModified":"2025-03-19T14:08:16+00:00","breadcrumb":{"@id":"https:\/\/www.cbm.ro.gov.br\/?p=4351#breadcrumb"},"inLanguage":"pt-BR","potentialAction":[{"@type":"ReadAction","target":["https:\/\/www.cbm.ro.gov.br\/?p=4351"]}]},{"@type":"ImageObject","inLanguage":"pt-BR","@id":"https:\/\/www.cbm.ro.gov.br\/?p=4351#primaryimage","url":"https:\/\/www.cbm.ro.gov.br\/wp-content\/uploads\/2025\/03\/cbmro-vtr.jpeg","contentUrl":"https:\/\/www.cbm.ro.gov.br\/wp-content\/uploads\/2025\/03\/cbmro-vtr.jpeg","width":1280,"height":960},{"@type":"BreadcrumbList","@id":"https:\/\/www.cbm.ro.gov.br\/?p=4351#breadcrumb","itemListElement":[{"@type":"ListItem","position":1,"name":"In\u00edcio","item":"https:\/\/www.cbm.ro.gov.br\/"},{"@type":"ListItem","position":2,"name":"CBMRO CAPACITA BRIGADISTAS CIVIS PARA COMBATE A INC\u00caNDIOS FLORESTAIS NOS 52 MUNIC\u00cdPIOS DO ESTADO DE ROND\u00d4NIA EM 2025"}]},{"@type":"WebSite","@id":"https:\/\/www.cbm.ro.gov.br\/#website","url":"https:\/\/www.cbm.ro.gov.br\/","name":"Corpo de Bombeiros Militar de Rond\u00f4nia","description":"Vidas alheias, riquezas salvar!","publisher":{"@id":"https:\/\/www.cbm.ro.gov.br\/#organization"},"alternateName":"cbmro","potentialAction":[{"@type":"SearchAction","target":{"@type":"EntryPoint","urlTemplate":"https:\/\/www.cbm.ro.gov.br\/?s={search_term_string}"},"query-input":{"@type":"PropertyValueSpecification","valueRequired":true,"valueName":"search_term_string"}}],"inLanguage":"pt-BR"},{"@type":"Organization","@id":"https:\/\/www.cbm.ro.gov.br\/#organization","name":"Corpo de Bombeiros Militar do Estado de Rond\u00f4nia","alternateName":"CBMRO","url":"https:\/\/www.cbm.ro.gov.br\/","logo":{"@type":"ImageObject","inLanguage":"pt-BR","@id":"https:\/\/www.cbm.ro.gov.br\/#\/schema\/logo\/image\/","url":"https:\/\/www.cbm.ro.gov.br\/wp-content\/uploads\/2023\/12\/cropped-cropped-cropped-BRASO_3D_32-1-e1724344443171.png","contentUrl":"https:\/\/www.cbm.ro.gov.br\/wp-content\/uploads\/2023\/12\/cropped-cropped-cropped-BRASO_3D_32-1-e1724344443171.png","width":446,"height":441,"caption":"Corpo de Bombeiros Militar do Estado de Rond\u00f4nia"},"image":{"@id":"https:\/\/www.cbm.ro.gov.br\/#\/schema\/logo\/image\/"},"sameAs":["https:\/\/www.facebook.com\/cbmro.oficial\/","https:\/\/www.youtube.com\/c\/CorpodeBombeirosMilitardoEstadodeRond\u00f4nia"]},{"@type":"Person","@id":"https:\/\/www.cbm.ro.gov.br\/#\/schema\/person\/b035b7e269aef4233e9514c2751917c5","name":"Marcos Barros","sameAs":["http:\/\/10.210.0.90\/wp-admin\/post.php?post=2688&amp;action=edit"],"url":"https:\/\/www.cbm.ro.gov.br\/?author=5"}]}},"wpmagazine_modules_lite_featured_media_urls":{"thumbnail":["https:\/\/www.cbm.ro.gov.br\/wp-content\/uploads\/2025\/03\/cbmro-vtr-150x150.jpeg",150,150,true],"cvmm-medium":["https:\/\/www.cbm.ro.gov.br\/wp-content\/uploads\/2025\/03\/cbmro-vtr-300x300.jpeg",300,300,true],"cvmm-medium-plus":["https:\/\/www.cbm.ro.gov.br\/wp-content\/uploads\/2025\/03\/cbmro-vtr-305x207.jpeg",305,207,true],"cvmm-portrait":["https:\/\/www.cbm.ro.gov.br\/wp-content\/uploads\/2025\/03\/cbmro-vtr-400x600.jpeg",400,600,true],"cvmm-medium-square":["https:\/\/www.cbm.ro.gov.br\/wp-content\/uploads\/2025\/03\/cbmro-vtr-600x600.jpeg",600,600,true],"cvmm-large":["https:\/\/www.cbm.ro.gov.br\/wp-content\/uploads\/2025\/03\/cbmro-vtr-1024x960.jpeg",1024,960,true],"cvmm-small":["https:\/\/www.cbm.ro.gov.br\/wp-content\/uploads\/2025\/03\/cbmro-vtr-130x95.jpeg",130,95,true],"full":["https:\/\/www.cbm.ro.gov.br\/wp-content\/uploads\/2025\/03\/cbmro-vtr.jpeg",1280,960,false]},"categories_names":{"1":{"name":"CBMRO","link":"https:\/\/www.cbm.ro.gov.br\/?cat=1"}},"tags_names":{"131":{"name":"Brigadistas","link":"https:\/\/www.cbm.ro.gov.br\/?tag=brigadistas"},"265":{"name":"BRIGADISTASCIVIS","link":"https:\/\/www.cbm.ro.gov.br\/?tag=brigadistascivis"},"264":{"name":"CAPACITA\u00c7\u00c3O","link":"https:\/\/www.cbm.ro.gov.br\/?tag=capacitacao"},"13":{"name":"CBMRO","link":"https:\/\/www.cbm.ro.gov.br\/?tag=cbmro"},"58":{"name":"COMBATEAINCENDIO","link":"https:\/\/www.cbm.ro.gov.br\/?tag=combateaincendio"},"234":{"name":"CURSO","link":"https:\/\/www.cbm.ro.gov.br\/?tag=curso"},"86":{"name":"GOVERNODERONDONIA","link":"https:\/\/www.cbm.ro.gov.br\/?tag=governoderondonia"}},"comments_number":"0","_links":{"self":[{"href":"https:\/\/www.cbm.ro.gov.br\/index.php?rest_route=\/wp\/v2\/posts\/4351","targetHints":{"allow":["GET"]}}],"collection":[{"href":"https:\/\/www.cbm.ro.gov.br\/index.php?rest_route=\/wp\/v2\/posts"}],"about":[{"href":"https:\/\/www.cbm.ro.gov.br\/index.php?rest_route=\/wp\/v2\/types\/post"}],"author":[{"embeddable":true,"href":"https:\/\/www.cbm.ro.gov.br\/index.php?rest_route=\/wp\/v2\/users\/5"}],"replies":[{"embeddable":true,"href":"https:\/\/www.cbm.ro.gov.br\/index.php?rest_route=%2Fwp%2Fv2%2Fcomments&post=4351"}],"version-history":[{"count":1,"href":"https:\/\/www.cbm.ro.gov.br\/index.php?rest_route=\/wp\/v2\/posts\/4351\/revisions"}],"predecessor-version":[{"id":4360,"href":"https:\/\/www.cbm.ro.gov.br\/index.php?rest_route=\/wp\/v2\/posts\/4351\/revisions\/4360"}],"wp:featuredmedia":[{"embeddable":true,"href":"https:\/\/www.cbm.ro.gov.br\/index.php?rest_route=\/wp\/v2\/media\/4352"}],"wp:attachment":[{"href":"https:\/\/www.cbm.ro.gov.br\/index.php?rest_route=%2Fwp%2Fv2%2Fmedia&parent=4351"}],"wp:term":[{"taxonomy":"category","embeddable":true,"href":"https:\/\/www.cbm.ro.gov.br\/index.php?rest_route=%2Fwp%2Fv2%2Fcategories&post=4351"},{"taxonomy":"post_tag","embeddable":true,"href":"https:\/\/www.cbm.ro.gov.br\/index.php?rest_route=%2Fwp%2Fv2%2Ftags&post=4351"}],"curies":[{"name":"wp","href":"https:\/\/api.w.org\/{rel}","templated":true}]}}