{"id":4132,"date":"2025-02-17T12:45:53","date_gmt":"2025-02-17T16:45:53","guid":{"rendered":"https:\/\/www.cbm.ro.gov.br\/?p=4132"},"modified":"2025-02-17T12:48:21","modified_gmt":"2025-02-17T16:48:21","slug":"solenidade-de-aula-inaugural-do-estagio-de-geoprocessamento-de-dados-2025-turma-i","status":"publish","type":"post","link":"https:\/\/www.cbm.ro.gov.br\/?p=4132","title":{"rendered":"SOLENIDADE DE AULA INAUGURAL DO EST\u00c1GIO DE GEOPROCESSAMENTO DE DADOS 2025 &#8211; TURMA I"},"content":{"rendered":"\n<p class=\"has-black-color has-text-color has-link-color wp-elements-5c50d91cbd502cd8d1b245aa7b15f415\">O Corpo de Bombeiros Militar de Rond\u00f4nia (CBMRO) realizou, na manh\u00e3 desta segunda-feira (17), a solenidade de aula inaugural do Est\u00e1gio de Geoprocessamento de Dados 2025 \u2013 Turma I. O evento aconteceu no audit\u00f3rio da Coordenadoria de Atividades T\u00e9cnicas (CAT), em Porto Velho, com in\u00edcio \u00e0s 9h.<\/p>\n\n\n\n<p class=\"has-black-color has-text-color has-link-color wp-elements-659653b560d2dfa59e9e99313d91c139\">A cerim\u00f4nia contou com a presen\u00e7a do Cel BM Francisco Pinto Andrade J\u00fanior, representando o Comandante-Geral do CBMRO, do Maj BM Josimar Ribeiro Bragado, representando a Coordenadoria de Educa\u00e7\u00e3o, Ensino e Instru\u00e7\u00e3o (CEEI) do CBMRO, e do Ten PM Jonatas Galiotto dos Santos, representando o Comandante do Batalh\u00e3o de Pol\u00edcia Ambiental (BPA).<\/p>\n\n\n\n<p class=\"has-black-color has-text-color has-link-color wp-elements-61755b48449c06038ed647f2529f55fa\">Com o apoio do Governo de Rond\u00f4nia, o CBMRO tem investido constantemente na capacita\u00e7\u00e3o de seu efetivo. O Est\u00e1gio de Geoprocessamento de Dados visa qualificar os Bombeiros Militares para atuar com ferramentas do Sistema de Informa\u00e7\u00f5es Geogr\u00e1ficas (GIS), fundamentais para opera\u00e7\u00f5es como a Opera\u00e7\u00e3o Verde Rond\u00f4nia (OVR). O curso tem como objetivo fornecer conhecimentos t\u00e9cnicos essenciais para o emprego das equipes em campo e no desenvolvimento de a\u00e7\u00f5es estrat\u00e9gicas.<\/p>\n\n\n\n<p class=\"has-black-color has-text-color has-link-color wp-elements-bf7c6ce566b524818638c329a93f5d1c\">A turma inaugural \u00e9 composta por 23 alunos, incluindo Bombeiros Militares de unidades operacionais da capital e do interior, integrantes do Batalh\u00e3o de Pol\u00edcia Ambiental da Pol\u00edcia Militar de Rond\u00f4nia (PMRO) e membros do Tribunal de Contas do Estado (TCE). O est\u00e1gio ser\u00e1 realizado entre os dias 17 e 27 de fevereiro, em Porto Velho.<\/p>\n\n\n<div class=\"wp-block-image\">\n<figure class=\"aligncenter size-large is-resized\"><img fetchpriority=\"high\" decoding=\"async\" width=\"1024\" height=\"577\" src=\"https:\/\/www.cbm.ro.gov.br\/wp-content\/uploads\/2025\/02\/autoridades-inaugural-EGEO-1-1024x577.jpg\" alt=\"\" class=\"wp-image-4134\" style=\"width:531px;height:auto\" srcset=\"https:\/\/www.cbm.ro.gov.br\/wp-content\/uploads\/2025\/02\/autoridades-inaugural-EGEO-1-1024x577.jpg 1024w, https:\/\/www.cbm.ro.gov.br\/wp-content\/uploads\/2025\/02\/autoridades-inaugural-EGEO-1-300x169.jpg 300w, https:\/\/www.cbm.ro.gov.br\/wp-content\/uploads\/2025\/02\/autoridades-inaugural-EGEO-1-768x432.jpg 768w, https:\/\/www.cbm.ro.gov.br\/wp-content\/uploads\/2025\/02\/autoridades-inaugural-EGEO-1-1536x865.jpg 1536w, https:\/\/www.cbm.ro.gov.br\/wp-content\/uploads\/2025\/02\/autoridades-inaugural-EGEO-1.jpg 1920w\" sizes=\"(max-width: 1024px) 100vw, 1024px\" \/><\/figure><\/div>\n\n\n<div style=\"height:30px\" aria-hidden=\"true\" class=\"wp-block-spacer\"><\/div>\n\n\n\n<p class=\"has-black-color has-text-color has-link-color wp-elements-bd19c083a62354b300ad808355b51d50\">Durante a cerim\u00f4nia, o Maj BM Geanderson Maia Trindade, coordenador do est\u00e1gio, apresentou os militares e solicitou autoriza\u00e7\u00e3o ao Cel BM Andrade J\u00fanior para dar in\u00edcio \u00e0 solenidade. Em seguida, o pastor Jailson, da Universal nas For\u00e7as Policiais (UFP), conduziu um momento de interse\u00e7\u00e3o religiosa.<\/p>\n\n\n\n<p class=\"has-black-color has-text-color has-link-color wp-elements-f8896b7e2331fd5e0265bb91cbd869cb\">Dando continuidade \u00e0 programa\u00e7\u00e3o, os presentes entoaram a tradicional \u201cCan\u00e7\u00e3o do Soldado do Fogo\u201d, s\u00edmbolo do esp\u00edrito de bravura e comprometimento dos bombeiros militares.<\/p>\n\n\n\n<p class=\"has-black-color has-text-color has-link-color wp-elements-755a3d6704958aa7573b55e8306c65c7\">O Cel BM Andrade J\u00fanior fez uso da palavra para ressaltar a import\u00e2ncia do est\u00e1gio na forma\u00e7\u00e3o e aperfei\u00e7oamento dos militares, destacando o impacto positivo da qualifica\u00e7\u00e3o para a efici\u00eancia operacional da corpora\u00e7\u00e3o.<\/p>\n\n\n\n<p class=\"has-black-color has-text-color has-link-color wp-elements-bcefdcee710f83b9e4ef0cf2aacd352f\">A solenidade foi encerrada com agradecimentos \u00e0s autoridades presentes e com votos de sucesso aos participantes do est\u00e1gio, que inicia uma nova etapa de aprimoramento profissional para o CBMRO e seus parceiros institucionais.<\/p>\n\n\n\n<p><\/p>\n","protected":false},"excerpt":{"rendered":"<p>O Corpo de Bombeiros Militar de Rond\u00f4nia (CBMRO) realizou, na manh\u00e3 desta segunda-feira (17), a solenidade de aula inaugural do Est\u00e1gio de Geoprocessamento de Dados 2025 \u2013 Turma I. O&hellip;<\/p>\n","protected":false},"author":3,"featured_media":4133,"comment_status":"closed","ping_status":"open","sticky":false,"template":"","format":"standard","meta":{"footnotes":""},"categories":[1],"tags":[206,219,13,220],"class_list":["post-4132","post","type-post","status-publish","format-standard","has-post-thumbnail","hentry","category-cbmro","tag-206","tag-aula-inaugural","tag-cbmro","tag-egeo"],"yoast_head":"<!-- This site is optimized with the Yoast SEO plugin v23.7 - https:\/\/yoast.com\/wordpress\/plugins\/seo\/ -->\n<title>SOLENIDADE DE AULA INAUGURAL DO EST\u00c1GIO DE GEOPROCESSAMENTO DE DADOS 2025 - TURMA I - Corpo de Bombeiros Militar de Rond\u00f4nia<\/title>\n<meta name=\"robots\" content=\"index, follow, max-snippet:-1, max-image-preview:large, max-video-preview:-1\" \/>\n<link rel=\"canonical\" href=\"https:\/\/www.cbm.ro.gov.br\/?p=4132\" \/>\n<meta property=\"og:locale\" content=\"pt_BR\" \/>\n<meta property=\"og:type\" content=\"article\" \/>\n<meta property=\"og:title\" content=\"SOLENIDADE DE AULA INAUGURAL DO EST\u00c1GIO DE GEOPROCESSAMENTO DE DADOS 2025 - TURMA I - Corpo de Bombeiros Militar de Rond\u00f4nia\" \/>\n<meta property=\"og:description\" content=\"O Corpo de Bombeiros Militar de Rond\u00f4nia (CBMRO) realizou, na manh\u00e3 desta segunda-feira (17), a solenidade de aula inaugural do Est\u00e1gio de Geoprocessamento de Dados 2025 \u2013 Turma I. O&hellip;\" \/>\n<meta property=\"og:url\" content=\"https:\/\/www.cbm.ro.gov.br\/?p=4132\" \/>\n<meta property=\"og:site_name\" content=\"Corpo de Bombeiros Militar de Rond\u00f4nia\" \/>\n<meta property=\"article:publisher\" content=\"https:\/\/www.facebook.com\/cbmro.oficial\/\" \/>\n<meta property=\"article:published_time\" content=\"2025-02-17T16:45:53+00:00\" \/>\n<meta property=\"article:modified_time\" content=\"2025-02-17T16:48:21+00:00\" \/>\n<meta property=\"og:image\" content=\"https:\/\/www.cbm.ro.gov.br\/wp-content\/uploads\/2025\/02\/capa-inaugural-EGEO-1.jpg\" \/>\n\t<meta property=\"og:image:width\" content=\"1920\" \/>\n\t<meta property=\"og:image:height\" content=\"1080\" \/>\n\t<meta property=\"og:image:type\" content=\"image\/jpeg\" \/>\n<meta name=\"author\" content=\"Diovana Castellon\" \/>\n<meta name=\"twitter:card\" content=\"summary_large_image\" \/>\n<meta name=\"twitter:label1\" content=\"Escrito por\" \/>\n\t<meta name=\"twitter:data1\" content=\"Diovana Castellon\" \/>\n\t<meta name=\"twitter:label2\" content=\"Est. tempo de leitura\" \/>\n\t<meta name=\"twitter:data2\" content=\"2 minutos\" \/>\n<script type=\"application\/ld+json\" class=\"yoast-schema-graph\">{\"@context\":\"https:\/\/schema.org\",\"@graph\":[{\"@type\":\"Article\",\"@id\":\"https:\/\/www.cbm.ro.gov.br\/?p=4132#article\",\"isPartOf\":{\"@id\":\"https:\/\/www.cbm.ro.gov.br\/?p=4132\"},\"author\":{\"name\":\"Diovana Castellon\",\"@id\":\"https:\/\/www.cbm.ro.gov.br\/#\/schema\/person\/8e7b7a65b9962de993d36cb5fca8412f\"},\"headline\":\"SOLENIDADE DE AULA INAUGURAL DO EST\u00c1GIO DE GEOPROCESSAMENTO DE DADOS 2025 &#8211; TURMA I\",\"datePublished\":\"2025-02-17T16:45:53+00:00\",\"dateModified\":\"2025-02-17T16:48:21+00:00\",\"mainEntityOfPage\":{\"@id\":\"https:\/\/www.cbm.ro.gov.br\/?p=4132\"},\"wordCount\":411,\"publisher\":{\"@id\":\"https:\/\/www.cbm.ro.gov.br\/#organization\"},\"image\":{\"@id\":\"https:\/\/www.cbm.ro.gov.br\/?p=4132#primaryimage\"},\"thumbnailUrl\":\"https:\/\/www.cbm.ro.gov.br\/wp-content\/uploads\/2025\/02\/capa-inaugural-EGEO-1.jpg\",\"keywords\":[\"2025\",\"Aula Inaugural\",\"CBMRO\",\"EGEO\"],\"articleSection\":[\"CBMRO\"],\"inLanguage\":\"pt-BR\"},{\"@type\":\"WebPage\",\"@id\":\"https:\/\/www.cbm.ro.gov.br\/?p=4132\",\"url\":\"https:\/\/www.cbm.ro.gov.br\/?p=4132\",\"name\":\"SOLENIDADE DE AULA INAUGURAL DO EST\u00c1GIO DE GEOPROCESSAMENTO DE DADOS 2025 - TURMA I - Corpo de Bombeiros Militar de Rond\u00f4nia\",\"isPartOf\":{\"@id\":\"https:\/\/www.cbm.ro.gov.br\/#website\"},\"primaryImageOfPage\":{\"@id\":\"https:\/\/www.cbm.ro.gov.br\/?p=4132#primaryimage\"},\"image\":{\"@id\":\"https:\/\/www.cbm.ro.gov.br\/?p=4132#primaryimage\"},\"thumbnailUrl\":\"https:\/\/www.cbm.ro.gov.br\/wp-content\/uploads\/2025\/02\/capa-inaugural-EGEO-1.jpg\",\"datePublished\":\"2025-02-17T16:45:53+00:00\",\"dateModified\":\"2025-02-17T16:48:21+00:00\",\"breadcrumb\":{\"@id\":\"https:\/\/www.cbm.ro.gov.br\/?p=4132#breadcrumb\"},\"inLanguage\":\"pt-BR\",\"potentialAction\":[{\"@type\":\"ReadAction\",\"target\":[\"https:\/\/www.cbm.ro.gov.br\/?p=4132\"]}]},{\"@type\":\"ImageObject\",\"inLanguage\":\"pt-BR\",\"@id\":\"https:\/\/www.cbm.ro.gov.br\/?p=4132#primaryimage\",\"url\":\"https:\/\/www.cbm.ro.gov.br\/wp-content\/uploads\/2025\/02\/capa-inaugural-EGEO-1.jpg\",\"contentUrl\":\"https:\/\/www.cbm.ro.gov.br\/wp-content\/uploads\/2025\/02\/capa-inaugural-EGEO-1.jpg\",\"width\":1920,\"height\":1080},{\"@type\":\"BreadcrumbList\",\"@id\":\"https:\/\/www.cbm.ro.gov.br\/?p=4132#breadcrumb\",\"itemListElement\":[{\"@type\":\"ListItem\",\"position\":1,\"name\":\"In\u00edcio\",\"item\":\"https:\/\/www.cbm.ro.gov.br\/\"},{\"@type\":\"ListItem\",\"position\":2,\"name\":\"SOLENIDADE DE AULA INAUGURAL DO EST\u00c1GIO DE GEOPROCESSAMENTO DE DADOS 2025 &#8211; TURMA I\"}]},{\"@type\":\"WebSite\",\"@id\":\"https:\/\/www.cbm.ro.gov.br\/#website\",\"url\":\"https:\/\/www.cbm.ro.gov.br\/\",\"name\":\"Corpo de Bombeiros Militar de Rond\u00f4nia\",\"description\":\"Vidas alheias, riquezas salvar!\",\"publisher\":{\"@id\":\"https:\/\/www.cbm.ro.gov.br\/#organization\"},\"alternateName\":\"cbmro\",\"potentialAction\":[{\"@type\":\"SearchAction\",\"target\":{\"@type\":\"EntryPoint\",\"urlTemplate\":\"https:\/\/www.cbm.ro.gov.br\/?s={search_term_string}\"},\"query-input\":{\"@type\":\"PropertyValueSpecification\",\"valueRequired\":true,\"valueName\":\"search_term_string\"}}],\"inLanguage\":\"pt-BR\"},{\"@type\":\"Organization\",\"@id\":\"https:\/\/www.cbm.ro.gov.br\/#organization\",\"name\":\"Corpo de Bombeiros Militar do Estado de Rond\u00f4nia\",\"alternateName\":\"CBMRO\",\"url\":\"https:\/\/www.cbm.ro.gov.br\/\",\"logo\":{\"@type\":\"ImageObject\",\"inLanguage\":\"pt-BR\",\"@id\":\"https:\/\/www.cbm.ro.gov.br\/#\/schema\/logo\/image\/\",\"url\":\"https:\/\/www.cbm.ro.gov.br\/wp-content\/uploads\/2023\/12\/cropped-cropped-cropped-BRASO_3D_32-1-e1724344443171.png\",\"contentUrl\":\"https:\/\/www.cbm.ro.gov.br\/wp-content\/uploads\/2023\/12\/cropped-cropped-cropped-BRASO_3D_32-1-e1724344443171.png\",\"width\":446,\"height\":441,\"caption\":\"Corpo de Bombeiros Militar do Estado de Rond\u00f4nia\"},\"image\":{\"@id\":\"https:\/\/www.cbm.ro.gov.br\/#\/schema\/logo\/image\/\"},\"sameAs\":[\"https:\/\/www.facebook.com\/cbmro.oficial\/\",\"https:\/\/www.youtube.com\/c\/CorpodeBombeirosMilitardoEstadodeRond\u00f4nia\"]},{\"@type\":\"Person\",\"@id\":\"https:\/\/www.cbm.ro.gov.br\/#\/schema\/person\/8e7b7a65b9962de993d36cb5fca8412f\",\"name\":\"Diovana Castellon\",\"url\":\"https:\/\/www.cbm.ro.gov.br\/?author=3\"}]}<\/script>\n<!-- \/ Yoast SEO plugin. -->","yoast_head_json":{"title":"SOLENIDADE DE AULA INAUGURAL DO EST\u00c1GIO DE GEOPROCESSAMENTO DE DADOS 2025 - TURMA I - Corpo de Bombeiros Militar de Rond\u00f4nia","robots":{"index":"index","follow":"follow","max-snippet":"max-snippet:-1","max-image-preview":"max-image-preview:large","max-video-preview":"max-video-preview:-1"},"canonical":"https:\/\/www.cbm.ro.gov.br\/?p=4132","og_locale":"pt_BR","og_type":"article","og_title":"SOLENIDADE DE AULA INAUGURAL DO EST\u00c1GIO DE GEOPROCESSAMENTO DE DADOS 2025 - TURMA I - Corpo de Bombeiros Militar de Rond\u00f4nia","og_description":"O Corpo de Bombeiros Militar de Rond\u00f4nia (CBMRO) realizou, na manh\u00e3 desta segunda-feira (17), a solenidade de aula inaugural do Est\u00e1gio de Geoprocessamento de Dados 2025 \u2013 Turma I. O&hellip;","og_url":"https:\/\/www.cbm.ro.gov.br\/?p=4132","og_site_name":"Corpo de Bombeiros Militar de Rond\u00f4nia","article_publisher":"https:\/\/www.facebook.com\/cbmro.oficial\/","article_published_time":"2025-02-17T16:45:53+00:00","article_modified_time":"2025-02-17T16:48:21+00:00","og_image":[{"width":1920,"height":1080,"url":"https:\/\/www.cbm.ro.gov.br\/wp-content\/uploads\/2025\/02\/capa-inaugural-EGEO-1.jpg","type":"image\/jpeg"}],"author":"Diovana Castellon","twitter_card":"summary_large_image","twitter_misc":{"Escrito por":"Diovana Castellon","Est. tempo de leitura":"2 minutos"},"schema":{"@context":"https:\/\/schema.org","@graph":[{"@type":"Article","@id":"https:\/\/www.cbm.ro.gov.br\/?p=4132#article","isPartOf":{"@id":"https:\/\/www.cbm.ro.gov.br\/?p=4132"},"author":{"name":"Diovana Castellon","@id":"https:\/\/www.cbm.ro.gov.br\/#\/schema\/person\/8e7b7a65b9962de993d36cb5fca8412f"},"headline":"SOLENIDADE DE AULA INAUGURAL DO EST\u00c1GIO DE GEOPROCESSAMENTO DE DADOS 2025 &#8211; TURMA I","datePublished":"2025-02-17T16:45:53+00:00","dateModified":"2025-02-17T16:48:21+00:00","mainEntityOfPage":{"@id":"https:\/\/www.cbm.ro.gov.br\/?p=4132"},"wordCount":411,"publisher":{"@id":"https:\/\/www.cbm.ro.gov.br\/#organization"},"image":{"@id":"https:\/\/www.cbm.ro.gov.br\/?p=4132#primaryimage"},"thumbnailUrl":"https:\/\/www.cbm.ro.gov.br\/wp-content\/uploads\/2025\/02\/capa-inaugural-EGEO-1.jpg","keywords":["2025","Aula Inaugural","CBMRO","EGEO"],"articleSection":["CBMRO"],"inLanguage":"pt-BR"},{"@type":"WebPage","@id":"https:\/\/www.cbm.ro.gov.br\/?p=4132","url":"https:\/\/www.cbm.ro.gov.br\/?p=4132","name":"SOLENIDADE DE AULA INAUGURAL DO EST\u00c1GIO DE GEOPROCESSAMENTO DE DADOS 2025 - TURMA I - Corpo de Bombeiros Militar de Rond\u00f4nia","isPartOf":{"@id":"https:\/\/www.cbm.ro.gov.br\/#website"},"primaryImageOfPage":{"@id":"https:\/\/www.cbm.ro.gov.br\/?p=4132#primaryimage"},"image":{"@id":"https:\/\/www.cbm.ro.gov.br\/?p=4132#primaryimage"},"thumbnailUrl":"https:\/\/www.cbm.ro.gov.br\/wp-content\/uploads\/2025\/02\/capa-inaugural-EGEO-1.jpg","datePublished":"2025-02-17T16:45:53+00:00","dateModified":"2025-02-17T16:48:21+00:00","breadcrumb":{"@id":"https:\/\/www.cbm.ro.gov.br\/?p=4132#breadcrumb"},"inLanguage":"pt-BR","potentialAction":[{"@type":"ReadAction","target":["https:\/\/www.cbm.ro.gov.br\/?p=4132"]}]},{"@type":"ImageObject","inLanguage":"pt-BR","@id":"https:\/\/www.cbm.ro.gov.br\/?p=4132#primaryimage","url":"https:\/\/www.cbm.ro.gov.br\/wp-content\/uploads\/2025\/02\/capa-inaugural-EGEO-1.jpg","contentUrl":"https:\/\/www.cbm.ro.gov.br\/wp-content\/uploads\/2025\/02\/capa-inaugural-EGEO-1.jpg","width":1920,"height":1080},{"@type":"BreadcrumbList","@id":"https:\/\/www.cbm.ro.gov.br\/?p=4132#breadcrumb","itemListElement":[{"@type":"ListItem","position":1,"name":"In\u00edcio","item":"https:\/\/www.cbm.ro.gov.br\/"},{"@type":"ListItem","position":2,"name":"SOLENIDADE DE AULA INAUGURAL DO EST\u00c1GIO DE GEOPROCESSAMENTO DE DADOS 2025 &#8211; TURMA I"}]},{"@type":"WebSite","@id":"https:\/\/www.cbm.ro.gov.br\/#website","url":"https:\/\/www.cbm.ro.gov.br\/","name":"Corpo de Bombeiros Militar de Rond\u00f4nia","description":"Vidas alheias, riquezas salvar!","publisher":{"@id":"https:\/\/www.cbm.ro.gov.br\/#organization"},"alternateName":"cbmro","potentialAction":[{"@type":"SearchAction","target":{"@type":"EntryPoint","urlTemplate":"https:\/\/www.cbm.ro.gov.br\/?s={search_term_string}"},"query-input":{"@type":"PropertyValueSpecification","valueRequired":true,"valueName":"search_term_string"}}],"inLanguage":"pt-BR"},{"@type":"Organization","@id":"https:\/\/www.cbm.ro.gov.br\/#organization","name":"Corpo de Bombeiros Militar do Estado de Rond\u00f4nia","alternateName":"CBMRO","url":"https:\/\/www.cbm.ro.gov.br\/","logo":{"@type":"ImageObject","inLanguage":"pt-BR","@id":"https:\/\/www.cbm.ro.gov.br\/#\/schema\/logo\/image\/","url":"https:\/\/www.cbm.ro.gov.br\/wp-content\/uploads\/2023\/12\/cropped-cropped-cropped-BRASO_3D_32-1-e1724344443171.png","contentUrl":"https:\/\/www.cbm.ro.gov.br\/wp-content\/uploads\/2023\/12\/cropped-cropped-cropped-BRASO_3D_32-1-e1724344443171.png","width":446,"height":441,"caption":"Corpo de Bombeiros Militar do Estado de Rond\u00f4nia"},"image":{"@id":"https:\/\/www.cbm.ro.gov.br\/#\/schema\/logo\/image\/"},"sameAs":["https:\/\/www.facebook.com\/cbmro.oficial\/","https:\/\/www.youtube.com\/c\/CorpodeBombeirosMilitardoEstadodeRond\u00f4nia"]},{"@type":"Person","@id":"https:\/\/www.cbm.ro.gov.br\/#\/schema\/person\/8e7b7a65b9962de993d36cb5fca8412f","name":"Diovana Castellon","url":"https:\/\/www.cbm.ro.gov.br\/?author=3"}]}},"wpmagazine_modules_lite_featured_media_urls":{"thumbnail":["https:\/\/www.cbm.ro.gov.br\/wp-content\/uploads\/2025\/02\/capa-inaugural-EGEO-1-150x150.jpg",150,150,true],"cvmm-medium":["https:\/\/www.cbm.ro.gov.br\/wp-content\/uploads\/2025\/02\/capa-inaugural-EGEO-1-300x300.jpg",300,300,true],"cvmm-medium-plus":["https:\/\/www.cbm.ro.gov.br\/wp-content\/uploads\/2025\/02\/capa-inaugural-EGEO-1-305x207.jpg",305,207,true],"cvmm-portrait":["https:\/\/www.cbm.ro.gov.br\/wp-content\/uploads\/2025\/02\/capa-inaugural-EGEO-1-400x600.jpg",400,600,true],"cvmm-medium-square":["https:\/\/www.cbm.ro.gov.br\/wp-content\/uploads\/2025\/02\/capa-inaugural-EGEO-1-600x600.jpg",600,600,true],"cvmm-large":["https:\/\/www.cbm.ro.gov.br\/wp-content\/uploads\/2025\/02\/capa-inaugural-EGEO-1-1024x1024.jpg",1024,1024,true],"cvmm-small":["https:\/\/www.cbm.ro.gov.br\/wp-content\/uploads\/2025\/02\/capa-inaugural-EGEO-1-130x95.jpg",130,95,true],"full":["https:\/\/www.cbm.ro.gov.br\/wp-content\/uploads\/2025\/02\/capa-inaugural-EGEO-1.jpg",1920,1080,false]},"categories_names":{"1":{"name":"CBMRO","link":"https:\/\/www.cbm.ro.gov.br\/?cat=1"}},"tags_names":{"206":{"name":"2025","link":"https:\/\/www.cbm.ro.gov.br\/?tag=2025"},"219":{"name":"Aula Inaugural","link":"https:\/\/www.cbm.ro.gov.br\/?tag=aula-inaugural"},"13":{"name":"CBMRO","link":"https:\/\/www.cbm.ro.gov.br\/?tag=cbmro"},"220":{"name":"EGEO","link":"https:\/\/www.cbm.ro.gov.br\/?tag=egeo"}},"comments_number":"0","_links":{"self":[{"href":"https:\/\/www.cbm.ro.gov.br\/index.php?rest_route=\/wp\/v2\/posts\/4132","targetHints":{"allow":["GET"]}}],"collection":[{"href":"https:\/\/www.cbm.ro.gov.br\/index.php?rest_route=\/wp\/v2\/posts"}],"about":[{"href":"https:\/\/www.cbm.ro.gov.br\/index.php?rest_route=\/wp\/v2\/types\/post"}],"author":[{"embeddable":true,"href":"https:\/\/www.cbm.ro.gov.br\/index.php?rest_route=\/wp\/v2\/users\/3"}],"replies":[{"embeddable":true,"href":"https:\/\/www.cbm.ro.gov.br\/index.php?rest_route=%2Fwp%2Fv2%2Fcomments&post=4132"}],"version-history":[{"count":4,"href":"https:\/\/www.cbm.ro.gov.br\/index.php?rest_route=\/wp\/v2\/posts\/4132\/revisions"}],"predecessor-version":[{"id":4139,"href":"https:\/\/www.cbm.ro.gov.br\/index.php?rest_route=\/wp\/v2\/posts\/4132\/revisions\/4139"}],"wp:featuredmedia":[{"embeddable":true,"href":"https:\/\/www.cbm.ro.gov.br\/index.php?rest_route=\/wp\/v2\/media\/4133"}],"wp:attachment":[{"href":"https:\/\/www.cbm.ro.gov.br\/index.php?rest_route=%2Fwp%2Fv2%2Fmedia&parent=4132"}],"wp:term":[{"taxonomy":"category","embeddable":true,"href":"https:\/\/www.cbm.ro.gov.br\/index.php?rest_route=%2Fwp%2Fv2%2Fcategories&post=4132"},{"taxonomy":"post_tag","embeddable":true,"href":"https:\/\/www.cbm.ro.gov.br\/index.php?rest_route=%2Fwp%2Fv2%2Ftags&post=4132"}],"curies":[{"name":"wp","href":"https:\/\/api.w.org\/{rel}","templated":true}]}}