{"id":4089,"date":"2025-02-04T11:55:30","date_gmt":"2025-02-04T15:55:30","guid":{"rendered":"https:\/\/www.cbm.ro.gov.br\/?p=4089"},"modified":"2025-02-04T11:59:05","modified_gmt":"2025-02-04T15:59:05","slug":"bombeiros-militares-de-rondonia-recebem-palestras-sobre-educacao-financeira-para-melhorar-saude-emocional-e-qualidade-de-vida","status":"publish","type":"post","link":"https:\/\/www.cbm.ro.gov.br\/?p=4089","title":{"rendered":"BOMBEIROS MILITARES DE ROND\u00d4NIA RECEBEM PALESTRAS SOBRE EDUCA\u00c7\u00c3O FINANCEIRA PARA MELHORAR SA\u00daDE EMOCIONAL E QUALIDADE DE VIDA"},"content":{"rendered":"\n<p class=\"has-black-color has-text-color has-link-color wp-elements-0bc581a77b7fb7264368d5b2baa6fb46\">O Corpo de Bombeiros Militar do Estado de Rond\u00f4nia, atento \u00e0 sa\u00fade mental e ao bem-estar de seus militares, tem desenvolvido a\u00e7\u00f5es voltadas para a melhoria da qualidade de vida e o fortalecimento do equil\u00edbrio emocional da tropa. Entre as atividades realizadas, destacam-se o acolhimento psicol\u00f3gico, as rodas de conversa e as palestras, que t\u00eam identificado um ponto comum: as dificuldades financeiras enfrentadas por muitos bombeiros. Esse fator tem impactado diretamente na sa\u00fade mental dos militares, afetando tamb\u00e9m seu desempenho profissional e seu conv\u00edvio familiar.<\/p>\n\n\n\n<p class=\"has-black-color has-text-color has-link-color wp-elements-afc695cde7b5ba87feadf45d32170f39\">Considerando que a estabilidade financeira exerce grande influ\u00eancia nas rela\u00e7\u00f5es pessoais e profissionais, a educa\u00e7\u00e3o financeira surge como uma ferramenta fundamental para minimizar o estresse relacionado a quest\u00f5es financeiras, promovendo uma mente mais tranquila e equilibrada. Por essa raz\u00e3o, o CBMRO tem investido na implementa\u00e7\u00e3o de programas que visam proporcionar aos seus militares o conhecimento necess\u00e1rio para administrar suas finan\u00e7as de maneira mais eficaz.<\/p>\n\n\n\n<p class=\"has-black-color has-text-color has-link-color wp-elements-391efb9c11ba4f185f8da727bdd9bb71\">A import\u00e2ncia do bem-estar financeiro no contexto das for\u00e7as de seguran\u00e7a \u00e9 clara: para que os bombeiros possam desempenhar suas fun\u00e7\u00f5es com efic\u00e1cia e seguran\u00e7a, \u00e9 essencial que estejam n\u00e3o apenas fisicamente preparados, mas tamb\u00e9m emocionalmente est\u00e1veis. A gest\u00e3o adequada das finan\u00e7as contribui significativamente para a redu\u00e7\u00e3o de fatores estressantes, promovendo uma melhora no ambiente de trabalho e na qualidade de vida dos servidores.<\/p>\n\n\n\n<figure class=\"wp-block-image is-resized\"><img decoding=\"async\" src=\"https:\/\/lh7-rt.googleusercontent.com\/docsz\/AD_4nXegxuOynEZMq8I8X1Nz-hPH6pGEg1u_3BK6920pGVMy4bmulg4nRFiEDrcsnZD6iCsZa2maLi-nRsDkKL2Gd1hdFrS-IdfE4-hSkqzHf1-DofcyeqZAvIWx9uQ61dv_ZCeHFGKgYw?key=Xcg7pyGnwb7PN0k90CfdbGJT\" alt=\"\" style=\"width:564px\"\/><\/figure>\n\n\n\n<p class=\"has-vivid-red-color has-text-color has-link-color wp-elements-80ac9ad424a34ceb87183398777f246d\"><strong>Palestra \u201cInvestindo no Bem-Estar: Educa\u00e7\u00e3o Financeira para Fortalecer a Sa\u00fade Emocional da Tropa\u201d<\/strong><\/p>\n\n\n\n<p class=\"has-black-color has-text-color has-link-color wp-elements-751a2a6428c53cfaa96e3dcc6dbb2dc9\">Diante desse cen\u00e1rio, foi iniciado no dia 3 de fevereiro de 2025, uma s\u00e9rie de palestras sobre educa\u00e7\u00e3o financeira, intitulada \u201cInvestindo no Bem-Estar: Educa\u00e7\u00e3o Financeira para Fortalecer a Sa\u00fade Emocional da Tropa\u201d. A a\u00e7\u00e3o tem como objetivo promover a reflex\u00e3o sobre a import\u00e2ncia da educa\u00e7\u00e3o financeira, al\u00e9m de fortalecer a sa\u00fade emocional e criar uma cultura de responsabilidade financeira entre os militares.<\/p>\n\n\n\n<p class=\"has-black-color has-text-color has-link-color wp-elements-1ff3e630cebf13b8ebdae6e4c9d187c3\">As palestras est\u00e3o sendo ministradas por Enoque do Carmo, empres\u00e1rio e consultor com vasta experi\u00eancia na \u00e1rea de gest\u00e3o empresarial e terapia financeira. Formado em Administra\u00e7\u00e3o e com MBA em Gest\u00e3o Empresarial, Enoque possui expertise em auxiliar indiv\u00edduos e empresas a alcan\u00e7ar equil\u00edbrio financeiro e emocional, e tem como miss\u00e3o proporcionar aos bombeiros ferramentas que ajudem a melhorar sua organiza\u00e7\u00e3o financeira, reduzindo o estresse gerado pela falta de planejamento.<\/p>\n\n\n\n<p class=\"has-black-color has-text-color has-link-color wp-elements-226a91dac3124a1a68342697f10a24e9\">A programa\u00e7\u00e3o est\u00e1 sendo realizada no Audit\u00f3rio do SEBRAE em Porto Velho e re\u00fane militares de diversas unidades do CBMRO&nbsp; da capital&nbsp; e tamb\u00e9m do munic\u00edpio de Candeias do Jamari. Al\u00e9m disso, a a\u00e7\u00e3o tem continuidade no dia 5 de fevereiro de 2025, com mais sess\u00f5es para os militares. A iniciativa, que conta com o apoio da institui\u00e7\u00e3o, visa proporcionar aos bombeiros uma vis\u00e3o mais ampla sobre como a educa\u00e7\u00e3o financeira pode impactar diretamente na qualidade de vida, no ambiente de trabalho e na sa\u00fade emocional de toda a corpora\u00e7\u00e3o.<\/p>\n\n\n\n<p class=\"has-black-color has-text-color has-link-color wp-elements-7b255e6acc37fe079e9edccd206414e6\">Com essa a\u00e7\u00e3o, a institui\u00e7\u00e3o busca n\u00e3o apenas melhorar a gest\u00e3o das finan\u00e7as pessoais dos seus militares, mas tamb\u00e9m fortalecer os pilares do bem-estar emocional, essencial para a execu\u00e7\u00e3o das fun\u00e7\u00f5es com excel\u00eancia e seguran\u00e7a.<\/p>\n\n\n\n<figure class=\"wp-block-image is-resized\"><img decoding=\"async\" src=\"https:\/\/lh7-rt.googleusercontent.com\/docsz\/AD_4nXeVWQlPHQL3xbSeYIk6-laOJGlmQj2io4ejbgWGnX6KeSEklzMzPzfrtfBKrwM2sCbOHgCr3vEkHnfQIvwo6AlwOg9-Hk8M044xJgkIftW6NaeBpXemAchuG_WX5N7OBahCGR3G5A?key=Xcg7pyGnwb7PN0k90CfdbGJT\" alt=\"\" style=\"width:564px;height:auto\"\/><\/figure>\n\n\n\n<p class=\"has-vivid-red-color has-text-color has-link-color wp-elements-d4727fcf6dcca36e7977c1da7cab7a2c\"><strong>Mais que uma necessidade, um investimento no bem-estar coletivo<\/strong><\/p>\n\n\n\n<p class=\"has-black-color has-text-color has-link-color wp-elements-756fe9ab5fa123fd9495cd5572560629\">O apoio \u00e0 sa\u00fade mental e ao equil\u00edbrio financeiro dos bombeiros \u00e9 uma prioridade da corpora\u00e7\u00e3o, que reconhece a import\u00e2ncia de atender \u00e0s diversas dimens\u00f5es que impactam a vida de seus servidores. A\u00e7\u00f5es como essas s\u00e3o fundamentais para garantir que os bombeiros, al\u00e9m de estarem preparados fisicamente para o combate ao fogo, tamb\u00e9m possam lidar com as adversidades do cotidiano com a tranquilidade e o foco necess\u00e1rios para desempenharem suas fun\u00e7\u00f5es com efici\u00eancia.<\/p>\n\n\n\n<p class=\"has-black-color has-text-color has-link-color wp-elements-d0cc82f9352a1937041706266e935cfb\">A educa\u00e7\u00e3o financeira, como estrat\u00e9gia de apoio \u00e0 sa\u00fade emocional, fortalece a tropa e contribui diretamente para a manuten\u00e7\u00e3o do bem-estar no ambiente de trabalho e familiar, promovendo uma corpora\u00e7\u00e3o mais forte, unida e preparada para enfrentar os desafios do dia a dia.&nbsp;<\/p>\n\n\n\n<figure class=\"wp-block-image is-resized\"><img decoding=\"async\" src=\"https:\/\/lh7-rt.googleusercontent.com\/docsz\/AD_4nXfEK-ZotAuqdDnsOh-tU5FDFpoDSurpMWHAwzKRgk8jBhM7le8uOv684k5zaRjEfUI4SDR7jLWdQZ-zHH2F4d6uACRougHpnjUHevhyUagHcy6-QIoZUj3kVyO1EM6O802rvf1COA?key=Xcg7pyGnwb7PN0k90CfdbGJT\" alt=\"\" style=\"width:797px;height:auto\"\/><\/figure>\n\n\n\n<p><\/p>\n","protected":false},"excerpt":{"rendered":"<p>O Corpo de Bombeiros Militar do Estado de Rond\u00f4nia, atento \u00e0 sa\u00fade mental e ao bem-estar de seus militares, tem desenvolvido a\u00e7\u00f5es voltadas para a melhoria da qualidade de vida&hellip;<\/p>\n","protected":false},"author":5,"featured_media":4090,"comment_status":"closed","ping_status":"open","sticky":false,"template":"","format":"standard","meta":{"footnotes":""},"categories":[1,6],"tags":[13,210,86,211,38,209],"class_list":["post-4089","post","type-post","status-publish","format-standard","has-post-thumbnail","hentry","category-cbmro","category-eventos","tag-cbmro","tag-financas","tag-governoderondonia","tag-inteligenciaemocional","tag-palestra","tag-sebrae"],"yoast_head":"<!-- This site is optimized with the Yoast SEO plugin v23.7 - https:\/\/yoast.com\/wordpress\/plugins\/seo\/ -->\n<title>BOMBEIROS MILITARES DE ROND\u00d4NIA RECEBEM PALESTRAS SOBRE EDUCA\u00c7\u00c3O FINANCEIRA PARA MELHORAR SA\u00daDE EMOCIONAL E QUALIDADE DE VIDA - Corpo de Bombeiros Militar de Rond\u00f4nia<\/title>\n<meta name=\"description\" content=\"foi iniciado no dia 3 de fevereiro de 2025, uma s\u00e9rie de palestras sobre educa\u00e7\u00e3o financeira, intitulada \u201cInvestindo no Bem-Estar: Educa\u00e7\u00e3o Financeira para Fortalecer a Sa\u00fade Emocional da Tropa\u201d. A a\u00e7\u00e3o tem como objetivo promover a reflex\u00e3o sobre a import\u00e2ncia da educa\u00e7\u00e3o financeira, al\u00e9m de fortalecer a sa\u00fade emocional e criar uma cultura de responsabilidade financeira entre os militares.\" \/>\n<meta name=\"robots\" content=\"index, follow, max-snippet:-1, max-image-preview:large, max-video-preview:-1\" \/>\n<link rel=\"canonical\" href=\"https:\/\/www.cbm.ro.gov.br\/?p=4089\" \/>\n<meta property=\"og:locale\" content=\"pt_BR\" \/>\n<meta property=\"og:type\" content=\"article\" \/>\n<meta property=\"og:title\" content=\"BOMBEIROS MILITARES DE ROND\u00d4NIA RECEBEM PALESTRAS SOBRE EDUCA\u00c7\u00c3O FINANCEIRA PARA MELHORAR SA\u00daDE EMOCIONAL E QUALIDADE DE VIDA - Corpo de Bombeiros Militar de Rond\u00f4nia\" \/>\n<meta property=\"og:description\" content=\"foi iniciado no dia 3 de fevereiro de 2025, uma s\u00e9rie de palestras sobre educa\u00e7\u00e3o financeira, intitulada \u201cInvestindo no Bem-Estar: Educa\u00e7\u00e3o Financeira para Fortalecer a Sa\u00fade Emocional da Tropa\u201d. A a\u00e7\u00e3o tem como objetivo promover a reflex\u00e3o sobre a import\u00e2ncia da educa\u00e7\u00e3o financeira, al\u00e9m de fortalecer a sa\u00fade emocional e criar uma cultura de responsabilidade financeira entre os militares.\" \/>\n<meta property=\"og:url\" content=\"https:\/\/www.cbm.ro.gov.br\/?p=4089\" \/>\n<meta property=\"og:site_name\" content=\"Corpo de Bombeiros Militar de Rond\u00f4nia\" \/>\n<meta property=\"article:publisher\" content=\"https:\/\/www.facebook.com\/cbmro.oficial\/\" \/>\n<meta property=\"article:published_time\" content=\"2025-02-04T15:55:30+00:00\" \/>\n<meta property=\"article:modified_time\" content=\"2025-02-04T15:59:05+00:00\" \/>\n<meta property=\"og:image\" content=\"https:\/\/www.cbm.ro.gov.br\/wp-content\/uploads\/2025\/02\/capa-da-materia-scaled.jpg\" \/>\n\t<meta property=\"og:image:width\" content=\"2560\" \/>\n\t<meta property=\"og:image:height\" content=\"1638\" \/>\n\t<meta property=\"og:image:type\" content=\"image\/jpeg\" \/>\n<meta name=\"author\" content=\"Marcos Barros\" \/>\n<meta name=\"twitter:card\" content=\"summary_large_image\" \/>\n<meta name=\"twitter:label1\" content=\"Escrito por\" \/>\n\t<meta name=\"twitter:data1\" content=\"Marcos Barros\" \/>\n\t<meta name=\"twitter:label2\" content=\"Est. tempo de leitura\" \/>\n\t<meta name=\"twitter:data2\" content=\"3 minutos\" \/>\n<script type=\"application\/ld+json\" class=\"yoast-schema-graph\">{\"@context\":\"https:\/\/schema.org\",\"@graph\":[{\"@type\":\"Article\",\"@id\":\"https:\/\/www.cbm.ro.gov.br\/?p=4089#article\",\"isPartOf\":{\"@id\":\"https:\/\/www.cbm.ro.gov.br\/?p=4089\"},\"author\":{\"name\":\"Marcos Barros\",\"@id\":\"https:\/\/www.cbm.ro.gov.br\/#\/schema\/person\/b035b7e269aef4233e9514c2751917c5\"},\"headline\":\"BOMBEIROS MILITARES DE ROND\u00d4NIA RECEBEM PALESTRAS SOBRE EDUCA\u00c7\u00c3O FINANCEIRA PARA MELHORAR SA\u00daDE EMOCIONAL E QUALIDADE DE VIDA\",\"datePublished\":\"2025-02-04T15:55:30+00:00\",\"dateModified\":\"2025-02-04T15:59:05+00:00\",\"mainEntityOfPage\":{\"@id\":\"https:\/\/www.cbm.ro.gov.br\/?p=4089\"},\"wordCount\":713,\"publisher\":{\"@id\":\"https:\/\/www.cbm.ro.gov.br\/#organization\"},\"image\":{\"@id\":\"https:\/\/www.cbm.ro.gov.br\/?p=4089#primaryimage\"},\"thumbnailUrl\":\"https:\/\/www.cbm.ro.gov.br\/wp-content\/uploads\/2025\/02\/capa-da-materia-scaled.jpg\",\"keywords\":[\"CBMRO\",\"FINAN\u00c7AS\",\"GOVERNODERONDONIA\",\"INTELIGENCIAEMOCIONAL\",\"Palestra\",\"SEBRAE\"],\"articleSection\":[\"CBMRO\",\"Eventos\"],\"inLanguage\":\"pt-BR\"},{\"@type\":\"WebPage\",\"@id\":\"https:\/\/www.cbm.ro.gov.br\/?p=4089\",\"url\":\"https:\/\/www.cbm.ro.gov.br\/?p=4089\",\"name\":\"BOMBEIROS MILITARES DE ROND\u00d4NIA RECEBEM PALESTRAS SOBRE EDUCA\u00c7\u00c3O FINANCEIRA PARA MELHORAR SA\u00daDE EMOCIONAL E QUALIDADE DE VIDA - Corpo de Bombeiros Militar de Rond\u00f4nia\",\"isPartOf\":{\"@id\":\"https:\/\/www.cbm.ro.gov.br\/#website\"},\"primaryImageOfPage\":{\"@id\":\"https:\/\/www.cbm.ro.gov.br\/?p=4089#primaryimage\"},\"image\":{\"@id\":\"https:\/\/www.cbm.ro.gov.br\/?p=4089#primaryimage\"},\"thumbnailUrl\":\"https:\/\/www.cbm.ro.gov.br\/wp-content\/uploads\/2025\/02\/capa-da-materia-scaled.jpg\",\"datePublished\":\"2025-02-04T15:55:30+00:00\",\"dateModified\":\"2025-02-04T15:59:05+00:00\",\"description\":\"foi iniciado no dia 3 de fevereiro de 2025, uma s\u00e9rie de palestras sobre educa\u00e7\u00e3o financeira, intitulada \u201cInvestindo no Bem-Estar: Educa\u00e7\u00e3o Financeira para Fortalecer a Sa\u00fade Emocional da Tropa\u201d. A a\u00e7\u00e3o tem como objetivo promover a reflex\u00e3o sobre a import\u00e2ncia da educa\u00e7\u00e3o financeira, al\u00e9m de fortalecer a sa\u00fade emocional e criar uma cultura de responsabilidade financeira entre os militares.\",\"breadcrumb\":{\"@id\":\"https:\/\/www.cbm.ro.gov.br\/?p=4089#breadcrumb\"},\"inLanguage\":\"pt-BR\",\"potentialAction\":[{\"@type\":\"ReadAction\",\"target\":[\"https:\/\/www.cbm.ro.gov.br\/?p=4089\"]}]},{\"@type\":\"ImageObject\",\"inLanguage\":\"pt-BR\",\"@id\":\"https:\/\/www.cbm.ro.gov.br\/?p=4089#primaryimage\",\"url\":\"https:\/\/www.cbm.ro.gov.br\/wp-content\/uploads\/2025\/02\/capa-da-materia-scaled.jpg\",\"contentUrl\":\"https:\/\/www.cbm.ro.gov.br\/wp-content\/uploads\/2025\/02\/capa-da-materia-scaled.jpg\",\"width\":2560,\"height\":1638},{\"@type\":\"BreadcrumbList\",\"@id\":\"https:\/\/www.cbm.ro.gov.br\/?p=4089#breadcrumb\",\"itemListElement\":[{\"@type\":\"ListItem\",\"position\":1,\"name\":\"In\u00edcio\",\"item\":\"https:\/\/www.cbm.ro.gov.br\/\"},{\"@type\":\"ListItem\",\"position\":2,\"name\":\"BOMBEIROS MILITARES DE ROND\u00d4NIA RECEBEM PALESTRAS SOBRE EDUCA\u00c7\u00c3O FINANCEIRA PARA MELHORAR SA\u00daDE EMOCIONAL E QUALIDADE DE VIDA\"}]},{\"@type\":\"WebSite\",\"@id\":\"https:\/\/www.cbm.ro.gov.br\/#website\",\"url\":\"https:\/\/www.cbm.ro.gov.br\/\",\"name\":\"Corpo de Bombeiros Militar de Rond\u00f4nia\",\"description\":\"Vidas alheias, riquezas salvar!\",\"publisher\":{\"@id\":\"https:\/\/www.cbm.ro.gov.br\/#organization\"},\"alternateName\":\"cbmro\",\"potentialAction\":[{\"@type\":\"SearchAction\",\"target\":{\"@type\":\"EntryPoint\",\"urlTemplate\":\"https:\/\/www.cbm.ro.gov.br\/?s={search_term_string}\"},\"query-input\":{\"@type\":\"PropertyValueSpecification\",\"valueRequired\":true,\"valueName\":\"search_term_string\"}}],\"inLanguage\":\"pt-BR\"},{\"@type\":\"Organization\",\"@id\":\"https:\/\/www.cbm.ro.gov.br\/#organization\",\"name\":\"Corpo de Bombeiros Militar do Estado de Rond\u00f4nia\",\"alternateName\":\"CBMRO\",\"url\":\"https:\/\/www.cbm.ro.gov.br\/\",\"logo\":{\"@type\":\"ImageObject\",\"inLanguage\":\"pt-BR\",\"@id\":\"https:\/\/www.cbm.ro.gov.br\/#\/schema\/logo\/image\/\",\"url\":\"https:\/\/www.cbm.ro.gov.br\/wp-content\/uploads\/2023\/12\/cropped-cropped-cropped-BRASO_3D_32-1-e1724344443171.png\",\"contentUrl\":\"https:\/\/www.cbm.ro.gov.br\/wp-content\/uploads\/2023\/12\/cropped-cropped-cropped-BRASO_3D_32-1-e1724344443171.png\",\"width\":446,\"height\":441,\"caption\":\"Corpo de Bombeiros Militar do Estado de Rond\u00f4nia\"},\"image\":{\"@id\":\"https:\/\/www.cbm.ro.gov.br\/#\/schema\/logo\/image\/\"},\"sameAs\":[\"https:\/\/www.facebook.com\/cbmro.oficial\/\",\"https:\/\/www.youtube.com\/c\/CorpodeBombeirosMilitardoEstadodeRond\u00f4nia\"]},{\"@type\":\"Person\",\"@id\":\"https:\/\/www.cbm.ro.gov.br\/#\/schema\/person\/b035b7e269aef4233e9514c2751917c5\",\"name\":\"Marcos Barros\",\"sameAs\":[\"http:\/\/10.210.0.90\/wp-admin\/post.php?post=2688&amp;action=edit\"],\"url\":\"https:\/\/www.cbm.ro.gov.br\/?author=5\"}]}<\/script>\n<!-- \/ Yoast SEO plugin. -->","yoast_head_json":{"title":"BOMBEIROS MILITARES DE ROND\u00d4NIA RECEBEM PALESTRAS SOBRE EDUCA\u00c7\u00c3O FINANCEIRA PARA MELHORAR SA\u00daDE EMOCIONAL E QUALIDADE DE VIDA - Corpo de Bombeiros Militar de Rond\u00f4nia","description":"foi iniciado no dia 3 de fevereiro de 2025, uma s\u00e9rie de palestras sobre educa\u00e7\u00e3o financeira, intitulada \u201cInvestindo no Bem-Estar: Educa\u00e7\u00e3o Financeira para Fortalecer a Sa\u00fade Emocional da Tropa\u201d. A a\u00e7\u00e3o tem como objetivo promover a reflex\u00e3o sobre a import\u00e2ncia da educa\u00e7\u00e3o financeira, al\u00e9m de fortalecer a sa\u00fade emocional e criar uma cultura de responsabilidade financeira entre os militares.","robots":{"index":"index","follow":"follow","max-snippet":"max-snippet:-1","max-image-preview":"max-image-preview:large","max-video-preview":"max-video-preview:-1"},"canonical":"https:\/\/www.cbm.ro.gov.br\/?p=4089","og_locale":"pt_BR","og_type":"article","og_title":"BOMBEIROS MILITARES DE ROND\u00d4NIA RECEBEM PALESTRAS SOBRE EDUCA\u00c7\u00c3O FINANCEIRA PARA MELHORAR SA\u00daDE EMOCIONAL E QUALIDADE DE VIDA - Corpo de Bombeiros Militar de Rond\u00f4nia","og_description":"foi iniciado no dia 3 de fevereiro de 2025, uma s\u00e9rie de palestras sobre educa\u00e7\u00e3o financeira, intitulada \u201cInvestindo no Bem-Estar: Educa\u00e7\u00e3o Financeira para Fortalecer a Sa\u00fade Emocional da Tropa\u201d. A a\u00e7\u00e3o tem como objetivo promover a reflex\u00e3o sobre a import\u00e2ncia da educa\u00e7\u00e3o financeira, al\u00e9m de fortalecer a sa\u00fade emocional e criar uma cultura de responsabilidade financeira entre os militares.","og_url":"https:\/\/www.cbm.ro.gov.br\/?p=4089","og_site_name":"Corpo de Bombeiros Militar de Rond\u00f4nia","article_publisher":"https:\/\/www.facebook.com\/cbmro.oficial\/","article_published_time":"2025-02-04T15:55:30+00:00","article_modified_time":"2025-02-04T15:59:05+00:00","og_image":[{"width":2560,"height":1638,"url":"https:\/\/www.cbm.ro.gov.br\/wp-content\/uploads\/2025\/02\/capa-da-materia-scaled.jpg","type":"image\/jpeg"}],"author":"Marcos Barros","twitter_card":"summary_large_image","twitter_misc":{"Escrito por":"Marcos Barros","Est. tempo de leitura":"3 minutos"},"schema":{"@context":"https:\/\/schema.org","@graph":[{"@type":"Article","@id":"https:\/\/www.cbm.ro.gov.br\/?p=4089#article","isPartOf":{"@id":"https:\/\/www.cbm.ro.gov.br\/?p=4089"},"author":{"name":"Marcos Barros","@id":"https:\/\/www.cbm.ro.gov.br\/#\/schema\/person\/b035b7e269aef4233e9514c2751917c5"},"headline":"BOMBEIROS MILITARES DE ROND\u00d4NIA RECEBEM PALESTRAS SOBRE EDUCA\u00c7\u00c3O FINANCEIRA PARA MELHORAR SA\u00daDE EMOCIONAL E QUALIDADE DE VIDA","datePublished":"2025-02-04T15:55:30+00:00","dateModified":"2025-02-04T15:59:05+00:00","mainEntityOfPage":{"@id":"https:\/\/www.cbm.ro.gov.br\/?p=4089"},"wordCount":713,"publisher":{"@id":"https:\/\/www.cbm.ro.gov.br\/#organization"},"image":{"@id":"https:\/\/www.cbm.ro.gov.br\/?p=4089#primaryimage"},"thumbnailUrl":"https:\/\/www.cbm.ro.gov.br\/wp-content\/uploads\/2025\/02\/capa-da-materia-scaled.jpg","keywords":["CBMRO","FINAN\u00c7AS","GOVERNODERONDONIA","INTELIGENCIAEMOCIONAL","Palestra","SEBRAE"],"articleSection":["CBMRO","Eventos"],"inLanguage":"pt-BR"},{"@type":"WebPage","@id":"https:\/\/www.cbm.ro.gov.br\/?p=4089","url":"https:\/\/www.cbm.ro.gov.br\/?p=4089","name":"BOMBEIROS MILITARES DE ROND\u00d4NIA RECEBEM PALESTRAS SOBRE EDUCA\u00c7\u00c3O FINANCEIRA PARA MELHORAR SA\u00daDE EMOCIONAL E QUALIDADE DE VIDA - Corpo de Bombeiros Militar de Rond\u00f4nia","isPartOf":{"@id":"https:\/\/www.cbm.ro.gov.br\/#website"},"primaryImageOfPage":{"@id":"https:\/\/www.cbm.ro.gov.br\/?p=4089#primaryimage"},"image":{"@id":"https:\/\/www.cbm.ro.gov.br\/?p=4089#primaryimage"},"thumbnailUrl":"https:\/\/www.cbm.ro.gov.br\/wp-content\/uploads\/2025\/02\/capa-da-materia-scaled.jpg","datePublished":"2025-02-04T15:55:30+00:00","dateModified":"2025-02-04T15:59:05+00:00","description":"foi iniciado no dia 3 de fevereiro de 2025, uma s\u00e9rie de palestras sobre educa\u00e7\u00e3o financeira, intitulada \u201cInvestindo no Bem-Estar: Educa\u00e7\u00e3o Financeira para Fortalecer a Sa\u00fade Emocional da Tropa\u201d. A a\u00e7\u00e3o tem como objetivo promover a reflex\u00e3o sobre a import\u00e2ncia da educa\u00e7\u00e3o financeira, al\u00e9m de fortalecer a sa\u00fade emocional e criar uma cultura de responsabilidade financeira entre os militares.","breadcrumb":{"@id":"https:\/\/www.cbm.ro.gov.br\/?p=4089#breadcrumb"},"inLanguage":"pt-BR","potentialAction":[{"@type":"ReadAction","target":["https:\/\/www.cbm.ro.gov.br\/?p=4089"]}]},{"@type":"ImageObject","inLanguage":"pt-BR","@id":"https:\/\/www.cbm.ro.gov.br\/?p=4089#primaryimage","url":"https:\/\/www.cbm.ro.gov.br\/wp-content\/uploads\/2025\/02\/capa-da-materia-scaled.jpg","contentUrl":"https:\/\/www.cbm.ro.gov.br\/wp-content\/uploads\/2025\/02\/capa-da-materia-scaled.jpg","width":2560,"height":1638},{"@type":"BreadcrumbList","@id":"https:\/\/www.cbm.ro.gov.br\/?p=4089#breadcrumb","itemListElement":[{"@type":"ListItem","position":1,"name":"In\u00edcio","item":"https:\/\/www.cbm.ro.gov.br\/"},{"@type":"ListItem","position":2,"name":"BOMBEIROS MILITARES DE ROND\u00d4NIA RECEBEM PALESTRAS SOBRE EDUCA\u00c7\u00c3O FINANCEIRA PARA MELHORAR SA\u00daDE EMOCIONAL E QUALIDADE DE VIDA"}]},{"@type":"WebSite","@id":"https:\/\/www.cbm.ro.gov.br\/#website","url":"https:\/\/www.cbm.ro.gov.br\/","name":"Corpo de Bombeiros Militar de Rond\u00f4nia","description":"Vidas alheias, riquezas salvar!","publisher":{"@id":"https:\/\/www.cbm.ro.gov.br\/#organization"},"alternateName":"cbmro","potentialAction":[{"@type":"SearchAction","target":{"@type":"EntryPoint","urlTemplate":"https:\/\/www.cbm.ro.gov.br\/?s={search_term_string}"},"query-input":{"@type":"PropertyValueSpecification","valueRequired":true,"valueName":"search_term_string"}}],"inLanguage":"pt-BR"},{"@type":"Organization","@id":"https:\/\/www.cbm.ro.gov.br\/#organization","name":"Corpo de Bombeiros Militar do Estado de Rond\u00f4nia","alternateName":"CBMRO","url":"https:\/\/www.cbm.ro.gov.br\/","logo":{"@type":"ImageObject","inLanguage":"pt-BR","@id":"https:\/\/www.cbm.ro.gov.br\/#\/schema\/logo\/image\/","url":"https:\/\/www.cbm.ro.gov.br\/wp-content\/uploads\/2023\/12\/cropped-cropped-cropped-BRASO_3D_32-1-e1724344443171.png","contentUrl":"https:\/\/www.cbm.ro.gov.br\/wp-content\/uploads\/2023\/12\/cropped-cropped-cropped-BRASO_3D_32-1-e1724344443171.png","width":446,"height":441,"caption":"Corpo de Bombeiros Militar do Estado de Rond\u00f4nia"},"image":{"@id":"https:\/\/www.cbm.ro.gov.br\/#\/schema\/logo\/image\/"},"sameAs":["https:\/\/www.facebook.com\/cbmro.oficial\/","https:\/\/www.youtube.com\/c\/CorpodeBombeirosMilitardoEstadodeRond\u00f4nia"]},{"@type":"Person","@id":"https:\/\/www.cbm.ro.gov.br\/#\/schema\/person\/b035b7e269aef4233e9514c2751917c5","name":"Marcos Barros","sameAs":["http:\/\/10.210.0.90\/wp-admin\/post.php?post=2688&amp;action=edit"],"url":"https:\/\/www.cbm.ro.gov.br\/?author=5"}]}},"wpmagazine_modules_lite_featured_media_urls":{"thumbnail":["https:\/\/www.cbm.ro.gov.br\/wp-content\/uploads\/2025\/02\/capa-da-materia-150x150.jpg",150,150,true],"cvmm-medium":["https:\/\/www.cbm.ro.gov.br\/wp-content\/uploads\/2025\/02\/capa-da-materia-300x300.jpg",300,300,true],"cvmm-medium-plus":["https:\/\/www.cbm.ro.gov.br\/wp-content\/uploads\/2025\/02\/capa-da-materia-305x207.jpg",305,207,true],"cvmm-portrait":["https:\/\/www.cbm.ro.gov.br\/wp-content\/uploads\/2025\/02\/capa-da-materia-400x600.jpg",400,600,true],"cvmm-medium-square":["https:\/\/www.cbm.ro.gov.br\/wp-content\/uploads\/2025\/02\/capa-da-materia-600x600.jpg",600,600,true],"cvmm-large":["https:\/\/www.cbm.ro.gov.br\/wp-content\/uploads\/2025\/02\/capa-da-materia-1024x1024.jpg",1024,1024,true],"cvmm-small":["https:\/\/www.cbm.ro.gov.br\/wp-content\/uploads\/2025\/02\/capa-da-materia-130x95.jpg",130,95,true],"full":["https:\/\/www.cbm.ro.gov.br\/wp-content\/uploads\/2025\/02\/capa-da-materia-scaled.jpg",2560,1638,false]},"categories_names":{"1":{"name":"CBMRO","link":"https:\/\/www.cbm.ro.gov.br\/?cat=1"},"6":{"name":"Eventos","link":"https:\/\/www.cbm.ro.gov.br\/?cat=6"}},"tags_names":{"13":{"name":"CBMRO","link":"https:\/\/www.cbm.ro.gov.br\/?tag=cbmro"},"210":{"name":"FINAN\u00c7AS","link":"https:\/\/www.cbm.ro.gov.br\/?tag=financas"},"86":{"name":"GOVERNODERONDONIA","link":"https:\/\/www.cbm.ro.gov.br\/?tag=governoderondonia"},"211":{"name":"INTELIGENCIAEMOCIONAL","link":"https:\/\/www.cbm.ro.gov.br\/?tag=inteligenciaemocional"},"38":{"name":"Palestra","link":"https:\/\/www.cbm.ro.gov.br\/?tag=palestra"},"209":{"name":"SEBRAE","link":"https:\/\/www.cbm.ro.gov.br\/?tag=sebrae"}},"comments_number":"0","_links":{"self":[{"href":"https:\/\/www.cbm.ro.gov.br\/index.php?rest_route=\/wp\/v2\/posts\/4089","targetHints":{"allow":["GET"]}}],"collection":[{"href":"https:\/\/www.cbm.ro.gov.br\/index.php?rest_route=\/wp\/v2\/posts"}],"about":[{"href":"https:\/\/www.cbm.ro.gov.br\/index.php?rest_route=\/wp\/v2\/types\/post"}],"author":[{"embeddable":true,"href":"https:\/\/www.cbm.ro.gov.br\/index.php?rest_route=\/wp\/v2\/users\/5"}],"replies":[{"embeddable":true,"href":"https:\/\/www.cbm.ro.gov.br\/index.php?rest_route=%2Fwp%2Fv2%2Fcomments&post=4089"}],"version-history":[{"count":2,"href":"https:\/\/www.cbm.ro.gov.br\/index.php?rest_route=\/wp\/v2\/posts\/4089\/revisions"}],"predecessor-version":[{"id":4092,"href":"https:\/\/www.cbm.ro.gov.br\/index.php?rest_route=\/wp\/v2\/posts\/4089\/revisions\/4092"}],"wp:featuredmedia":[{"embeddable":true,"href":"https:\/\/www.cbm.ro.gov.br\/index.php?rest_route=\/wp\/v2\/media\/4090"}],"wp:attachment":[{"href":"https:\/\/www.cbm.ro.gov.br\/index.php?rest_route=%2Fwp%2Fv2%2Fmedia&parent=4089"}],"wp:term":[{"taxonomy":"category","embeddable":true,"href":"https:\/\/www.cbm.ro.gov.br\/index.php?rest_route=%2Fwp%2Fv2%2Fcategories&post=4089"},{"taxonomy":"post_tag","embeddable":true,"href":"https:\/\/www.cbm.ro.gov.br\/index.php?rest_route=%2Fwp%2Fv2%2Ftags&post=4089"}],"curies":[{"name":"wp","href":"https:\/\/api.w.org\/{rel}","templated":true}]}}