{"id":4055,"date":"2025-01-29T09:27:36","date_gmt":"2025-01-29T13:27:36","guid":{"rendered":"https:\/\/www.cbm.ro.gov.br\/?p=4055"},"modified":"2025-01-29T09:29:19","modified_gmt":"2025-01-29T13:29:19","slug":"colegio-militar-dom-pedro-ii-unidade-ii-vilhena-publica-instrumento-convocatorio-para-candidatos-do-cadastro-reserva-referente-ao-ano-letivo-de-2025","status":"publish","type":"post","link":"https:\/\/www.cbm.ro.gov.br\/?p=4055","title":{"rendered":"COL\u00c9GIO MILITAR DOM PEDRO II \u2013 Unidade II -VILHENA PUBLICA INSTRUMENTO CONVOCAT\u00d3RIO PARA CANDIDATOS DO CADASTRO RESERVA REFERENTE AO ANO LETIVO DE 2025"},"content":{"rendered":"\n<p class=\"has-black-color has-text-color has-link-color wp-elements-0caf6536e31063794b7f6339310d222d\">A DIRETORA GERAL DO COL\u00c9GIO MILITAR DOM PEDRO II &#8211; Unidade II, no uso de suas atribui\u00e7\u00f5es legais,&nbsp;<strong>CONVOCA<\/strong>&nbsp;os respons\u00e1veis pelos candidatos do cadastro reserva para o preenchimento das vagas do 7\u00ba, 8\u00ba e 9\u00ba ano do Ensino Fundamental II, referente ao ano letivo de 2025, conforme o Edital&nbsp;<strong>n\u00ba 1\/2024\/CBM-CDPII2DIR,&nbsp;<\/strong>para a apresenta\u00e7\u00e3o e entrega da documenta\u00e7\u00e3o necess\u00e1ria, a comparecerem na secretaria do Col\u00e9gio para fins de efetiva\u00e7\u00e3o da matr\u00edcula, no per\u00edodo de<strong>&nbsp;28\/01\/2025 A 30\/01\/2025,&nbsp;<\/strong>como segue abaixo:<\/p>\n\n\n\n<div data-wp-interactive=\"core\/file\" class=\"wp-block-file aligncenter\"><object data-wp-bind--hidden=\"!state.hasPdfPreview\" hidden class=\"wp-block-file__embed\" data=\"https:\/\/www.cbm.ro.gov.br\/wp-content\/uploads\/2025\/01\/SEI_0056821851_2-convocacao-cadastro-reserva-2.pdf\" type=\"application\/pdf\" style=\"width:100%;height:600px\" aria-label=\"Incorporado de SEI_0056821851_2-convocacao-cadastro-reserva.\"><\/object><a id=\"wp-block-file--media-72223044-a4ba-4f07-ac34-f890c4e073a0\" href=\"https:\/\/www.cbm.ro.gov.br\/wp-content\/uploads\/2025\/01\/SEI_0056821851_2-convocacao-cadastro-reserva-2.pdf\" target=\"_blank\" rel=\"noreferrer noopener\">SEI_0056821851_2-convocacao-cadastro-reserva<\/a><a href=\"https:\/\/www.cbm.ro.gov.br\/wp-content\/uploads\/2025\/01\/SEI_0056821851_2-convocacao-cadastro-reserva-2.pdf\" class=\"wp-block-file__button wp-element-button\" download aria-describedby=\"wp-block-file--media-72223044-a4ba-4f07-ac34-f890c4e073a0\">Baixar<\/a><\/div>\n\n\n\n<p><\/p>\n","protected":false},"excerpt":{"rendered":"<p>A DIRETORA GERAL DO COL\u00c9GIO MILITAR DOM PEDRO II &#8211; Unidade II, no uso de suas atribui\u00e7\u00f5es legais,&nbsp;CONVOCA&nbsp;os respons\u00e1veis pelos candidatos do cadastro reserva para o preenchimento das vagas do&hellip;<\/p>\n","protected":false},"author":3,"featured_media":3432,"comment_status":"closed","ping_status":"open","sticky":false,"template":"","format":"standard","meta":{"footnotes":""},"categories":[8,1,69],"tags":[206,13,205,37,202,195],"class_list":["post-4055","post","type-post","status-publish","format-standard","has-post-thumbnail","hentry","category-bombeiromirim","category-cbmro","category-edital","tag-206","tag-cbmro","tag-colegiodompedroii-unidade-2","tag-edital","tag-instrumentoconvocatorio","tag-vilhena"],"yoast_head":"<!-- This site is optimized with the Yoast SEO plugin v23.7 - https:\/\/yoast.com\/wordpress\/plugins\/seo\/ -->\n<title>COL\u00c9GIO MILITAR DOM PEDRO II \u2013 Unidade II -VILHENA PUBLICA INSTRUMENTO CONVOCAT\u00d3RIO PARA CANDIDATOS DO CADASTRO RESERVA REFERENTE AO ANO LETIVO DE 2025 - Corpo de Bombeiros Militar de Rond\u00f4nia<\/title>\n<meta name=\"robots\" content=\"index, follow, max-snippet:-1, max-image-preview:large, max-video-preview:-1\" \/>\n<link rel=\"canonical\" href=\"https:\/\/www.cbm.ro.gov.br\/?p=4055\" \/>\n<meta property=\"og:locale\" content=\"pt_BR\" \/>\n<meta property=\"og:type\" content=\"article\" \/>\n<meta property=\"og:title\" content=\"COL\u00c9GIO MILITAR DOM PEDRO II \u2013 Unidade II -VILHENA PUBLICA INSTRUMENTO CONVOCAT\u00d3RIO PARA CANDIDATOS DO CADASTRO RESERVA REFERENTE AO ANO LETIVO DE 2025 - Corpo de Bombeiros Militar de Rond\u00f4nia\" \/>\n<meta property=\"og:description\" content=\"A DIRETORA GERAL DO COL\u00c9GIO MILITAR DOM PEDRO II &#8211; Unidade II, no uso de suas atribui\u00e7\u00f5es legais,&nbsp;CONVOCA&nbsp;os respons\u00e1veis pelos candidatos do cadastro reserva para o preenchimento das vagas do&hellip;\" \/>\n<meta property=\"og:url\" content=\"https:\/\/www.cbm.ro.gov.br\/?p=4055\" \/>\n<meta property=\"og:site_name\" content=\"Corpo de Bombeiros Militar de Rond\u00f4nia\" \/>\n<meta property=\"article:publisher\" content=\"https:\/\/www.facebook.com\/cbmro.oficial\/\" \/>\n<meta property=\"article:published_time\" content=\"2025-01-29T13:27:36+00:00\" \/>\n<meta property=\"article:modified_time\" content=\"2025-01-29T13:29:19+00:00\" \/>\n<meta property=\"og:image\" content=\"https:\/\/www.cbm.ro.gov.br\/wp-content\/uploads\/2024\/09\/BRASAO-PARA-MATERIA.png\" \/>\n\t<meta property=\"og:image:width\" content=\"1920\" \/>\n\t<meta property=\"og:image:height\" content=\"1080\" \/>\n\t<meta property=\"og:image:type\" content=\"image\/png\" \/>\n<meta name=\"author\" content=\"Diovana Castellon\" \/>\n<meta name=\"twitter:card\" content=\"summary_large_image\" \/>\n<meta name=\"twitter:label1\" content=\"Escrito por\" \/>\n\t<meta name=\"twitter:data1\" content=\"Diovana Castellon\" \/>\n<script type=\"application\/ld+json\" class=\"yoast-schema-graph\">{\"@context\":\"https:\/\/schema.org\",\"@graph\":[{\"@type\":\"Article\",\"@id\":\"https:\/\/www.cbm.ro.gov.br\/?p=4055#article\",\"isPartOf\":{\"@id\":\"https:\/\/www.cbm.ro.gov.br\/?p=4055\"},\"author\":{\"name\":\"Diovana Castellon\",\"@id\":\"https:\/\/www.cbm.ro.gov.br\/#\/schema\/person\/8e7b7a65b9962de993d36cb5fca8412f\"},\"headline\":\"COL\u00c9GIO MILITAR DOM PEDRO II \u2013 Unidade II -VILHENA PUBLICA INSTRUMENTO CONVOCAT\u00d3RIO PARA CANDIDATOS DO CADASTRO RESERVA REFERENTE AO ANO LETIVO DE 2025\",\"datePublished\":\"2025-01-29T13:27:36+00:00\",\"dateModified\":\"2025-01-29T13:29:19+00:00\",\"mainEntityOfPage\":{\"@id\":\"https:\/\/www.cbm.ro.gov.br\/?p=4055\"},\"wordCount\":118,\"publisher\":{\"@id\":\"https:\/\/www.cbm.ro.gov.br\/#organization\"},\"image\":{\"@id\":\"https:\/\/www.cbm.ro.gov.br\/?p=4055#primaryimage\"},\"thumbnailUrl\":\"https:\/\/www.cbm.ro.gov.br\/wp-content\/uploads\/2024\/09\/BRASAO-PARA-MATERIA.png\",\"keywords\":[\"2025\",\"CBMRO\",\"COL\u00c9GIODOMPEDROII-UNIDADE 2\",\"Edital\",\"INSTRUMENTOCONVOCATORIO\",\"VILHENA\"],\"articleSection\":[\"Bombeiro Mirim\",\"CBMRO\",\"EDITAL\"],\"inLanguage\":\"pt-BR\"},{\"@type\":\"WebPage\",\"@id\":\"https:\/\/www.cbm.ro.gov.br\/?p=4055\",\"url\":\"https:\/\/www.cbm.ro.gov.br\/?p=4055\",\"name\":\"COL\u00c9GIO MILITAR DOM PEDRO II \u2013 Unidade II -VILHENA PUBLICA INSTRUMENTO CONVOCAT\u00d3RIO PARA CANDIDATOS DO CADASTRO RESERVA REFERENTE AO ANO LETIVO DE 2025 - Corpo de Bombeiros Militar de Rond\u00f4nia\",\"isPartOf\":{\"@id\":\"https:\/\/www.cbm.ro.gov.br\/#website\"},\"primaryImageOfPage\":{\"@id\":\"https:\/\/www.cbm.ro.gov.br\/?p=4055#primaryimage\"},\"image\":{\"@id\":\"https:\/\/www.cbm.ro.gov.br\/?p=4055#primaryimage\"},\"thumbnailUrl\":\"https:\/\/www.cbm.ro.gov.br\/wp-content\/uploads\/2024\/09\/BRASAO-PARA-MATERIA.png\",\"datePublished\":\"2025-01-29T13:27:36+00:00\",\"dateModified\":\"2025-01-29T13:29:19+00:00\",\"breadcrumb\":{\"@id\":\"https:\/\/www.cbm.ro.gov.br\/?p=4055#breadcrumb\"},\"inLanguage\":\"pt-BR\",\"potentialAction\":[{\"@type\":\"ReadAction\",\"target\":[\"https:\/\/www.cbm.ro.gov.br\/?p=4055\"]}]},{\"@type\":\"ImageObject\",\"inLanguage\":\"pt-BR\",\"@id\":\"https:\/\/www.cbm.ro.gov.br\/?p=4055#primaryimage\",\"url\":\"https:\/\/www.cbm.ro.gov.br\/wp-content\/uploads\/2024\/09\/BRASAO-PARA-MATERIA.png\",\"contentUrl\":\"https:\/\/www.cbm.ro.gov.br\/wp-content\/uploads\/2024\/09\/BRASAO-PARA-MATERIA.png\",\"width\":1920,\"height\":1080},{\"@type\":\"BreadcrumbList\",\"@id\":\"https:\/\/www.cbm.ro.gov.br\/?p=4055#breadcrumb\",\"itemListElement\":[{\"@type\":\"ListItem\",\"position\":1,\"name\":\"In\u00edcio\",\"item\":\"https:\/\/www.cbm.ro.gov.br\/\"},{\"@type\":\"ListItem\",\"position\":2,\"name\":\"COL\u00c9GIO MILITAR DOM PEDRO II \u2013 Unidade II -VILHENA PUBLICA INSTRUMENTO CONVOCAT\u00d3RIO PARA CANDIDATOS DO CADASTRO RESERVA REFERENTE AO ANO LETIVO DE 2025\"}]},{\"@type\":\"WebSite\",\"@id\":\"https:\/\/www.cbm.ro.gov.br\/#website\",\"url\":\"https:\/\/www.cbm.ro.gov.br\/\",\"name\":\"Corpo de Bombeiros Militar de Rond\u00f4nia\",\"description\":\"Vidas alheias, riquezas salvar!\",\"publisher\":{\"@id\":\"https:\/\/www.cbm.ro.gov.br\/#organization\"},\"alternateName\":\"cbmro\",\"potentialAction\":[{\"@type\":\"SearchAction\",\"target\":{\"@type\":\"EntryPoint\",\"urlTemplate\":\"https:\/\/www.cbm.ro.gov.br\/?s={search_term_string}\"},\"query-input\":{\"@type\":\"PropertyValueSpecification\",\"valueRequired\":true,\"valueName\":\"search_term_string\"}}],\"inLanguage\":\"pt-BR\"},{\"@type\":\"Organization\",\"@id\":\"https:\/\/www.cbm.ro.gov.br\/#organization\",\"name\":\"Corpo de Bombeiros Militar do Estado de Rond\u00f4nia\",\"alternateName\":\"CBMRO\",\"url\":\"https:\/\/www.cbm.ro.gov.br\/\",\"logo\":{\"@type\":\"ImageObject\",\"inLanguage\":\"pt-BR\",\"@id\":\"https:\/\/www.cbm.ro.gov.br\/#\/schema\/logo\/image\/\",\"url\":\"https:\/\/www.cbm.ro.gov.br\/wp-content\/uploads\/2023\/12\/cropped-cropped-cropped-BRASO_3D_32-1-e1724344443171.png\",\"contentUrl\":\"https:\/\/www.cbm.ro.gov.br\/wp-content\/uploads\/2023\/12\/cropped-cropped-cropped-BRASO_3D_32-1-e1724344443171.png\",\"width\":446,\"height\":441,\"caption\":\"Corpo de Bombeiros Militar do Estado de Rond\u00f4nia\"},\"image\":{\"@id\":\"https:\/\/www.cbm.ro.gov.br\/#\/schema\/logo\/image\/\"},\"sameAs\":[\"https:\/\/www.facebook.com\/cbmro.oficial\/\",\"https:\/\/www.youtube.com\/c\/CorpodeBombeirosMilitardoEstadodeRond\u00f4nia\"]},{\"@type\":\"Person\",\"@id\":\"https:\/\/www.cbm.ro.gov.br\/#\/schema\/person\/8e7b7a65b9962de993d36cb5fca8412f\",\"name\":\"Diovana Castellon\",\"url\":\"https:\/\/www.cbm.ro.gov.br\/?author=3\"}]}<\/script>\n<!-- \/ Yoast SEO plugin. -->","yoast_head_json":{"title":"COL\u00c9GIO MILITAR DOM PEDRO II \u2013 Unidade II -VILHENA PUBLICA INSTRUMENTO CONVOCAT\u00d3RIO PARA CANDIDATOS DO CADASTRO RESERVA REFERENTE AO ANO LETIVO DE 2025 - Corpo de Bombeiros Militar de Rond\u00f4nia","robots":{"index":"index","follow":"follow","max-snippet":"max-snippet:-1","max-image-preview":"max-image-preview:large","max-video-preview":"max-video-preview:-1"},"canonical":"https:\/\/www.cbm.ro.gov.br\/?p=4055","og_locale":"pt_BR","og_type":"article","og_title":"COL\u00c9GIO MILITAR DOM PEDRO II \u2013 Unidade II -VILHENA PUBLICA INSTRUMENTO CONVOCAT\u00d3RIO PARA CANDIDATOS DO CADASTRO RESERVA REFERENTE AO ANO LETIVO DE 2025 - Corpo de Bombeiros Militar de Rond\u00f4nia","og_description":"A DIRETORA GERAL DO COL\u00c9GIO MILITAR DOM PEDRO II &#8211; Unidade II, no uso de suas atribui\u00e7\u00f5es legais,&nbsp;CONVOCA&nbsp;os respons\u00e1veis pelos candidatos do cadastro reserva para o preenchimento das vagas do&hellip;","og_url":"https:\/\/www.cbm.ro.gov.br\/?p=4055","og_site_name":"Corpo de Bombeiros Militar de Rond\u00f4nia","article_publisher":"https:\/\/www.facebook.com\/cbmro.oficial\/","article_published_time":"2025-01-29T13:27:36+00:00","article_modified_time":"2025-01-29T13:29:19+00:00","og_image":[{"width":1920,"height":1080,"url":"https:\/\/www.cbm.ro.gov.br\/wp-content\/uploads\/2024\/09\/BRASAO-PARA-MATERIA.png","type":"image\/png"}],"author":"Diovana Castellon","twitter_card":"summary_large_image","twitter_misc":{"Escrito por":"Diovana Castellon"},"schema":{"@context":"https:\/\/schema.org","@graph":[{"@type":"Article","@id":"https:\/\/www.cbm.ro.gov.br\/?p=4055#article","isPartOf":{"@id":"https:\/\/www.cbm.ro.gov.br\/?p=4055"},"author":{"name":"Diovana Castellon","@id":"https:\/\/www.cbm.ro.gov.br\/#\/schema\/person\/8e7b7a65b9962de993d36cb5fca8412f"},"headline":"COL\u00c9GIO MILITAR DOM PEDRO II \u2013 Unidade II -VILHENA PUBLICA INSTRUMENTO CONVOCAT\u00d3RIO PARA CANDIDATOS DO CADASTRO RESERVA REFERENTE AO ANO LETIVO DE 2025","datePublished":"2025-01-29T13:27:36+00:00","dateModified":"2025-01-29T13:29:19+00:00","mainEntityOfPage":{"@id":"https:\/\/www.cbm.ro.gov.br\/?p=4055"},"wordCount":118,"publisher":{"@id":"https:\/\/www.cbm.ro.gov.br\/#organization"},"image":{"@id":"https:\/\/www.cbm.ro.gov.br\/?p=4055#primaryimage"},"thumbnailUrl":"https:\/\/www.cbm.ro.gov.br\/wp-content\/uploads\/2024\/09\/BRASAO-PARA-MATERIA.png","keywords":["2025","CBMRO","COL\u00c9GIODOMPEDROII-UNIDADE 2","Edital","INSTRUMENTOCONVOCATORIO","VILHENA"],"articleSection":["Bombeiro Mirim","CBMRO","EDITAL"],"inLanguage":"pt-BR"},{"@type":"WebPage","@id":"https:\/\/www.cbm.ro.gov.br\/?p=4055","url":"https:\/\/www.cbm.ro.gov.br\/?p=4055","name":"COL\u00c9GIO MILITAR DOM PEDRO II \u2013 Unidade II -VILHENA PUBLICA INSTRUMENTO CONVOCAT\u00d3RIO PARA CANDIDATOS DO CADASTRO RESERVA REFERENTE AO ANO LETIVO DE 2025 - Corpo de Bombeiros Militar de Rond\u00f4nia","isPartOf":{"@id":"https:\/\/www.cbm.ro.gov.br\/#website"},"primaryImageOfPage":{"@id":"https:\/\/www.cbm.ro.gov.br\/?p=4055#primaryimage"},"image":{"@id":"https:\/\/www.cbm.ro.gov.br\/?p=4055#primaryimage"},"thumbnailUrl":"https:\/\/www.cbm.ro.gov.br\/wp-content\/uploads\/2024\/09\/BRASAO-PARA-MATERIA.png","datePublished":"2025-01-29T13:27:36+00:00","dateModified":"2025-01-29T13:29:19+00:00","breadcrumb":{"@id":"https:\/\/www.cbm.ro.gov.br\/?p=4055#breadcrumb"},"inLanguage":"pt-BR","potentialAction":[{"@type":"ReadAction","target":["https:\/\/www.cbm.ro.gov.br\/?p=4055"]}]},{"@type":"ImageObject","inLanguage":"pt-BR","@id":"https:\/\/www.cbm.ro.gov.br\/?p=4055#primaryimage","url":"https:\/\/www.cbm.ro.gov.br\/wp-content\/uploads\/2024\/09\/BRASAO-PARA-MATERIA.png","contentUrl":"https:\/\/www.cbm.ro.gov.br\/wp-content\/uploads\/2024\/09\/BRASAO-PARA-MATERIA.png","width":1920,"height":1080},{"@type":"BreadcrumbList","@id":"https:\/\/www.cbm.ro.gov.br\/?p=4055#breadcrumb","itemListElement":[{"@type":"ListItem","position":1,"name":"In\u00edcio","item":"https:\/\/www.cbm.ro.gov.br\/"},{"@type":"ListItem","position":2,"name":"COL\u00c9GIO MILITAR DOM PEDRO II \u2013 Unidade II -VILHENA PUBLICA INSTRUMENTO CONVOCAT\u00d3RIO PARA CANDIDATOS DO CADASTRO RESERVA REFERENTE AO ANO LETIVO DE 2025"}]},{"@type":"WebSite","@id":"https:\/\/www.cbm.ro.gov.br\/#website","url":"https:\/\/www.cbm.ro.gov.br\/","name":"Corpo de Bombeiros Militar de Rond\u00f4nia","description":"Vidas alheias, riquezas salvar!","publisher":{"@id":"https:\/\/www.cbm.ro.gov.br\/#organization"},"alternateName":"cbmro","potentialAction":[{"@type":"SearchAction","target":{"@type":"EntryPoint","urlTemplate":"https:\/\/www.cbm.ro.gov.br\/?s={search_term_string}"},"query-input":{"@type":"PropertyValueSpecification","valueRequired":true,"valueName":"search_term_string"}}],"inLanguage":"pt-BR"},{"@type":"Organization","@id":"https:\/\/www.cbm.ro.gov.br\/#organization","name":"Corpo de Bombeiros Militar do Estado de Rond\u00f4nia","alternateName":"CBMRO","url":"https:\/\/www.cbm.ro.gov.br\/","logo":{"@type":"ImageObject","inLanguage":"pt-BR","@id":"https:\/\/www.cbm.ro.gov.br\/#\/schema\/logo\/image\/","url":"https:\/\/www.cbm.ro.gov.br\/wp-content\/uploads\/2023\/12\/cropped-cropped-cropped-BRASO_3D_32-1-e1724344443171.png","contentUrl":"https:\/\/www.cbm.ro.gov.br\/wp-content\/uploads\/2023\/12\/cropped-cropped-cropped-BRASO_3D_32-1-e1724344443171.png","width":446,"height":441,"caption":"Corpo de Bombeiros Militar do Estado de Rond\u00f4nia"},"image":{"@id":"https:\/\/www.cbm.ro.gov.br\/#\/schema\/logo\/image\/"},"sameAs":["https:\/\/www.facebook.com\/cbmro.oficial\/","https:\/\/www.youtube.com\/c\/CorpodeBombeirosMilitardoEstadodeRond\u00f4nia"]},{"@type":"Person","@id":"https:\/\/www.cbm.ro.gov.br\/#\/schema\/person\/8e7b7a65b9962de993d36cb5fca8412f","name":"Diovana Castellon","url":"https:\/\/www.cbm.ro.gov.br\/?author=3"}]}},"wpmagazine_modules_lite_featured_media_urls":{"thumbnail":["https:\/\/www.cbm.ro.gov.br\/wp-content\/uploads\/2024\/09\/BRASAO-PARA-MATERIA-150x150.png",150,150,true],"cvmm-medium":["https:\/\/www.cbm.ro.gov.br\/wp-content\/uploads\/2024\/09\/BRASAO-PARA-MATERIA-300x300.png",300,300,true],"cvmm-medium-plus":["https:\/\/www.cbm.ro.gov.br\/wp-content\/uploads\/2024\/09\/BRASAO-PARA-MATERIA-305x207.png",305,207,true],"cvmm-portrait":["https:\/\/www.cbm.ro.gov.br\/wp-content\/uploads\/2024\/09\/BRASAO-PARA-MATERIA-400x600.png",400,600,true],"cvmm-medium-square":["https:\/\/www.cbm.ro.gov.br\/wp-content\/uploads\/2024\/09\/BRASAO-PARA-MATERIA-600x600.png",600,600,true],"cvmm-large":["https:\/\/www.cbm.ro.gov.br\/wp-content\/uploads\/2024\/09\/BRASAO-PARA-MATERIA-1024x1024.png",1024,1024,true],"cvmm-small":["https:\/\/www.cbm.ro.gov.br\/wp-content\/uploads\/2024\/09\/BRASAO-PARA-MATERIA-130x95.png",130,95,true],"full":["https:\/\/www.cbm.ro.gov.br\/wp-content\/uploads\/2024\/09\/BRASAO-PARA-MATERIA.png",1920,1080,false]},"categories_names":{"8":{"name":"Bombeiro Mirim","link":"https:\/\/www.cbm.ro.gov.br\/?cat=8"},"1":{"name":"CBMRO","link":"https:\/\/www.cbm.ro.gov.br\/?cat=1"},"69":{"name":"EDITAL","link":"https:\/\/www.cbm.ro.gov.br\/?cat=69"}},"tags_names":{"206":{"name":"2025","link":"https:\/\/www.cbm.ro.gov.br\/?tag=2025"},"13":{"name":"CBMRO","link":"https:\/\/www.cbm.ro.gov.br\/?tag=cbmro"},"205":{"name":"COL\u00c9GIODOMPEDROII-UNIDADE 2","link":"https:\/\/www.cbm.ro.gov.br\/?tag=colegiodompedroii-unidade-2"},"37":{"name":"Edital","link":"https:\/\/www.cbm.ro.gov.br\/?tag=edital"},"202":{"name":"INSTRUMENTOCONVOCATORIO","link":"https:\/\/www.cbm.ro.gov.br\/?tag=instrumentoconvocatorio"},"195":{"name":"VILHENA","link":"https:\/\/www.cbm.ro.gov.br\/?tag=vilhena"}},"comments_number":"0","_links":{"self":[{"href":"https:\/\/www.cbm.ro.gov.br\/index.php?rest_route=\/wp\/v2\/posts\/4055","targetHints":{"allow":["GET"]}}],"collection":[{"href":"https:\/\/www.cbm.ro.gov.br\/index.php?rest_route=\/wp\/v2\/posts"}],"about":[{"href":"https:\/\/www.cbm.ro.gov.br\/index.php?rest_route=\/wp\/v2\/types\/post"}],"author":[{"embeddable":true,"href":"https:\/\/www.cbm.ro.gov.br\/index.php?rest_route=\/wp\/v2\/users\/3"}],"replies":[{"embeddable":true,"href":"https:\/\/www.cbm.ro.gov.br\/index.php?rest_route=%2Fwp%2Fv2%2Fcomments&post=4055"}],"version-history":[{"count":2,"href":"https:\/\/www.cbm.ro.gov.br\/index.php?rest_route=\/wp\/v2\/posts\/4055\/revisions"}],"predecessor-version":[{"id":4061,"href":"https:\/\/www.cbm.ro.gov.br\/index.php?rest_route=\/wp\/v2\/posts\/4055\/revisions\/4061"}],"wp:featuredmedia":[{"embeddable":true,"href":"https:\/\/www.cbm.ro.gov.br\/index.php?rest_route=\/wp\/v2\/media\/3432"}],"wp:attachment":[{"href":"https:\/\/www.cbm.ro.gov.br\/index.php?rest_route=%2Fwp%2Fv2%2Fmedia&parent=4055"}],"wp:term":[{"taxonomy":"category","embeddable":true,"href":"https:\/\/www.cbm.ro.gov.br\/index.php?rest_route=%2Fwp%2Fv2%2Fcategories&post=4055"},{"taxonomy":"post_tag","embeddable":true,"href":"https:\/\/www.cbm.ro.gov.br\/index.php?rest_route=%2Fwp%2Fv2%2Ftags&post=4055"}],"curies":[{"name":"wp","href":"https:\/\/api.w.org\/{rel}","templated":true}]}}