{"id":3855,"date":"2024-11-19T13:17:25","date_gmt":"2024-11-19T17:17:25","guid":{"rendered":"https:\/\/www.cbm.ro.gov.br\/?p=3855"},"modified":"2024-11-19T13:20:37","modified_gmt":"2024-11-19T17:20:37","slug":"corpo-de-bombeiros-militar-de-rondonia-realiza-formatura-de-bombeiros-mirins-em-jaru","status":"publish","type":"post","link":"https:\/\/www.cbm.ro.gov.br\/?p=3855","title":{"rendered":"CORPO DE BOMBEIROS MILITAR DE ROND\u00d4NIA REALIZA FORMATURA DE BOMBEIROS MIRINS EM JARU"},"content":{"rendered":"\n<p class=\"has-black-color has-text-color has-link-color wp-elements-bdb5cfed0bfc487b3757045418babd2a\">O Corpo de Bombeiros Militar em Jaru promoveu a formatura da turma do Projeto Educacional Bombeiro Mirim (PROEBOM) no dia 14 de novembro de 2024. O evento, realizado na Associa\u00e7\u00e3o Comercial e Industrial de Jaru (ACIJ), marcou a entrega dos certificados de conclus\u00e3o para os participantes deste ano.<\/p>\n\n\n<div class=\"wp-block-image\">\n<figure class=\"aligncenter size-large is-resized\"><img fetchpriority=\"high\" decoding=\"async\" width=\"1024\" height=\"576\" src=\"https:\/\/www.cbm.ro.gov.br\/wp-content\/uploads\/2024\/11\/Solenidade-bm-mirim-jaru014-1024x576.jpeg\" alt=\"\" class=\"wp-image-3857\" style=\"width:595px;height:auto\" srcset=\"https:\/\/www.cbm.ro.gov.br\/wp-content\/uploads\/2024\/11\/Solenidade-bm-mirim-jaru014-1024x576.jpeg 1024w, https:\/\/www.cbm.ro.gov.br\/wp-content\/uploads\/2024\/11\/Solenidade-bm-mirim-jaru014-300x169.jpeg 300w, https:\/\/www.cbm.ro.gov.br\/wp-content\/uploads\/2024\/11\/Solenidade-bm-mirim-jaru014-768x432.jpeg 768w, https:\/\/www.cbm.ro.gov.br\/wp-content\/uploads\/2024\/11\/Solenidade-bm-mirim-jaru014-1536x864.jpeg 1536w, https:\/\/www.cbm.ro.gov.br\/wp-content\/uploads\/2024\/11\/Solenidade-bm-mirim-jaru014.jpeg 1600w\" sizes=\"(max-width: 1024px) 100vw, 1024px\" \/><\/figure><\/div>\n\n\n<div style=\"height:35px\" aria-hidden=\"true\" class=\"wp-block-spacer\"><\/div>\n\n\n\n<p class=\"has-black-color has-text-color has-link-color wp-elements-6856e239d2ff055b4ac668840601a186\">A solenidade foi presidida pela Chefe do Estado-Maior do CBMRO, Coronel BM Cristina, e teve como objetivo celebrar o encerramento das atividades do PROEBOM, um programa que visa promover cidadania, disciplina e desenvolvimento de valores fundamentais entre crian\u00e7as e adolescentes. A iniciativa conta com o apoio do Servi\u00e7o Especializado de Abordagem Social (SEAS), da Secretaria de Estado da Educa\u00e7\u00e3o (SEDUC), da Prefeitura Municipal e da Secretaria Municipal de Assist\u00eancia Social (SEMAS).<\/p>\n\n\n<div class=\"wp-block-image\">\n<figure class=\"aligncenter size-large is-resized\"><img decoding=\"async\" width=\"1024\" height=\"576\" src=\"https:\/\/www.cbm.ro.gov.br\/wp-content\/uploads\/2024\/11\/Solenidade-bm-mirim-jaru106-1024x576.jpeg\" alt=\"\" class=\"wp-image-3858\" style=\"width:599px;height:auto\" srcset=\"https:\/\/www.cbm.ro.gov.br\/wp-content\/uploads\/2024\/11\/Solenidade-bm-mirim-jaru106-1024x576.jpeg 1024w, https:\/\/www.cbm.ro.gov.br\/wp-content\/uploads\/2024\/11\/Solenidade-bm-mirim-jaru106-300x169.jpeg 300w, https:\/\/www.cbm.ro.gov.br\/wp-content\/uploads\/2024\/11\/Solenidade-bm-mirim-jaru106-768x432.jpeg 768w, https:\/\/www.cbm.ro.gov.br\/wp-content\/uploads\/2024\/11\/Solenidade-bm-mirim-jaru106-1536x864.jpeg 1536w, https:\/\/www.cbm.ro.gov.br\/wp-content\/uploads\/2024\/11\/Solenidade-bm-mirim-jaru106.jpeg 1600w\" sizes=\"(max-width: 1024px) 100vw, 1024px\" \/><\/figure><\/div>\n\n\n<div style=\"height:35px\" aria-hidden=\"true\" class=\"wp-block-spacer\"><\/div>\n\n\n\n<p class=\"has-black-color has-text-color has-link-color wp-elements-14cedcb039d7cd33f3ce10169ce0d32a\">O evento teve in\u00edcio com a execu\u00e7\u00e3o do hino do estado de Rond\u00f4nia. Na sequ\u00eancia, os alunos com melhor desempenho acad\u00eamico foram homenageados com trof\u00e9us, enquanto todos os participantes receberam seus certificados de conclus\u00e3o. Destaques como M\u00e9rito Cultural e Destaque Operacional foram conferidos aos alunos Tayllon Lucas da Silva Freitas, Maria Clara Lopes Garcia e Yuri Kennedy Gomes Toscano, em reconhecimento ao desempenho excepcional.<\/p>\n\n\n<div class=\"wp-block-image\">\n<figure class=\"aligncenter size-large is-resized\"><img decoding=\"async\" width=\"1024\" height=\"576\" src=\"https:\/\/www.cbm.ro.gov.br\/wp-content\/uploads\/2024\/11\/Solenidade-bm-mirim-jaru033-1024x576.jpeg\" alt=\"\" class=\"wp-image-3860\" style=\"width:596px;height:auto\" srcset=\"https:\/\/www.cbm.ro.gov.br\/wp-content\/uploads\/2024\/11\/Solenidade-bm-mirim-jaru033-1024x576.jpeg 1024w, https:\/\/www.cbm.ro.gov.br\/wp-content\/uploads\/2024\/11\/Solenidade-bm-mirim-jaru033-300x169.jpeg 300w, https:\/\/www.cbm.ro.gov.br\/wp-content\/uploads\/2024\/11\/Solenidade-bm-mirim-jaru033-768x432.jpeg 768w, https:\/\/www.cbm.ro.gov.br\/wp-content\/uploads\/2024\/11\/Solenidade-bm-mirim-jaru033-1536x864.jpeg 1536w, https:\/\/www.cbm.ro.gov.br\/wp-content\/uploads\/2024\/11\/Solenidade-bm-mirim-jaru033.jpeg 1600w\" sizes=\"(max-width: 1024px) 100vw, 1024px\" \/><\/figure><\/div>\n\n\n<div style=\"height:35px\" aria-hidden=\"true\" class=\"wp-block-spacer\"><\/div>\n\n\n\n<p class=\"has-black-color has-text-color has-link-color wp-elements-371944c81f0afbcb2a5534e32912ebb8\">Encerrando a cerim\u00f4nia, as autoridades presentes destacaram a import\u00e2ncia do projeto e elogiaram o trabalho desenvolvido pela Coordena\u00e7\u00e3o do PROEBOM no munic\u00edpio. A solenidade tamb\u00e9m contou com a presen\u00e7a de diversas autoridades do munic\u00edpio, al\u00e9m do Secret\u00e1rio Executivo Regional, Claudiomiro Alves dos Santos, que representou o governador do estado, Coronel PM Marcos Rocha.<\/p>\n\n\n<div class=\"wp-block-image\">\n<figure class=\"aligncenter size-large is-resized\"><img loading=\"lazy\" decoding=\"async\" width=\"1024\" height=\"576\" src=\"https:\/\/www.cbm.ro.gov.br\/wp-content\/uploads\/2024\/11\/Solenidade-bm-mirim-jaru103-1024x576.jpeg\" alt=\"\" class=\"wp-image-3859\" style=\"width:592px;height:auto\" srcset=\"https:\/\/www.cbm.ro.gov.br\/wp-content\/uploads\/2024\/11\/Solenidade-bm-mirim-jaru103-1024x576.jpeg 1024w, https:\/\/www.cbm.ro.gov.br\/wp-content\/uploads\/2024\/11\/Solenidade-bm-mirim-jaru103-300x169.jpeg 300w, https:\/\/www.cbm.ro.gov.br\/wp-content\/uploads\/2024\/11\/Solenidade-bm-mirim-jaru103-768x432.jpeg 768w, https:\/\/www.cbm.ro.gov.br\/wp-content\/uploads\/2024\/11\/Solenidade-bm-mirim-jaru103-1536x864.jpeg 1536w, https:\/\/www.cbm.ro.gov.br\/wp-content\/uploads\/2024\/11\/Solenidade-bm-mirim-jaru103.jpeg 1600w\" sizes=\"(max-width: 1024px) 100vw, 1024px\" \/><\/figure><\/div>\n\n\n<div style=\"height:35px\" aria-hidden=\"true\" class=\"wp-block-spacer\"><\/div>\n\n\n\n<p class=\"has-black-color has-text-color has-link-color wp-elements-ac282150008827511855ea656c877710\">O PROEBOM \u00e9 uma das principais iniciativas sociais do CBMRO, promovendo cidadania e contribuindo para a forma\u00e7\u00e3o de jovens conscientes e respons\u00e1veis, reafirmando o compromisso da corpora\u00e7\u00e3o com o desenvolvimento social e educacional de Rond\u00f4nia.<\/p>\n\n\n\n<p class=\"has-text-align-center has-vivid-red-color has-text-color has-link-color wp-elements-81b97e06a235913d60361a066dfa9361\" style=\"font-size:20px\">Veja todos os registros clicando <a href=\"https:\/\/flic.kr\/s\/aHBqjBShci\" target=\"_blank\" rel=\"noreferrer noopener\"><strong>aqui<\/strong>.<\/a><\/p>\n\n\n\n<p><\/p>\n","protected":false},"excerpt":{"rendered":"<p>O Corpo de Bombeiros Militar em Jaru promoveu a formatura da turma do Projeto Educacional Bombeiro Mirim (PROEBOM) no dia 14 de novembro de 2024. O evento, realizado na Associa\u00e7\u00e3o&hellip;<\/p>\n","protected":false},"author":3,"featured_media":3856,"comment_status":"closed","ping_status":"open","sticky":false,"template":"","format":"standard","meta":{"footnotes":""},"categories":[1],"tags":[],"class_list":["post-3855","post","type-post","status-publish","format-standard","has-post-thumbnail","hentry","category-cbmro"],"yoast_head":"<!-- This site is optimized with the Yoast SEO plugin v23.7 - https:\/\/yoast.com\/wordpress\/plugins\/seo\/ -->\n<title>CORPO DE BOMBEIROS MILITAR DE ROND\u00d4NIA REALIZA FORMATURA DE BOMBEIROS MIRINS EM JARU - Corpo de Bombeiros Militar de Rond\u00f4nia<\/title>\n<meta name=\"robots\" content=\"index, follow, max-snippet:-1, max-image-preview:large, max-video-preview:-1\" \/>\n<link rel=\"canonical\" href=\"https:\/\/www.cbm.ro.gov.br\/?p=3855\" \/>\n<meta property=\"og:locale\" content=\"pt_BR\" \/>\n<meta property=\"og:type\" content=\"article\" \/>\n<meta property=\"og:title\" content=\"CORPO DE BOMBEIROS MILITAR DE ROND\u00d4NIA REALIZA FORMATURA DE BOMBEIROS MIRINS EM JARU - Corpo de Bombeiros Militar de Rond\u00f4nia\" \/>\n<meta property=\"og:description\" content=\"O Corpo de Bombeiros Militar em Jaru promoveu a formatura da turma do Projeto Educacional Bombeiro Mirim (PROEBOM) no dia 14 de novembro de 2024. O evento, realizado na Associa\u00e7\u00e3o&hellip;\" \/>\n<meta property=\"og:url\" content=\"https:\/\/www.cbm.ro.gov.br\/?p=3855\" \/>\n<meta property=\"og:site_name\" content=\"Corpo de Bombeiros Militar de Rond\u00f4nia\" \/>\n<meta property=\"article:publisher\" content=\"https:\/\/www.facebook.com\/cbmro.oficial\/\" \/>\n<meta property=\"article:published_time\" content=\"2024-11-19T17:17:25+00:00\" \/>\n<meta property=\"article:modified_time\" content=\"2024-11-19T17:20:37+00:00\" \/>\n<meta property=\"og:image\" content=\"https:\/\/www.cbm.ro.gov.br\/wp-content\/uploads\/2024\/11\/Solenidade-bm-mirim-jaru019.jpeg\" \/>\n\t<meta property=\"og:image:width\" content=\"1600\" \/>\n\t<meta property=\"og:image:height\" content=\"900\" \/>\n\t<meta property=\"og:image:type\" content=\"image\/jpeg\" \/>\n<meta name=\"author\" content=\"Diovana Castellon\" \/>\n<meta name=\"twitter:card\" content=\"summary_large_image\" \/>\n<meta name=\"twitter:label1\" content=\"Escrito por\" \/>\n\t<meta name=\"twitter:data1\" content=\"Diovana Castellon\" \/>\n\t<meta name=\"twitter:label2\" content=\"Est. tempo de leitura\" \/>\n\t<meta name=\"twitter:data2\" content=\"2 minutos\" \/>\n<script type=\"application\/ld+json\" class=\"yoast-schema-graph\">{\"@context\":\"https:\/\/schema.org\",\"@graph\":[{\"@type\":\"Article\",\"@id\":\"https:\/\/www.cbm.ro.gov.br\/?p=3855#article\",\"isPartOf\":{\"@id\":\"https:\/\/www.cbm.ro.gov.br\/?p=3855\"},\"author\":{\"name\":\"Diovana Castellon\",\"@id\":\"https:\/\/www.cbm.ro.gov.br\/#\/schema\/person\/8e7b7a65b9962de993d36cb5fca8412f\"},\"headline\":\"CORPO DE BOMBEIROS MILITAR DE ROND\u00d4NIA REALIZA FORMATURA DE BOMBEIROS MIRINS EM JARU\",\"datePublished\":\"2024-11-19T17:17:25+00:00\",\"dateModified\":\"2024-11-19T17:20:37+00:00\",\"mainEntityOfPage\":{\"@id\":\"https:\/\/www.cbm.ro.gov.br\/?p=3855\"},\"wordCount\":315,\"publisher\":{\"@id\":\"https:\/\/www.cbm.ro.gov.br\/#organization\"},\"image\":{\"@id\":\"https:\/\/www.cbm.ro.gov.br\/?p=3855#primaryimage\"},\"thumbnailUrl\":\"https:\/\/www.cbm.ro.gov.br\/wp-content\/uploads\/2024\/11\/Solenidade-bm-mirim-jaru019.jpeg\",\"articleSection\":[\"CBMRO\"],\"inLanguage\":\"pt-BR\"},{\"@type\":\"WebPage\",\"@id\":\"https:\/\/www.cbm.ro.gov.br\/?p=3855\",\"url\":\"https:\/\/www.cbm.ro.gov.br\/?p=3855\",\"name\":\"CORPO DE BOMBEIROS MILITAR DE ROND\u00d4NIA REALIZA FORMATURA DE BOMBEIROS MIRINS EM JARU - Corpo de Bombeiros Militar de Rond\u00f4nia\",\"isPartOf\":{\"@id\":\"https:\/\/www.cbm.ro.gov.br\/#website\"},\"primaryImageOfPage\":{\"@id\":\"https:\/\/www.cbm.ro.gov.br\/?p=3855#primaryimage\"},\"image\":{\"@id\":\"https:\/\/www.cbm.ro.gov.br\/?p=3855#primaryimage\"},\"thumbnailUrl\":\"https:\/\/www.cbm.ro.gov.br\/wp-content\/uploads\/2024\/11\/Solenidade-bm-mirim-jaru019.jpeg\",\"datePublished\":\"2024-11-19T17:17:25+00:00\",\"dateModified\":\"2024-11-19T17:20:37+00:00\",\"breadcrumb\":{\"@id\":\"https:\/\/www.cbm.ro.gov.br\/?p=3855#breadcrumb\"},\"inLanguage\":\"pt-BR\",\"potentialAction\":[{\"@type\":\"ReadAction\",\"target\":[\"https:\/\/www.cbm.ro.gov.br\/?p=3855\"]}]},{\"@type\":\"ImageObject\",\"inLanguage\":\"pt-BR\",\"@id\":\"https:\/\/www.cbm.ro.gov.br\/?p=3855#primaryimage\",\"url\":\"https:\/\/www.cbm.ro.gov.br\/wp-content\/uploads\/2024\/11\/Solenidade-bm-mirim-jaru019.jpeg\",\"contentUrl\":\"https:\/\/www.cbm.ro.gov.br\/wp-content\/uploads\/2024\/11\/Solenidade-bm-mirim-jaru019.jpeg\",\"width\":1600,\"height\":900},{\"@type\":\"BreadcrumbList\",\"@id\":\"https:\/\/www.cbm.ro.gov.br\/?p=3855#breadcrumb\",\"itemListElement\":[{\"@type\":\"ListItem\",\"position\":1,\"name\":\"In\u00edcio\",\"item\":\"https:\/\/www.cbm.ro.gov.br\/\"},{\"@type\":\"ListItem\",\"position\":2,\"name\":\"CORPO DE BOMBEIROS MILITAR DE ROND\u00d4NIA REALIZA FORMATURA DE BOMBEIROS MIRINS EM JARU\"}]},{\"@type\":\"WebSite\",\"@id\":\"https:\/\/www.cbm.ro.gov.br\/#website\",\"url\":\"https:\/\/www.cbm.ro.gov.br\/\",\"name\":\"Corpo de Bombeiros Militar de Rond\u00f4nia\",\"description\":\"Vidas alheias, riquezas salvar!\",\"publisher\":{\"@id\":\"https:\/\/www.cbm.ro.gov.br\/#organization\"},\"alternateName\":\"cbmro\",\"potentialAction\":[{\"@type\":\"SearchAction\",\"target\":{\"@type\":\"EntryPoint\",\"urlTemplate\":\"https:\/\/www.cbm.ro.gov.br\/?s={search_term_string}\"},\"query-input\":{\"@type\":\"PropertyValueSpecification\",\"valueRequired\":true,\"valueName\":\"search_term_string\"}}],\"inLanguage\":\"pt-BR\"},{\"@type\":\"Organization\",\"@id\":\"https:\/\/www.cbm.ro.gov.br\/#organization\",\"name\":\"Corpo de Bombeiros Militar do Estado de Rond\u00f4nia\",\"alternateName\":\"CBMRO\",\"url\":\"https:\/\/www.cbm.ro.gov.br\/\",\"logo\":{\"@type\":\"ImageObject\",\"inLanguage\":\"pt-BR\",\"@id\":\"https:\/\/www.cbm.ro.gov.br\/#\/schema\/logo\/image\/\",\"url\":\"https:\/\/www.cbm.ro.gov.br\/wp-content\/uploads\/2023\/12\/cropped-cropped-cropped-BRASO_3D_32-1-e1724344443171.png\",\"contentUrl\":\"https:\/\/www.cbm.ro.gov.br\/wp-content\/uploads\/2023\/12\/cropped-cropped-cropped-BRASO_3D_32-1-e1724344443171.png\",\"width\":446,\"height\":441,\"caption\":\"Corpo de Bombeiros Militar do Estado de Rond\u00f4nia\"},\"image\":{\"@id\":\"https:\/\/www.cbm.ro.gov.br\/#\/schema\/logo\/image\/\"},\"sameAs\":[\"https:\/\/www.facebook.com\/cbmro.oficial\/\",\"https:\/\/www.youtube.com\/c\/CorpodeBombeirosMilitardoEstadodeRond\u00f4nia\"]},{\"@type\":\"Person\",\"@id\":\"https:\/\/www.cbm.ro.gov.br\/#\/schema\/person\/8e7b7a65b9962de993d36cb5fca8412f\",\"name\":\"Diovana Castellon\",\"url\":\"https:\/\/www.cbm.ro.gov.br\/?author=3\"}]}<\/script>\n<!-- \/ Yoast SEO plugin. -->","yoast_head_json":{"title":"CORPO DE BOMBEIROS MILITAR DE ROND\u00d4NIA REALIZA FORMATURA DE BOMBEIROS MIRINS EM JARU - Corpo de Bombeiros Militar de Rond\u00f4nia","robots":{"index":"index","follow":"follow","max-snippet":"max-snippet:-1","max-image-preview":"max-image-preview:large","max-video-preview":"max-video-preview:-1"},"canonical":"https:\/\/www.cbm.ro.gov.br\/?p=3855","og_locale":"pt_BR","og_type":"article","og_title":"CORPO DE BOMBEIROS MILITAR DE ROND\u00d4NIA REALIZA FORMATURA DE BOMBEIROS MIRINS EM JARU - Corpo de Bombeiros Militar de Rond\u00f4nia","og_description":"O Corpo de Bombeiros Militar em Jaru promoveu a formatura da turma do Projeto Educacional Bombeiro Mirim (PROEBOM) no dia 14 de novembro de 2024. O evento, realizado na Associa\u00e7\u00e3o&hellip;","og_url":"https:\/\/www.cbm.ro.gov.br\/?p=3855","og_site_name":"Corpo de Bombeiros Militar de Rond\u00f4nia","article_publisher":"https:\/\/www.facebook.com\/cbmro.oficial\/","article_published_time":"2024-11-19T17:17:25+00:00","article_modified_time":"2024-11-19T17:20:37+00:00","og_image":[{"width":1600,"height":900,"url":"https:\/\/www.cbm.ro.gov.br\/wp-content\/uploads\/2024\/11\/Solenidade-bm-mirim-jaru019.jpeg","type":"image\/jpeg"}],"author":"Diovana Castellon","twitter_card":"summary_large_image","twitter_misc":{"Escrito por":"Diovana Castellon","Est. tempo de leitura":"2 minutos"},"schema":{"@context":"https:\/\/schema.org","@graph":[{"@type":"Article","@id":"https:\/\/www.cbm.ro.gov.br\/?p=3855#article","isPartOf":{"@id":"https:\/\/www.cbm.ro.gov.br\/?p=3855"},"author":{"name":"Diovana Castellon","@id":"https:\/\/www.cbm.ro.gov.br\/#\/schema\/person\/8e7b7a65b9962de993d36cb5fca8412f"},"headline":"CORPO DE BOMBEIROS MILITAR DE ROND\u00d4NIA REALIZA FORMATURA DE BOMBEIROS MIRINS EM JARU","datePublished":"2024-11-19T17:17:25+00:00","dateModified":"2024-11-19T17:20:37+00:00","mainEntityOfPage":{"@id":"https:\/\/www.cbm.ro.gov.br\/?p=3855"},"wordCount":315,"publisher":{"@id":"https:\/\/www.cbm.ro.gov.br\/#organization"},"image":{"@id":"https:\/\/www.cbm.ro.gov.br\/?p=3855#primaryimage"},"thumbnailUrl":"https:\/\/www.cbm.ro.gov.br\/wp-content\/uploads\/2024\/11\/Solenidade-bm-mirim-jaru019.jpeg","articleSection":["CBMRO"],"inLanguage":"pt-BR"},{"@type":"WebPage","@id":"https:\/\/www.cbm.ro.gov.br\/?p=3855","url":"https:\/\/www.cbm.ro.gov.br\/?p=3855","name":"CORPO DE BOMBEIROS MILITAR DE ROND\u00d4NIA REALIZA FORMATURA DE BOMBEIROS MIRINS EM JARU - Corpo de Bombeiros Militar de Rond\u00f4nia","isPartOf":{"@id":"https:\/\/www.cbm.ro.gov.br\/#website"},"primaryImageOfPage":{"@id":"https:\/\/www.cbm.ro.gov.br\/?p=3855#primaryimage"},"image":{"@id":"https:\/\/www.cbm.ro.gov.br\/?p=3855#primaryimage"},"thumbnailUrl":"https:\/\/www.cbm.ro.gov.br\/wp-content\/uploads\/2024\/11\/Solenidade-bm-mirim-jaru019.jpeg","datePublished":"2024-11-19T17:17:25+00:00","dateModified":"2024-11-19T17:20:37+00:00","breadcrumb":{"@id":"https:\/\/www.cbm.ro.gov.br\/?p=3855#breadcrumb"},"inLanguage":"pt-BR","potentialAction":[{"@type":"ReadAction","target":["https:\/\/www.cbm.ro.gov.br\/?p=3855"]}]},{"@type":"ImageObject","inLanguage":"pt-BR","@id":"https:\/\/www.cbm.ro.gov.br\/?p=3855#primaryimage","url":"https:\/\/www.cbm.ro.gov.br\/wp-content\/uploads\/2024\/11\/Solenidade-bm-mirim-jaru019.jpeg","contentUrl":"https:\/\/www.cbm.ro.gov.br\/wp-content\/uploads\/2024\/11\/Solenidade-bm-mirim-jaru019.jpeg","width":1600,"height":900},{"@type":"BreadcrumbList","@id":"https:\/\/www.cbm.ro.gov.br\/?p=3855#breadcrumb","itemListElement":[{"@type":"ListItem","position":1,"name":"In\u00edcio","item":"https:\/\/www.cbm.ro.gov.br\/"},{"@type":"ListItem","position":2,"name":"CORPO DE BOMBEIROS MILITAR DE ROND\u00d4NIA REALIZA FORMATURA DE BOMBEIROS MIRINS EM JARU"}]},{"@type":"WebSite","@id":"https:\/\/www.cbm.ro.gov.br\/#website","url":"https:\/\/www.cbm.ro.gov.br\/","name":"Corpo de Bombeiros Militar de Rond\u00f4nia","description":"Vidas alheias, riquezas salvar!","publisher":{"@id":"https:\/\/www.cbm.ro.gov.br\/#organization"},"alternateName":"cbmro","potentialAction":[{"@type":"SearchAction","target":{"@type":"EntryPoint","urlTemplate":"https:\/\/www.cbm.ro.gov.br\/?s={search_term_string}"},"query-input":{"@type":"PropertyValueSpecification","valueRequired":true,"valueName":"search_term_string"}}],"inLanguage":"pt-BR"},{"@type":"Organization","@id":"https:\/\/www.cbm.ro.gov.br\/#organization","name":"Corpo de Bombeiros Militar do Estado de Rond\u00f4nia","alternateName":"CBMRO","url":"https:\/\/www.cbm.ro.gov.br\/","logo":{"@type":"ImageObject","inLanguage":"pt-BR","@id":"https:\/\/www.cbm.ro.gov.br\/#\/schema\/logo\/image\/","url":"https:\/\/www.cbm.ro.gov.br\/wp-content\/uploads\/2023\/12\/cropped-cropped-cropped-BRASO_3D_32-1-e1724344443171.png","contentUrl":"https:\/\/www.cbm.ro.gov.br\/wp-content\/uploads\/2023\/12\/cropped-cropped-cropped-BRASO_3D_32-1-e1724344443171.png","width":446,"height":441,"caption":"Corpo de Bombeiros Militar do Estado de Rond\u00f4nia"},"image":{"@id":"https:\/\/www.cbm.ro.gov.br\/#\/schema\/logo\/image\/"},"sameAs":["https:\/\/www.facebook.com\/cbmro.oficial\/","https:\/\/www.youtube.com\/c\/CorpodeBombeirosMilitardoEstadodeRond\u00f4nia"]},{"@type":"Person","@id":"https:\/\/www.cbm.ro.gov.br\/#\/schema\/person\/8e7b7a65b9962de993d36cb5fca8412f","name":"Diovana Castellon","url":"https:\/\/www.cbm.ro.gov.br\/?author=3"}]}},"wpmagazine_modules_lite_featured_media_urls":{"thumbnail":["https:\/\/www.cbm.ro.gov.br\/wp-content\/uploads\/2024\/11\/Solenidade-bm-mirim-jaru019-150x150.jpeg",150,150,true],"cvmm-medium":["https:\/\/www.cbm.ro.gov.br\/wp-content\/uploads\/2024\/11\/Solenidade-bm-mirim-jaru019-300x300.jpeg",300,300,true],"cvmm-medium-plus":["https:\/\/www.cbm.ro.gov.br\/wp-content\/uploads\/2024\/11\/Solenidade-bm-mirim-jaru019-305x207.jpeg",305,207,true],"cvmm-portrait":["https:\/\/www.cbm.ro.gov.br\/wp-content\/uploads\/2024\/11\/Solenidade-bm-mirim-jaru019-400x600.jpeg",400,600,true],"cvmm-medium-square":["https:\/\/www.cbm.ro.gov.br\/wp-content\/uploads\/2024\/11\/Solenidade-bm-mirim-jaru019-600x600.jpeg",600,600,true],"cvmm-large":["https:\/\/www.cbm.ro.gov.br\/wp-content\/uploads\/2024\/11\/Solenidade-bm-mirim-jaru019-1024x900.jpeg",1024,900,true],"cvmm-small":["https:\/\/www.cbm.ro.gov.br\/wp-content\/uploads\/2024\/11\/Solenidade-bm-mirim-jaru019-130x95.jpeg",130,95,true],"full":["https:\/\/www.cbm.ro.gov.br\/wp-content\/uploads\/2024\/11\/Solenidade-bm-mirim-jaru019.jpeg",1600,900,false]},"categories_names":{"1":{"name":"CBMRO","link":"https:\/\/www.cbm.ro.gov.br\/?cat=1"}},"tags_names":[],"comments_number":"0","_links":{"self":[{"href":"https:\/\/www.cbm.ro.gov.br\/index.php?rest_route=\/wp\/v2\/posts\/3855","targetHints":{"allow":["GET"]}}],"collection":[{"href":"https:\/\/www.cbm.ro.gov.br\/index.php?rest_route=\/wp\/v2\/posts"}],"about":[{"href":"https:\/\/www.cbm.ro.gov.br\/index.php?rest_route=\/wp\/v2\/types\/post"}],"author":[{"embeddable":true,"href":"https:\/\/www.cbm.ro.gov.br\/index.php?rest_route=\/wp\/v2\/users\/3"}],"replies":[{"embeddable":true,"href":"https:\/\/www.cbm.ro.gov.br\/index.php?rest_route=%2Fwp%2Fv2%2Fcomments&post=3855"}],"version-history":[{"count":3,"href":"https:\/\/www.cbm.ro.gov.br\/index.php?rest_route=\/wp\/v2\/posts\/3855\/revisions"}],"predecessor-version":[{"id":3864,"href":"https:\/\/www.cbm.ro.gov.br\/index.php?rest_route=\/wp\/v2\/posts\/3855\/revisions\/3864"}],"wp:featuredmedia":[{"embeddable":true,"href":"https:\/\/www.cbm.ro.gov.br\/index.php?rest_route=\/wp\/v2\/media\/3856"}],"wp:attachment":[{"href":"https:\/\/www.cbm.ro.gov.br\/index.php?rest_route=%2Fwp%2Fv2%2Fmedia&parent=3855"}],"wp:term":[{"taxonomy":"category","embeddable":true,"href":"https:\/\/www.cbm.ro.gov.br\/index.php?rest_route=%2Fwp%2Fv2%2Fcategories&post=3855"},{"taxonomy":"post_tag","embeddable":true,"href":"https:\/\/www.cbm.ro.gov.br\/index.php?rest_route=%2Fwp%2Fv2%2Ftags&post=3855"}],"curies":[{"name":"wp","href":"https:\/\/api.w.org\/{rel}","templated":true}]}}