{"id":3788,"date":"2024-11-06T10:53:51","date_gmt":"2024-11-06T14:53:51","guid":{"rendered":"https:\/\/www.cbm.ro.gov.br\/?p=3788"},"modified":"2024-11-06T10:53:52","modified_gmt":"2024-11-06T14:53:52","slug":"corpo-de-bombeiros-militar-de-rondonia-e-destaque-na-revista-anabom-17-jul-ago-set-2024","status":"publish","type":"post","link":"https:\/\/www.cbm.ro.gov.br\/?p=3788","title":{"rendered":"CORPO DE BOMBEIROS MILITAR DE ROND\u00d4NIA \u00c9 DESTAQUE NA REVISTA ANABOM 17 JUL\/AGO\/SET &#8211; 2024"},"content":{"rendered":"\n<p class=\"has-black-color has-text-color has-link-color wp-elements-1636fdb0e8e8da124144b662127de77e\">O Corpo de Bombeiros Militar do Estado de Rond\u00f4nia (CBMRO) foi capa da revista ANABOM \u2013 Associa\u00e7\u00e3o Nacional dos Bombeiros, na edi\u00e7\u00e3o 17 Jul\/Ago\/Set &#8211; 2024. Em entrevista abrangente, o Comandante-Geral compartilhou detalhes de sua trajet\u00f3ria, experi\u00eancias marcantes e as iniciativas do CBMRO para servir e proteger a popula\u00e7\u00e3o de Rond\u00f4nia.<\/p>\n\n\n\n<p class=\"has-black-color has-text-color has-link-color wp-elements-e6456a6c3ed9b6fcbcdbd408dc641234\">O Comandante-Geral do CBMRO, Coronel BM Nivaldo de Azevedo Ferreira, \u00e9 um dos 182 pioneiros do CBMRO, institui\u00e7\u00e3o formada ap\u00f3s a emancipa\u00e7\u00e3o do grupamento de bombeiros da Pol\u00edcia Militar do Estado, em 1998. Ele ingressou na PMRO em 1990, com apenas 20 anos, ap\u00f3s cumprir o servi\u00e7o militar no Ex\u00e9rcito Brasileiro em sua cidade natal, Tr\u00eas Lagoas-MS. Optou por integrar o CBMRO desde sua funda\u00e7\u00e3o e foi promovido ao cargo de Comandante-Geral em 2021, ap\u00f3s uma carreira marcada por desafios e comando de unidades operacionais em diversas regi\u00f5es do Estado.<\/p>\n\n\n\n<p class=\"has-black-color has-text-color has-link-color wp-elements-975b757abc13adb1b427db95c98a6e5c\">Entre os in\u00fameros atendimentos realizados ao longo de sua carreira, o Comandante destacou a grande enchente de 2014 em Guajar\u00e1-Mirim como a mais relevante. Na \u00e9poca, ele liderou a\u00e7\u00f5es cruciais para enfrentar o isolamento e desabastecimento da cidade, coordenando uma opera\u00e7\u00e3o que uniu esfor\u00e7os de diferentes \u00f3rg\u00e3os e da comunidade local. &#8220;Foram cerca de tr\u00eas meses de trabalho intenso&#8221;, relembra o Coronel, destacando o papel da defesa civil estruturada no CBMRO.<\/p>\n\n\n\n<p class=\"has-black-color has-text-color has-link-color wp-elements-c489ec691b1619ec0ac6fe72bea91a7e\">O Coronel enfatizou a import\u00e2ncia das parcerias com outros \u00f3rg\u00e3os de emerg\u00eancia, como a Pol\u00edcia, SAMU e Defesa Civil. &#8220;Essas colabora\u00e7\u00f5es permitem uma resposta r\u00e1pida e coordenada, minimizando danos e salvando vidas&#8221;, explicou. O compartilhamento de recursos e treinamentos conjuntos refor\u00e7am a capacidade de resposta integrada e eficiente.<\/p>\n\n\n\n<p class=\"has-black-color has-text-color has-link-color wp-elements-5c44f103bdf6fe8f592085251e8aa89e\">Sobre as emerg\u00eancias industriais, o Comandante-Geral mencionou a atua\u00e7\u00e3o do CBMRO na preven\u00e7\u00e3o e gest\u00e3o de riscos, com destaque para os registros envolvendo produtos perigosos, como vazamentos e explos\u00f5es. &#8220;Apesar do crescimento industrial ser limitado em compara\u00e7\u00e3o com outros estados, mantemos a prepara\u00e7\u00e3o para lidar com emerg\u00eancias desse tipo&#8221;, afirmou.<\/p>\n\n\n\n<p class=\"has-black-color has-text-color has-link-color wp-elements-dbc173d9436d56b97f8d8f27b764f2a9\">O CBMRO se destaca em a\u00e7\u00f5es de preven\u00e7\u00e3o, especialmente nos per\u00edodos cr\u00edticos de chuvas e estiagem na Amaz\u00f4nia, que trazem riscos de enchentes e inc\u00eandios florestais. A Opera\u00e7\u00e3o Verde Rond\u00f4nia, por exemplo, \u00e9 uma iniciativa de sucesso que, em 2024, j\u00e1 realizou mais de 12 mil a\u00e7\u00f5es preventivas.<\/p>\n\n\n\n<p class=\"has-black-color has-text-color has-link-color wp-elements-42e833b5764b1037375e27fb8a43d04f\">O Coronel tamb\u00e9m relembrou a participa\u00e7\u00e3o do CBMRO na maior opera\u00e7\u00e3o humanit\u00e1ria de apoio \u00e0 popula\u00e7\u00e3o do Rio Grande do Sul, em que a corpora\u00e7\u00e3o enfrentou condi\u00e7\u00f5es extremas para resgatar v\u00edtimas e levar ajuda aos mais necessitados. &#8220;O frio e as condi\u00e7\u00f5es adversas exigiram muito da equipe, mas a determina\u00e7\u00e3o de ajudar foi maior que qualquer desafio&#8221;, comentou.<\/p>\n\n\n\n<p class=\"has-black-color has-text-color has-link-color wp-elements-b0376261357cb62c373ed1f267b9b530\">A prepara\u00e7\u00e3o constante dos bombeiros \u00e9 uma prioridade, e o CBMRO investe em cursos e treinamentos regulares para capacitar seus profissionais. Al\u00e9m disso, a moderniza\u00e7\u00e3o dos equipamentos \u00e9 fundamental para a efic\u00e1cia e seguran\u00e7a das opera\u00e7\u00f5es.<\/p>\n\n\n\n<p class=\"has-black-color has-text-color has-link-color wp-elements-1da4b52ce038841745a2fa75357006ac\">Ao final da entrevista, o Coronel Nivaldo deixou uma mensagem de encorajamento aos novos bombeiros. &#8220;A profiss\u00e3o \u00e9 tanto um privil\u00e9gio quanto uma grande responsabilidade. Mantenham a coragem, o compromisso e a dedica\u00e7\u00e3o. Trabalhem em equipe e estejam sempre preparados para servir com integridade e profissionalismo&#8221;, concluiu, refor\u00e7ando o lema do CBMRO: <strong>\u201cVidas alheias e riquezas salvar\u201d<\/strong>.<\/p>\n\n\n\n<p class=\"has-black-color has-text-color has-link-color wp-elements-45327e88e814427baa0b351c426766c5\">A presen\u00e7a do Coronel Nivaldo na capa da revista ANABOM \u00e9 um reflexo do comprometimento e excel\u00eancia do Corpo de Bombeiros Militar do Estado de Rond\u00f4nia em servir \u00e0 popula\u00e7\u00e3o rondoniense.<\/p>\n\n\n\n<p class=\"has-text-align-center has-vivid-red-color has-text-color has-link-color has-medium-font-size wp-elements-4b0eb03e500be7abc8aa4b340916aa6a\">Leia a entrevista na \u00edntegra clicando <a href=\"https:\/\/www.cbm.ro.gov.br\/wp-content\/uploads\/2024\/11\/Materia-Comandante-ANABOM_.pdf\" target=\"_blank\" rel=\"noreferrer noopener\"><strong><span style=\"text-decoration: underline;\">aqui<\/span><\/strong>.<\/a><\/p>\n\n\n\n<p><\/p>\n","protected":false},"excerpt":{"rendered":"<p>O Corpo de Bombeiros Militar do Estado de Rond\u00f4nia (CBMRO) foi capa da revista ANABOM \u2013 Associa\u00e7\u00e3o Nacional dos Bombeiros, na edi\u00e7\u00e3o 17 Jul\/Ago\/Set &#8211; 2024. Em entrevista abrangente, o&hellip;<\/p>\n","protected":false},"author":3,"featured_media":3789,"comment_status":"closed","ping_status":"open","sticky":false,"template":"","format":"standard","meta":{"footnotes":""},"categories":[1],"tags":[175,176,13,177,86,178],"class_list":["post-3788","post","type-post","status-publish","format-standard","has-post-thumbnail","hentry","category-cbmro","tag-anabom","tag-associacao-nacional-dos-bombeiros","tag-cbmro","tag-entrevista","tag-governoderondonia","tag-rondonia"],"yoast_head":"<!-- This site is optimized with the Yoast SEO plugin v23.7 - https:\/\/yoast.com\/wordpress\/plugins\/seo\/ -->\n<title>CORPO DE BOMBEIROS MILITAR DE ROND\u00d4NIA \u00c9 DESTAQUE NA REVISTA ANABOM 17 JUL\/AGO\/SET - 2024 - Corpo de Bombeiros Militar de Rond\u00f4nia<\/title>\n<meta name=\"robots\" content=\"index, follow, max-snippet:-1, max-image-preview:large, max-video-preview:-1\" \/>\n<link rel=\"canonical\" href=\"https:\/\/www.cbm.ro.gov.br\/?p=3788\" \/>\n<meta property=\"og:locale\" content=\"pt_BR\" \/>\n<meta property=\"og:type\" content=\"article\" \/>\n<meta property=\"og:title\" content=\"CORPO DE BOMBEIROS MILITAR DE ROND\u00d4NIA \u00c9 DESTAQUE NA REVISTA ANABOM 17 JUL\/AGO\/SET - 2024 - Corpo de Bombeiros Militar de Rond\u00f4nia\" \/>\n<meta property=\"og:description\" content=\"O Corpo de Bombeiros Militar do Estado de Rond\u00f4nia (CBMRO) foi capa da revista ANABOM \u2013 Associa\u00e7\u00e3o Nacional dos Bombeiros, na edi\u00e7\u00e3o 17 Jul\/Ago\/Set &#8211; 2024. Em entrevista abrangente, o&hellip;\" \/>\n<meta property=\"og:url\" content=\"https:\/\/www.cbm.ro.gov.br\/?p=3788\" \/>\n<meta property=\"og:site_name\" content=\"Corpo de Bombeiros Militar de Rond\u00f4nia\" \/>\n<meta property=\"article:publisher\" content=\"https:\/\/www.facebook.com\/cbmro.oficial\/\" \/>\n<meta property=\"article:published_time\" content=\"2024-11-06T14:53:51+00:00\" \/>\n<meta property=\"article:modified_time\" content=\"2024-11-06T14:53:52+00:00\" \/>\n<meta property=\"og:image\" content=\"https:\/\/www.cbm.ro.gov.br\/wp-content\/uploads\/2024\/11\/1-CAPA-ANABOM-COMANDANTE.png\" \/>\n\t<meta property=\"og:image:width\" content=\"1920\" \/>\n\t<meta property=\"og:image:height\" content=\"1080\" \/>\n\t<meta property=\"og:image:type\" content=\"image\/png\" \/>\n<meta name=\"author\" content=\"Diovana Castellon\" \/>\n<meta name=\"twitter:card\" content=\"summary_large_image\" \/>\n<meta name=\"twitter:label1\" content=\"Escrito por\" \/>\n\t<meta name=\"twitter:data1\" content=\"Diovana Castellon\" \/>\n\t<meta name=\"twitter:label2\" content=\"Est. tempo de leitura\" \/>\n\t<meta name=\"twitter:data2\" content=\"3 minutos\" \/>\n<script type=\"application\/ld+json\" class=\"yoast-schema-graph\">{\"@context\":\"https:\/\/schema.org\",\"@graph\":[{\"@type\":\"Article\",\"@id\":\"https:\/\/www.cbm.ro.gov.br\/?p=3788#article\",\"isPartOf\":{\"@id\":\"https:\/\/www.cbm.ro.gov.br\/?p=3788\"},\"author\":{\"name\":\"Diovana Castellon\",\"@id\":\"https:\/\/www.cbm.ro.gov.br\/#\/schema\/person\/8e7b7a65b9962de993d36cb5fca8412f\"},\"headline\":\"CORPO DE BOMBEIROS MILITAR DE ROND\u00d4NIA \u00c9 DESTAQUE NA REVISTA ANABOM 17 JUL\/AGO\/SET &#8211; 2024\",\"datePublished\":\"2024-11-06T14:53:51+00:00\",\"dateModified\":\"2024-11-06T14:53:52+00:00\",\"mainEntityOfPage\":{\"@id\":\"https:\/\/www.cbm.ro.gov.br\/?p=3788\"},\"wordCount\":618,\"publisher\":{\"@id\":\"https:\/\/www.cbm.ro.gov.br\/#organization\"},\"image\":{\"@id\":\"https:\/\/www.cbm.ro.gov.br\/?p=3788#primaryimage\"},\"thumbnailUrl\":\"https:\/\/www.cbm.ro.gov.br\/wp-content\/uploads\/2024\/11\/1-CAPA-ANABOM-COMANDANTE.png\",\"keywords\":[\"ANABOM\",\"Associa\u00e7\u00e3o Nacional dos Bombeiros\",\"CBMRO\",\"ENTREVISTA\",\"GOVERNODERONDONIA\",\"ROND\u00d4NIA\"],\"articleSection\":[\"CBMRO\"],\"inLanguage\":\"pt-BR\"},{\"@type\":\"WebPage\",\"@id\":\"https:\/\/www.cbm.ro.gov.br\/?p=3788\",\"url\":\"https:\/\/www.cbm.ro.gov.br\/?p=3788\",\"name\":\"CORPO DE BOMBEIROS MILITAR DE ROND\u00d4NIA \u00c9 DESTAQUE NA REVISTA ANABOM 17 JUL\/AGO\/SET - 2024 - Corpo de Bombeiros Militar de Rond\u00f4nia\",\"isPartOf\":{\"@id\":\"https:\/\/www.cbm.ro.gov.br\/#website\"},\"primaryImageOfPage\":{\"@id\":\"https:\/\/www.cbm.ro.gov.br\/?p=3788#primaryimage\"},\"image\":{\"@id\":\"https:\/\/www.cbm.ro.gov.br\/?p=3788#primaryimage\"},\"thumbnailUrl\":\"https:\/\/www.cbm.ro.gov.br\/wp-content\/uploads\/2024\/11\/1-CAPA-ANABOM-COMANDANTE.png\",\"datePublished\":\"2024-11-06T14:53:51+00:00\",\"dateModified\":\"2024-11-06T14:53:52+00:00\",\"breadcrumb\":{\"@id\":\"https:\/\/www.cbm.ro.gov.br\/?p=3788#breadcrumb\"},\"inLanguage\":\"pt-BR\",\"potentialAction\":[{\"@type\":\"ReadAction\",\"target\":[\"https:\/\/www.cbm.ro.gov.br\/?p=3788\"]}]},{\"@type\":\"ImageObject\",\"inLanguage\":\"pt-BR\",\"@id\":\"https:\/\/www.cbm.ro.gov.br\/?p=3788#primaryimage\",\"url\":\"https:\/\/www.cbm.ro.gov.br\/wp-content\/uploads\/2024\/11\/1-CAPA-ANABOM-COMANDANTE.png\",\"contentUrl\":\"https:\/\/www.cbm.ro.gov.br\/wp-content\/uploads\/2024\/11\/1-CAPA-ANABOM-COMANDANTE.png\",\"width\":1920,\"height\":1080},{\"@type\":\"BreadcrumbList\",\"@id\":\"https:\/\/www.cbm.ro.gov.br\/?p=3788#breadcrumb\",\"itemListElement\":[{\"@type\":\"ListItem\",\"position\":1,\"name\":\"In\u00edcio\",\"item\":\"https:\/\/www.cbm.ro.gov.br\/\"},{\"@type\":\"ListItem\",\"position\":2,\"name\":\"CORPO DE BOMBEIROS MILITAR DE ROND\u00d4NIA \u00c9 DESTAQUE NA REVISTA ANABOM 17 JUL\/AGO\/SET &#8211; 2024\"}]},{\"@type\":\"WebSite\",\"@id\":\"https:\/\/www.cbm.ro.gov.br\/#website\",\"url\":\"https:\/\/www.cbm.ro.gov.br\/\",\"name\":\"Corpo de Bombeiros Militar de Rond\u00f4nia\",\"description\":\"Vidas alheias, riquezas salvar!\",\"publisher\":{\"@id\":\"https:\/\/www.cbm.ro.gov.br\/#organization\"},\"alternateName\":\"cbmro\",\"potentialAction\":[{\"@type\":\"SearchAction\",\"target\":{\"@type\":\"EntryPoint\",\"urlTemplate\":\"https:\/\/www.cbm.ro.gov.br\/?s={search_term_string}\"},\"query-input\":{\"@type\":\"PropertyValueSpecification\",\"valueRequired\":true,\"valueName\":\"search_term_string\"}}],\"inLanguage\":\"pt-BR\"},{\"@type\":\"Organization\",\"@id\":\"https:\/\/www.cbm.ro.gov.br\/#organization\",\"name\":\"Corpo de Bombeiros Militar do Estado de Rond\u00f4nia\",\"alternateName\":\"CBMRO\",\"url\":\"https:\/\/www.cbm.ro.gov.br\/\",\"logo\":{\"@type\":\"ImageObject\",\"inLanguage\":\"pt-BR\",\"@id\":\"https:\/\/www.cbm.ro.gov.br\/#\/schema\/logo\/image\/\",\"url\":\"https:\/\/www.cbm.ro.gov.br\/wp-content\/uploads\/2023\/12\/cropped-cropped-cropped-BRASO_3D_32-1-e1724344443171.png\",\"contentUrl\":\"https:\/\/www.cbm.ro.gov.br\/wp-content\/uploads\/2023\/12\/cropped-cropped-cropped-BRASO_3D_32-1-e1724344443171.png\",\"width\":446,\"height\":441,\"caption\":\"Corpo de Bombeiros Militar do Estado de Rond\u00f4nia\"},\"image\":{\"@id\":\"https:\/\/www.cbm.ro.gov.br\/#\/schema\/logo\/image\/\"},\"sameAs\":[\"https:\/\/www.facebook.com\/cbmro.oficial\/\",\"https:\/\/www.youtube.com\/c\/CorpodeBombeirosMilitardoEstadodeRond\u00f4nia\"]},{\"@type\":\"Person\",\"@id\":\"https:\/\/www.cbm.ro.gov.br\/#\/schema\/person\/8e7b7a65b9962de993d36cb5fca8412f\",\"name\":\"Diovana Castellon\",\"url\":\"https:\/\/www.cbm.ro.gov.br\/?author=3\"}]}<\/script>\n<!-- \/ Yoast SEO plugin. -->","yoast_head_json":{"title":"CORPO DE BOMBEIROS MILITAR DE ROND\u00d4NIA \u00c9 DESTAQUE NA REVISTA ANABOM 17 JUL\/AGO\/SET - 2024 - Corpo de Bombeiros Militar de Rond\u00f4nia","robots":{"index":"index","follow":"follow","max-snippet":"max-snippet:-1","max-image-preview":"max-image-preview:large","max-video-preview":"max-video-preview:-1"},"canonical":"https:\/\/www.cbm.ro.gov.br\/?p=3788","og_locale":"pt_BR","og_type":"article","og_title":"CORPO DE BOMBEIROS MILITAR DE ROND\u00d4NIA \u00c9 DESTAQUE NA REVISTA ANABOM 17 JUL\/AGO\/SET - 2024 - Corpo de Bombeiros Militar de Rond\u00f4nia","og_description":"O Corpo de Bombeiros Militar do Estado de Rond\u00f4nia (CBMRO) foi capa da revista ANABOM \u2013 Associa\u00e7\u00e3o Nacional dos Bombeiros, na edi\u00e7\u00e3o 17 Jul\/Ago\/Set &#8211; 2024. Em entrevista abrangente, o&hellip;","og_url":"https:\/\/www.cbm.ro.gov.br\/?p=3788","og_site_name":"Corpo de Bombeiros Militar de Rond\u00f4nia","article_publisher":"https:\/\/www.facebook.com\/cbmro.oficial\/","article_published_time":"2024-11-06T14:53:51+00:00","article_modified_time":"2024-11-06T14:53:52+00:00","og_image":[{"width":1920,"height":1080,"url":"https:\/\/www.cbm.ro.gov.br\/wp-content\/uploads\/2024\/11\/1-CAPA-ANABOM-COMANDANTE.png","type":"image\/png"}],"author":"Diovana Castellon","twitter_card":"summary_large_image","twitter_misc":{"Escrito por":"Diovana Castellon","Est. tempo de leitura":"3 minutos"},"schema":{"@context":"https:\/\/schema.org","@graph":[{"@type":"Article","@id":"https:\/\/www.cbm.ro.gov.br\/?p=3788#article","isPartOf":{"@id":"https:\/\/www.cbm.ro.gov.br\/?p=3788"},"author":{"name":"Diovana Castellon","@id":"https:\/\/www.cbm.ro.gov.br\/#\/schema\/person\/8e7b7a65b9962de993d36cb5fca8412f"},"headline":"CORPO DE BOMBEIROS MILITAR DE ROND\u00d4NIA \u00c9 DESTAQUE NA REVISTA ANABOM 17 JUL\/AGO\/SET &#8211; 2024","datePublished":"2024-11-06T14:53:51+00:00","dateModified":"2024-11-06T14:53:52+00:00","mainEntityOfPage":{"@id":"https:\/\/www.cbm.ro.gov.br\/?p=3788"},"wordCount":618,"publisher":{"@id":"https:\/\/www.cbm.ro.gov.br\/#organization"},"image":{"@id":"https:\/\/www.cbm.ro.gov.br\/?p=3788#primaryimage"},"thumbnailUrl":"https:\/\/www.cbm.ro.gov.br\/wp-content\/uploads\/2024\/11\/1-CAPA-ANABOM-COMANDANTE.png","keywords":["ANABOM","Associa\u00e7\u00e3o Nacional dos Bombeiros","CBMRO","ENTREVISTA","GOVERNODERONDONIA","ROND\u00d4NIA"],"articleSection":["CBMRO"],"inLanguage":"pt-BR"},{"@type":"WebPage","@id":"https:\/\/www.cbm.ro.gov.br\/?p=3788","url":"https:\/\/www.cbm.ro.gov.br\/?p=3788","name":"CORPO DE BOMBEIROS MILITAR DE ROND\u00d4NIA \u00c9 DESTAQUE NA REVISTA ANABOM 17 JUL\/AGO\/SET - 2024 - Corpo de Bombeiros Militar de Rond\u00f4nia","isPartOf":{"@id":"https:\/\/www.cbm.ro.gov.br\/#website"},"primaryImageOfPage":{"@id":"https:\/\/www.cbm.ro.gov.br\/?p=3788#primaryimage"},"image":{"@id":"https:\/\/www.cbm.ro.gov.br\/?p=3788#primaryimage"},"thumbnailUrl":"https:\/\/www.cbm.ro.gov.br\/wp-content\/uploads\/2024\/11\/1-CAPA-ANABOM-COMANDANTE.png","datePublished":"2024-11-06T14:53:51+00:00","dateModified":"2024-11-06T14:53:52+00:00","breadcrumb":{"@id":"https:\/\/www.cbm.ro.gov.br\/?p=3788#breadcrumb"},"inLanguage":"pt-BR","potentialAction":[{"@type":"ReadAction","target":["https:\/\/www.cbm.ro.gov.br\/?p=3788"]}]},{"@type":"ImageObject","inLanguage":"pt-BR","@id":"https:\/\/www.cbm.ro.gov.br\/?p=3788#primaryimage","url":"https:\/\/www.cbm.ro.gov.br\/wp-content\/uploads\/2024\/11\/1-CAPA-ANABOM-COMANDANTE.png","contentUrl":"https:\/\/www.cbm.ro.gov.br\/wp-content\/uploads\/2024\/11\/1-CAPA-ANABOM-COMANDANTE.png","width":1920,"height":1080},{"@type":"BreadcrumbList","@id":"https:\/\/www.cbm.ro.gov.br\/?p=3788#breadcrumb","itemListElement":[{"@type":"ListItem","position":1,"name":"In\u00edcio","item":"https:\/\/www.cbm.ro.gov.br\/"},{"@type":"ListItem","position":2,"name":"CORPO DE BOMBEIROS MILITAR DE ROND\u00d4NIA \u00c9 DESTAQUE NA REVISTA ANABOM 17 JUL\/AGO\/SET &#8211; 2024"}]},{"@type":"WebSite","@id":"https:\/\/www.cbm.ro.gov.br\/#website","url":"https:\/\/www.cbm.ro.gov.br\/","name":"Corpo de Bombeiros Militar de Rond\u00f4nia","description":"Vidas alheias, riquezas salvar!","publisher":{"@id":"https:\/\/www.cbm.ro.gov.br\/#organization"},"alternateName":"cbmro","potentialAction":[{"@type":"SearchAction","target":{"@type":"EntryPoint","urlTemplate":"https:\/\/www.cbm.ro.gov.br\/?s={search_term_string}"},"query-input":{"@type":"PropertyValueSpecification","valueRequired":true,"valueName":"search_term_string"}}],"inLanguage":"pt-BR"},{"@type":"Organization","@id":"https:\/\/www.cbm.ro.gov.br\/#organization","name":"Corpo de Bombeiros Militar do Estado de Rond\u00f4nia","alternateName":"CBMRO","url":"https:\/\/www.cbm.ro.gov.br\/","logo":{"@type":"ImageObject","inLanguage":"pt-BR","@id":"https:\/\/www.cbm.ro.gov.br\/#\/schema\/logo\/image\/","url":"https:\/\/www.cbm.ro.gov.br\/wp-content\/uploads\/2023\/12\/cropped-cropped-cropped-BRASO_3D_32-1-e1724344443171.png","contentUrl":"https:\/\/www.cbm.ro.gov.br\/wp-content\/uploads\/2023\/12\/cropped-cropped-cropped-BRASO_3D_32-1-e1724344443171.png","width":446,"height":441,"caption":"Corpo de Bombeiros Militar do Estado de Rond\u00f4nia"},"image":{"@id":"https:\/\/www.cbm.ro.gov.br\/#\/schema\/logo\/image\/"},"sameAs":["https:\/\/www.facebook.com\/cbmro.oficial\/","https:\/\/www.youtube.com\/c\/CorpodeBombeirosMilitardoEstadodeRond\u00f4nia"]},{"@type":"Person","@id":"https:\/\/www.cbm.ro.gov.br\/#\/schema\/person\/8e7b7a65b9962de993d36cb5fca8412f","name":"Diovana Castellon","url":"https:\/\/www.cbm.ro.gov.br\/?author=3"}]}},"wpmagazine_modules_lite_featured_media_urls":{"thumbnail":["https:\/\/www.cbm.ro.gov.br\/wp-content\/uploads\/2024\/11\/1-CAPA-ANABOM-COMANDANTE-150x150.png",150,150,true],"cvmm-medium":["https:\/\/www.cbm.ro.gov.br\/wp-content\/uploads\/2024\/11\/1-CAPA-ANABOM-COMANDANTE-300x300.png",300,300,true],"cvmm-medium-plus":["https:\/\/www.cbm.ro.gov.br\/wp-content\/uploads\/2024\/11\/1-CAPA-ANABOM-COMANDANTE-305x207.png",305,207,true],"cvmm-portrait":["https:\/\/www.cbm.ro.gov.br\/wp-content\/uploads\/2024\/11\/1-CAPA-ANABOM-COMANDANTE-400x600.png",400,600,true],"cvmm-medium-square":["https:\/\/www.cbm.ro.gov.br\/wp-content\/uploads\/2024\/11\/1-CAPA-ANABOM-COMANDANTE-600x600.png",600,600,true],"cvmm-large":["https:\/\/www.cbm.ro.gov.br\/wp-content\/uploads\/2024\/11\/1-CAPA-ANABOM-COMANDANTE-1024x1024.png",1024,1024,true],"cvmm-small":["https:\/\/www.cbm.ro.gov.br\/wp-content\/uploads\/2024\/11\/1-CAPA-ANABOM-COMANDANTE-130x95.png",130,95,true],"full":["https:\/\/www.cbm.ro.gov.br\/wp-content\/uploads\/2024\/11\/1-CAPA-ANABOM-COMANDANTE.png",1920,1080,false]},"categories_names":{"1":{"name":"CBMRO","link":"https:\/\/www.cbm.ro.gov.br\/?cat=1"}},"tags_names":{"175":{"name":"ANABOM","link":"https:\/\/www.cbm.ro.gov.br\/?tag=anabom"},"176":{"name":"Associa\u00e7\u00e3o Nacional dos Bombeiros","link":"https:\/\/www.cbm.ro.gov.br\/?tag=associacao-nacional-dos-bombeiros"},"13":{"name":"CBMRO","link":"https:\/\/www.cbm.ro.gov.br\/?tag=cbmro"},"177":{"name":"ENTREVISTA","link":"https:\/\/www.cbm.ro.gov.br\/?tag=entrevista"},"86":{"name":"GOVERNODERONDONIA","link":"https:\/\/www.cbm.ro.gov.br\/?tag=governoderondonia"},"178":{"name":"ROND\u00d4NIA","link":"https:\/\/www.cbm.ro.gov.br\/?tag=rondonia"}},"comments_number":"0","_links":{"self":[{"href":"https:\/\/www.cbm.ro.gov.br\/index.php?rest_route=\/wp\/v2\/posts\/3788","targetHints":{"allow":["GET"]}}],"collection":[{"href":"https:\/\/www.cbm.ro.gov.br\/index.php?rest_route=\/wp\/v2\/posts"}],"about":[{"href":"https:\/\/www.cbm.ro.gov.br\/index.php?rest_route=\/wp\/v2\/types\/post"}],"author":[{"embeddable":true,"href":"https:\/\/www.cbm.ro.gov.br\/index.php?rest_route=\/wp\/v2\/users\/3"}],"replies":[{"embeddable":true,"href":"https:\/\/www.cbm.ro.gov.br\/index.php?rest_route=%2Fwp%2Fv2%2Fcomments&post=3788"}],"version-history":[{"count":5,"href":"https:\/\/www.cbm.ro.gov.br\/index.php?rest_route=\/wp\/v2\/posts\/3788\/revisions"}],"predecessor-version":[{"id":3795,"href":"https:\/\/www.cbm.ro.gov.br\/index.php?rest_route=\/wp\/v2\/posts\/3788\/revisions\/3795"}],"wp:featuredmedia":[{"embeddable":true,"href":"https:\/\/www.cbm.ro.gov.br\/index.php?rest_route=\/wp\/v2\/media\/3789"}],"wp:attachment":[{"href":"https:\/\/www.cbm.ro.gov.br\/index.php?rest_route=%2Fwp%2Fv2%2Fmedia&parent=3788"}],"wp:term":[{"taxonomy":"category","embeddable":true,"href":"https:\/\/www.cbm.ro.gov.br\/index.php?rest_route=%2Fwp%2Fv2%2Fcategories&post=3788"},{"taxonomy":"post_tag","embeddable":true,"href":"https:\/\/www.cbm.ro.gov.br\/index.php?rest_route=%2Fwp%2Fv2%2Ftags&post=3788"}],"curies":[{"name":"wp","href":"https:\/\/api.w.org\/{rel}","templated":true}]}}