{"id":3747,"date":"2024-11-04T09:03:05","date_gmt":"2024-11-04T13:03:05","guid":{"rendered":"https:\/\/www.cbm.ro.gov.br\/?p=3747"},"modified":"2024-11-04T09:03:06","modified_gmt":"2024-11-04T13:03:06","slug":"governo-de-ro-por-intermedio-do-cbmro-realiza-acoes-humanitarias-em-comunidades-ribeirinhas-no-alto-e-baixo-madeira","status":"publish","type":"post","link":"https:\/\/www.cbm.ro.gov.br\/?p=3747","title":{"rendered":"GOVERNO DE RO POR INTERM\u00c9DIO DO CBMRO REALIZA A\u00c7\u00d5ES HUMANIT\u00c1RIAS EM COMUNIDADES RIBEIRINHAS NO ALTO E BAIXO MADEIRA"},"content":{"rendered":"\n<p>AJUDA HUMANIT\u00c1RIA<\/p>\n\n\n\n<p id=\"caption-attachment-817607\"><em><strong>O Comit\u00ea iniciou, na quinta-feira (31), a\u00e7\u00f5es de ajuda humanit\u00e1ria na regi\u00e3o do Alto Madeira; e segue nesta sexta-feira com entregas no Baixo Madeira<\/strong><\/em><\/p>\n\n\n\n<blockquote class=\"wp-block-quote is-layout-flow wp-block-quote-is-layout-flow\">\n<p><strong>D<\/strong>iante do cen\u00e1rio de escassez h\u00eddrica que afeta Rond\u00f4nia, o governo do estado estabeleceu o Comit\u00ea Gestor para Adapta\u00e7\u00e3o e Enfrentamento \u00e0s Mudan\u00e7as Clim\u00e1ticas que, por meio da Coordenadoria Estadual de Prote\u00e7\u00e3o e Defesa Civil de Rond\u00f4nia (CEPDEC-RO) e do Corpo de Bombeiros Militar de Rond\u00f4nia (CBMRO), iniciou na quinta-feira (31), a\u00e7\u00f5es de ajuda humanit\u00e1ria na regi\u00e3o do Alto Madeira.<\/p>\n<\/blockquote>\n\n\n\n<p><img fetchpriority=\"high\" decoding=\"async\" src=\"https:\/\/rondonia.ro.gov.br\/wp-content\/uploads\/2024\/10\/PILOTOS-CBMRO-370x421.jpeg\" alt=\"\" width=\"300\" height=\"341\" srcset=\"https:\/\/rondonia.ro.gov.br\/wp-content\/uploads\/2024\/10\/PILOTOS-CBMRO-370x421.jpeg 370w, https:\/\/rondonia.ro.gov.br\/wp-content\/uploads\/2024\/10\/PILOTOS-CBMRO-768x873.jpeg 768w, https:\/\/rondonia.ro.gov.br\/wp-content\/uploads\/2024\/10\/PILOTOS-CBMRO-170x193.jpeg 170w, https:\/\/rondonia.ro.gov.br\/wp-content\/uploads\/2024\/10\/PILOTOS-CBMRO-570x648.jpeg 570w, https:\/\/rondonia.ro.gov.br\/wp-content\/uploads\/2024\/10\/PILOTOS-CBMRO-870x989.jpeg 870w, https:\/\/rondonia.ro.gov.br\/wp-content\/uploads\/2024\/10\/PILOTOS-CBMRO.jpeg 1267w\"><\/p>\n\n\n\n<p id=\"caption-attachment-817608\">Equipe de resgate e apoio iniciou a distribui\u00e7\u00e3o de cestas b\u00e1sicas e kits de higiene<\/p>\n\n\n\n<p>Com o apoio de uma aeronave de asa rotativa, que retornou a Porto Velho ap\u00f3s uma opera\u00e7\u00e3o de entrega de mantimentos para comunidades ind\u00edgenas na regi\u00e3o de Guajar\u00e1-Mirim; a equipe de resgate e apoio iniciou a distribui\u00e7\u00e3o de cestas b\u00e1sicas e kits de higiene doados pela Secretaria de Estado da Assist\u00eancia e do Desenvolvimento Social (Seas) aos moradores da Reserva Extrativista (Resex) Bem-te-vi, localizada na regi\u00e3o de Jacy-Paran\u00e1.<\/p>\n\n\n\n<p>As a\u00e7\u00f5es est\u00e3o sendo coordenadas pelo Comit\u00ea Gestor, que acompanha de perto as demandas emergenciais das comunidades afetadas pela escassez de \u00e1gua, e demais dificuldades trazidas pela seca. Nesta sexta-feira (1\u00ba), as opera\u00e7\u00f5es seguem em ritmo acelerado com a amplia\u00e7\u00e3o das entregas para regi\u00e3o do Baixo Madeira.<\/p>\n\n\n\n<p>As comunidades ribeirinhas recebem donativos fornecidos pelo projeto Sesc Mesa Brasil, iniciativa que refor\u00e7a a uni\u00e3o de esfor\u00e7os em prol da seguran\u00e7a alimentar das fam\u00edlias em \u00e1reas remotas.<\/p>\n\n\n\n<p><strong>A\u00c7\u00d5ES INTEGRADAS<\/strong><\/p>\n\n\n\n<p><img decoding=\"async\" src=\"https:\/\/rondonia.ro.gov.br\/wp-content\/uploads\/2024\/10\/CBMRO-DONATIVOS-SEAS-370x247.jpeg\" alt=\"\" width=\"370\" height=\"247\" srcset=\"https:\/\/rondonia.ro.gov.br\/wp-content\/uploads\/2024\/10\/CBMRO-DONATIVOS-SEAS-370x247.jpeg 370w, https:\/\/rondonia.ro.gov.br\/wp-content\/uploads\/2024\/10\/CBMRO-DONATIVOS-SEAS-768x512.jpeg 768w, https:\/\/rondonia.ro.gov.br\/wp-content\/uploads\/2024\/10\/CBMRO-DONATIVOS-SEAS-1536x1024.jpeg 1536w, https:\/\/rondonia.ro.gov.br\/wp-content\/uploads\/2024\/10\/CBMRO-DONATIVOS-SEAS-2048x1365.jpeg 2048w, https:\/\/rondonia.ro.gov.br\/wp-content\/uploads\/2024\/10\/CBMRO-DONATIVOS-SEAS-170x113.jpeg 170w, https:\/\/rondonia.ro.gov.br\/wp-content\/uploads\/2024\/10\/CBMRO-DONATIVOS-SEAS-570x380.jpeg 570w, https:\/\/rondonia.ro.gov.br\/wp-content\/uploads\/2024\/10\/CBMRO-DONATIVOS-SEAS-870x580.jpeg 870w, https:\/\/rondonia.ro.gov.br\/wp-content\/uploads\/2024\/10\/CBMRO-DONATIVOS-SEAS.jpeg 1280w\"><\/p>\n\n\n\n<p id=\"caption-attachment-817609\">Estima-se que ser\u00e3o entregues mais de uma tonelada de alimentos nessas opera\u00e7\u00f5es de ajuda humanit\u00e1ria<\/p>\n\n\n\n<p>Para o governador de Rond\u00f4nia, Marcos Rocha, a prioridade \u00e9 o bem-estar e a seguran\u00e7a da popula\u00e7\u00e3o rondoniense, essencialmente daqueles que est\u00e3o nas regi\u00f5es mais vulner\u00e1veis e impactadas pelas mudan\u00e7as clim\u00e1ticas. \u201cPor isso, o trabalho integrado do governo do estado com \u00f3rg\u00e3os e entidades est\u00e1 fazendo a diferen\u00e7a, levando apoio e recursos essenciais \u00e0s comunidades\u201d, pontuou.<\/p>\n\n\n\n<p>Estima-se que ser\u00e3o entregues mais de uma tonelada de alimentos nessas opera\u00e7\u00f5es de ajuda humanit\u00e1ria que seguir\u00e3o conforme planejado, atendendo \u00e0s decis\u00f5es do Comit\u00ea Gestor, que monitora, continuamente, a situa\u00e7\u00e3o e adapta as a\u00e7\u00f5es conforme \u00e0s necessidades das comunidades impactadas.<\/p>\n\n\n\n<figure class=\"wp-block-gallery has-nested-images columns-default is-cropped wp-block-gallery-1 is-layout-flex wp-block-gallery-is-layout-flex\">\n<figure class=\"wp-block-image size-large\"><img decoding=\"async\" width=\"1024\" height=\"683\" data-id=\"3749\" src=\"https:\/\/www.cbm.ro.gov.br\/wp-content\/uploads\/2024\/11\/CEL-JEFERSON-1024x683.jpg\" alt=\"\" class=\"wp-image-3749\" srcset=\"https:\/\/www.cbm.ro.gov.br\/wp-content\/uploads\/2024\/11\/CEL-JEFERSON-1024x683.jpg 1024w, https:\/\/www.cbm.ro.gov.br\/wp-content\/uploads\/2024\/11\/CEL-JEFERSON-300x200.jpg 300w, https:\/\/www.cbm.ro.gov.br\/wp-content\/uploads\/2024\/11\/CEL-JEFERSON-768x512.jpg 768w, https:\/\/www.cbm.ro.gov.br\/wp-content\/uploads\/2024\/11\/CEL-JEFERSON-1536x1024.jpg 1536w, https:\/\/www.cbm.ro.gov.br\/wp-content\/uploads\/2024\/11\/CEL-JEFERSON-2048x1365.jpg 2048w\" sizes=\"(max-width: 1024px) 100vw, 1024px\" \/><\/figure>\n<\/figure>\n","protected":false},"excerpt":{"rendered":"<p>AJUDA HUMANIT\u00c1RIA O Comit\u00ea iniciou, na quinta-feira (31), a\u00e7\u00f5es de ajuda humanit\u00e1ria na regi\u00e3o do Alto Madeira; e segue nesta sexta-feira com entregas no Baixo Madeira Diante do cen\u00e1rio de&hellip;<\/p>\n","protected":false},"author":5,"featured_media":3748,"comment_status":"closed","ping_status":"open","sticky":false,"template":"","format":"standard","meta":{"footnotes":""},"categories":[1,5],"tags":[156,13,78,162],"class_list":["post-3747","post","type-post","status-publish","format-standard","has-post-thumbnail","hentry","category-cbmro","category-defesa-civil","tag-ajudahumanitaria","tag-cbmro","tag-cepdec-ro","tag-governodero"],"yoast_head":"<!-- This site is optimized with the Yoast SEO plugin v23.7 - https:\/\/yoast.com\/wordpress\/plugins\/seo\/ -->\n<title>GOVERNO DE RO POR INTERM\u00c9DIO DO CBMRO REALIZA A\u00c7\u00d5ES HUMANIT\u00c1RIAS EM COMUNIDADES RIBEIRINHAS NO ALTO E BAIXO MADEIRA - Corpo de Bombeiros Militar de Rond\u00f4nia<\/title>\n<meta name=\"robots\" content=\"index, follow, max-snippet:-1, max-image-preview:large, max-video-preview:-1\" \/>\n<link rel=\"canonical\" href=\"https:\/\/www.cbm.ro.gov.br\/?p=3747\" \/>\n<meta property=\"og:locale\" content=\"pt_BR\" \/>\n<meta property=\"og:type\" content=\"article\" \/>\n<meta property=\"og:title\" content=\"GOVERNO DE RO POR INTERM\u00c9DIO DO CBMRO REALIZA A\u00c7\u00d5ES HUMANIT\u00c1RIAS EM COMUNIDADES RIBEIRINHAS NO ALTO E BAIXO MADEIRA - Corpo de Bombeiros Militar de Rond\u00f4nia\" \/>\n<meta property=\"og:description\" content=\"AJUDA HUMANIT\u00c1RIA O Comit\u00ea iniciou, na quinta-feira (31), a\u00e7\u00f5es de ajuda humanit\u00e1ria na regi\u00e3o do Alto Madeira; e segue nesta sexta-feira com entregas no Baixo Madeira Diante do cen\u00e1rio de&hellip;\" \/>\n<meta property=\"og:url\" content=\"https:\/\/www.cbm.ro.gov.br\/?p=3747\" \/>\n<meta property=\"og:site_name\" content=\"Corpo de Bombeiros Militar de Rond\u00f4nia\" \/>\n<meta property=\"article:publisher\" content=\"https:\/\/www.facebook.com\/cbmro.oficial\/\" \/>\n<meta property=\"article:published_time\" content=\"2024-11-04T13:03:05+00:00\" \/>\n<meta property=\"article:modified_time\" content=\"2024-11-04T13:03:06+00:00\" \/>\n<meta property=\"og:image\" content=\"https:\/\/www.cbm.ro.gov.br\/wp-content\/uploads\/2024\/11\/SGT-ROGERIO-scaled.jpg\" \/>\n\t<meta property=\"og:image:width\" content=\"2560\" \/>\n\t<meta property=\"og:image:height\" content=\"1707\" \/>\n\t<meta property=\"og:image:type\" content=\"image\/jpeg\" \/>\n<meta name=\"author\" content=\"Marcos Barros\" \/>\n<meta name=\"twitter:card\" content=\"summary_large_image\" \/>\n<meta name=\"twitter:label1\" content=\"Escrito por\" \/>\n\t<meta name=\"twitter:data1\" content=\"Marcos Barros\" \/>\n\t<meta name=\"twitter:label2\" content=\"Est. tempo de leitura\" \/>\n\t<meta name=\"twitter:data2\" content=\"2 minutos\" \/>\n<script type=\"application\/ld+json\" class=\"yoast-schema-graph\">{\"@context\":\"https:\/\/schema.org\",\"@graph\":[{\"@type\":\"Article\",\"@id\":\"https:\/\/www.cbm.ro.gov.br\/?p=3747#article\",\"isPartOf\":{\"@id\":\"https:\/\/www.cbm.ro.gov.br\/?p=3747\"},\"author\":{\"name\":\"Marcos Barros\",\"@id\":\"https:\/\/www.cbm.ro.gov.br\/#\/schema\/person\/b035b7e269aef4233e9514c2751917c5\"},\"headline\":\"GOVERNO DE RO POR INTERM\u00c9DIO DO CBMRO REALIZA A\u00c7\u00d5ES HUMANIT\u00c1RIAS EM COMUNIDADES RIBEIRINHAS NO ALTO E BAIXO MADEIRA\",\"datePublished\":\"2024-11-04T13:03:05+00:00\",\"dateModified\":\"2024-11-04T13:03:06+00:00\",\"mainEntityOfPage\":{\"@id\":\"https:\/\/www.cbm.ro.gov.br\/?p=3747\"},\"wordCount\":432,\"publisher\":{\"@id\":\"https:\/\/www.cbm.ro.gov.br\/#organization\"},\"image\":{\"@id\":\"https:\/\/www.cbm.ro.gov.br\/?p=3747#primaryimage\"},\"thumbnailUrl\":\"https:\/\/www.cbm.ro.gov.br\/wp-content\/uploads\/2024\/11\/SGT-ROGERIO-scaled.jpg\",\"keywords\":[\"AJUDAHUMANITARIA\",\"CBMRO\",\"CEPDEC-RO\",\"GOVERNODERO\"],\"articleSection\":[\"CBMRO\",\"Defesa Civil\"],\"inLanguage\":\"pt-BR\"},{\"@type\":\"WebPage\",\"@id\":\"https:\/\/www.cbm.ro.gov.br\/?p=3747\",\"url\":\"https:\/\/www.cbm.ro.gov.br\/?p=3747\",\"name\":\"GOVERNO DE RO POR INTERM\u00c9DIO DO CBMRO REALIZA A\u00c7\u00d5ES HUMANIT\u00c1RIAS EM COMUNIDADES RIBEIRINHAS NO ALTO E BAIXO MADEIRA - Corpo de Bombeiros Militar de Rond\u00f4nia\",\"isPartOf\":{\"@id\":\"https:\/\/www.cbm.ro.gov.br\/#website\"},\"primaryImageOfPage\":{\"@id\":\"https:\/\/www.cbm.ro.gov.br\/?p=3747#primaryimage\"},\"image\":{\"@id\":\"https:\/\/www.cbm.ro.gov.br\/?p=3747#primaryimage\"},\"thumbnailUrl\":\"https:\/\/www.cbm.ro.gov.br\/wp-content\/uploads\/2024\/11\/SGT-ROGERIO-scaled.jpg\",\"datePublished\":\"2024-11-04T13:03:05+00:00\",\"dateModified\":\"2024-11-04T13:03:06+00:00\",\"breadcrumb\":{\"@id\":\"https:\/\/www.cbm.ro.gov.br\/?p=3747#breadcrumb\"},\"inLanguage\":\"pt-BR\",\"potentialAction\":[{\"@type\":\"ReadAction\",\"target\":[\"https:\/\/www.cbm.ro.gov.br\/?p=3747\"]}]},{\"@type\":\"ImageObject\",\"inLanguage\":\"pt-BR\",\"@id\":\"https:\/\/www.cbm.ro.gov.br\/?p=3747#primaryimage\",\"url\":\"https:\/\/www.cbm.ro.gov.br\/wp-content\/uploads\/2024\/11\/SGT-ROGERIO-scaled.jpg\",\"contentUrl\":\"https:\/\/www.cbm.ro.gov.br\/wp-content\/uploads\/2024\/11\/SGT-ROGERIO-scaled.jpg\",\"width\":2560,\"height\":1707},{\"@type\":\"BreadcrumbList\",\"@id\":\"https:\/\/www.cbm.ro.gov.br\/?p=3747#breadcrumb\",\"itemListElement\":[{\"@type\":\"ListItem\",\"position\":1,\"name\":\"In\u00edcio\",\"item\":\"https:\/\/www.cbm.ro.gov.br\/\"},{\"@type\":\"ListItem\",\"position\":2,\"name\":\"GOVERNO DE RO POR INTERM\u00c9DIO DO CBMRO REALIZA A\u00c7\u00d5ES HUMANIT\u00c1RIAS EM COMUNIDADES RIBEIRINHAS NO ALTO E BAIXO MADEIRA\"}]},{\"@type\":\"WebSite\",\"@id\":\"https:\/\/www.cbm.ro.gov.br\/#website\",\"url\":\"https:\/\/www.cbm.ro.gov.br\/\",\"name\":\"Corpo de Bombeiros Militar de Rond\u00f4nia\",\"description\":\"Vidas alheias, riquezas salvar!\",\"publisher\":{\"@id\":\"https:\/\/www.cbm.ro.gov.br\/#organization\"},\"alternateName\":\"cbmro\",\"potentialAction\":[{\"@type\":\"SearchAction\",\"target\":{\"@type\":\"EntryPoint\",\"urlTemplate\":\"https:\/\/www.cbm.ro.gov.br\/?s={search_term_string}\"},\"query-input\":{\"@type\":\"PropertyValueSpecification\",\"valueRequired\":true,\"valueName\":\"search_term_string\"}}],\"inLanguage\":\"pt-BR\"},{\"@type\":\"Organization\",\"@id\":\"https:\/\/www.cbm.ro.gov.br\/#organization\",\"name\":\"Corpo de Bombeiros Militar do Estado de Rond\u00f4nia\",\"alternateName\":\"CBMRO\",\"url\":\"https:\/\/www.cbm.ro.gov.br\/\",\"logo\":{\"@type\":\"ImageObject\",\"inLanguage\":\"pt-BR\",\"@id\":\"https:\/\/www.cbm.ro.gov.br\/#\/schema\/logo\/image\/\",\"url\":\"https:\/\/www.cbm.ro.gov.br\/wp-content\/uploads\/2023\/12\/cropped-cropped-cropped-BRASO_3D_32-1-e1724344443171.png\",\"contentUrl\":\"https:\/\/www.cbm.ro.gov.br\/wp-content\/uploads\/2023\/12\/cropped-cropped-cropped-BRASO_3D_32-1-e1724344443171.png\",\"width\":446,\"height\":441,\"caption\":\"Corpo de Bombeiros Militar do Estado de Rond\u00f4nia\"},\"image\":{\"@id\":\"https:\/\/www.cbm.ro.gov.br\/#\/schema\/logo\/image\/\"},\"sameAs\":[\"https:\/\/www.facebook.com\/cbmro.oficial\/\",\"https:\/\/www.youtube.com\/c\/CorpodeBombeirosMilitardoEstadodeRond\u00f4nia\"]},{\"@type\":\"Person\",\"@id\":\"https:\/\/www.cbm.ro.gov.br\/#\/schema\/person\/b035b7e269aef4233e9514c2751917c5\",\"name\":\"Marcos Barros\",\"sameAs\":[\"http:\/\/10.210.0.90\/wp-admin\/post.php?post=2688&amp;action=edit\"],\"url\":\"https:\/\/www.cbm.ro.gov.br\/?author=5\"}]}<\/script>\n<!-- \/ Yoast SEO plugin. -->","yoast_head_json":{"title":"GOVERNO DE RO POR INTERM\u00c9DIO DO CBMRO REALIZA A\u00c7\u00d5ES HUMANIT\u00c1RIAS EM COMUNIDADES RIBEIRINHAS NO ALTO E BAIXO MADEIRA - Corpo de Bombeiros Militar de Rond\u00f4nia","robots":{"index":"index","follow":"follow","max-snippet":"max-snippet:-1","max-image-preview":"max-image-preview:large","max-video-preview":"max-video-preview:-1"},"canonical":"https:\/\/www.cbm.ro.gov.br\/?p=3747","og_locale":"pt_BR","og_type":"article","og_title":"GOVERNO DE RO POR INTERM\u00c9DIO DO CBMRO REALIZA A\u00c7\u00d5ES HUMANIT\u00c1RIAS EM COMUNIDADES RIBEIRINHAS NO ALTO E BAIXO MADEIRA - Corpo de Bombeiros Militar de Rond\u00f4nia","og_description":"AJUDA HUMANIT\u00c1RIA O Comit\u00ea iniciou, na quinta-feira (31), a\u00e7\u00f5es de ajuda humanit\u00e1ria na regi\u00e3o do Alto Madeira; e segue nesta sexta-feira com entregas no Baixo Madeira Diante do cen\u00e1rio de&hellip;","og_url":"https:\/\/www.cbm.ro.gov.br\/?p=3747","og_site_name":"Corpo de Bombeiros Militar de Rond\u00f4nia","article_publisher":"https:\/\/www.facebook.com\/cbmro.oficial\/","article_published_time":"2024-11-04T13:03:05+00:00","article_modified_time":"2024-11-04T13:03:06+00:00","og_image":[{"width":2560,"height":1707,"url":"https:\/\/www.cbm.ro.gov.br\/wp-content\/uploads\/2024\/11\/SGT-ROGERIO-scaled.jpg","type":"image\/jpeg"}],"author":"Marcos Barros","twitter_card":"summary_large_image","twitter_misc":{"Escrito por":"Marcos Barros","Est. tempo de leitura":"2 minutos"},"schema":{"@context":"https:\/\/schema.org","@graph":[{"@type":"Article","@id":"https:\/\/www.cbm.ro.gov.br\/?p=3747#article","isPartOf":{"@id":"https:\/\/www.cbm.ro.gov.br\/?p=3747"},"author":{"name":"Marcos Barros","@id":"https:\/\/www.cbm.ro.gov.br\/#\/schema\/person\/b035b7e269aef4233e9514c2751917c5"},"headline":"GOVERNO DE RO POR INTERM\u00c9DIO DO CBMRO REALIZA A\u00c7\u00d5ES HUMANIT\u00c1RIAS EM COMUNIDADES RIBEIRINHAS NO ALTO E BAIXO MADEIRA","datePublished":"2024-11-04T13:03:05+00:00","dateModified":"2024-11-04T13:03:06+00:00","mainEntityOfPage":{"@id":"https:\/\/www.cbm.ro.gov.br\/?p=3747"},"wordCount":432,"publisher":{"@id":"https:\/\/www.cbm.ro.gov.br\/#organization"},"image":{"@id":"https:\/\/www.cbm.ro.gov.br\/?p=3747#primaryimage"},"thumbnailUrl":"https:\/\/www.cbm.ro.gov.br\/wp-content\/uploads\/2024\/11\/SGT-ROGERIO-scaled.jpg","keywords":["AJUDAHUMANITARIA","CBMRO","CEPDEC-RO","GOVERNODERO"],"articleSection":["CBMRO","Defesa Civil"],"inLanguage":"pt-BR"},{"@type":"WebPage","@id":"https:\/\/www.cbm.ro.gov.br\/?p=3747","url":"https:\/\/www.cbm.ro.gov.br\/?p=3747","name":"GOVERNO DE RO POR INTERM\u00c9DIO DO CBMRO REALIZA A\u00c7\u00d5ES HUMANIT\u00c1RIAS EM COMUNIDADES RIBEIRINHAS NO ALTO E BAIXO MADEIRA - Corpo de Bombeiros Militar de Rond\u00f4nia","isPartOf":{"@id":"https:\/\/www.cbm.ro.gov.br\/#website"},"primaryImageOfPage":{"@id":"https:\/\/www.cbm.ro.gov.br\/?p=3747#primaryimage"},"image":{"@id":"https:\/\/www.cbm.ro.gov.br\/?p=3747#primaryimage"},"thumbnailUrl":"https:\/\/www.cbm.ro.gov.br\/wp-content\/uploads\/2024\/11\/SGT-ROGERIO-scaled.jpg","datePublished":"2024-11-04T13:03:05+00:00","dateModified":"2024-11-04T13:03:06+00:00","breadcrumb":{"@id":"https:\/\/www.cbm.ro.gov.br\/?p=3747#breadcrumb"},"inLanguage":"pt-BR","potentialAction":[{"@type":"ReadAction","target":["https:\/\/www.cbm.ro.gov.br\/?p=3747"]}]},{"@type":"ImageObject","inLanguage":"pt-BR","@id":"https:\/\/www.cbm.ro.gov.br\/?p=3747#primaryimage","url":"https:\/\/www.cbm.ro.gov.br\/wp-content\/uploads\/2024\/11\/SGT-ROGERIO-scaled.jpg","contentUrl":"https:\/\/www.cbm.ro.gov.br\/wp-content\/uploads\/2024\/11\/SGT-ROGERIO-scaled.jpg","width":2560,"height":1707},{"@type":"BreadcrumbList","@id":"https:\/\/www.cbm.ro.gov.br\/?p=3747#breadcrumb","itemListElement":[{"@type":"ListItem","position":1,"name":"In\u00edcio","item":"https:\/\/www.cbm.ro.gov.br\/"},{"@type":"ListItem","position":2,"name":"GOVERNO DE RO POR INTERM\u00c9DIO DO CBMRO REALIZA A\u00c7\u00d5ES HUMANIT\u00c1RIAS EM COMUNIDADES RIBEIRINHAS NO ALTO E BAIXO MADEIRA"}]},{"@type":"WebSite","@id":"https:\/\/www.cbm.ro.gov.br\/#website","url":"https:\/\/www.cbm.ro.gov.br\/","name":"Corpo de Bombeiros Militar de Rond\u00f4nia","description":"Vidas alheias, riquezas salvar!","publisher":{"@id":"https:\/\/www.cbm.ro.gov.br\/#organization"},"alternateName":"cbmro","potentialAction":[{"@type":"SearchAction","target":{"@type":"EntryPoint","urlTemplate":"https:\/\/www.cbm.ro.gov.br\/?s={search_term_string}"},"query-input":{"@type":"PropertyValueSpecification","valueRequired":true,"valueName":"search_term_string"}}],"inLanguage":"pt-BR"},{"@type":"Organization","@id":"https:\/\/www.cbm.ro.gov.br\/#organization","name":"Corpo de Bombeiros Militar do Estado de Rond\u00f4nia","alternateName":"CBMRO","url":"https:\/\/www.cbm.ro.gov.br\/","logo":{"@type":"ImageObject","inLanguage":"pt-BR","@id":"https:\/\/www.cbm.ro.gov.br\/#\/schema\/logo\/image\/","url":"https:\/\/www.cbm.ro.gov.br\/wp-content\/uploads\/2023\/12\/cropped-cropped-cropped-BRASO_3D_32-1-e1724344443171.png","contentUrl":"https:\/\/www.cbm.ro.gov.br\/wp-content\/uploads\/2023\/12\/cropped-cropped-cropped-BRASO_3D_32-1-e1724344443171.png","width":446,"height":441,"caption":"Corpo de Bombeiros Militar do Estado de Rond\u00f4nia"},"image":{"@id":"https:\/\/www.cbm.ro.gov.br\/#\/schema\/logo\/image\/"},"sameAs":["https:\/\/www.facebook.com\/cbmro.oficial\/","https:\/\/www.youtube.com\/c\/CorpodeBombeirosMilitardoEstadodeRond\u00f4nia"]},{"@type":"Person","@id":"https:\/\/www.cbm.ro.gov.br\/#\/schema\/person\/b035b7e269aef4233e9514c2751917c5","name":"Marcos Barros","sameAs":["http:\/\/10.210.0.90\/wp-admin\/post.php?post=2688&amp;action=edit"],"url":"https:\/\/www.cbm.ro.gov.br\/?author=5"}]}},"wpmagazine_modules_lite_featured_media_urls":{"thumbnail":["https:\/\/www.cbm.ro.gov.br\/wp-content\/uploads\/2024\/11\/SGT-ROGERIO-150x150.jpg",150,150,true],"cvmm-medium":["https:\/\/www.cbm.ro.gov.br\/wp-content\/uploads\/2024\/11\/SGT-ROGERIO-300x300.jpg",300,300,true],"cvmm-medium-plus":["https:\/\/www.cbm.ro.gov.br\/wp-content\/uploads\/2024\/11\/SGT-ROGERIO-305x207.jpg",305,207,true],"cvmm-portrait":["https:\/\/www.cbm.ro.gov.br\/wp-content\/uploads\/2024\/11\/SGT-ROGERIO-400x600.jpg",400,600,true],"cvmm-medium-square":["https:\/\/www.cbm.ro.gov.br\/wp-content\/uploads\/2024\/11\/SGT-ROGERIO-600x600.jpg",600,600,true],"cvmm-large":["https:\/\/www.cbm.ro.gov.br\/wp-content\/uploads\/2024\/11\/SGT-ROGERIO-1024x1024.jpg",1024,1024,true],"cvmm-small":["https:\/\/www.cbm.ro.gov.br\/wp-content\/uploads\/2024\/11\/SGT-ROGERIO-130x95.jpg",130,95,true],"full":["https:\/\/www.cbm.ro.gov.br\/wp-content\/uploads\/2024\/11\/SGT-ROGERIO-scaled.jpg",2560,1707,false]},"categories_names":{"1":{"name":"CBMRO","link":"https:\/\/www.cbm.ro.gov.br\/?cat=1"},"5":{"name":"Defesa Civil","link":"https:\/\/www.cbm.ro.gov.br\/?cat=5"}},"tags_names":{"156":{"name":"AJUDAHUMANITARIA","link":"https:\/\/www.cbm.ro.gov.br\/?tag=ajudahumanitaria"},"13":{"name":"CBMRO","link":"https:\/\/www.cbm.ro.gov.br\/?tag=cbmro"},"78":{"name":"CEPDEC-RO","link":"https:\/\/www.cbm.ro.gov.br\/?tag=cepdec-ro"},"162":{"name":"GOVERNODERO","link":"https:\/\/www.cbm.ro.gov.br\/?tag=governodero"}},"comments_number":"0","_links":{"self":[{"href":"https:\/\/www.cbm.ro.gov.br\/index.php?rest_route=\/wp\/v2\/posts\/3747","targetHints":{"allow":["GET"]}}],"collection":[{"href":"https:\/\/www.cbm.ro.gov.br\/index.php?rest_route=\/wp\/v2\/posts"}],"about":[{"href":"https:\/\/www.cbm.ro.gov.br\/index.php?rest_route=\/wp\/v2\/types\/post"}],"author":[{"embeddable":true,"href":"https:\/\/www.cbm.ro.gov.br\/index.php?rest_route=\/wp\/v2\/users\/5"}],"replies":[{"embeddable":true,"href":"https:\/\/www.cbm.ro.gov.br\/index.php?rest_route=%2Fwp%2Fv2%2Fcomments&post=3747"}],"version-history":[{"count":1,"href":"https:\/\/www.cbm.ro.gov.br\/index.php?rest_route=\/wp\/v2\/posts\/3747\/revisions"}],"predecessor-version":[{"id":3750,"href":"https:\/\/www.cbm.ro.gov.br\/index.php?rest_route=\/wp\/v2\/posts\/3747\/revisions\/3750"}],"wp:featuredmedia":[{"embeddable":true,"href":"https:\/\/www.cbm.ro.gov.br\/index.php?rest_route=\/wp\/v2\/media\/3748"}],"wp:attachment":[{"href":"https:\/\/www.cbm.ro.gov.br\/index.php?rest_route=%2Fwp%2Fv2%2Fmedia&parent=3747"}],"wp:term":[{"taxonomy":"category","embeddable":true,"href":"https:\/\/www.cbm.ro.gov.br\/index.php?rest_route=%2Fwp%2Fv2%2Fcategories&post=3747"},{"taxonomy":"post_tag","embeddable":true,"href":"https:\/\/www.cbm.ro.gov.br\/index.php?rest_route=%2Fwp%2Fv2%2Ftags&post=3747"}],"curies":[{"name":"wp","href":"https:\/\/api.w.org\/{rel}","templated":true}]}}