{"id":3734,"date":"2024-10-31T18:33:28","date_gmt":"2024-10-31T22:33:28","guid":{"rendered":"https:\/\/www.cbm.ro.gov.br\/?p=3734"},"modified":"2024-10-31T18:35:05","modified_gmt":"2024-10-31T22:35:05","slug":"comite-gestor-para-adaptacao-e-enfrentamento-as-mudancas-climaticas-intensifica-preparativos-para-eventos-climaticos-extremos","status":"publish","type":"post","link":"https:\/\/www.cbm.ro.gov.br\/?p=3734","title":{"rendered":"COMIT\u00ca GESTOR PARA ADAPTA\u00c7\u00c3O E ENFRENTAMENTO \u00c0S MUDAN\u00c7AS CLIM\u00c1TICAS  INTENSIFICA PREPARATIVOS PARA EVENTOS CLIM\u00c1TICOS EXTREMOS"},"content":{"rendered":"\n<p><\/p>\n\n\n\n<p id=\"caption-attachment-816546\"><em><strong>A reuni\u00e3o do Comit\u00ea Gestor foi realizada nesta ter\u00e7a-feira (29), em Porto Velho<\/strong><\/em><\/p>\n\n\n\n<blockquote class=\"wp-block-quote is-layout-flow wp-block-quote-is-layout-flow\">\n<p><strong>O<\/strong>&nbsp;Corpo de Bombeiros Militar (CBM) de Rond\u00f4nia, por meio da Defesa Civil Estadual&nbsp; (CEPDEC-RO), est\u00e1 intensificando a\u00e7\u00f5es proativas em parceria com os munic\u00edpios para se preparar e mitigar poss\u00edveis situa\u00e7\u00f5es adversas relacionadas a eventos clim\u00e1ticos extremos. Apesar de as chuvas ainda estarem abaixo da m\u00e9dia, a previs\u00e3o de enxurradas locais levanta preocupa\u00e7\u00f5es sobre poss\u00edveis transtornos para a popula\u00e7\u00e3o.<\/p>\n<\/blockquote>\n\n\n\n<p>Durante reuni\u00e3o do Comit\u00ea realizada nesta ter\u00e7a-feira (29), o comandante geral e coordenador Estadual de Prote\u00e7\u00e3o e Defesa Civil, CEL BM Nivaldo de Azevedo Ferreira, ressaltou a import\u00e2ncia da prepara\u00e7\u00e3o e do trabalho em equipe: \u201cA capacita\u00e7\u00e3o de agentes em todos os 52 munic\u00edpios \u00e9 uma iniciativa fundamental para garantir uma resposta r\u00e1pida e eficaz em situa\u00e7\u00f5es de crise. Estamos prontos para prestar socorro \u00e0s v\u00edtimas, mas a preven\u00e7\u00e3o \u00e9 sempre o melhor caminho.\u201d<\/p>\n\n\n\n<p>A atua\u00e7\u00e3o da CEPDEC-RO n\u00e3o se limita apenas ao socorro, mas inclui uma estrat\u00e9gia de capacita\u00e7\u00e3o que j\u00e1 envolve agentes em todo o estado. Com o intuito de fortalecer a preven\u00e7\u00e3o e a resposta a desastres, o governo do estado publicou o&nbsp;<a href=\"https:\/\/rondonia.ro.gov.br\/wp-content\/uploads\/2024\/10\/Decreto_N__29.556_-1CBMRO-1.pdf\">Decreto N\u00b0 29.556, de 14 de outubro de 2024<\/a>. que institui o Comit\u00ea Gestor para Adapta\u00e7\u00e3o e Enfrentamento \u00e0s Mudan\u00e7as Clim\u00e1ticas, que tem como meta discutir e implementar medidas para lidar com as frequentes altera\u00e7\u00f5es clim\u00e1ticas que afetam a regi\u00e3o.<\/p>\n\n\n\n<p>Para o governador de Rond\u00f4nia, Marcos Rocha o Comit\u00ea ser\u00e1 um importante suporte para os munic\u00edpios, fornecendo as ferramentas e conhecimentos necess\u00e1rios para a implementa\u00e7\u00e3o de a\u00e7\u00f5es eficazes. \u201cA colabora\u00e7\u00e3o entre os diversos \u00f3rg\u00e3os \u00e9 essencial. Estamos unindo esfor\u00e7os para garantir que cada munic\u00edpio esteja preparado para enfrentar os desafios impostos pelas mudan\u00e7as clim\u00e1ticas,\u201d pontuou.<\/p>\n\n\n\n<p>Com essas iniciativas, o Corpo de Bombeiros Militar de Rond\u00f4nia reafirma seu compromisso com a seguran\u00e7a da popula\u00e7\u00e3o, priorizando a preven\u00e7\u00e3o e a pronta resposta a emerg\u00eancias. A prepara\u00e7\u00e3o \u00e9 a chave para minimizar os impactos de eventos clim\u00e1ticos adversos, garantindo a prote\u00e7\u00e3o e o bem-estar de todos os rondonienses.&nbsp;<\/p>\n\n\n\n<p><\/p>\n","protected":false},"excerpt":{"rendered":"<p>A reuni\u00e3o do Comit\u00ea Gestor foi realizada nesta ter\u00e7a-feira (29), em Porto Velho O&nbsp;Corpo de Bombeiros Militar (CBM) de Rond\u00f4nia, por meio da Defesa Civil Estadual&nbsp; (CEPDEC-RO), est\u00e1 intensificando a\u00e7\u00f5es&hellip;<\/p>\n","protected":false},"author":5,"featured_media":3737,"comment_status":"closed","ping_status":"open","sticky":false,"template":"","format":"standard","meta":{"footnotes":""},"categories":[1,5],"tags":[13,78,160,161,162],"class_list":["post-3734","post","type-post","status-publish","format-standard","has-post-thumbnail","hentry","category-cbmro","category-defesa-civil","tag-cbmro","tag-cepdec-ro","tag-comitehidrico","tag-eventosclimaticos","tag-governodero"],"yoast_head":"<!-- This site is optimized with the Yoast SEO plugin v23.7 - https:\/\/yoast.com\/wordpress\/plugins\/seo\/ -->\n<title>COMIT\u00ca GESTOR PARA ADAPTA\u00c7\u00c3O E ENFRENTAMENTO \u00c0S MUDAN\u00c7AS CLIM\u00c1TICAS INTENSIFICA PREPARATIVOS PARA EVENTOS CLIM\u00c1TICOS EXTREMOS - Corpo de Bombeiros Militar de Rond\u00f4nia<\/title>\n<meta name=\"description\" content=\"O\u00a0Corpo de Bombeiros Militar (CBM) de Rond\u00f4nia, por meio da Defesa Civil Estadual\u00a0 (CEPDEC-RO), est\u00e1 intensificando a\u00e7\u00f5es proativas em parceria com os munic\u00edpios para se preparar e mitigar poss\u00edveis situa\u00e7\u00f5es adversas relacionadas a eventos clim\u00e1ticos extremos. Apesar de as chuvas ainda estarem abaixo da m\u00e9dia, a previs\u00e3o de enxurradas locais levanta preocupa\u00e7\u00f5es sobre poss\u00edveis transtornos para a popula\u00e7\u00e3o.\" \/>\n<meta name=\"robots\" content=\"index, follow, max-snippet:-1, max-image-preview:large, max-video-preview:-1\" \/>\n<link rel=\"canonical\" href=\"https:\/\/www.cbm.ro.gov.br\/?p=3734\" \/>\n<meta property=\"og:locale\" content=\"pt_BR\" \/>\n<meta property=\"og:type\" content=\"article\" \/>\n<meta property=\"og:title\" content=\"COMIT\u00ca GESTOR PARA ADAPTA\u00c7\u00c3O E ENFRENTAMENTO \u00c0S MUDAN\u00c7AS CLIM\u00c1TICAS INTENSIFICA PREPARATIVOS PARA EVENTOS CLIM\u00c1TICOS EXTREMOS - Corpo de Bombeiros Militar de Rond\u00f4nia\" \/>\n<meta property=\"og:description\" content=\"O\u00a0Corpo de Bombeiros Militar (CBM) de Rond\u00f4nia, por meio da Defesa Civil Estadual\u00a0 (CEPDEC-RO), est\u00e1 intensificando a\u00e7\u00f5es proativas em parceria com os munic\u00edpios para se preparar e mitigar poss\u00edveis situa\u00e7\u00f5es adversas relacionadas a eventos clim\u00e1ticos extremos. Apesar de as chuvas ainda estarem abaixo da m\u00e9dia, a previs\u00e3o de enxurradas locais levanta preocupa\u00e7\u00f5es sobre poss\u00edveis transtornos para a popula\u00e7\u00e3o.\" \/>\n<meta property=\"og:url\" content=\"https:\/\/www.cbm.ro.gov.br\/?p=3734\" \/>\n<meta property=\"og:site_name\" content=\"Corpo de Bombeiros Militar de Rond\u00f4nia\" \/>\n<meta property=\"article:publisher\" content=\"https:\/\/www.facebook.com\/cbmro.oficial\/\" \/>\n<meta property=\"article:published_time\" content=\"2024-10-31T22:33:28+00:00\" \/>\n<meta property=\"article:modified_time\" content=\"2024-10-31T22:35:05+00:00\" \/>\n<meta property=\"og:image\" content=\"https:\/\/www.cbm.ro.gov.br\/wp-content\/uploads\/2024\/10\/COMITE-HIDRICO-1-scaled.jpeg\" \/>\n\t<meta property=\"og:image:width\" content=\"2560\" \/>\n\t<meta property=\"og:image:height\" content=\"1707\" \/>\n\t<meta property=\"og:image:type\" content=\"image\/jpeg\" \/>\n<meta name=\"author\" content=\"Marcos Barros\" \/>\n<meta name=\"twitter:card\" content=\"summary_large_image\" \/>\n<meta name=\"twitter:label1\" content=\"Escrito por\" \/>\n\t<meta name=\"twitter:data1\" content=\"Marcos Barros\" \/>\n\t<meta name=\"twitter:label2\" content=\"Est. tempo de leitura\" \/>\n\t<meta name=\"twitter:data2\" content=\"2 minutos\" \/>\n<script type=\"application\/ld+json\" class=\"yoast-schema-graph\">{\"@context\":\"https:\/\/schema.org\",\"@graph\":[{\"@type\":\"Article\",\"@id\":\"https:\/\/www.cbm.ro.gov.br\/?p=3734#article\",\"isPartOf\":{\"@id\":\"https:\/\/www.cbm.ro.gov.br\/?p=3734\"},\"author\":{\"name\":\"Marcos Barros\",\"@id\":\"https:\/\/www.cbm.ro.gov.br\/#\/schema\/person\/b035b7e269aef4233e9514c2751917c5\"},\"headline\":\"COMIT\u00ca GESTOR PARA ADAPTA\u00c7\u00c3O E ENFRENTAMENTO \u00c0S MUDAN\u00c7AS CLIM\u00c1TICAS INTENSIFICA PREPARATIVOS PARA EVENTOS CLIM\u00c1TICOS EXTREMOS\",\"datePublished\":\"2024-10-31T22:33:28+00:00\",\"dateModified\":\"2024-10-31T22:35:05+00:00\",\"mainEntityOfPage\":{\"@id\":\"https:\/\/www.cbm.ro.gov.br\/?p=3734\"},\"wordCount\":400,\"publisher\":{\"@id\":\"https:\/\/www.cbm.ro.gov.br\/#organization\"},\"image\":{\"@id\":\"https:\/\/www.cbm.ro.gov.br\/?p=3734#primaryimage\"},\"thumbnailUrl\":\"https:\/\/www.cbm.ro.gov.br\/wp-content\/uploads\/2024\/10\/COMITE-HIDRICO-1-scaled.jpeg\",\"keywords\":[\"CBMRO\",\"CEPDEC-RO\",\"COMIT\u00caHIDRICO\",\"EVENTOSCLIM\u00c1TICOS\",\"GOVERNODERO\"],\"articleSection\":[\"CBMRO\",\"Defesa Civil\"],\"inLanguage\":\"pt-BR\"},{\"@type\":\"WebPage\",\"@id\":\"https:\/\/www.cbm.ro.gov.br\/?p=3734\",\"url\":\"https:\/\/www.cbm.ro.gov.br\/?p=3734\",\"name\":\"COMIT\u00ca GESTOR PARA ADAPTA\u00c7\u00c3O E ENFRENTAMENTO \u00c0S MUDAN\u00c7AS CLIM\u00c1TICAS INTENSIFICA PREPARATIVOS PARA EVENTOS CLIM\u00c1TICOS EXTREMOS - Corpo de Bombeiros Militar de Rond\u00f4nia\",\"isPartOf\":{\"@id\":\"https:\/\/www.cbm.ro.gov.br\/#website\"},\"primaryImageOfPage\":{\"@id\":\"https:\/\/www.cbm.ro.gov.br\/?p=3734#primaryimage\"},\"image\":{\"@id\":\"https:\/\/www.cbm.ro.gov.br\/?p=3734#primaryimage\"},\"thumbnailUrl\":\"https:\/\/www.cbm.ro.gov.br\/wp-content\/uploads\/2024\/10\/COMITE-HIDRICO-1-scaled.jpeg\",\"datePublished\":\"2024-10-31T22:33:28+00:00\",\"dateModified\":\"2024-10-31T22:35:05+00:00\",\"description\":\"O\u00a0Corpo de Bombeiros Militar (CBM) de Rond\u00f4nia, por meio da Defesa Civil Estadual\u00a0 (CEPDEC-RO), est\u00e1 intensificando a\u00e7\u00f5es proativas em parceria com os munic\u00edpios para se preparar e mitigar poss\u00edveis situa\u00e7\u00f5es adversas relacionadas a eventos clim\u00e1ticos extremos. Apesar de as chuvas ainda estarem abaixo da m\u00e9dia, a previs\u00e3o de enxurradas locais levanta preocupa\u00e7\u00f5es sobre poss\u00edveis transtornos para a popula\u00e7\u00e3o.\",\"breadcrumb\":{\"@id\":\"https:\/\/www.cbm.ro.gov.br\/?p=3734#breadcrumb\"},\"inLanguage\":\"pt-BR\",\"potentialAction\":[{\"@type\":\"ReadAction\",\"target\":[\"https:\/\/www.cbm.ro.gov.br\/?p=3734\"]}]},{\"@type\":\"ImageObject\",\"inLanguage\":\"pt-BR\",\"@id\":\"https:\/\/www.cbm.ro.gov.br\/?p=3734#primaryimage\",\"url\":\"https:\/\/www.cbm.ro.gov.br\/wp-content\/uploads\/2024\/10\/COMITE-HIDRICO-1-scaled.jpeg\",\"contentUrl\":\"https:\/\/www.cbm.ro.gov.br\/wp-content\/uploads\/2024\/10\/COMITE-HIDRICO-1-scaled.jpeg\",\"width\":2560,\"height\":1707},{\"@type\":\"BreadcrumbList\",\"@id\":\"https:\/\/www.cbm.ro.gov.br\/?p=3734#breadcrumb\",\"itemListElement\":[{\"@type\":\"ListItem\",\"position\":1,\"name\":\"In\u00edcio\",\"item\":\"https:\/\/www.cbm.ro.gov.br\/\"},{\"@type\":\"ListItem\",\"position\":2,\"name\":\"COMIT\u00ca GESTOR PARA ADAPTA\u00c7\u00c3O E ENFRENTAMENTO \u00c0S MUDAN\u00c7AS CLIM\u00c1TICAS INTENSIFICA PREPARATIVOS PARA EVENTOS CLIM\u00c1TICOS EXTREMOS\"}]},{\"@type\":\"WebSite\",\"@id\":\"https:\/\/www.cbm.ro.gov.br\/#website\",\"url\":\"https:\/\/www.cbm.ro.gov.br\/\",\"name\":\"Corpo de Bombeiros Militar de Rond\u00f4nia\",\"description\":\"Vidas alheias, riquezas salvar!\",\"publisher\":{\"@id\":\"https:\/\/www.cbm.ro.gov.br\/#organization\"},\"alternateName\":\"cbmro\",\"potentialAction\":[{\"@type\":\"SearchAction\",\"target\":{\"@type\":\"EntryPoint\",\"urlTemplate\":\"https:\/\/www.cbm.ro.gov.br\/?s={search_term_string}\"},\"query-input\":{\"@type\":\"PropertyValueSpecification\",\"valueRequired\":true,\"valueName\":\"search_term_string\"}}],\"inLanguage\":\"pt-BR\"},{\"@type\":\"Organization\",\"@id\":\"https:\/\/www.cbm.ro.gov.br\/#organization\",\"name\":\"Corpo de Bombeiros Militar do Estado de Rond\u00f4nia\",\"alternateName\":\"CBMRO\",\"url\":\"https:\/\/www.cbm.ro.gov.br\/\",\"logo\":{\"@type\":\"ImageObject\",\"inLanguage\":\"pt-BR\",\"@id\":\"https:\/\/www.cbm.ro.gov.br\/#\/schema\/logo\/image\/\",\"url\":\"https:\/\/www.cbm.ro.gov.br\/wp-content\/uploads\/2023\/12\/cropped-cropped-cropped-BRASO_3D_32-1-e1724344443171.png\",\"contentUrl\":\"https:\/\/www.cbm.ro.gov.br\/wp-content\/uploads\/2023\/12\/cropped-cropped-cropped-BRASO_3D_32-1-e1724344443171.png\",\"width\":446,\"height\":441,\"caption\":\"Corpo de Bombeiros Militar do Estado de Rond\u00f4nia\"},\"image\":{\"@id\":\"https:\/\/www.cbm.ro.gov.br\/#\/schema\/logo\/image\/\"},\"sameAs\":[\"https:\/\/www.facebook.com\/cbmro.oficial\/\",\"https:\/\/www.youtube.com\/c\/CorpodeBombeirosMilitardoEstadodeRond\u00f4nia\"]},{\"@type\":\"Person\",\"@id\":\"https:\/\/www.cbm.ro.gov.br\/#\/schema\/person\/b035b7e269aef4233e9514c2751917c5\",\"name\":\"Marcos Barros\",\"sameAs\":[\"http:\/\/10.210.0.90\/wp-admin\/post.php?post=2688&amp;action=edit\"],\"url\":\"https:\/\/www.cbm.ro.gov.br\/?author=5\"}]}<\/script>\n<!-- \/ Yoast SEO plugin. -->","yoast_head_json":{"title":"COMIT\u00ca GESTOR PARA ADAPTA\u00c7\u00c3O E ENFRENTAMENTO \u00c0S MUDAN\u00c7AS CLIM\u00c1TICAS INTENSIFICA PREPARATIVOS PARA EVENTOS CLIM\u00c1TICOS EXTREMOS - Corpo de Bombeiros Militar de Rond\u00f4nia","description":"O\u00a0Corpo de Bombeiros Militar (CBM) de Rond\u00f4nia, por meio da Defesa Civil Estadual\u00a0 (CEPDEC-RO), est\u00e1 intensificando a\u00e7\u00f5es proativas em parceria com os munic\u00edpios para se preparar e mitigar poss\u00edveis situa\u00e7\u00f5es adversas relacionadas a eventos clim\u00e1ticos extremos. Apesar de as chuvas ainda estarem abaixo da m\u00e9dia, a previs\u00e3o de enxurradas locais levanta preocupa\u00e7\u00f5es sobre poss\u00edveis transtornos para a popula\u00e7\u00e3o.","robots":{"index":"index","follow":"follow","max-snippet":"max-snippet:-1","max-image-preview":"max-image-preview:large","max-video-preview":"max-video-preview:-1"},"canonical":"https:\/\/www.cbm.ro.gov.br\/?p=3734","og_locale":"pt_BR","og_type":"article","og_title":"COMIT\u00ca GESTOR PARA ADAPTA\u00c7\u00c3O E ENFRENTAMENTO \u00c0S MUDAN\u00c7AS CLIM\u00c1TICAS INTENSIFICA PREPARATIVOS PARA EVENTOS CLIM\u00c1TICOS EXTREMOS - Corpo de Bombeiros Militar de Rond\u00f4nia","og_description":"O\u00a0Corpo de Bombeiros Militar (CBM) de Rond\u00f4nia, por meio da Defesa Civil Estadual\u00a0 (CEPDEC-RO), est\u00e1 intensificando a\u00e7\u00f5es proativas em parceria com os munic\u00edpios para se preparar e mitigar poss\u00edveis situa\u00e7\u00f5es adversas relacionadas a eventos clim\u00e1ticos extremos. Apesar de as chuvas ainda estarem abaixo da m\u00e9dia, a previs\u00e3o de enxurradas locais levanta preocupa\u00e7\u00f5es sobre poss\u00edveis transtornos para a popula\u00e7\u00e3o.","og_url":"https:\/\/www.cbm.ro.gov.br\/?p=3734","og_site_name":"Corpo de Bombeiros Militar de Rond\u00f4nia","article_publisher":"https:\/\/www.facebook.com\/cbmro.oficial\/","article_published_time":"2024-10-31T22:33:28+00:00","article_modified_time":"2024-10-31T22:35:05+00:00","og_image":[{"width":2560,"height":1707,"url":"https:\/\/www.cbm.ro.gov.br\/wp-content\/uploads\/2024\/10\/COMITE-HIDRICO-1-scaled.jpeg","type":"image\/jpeg"}],"author":"Marcos Barros","twitter_card":"summary_large_image","twitter_misc":{"Escrito por":"Marcos Barros","Est. tempo de leitura":"2 minutos"},"schema":{"@context":"https:\/\/schema.org","@graph":[{"@type":"Article","@id":"https:\/\/www.cbm.ro.gov.br\/?p=3734#article","isPartOf":{"@id":"https:\/\/www.cbm.ro.gov.br\/?p=3734"},"author":{"name":"Marcos Barros","@id":"https:\/\/www.cbm.ro.gov.br\/#\/schema\/person\/b035b7e269aef4233e9514c2751917c5"},"headline":"COMIT\u00ca GESTOR PARA ADAPTA\u00c7\u00c3O E ENFRENTAMENTO \u00c0S MUDAN\u00c7AS CLIM\u00c1TICAS INTENSIFICA PREPARATIVOS PARA EVENTOS CLIM\u00c1TICOS EXTREMOS","datePublished":"2024-10-31T22:33:28+00:00","dateModified":"2024-10-31T22:35:05+00:00","mainEntityOfPage":{"@id":"https:\/\/www.cbm.ro.gov.br\/?p=3734"},"wordCount":400,"publisher":{"@id":"https:\/\/www.cbm.ro.gov.br\/#organization"},"image":{"@id":"https:\/\/www.cbm.ro.gov.br\/?p=3734#primaryimage"},"thumbnailUrl":"https:\/\/www.cbm.ro.gov.br\/wp-content\/uploads\/2024\/10\/COMITE-HIDRICO-1-scaled.jpeg","keywords":["CBMRO","CEPDEC-RO","COMIT\u00caHIDRICO","EVENTOSCLIM\u00c1TICOS","GOVERNODERO"],"articleSection":["CBMRO","Defesa Civil"],"inLanguage":"pt-BR"},{"@type":"WebPage","@id":"https:\/\/www.cbm.ro.gov.br\/?p=3734","url":"https:\/\/www.cbm.ro.gov.br\/?p=3734","name":"COMIT\u00ca GESTOR PARA ADAPTA\u00c7\u00c3O E ENFRENTAMENTO \u00c0S MUDAN\u00c7AS CLIM\u00c1TICAS INTENSIFICA PREPARATIVOS PARA EVENTOS CLIM\u00c1TICOS EXTREMOS - Corpo de Bombeiros Militar de Rond\u00f4nia","isPartOf":{"@id":"https:\/\/www.cbm.ro.gov.br\/#website"},"primaryImageOfPage":{"@id":"https:\/\/www.cbm.ro.gov.br\/?p=3734#primaryimage"},"image":{"@id":"https:\/\/www.cbm.ro.gov.br\/?p=3734#primaryimage"},"thumbnailUrl":"https:\/\/www.cbm.ro.gov.br\/wp-content\/uploads\/2024\/10\/COMITE-HIDRICO-1-scaled.jpeg","datePublished":"2024-10-31T22:33:28+00:00","dateModified":"2024-10-31T22:35:05+00:00","description":"O\u00a0Corpo de Bombeiros Militar (CBM) de Rond\u00f4nia, por meio da Defesa Civil Estadual\u00a0 (CEPDEC-RO), est\u00e1 intensificando a\u00e7\u00f5es proativas em parceria com os munic\u00edpios para se preparar e mitigar poss\u00edveis situa\u00e7\u00f5es adversas relacionadas a eventos clim\u00e1ticos extremos. Apesar de as chuvas ainda estarem abaixo da m\u00e9dia, a previs\u00e3o de enxurradas locais levanta preocupa\u00e7\u00f5es sobre poss\u00edveis transtornos para a popula\u00e7\u00e3o.","breadcrumb":{"@id":"https:\/\/www.cbm.ro.gov.br\/?p=3734#breadcrumb"},"inLanguage":"pt-BR","potentialAction":[{"@type":"ReadAction","target":["https:\/\/www.cbm.ro.gov.br\/?p=3734"]}]},{"@type":"ImageObject","inLanguage":"pt-BR","@id":"https:\/\/www.cbm.ro.gov.br\/?p=3734#primaryimage","url":"https:\/\/www.cbm.ro.gov.br\/wp-content\/uploads\/2024\/10\/COMITE-HIDRICO-1-scaled.jpeg","contentUrl":"https:\/\/www.cbm.ro.gov.br\/wp-content\/uploads\/2024\/10\/COMITE-HIDRICO-1-scaled.jpeg","width":2560,"height":1707},{"@type":"BreadcrumbList","@id":"https:\/\/www.cbm.ro.gov.br\/?p=3734#breadcrumb","itemListElement":[{"@type":"ListItem","position":1,"name":"In\u00edcio","item":"https:\/\/www.cbm.ro.gov.br\/"},{"@type":"ListItem","position":2,"name":"COMIT\u00ca GESTOR PARA ADAPTA\u00c7\u00c3O E ENFRENTAMENTO \u00c0S MUDAN\u00c7AS CLIM\u00c1TICAS INTENSIFICA PREPARATIVOS PARA EVENTOS CLIM\u00c1TICOS EXTREMOS"}]},{"@type":"WebSite","@id":"https:\/\/www.cbm.ro.gov.br\/#website","url":"https:\/\/www.cbm.ro.gov.br\/","name":"Corpo de Bombeiros Militar de Rond\u00f4nia","description":"Vidas alheias, riquezas salvar!","publisher":{"@id":"https:\/\/www.cbm.ro.gov.br\/#organization"},"alternateName":"cbmro","potentialAction":[{"@type":"SearchAction","target":{"@type":"EntryPoint","urlTemplate":"https:\/\/www.cbm.ro.gov.br\/?s={search_term_string}"},"query-input":{"@type":"PropertyValueSpecification","valueRequired":true,"valueName":"search_term_string"}}],"inLanguage":"pt-BR"},{"@type":"Organization","@id":"https:\/\/www.cbm.ro.gov.br\/#organization","name":"Corpo de Bombeiros Militar do Estado de Rond\u00f4nia","alternateName":"CBMRO","url":"https:\/\/www.cbm.ro.gov.br\/","logo":{"@type":"ImageObject","inLanguage":"pt-BR","@id":"https:\/\/www.cbm.ro.gov.br\/#\/schema\/logo\/image\/","url":"https:\/\/www.cbm.ro.gov.br\/wp-content\/uploads\/2023\/12\/cropped-cropped-cropped-BRASO_3D_32-1-e1724344443171.png","contentUrl":"https:\/\/www.cbm.ro.gov.br\/wp-content\/uploads\/2023\/12\/cropped-cropped-cropped-BRASO_3D_32-1-e1724344443171.png","width":446,"height":441,"caption":"Corpo de Bombeiros Militar do Estado de Rond\u00f4nia"},"image":{"@id":"https:\/\/www.cbm.ro.gov.br\/#\/schema\/logo\/image\/"},"sameAs":["https:\/\/www.facebook.com\/cbmro.oficial\/","https:\/\/www.youtube.com\/c\/CorpodeBombeirosMilitardoEstadodeRond\u00f4nia"]},{"@type":"Person","@id":"https:\/\/www.cbm.ro.gov.br\/#\/schema\/person\/b035b7e269aef4233e9514c2751917c5","name":"Marcos Barros","sameAs":["http:\/\/10.210.0.90\/wp-admin\/post.php?post=2688&amp;action=edit"],"url":"https:\/\/www.cbm.ro.gov.br\/?author=5"}]}},"wpmagazine_modules_lite_featured_media_urls":{"thumbnail":["https:\/\/www.cbm.ro.gov.br\/wp-content\/uploads\/2024\/10\/COMITE-HIDRICO-1-150x150.jpeg",150,150,true],"cvmm-medium":["https:\/\/www.cbm.ro.gov.br\/wp-content\/uploads\/2024\/10\/COMITE-HIDRICO-1-300x300.jpeg",300,300,true],"cvmm-medium-plus":["https:\/\/www.cbm.ro.gov.br\/wp-content\/uploads\/2024\/10\/COMITE-HIDRICO-1-305x207.jpeg",305,207,true],"cvmm-portrait":["https:\/\/www.cbm.ro.gov.br\/wp-content\/uploads\/2024\/10\/COMITE-HIDRICO-1-400x600.jpeg",400,600,true],"cvmm-medium-square":["https:\/\/www.cbm.ro.gov.br\/wp-content\/uploads\/2024\/10\/COMITE-HIDRICO-1-600x600.jpeg",600,600,true],"cvmm-large":["https:\/\/www.cbm.ro.gov.br\/wp-content\/uploads\/2024\/10\/COMITE-HIDRICO-1-1024x1024.jpeg",1024,1024,true],"cvmm-small":["https:\/\/www.cbm.ro.gov.br\/wp-content\/uploads\/2024\/10\/COMITE-HIDRICO-1-130x95.jpeg",130,95,true],"full":["https:\/\/www.cbm.ro.gov.br\/wp-content\/uploads\/2024\/10\/COMITE-HIDRICO-1-scaled.jpeg",2560,1707,false]},"categories_names":{"1":{"name":"CBMRO","link":"https:\/\/www.cbm.ro.gov.br\/?cat=1"},"5":{"name":"Defesa Civil","link":"https:\/\/www.cbm.ro.gov.br\/?cat=5"}},"tags_names":{"13":{"name":"CBMRO","link":"https:\/\/www.cbm.ro.gov.br\/?tag=cbmro"},"78":{"name":"CEPDEC-RO","link":"https:\/\/www.cbm.ro.gov.br\/?tag=cepdec-ro"},"160":{"name":"COMIT\u00caHIDRICO","link":"https:\/\/www.cbm.ro.gov.br\/?tag=comitehidrico"},"161":{"name":"EVENTOSCLIM\u00c1TICOS","link":"https:\/\/www.cbm.ro.gov.br\/?tag=eventosclimaticos"},"162":{"name":"GOVERNODERO","link":"https:\/\/www.cbm.ro.gov.br\/?tag=governodero"}},"comments_number":"0","_links":{"self":[{"href":"https:\/\/www.cbm.ro.gov.br\/index.php?rest_route=\/wp\/v2\/posts\/3734","targetHints":{"allow":["GET"]}}],"collection":[{"href":"https:\/\/www.cbm.ro.gov.br\/index.php?rest_route=\/wp\/v2\/posts"}],"about":[{"href":"https:\/\/www.cbm.ro.gov.br\/index.php?rest_route=\/wp\/v2\/types\/post"}],"author":[{"embeddable":true,"href":"https:\/\/www.cbm.ro.gov.br\/index.php?rest_route=\/wp\/v2\/users\/5"}],"replies":[{"embeddable":true,"href":"https:\/\/www.cbm.ro.gov.br\/index.php?rest_route=%2Fwp%2Fv2%2Fcomments&post=3734"}],"version-history":[{"count":1,"href":"https:\/\/www.cbm.ro.gov.br\/index.php?rest_route=\/wp\/v2\/posts\/3734\/revisions"}],"predecessor-version":[{"id":3736,"href":"https:\/\/www.cbm.ro.gov.br\/index.php?rest_route=\/wp\/v2\/posts\/3734\/revisions\/3736"}],"wp:featuredmedia":[{"embeddable":true,"href":"https:\/\/www.cbm.ro.gov.br\/index.php?rest_route=\/wp\/v2\/media\/3737"}],"wp:attachment":[{"href":"https:\/\/www.cbm.ro.gov.br\/index.php?rest_route=%2Fwp%2Fv2%2Fmedia&parent=3734"}],"wp:term":[{"taxonomy":"category","embeddable":true,"href":"https:\/\/www.cbm.ro.gov.br\/index.php?rest_route=%2Fwp%2Fv2%2Fcategories&post=3734"},{"taxonomy":"post_tag","embeddable":true,"href":"https:\/\/www.cbm.ro.gov.br\/index.php?rest_route=%2Fwp%2Fv2%2Ftags&post=3734"}],"curies":[{"name":"wp","href":"https:\/\/api.w.org\/{rel}","templated":true}]}}