{"id":3712,"date":"2024-10-28T09:41:28","date_gmt":"2024-10-28T13:41:28","guid":{"rendered":"https:\/\/www.cbm.ro.gov.br\/?p=3712"},"modified":"2024-10-31T18:09:24","modified_gmt":"2024-10-31T22:09:24","slug":"governo-de-ro-atraves-do-cbmro-reforca-operacoes-de-combate-a-incendios-e-ajuda-humanitaria-atraves-de-aeronaves-de-asa-rotativa","status":"publish","type":"post","link":"https:\/\/www.cbm.ro.gov.br\/?p=3712","title":{"rendered":"GOVERNO DE RO POR MEIO DO CBMRO REFOR\u00c7A OPERA\u00c7\u00d5ES DE COMBATE A INC\u00caNDIOS E AJUDA HUMANIT\u00c1RIA COM APOIO DE AERONAVES DE ASA ROTATIVA"},"content":{"rendered":"\n<p><\/p>\n\n\n\n<p id=\"caption-attachment-816165\"><strong><em>As aeronaves s\u00e3o preparadas, tanto ao combate de inc\u00eandios florestais quanto para prestar apoio humanit\u00e1rio, em decorr\u00eancia da crise h\u00eddrica<\/em><\/strong><\/p>\n\n\n\n<blockquote class=\"wp-block-quote is-layout-flow wp-block-quote-is-layout-flow\">\n<p><strong>P<\/strong>ara ampliar o atendimento \u00e0 popula\u00e7\u00e3o, o governo de Rond\u00f4nia por meio do Corpo de Bombeiros Militar de Rond\u00f4nia (CBMRO) passou a empregar duas aeronaves de asa rotativa (helic\u00f3pteros) para atuarem em opera\u00e7\u00f5es de m\u00faltiplas finalidades, que somam esfor\u00e7os em apoio \u00e0s tr\u00eas aeronaves asa fixa (avi\u00f5es) disponibilizadas para a\u00e7\u00f5es de respostas \u00e0s emerg\u00eancias. Estas aeronaves s\u00e3o preparadas, tanto para combater os inc\u00eandios florestais quanto para prestar apoio humanit\u00e1rio em decorr\u00eancia da crise h\u00eddrica, ampliando a capacidade de resposta em situa\u00e7\u00f5es cr\u00edticas.<\/p>\n<\/blockquote>\n\n\n\n<p>Segundo o comandante do Corpo de Bombeiros Militar, coronel BM, Nivaldo de Azevedo, uma das aeronaves est\u00e1 operando na regi\u00e3o de Guajar\u00e1-Mirim, onde a seca do Rio Paca\u00e1s Novos isolou comunidades ind\u00edgenas, as quais dependem do rio para acesso a suprimentos essenciais. \u201cComo apoio \u00e0 Coordenadoria Estadual de Prote\u00e7\u00e3o e Defesa Civil (CEPDEC-RO) o helic\u00f3ptero tem sido fundamental na entrega de cestas b\u00e1sicas, kits de higiene, \u00e1gua pot\u00e1vel e no transporte de equipes de assist\u00eancia social \u00e0s comunidades afetadas\u201d, afirmou.<\/p>\n\n\n\n<p><img fetchpriority=\"high\" decoding=\"async\" src=\"https:\/\/rondonia.ro.gov.br\/wp-content\/uploads\/2024\/10\/IMG-20241026-WA0204-370x221.jpg\" alt=\"\" width=\"370\" height=\"221\" srcset=\"https:\/\/rondonia.ro.gov.br\/wp-content\/uploads\/2024\/10\/IMG-20241026-WA0204-370x221.jpg 370w, https:\/\/rondonia.ro.gov.br\/wp-content\/uploads\/2024\/10\/IMG-20241026-WA0204-768x459.jpg 768w, https:\/\/rondonia.ro.gov.br\/wp-content\/uploads\/2024\/10\/IMG-20241026-WA0204-170x102.jpg 170w, https:\/\/rondonia.ro.gov.br\/wp-content\/uploads\/2024\/10\/IMG-20241026-WA0204-570x341.jpg 570w, https:\/\/rondonia.ro.gov.br\/wp-content\/uploads\/2024\/10\/IMG-20241026-WA0204-870x520.jpg 870w, https:\/\/rondonia.ro.gov.br\/wp-content\/uploads\/2024\/10\/IMG-20241026-WA0204.jpg 1245w\"><\/p>\n\n\n\n<p id=\"caption-attachment-816217\">As opera\u00e7\u00f5es coordenadas das aeronaves s\u00e3o cruciais para ampliar a \u00e1rea de cobertura e resposta r\u00e1pida do Corpo de Bombeiros Militar<\/p>\n\n\n\n<p>Paralelamente, a segunda aeronave contratada, soma esfor\u00e7os \u00e0s opera\u00e7\u00f5es de combate aos inc\u00eandios florestais, especialmente na regi\u00e3o da Reserva Extrativista Pedras Negras. A aeronave de asa rotativa possibilita voos de monitoramento, al\u00e9m do transporte de equipes de bombeiros e equipamentos. Equipado com o \u201cHelibalde\u201d, um sistema de carga externa, o helic\u00f3ptero tem a capacidade de lan\u00e7ar volumes de \u00e1gua diretamente nos focos de inc\u00eandio, complementando o trabalho j\u00e1 desempenhado por duas aeronaves Air Tractor, que atuam na mesma regi\u00e3o.<\/p>\n\n\n\n<p>O governador de Rond\u00f4nia, Marcos Rocha ressaltou que, as opera\u00e7\u00f5es coordenadas das aeronaves s\u00e3o cruciais para ampliar a \u00e1rea de cobertura e resposta r\u00e1pida do Corpo de Bombeiros Militar, especialmente em um per\u00edodo de crise ambiental e social. \u201cA atua\u00e7\u00e3o das equipes busca mitigar os impactos dos inc\u00eandios florestais e oferecer suporte direto \u00e0s comunidades que enfrentam os efeitos severos da estiagem, promovendo assim, seguran\u00e7a e apoio para toda a popula\u00e7\u00e3o afetada.\u201d<\/p>\n","protected":false},"excerpt":{"rendered":"<p>As aeronaves s\u00e3o preparadas, tanto ao combate de inc\u00eandios florestais quanto para prestar apoio humanit\u00e1rio, em decorr\u00eancia da crise h\u00eddrica Para ampliar o atendimento \u00e0 popula\u00e7\u00e3o, o governo de Rond\u00f4nia&hellip;<\/p>\n","protected":false},"author":5,"featured_media":3713,"comment_status":"closed","ping_status":"open","sticky":false,"template":"","format":"standard","meta":{"footnotes":""},"categories":[1,5],"tags":[156,13,78,110,86],"class_list":["post-3712","post","type-post","status-publish","format-standard","has-post-thumbnail","hentry","category-cbmro","category-defesa-civil","tag-ajudahumanitaria","tag-cbmro","tag-cepdec-ro","tag-comite","tag-governoderondonia"],"yoast_head":"<!-- This site is optimized with the Yoast SEO plugin v23.7 - https:\/\/yoast.com\/wordpress\/plugins\/seo\/ -->\n<title>GOVERNO DE RO POR MEIO DO CBMRO REFOR\u00c7A OPERA\u00c7\u00d5ES DE COMBATE A INC\u00caNDIOS E AJUDA HUMANIT\u00c1RIA COM APOIO DE AERONAVES DE ASA ROTATIVA - Corpo de Bombeiros Militar de Rond\u00f4nia<\/title>\n<meta name=\"description\" content=\"As opera\u00e7\u00f5es coordenadas das aeronaves s\u00e3o cruciais para ampliar a \u00e1rea de cobertura e resposta r\u00e1pida do Corpo de Bombeiros Militar\" \/>\n<meta name=\"robots\" content=\"index, follow, max-snippet:-1, max-image-preview:large, max-video-preview:-1\" \/>\n<link rel=\"canonical\" href=\"https:\/\/www.cbm.ro.gov.br\/?p=3712\" \/>\n<meta property=\"og:locale\" content=\"pt_BR\" \/>\n<meta property=\"og:type\" content=\"article\" \/>\n<meta property=\"og:title\" content=\"GOVERNO DE RO POR MEIO DO CBMRO REFOR\u00c7A OPERA\u00c7\u00d5ES DE COMBATE A INC\u00caNDIOS E AJUDA HUMANIT\u00c1RIA COM APOIO DE AERONAVES DE ASA ROTATIVA - Corpo de Bombeiros Militar de Rond\u00f4nia\" \/>\n<meta property=\"og:description\" content=\"As opera\u00e7\u00f5es coordenadas das aeronaves s\u00e3o cruciais para ampliar a \u00e1rea de cobertura e resposta r\u00e1pida do Corpo de Bombeiros Militar\" \/>\n<meta property=\"og:url\" content=\"https:\/\/www.cbm.ro.gov.br\/?p=3712\" \/>\n<meta property=\"og:site_name\" content=\"Corpo de Bombeiros Militar de Rond\u00f4nia\" \/>\n<meta property=\"article:publisher\" content=\"https:\/\/www.facebook.com\/cbmro.oficial\/\" \/>\n<meta property=\"article:published_time\" content=\"2024-10-28T13:41:28+00:00\" \/>\n<meta property=\"article:modified_time\" content=\"2024-10-31T22:09:24+00:00\" \/>\n<meta property=\"og:image\" content=\"https:\/\/www.cbm.ro.gov.br\/wp-content\/uploads\/2024\/10\/cbmro-equipe-helicoptero-defesa-civil.jpeg\" \/>\n\t<meta property=\"og:image:width\" content=\"1600\" \/>\n\t<meta property=\"og:image:height\" content=\"900\" \/>\n\t<meta property=\"og:image:type\" content=\"image\/jpeg\" \/>\n<meta name=\"author\" content=\"Marcos Barros\" \/>\n<meta name=\"twitter:card\" content=\"summary_large_image\" \/>\n<meta name=\"twitter:label1\" content=\"Escrito por\" \/>\n\t<meta name=\"twitter:data1\" content=\"Marcos Barros\" \/>\n\t<meta name=\"twitter:label2\" content=\"Est. tempo de leitura\" \/>\n\t<meta name=\"twitter:data2\" content=\"2 minutos\" \/>\n<script type=\"application\/ld+json\" class=\"yoast-schema-graph\">{\"@context\":\"https:\/\/schema.org\",\"@graph\":[{\"@type\":\"Article\",\"@id\":\"https:\/\/www.cbm.ro.gov.br\/?p=3712#article\",\"isPartOf\":{\"@id\":\"https:\/\/www.cbm.ro.gov.br\/?p=3712\"},\"author\":{\"name\":\"Marcos Barros\",\"@id\":\"https:\/\/www.cbm.ro.gov.br\/#\/schema\/person\/b035b7e269aef4233e9514c2751917c5\"},\"headline\":\"GOVERNO DE RO POR MEIO DO CBMRO REFOR\u00c7A OPERA\u00c7\u00d5ES DE COMBATE A INC\u00caNDIOS E AJUDA HUMANIT\u00c1RIA COM APOIO DE AERONAVES DE ASA ROTATIVA\",\"datePublished\":\"2024-10-28T13:41:28+00:00\",\"dateModified\":\"2024-10-31T22:09:24+00:00\",\"mainEntityOfPage\":{\"@id\":\"https:\/\/www.cbm.ro.gov.br\/?p=3712\"},\"wordCount\":432,\"publisher\":{\"@id\":\"https:\/\/www.cbm.ro.gov.br\/#organization\"},\"image\":{\"@id\":\"https:\/\/www.cbm.ro.gov.br\/?p=3712#primaryimage\"},\"thumbnailUrl\":\"https:\/\/www.cbm.ro.gov.br\/wp-content\/uploads\/2024\/10\/cbmro-equipe-helicoptero-defesa-civil.jpeg\",\"keywords\":[\"AJUDAHUMANITARIA\",\"CBMRO\",\"CEPDEC-RO\",\"COMITE\",\"GOVERNODERONDONIA\"],\"articleSection\":[\"CBMRO\",\"Defesa Civil\"],\"inLanguage\":\"pt-BR\"},{\"@type\":\"WebPage\",\"@id\":\"https:\/\/www.cbm.ro.gov.br\/?p=3712\",\"url\":\"https:\/\/www.cbm.ro.gov.br\/?p=3712\",\"name\":\"GOVERNO DE RO POR MEIO DO CBMRO REFOR\u00c7A OPERA\u00c7\u00d5ES DE COMBATE A INC\u00caNDIOS E AJUDA HUMANIT\u00c1RIA COM APOIO DE AERONAVES DE ASA ROTATIVA - Corpo de Bombeiros Militar de Rond\u00f4nia\",\"isPartOf\":{\"@id\":\"https:\/\/www.cbm.ro.gov.br\/#website\"},\"primaryImageOfPage\":{\"@id\":\"https:\/\/www.cbm.ro.gov.br\/?p=3712#primaryimage\"},\"image\":{\"@id\":\"https:\/\/www.cbm.ro.gov.br\/?p=3712#primaryimage\"},\"thumbnailUrl\":\"https:\/\/www.cbm.ro.gov.br\/wp-content\/uploads\/2024\/10\/cbmro-equipe-helicoptero-defesa-civil.jpeg\",\"datePublished\":\"2024-10-28T13:41:28+00:00\",\"dateModified\":\"2024-10-31T22:09:24+00:00\",\"description\":\"As opera\u00e7\u00f5es coordenadas das aeronaves s\u00e3o cruciais para ampliar a \u00e1rea de cobertura e resposta r\u00e1pida do Corpo de Bombeiros Militar\",\"breadcrumb\":{\"@id\":\"https:\/\/www.cbm.ro.gov.br\/?p=3712#breadcrumb\"},\"inLanguage\":\"pt-BR\",\"potentialAction\":[{\"@type\":\"ReadAction\",\"target\":[\"https:\/\/www.cbm.ro.gov.br\/?p=3712\"]}]},{\"@type\":\"ImageObject\",\"inLanguage\":\"pt-BR\",\"@id\":\"https:\/\/www.cbm.ro.gov.br\/?p=3712#primaryimage\",\"url\":\"https:\/\/www.cbm.ro.gov.br\/wp-content\/uploads\/2024\/10\/cbmro-equipe-helicoptero-defesa-civil.jpeg\",\"contentUrl\":\"https:\/\/www.cbm.ro.gov.br\/wp-content\/uploads\/2024\/10\/cbmro-equipe-helicoptero-defesa-civil.jpeg\",\"width\":1600,\"height\":900},{\"@type\":\"BreadcrumbList\",\"@id\":\"https:\/\/www.cbm.ro.gov.br\/?p=3712#breadcrumb\",\"itemListElement\":[{\"@type\":\"ListItem\",\"position\":1,\"name\":\"In\u00edcio\",\"item\":\"https:\/\/www.cbm.ro.gov.br\/\"},{\"@type\":\"ListItem\",\"position\":2,\"name\":\"GOVERNO DE RO POR MEIO DO CBMRO REFOR\u00c7A OPERA\u00c7\u00d5ES DE COMBATE A INC\u00caNDIOS E AJUDA HUMANIT\u00c1RIA COM APOIO DE AERONAVES DE ASA ROTATIVA\"}]},{\"@type\":\"WebSite\",\"@id\":\"https:\/\/www.cbm.ro.gov.br\/#website\",\"url\":\"https:\/\/www.cbm.ro.gov.br\/\",\"name\":\"Corpo de Bombeiros Militar de Rond\u00f4nia\",\"description\":\"Vidas alheias, riquezas salvar!\",\"publisher\":{\"@id\":\"https:\/\/www.cbm.ro.gov.br\/#organization\"},\"alternateName\":\"cbmro\",\"potentialAction\":[{\"@type\":\"SearchAction\",\"target\":{\"@type\":\"EntryPoint\",\"urlTemplate\":\"https:\/\/www.cbm.ro.gov.br\/?s={search_term_string}\"},\"query-input\":{\"@type\":\"PropertyValueSpecification\",\"valueRequired\":true,\"valueName\":\"search_term_string\"}}],\"inLanguage\":\"pt-BR\"},{\"@type\":\"Organization\",\"@id\":\"https:\/\/www.cbm.ro.gov.br\/#organization\",\"name\":\"Corpo de Bombeiros Militar do Estado de Rond\u00f4nia\",\"alternateName\":\"CBMRO\",\"url\":\"https:\/\/www.cbm.ro.gov.br\/\",\"logo\":{\"@type\":\"ImageObject\",\"inLanguage\":\"pt-BR\",\"@id\":\"https:\/\/www.cbm.ro.gov.br\/#\/schema\/logo\/image\/\",\"url\":\"https:\/\/www.cbm.ro.gov.br\/wp-content\/uploads\/2023\/12\/cropped-cropped-cropped-BRASO_3D_32-1-e1724344443171.png\",\"contentUrl\":\"https:\/\/www.cbm.ro.gov.br\/wp-content\/uploads\/2023\/12\/cropped-cropped-cropped-BRASO_3D_32-1-e1724344443171.png\",\"width\":446,\"height\":441,\"caption\":\"Corpo de Bombeiros Militar do Estado de Rond\u00f4nia\"},\"image\":{\"@id\":\"https:\/\/www.cbm.ro.gov.br\/#\/schema\/logo\/image\/\"},\"sameAs\":[\"https:\/\/www.facebook.com\/cbmro.oficial\/\",\"https:\/\/www.youtube.com\/c\/CorpodeBombeirosMilitardoEstadodeRond\u00f4nia\"]},{\"@type\":\"Person\",\"@id\":\"https:\/\/www.cbm.ro.gov.br\/#\/schema\/person\/b035b7e269aef4233e9514c2751917c5\",\"name\":\"Marcos Barros\",\"sameAs\":[\"http:\/\/10.210.0.90\/wp-admin\/post.php?post=2688&amp;action=edit\"],\"url\":\"https:\/\/www.cbm.ro.gov.br\/?author=5\"}]}<\/script>\n<!-- \/ Yoast SEO plugin. -->","yoast_head_json":{"title":"GOVERNO DE RO POR MEIO DO CBMRO REFOR\u00c7A OPERA\u00c7\u00d5ES DE COMBATE A INC\u00caNDIOS E AJUDA HUMANIT\u00c1RIA COM APOIO DE AERONAVES DE ASA ROTATIVA - Corpo de Bombeiros Militar de Rond\u00f4nia","description":"As opera\u00e7\u00f5es coordenadas das aeronaves s\u00e3o cruciais para ampliar a \u00e1rea de cobertura e resposta r\u00e1pida do Corpo de Bombeiros Militar","robots":{"index":"index","follow":"follow","max-snippet":"max-snippet:-1","max-image-preview":"max-image-preview:large","max-video-preview":"max-video-preview:-1"},"canonical":"https:\/\/www.cbm.ro.gov.br\/?p=3712","og_locale":"pt_BR","og_type":"article","og_title":"GOVERNO DE RO POR MEIO DO CBMRO REFOR\u00c7A OPERA\u00c7\u00d5ES DE COMBATE A INC\u00caNDIOS E AJUDA HUMANIT\u00c1RIA COM APOIO DE AERONAVES DE ASA ROTATIVA - Corpo de Bombeiros Militar de Rond\u00f4nia","og_description":"As opera\u00e7\u00f5es coordenadas das aeronaves s\u00e3o cruciais para ampliar a \u00e1rea de cobertura e resposta r\u00e1pida do Corpo de Bombeiros Militar","og_url":"https:\/\/www.cbm.ro.gov.br\/?p=3712","og_site_name":"Corpo de Bombeiros Militar de Rond\u00f4nia","article_publisher":"https:\/\/www.facebook.com\/cbmro.oficial\/","article_published_time":"2024-10-28T13:41:28+00:00","article_modified_time":"2024-10-31T22:09:24+00:00","og_image":[{"width":1600,"height":900,"url":"https:\/\/www.cbm.ro.gov.br\/wp-content\/uploads\/2024\/10\/cbmro-equipe-helicoptero-defesa-civil.jpeg","type":"image\/jpeg"}],"author":"Marcos Barros","twitter_card":"summary_large_image","twitter_misc":{"Escrito por":"Marcos Barros","Est. tempo de leitura":"2 minutos"},"schema":{"@context":"https:\/\/schema.org","@graph":[{"@type":"Article","@id":"https:\/\/www.cbm.ro.gov.br\/?p=3712#article","isPartOf":{"@id":"https:\/\/www.cbm.ro.gov.br\/?p=3712"},"author":{"name":"Marcos Barros","@id":"https:\/\/www.cbm.ro.gov.br\/#\/schema\/person\/b035b7e269aef4233e9514c2751917c5"},"headline":"GOVERNO DE RO POR MEIO DO CBMRO REFOR\u00c7A OPERA\u00c7\u00d5ES DE COMBATE A INC\u00caNDIOS E AJUDA HUMANIT\u00c1RIA COM APOIO DE AERONAVES DE ASA ROTATIVA","datePublished":"2024-10-28T13:41:28+00:00","dateModified":"2024-10-31T22:09:24+00:00","mainEntityOfPage":{"@id":"https:\/\/www.cbm.ro.gov.br\/?p=3712"},"wordCount":432,"publisher":{"@id":"https:\/\/www.cbm.ro.gov.br\/#organization"},"image":{"@id":"https:\/\/www.cbm.ro.gov.br\/?p=3712#primaryimage"},"thumbnailUrl":"https:\/\/www.cbm.ro.gov.br\/wp-content\/uploads\/2024\/10\/cbmro-equipe-helicoptero-defesa-civil.jpeg","keywords":["AJUDAHUMANITARIA","CBMRO","CEPDEC-RO","COMITE","GOVERNODERONDONIA"],"articleSection":["CBMRO","Defesa Civil"],"inLanguage":"pt-BR"},{"@type":"WebPage","@id":"https:\/\/www.cbm.ro.gov.br\/?p=3712","url":"https:\/\/www.cbm.ro.gov.br\/?p=3712","name":"GOVERNO DE RO POR MEIO DO CBMRO REFOR\u00c7A OPERA\u00c7\u00d5ES DE COMBATE A INC\u00caNDIOS E AJUDA HUMANIT\u00c1RIA COM APOIO DE AERONAVES DE ASA ROTATIVA - Corpo de Bombeiros Militar de Rond\u00f4nia","isPartOf":{"@id":"https:\/\/www.cbm.ro.gov.br\/#website"},"primaryImageOfPage":{"@id":"https:\/\/www.cbm.ro.gov.br\/?p=3712#primaryimage"},"image":{"@id":"https:\/\/www.cbm.ro.gov.br\/?p=3712#primaryimage"},"thumbnailUrl":"https:\/\/www.cbm.ro.gov.br\/wp-content\/uploads\/2024\/10\/cbmro-equipe-helicoptero-defesa-civil.jpeg","datePublished":"2024-10-28T13:41:28+00:00","dateModified":"2024-10-31T22:09:24+00:00","description":"As opera\u00e7\u00f5es coordenadas das aeronaves s\u00e3o cruciais para ampliar a \u00e1rea de cobertura e resposta r\u00e1pida do Corpo de Bombeiros Militar","breadcrumb":{"@id":"https:\/\/www.cbm.ro.gov.br\/?p=3712#breadcrumb"},"inLanguage":"pt-BR","potentialAction":[{"@type":"ReadAction","target":["https:\/\/www.cbm.ro.gov.br\/?p=3712"]}]},{"@type":"ImageObject","inLanguage":"pt-BR","@id":"https:\/\/www.cbm.ro.gov.br\/?p=3712#primaryimage","url":"https:\/\/www.cbm.ro.gov.br\/wp-content\/uploads\/2024\/10\/cbmro-equipe-helicoptero-defesa-civil.jpeg","contentUrl":"https:\/\/www.cbm.ro.gov.br\/wp-content\/uploads\/2024\/10\/cbmro-equipe-helicoptero-defesa-civil.jpeg","width":1600,"height":900},{"@type":"BreadcrumbList","@id":"https:\/\/www.cbm.ro.gov.br\/?p=3712#breadcrumb","itemListElement":[{"@type":"ListItem","position":1,"name":"In\u00edcio","item":"https:\/\/www.cbm.ro.gov.br\/"},{"@type":"ListItem","position":2,"name":"GOVERNO DE RO POR MEIO DO CBMRO REFOR\u00c7A OPERA\u00c7\u00d5ES DE COMBATE A INC\u00caNDIOS E AJUDA HUMANIT\u00c1RIA COM APOIO DE AERONAVES DE ASA ROTATIVA"}]},{"@type":"WebSite","@id":"https:\/\/www.cbm.ro.gov.br\/#website","url":"https:\/\/www.cbm.ro.gov.br\/","name":"Corpo de Bombeiros Militar de Rond\u00f4nia","description":"Vidas alheias, riquezas salvar!","publisher":{"@id":"https:\/\/www.cbm.ro.gov.br\/#organization"},"alternateName":"cbmro","potentialAction":[{"@type":"SearchAction","target":{"@type":"EntryPoint","urlTemplate":"https:\/\/www.cbm.ro.gov.br\/?s={search_term_string}"},"query-input":{"@type":"PropertyValueSpecification","valueRequired":true,"valueName":"search_term_string"}}],"inLanguage":"pt-BR"},{"@type":"Organization","@id":"https:\/\/www.cbm.ro.gov.br\/#organization","name":"Corpo de Bombeiros Militar do Estado de Rond\u00f4nia","alternateName":"CBMRO","url":"https:\/\/www.cbm.ro.gov.br\/","logo":{"@type":"ImageObject","inLanguage":"pt-BR","@id":"https:\/\/www.cbm.ro.gov.br\/#\/schema\/logo\/image\/","url":"https:\/\/www.cbm.ro.gov.br\/wp-content\/uploads\/2023\/12\/cropped-cropped-cropped-BRASO_3D_32-1-e1724344443171.png","contentUrl":"https:\/\/www.cbm.ro.gov.br\/wp-content\/uploads\/2023\/12\/cropped-cropped-cropped-BRASO_3D_32-1-e1724344443171.png","width":446,"height":441,"caption":"Corpo de Bombeiros Militar do Estado de Rond\u00f4nia"},"image":{"@id":"https:\/\/www.cbm.ro.gov.br\/#\/schema\/logo\/image\/"},"sameAs":["https:\/\/www.facebook.com\/cbmro.oficial\/","https:\/\/www.youtube.com\/c\/CorpodeBombeirosMilitardoEstadodeRond\u00f4nia"]},{"@type":"Person","@id":"https:\/\/www.cbm.ro.gov.br\/#\/schema\/person\/b035b7e269aef4233e9514c2751917c5","name":"Marcos Barros","sameAs":["http:\/\/10.210.0.90\/wp-admin\/post.php?post=2688&amp;action=edit"],"url":"https:\/\/www.cbm.ro.gov.br\/?author=5"}]}},"wpmagazine_modules_lite_featured_media_urls":{"thumbnail":["https:\/\/www.cbm.ro.gov.br\/wp-content\/uploads\/2024\/10\/cbmro-equipe-helicoptero-defesa-civil-150x150.jpeg",150,150,true],"cvmm-medium":["https:\/\/www.cbm.ro.gov.br\/wp-content\/uploads\/2024\/10\/cbmro-equipe-helicoptero-defesa-civil-300x300.jpeg",300,300,true],"cvmm-medium-plus":["https:\/\/www.cbm.ro.gov.br\/wp-content\/uploads\/2024\/10\/cbmro-equipe-helicoptero-defesa-civil-305x207.jpeg",305,207,true],"cvmm-portrait":["https:\/\/www.cbm.ro.gov.br\/wp-content\/uploads\/2024\/10\/cbmro-equipe-helicoptero-defesa-civil-400x600.jpeg",400,600,true],"cvmm-medium-square":["https:\/\/www.cbm.ro.gov.br\/wp-content\/uploads\/2024\/10\/cbmro-equipe-helicoptero-defesa-civil-600x600.jpeg",600,600,true],"cvmm-large":["https:\/\/www.cbm.ro.gov.br\/wp-content\/uploads\/2024\/10\/cbmro-equipe-helicoptero-defesa-civil-1024x900.jpeg",1024,900,true],"cvmm-small":["https:\/\/www.cbm.ro.gov.br\/wp-content\/uploads\/2024\/10\/cbmro-equipe-helicoptero-defesa-civil-130x95.jpeg",130,95,true],"full":["https:\/\/www.cbm.ro.gov.br\/wp-content\/uploads\/2024\/10\/cbmro-equipe-helicoptero-defesa-civil.jpeg",1600,900,false]},"categories_names":{"1":{"name":"CBMRO","link":"https:\/\/www.cbm.ro.gov.br\/?cat=1"},"5":{"name":"Defesa Civil","link":"https:\/\/www.cbm.ro.gov.br\/?cat=5"}},"tags_names":{"156":{"name":"AJUDAHUMANITARIA","link":"https:\/\/www.cbm.ro.gov.br\/?tag=ajudahumanitaria"},"13":{"name":"CBMRO","link":"https:\/\/www.cbm.ro.gov.br\/?tag=cbmro"},"78":{"name":"CEPDEC-RO","link":"https:\/\/www.cbm.ro.gov.br\/?tag=cepdec-ro"},"110":{"name":"COMITE","link":"https:\/\/www.cbm.ro.gov.br\/?tag=comite"},"86":{"name":"GOVERNODERONDONIA","link":"https:\/\/www.cbm.ro.gov.br\/?tag=governoderondonia"}},"comments_number":"0","_links":{"self":[{"href":"https:\/\/www.cbm.ro.gov.br\/index.php?rest_route=\/wp\/v2\/posts\/3712","targetHints":{"allow":["GET"]}}],"collection":[{"href":"https:\/\/www.cbm.ro.gov.br\/index.php?rest_route=\/wp\/v2\/posts"}],"about":[{"href":"https:\/\/www.cbm.ro.gov.br\/index.php?rest_route=\/wp\/v2\/types\/post"}],"author":[{"embeddable":true,"href":"https:\/\/www.cbm.ro.gov.br\/index.php?rest_route=\/wp\/v2\/users\/5"}],"replies":[{"embeddable":true,"href":"https:\/\/www.cbm.ro.gov.br\/index.php?rest_route=%2Fwp%2Fv2%2Fcomments&post=3712"}],"version-history":[{"count":3,"href":"https:\/\/www.cbm.ro.gov.br\/index.php?rest_route=\/wp\/v2\/posts\/3712\/revisions"}],"predecessor-version":[{"id":3733,"href":"https:\/\/www.cbm.ro.gov.br\/index.php?rest_route=\/wp\/v2\/posts\/3712\/revisions\/3733"}],"wp:featuredmedia":[{"embeddable":true,"href":"https:\/\/www.cbm.ro.gov.br\/index.php?rest_route=\/wp\/v2\/media\/3713"}],"wp:attachment":[{"href":"https:\/\/www.cbm.ro.gov.br\/index.php?rest_route=%2Fwp%2Fv2%2Fmedia&parent=3712"}],"wp:term":[{"taxonomy":"category","embeddable":true,"href":"https:\/\/www.cbm.ro.gov.br\/index.php?rest_route=%2Fwp%2Fv2%2Fcategories&post=3712"},{"taxonomy":"post_tag","embeddable":true,"href":"https:\/\/www.cbm.ro.gov.br\/index.php?rest_route=%2Fwp%2Fv2%2Ftags&post=3712"}],"curies":[{"name":"wp","href":"https:\/\/api.w.org\/{rel}","templated":true}]}}