{"id":3571,"date":"2024-10-14T09:47:33","date_gmt":"2024-10-14T13:47:33","guid":{"rendered":"https:\/\/www.cbm.ro.gov.br\/?p=3571"},"modified":"2024-10-14T09:47:34","modified_gmt":"2024-10-14T13:47:34","slug":"dia-das-criancas-1-gbm-e-grupo-amigos-das-criancas-realizam-um-dia-especial-para-150-alunos-do-cesmmazza-em-porto-velho","status":"publish","type":"post","link":"https:\/\/www.cbm.ro.gov.br\/?p=3571","title":{"rendered":"DIA DAS CRIAN\u00c7AS : 1\u00b0 GBM E GRUPO AMIGOS DAS CRIAN\u00c7AS\u00a0 REALIZAM UM DIA ESPECIAL PARA\u00a0 150 ALUNOS DO CESMMAZZA EM PORTO VELHO\u00a0"},"content":{"rendered":"\n<p><strong>Porto Velho, 12 de outubro de 2024<\/strong> \u2013 Em celebra\u00e7\u00e3o ao Dia das Crian\u00e7as, o Corpo de Bombeiros Militar de Rond\u00f4nia , em parceria com o Grupo Amigos das Crian\u00e7as e sob a coordena\u00e7\u00e3o do 1\u00ba GBM , promoveu uma manh\u00e3 inesquec\u00edvel para 150 crian\u00e7as do Centro Social Madre Mazzarello, localizado no Bairro Socialista.<br><\/p>\n\n\n\n<figure class=\"wp-block-image size-large is-resized\"><img fetchpriority=\"high\" decoding=\"async\" width=\"1024\" height=\"683\" src=\"https:\/\/www.cbm.ro.gov.br\/wp-content\/uploads\/2024\/10\/2-FOTO-1-1024x683.jpg\" alt=\"\" class=\"wp-image-3574\" style=\"width:720px\" srcset=\"https:\/\/www.cbm.ro.gov.br\/wp-content\/uploads\/2024\/10\/2-FOTO-1-1024x683.jpg 1024w, https:\/\/www.cbm.ro.gov.br\/wp-content\/uploads\/2024\/10\/2-FOTO-1-300x200.jpg 300w, https:\/\/www.cbm.ro.gov.br\/wp-content\/uploads\/2024\/10\/2-FOTO-1-768x512.jpg 768w, https:\/\/www.cbm.ro.gov.br\/wp-content\/uploads\/2024\/10\/2-FOTO-1-1536x1024.jpg 1536w, https:\/\/www.cbm.ro.gov.br\/wp-content\/uploads\/2024\/10\/2-FOTO-1-2048x1365.jpg 2048w\" sizes=\"(max-width: 1024px) 100vw, 1024px\" \/><\/figure>\n\n\n\n<p>O evento, realizado das 07h30 \u00e0s 12h00 na sede do 1\u00ba Grupamento de Bombeiros Militar, contou com a participa\u00e7\u00e3o especial de 30 crian\u00e7as do projeto Bombeiro Mirim Beija-Flor, da Vila Tupi. As crian\u00e7as tiveram a oportunidade de desfrutar de um dia repleto de divers\u00e3o, com atividades como pinturas corporais , passeios de quadriciclo, rapel e mais diversas brincadeiras.<br><\/p>\n\n\n\n<figure class=\"wp-block-image size-large is-resized\"><img decoding=\"async\" width=\"1024\" height=\"683\" src=\"https:\/\/www.cbm.ro.gov.br\/wp-content\/uploads\/2024\/10\/pintura-1024x683.jpg\" alt=\"\" class=\"wp-image-3575\" style=\"width:720px\" srcset=\"https:\/\/www.cbm.ro.gov.br\/wp-content\/uploads\/2024\/10\/pintura-1024x683.jpg 1024w, https:\/\/www.cbm.ro.gov.br\/wp-content\/uploads\/2024\/10\/pintura-300x200.jpg 300w, https:\/\/www.cbm.ro.gov.br\/wp-content\/uploads\/2024\/10\/pintura-768x512.jpg 768w, https:\/\/www.cbm.ro.gov.br\/wp-content\/uploads\/2024\/10\/pintura-1536x1024.jpg 1536w, https:\/\/www.cbm.ro.gov.br\/wp-content\/uploads\/2024\/10\/pintura-2048x1365.jpg 2048w\" sizes=\"(max-width: 1024px) 100vw, 1024px\" \/><\/figure>\n\n\n\n<p>Al\u00e9m da divers\u00e3o, o evento proporcionou momentos educativos, com apresenta\u00e7\u00f5es como por exemplo a do C\u00e3o de busca Black , de ordem unida e de primeiros socorros realizadas pelos jovens do projeto Bombeiro Mirim Beija-Flor. Para completar a celebra\u00e7\u00e3o, foram realizados sorteios de brindes, incluindo uma bicicleta e R$500,00 em pr\u00eamios, garantindo ainda mais sorrisos entre os pequenos.<\/p>\n\n\n\n<figure class=\"wp-block-image size-large is-resized\"><img decoding=\"async\" width=\"1024\" height=\"683\" src=\"https:\/\/www.cbm.ro.gov.br\/wp-content\/uploads\/2024\/10\/ordem-unida-1024x683.jpg\" alt=\"\" class=\"wp-image-3576\" style=\"width:720px\" srcset=\"https:\/\/www.cbm.ro.gov.br\/wp-content\/uploads\/2024\/10\/ordem-unida-1024x683.jpg 1024w, https:\/\/www.cbm.ro.gov.br\/wp-content\/uploads\/2024\/10\/ordem-unida-300x200.jpg 300w, https:\/\/www.cbm.ro.gov.br\/wp-content\/uploads\/2024\/10\/ordem-unida-768x512.jpg 768w, https:\/\/www.cbm.ro.gov.br\/wp-content\/uploads\/2024\/10\/ordem-unida-1536x1024.jpg 1536w, https:\/\/www.cbm.ro.gov.br\/wp-content\/uploads\/2024\/10\/ordem-unida-2048x1365.jpg 2048w\" sizes=\"(max-width: 1024px) 100vw, 1024px\" \/><\/figure>\n\n\n\n<p>A gastronomia tamb\u00e9m foi um destaque \u00e0 parte, com uma deliciosa variedade de comidas, incluindo pipoca doce, cachorro-quente, bolo de chocolate, picol\u00e9s e geladinhos, que fizeram a alegria das crian\u00e7as.<br><\/p>\n\n\n\n<figure class=\"wp-block-image size-large is-resized\"><img loading=\"lazy\" decoding=\"async\" width=\"1024\" height=\"683\" src=\"https:\/\/www.cbm.ro.gov.br\/wp-content\/uploads\/2024\/10\/picole-1024x683.jpg\" alt=\"\" class=\"wp-image-3577\" style=\"width:720px\" srcset=\"https:\/\/www.cbm.ro.gov.br\/wp-content\/uploads\/2024\/10\/picole-1024x683.jpg 1024w, https:\/\/www.cbm.ro.gov.br\/wp-content\/uploads\/2024\/10\/picole-300x200.jpg 300w, https:\/\/www.cbm.ro.gov.br\/wp-content\/uploads\/2024\/10\/picole-768x512.jpg 768w, https:\/\/www.cbm.ro.gov.br\/wp-content\/uploads\/2024\/10\/picole-1536x1024.jpg 1536w, https:\/\/www.cbm.ro.gov.br\/wp-content\/uploads\/2024\/10\/picole-2048x1365.jpg 2048w\" sizes=\"(max-width: 1024px) 100vw, 1024px\" \/><\/figure>\n\n\n\n<p>A a\u00e7\u00e3o social contou com a presen\u00e7a do Subcomandante Geral, Cel BM Andrey Vinicius Ribeiro Vaz, que elogiou a iniciativa e destacou a import\u00e2ncia de integrar a popula\u00e7\u00e3o. \u201cEsse evento reflete os ideais do CBMRO em aproximar a comunidade, inspirando nossas crian\u00e7as a trilharem carreiras de sucesso na vida adulta, levando consigo os valores da nossa institui\u00e7\u00e3o\u201d, afirmou.<\/p>\n\n\n\n<figure class=\"wp-block-image size-large is-resized\"><img loading=\"lazy\" decoding=\"async\" width=\"1024\" height=\"683\" src=\"https:\/\/www.cbm.ro.gov.br\/wp-content\/uploads\/2024\/10\/02-1024x683.jpg\" alt=\"\" class=\"wp-image-3578\" style=\"width:720px\" srcset=\"https:\/\/www.cbm.ro.gov.br\/wp-content\/uploads\/2024\/10\/02-1024x683.jpg 1024w, https:\/\/www.cbm.ro.gov.br\/wp-content\/uploads\/2024\/10\/02-300x200.jpg 300w, https:\/\/www.cbm.ro.gov.br\/wp-content\/uploads\/2024\/10\/02-768x512.jpg 768w, https:\/\/www.cbm.ro.gov.br\/wp-content\/uploads\/2024\/10\/02-1536x1024.jpg 1536w, https:\/\/www.cbm.ro.gov.br\/wp-content\/uploads\/2024\/10\/02-2048x1365.jpg 2048w\" sizes=\"(max-width: 1024px) 100vw, 1024px\" \/><\/figure>\n\n\n\n<p>O encerramento da festa foi marcado pelo tradicional banho de mangueira, onde todos se divertiram ainda mais junto com o amigo das crian\u00e7as \u201cBombeirito\u201d. Cada participante levou para casa um presente e uma sacolinha recheada de doces , salgadinhos e brindes , encerrando um dia cheio de alegria e amor.<br><\/p>\n\n\n\n<figure class=\"wp-block-image size-large is-resized\"><img loading=\"lazy\" decoding=\"async\" width=\"1024\" height=\"683\" src=\"https:\/\/www.cbm.ro.gov.br\/wp-content\/uploads\/2024\/10\/ultima-1024x683.jpg\" alt=\"\" class=\"wp-image-3579\" style=\"width:720px\" srcset=\"https:\/\/www.cbm.ro.gov.br\/wp-content\/uploads\/2024\/10\/ultima-1024x683.jpg 1024w, https:\/\/www.cbm.ro.gov.br\/wp-content\/uploads\/2024\/10\/ultima-300x200.jpg 300w, https:\/\/www.cbm.ro.gov.br\/wp-content\/uploads\/2024\/10\/ultima-768x512.jpg 768w, https:\/\/www.cbm.ro.gov.br\/wp-content\/uploads\/2024\/10\/ultima-1536x1024.jpg 1536w, https:\/\/www.cbm.ro.gov.br\/wp-content\/uploads\/2024\/10\/ultima-2048x1365.jpg 2048w\" sizes=\"(max-width: 1024px) 100vw, 1024px\" \/><\/figure>\n\n\n\n<p><br>O Corpo de Bombeiros Militar de Rond\u00f4nia reafirma seu compromisso com a comunidade, promovendo a\u00e7\u00f5es que fortalecem la\u00e7os e semeiam esperan\u00e7a nas novas gera\u00e7\u00f5es.<br><\/p>\n\n\n\n<p><img decoding=\"async\" src=\"https:\/\/lh7-rt.googleusercontent.com\/docsz\/AD_4nXe6Ubcf2qAhAVjoj7nx3gqTdBvuxECS9KaAW7AH1UPjFXAxOXRukiA_Gxw6HNpZvep_IQROIqq8KeDCS0IQ8HsjSRl6cTt2SEPizK-ly7-RuL3TOY3jtpllsxM3JRZeXIsWP09N43cGUswBi5otXQpuh4Id?key=qX2L26KdhNLFWF6Ni8hDRw\" style=\"width: 720px;\"><\/p>\n\n\n\n<p><a href=\"https:\/\/www.flickr.com\/photos\/201603246@N07\/\" data-type=\"link\" data-id=\"https:\/\/www.flickr.com\/photos\/201603246@N07\/\">CLIQUE AQUI PARA ACESSAR AS FOTOS DO EVENTO<\/a><br><\/p>\n\n\n\n<p><\/p>\n","protected":false},"excerpt":{"rendered":"<p>Porto Velho, 12 de outubro de 2024 \u2013 Em celebra\u00e7\u00e3o ao Dia das Crian\u00e7as, o Corpo de Bombeiros Militar de Rond\u00f4nia , em parceria com o Grupo Amigos das Crian\u00e7as&hellip;<\/p>\n","protected":false},"author":5,"featured_media":3572,"comment_status":"closed","ping_status":"open","sticky":false,"template":"","format":"standard","meta":{"footnotes":""},"categories":[1,6],"tags":[143,13,142,141,140],"class_list":["post-3571","post","type-post","status-publish","format-standard","has-post-thumbnail","hentry","category-cbmro","category-eventos","tag-amigodascriancas","tag-cbmro","tag-comunidade","tag-diadascriancas","tag-eventos"],"yoast_head":"<!-- This site is optimized with the Yoast SEO plugin v23.7 - https:\/\/yoast.com\/wordpress\/plugins\/seo\/ -->\n<title>DIA DAS CRIAN\u00c7AS : 1\u00b0 GBM E GRUPO AMIGOS DAS CRIAN\u00c7AS\u00a0 REALIZAM UM DIA ESPECIAL PARA\u00a0 150 ALUNOS DO CESMMAZZA EM PORTO VELHO\u00a0 - Corpo de Bombeiros Militar de Rond\u00f4nia<\/title>\n<meta name=\"robots\" content=\"index, follow, max-snippet:-1, max-image-preview:large, max-video-preview:-1\" \/>\n<link rel=\"canonical\" href=\"https:\/\/www.cbm.ro.gov.br\/?p=3571\" \/>\n<meta property=\"og:locale\" content=\"pt_BR\" \/>\n<meta property=\"og:type\" content=\"article\" \/>\n<meta property=\"og:title\" content=\"DIA DAS CRIAN\u00c7AS : 1\u00b0 GBM E GRUPO AMIGOS DAS CRIAN\u00c7AS\u00a0 REALIZAM UM DIA ESPECIAL PARA\u00a0 150 ALUNOS DO CESMMAZZA EM PORTO VELHO\u00a0 - Corpo de Bombeiros Militar de Rond\u00f4nia\" \/>\n<meta property=\"og:description\" content=\"Porto Velho, 12 de outubro de 2024 \u2013 Em celebra\u00e7\u00e3o ao Dia das Crian\u00e7as, o Corpo de Bombeiros Militar de Rond\u00f4nia , em parceria com o Grupo Amigos das Crian\u00e7as&hellip;\" \/>\n<meta property=\"og:url\" content=\"https:\/\/www.cbm.ro.gov.br\/?p=3571\" \/>\n<meta property=\"og:site_name\" content=\"Corpo de Bombeiros Militar de Rond\u00f4nia\" \/>\n<meta property=\"article:publisher\" content=\"https:\/\/www.facebook.com\/cbmro.oficial\/\" \/>\n<meta property=\"article:published_time\" content=\"2024-10-14T13:47:33+00:00\" \/>\n<meta property=\"article:modified_time\" content=\"2024-10-14T13:47:34+00:00\" \/>\n<meta property=\"og:image\" content=\"https:\/\/www.cbm.ro.gov.br\/wp-content\/uploads\/2024\/10\/capa-materia-criancas--scaled.jpg\" \/>\n\t<meta property=\"og:image:width\" content=\"2560\" \/>\n\t<meta property=\"og:image:height\" content=\"1707\" \/>\n\t<meta property=\"og:image:type\" content=\"image\/jpeg\" \/>\n<meta name=\"author\" content=\"Marcos Barros\" \/>\n<meta name=\"twitter:card\" content=\"summary_large_image\" \/>\n<meta name=\"twitter:label1\" content=\"Escrito por\" \/>\n\t<meta name=\"twitter:data1\" content=\"Marcos Barros\" \/>\n\t<meta name=\"twitter:label2\" content=\"Est. tempo de leitura\" \/>\n\t<meta name=\"twitter:data2\" content=\"2 minutos\" \/>\n<script type=\"application\/ld+json\" class=\"yoast-schema-graph\">{\"@context\":\"https:\/\/schema.org\",\"@graph\":[{\"@type\":\"Article\",\"@id\":\"https:\/\/www.cbm.ro.gov.br\/?p=3571#article\",\"isPartOf\":{\"@id\":\"https:\/\/www.cbm.ro.gov.br\/?p=3571\"},\"author\":{\"name\":\"Marcos Barros\",\"@id\":\"https:\/\/www.cbm.ro.gov.br\/#\/schema\/person\/b035b7e269aef4233e9514c2751917c5\"},\"headline\":\"DIA DAS CRIAN\u00c7AS : 1\u00b0 GBM E GRUPO AMIGOS DAS CRIAN\u00c7AS\u00a0 REALIZAM UM DIA ESPECIAL PARA\u00a0 150 ALUNOS DO CESMMAZZA EM PORTO VELHO\u00a0\",\"datePublished\":\"2024-10-14T13:47:33+00:00\",\"dateModified\":\"2024-10-14T13:47:34+00:00\",\"mainEntityOfPage\":{\"@id\":\"https:\/\/www.cbm.ro.gov.br\/?p=3571\"},\"wordCount\":380,\"publisher\":{\"@id\":\"https:\/\/www.cbm.ro.gov.br\/#organization\"},\"image\":{\"@id\":\"https:\/\/www.cbm.ro.gov.br\/?p=3571#primaryimage\"},\"thumbnailUrl\":\"https:\/\/www.cbm.ro.gov.br\/wp-content\/uploads\/2024\/10\/capa-materia-criancas--scaled.jpg\",\"keywords\":[\"AMIGODASCRIAN\u00c7AS\",\"CBMRO\",\"COMUNIDADE\",\"DIADASCRIAN\u00c7AS\",\"EVENTOS\"],\"articleSection\":[\"CBMRO\",\"Eventos\"],\"inLanguage\":\"pt-BR\"},{\"@type\":\"WebPage\",\"@id\":\"https:\/\/www.cbm.ro.gov.br\/?p=3571\",\"url\":\"https:\/\/www.cbm.ro.gov.br\/?p=3571\",\"name\":\"DIA DAS CRIAN\u00c7AS : 1\u00b0 GBM E GRUPO AMIGOS DAS CRIAN\u00c7AS\u00a0 REALIZAM UM DIA ESPECIAL PARA\u00a0 150 ALUNOS DO CESMMAZZA EM PORTO VELHO\u00a0 - Corpo de Bombeiros Militar de Rond\u00f4nia\",\"isPartOf\":{\"@id\":\"https:\/\/www.cbm.ro.gov.br\/#website\"},\"primaryImageOfPage\":{\"@id\":\"https:\/\/www.cbm.ro.gov.br\/?p=3571#primaryimage\"},\"image\":{\"@id\":\"https:\/\/www.cbm.ro.gov.br\/?p=3571#primaryimage\"},\"thumbnailUrl\":\"https:\/\/www.cbm.ro.gov.br\/wp-content\/uploads\/2024\/10\/capa-materia-criancas--scaled.jpg\",\"datePublished\":\"2024-10-14T13:47:33+00:00\",\"dateModified\":\"2024-10-14T13:47:34+00:00\",\"breadcrumb\":{\"@id\":\"https:\/\/www.cbm.ro.gov.br\/?p=3571#breadcrumb\"},\"inLanguage\":\"pt-BR\",\"potentialAction\":[{\"@type\":\"ReadAction\",\"target\":[\"https:\/\/www.cbm.ro.gov.br\/?p=3571\"]}]},{\"@type\":\"ImageObject\",\"inLanguage\":\"pt-BR\",\"@id\":\"https:\/\/www.cbm.ro.gov.br\/?p=3571#primaryimage\",\"url\":\"https:\/\/www.cbm.ro.gov.br\/wp-content\/uploads\/2024\/10\/capa-materia-criancas--scaled.jpg\",\"contentUrl\":\"https:\/\/www.cbm.ro.gov.br\/wp-content\/uploads\/2024\/10\/capa-materia-criancas--scaled.jpg\",\"width\":2560,\"height\":1707},{\"@type\":\"BreadcrumbList\",\"@id\":\"https:\/\/www.cbm.ro.gov.br\/?p=3571#breadcrumb\",\"itemListElement\":[{\"@type\":\"ListItem\",\"position\":1,\"name\":\"In\u00edcio\",\"item\":\"https:\/\/www.cbm.ro.gov.br\/\"},{\"@type\":\"ListItem\",\"position\":2,\"name\":\"DIA DAS CRIAN\u00c7AS : 1\u00b0 GBM E GRUPO AMIGOS DAS CRIAN\u00c7AS\u00a0 REALIZAM UM DIA ESPECIAL PARA\u00a0 150 ALUNOS DO CESMMAZZA EM PORTO VELHO\u00a0\"}]},{\"@type\":\"WebSite\",\"@id\":\"https:\/\/www.cbm.ro.gov.br\/#website\",\"url\":\"https:\/\/www.cbm.ro.gov.br\/\",\"name\":\"Corpo de Bombeiros Militar de Rond\u00f4nia\",\"description\":\"Vidas alheias, riquezas salvar!\",\"publisher\":{\"@id\":\"https:\/\/www.cbm.ro.gov.br\/#organization\"},\"alternateName\":\"cbmro\",\"potentialAction\":[{\"@type\":\"SearchAction\",\"target\":{\"@type\":\"EntryPoint\",\"urlTemplate\":\"https:\/\/www.cbm.ro.gov.br\/?s={search_term_string}\"},\"query-input\":{\"@type\":\"PropertyValueSpecification\",\"valueRequired\":true,\"valueName\":\"search_term_string\"}}],\"inLanguage\":\"pt-BR\"},{\"@type\":\"Organization\",\"@id\":\"https:\/\/www.cbm.ro.gov.br\/#organization\",\"name\":\"Corpo de Bombeiros Militar do Estado de Rond\u00f4nia\",\"alternateName\":\"CBMRO\",\"url\":\"https:\/\/www.cbm.ro.gov.br\/\",\"logo\":{\"@type\":\"ImageObject\",\"inLanguage\":\"pt-BR\",\"@id\":\"https:\/\/www.cbm.ro.gov.br\/#\/schema\/logo\/image\/\",\"url\":\"https:\/\/www.cbm.ro.gov.br\/wp-content\/uploads\/2023\/12\/cropped-cropped-cropped-BRASO_3D_32-1-e1724344443171.png\",\"contentUrl\":\"https:\/\/www.cbm.ro.gov.br\/wp-content\/uploads\/2023\/12\/cropped-cropped-cropped-BRASO_3D_32-1-e1724344443171.png\",\"width\":446,\"height\":441,\"caption\":\"Corpo de Bombeiros Militar do Estado de Rond\u00f4nia\"},\"image\":{\"@id\":\"https:\/\/www.cbm.ro.gov.br\/#\/schema\/logo\/image\/\"},\"sameAs\":[\"https:\/\/www.facebook.com\/cbmro.oficial\/\",\"https:\/\/www.youtube.com\/c\/CorpodeBombeirosMilitardoEstadodeRond\u00f4nia\"]},{\"@type\":\"Person\",\"@id\":\"https:\/\/www.cbm.ro.gov.br\/#\/schema\/person\/b035b7e269aef4233e9514c2751917c5\",\"name\":\"Marcos Barros\",\"sameAs\":[\"http:\/\/10.210.0.90\/wp-admin\/post.php?post=2688&amp;action=edit\"],\"url\":\"https:\/\/www.cbm.ro.gov.br\/?author=5\"}]}<\/script>\n<!-- \/ Yoast SEO plugin. -->","yoast_head_json":{"title":"DIA DAS CRIAN\u00c7AS : 1\u00b0 GBM E GRUPO AMIGOS DAS CRIAN\u00c7AS\u00a0 REALIZAM UM DIA ESPECIAL PARA\u00a0 150 ALUNOS DO CESMMAZZA EM PORTO VELHO\u00a0 - Corpo de Bombeiros Militar de Rond\u00f4nia","robots":{"index":"index","follow":"follow","max-snippet":"max-snippet:-1","max-image-preview":"max-image-preview:large","max-video-preview":"max-video-preview:-1"},"canonical":"https:\/\/www.cbm.ro.gov.br\/?p=3571","og_locale":"pt_BR","og_type":"article","og_title":"DIA DAS CRIAN\u00c7AS : 1\u00b0 GBM E GRUPO AMIGOS DAS CRIAN\u00c7AS\u00a0 REALIZAM UM DIA ESPECIAL PARA\u00a0 150 ALUNOS DO CESMMAZZA EM PORTO VELHO\u00a0 - Corpo de Bombeiros Militar de Rond\u00f4nia","og_description":"Porto Velho, 12 de outubro de 2024 \u2013 Em celebra\u00e7\u00e3o ao Dia das Crian\u00e7as, o Corpo de Bombeiros Militar de Rond\u00f4nia , em parceria com o Grupo Amigos das Crian\u00e7as&hellip;","og_url":"https:\/\/www.cbm.ro.gov.br\/?p=3571","og_site_name":"Corpo de Bombeiros Militar de Rond\u00f4nia","article_publisher":"https:\/\/www.facebook.com\/cbmro.oficial\/","article_published_time":"2024-10-14T13:47:33+00:00","article_modified_time":"2024-10-14T13:47:34+00:00","og_image":[{"width":2560,"height":1707,"url":"https:\/\/www.cbm.ro.gov.br\/wp-content\/uploads\/2024\/10\/capa-materia-criancas--scaled.jpg","type":"image\/jpeg"}],"author":"Marcos Barros","twitter_card":"summary_large_image","twitter_misc":{"Escrito por":"Marcos Barros","Est. tempo de leitura":"2 minutos"},"schema":{"@context":"https:\/\/schema.org","@graph":[{"@type":"Article","@id":"https:\/\/www.cbm.ro.gov.br\/?p=3571#article","isPartOf":{"@id":"https:\/\/www.cbm.ro.gov.br\/?p=3571"},"author":{"name":"Marcos Barros","@id":"https:\/\/www.cbm.ro.gov.br\/#\/schema\/person\/b035b7e269aef4233e9514c2751917c5"},"headline":"DIA DAS CRIAN\u00c7AS : 1\u00b0 GBM E GRUPO AMIGOS DAS CRIAN\u00c7AS\u00a0 REALIZAM UM DIA ESPECIAL PARA\u00a0 150 ALUNOS DO CESMMAZZA EM PORTO VELHO\u00a0","datePublished":"2024-10-14T13:47:33+00:00","dateModified":"2024-10-14T13:47:34+00:00","mainEntityOfPage":{"@id":"https:\/\/www.cbm.ro.gov.br\/?p=3571"},"wordCount":380,"publisher":{"@id":"https:\/\/www.cbm.ro.gov.br\/#organization"},"image":{"@id":"https:\/\/www.cbm.ro.gov.br\/?p=3571#primaryimage"},"thumbnailUrl":"https:\/\/www.cbm.ro.gov.br\/wp-content\/uploads\/2024\/10\/capa-materia-criancas--scaled.jpg","keywords":["AMIGODASCRIAN\u00c7AS","CBMRO","COMUNIDADE","DIADASCRIAN\u00c7AS","EVENTOS"],"articleSection":["CBMRO","Eventos"],"inLanguage":"pt-BR"},{"@type":"WebPage","@id":"https:\/\/www.cbm.ro.gov.br\/?p=3571","url":"https:\/\/www.cbm.ro.gov.br\/?p=3571","name":"DIA DAS CRIAN\u00c7AS : 1\u00b0 GBM E GRUPO AMIGOS DAS CRIAN\u00c7AS\u00a0 REALIZAM UM DIA ESPECIAL PARA\u00a0 150 ALUNOS DO CESMMAZZA EM PORTO VELHO\u00a0 - Corpo de Bombeiros Militar de Rond\u00f4nia","isPartOf":{"@id":"https:\/\/www.cbm.ro.gov.br\/#website"},"primaryImageOfPage":{"@id":"https:\/\/www.cbm.ro.gov.br\/?p=3571#primaryimage"},"image":{"@id":"https:\/\/www.cbm.ro.gov.br\/?p=3571#primaryimage"},"thumbnailUrl":"https:\/\/www.cbm.ro.gov.br\/wp-content\/uploads\/2024\/10\/capa-materia-criancas--scaled.jpg","datePublished":"2024-10-14T13:47:33+00:00","dateModified":"2024-10-14T13:47:34+00:00","breadcrumb":{"@id":"https:\/\/www.cbm.ro.gov.br\/?p=3571#breadcrumb"},"inLanguage":"pt-BR","potentialAction":[{"@type":"ReadAction","target":["https:\/\/www.cbm.ro.gov.br\/?p=3571"]}]},{"@type":"ImageObject","inLanguage":"pt-BR","@id":"https:\/\/www.cbm.ro.gov.br\/?p=3571#primaryimage","url":"https:\/\/www.cbm.ro.gov.br\/wp-content\/uploads\/2024\/10\/capa-materia-criancas--scaled.jpg","contentUrl":"https:\/\/www.cbm.ro.gov.br\/wp-content\/uploads\/2024\/10\/capa-materia-criancas--scaled.jpg","width":2560,"height":1707},{"@type":"BreadcrumbList","@id":"https:\/\/www.cbm.ro.gov.br\/?p=3571#breadcrumb","itemListElement":[{"@type":"ListItem","position":1,"name":"In\u00edcio","item":"https:\/\/www.cbm.ro.gov.br\/"},{"@type":"ListItem","position":2,"name":"DIA DAS CRIAN\u00c7AS : 1\u00b0 GBM E GRUPO AMIGOS DAS CRIAN\u00c7AS\u00a0 REALIZAM UM DIA ESPECIAL PARA\u00a0 150 ALUNOS DO CESMMAZZA EM PORTO VELHO\u00a0"}]},{"@type":"WebSite","@id":"https:\/\/www.cbm.ro.gov.br\/#website","url":"https:\/\/www.cbm.ro.gov.br\/","name":"Corpo de Bombeiros Militar de Rond\u00f4nia","description":"Vidas alheias, riquezas salvar!","publisher":{"@id":"https:\/\/www.cbm.ro.gov.br\/#organization"},"alternateName":"cbmro","potentialAction":[{"@type":"SearchAction","target":{"@type":"EntryPoint","urlTemplate":"https:\/\/www.cbm.ro.gov.br\/?s={search_term_string}"},"query-input":{"@type":"PropertyValueSpecification","valueRequired":true,"valueName":"search_term_string"}}],"inLanguage":"pt-BR"},{"@type":"Organization","@id":"https:\/\/www.cbm.ro.gov.br\/#organization","name":"Corpo de Bombeiros Militar do Estado de Rond\u00f4nia","alternateName":"CBMRO","url":"https:\/\/www.cbm.ro.gov.br\/","logo":{"@type":"ImageObject","inLanguage":"pt-BR","@id":"https:\/\/www.cbm.ro.gov.br\/#\/schema\/logo\/image\/","url":"https:\/\/www.cbm.ro.gov.br\/wp-content\/uploads\/2023\/12\/cropped-cropped-cropped-BRASO_3D_32-1-e1724344443171.png","contentUrl":"https:\/\/www.cbm.ro.gov.br\/wp-content\/uploads\/2023\/12\/cropped-cropped-cropped-BRASO_3D_32-1-e1724344443171.png","width":446,"height":441,"caption":"Corpo de Bombeiros Militar do Estado de Rond\u00f4nia"},"image":{"@id":"https:\/\/www.cbm.ro.gov.br\/#\/schema\/logo\/image\/"},"sameAs":["https:\/\/www.facebook.com\/cbmro.oficial\/","https:\/\/www.youtube.com\/c\/CorpodeBombeirosMilitardoEstadodeRond\u00f4nia"]},{"@type":"Person","@id":"https:\/\/www.cbm.ro.gov.br\/#\/schema\/person\/b035b7e269aef4233e9514c2751917c5","name":"Marcos Barros","sameAs":["http:\/\/10.210.0.90\/wp-admin\/post.php?post=2688&amp;action=edit"],"url":"https:\/\/www.cbm.ro.gov.br\/?author=5"}]}},"wpmagazine_modules_lite_featured_media_urls":{"thumbnail":["https:\/\/www.cbm.ro.gov.br\/wp-content\/uploads\/2024\/10\/capa-materia-criancas--150x150.jpg",150,150,true],"cvmm-medium":["https:\/\/www.cbm.ro.gov.br\/wp-content\/uploads\/2024\/10\/capa-materia-criancas--300x300.jpg",300,300,true],"cvmm-medium-plus":["https:\/\/www.cbm.ro.gov.br\/wp-content\/uploads\/2024\/10\/capa-materia-criancas--305x207.jpg",305,207,true],"cvmm-portrait":["https:\/\/www.cbm.ro.gov.br\/wp-content\/uploads\/2024\/10\/capa-materia-criancas--400x600.jpg",400,600,true],"cvmm-medium-square":["https:\/\/www.cbm.ro.gov.br\/wp-content\/uploads\/2024\/10\/capa-materia-criancas--600x600.jpg",600,600,true],"cvmm-large":["https:\/\/www.cbm.ro.gov.br\/wp-content\/uploads\/2024\/10\/capa-materia-criancas--1024x1024.jpg",1024,1024,true],"cvmm-small":["https:\/\/www.cbm.ro.gov.br\/wp-content\/uploads\/2024\/10\/capa-materia-criancas--130x95.jpg",130,95,true],"full":["https:\/\/www.cbm.ro.gov.br\/wp-content\/uploads\/2024\/10\/capa-materia-criancas--scaled.jpg",2560,1707,false]},"categories_names":{"1":{"name":"CBMRO","link":"https:\/\/www.cbm.ro.gov.br\/?cat=1"},"6":{"name":"Eventos","link":"https:\/\/www.cbm.ro.gov.br\/?cat=6"}},"tags_names":{"143":{"name":"AMIGODASCRIAN\u00c7AS","link":"https:\/\/www.cbm.ro.gov.br\/?tag=amigodascriancas"},"13":{"name":"CBMRO","link":"https:\/\/www.cbm.ro.gov.br\/?tag=cbmro"},"142":{"name":"COMUNIDADE","link":"https:\/\/www.cbm.ro.gov.br\/?tag=comunidade"},"141":{"name":"DIADASCRIAN\u00c7AS","link":"https:\/\/www.cbm.ro.gov.br\/?tag=diadascriancas"},"140":{"name":"EVENTOS","link":"https:\/\/www.cbm.ro.gov.br\/?tag=eventos"}},"comments_number":"0","_links":{"self":[{"href":"https:\/\/www.cbm.ro.gov.br\/index.php?rest_route=\/wp\/v2\/posts\/3571","targetHints":{"allow":["GET"]}}],"collection":[{"href":"https:\/\/www.cbm.ro.gov.br\/index.php?rest_route=\/wp\/v2\/posts"}],"about":[{"href":"https:\/\/www.cbm.ro.gov.br\/index.php?rest_route=\/wp\/v2\/types\/post"}],"author":[{"embeddable":true,"href":"https:\/\/www.cbm.ro.gov.br\/index.php?rest_route=\/wp\/v2\/users\/5"}],"replies":[{"embeddable":true,"href":"https:\/\/www.cbm.ro.gov.br\/index.php?rest_route=%2Fwp%2Fv2%2Fcomments&post=3571"}],"version-history":[{"count":1,"href":"https:\/\/www.cbm.ro.gov.br\/index.php?rest_route=\/wp\/v2\/posts\/3571\/revisions"}],"predecessor-version":[{"id":3580,"href":"https:\/\/www.cbm.ro.gov.br\/index.php?rest_route=\/wp\/v2\/posts\/3571\/revisions\/3580"}],"wp:featuredmedia":[{"embeddable":true,"href":"https:\/\/www.cbm.ro.gov.br\/index.php?rest_route=\/wp\/v2\/media\/3572"}],"wp:attachment":[{"href":"https:\/\/www.cbm.ro.gov.br\/index.php?rest_route=%2Fwp%2Fv2%2Fmedia&parent=3571"}],"wp:term":[{"taxonomy":"category","embeddable":true,"href":"https:\/\/www.cbm.ro.gov.br\/index.php?rest_route=%2Fwp%2Fv2%2Fcategories&post=3571"},{"taxonomy":"post_tag","embeddable":true,"href":"https:\/\/www.cbm.ro.gov.br\/index.php?rest_route=%2Fwp%2Fv2%2Ftags&post=3571"}],"curies":[{"name":"wp","href":"https:\/\/api.w.org\/{rel}","templated":true}]}}