{"id":3444,"date":"2024-09-30T08:22:51","date_gmt":"2024-09-30T12:22:51","guid":{"rendered":"https:\/\/www.cbm.ro.gov.br\/?p=3444"},"modified":"2024-09-30T08:23:26","modified_gmt":"2024-09-30T12:23:26","slug":"combate-aos-incendios-florestais-e-reforcado-pelo-governo-de-ro-com-novas-aeronaves","status":"publish","type":"post","link":"https:\/\/www.cbm.ro.gov.br\/?p=3444","title":{"rendered":"COMBATE AOS INC\u00caNDIOS FLORESTAIS \u00c9 REFOR\u00c7ADO PELO GOVERNO DE RO COM NOVAS AERONAVES"},"content":{"rendered":"\n<p>REFOR\u00c7O A\u00c9REO<\/p>\n\n\n\n<blockquote class=\"wp-block-quote is-layout-flow wp-block-quote-is-layout-flow\">\n<p id=\"caption-attachment-808342\"><em><strong>Cada avi\u00e3o possui capacidade de 2 mil litros de \u00e1gua<\/strong><\/em><\/p>\n\n\n\n<p><strong>O<\/strong>&nbsp;governo de Rond\u00f4nia deu mais um passo significativo contra os inc\u00eandios florestais ao firmar um contrato para loca\u00e7\u00e3o de dois avi\u00f5es Air Tractor, cada um com capacidade de 2 mil litros de \u00e1gua e suporte de quatro lan\u00e7amentos por hora em uma dist\u00e2ncia de at\u00e9 80 quil\u00f4metros. As novas aeronaves ser\u00e3o fundamentais no combate efetivo \u00e0s chamas que t\u00eam assolado diversas regi\u00f5es do estado.<\/p>\n<\/blockquote>\n\n\n\n<p>O Corpo de Bombeiros Militar do Estado de Rond\u00f4nia (CBMRO) se reuniu na sexta-feira (27),&nbsp;com a Secretaria de Desenvolvimento Ambiental (Sedam), para identificar as \u00e1reas mais afetadas pelos focos de inc\u00eandio e que apresentem T\u00e9cnicas de Evacua\u00e7\u00e3o e Terreno Operacional (Teto). A partir dessa an\u00e1lise, os voos de combate aos inc\u00eandios florestais ser\u00e3o iniciados imediatamente.<\/p>\n\n\n\n<p>Al\u00e9m dos avi\u00f5es, o Corpo de Bombeiros Militar est\u00e1 em busca da contrata\u00e7\u00e3o de helic\u00f3pteros para complementar as a\u00e7\u00f5es de combate com o Bambi Bucket, especialmente em locais de dif\u00edcil acesso, onde os avi\u00f5es de asa fixa n\u00e3o conseguem operar e via terrestre n\u00e3o h\u00e1 possibilidade de combate eficaz.<\/p>\n\n\n\n<p><img fetchpriority=\"high\" decoding=\"async\" src=\"https:\/\/rondonia.ro.gov.br\/wp-content\/uploads\/2024\/09\/aviao-2-370x432.jpeg\" alt=\"\" width=\"270\" height=\"315\" srcset=\"https:\/\/rondonia.ro.gov.br\/wp-content\/uploads\/2024\/09\/aviao-2-370x432.jpeg 370w, https:\/\/rondonia.ro.gov.br\/wp-content\/uploads\/2024\/09\/aviao-2-768x896.jpeg 768w, https:\/\/rondonia.ro.gov.br\/wp-content\/uploads\/2024\/09\/aviao-2-170x198.jpeg 170w, https:\/\/rondonia.ro.gov.br\/wp-content\/uploads\/2024\/09\/aviao-2-570x665.jpeg 570w, https:\/\/rondonia.ro.gov.br\/wp-content\/uploads\/2024\/09\/aviao-2-870x1015.jpeg 870w, https:\/\/rondonia.ro.gov.br\/wp-content\/uploads\/2024\/09\/aviao-2.jpeg 1080w\"><\/p>\n\n\n\n<p id=\"caption-attachment-808341\">Aeronave&nbsp;suporta quatro lan\u00e7amentos por hora<\/p>\n\n\n\n<p><strong>REFOR\u00c7O A\u00c9REO&nbsp;<\/strong><\/p>\n\n\n\n<p>Com um total de 800 horas contratadas para opera\u00e7\u00f5es a\u00e9reas, a expectativa \u00e9 que com os novos refor\u00e7os as a\u00e7\u00f5es de combate ajudem a mitigar os danos causados pelos inc\u00eandios florestais criminosos em Rond\u00f4nia.&nbsp;Segundo o Instituto Nacional de Meteorologia (Inmet), a previs\u00e3o para o fim da estiagem no estado, possivelmente ser\u00e1 no m\u00eas de outubro. No sudoeste dos estados do Amazonas e Par\u00e1, bem como no Norte de Rond\u00f4nia, a precipita\u00e7\u00e3o tamb\u00e9m ser\u00e1 ligeiramente acima da m\u00e9dia.<\/p>\n\n\n\n<p>Com a iniciativa, o governo de Rond\u00f4nia reafirma o trabalho de proteger a popula\u00e7\u00e3o e o meio ambiente, e continuar\u00e1 empenhado, em parceria com diversas institui\u00e7\u00f5es para enfrentar os desafios impostos pelas queimadas.<\/p>\n","protected":false},"excerpt":{"rendered":"<p>REFOR\u00c7O A\u00c9REO Cada avi\u00e3o possui capacidade de 2 mil litros de \u00e1gua O&nbsp;governo de Rond\u00f4nia deu mais um passo significativo contra os inc\u00eandios florestais ao firmar um contrato para loca\u00e7\u00e3o&hellip;<\/p>\n","protected":false},"author":5,"featured_media":3445,"comment_status":"closed","ping_status":"open","sticky":false,"template":"","format":"standard","meta":{"footnotes":""},"categories":[1],"tags":[13,58,89,86,83],"class_list":["post-3444","post","type-post","status-publish","format-standard","has-post-thumbnail","hentry","category-cbmro","tag-cbmro","tag-combateaincendio","tag-combateasqueimadas","tag-governoderondonia","tag-queimadas"],"yoast_head":"<!-- This site is optimized with the Yoast SEO plugin v23.7 - https:\/\/yoast.com\/wordpress\/plugins\/seo\/ -->\n<title>COMBATE AOS INC\u00caNDIOS FLORESTAIS \u00c9 REFOR\u00c7ADO PELO GOVERNO DE RO COM NOVAS AERONAVES - Corpo de Bombeiros Militar de Rond\u00f4nia<\/title>\n<meta name=\"robots\" content=\"index, follow, max-snippet:-1, max-image-preview:large, max-video-preview:-1\" \/>\n<link rel=\"canonical\" href=\"https:\/\/www.cbm.ro.gov.br\/?p=3444\" \/>\n<meta property=\"og:locale\" content=\"pt_BR\" \/>\n<meta property=\"og:type\" content=\"article\" \/>\n<meta property=\"og:title\" content=\"COMBATE AOS INC\u00caNDIOS FLORESTAIS \u00c9 REFOR\u00c7ADO PELO GOVERNO DE RO COM NOVAS AERONAVES - Corpo de Bombeiros Militar de Rond\u00f4nia\" \/>\n<meta property=\"og:description\" content=\"REFOR\u00c7O A\u00c9REO Cada avi\u00e3o possui capacidade de 2 mil litros de \u00e1gua O&nbsp;governo de Rond\u00f4nia deu mais um passo significativo contra os inc\u00eandios florestais ao firmar um contrato para loca\u00e7\u00e3o&hellip;\" \/>\n<meta property=\"og:url\" content=\"https:\/\/www.cbm.ro.gov.br\/?p=3444\" \/>\n<meta property=\"og:site_name\" content=\"Corpo de Bombeiros Militar de Rond\u00f4nia\" \/>\n<meta property=\"article:publisher\" content=\"https:\/\/www.facebook.com\/cbmro.oficial\/\" \/>\n<meta property=\"article:published_time\" content=\"2024-09-30T12:22:51+00:00\" \/>\n<meta property=\"article:modified_time\" content=\"2024-09-30T12:23:26+00:00\" \/>\n<meta property=\"og:image\" content=\"https:\/\/www.cbm.ro.gov.br\/wp-content\/uploads\/2024\/09\/aviao-1-1-370x454-1.jpeg\" \/>\n\t<meta property=\"og:image:width\" content=\"370\" \/>\n\t<meta property=\"og:image:height\" content=\"454\" \/>\n\t<meta property=\"og:image:type\" content=\"image\/jpeg\" \/>\n<meta name=\"author\" content=\"Marcos Barros\" \/>\n<meta name=\"twitter:card\" content=\"summary_large_image\" \/>\n<meta name=\"twitter:label1\" content=\"Escrito por\" \/>\n\t<meta name=\"twitter:data1\" content=\"Marcos Barros\" \/>\n\t<meta name=\"twitter:label2\" content=\"Est. tempo de leitura\" \/>\n\t<meta name=\"twitter:data2\" content=\"2 minutos\" \/>\n<script type=\"application\/ld+json\" class=\"yoast-schema-graph\">{\"@context\":\"https:\/\/schema.org\",\"@graph\":[{\"@type\":\"Article\",\"@id\":\"https:\/\/www.cbm.ro.gov.br\/?p=3444#article\",\"isPartOf\":{\"@id\":\"https:\/\/www.cbm.ro.gov.br\/?p=3444\"},\"author\":{\"name\":\"Marcos Barros\",\"@id\":\"https:\/\/www.cbm.ro.gov.br\/#\/schema\/person\/b035b7e269aef4233e9514c2751917c5\"},\"headline\":\"COMBATE AOS INC\u00caNDIOS FLORESTAIS \u00c9 REFOR\u00c7ADO PELO GOVERNO DE RO COM NOVAS AERONAVES\",\"datePublished\":\"2024-09-30T12:22:51+00:00\",\"dateModified\":\"2024-09-30T12:23:26+00:00\",\"mainEntityOfPage\":{\"@id\":\"https:\/\/www.cbm.ro.gov.br\/?p=3444\"},\"wordCount\":361,\"publisher\":{\"@id\":\"https:\/\/www.cbm.ro.gov.br\/#organization\"},\"image\":{\"@id\":\"https:\/\/www.cbm.ro.gov.br\/?p=3444#primaryimage\"},\"thumbnailUrl\":\"https:\/\/www.cbm.ro.gov.br\/wp-content\/uploads\/2024\/09\/aviao-1-1-370x454-1.jpeg\",\"keywords\":[\"CBMRO\",\"COMBATEAINCENDIO\",\"COMBATEASQUEIMADAS\",\"GOVERNODERONDONIA\",\"QUEIMADAS\"],\"articleSection\":[\"CBMRO\"],\"inLanguage\":\"pt-BR\"},{\"@type\":\"WebPage\",\"@id\":\"https:\/\/www.cbm.ro.gov.br\/?p=3444\",\"url\":\"https:\/\/www.cbm.ro.gov.br\/?p=3444\",\"name\":\"COMBATE AOS INC\u00caNDIOS FLORESTAIS \u00c9 REFOR\u00c7ADO PELO GOVERNO DE RO COM NOVAS AERONAVES - Corpo de Bombeiros Militar de Rond\u00f4nia\",\"isPartOf\":{\"@id\":\"https:\/\/www.cbm.ro.gov.br\/#website\"},\"primaryImageOfPage\":{\"@id\":\"https:\/\/www.cbm.ro.gov.br\/?p=3444#primaryimage\"},\"image\":{\"@id\":\"https:\/\/www.cbm.ro.gov.br\/?p=3444#primaryimage\"},\"thumbnailUrl\":\"https:\/\/www.cbm.ro.gov.br\/wp-content\/uploads\/2024\/09\/aviao-1-1-370x454-1.jpeg\",\"datePublished\":\"2024-09-30T12:22:51+00:00\",\"dateModified\":\"2024-09-30T12:23:26+00:00\",\"breadcrumb\":{\"@id\":\"https:\/\/www.cbm.ro.gov.br\/?p=3444#breadcrumb\"},\"inLanguage\":\"pt-BR\",\"potentialAction\":[{\"@type\":\"ReadAction\",\"target\":[\"https:\/\/www.cbm.ro.gov.br\/?p=3444\"]}]},{\"@type\":\"ImageObject\",\"inLanguage\":\"pt-BR\",\"@id\":\"https:\/\/www.cbm.ro.gov.br\/?p=3444#primaryimage\",\"url\":\"https:\/\/www.cbm.ro.gov.br\/wp-content\/uploads\/2024\/09\/aviao-1-1-370x454-1.jpeg\",\"contentUrl\":\"https:\/\/www.cbm.ro.gov.br\/wp-content\/uploads\/2024\/09\/aviao-1-1-370x454-1.jpeg\",\"width\":370,\"height\":454},{\"@type\":\"BreadcrumbList\",\"@id\":\"https:\/\/www.cbm.ro.gov.br\/?p=3444#breadcrumb\",\"itemListElement\":[{\"@type\":\"ListItem\",\"position\":1,\"name\":\"In\u00edcio\",\"item\":\"https:\/\/www.cbm.ro.gov.br\/\"},{\"@type\":\"ListItem\",\"position\":2,\"name\":\"COMBATE AOS INC\u00caNDIOS FLORESTAIS \u00c9 REFOR\u00c7ADO PELO GOVERNO DE RO COM NOVAS AERONAVES\"}]},{\"@type\":\"WebSite\",\"@id\":\"https:\/\/www.cbm.ro.gov.br\/#website\",\"url\":\"https:\/\/www.cbm.ro.gov.br\/\",\"name\":\"Corpo de Bombeiros Militar de Rond\u00f4nia\",\"description\":\"Vidas alheias, riquezas salvar!\",\"publisher\":{\"@id\":\"https:\/\/www.cbm.ro.gov.br\/#organization\"},\"alternateName\":\"cbmro\",\"potentialAction\":[{\"@type\":\"SearchAction\",\"target\":{\"@type\":\"EntryPoint\",\"urlTemplate\":\"https:\/\/www.cbm.ro.gov.br\/?s={search_term_string}\"},\"query-input\":{\"@type\":\"PropertyValueSpecification\",\"valueRequired\":true,\"valueName\":\"search_term_string\"}}],\"inLanguage\":\"pt-BR\"},{\"@type\":\"Organization\",\"@id\":\"https:\/\/www.cbm.ro.gov.br\/#organization\",\"name\":\"Corpo de Bombeiros Militar do Estado de Rond\u00f4nia\",\"alternateName\":\"CBMRO\",\"url\":\"https:\/\/www.cbm.ro.gov.br\/\",\"logo\":{\"@type\":\"ImageObject\",\"inLanguage\":\"pt-BR\",\"@id\":\"https:\/\/www.cbm.ro.gov.br\/#\/schema\/logo\/image\/\",\"url\":\"https:\/\/www.cbm.ro.gov.br\/wp-content\/uploads\/2023\/12\/cropped-cropped-cropped-BRASO_3D_32-1-e1724344443171.png\",\"contentUrl\":\"https:\/\/www.cbm.ro.gov.br\/wp-content\/uploads\/2023\/12\/cropped-cropped-cropped-BRASO_3D_32-1-e1724344443171.png\",\"width\":446,\"height\":441,\"caption\":\"Corpo de Bombeiros Militar do Estado de Rond\u00f4nia\"},\"image\":{\"@id\":\"https:\/\/www.cbm.ro.gov.br\/#\/schema\/logo\/image\/\"},\"sameAs\":[\"https:\/\/www.facebook.com\/cbmro.oficial\/\",\"https:\/\/www.youtube.com\/c\/CorpodeBombeirosMilitardoEstadodeRond\u00f4nia\"]},{\"@type\":\"Person\",\"@id\":\"https:\/\/www.cbm.ro.gov.br\/#\/schema\/person\/b035b7e269aef4233e9514c2751917c5\",\"name\":\"Marcos Barros\",\"sameAs\":[\"http:\/\/10.210.0.90\/wp-admin\/post.php?post=2688&amp;action=edit\"],\"url\":\"https:\/\/www.cbm.ro.gov.br\/?author=5\"}]}<\/script>\n<!-- \/ Yoast SEO plugin. -->","yoast_head_json":{"title":"COMBATE AOS INC\u00caNDIOS FLORESTAIS \u00c9 REFOR\u00c7ADO PELO GOVERNO DE RO COM NOVAS AERONAVES - Corpo de Bombeiros Militar de Rond\u00f4nia","robots":{"index":"index","follow":"follow","max-snippet":"max-snippet:-1","max-image-preview":"max-image-preview:large","max-video-preview":"max-video-preview:-1"},"canonical":"https:\/\/www.cbm.ro.gov.br\/?p=3444","og_locale":"pt_BR","og_type":"article","og_title":"COMBATE AOS INC\u00caNDIOS FLORESTAIS \u00c9 REFOR\u00c7ADO PELO GOVERNO DE RO COM NOVAS AERONAVES - Corpo de Bombeiros Militar de Rond\u00f4nia","og_description":"REFOR\u00c7O A\u00c9REO Cada avi\u00e3o possui capacidade de 2 mil litros de \u00e1gua O&nbsp;governo de Rond\u00f4nia deu mais um passo significativo contra os inc\u00eandios florestais ao firmar um contrato para loca\u00e7\u00e3o&hellip;","og_url":"https:\/\/www.cbm.ro.gov.br\/?p=3444","og_site_name":"Corpo de Bombeiros Militar de Rond\u00f4nia","article_publisher":"https:\/\/www.facebook.com\/cbmro.oficial\/","article_published_time":"2024-09-30T12:22:51+00:00","article_modified_time":"2024-09-30T12:23:26+00:00","og_image":[{"width":370,"height":454,"url":"https:\/\/www.cbm.ro.gov.br\/wp-content\/uploads\/2024\/09\/aviao-1-1-370x454-1.jpeg","type":"image\/jpeg"}],"author":"Marcos Barros","twitter_card":"summary_large_image","twitter_misc":{"Escrito por":"Marcos Barros","Est. tempo de leitura":"2 minutos"},"schema":{"@context":"https:\/\/schema.org","@graph":[{"@type":"Article","@id":"https:\/\/www.cbm.ro.gov.br\/?p=3444#article","isPartOf":{"@id":"https:\/\/www.cbm.ro.gov.br\/?p=3444"},"author":{"name":"Marcos Barros","@id":"https:\/\/www.cbm.ro.gov.br\/#\/schema\/person\/b035b7e269aef4233e9514c2751917c5"},"headline":"COMBATE AOS INC\u00caNDIOS FLORESTAIS \u00c9 REFOR\u00c7ADO PELO GOVERNO DE RO COM NOVAS AERONAVES","datePublished":"2024-09-30T12:22:51+00:00","dateModified":"2024-09-30T12:23:26+00:00","mainEntityOfPage":{"@id":"https:\/\/www.cbm.ro.gov.br\/?p=3444"},"wordCount":361,"publisher":{"@id":"https:\/\/www.cbm.ro.gov.br\/#organization"},"image":{"@id":"https:\/\/www.cbm.ro.gov.br\/?p=3444#primaryimage"},"thumbnailUrl":"https:\/\/www.cbm.ro.gov.br\/wp-content\/uploads\/2024\/09\/aviao-1-1-370x454-1.jpeg","keywords":["CBMRO","COMBATEAINCENDIO","COMBATEASQUEIMADAS","GOVERNODERONDONIA","QUEIMADAS"],"articleSection":["CBMRO"],"inLanguage":"pt-BR"},{"@type":"WebPage","@id":"https:\/\/www.cbm.ro.gov.br\/?p=3444","url":"https:\/\/www.cbm.ro.gov.br\/?p=3444","name":"COMBATE AOS INC\u00caNDIOS FLORESTAIS \u00c9 REFOR\u00c7ADO PELO GOVERNO DE RO COM NOVAS AERONAVES - Corpo de Bombeiros Militar de Rond\u00f4nia","isPartOf":{"@id":"https:\/\/www.cbm.ro.gov.br\/#website"},"primaryImageOfPage":{"@id":"https:\/\/www.cbm.ro.gov.br\/?p=3444#primaryimage"},"image":{"@id":"https:\/\/www.cbm.ro.gov.br\/?p=3444#primaryimage"},"thumbnailUrl":"https:\/\/www.cbm.ro.gov.br\/wp-content\/uploads\/2024\/09\/aviao-1-1-370x454-1.jpeg","datePublished":"2024-09-30T12:22:51+00:00","dateModified":"2024-09-30T12:23:26+00:00","breadcrumb":{"@id":"https:\/\/www.cbm.ro.gov.br\/?p=3444#breadcrumb"},"inLanguage":"pt-BR","potentialAction":[{"@type":"ReadAction","target":["https:\/\/www.cbm.ro.gov.br\/?p=3444"]}]},{"@type":"ImageObject","inLanguage":"pt-BR","@id":"https:\/\/www.cbm.ro.gov.br\/?p=3444#primaryimage","url":"https:\/\/www.cbm.ro.gov.br\/wp-content\/uploads\/2024\/09\/aviao-1-1-370x454-1.jpeg","contentUrl":"https:\/\/www.cbm.ro.gov.br\/wp-content\/uploads\/2024\/09\/aviao-1-1-370x454-1.jpeg","width":370,"height":454},{"@type":"BreadcrumbList","@id":"https:\/\/www.cbm.ro.gov.br\/?p=3444#breadcrumb","itemListElement":[{"@type":"ListItem","position":1,"name":"In\u00edcio","item":"https:\/\/www.cbm.ro.gov.br\/"},{"@type":"ListItem","position":2,"name":"COMBATE AOS INC\u00caNDIOS FLORESTAIS \u00c9 REFOR\u00c7ADO PELO GOVERNO DE RO COM NOVAS AERONAVES"}]},{"@type":"WebSite","@id":"https:\/\/www.cbm.ro.gov.br\/#website","url":"https:\/\/www.cbm.ro.gov.br\/","name":"Corpo de Bombeiros Militar de Rond\u00f4nia","description":"Vidas alheias, riquezas salvar!","publisher":{"@id":"https:\/\/www.cbm.ro.gov.br\/#organization"},"alternateName":"cbmro","potentialAction":[{"@type":"SearchAction","target":{"@type":"EntryPoint","urlTemplate":"https:\/\/www.cbm.ro.gov.br\/?s={search_term_string}"},"query-input":{"@type":"PropertyValueSpecification","valueRequired":true,"valueName":"search_term_string"}}],"inLanguage":"pt-BR"},{"@type":"Organization","@id":"https:\/\/www.cbm.ro.gov.br\/#organization","name":"Corpo de Bombeiros Militar do Estado de Rond\u00f4nia","alternateName":"CBMRO","url":"https:\/\/www.cbm.ro.gov.br\/","logo":{"@type":"ImageObject","inLanguage":"pt-BR","@id":"https:\/\/www.cbm.ro.gov.br\/#\/schema\/logo\/image\/","url":"https:\/\/www.cbm.ro.gov.br\/wp-content\/uploads\/2023\/12\/cropped-cropped-cropped-BRASO_3D_32-1-e1724344443171.png","contentUrl":"https:\/\/www.cbm.ro.gov.br\/wp-content\/uploads\/2023\/12\/cropped-cropped-cropped-BRASO_3D_32-1-e1724344443171.png","width":446,"height":441,"caption":"Corpo de Bombeiros Militar do Estado de Rond\u00f4nia"},"image":{"@id":"https:\/\/www.cbm.ro.gov.br\/#\/schema\/logo\/image\/"},"sameAs":["https:\/\/www.facebook.com\/cbmro.oficial\/","https:\/\/www.youtube.com\/c\/CorpodeBombeirosMilitardoEstadodeRond\u00f4nia"]},{"@type":"Person","@id":"https:\/\/www.cbm.ro.gov.br\/#\/schema\/person\/b035b7e269aef4233e9514c2751917c5","name":"Marcos Barros","sameAs":["http:\/\/10.210.0.90\/wp-admin\/post.php?post=2688&amp;action=edit"],"url":"https:\/\/www.cbm.ro.gov.br\/?author=5"}]}},"wpmagazine_modules_lite_featured_media_urls":{"thumbnail":["https:\/\/www.cbm.ro.gov.br\/wp-content\/uploads\/2024\/09\/aviao-1-1-370x454-1-150x150.jpeg",150,150,true],"cvmm-medium":["https:\/\/www.cbm.ro.gov.br\/wp-content\/uploads\/2024\/09\/aviao-1-1-370x454-1-300x300.jpeg",300,300,true],"cvmm-medium-plus":["https:\/\/www.cbm.ro.gov.br\/wp-content\/uploads\/2024\/09\/aviao-1-1-370x454-1-305x207.jpeg",305,207,true],"cvmm-portrait":["https:\/\/www.cbm.ro.gov.br\/wp-content\/uploads\/2024\/09\/aviao-1-1-370x454-1.jpeg",370,454,false],"cvmm-medium-square":["https:\/\/www.cbm.ro.gov.br\/wp-content\/uploads\/2024\/09\/aviao-1-1-370x454-1.jpeg",370,454,false],"cvmm-large":["https:\/\/www.cbm.ro.gov.br\/wp-content\/uploads\/2024\/09\/aviao-1-1-370x454-1.jpeg",370,454,false],"cvmm-small":["https:\/\/www.cbm.ro.gov.br\/wp-content\/uploads\/2024\/09\/aviao-1-1-370x454-1-130x95.jpeg",130,95,true],"full":["https:\/\/www.cbm.ro.gov.br\/wp-content\/uploads\/2024\/09\/aviao-1-1-370x454-1.jpeg",370,454,false]},"categories_names":{"1":{"name":"CBMRO","link":"https:\/\/www.cbm.ro.gov.br\/?cat=1"}},"tags_names":{"13":{"name":"CBMRO","link":"https:\/\/www.cbm.ro.gov.br\/?tag=cbmro"},"58":{"name":"COMBATEAINCENDIO","link":"https:\/\/www.cbm.ro.gov.br\/?tag=combateaincendio"},"89":{"name":"COMBATEASQUEIMADAS","link":"https:\/\/www.cbm.ro.gov.br\/?tag=combateasqueimadas"},"86":{"name":"GOVERNODERONDONIA","link":"https:\/\/www.cbm.ro.gov.br\/?tag=governoderondonia"},"83":{"name":"QUEIMADAS","link":"https:\/\/www.cbm.ro.gov.br\/?tag=queimadas"}},"comments_number":"0","_links":{"self":[{"href":"https:\/\/www.cbm.ro.gov.br\/index.php?rest_route=\/wp\/v2\/posts\/3444","targetHints":{"allow":["GET"]}}],"collection":[{"href":"https:\/\/www.cbm.ro.gov.br\/index.php?rest_route=\/wp\/v2\/posts"}],"about":[{"href":"https:\/\/www.cbm.ro.gov.br\/index.php?rest_route=\/wp\/v2\/types\/post"}],"author":[{"embeddable":true,"href":"https:\/\/www.cbm.ro.gov.br\/index.php?rest_route=\/wp\/v2\/users\/5"}],"replies":[{"embeddable":true,"href":"https:\/\/www.cbm.ro.gov.br\/index.php?rest_route=%2Fwp%2Fv2%2Fcomments&post=3444"}],"version-history":[{"count":1,"href":"https:\/\/www.cbm.ro.gov.br\/index.php?rest_route=\/wp\/v2\/posts\/3444\/revisions"}],"predecessor-version":[{"id":3446,"href":"https:\/\/www.cbm.ro.gov.br\/index.php?rest_route=\/wp\/v2\/posts\/3444\/revisions\/3446"}],"wp:featuredmedia":[{"embeddable":true,"href":"https:\/\/www.cbm.ro.gov.br\/index.php?rest_route=\/wp\/v2\/media\/3445"}],"wp:attachment":[{"href":"https:\/\/www.cbm.ro.gov.br\/index.php?rest_route=%2Fwp%2Fv2%2Fmedia&parent=3444"}],"wp:term":[{"taxonomy":"category","embeddable":true,"href":"https:\/\/www.cbm.ro.gov.br\/index.php?rest_route=%2Fwp%2Fv2%2Fcategories&post=3444"},{"taxonomy":"post_tag","embeddable":true,"href":"https:\/\/www.cbm.ro.gov.br\/index.php?rest_route=%2Fwp%2Fv2%2Ftags&post=3444"}],"curies":[{"name":"wp","href":"https:\/\/api.w.org\/{rel}","templated":true}]}}