{"id":3427,"date":"2024-09-27T13:44:13","date_gmt":"2024-09-27T17:44:13","guid":{"rendered":"https:\/\/www.cbm.ro.gov.br\/?p=3427"},"modified":"2024-09-27T14:04:55","modified_gmt":"2024-09-27T18:04:55","slug":"edital-do-processo-seletivo-simplificado-para-contratacao-debrigadistas-temporarios-para-o-corpo-de-bombeiros-militar-do-estadode-rondonia","status":"publish","type":"post","link":"https:\/\/www.cbm.ro.gov.br\/?p=3427","title":{"rendered":"EDITAL DO PROCESSO SELETIVO SIMPLIFICADO PARA CONTRATA\u00c7\u00c3O DE BRIGADISTAS TEMPOR\u00c1RIOS PARA O CORPO DE BOMBEIROS MILITAR DO ESTADO DE ROND\u00d4NIA"},"content":{"rendered":"\n<p class=\"has-black-color has-text-color has-link-color wp-elements-9dcc1cff5534deb4369a3c17478a4889\">O Comandante-Geral do Corpo de Bombeiros Militar do Estado de Rond\u00f4nia, Cel BM Nivaldo de Azevedo Ferreira,&nbsp;no uso de suas atribui\u00e7\u00f5es legais e em cumprimento das normas previstas no disposto em Lei n. 2.204 de 18 de dezembro de 2009, com base nos termos do inciso IX, do artigo 37, da Constitui\u00e7\u00e3o Federal, em harmonia com a Lei Estadual n. 4.619\/2019, bem como o disposto no Decreto n\u00b0 29.252, de 4 de julho de 2024, que declara situa\u00e7\u00e3o de emerg\u00eancia estadual em virtude de estiagem e o Decreto n\u00b0 29.417, de 26 de agosto de 2024, que declara situa\u00e7\u00e3o de emerg\u00eancia estadual em virtude dos inc\u00eandios florestais, considerando os termos do Processo Administrativo SEI n\u00ba. 0004.010435\/2024-16, e a necessidade inadi\u00e1vel de excepcional interesse p\u00fablico de contrata\u00e7\u00e3o tempor\u00e1ria de profissionais habilitados, torna p\u00fablico as normas para a realiza\u00e7\u00e3o de Processo Seletivo Simplificado para contrata\u00e7\u00e3o de brigadistas tempor\u00e1rios para atuarem no Corpo de Bombeiros Militar do Estado de Rond\u00f4nia (CBMRO), durante a temporada de inc\u00eandios florestais 2024, para atendimento de necessidade tempor\u00e1ria de excepcional interesse p\u00fablico para contrata\u00e7\u00e3o imediata de maneira r\u00e1pida e c\u00e9lere em raz\u00e3o da Situa\u00e7\u00e3o de Emerg\u00eancia enfrentada pelo estado de Rond\u00f4nia.<br><\/p>\n\n\n\n<p class=\"has-black-color has-text-color has-link-color wp-elements-425afdd70b7663e268f164220a8aff43\">Devido ao car\u00e1ter emergencial, a contrata\u00e7\u00e3o do profissional poder\u00e1 se dar imediatamente ap\u00f3s o<br>comparecimento do candidato na data, hor\u00e1rio e local determinados na convoca\u00e7\u00e3o.<\/p>\n\n\n\n<p class=\"has-vivid-red-color has-text-color has-link-color wp-elements-857cd3a180ca46c8e65a8b2bc78e60a8\"><a href=\"https:\/\/www.cbm.ro.gov.br\/wp-content\/uploads\/2024\/09\/SEI_0052712382_Edital_1.pdf\" target=\"_blank\" rel=\"noreferrer noopener\">CLIQUE AQUI PARA ACESSAR O EDITAL COMPLETO<\/a><\/p>\n\n\n\n<p><\/p>\n","protected":false},"excerpt":{"rendered":"<p>O Comandante-Geral do Corpo de Bombeiros Militar do Estado de Rond\u00f4nia, Cel BM Nivaldo de Azevedo Ferreira,&nbsp;no uso de suas atribui\u00e7\u00f5es legais e em cumprimento das normas previstas no disposto&hellip;<\/p>\n","protected":false},"author":3,"featured_media":3432,"comment_status":"closed","ping_status":"open","sticky":false,"template":"","format":"standard","meta":{"footnotes":""},"categories":[1],"tags":[],"class_list":["post-3427","post","type-post","status-publish","format-standard","has-post-thumbnail","hentry","category-cbmro"],"yoast_head":"<!-- This site is optimized with the Yoast SEO plugin v23.7 - https:\/\/yoast.com\/wordpress\/plugins\/seo\/ -->\n<title>EDITAL DO PROCESSO SELETIVO SIMPLIFICADO PARA CONTRATA\u00c7\u00c3O DE BRIGADISTAS TEMPOR\u00c1RIOS PARA O CORPO DE BOMBEIROS MILITAR DO ESTADO DE ROND\u00d4NIA - Corpo de Bombeiros Militar de Rond\u00f4nia<\/title>\n<meta name=\"robots\" content=\"index, follow, max-snippet:-1, max-image-preview:large, max-video-preview:-1\" \/>\n<link rel=\"canonical\" href=\"https:\/\/www.cbm.ro.gov.br\/?p=3427\" \/>\n<meta property=\"og:locale\" content=\"pt_BR\" \/>\n<meta property=\"og:type\" content=\"article\" \/>\n<meta property=\"og:title\" content=\"EDITAL DO PROCESSO SELETIVO SIMPLIFICADO PARA CONTRATA\u00c7\u00c3O DE BRIGADISTAS TEMPOR\u00c1RIOS PARA O CORPO DE BOMBEIROS MILITAR DO ESTADO DE ROND\u00d4NIA - Corpo de Bombeiros Militar de Rond\u00f4nia\" \/>\n<meta property=\"og:description\" content=\"O Comandante-Geral do Corpo de Bombeiros Militar do Estado de Rond\u00f4nia, Cel BM Nivaldo de Azevedo Ferreira,&nbsp;no uso de suas atribui\u00e7\u00f5es legais e em cumprimento das normas previstas no disposto&hellip;\" \/>\n<meta property=\"og:url\" content=\"https:\/\/www.cbm.ro.gov.br\/?p=3427\" \/>\n<meta property=\"og:site_name\" content=\"Corpo de Bombeiros Militar de Rond\u00f4nia\" \/>\n<meta property=\"article:publisher\" content=\"https:\/\/www.facebook.com\/cbmro.oficial\/\" \/>\n<meta property=\"article:published_time\" content=\"2024-09-27T17:44:13+00:00\" \/>\n<meta property=\"article:modified_time\" content=\"2024-09-27T18:04:55+00:00\" \/>\n<meta property=\"og:image\" content=\"https:\/\/www.cbm.ro.gov.br\/wp-content\/uploads\/2024\/09\/BRASAO-PARA-MATERIA.png\" \/>\n\t<meta property=\"og:image:width\" content=\"1920\" \/>\n\t<meta property=\"og:image:height\" content=\"1080\" \/>\n\t<meta property=\"og:image:type\" content=\"image\/png\" \/>\n<meta name=\"author\" content=\"Diovana Castellon\" \/>\n<meta name=\"twitter:card\" content=\"summary_large_image\" \/>\n<meta name=\"twitter:label1\" content=\"Escrito por\" \/>\n\t<meta name=\"twitter:data1\" content=\"Diovana Castellon\" \/>\n\t<meta name=\"twitter:label2\" content=\"Est. tempo de leitura\" \/>\n\t<meta name=\"twitter:data2\" content=\"1 minuto\" \/>\n<script type=\"application\/ld+json\" class=\"yoast-schema-graph\">{\"@context\":\"https:\/\/schema.org\",\"@graph\":[{\"@type\":\"Article\",\"@id\":\"https:\/\/www.cbm.ro.gov.br\/?p=3427#article\",\"isPartOf\":{\"@id\":\"https:\/\/www.cbm.ro.gov.br\/?p=3427\"},\"author\":{\"name\":\"Diovana Castellon\",\"@id\":\"https:\/\/www.cbm.ro.gov.br\/#\/schema\/person\/8e7b7a65b9962de993d36cb5fca8412f\"},\"headline\":\"EDITAL DO PROCESSO SELETIVO SIMPLIFICADO PARA CONTRATA\u00c7\u00c3O DE BRIGADISTAS TEMPOR\u00c1RIOS PARA O CORPO DE BOMBEIROS MILITAR DO ESTADO DE ROND\u00d4NIA\",\"datePublished\":\"2024-09-27T17:44:13+00:00\",\"dateModified\":\"2024-09-27T18:04:55+00:00\",\"mainEntityOfPage\":{\"@id\":\"https:\/\/www.cbm.ro.gov.br\/?p=3427\"},\"wordCount\":269,\"publisher\":{\"@id\":\"https:\/\/www.cbm.ro.gov.br\/#organization\"},\"image\":{\"@id\":\"https:\/\/www.cbm.ro.gov.br\/?p=3427#primaryimage\"},\"thumbnailUrl\":\"https:\/\/www.cbm.ro.gov.br\/wp-content\/uploads\/2024\/09\/BRASAO-PARA-MATERIA.png\",\"articleSection\":[\"CBMRO\"],\"inLanguage\":\"pt-BR\"},{\"@type\":\"WebPage\",\"@id\":\"https:\/\/www.cbm.ro.gov.br\/?p=3427\",\"url\":\"https:\/\/www.cbm.ro.gov.br\/?p=3427\",\"name\":\"EDITAL DO PROCESSO SELETIVO SIMPLIFICADO PARA CONTRATA\u00c7\u00c3O DE BRIGADISTAS TEMPOR\u00c1RIOS PARA O CORPO DE BOMBEIROS MILITAR DO ESTADO DE ROND\u00d4NIA - Corpo de Bombeiros Militar de Rond\u00f4nia\",\"isPartOf\":{\"@id\":\"https:\/\/www.cbm.ro.gov.br\/#website\"},\"primaryImageOfPage\":{\"@id\":\"https:\/\/www.cbm.ro.gov.br\/?p=3427#primaryimage\"},\"image\":{\"@id\":\"https:\/\/www.cbm.ro.gov.br\/?p=3427#primaryimage\"},\"thumbnailUrl\":\"https:\/\/www.cbm.ro.gov.br\/wp-content\/uploads\/2024\/09\/BRASAO-PARA-MATERIA.png\",\"datePublished\":\"2024-09-27T17:44:13+00:00\",\"dateModified\":\"2024-09-27T18:04:55+00:00\",\"breadcrumb\":{\"@id\":\"https:\/\/www.cbm.ro.gov.br\/?p=3427#breadcrumb\"},\"inLanguage\":\"pt-BR\",\"potentialAction\":[{\"@type\":\"ReadAction\",\"target\":[\"https:\/\/www.cbm.ro.gov.br\/?p=3427\"]}]},{\"@type\":\"ImageObject\",\"inLanguage\":\"pt-BR\",\"@id\":\"https:\/\/www.cbm.ro.gov.br\/?p=3427#primaryimage\",\"url\":\"https:\/\/www.cbm.ro.gov.br\/wp-content\/uploads\/2024\/09\/BRASAO-PARA-MATERIA.png\",\"contentUrl\":\"https:\/\/www.cbm.ro.gov.br\/wp-content\/uploads\/2024\/09\/BRASAO-PARA-MATERIA.png\",\"width\":1920,\"height\":1080},{\"@type\":\"BreadcrumbList\",\"@id\":\"https:\/\/www.cbm.ro.gov.br\/?p=3427#breadcrumb\",\"itemListElement\":[{\"@type\":\"ListItem\",\"position\":1,\"name\":\"In\u00edcio\",\"item\":\"https:\/\/www.cbm.ro.gov.br\/\"},{\"@type\":\"ListItem\",\"position\":2,\"name\":\"EDITAL DO PROCESSO SELETIVO SIMPLIFICADO PARA CONTRATA\u00c7\u00c3O DE BRIGADISTAS TEMPOR\u00c1RIOS PARA O CORPO DE BOMBEIROS MILITAR DO ESTADO DE ROND\u00d4NIA\"}]},{\"@type\":\"WebSite\",\"@id\":\"https:\/\/www.cbm.ro.gov.br\/#website\",\"url\":\"https:\/\/www.cbm.ro.gov.br\/\",\"name\":\"Corpo de Bombeiros Militar de Rond\u00f4nia\",\"description\":\"Vidas alheias, riquezas salvar!\",\"publisher\":{\"@id\":\"https:\/\/www.cbm.ro.gov.br\/#organization\"},\"alternateName\":\"cbmro\",\"potentialAction\":[{\"@type\":\"SearchAction\",\"target\":{\"@type\":\"EntryPoint\",\"urlTemplate\":\"https:\/\/www.cbm.ro.gov.br\/?s={search_term_string}\"},\"query-input\":{\"@type\":\"PropertyValueSpecification\",\"valueRequired\":true,\"valueName\":\"search_term_string\"}}],\"inLanguage\":\"pt-BR\"},{\"@type\":\"Organization\",\"@id\":\"https:\/\/www.cbm.ro.gov.br\/#organization\",\"name\":\"Corpo de Bombeiros Militar do Estado de Rond\u00f4nia\",\"alternateName\":\"CBMRO\",\"url\":\"https:\/\/www.cbm.ro.gov.br\/\",\"logo\":{\"@type\":\"ImageObject\",\"inLanguage\":\"pt-BR\",\"@id\":\"https:\/\/www.cbm.ro.gov.br\/#\/schema\/logo\/image\/\",\"url\":\"https:\/\/www.cbm.ro.gov.br\/wp-content\/uploads\/2023\/12\/cropped-cropped-cropped-BRASO_3D_32-1-e1724344443171.png\",\"contentUrl\":\"https:\/\/www.cbm.ro.gov.br\/wp-content\/uploads\/2023\/12\/cropped-cropped-cropped-BRASO_3D_32-1-e1724344443171.png\",\"width\":446,\"height\":441,\"caption\":\"Corpo de Bombeiros Militar do Estado de Rond\u00f4nia\"},\"image\":{\"@id\":\"https:\/\/www.cbm.ro.gov.br\/#\/schema\/logo\/image\/\"},\"sameAs\":[\"https:\/\/www.facebook.com\/cbmro.oficial\/\",\"https:\/\/www.youtube.com\/c\/CorpodeBombeirosMilitardoEstadodeRond\u00f4nia\"]},{\"@type\":\"Person\",\"@id\":\"https:\/\/www.cbm.ro.gov.br\/#\/schema\/person\/8e7b7a65b9962de993d36cb5fca8412f\",\"name\":\"Diovana Castellon\",\"url\":\"https:\/\/www.cbm.ro.gov.br\/?author=3\"}]}<\/script>\n<!-- \/ Yoast SEO plugin. -->","yoast_head_json":{"title":"EDITAL DO PROCESSO SELETIVO SIMPLIFICADO PARA CONTRATA\u00c7\u00c3O DE BRIGADISTAS TEMPOR\u00c1RIOS PARA O CORPO DE BOMBEIROS MILITAR DO ESTADO DE ROND\u00d4NIA - Corpo de Bombeiros Militar de Rond\u00f4nia","robots":{"index":"index","follow":"follow","max-snippet":"max-snippet:-1","max-image-preview":"max-image-preview:large","max-video-preview":"max-video-preview:-1"},"canonical":"https:\/\/www.cbm.ro.gov.br\/?p=3427","og_locale":"pt_BR","og_type":"article","og_title":"EDITAL DO PROCESSO SELETIVO SIMPLIFICADO PARA CONTRATA\u00c7\u00c3O DE BRIGADISTAS TEMPOR\u00c1RIOS PARA O CORPO DE BOMBEIROS MILITAR DO ESTADO DE ROND\u00d4NIA - Corpo de Bombeiros Militar de Rond\u00f4nia","og_description":"O Comandante-Geral do Corpo de Bombeiros Militar do Estado de Rond\u00f4nia, Cel BM Nivaldo de Azevedo Ferreira,&nbsp;no uso de suas atribui\u00e7\u00f5es legais e em cumprimento das normas previstas no disposto&hellip;","og_url":"https:\/\/www.cbm.ro.gov.br\/?p=3427","og_site_name":"Corpo de Bombeiros Militar de Rond\u00f4nia","article_publisher":"https:\/\/www.facebook.com\/cbmro.oficial\/","article_published_time":"2024-09-27T17:44:13+00:00","article_modified_time":"2024-09-27T18:04:55+00:00","og_image":[{"width":1920,"height":1080,"url":"https:\/\/www.cbm.ro.gov.br\/wp-content\/uploads\/2024\/09\/BRASAO-PARA-MATERIA.png","type":"image\/png"}],"author":"Diovana Castellon","twitter_card":"summary_large_image","twitter_misc":{"Escrito por":"Diovana Castellon","Est. tempo de leitura":"1 minuto"},"schema":{"@context":"https:\/\/schema.org","@graph":[{"@type":"Article","@id":"https:\/\/www.cbm.ro.gov.br\/?p=3427#article","isPartOf":{"@id":"https:\/\/www.cbm.ro.gov.br\/?p=3427"},"author":{"name":"Diovana Castellon","@id":"https:\/\/www.cbm.ro.gov.br\/#\/schema\/person\/8e7b7a65b9962de993d36cb5fca8412f"},"headline":"EDITAL DO PROCESSO SELETIVO SIMPLIFICADO PARA CONTRATA\u00c7\u00c3O DE BRIGADISTAS TEMPOR\u00c1RIOS PARA O CORPO DE BOMBEIROS MILITAR DO ESTADO DE ROND\u00d4NIA","datePublished":"2024-09-27T17:44:13+00:00","dateModified":"2024-09-27T18:04:55+00:00","mainEntityOfPage":{"@id":"https:\/\/www.cbm.ro.gov.br\/?p=3427"},"wordCount":269,"publisher":{"@id":"https:\/\/www.cbm.ro.gov.br\/#organization"},"image":{"@id":"https:\/\/www.cbm.ro.gov.br\/?p=3427#primaryimage"},"thumbnailUrl":"https:\/\/www.cbm.ro.gov.br\/wp-content\/uploads\/2024\/09\/BRASAO-PARA-MATERIA.png","articleSection":["CBMRO"],"inLanguage":"pt-BR"},{"@type":"WebPage","@id":"https:\/\/www.cbm.ro.gov.br\/?p=3427","url":"https:\/\/www.cbm.ro.gov.br\/?p=3427","name":"EDITAL DO PROCESSO SELETIVO SIMPLIFICADO PARA CONTRATA\u00c7\u00c3O DE BRIGADISTAS TEMPOR\u00c1RIOS PARA O CORPO DE BOMBEIROS MILITAR DO ESTADO DE ROND\u00d4NIA - Corpo de Bombeiros Militar de Rond\u00f4nia","isPartOf":{"@id":"https:\/\/www.cbm.ro.gov.br\/#website"},"primaryImageOfPage":{"@id":"https:\/\/www.cbm.ro.gov.br\/?p=3427#primaryimage"},"image":{"@id":"https:\/\/www.cbm.ro.gov.br\/?p=3427#primaryimage"},"thumbnailUrl":"https:\/\/www.cbm.ro.gov.br\/wp-content\/uploads\/2024\/09\/BRASAO-PARA-MATERIA.png","datePublished":"2024-09-27T17:44:13+00:00","dateModified":"2024-09-27T18:04:55+00:00","breadcrumb":{"@id":"https:\/\/www.cbm.ro.gov.br\/?p=3427#breadcrumb"},"inLanguage":"pt-BR","potentialAction":[{"@type":"ReadAction","target":["https:\/\/www.cbm.ro.gov.br\/?p=3427"]}]},{"@type":"ImageObject","inLanguage":"pt-BR","@id":"https:\/\/www.cbm.ro.gov.br\/?p=3427#primaryimage","url":"https:\/\/www.cbm.ro.gov.br\/wp-content\/uploads\/2024\/09\/BRASAO-PARA-MATERIA.png","contentUrl":"https:\/\/www.cbm.ro.gov.br\/wp-content\/uploads\/2024\/09\/BRASAO-PARA-MATERIA.png","width":1920,"height":1080},{"@type":"BreadcrumbList","@id":"https:\/\/www.cbm.ro.gov.br\/?p=3427#breadcrumb","itemListElement":[{"@type":"ListItem","position":1,"name":"In\u00edcio","item":"https:\/\/www.cbm.ro.gov.br\/"},{"@type":"ListItem","position":2,"name":"EDITAL DO PROCESSO SELETIVO SIMPLIFICADO PARA CONTRATA\u00c7\u00c3O DE BRIGADISTAS TEMPOR\u00c1RIOS PARA O CORPO DE BOMBEIROS MILITAR DO ESTADO DE ROND\u00d4NIA"}]},{"@type":"WebSite","@id":"https:\/\/www.cbm.ro.gov.br\/#website","url":"https:\/\/www.cbm.ro.gov.br\/","name":"Corpo de Bombeiros Militar de Rond\u00f4nia","description":"Vidas alheias, riquezas salvar!","publisher":{"@id":"https:\/\/www.cbm.ro.gov.br\/#organization"},"alternateName":"cbmro","potentialAction":[{"@type":"SearchAction","target":{"@type":"EntryPoint","urlTemplate":"https:\/\/www.cbm.ro.gov.br\/?s={search_term_string}"},"query-input":{"@type":"PropertyValueSpecification","valueRequired":true,"valueName":"search_term_string"}}],"inLanguage":"pt-BR"},{"@type":"Organization","@id":"https:\/\/www.cbm.ro.gov.br\/#organization","name":"Corpo de Bombeiros Militar do Estado de Rond\u00f4nia","alternateName":"CBMRO","url":"https:\/\/www.cbm.ro.gov.br\/","logo":{"@type":"ImageObject","inLanguage":"pt-BR","@id":"https:\/\/www.cbm.ro.gov.br\/#\/schema\/logo\/image\/","url":"https:\/\/www.cbm.ro.gov.br\/wp-content\/uploads\/2023\/12\/cropped-cropped-cropped-BRASO_3D_32-1-e1724344443171.png","contentUrl":"https:\/\/www.cbm.ro.gov.br\/wp-content\/uploads\/2023\/12\/cropped-cropped-cropped-BRASO_3D_32-1-e1724344443171.png","width":446,"height":441,"caption":"Corpo de Bombeiros Militar do Estado de Rond\u00f4nia"},"image":{"@id":"https:\/\/www.cbm.ro.gov.br\/#\/schema\/logo\/image\/"},"sameAs":["https:\/\/www.facebook.com\/cbmro.oficial\/","https:\/\/www.youtube.com\/c\/CorpodeBombeirosMilitardoEstadodeRond\u00f4nia"]},{"@type":"Person","@id":"https:\/\/www.cbm.ro.gov.br\/#\/schema\/person\/8e7b7a65b9962de993d36cb5fca8412f","name":"Diovana Castellon","url":"https:\/\/www.cbm.ro.gov.br\/?author=3"}]}},"wpmagazine_modules_lite_featured_media_urls":{"thumbnail":["https:\/\/www.cbm.ro.gov.br\/wp-content\/uploads\/2024\/09\/BRASAO-PARA-MATERIA-150x150.png",150,150,true],"cvmm-medium":["https:\/\/www.cbm.ro.gov.br\/wp-content\/uploads\/2024\/09\/BRASAO-PARA-MATERIA-300x300.png",300,300,true],"cvmm-medium-plus":["https:\/\/www.cbm.ro.gov.br\/wp-content\/uploads\/2024\/09\/BRASAO-PARA-MATERIA-305x207.png",305,207,true],"cvmm-portrait":["https:\/\/www.cbm.ro.gov.br\/wp-content\/uploads\/2024\/09\/BRASAO-PARA-MATERIA-400x600.png",400,600,true],"cvmm-medium-square":["https:\/\/www.cbm.ro.gov.br\/wp-content\/uploads\/2024\/09\/BRASAO-PARA-MATERIA-600x600.png",600,600,true],"cvmm-large":["https:\/\/www.cbm.ro.gov.br\/wp-content\/uploads\/2024\/09\/BRASAO-PARA-MATERIA-1024x1024.png",1024,1024,true],"cvmm-small":["https:\/\/www.cbm.ro.gov.br\/wp-content\/uploads\/2024\/09\/BRASAO-PARA-MATERIA-130x95.png",130,95,true],"full":["https:\/\/www.cbm.ro.gov.br\/wp-content\/uploads\/2024\/09\/BRASAO-PARA-MATERIA.png",1920,1080,false]},"categories_names":{"1":{"name":"CBMRO","link":"https:\/\/www.cbm.ro.gov.br\/?cat=1"}},"tags_names":[],"comments_number":"0","_links":{"self":[{"href":"https:\/\/www.cbm.ro.gov.br\/index.php?rest_route=\/wp\/v2\/posts\/3427","targetHints":{"allow":["GET"]}}],"collection":[{"href":"https:\/\/www.cbm.ro.gov.br\/index.php?rest_route=\/wp\/v2\/posts"}],"about":[{"href":"https:\/\/www.cbm.ro.gov.br\/index.php?rest_route=\/wp\/v2\/types\/post"}],"author":[{"embeddable":true,"href":"https:\/\/www.cbm.ro.gov.br\/index.php?rest_route=\/wp\/v2\/users\/3"}],"replies":[{"embeddable":true,"href":"https:\/\/www.cbm.ro.gov.br\/index.php?rest_route=%2Fwp%2Fv2%2Fcomments&post=3427"}],"version-history":[{"count":6,"href":"https:\/\/www.cbm.ro.gov.br\/index.php?rest_route=\/wp\/v2\/posts\/3427\/revisions"}],"predecessor-version":[{"id":3453,"href":"https:\/\/www.cbm.ro.gov.br\/index.php?rest_route=\/wp\/v2\/posts\/3427\/revisions\/3453"}],"wp:featuredmedia":[{"embeddable":true,"href":"https:\/\/www.cbm.ro.gov.br\/index.php?rest_route=\/wp\/v2\/media\/3432"}],"wp:attachment":[{"href":"https:\/\/www.cbm.ro.gov.br\/index.php?rest_route=%2Fwp%2Fv2%2Fmedia&parent=3427"}],"wp:term":[{"taxonomy":"category","embeddable":true,"href":"https:\/\/www.cbm.ro.gov.br\/index.php?rest_route=%2Fwp%2Fv2%2Fcategories&post=3427"},{"taxonomy":"post_tag","embeddable":true,"href":"https:\/\/www.cbm.ro.gov.br\/index.php?rest_route=%2Fwp%2Fv2%2Ftags&post=3427"}],"curies":[{"name":"wp","href":"https:\/\/api.w.org\/{rel}","templated":true}]}}