{"id":3415,"date":"2024-09-27T13:35:20","date_gmt":"2024-09-27T17:35:20","guid":{"rendered":"https:\/\/www.cbm.ro.gov.br\/?p=3415"},"modified":"2024-09-27T13:45:36","modified_gmt":"2024-09-27T17:45:36","slug":"inauguracao-do-complexo-de-treinamento-bombeiro-mirim-em-rolim-de-moura-e-passagem-de-comando-do-6o-grupamento-de-bombeiros-militar","status":"publish","type":"post","link":"https:\/\/www.cbm.ro.gov.br\/?p=3415","title":{"rendered":"Inaugura\u00e7\u00e3o do Complexo de Treinamento Bombeiro Mirim em Rolim de Moura e Passagem de Comando do 6\u00ba Grupamento de Bombeiros Militar"},"content":{"rendered":"\n<p class=\"has-black-color has-text-color has-link-color wp-elements-b05d3210431beb58ab9b97188494740c\">Na manh\u00e3 desta sexta-feira, 27 de setembro de 2024, foi realizada a inaugura\u00e7\u00e3o do Complexo de Treinamento Bombeiro Mirim Terezinha de Jesus Bayma Valle, em Rolim de Moura, acompanhada da cerim\u00f4nia de passagem de comando do 6\u00ba Grupamento de Bombeiros Militar de Rond\u00f4nia.<\/p>\n\n\n\n<figure class=\"wp-block-image size-large\"><img fetchpriority=\"high\" decoding=\"async\" width=\"1024\" height=\"578\" src=\"https:\/\/www.cbm.ro.gov.br\/wp-content\/uploads\/2024\/09\/passagem-de-comando-bandeira-1024x578.jpeg\" alt=\"\" class=\"wp-image-3423\" srcset=\"https:\/\/www.cbm.ro.gov.br\/wp-content\/uploads\/2024\/09\/passagem-de-comando-bandeira-1024x578.jpeg 1024w, https:\/\/www.cbm.ro.gov.br\/wp-content\/uploads\/2024\/09\/passagem-de-comando-bandeira-300x169.jpeg 300w, https:\/\/www.cbm.ro.gov.br\/wp-content\/uploads\/2024\/09\/passagem-de-comando-bandeira-768x433.jpeg 768w, https:\/\/www.cbm.ro.gov.br\/wp-content\/uploads\/2024\/09\/passagem-de-comando-bandeira-1536x866.jpeg 1536w, https:\/\/www.cbm.ro.gov.br\/wp-content\/uploads\/2024\/09\/passagem-de-comando-bandeira-2048x1155.jpeg 2048w\" sizes=\"(max-width: 1024px) 100vw, 1024px\" \/><\/figure>\n\n\n\n<p class=\"has-black-color has-text-color has-link-color wp-elements-8513251b2af3513922be10a6dea2a302\">O evento contou com a presen\u00e7a da Senhora Coronel BM Daniele Cristina, Chefe do Estado Maior-Geral, representando o Comandante Geral do Corpo de Bombeiros Militar de Rond\u00f4nia, Coronel BM Nivaldo de Azevedo Ferreira. Tamb\u00e9m estiveram presentes autoridades como o Coronel BM Luiz Eduardo Oliveira Firmino, Comandante Operacional de Bombeiros II; o Tenente Coronel PM Thiago Ara\u00fajo Santos, Comandante do 10\u00ba Batalh\u00e3o de Pol\u00edcia Militar; o Major BM Josimar Ribeiro Bragado, Diretor do Projeto Educacional Bombeiro Mirim do CBMRO; o Excelent\u00edssimo Senhor Jos\u00e9 Roberto Coelho Mendes J\u00fanior, Juiz da Vara do Trabalho de Rolim de Moura; a Doutora Maira de Castro Coura Campanha, Promotora de Justi\u00e7a do Minist\u00e9rio P\u00fablico; a Senhora Marineuza dos Santos Lopes, Procuradora Municipal, representando o Prefeito Municipal, Aldair Julio Pereira; a Subtenente BM Aline Costa, representando o Secret\u00e1rio de Seguran\u00e7a, Defesa e Cidadania; e a Senhora Rita de C\u00e1ssia de Souza Cabral Degan, Coordenadora Regional da SEDUC, entre outras autoridades.<\/p>\n\n\n\n<figure class=\"wp-block-image size-large\"><img decoding=\"async\" width=\"1024\" height=\"473\" src=\"https:\/\/www.cbm.ro.gov.br\/wp-content\/uploads\/2024\/09\/mesa-de-autoridades-1024x473.jpeg\" alt=\"\" class=\"wp-image-3422\" srcset=\"https:\/\/www.cbm.ro.gov.br\/wp-content\/uploads\/2024\/09\/mesa-de-autoridades-1024x473.jpeg 1024w, https:\/\/www.cbm.ro.gov.br\/wp-content\/uploads\/2024\/09\/mesa-de-autoridades-300x139.jpeg 300w, https:\/\/www.cbm.ro.gov.br\/wp-content\/uploads\/2024\/09\/mesa-de-autoridades-768x355.jpeg 768w, https:\/\/www.cbm.ro.gov.br\/wp-content\/uploads\/2024\/09\/mesa-de-autoridades-1536x710.jpeg 1536w, https:\/\/www.cbm.ro.gov.br\/wp-content\/uploads\/2024\/09\/mesa-de-autoridades-2048x946.jpeg 2048w\" sizes=\"(max-width: 1024px) 100vw, 1024px\" \/><\/figure>\n\n\n\n<p class=\"has-black-color has-text-color has-link-color wp-elements-88855636615b9194799de197878bf95c\">A solenidade teve in\u00edcio com a apresenta\u00e7\u00e3o das autoridades e a composi\u00e7\u00e3o da mesa, seguida pela apresenta\u00e7\u00e3o da tropa e a solicita\u00e7\u00e3o de permiss\u00e3o para iniciar os atos oficiais. Ap\u00f3s a execu\u00e7\u00e3o da Can\u00e7\u00e3o do Soldado do Fogo e a intercess\u00e3o religiosa, ocorreu a passagem de comando do 6\u00ba Grupamento, onde o Comandante Geral do CBMRO, por meio da Portaria 999, de 5 de setembro de 2024, dispensou o Capit\u00e3o BM Lindonei e nomeou o Major Mendon\u00e7a como novo Comandante do grupamento.<\/p>\n\n\n\n<figure class=\"wp-block-image size-large\"><img decoding=\"async\" width=\"1024\" height=\"577\" src=\"https:\/\/www.cbm.ro.gov.br\/wp-content\/uploads\/2024\/09\/maj-mendonca-1024x577.jpeg\" alt=\"\" class=\"wp-image-3420\" srcset=\"https:\/\/www.cbm.ro.gov.br\/wp-content\/uploads\/2024\/09\/maj-mendonca-1024x577.jpeg 1024w, https:\/\/www.cbm.ro.gov.br\/wp-content\/uploads\/2024\/09\/maj-mendonca-300x169.jpeg 300w, https:\/\/www.cbm.ro.gov.br\/wp-content\/uploads\/2024\/09\/maj-mendonca-768x432.jpeg 768w, https:\/\/www.cbm.ro.gov.br\/wp-content\/uploads\/2024\/09\/maj-mendonca-1536x865.jpeg 1536w, https:\/\/www.cbm.ro.gov.br\/wp-content\/uploads\/2024\/09\/maj-mendonca-2048x1153.jpeg 2048w\" sizes=\"(max-width: 1024px) 100vw, 1024px\" \/><\/figure>\n\n\n\n<p class=\"has-black-color has-text-color has-link-color wp-elements-040f4b4f4de626bf179e5c1425feeefe\">Em seguida, foi realizada a inaugura\u00e7\u00e3o do Complexo de Treinamento Bombeiro Mirim, que visa resgatar a cidadania e o civismo de crian\u00e7as e adolescentes em situa\u00e7\u00e3o de vulnerabilidade. O projeto, que teve in\u00edcio em Guajar\u00e1-Mirim em 2003, foi ampliado para outros munic\u00edpios, e a partir de 2020 o Comandante Geral do CBMRO padronizou as atividades por meio da Lei Ordin\u00e1ria n\u00ba 4.882, adotando as mesmas disciplinas e atividades em todas as unidades onde o Bombeiro Mirim \u00e9 desenvolvido.<\/p>\n\n\n\n<figure class=\"wp-block-image size-large\"><img loading=\"lazy\" decoding=\"async\" width=\"1024\" height=\"576\" src=\"https:\/\/www.cbm.ro.gov.br\/wp-content\/uploads\/2024\/09\/relogio-autoridades-1024x576.jpeg\" alt=\"\" class=\"wp-image-3419\" srcset=\"https:\/\/www.cbm.ro.gov.br\/wp-content\/uploads\/2024\/09\/relogio-autoridades-1024x576.jpeg 1024w, https:\/\/www.cbm.ro.gov.br\/wp-content\/uploads\/2024\/09\/relogio-autoridades-300x169.jpeg 300w, https:\/\/www.cbm.ro.gov.br\/wp-content\/uploads\/2024\/09\/relogio-autoridades-768x432.jpeg 768w, https:\/\/www.cbm.ro.gov.br\/wp-content\/uploads\/2024\/09\/relogio-autoridades-1536x864.jpeg 1536w, https:\/\/www.cbm.ro.gov.br\/wp-content\/uploads\/2024\/09\/relogio-autoridades-2048x1153.jpeg 2048w\" sizes=\"(max-width: 1024px) 100vw, 1024px\" \/><\/figure>\n\n\n\n<p class=\"has-black-color has-text-color has-link-color wp-elements-7a11dd38eceed6d171deeee7870aa73e\">Os objetivos do Programa Educacional Bombeiro Mirim (PROEBOM) incluem ensinar a organiza\u00e7\u00e3o militar, no\u00e7\u00f5es de primeiros socorros, e promover h\u00e1bitos saud\u00e1veis, al\u00e9m de refor\u00e7ar a educa\u00e7\u00e3o escolar e combater a desnutri\u00e7\u00e3o. O Complexo de Treinamento, que homenageia Terezinha de Jesus Bayma Valle, j\u00e1 formou sua primeira turma em 2023 e se prop\u00f5e a ser um espa\u00e7o de acolhimento, oferecendo refei\u00e7\u00f5es e oportunidades de socializa\u00e7\u00e3o para jovens em dificuldades financeiras.<\/p>\n\n\n\n<figure class=\"wp-block-image size-large\"><img loading=\"lazy\" decoding=\"async\" width=\"1024\" height=\"473\" src=\"https:\/\/www.cbm.ro.gov.br\/wp-content\/uploads\/2024\/09\/inauguracao-complexo-bombeiro-mirim-1024x473.jpeg\" alt=\"\" class=\"wp-image-3417\" srcset=\"https:\/\/www.cbm.ro.gov.br\/wp-content\/uploads\/2024\/09\/inauguracao-complexo-bombeiro-mirim-1024x473.jpeg 1024w, https:\/\/www.cbm.ro.gov.br\/wp-content\/uploads\/2024\/09\/inauguracao-complexo-bombeiro-mirim-300x139.jpeg 300w, https:\/\/www.cbm.ro.gov.br\/wp-content\/uploads\/2024\/09\/inauguracao-complexo-bombeiro-mirim-768x355.jpeg 768w, https:\/\/www.cbm.ro.gov.br\/wp-content\/uploads\/2024\/09\/inauguracao-complexo-bombeiro-mirim-1536x710.jpeg 1536w, https:\/\/www.cbm.ro.gov.br\/wp-content\/uploads\/2024\/09\/inauguracao-complexo-bombeiro-mirim-2048x946.jpeg 2048w\" sizes=\"(max-width: 1024px) 100vw, 1024px\" \/><\/figure>\n\n\n\n<p class=\"has-black-color has-text-color has-link-color wp-elements-7276d51a3262c93f51eb41d376f3cd83\">Esse projeto inovador recebeu um investimento significativo, com aproximadamente R$ 2.000.000,00 destinados pelo Tribunal Regional do Trabalho e pelo Minist\u00e9rio P\u00fablico do Trabalho, refletindo um compromisso coletivo com a melhoria da qualidade de vida na regi\u00e3o. A inaugura\u00e7\u00e3o do Complexo \u00e9, portanto, um marco importante na constru\u00e7\u00e3o de uma sociedade mais unida em Rolim de Moura, promovendo um futuro mais solid\u00e1rio e justo para as novas gera\u00e7\u00f5es.<\/p>\n\n\n\n<figure class=\"wp-block-image size-large\"><img loading=\"lazy\" decoding=\"async\" width=\"1024\" height=\"576\" src=\"https:\/\/www.cbm.ro.gov.br\/wp-content\/uploads\/2024\/09\/juiz-falando-1024x576.jpeg\" alt=\"\" class=\"wp-image-3418\" srcset=\"https:\/\/www.cbm.ro.gov.br\/wp-content\/uploads\/2024\/09\/juiz-falando-1024x576.jpeg 1024w, https:\/\/www.cbm.ro.gov.br\/wp-content\/uploads\/2024\/09\/juiz-falando-300x169.jpeg 300w, https:\/\/www.cbm.ro.gov.br\/wp-content\/uploads\/2024\/09\/juiz-falando-768x432.jpeg 768w, https:\/\/www.cbm.ro.gov.br\/wp-content\/uploads\/2024\/09\/juiz-falando-1536x864.jpeg 1536w, https:\/\/www.cbm.ro.gov.br\/wp-content\/uploads\/2024\/09\/juiz-falando-2048x1152.jpeg 2048w\" sizes=\"(max-width: 1024px) 100vw, 1024px\" \/><\/figure>\n\n\n\n<p class=\"has-black-color has-text-color has-link-color wp-elements-cb40f3b3ad3b40fa2609ed83206153ac\">Agradecemos a todos os envolvidos por tornarem esse sonho uma realidade e por contribu\u00edrem para um futuro mais promissor.<\/p>\n\n\n\n<p><\/p>\n","protected":false},"excerpt":{"rendered":"<p>Na manh\u00e3 desta sexta-feira, 27 de setembro de 2024, foi realizada a inaugura\u00e7\u00e3o do Complexo de Treinamento Bombeiro Mirim Terezinha de Jesus Bayma Valle, em Rolim de Moura, acompanhada da&hellip;<\/p>\n","protected":false},"author":3,"featured_media":3425,"comment_status":"closed","ping_status":"open","sticky":false,"template":"","format":"standard","meta":{"footnotes":""},"categories":[8,1],"tags":[128,13,45,14,126,127,129],"class_list":["post-3415","post","type-post","status-publish","format-standard","has-post-thumbnail","hentry","category-bombeiromirim","category-cbmro","tag-bombeiro-mirim","tag-cbmro","tag-inauguracao","tag-passagem-de-comando","tag-proebom","tag-projeto-bombeiro-mirim","tag-rolim-de-moura"],"yoast_head":"<!-- This site is optimized with the Yoast SEO plugin v23.7 - https:\/\/yoast.com\/wordpress\/plugins\/seo\/ -->\n<title>Inaugura\u00e7\u00e3o do Complexo de Treinamento Bombeiro Mirim em Rolim de Moura e Passagem de Comando do 6\u00ba Grupamento de Bombeiros Militar - Corpo de Bombeiros Militar de Rond\u00f4nia<\/title>\n<meta name=\"robots\" content=\"index, follow, max-snippet:-1, max-image-preview:large, max-video-preview:-1\" \/>\n<link rel=\"canonical\" href=\"https:\/\/www.cbm.ro.gov.br\/?p=3415\" \/>\n<meta property=\"og:locale\" content=\"pt_BR\" \/>\n<meta property=\"og:type\" content=\"article\" \/>\n<meta property=\"og:title\" content=\"Inaugura\u00e7\u00e3o do Complexo de Treinamento Bombeiro Mirim em Rolim de Moura e Passagem de Comando do 6\u00ba Grupamento de Bombeiros Militar - Corpo de Bombeiros Militar de Rond\u00f4nia\" \/>\n<meta property=\"og:description\" content=\"Na manh\u00e3 desta sexta-feira, 27 de setembro de 2024, foi realizada a inaugura\u00e7\u00e3o do Complexo de Treinamento Bombeiro Mirim Terezinha de Jesus Bayma Valle, em Rolim de Moura, acompanhada da&hellip;\" \/>\n<meta property=\"og:url\" content=\"https:\/\/www.cbm.ro.gov.br\/?p=3415\" \/>\n<meta property=\"og:site_name\" content=\"Corpo de Bombeiros Militar de Rond\u00f4nia\" \/>\n<meta property=\"article:publisher\" content=\"https:\/\/www.facebook.com\/cbmro.oficial\/\" \/>\n<meta property=\"article:published_time\" content=\"2024-09-27T17:35:20+00:00\" \/>\n<meta property=\"article:modified_time\" content=\"2024-09-27T17:45:36+00:00\" \/>\n<meta property=\"og:image\" content=\"https:\/\/www.cbm.ro.gov.br\/wp-content\/uploads\/2024\/09\/quartel_complexo-bombeiro-mirim-ROLIM-de-moura.jpeg\" \/>\n\t<meta property=\"og:image:width\" content=\"1600\" \/>\n\t<meta property=\"og:image:height\" content=\"900\" \/>\n\t<meta property=\"og:image:type\" content=\"image\/jpeg\" \/>\n<meta name=\"author\" content=\"Diovana Castellon\" \/>\n<meta name=\"twitter:card\" content=\"summary_large_image\" \/>\n<meta name=\"twitter:label1\" content=\"Escrito por\" \/>\n\t<meta name=\"twitter:data1\" content=\"Diovana Castellon\" \/>\n\t<meta name=\"twitter:label2\" content=\"Est. tempo de leitura\" \/>\n\t<meta name=\"twitter:data2\" content=\"3 minutos\" \/>\n<script type=\"application\/ld+json\" class=\"yoast-schema-graph\">{\"@context\":\"https:\/\/schema.org\",\"@graph\":[{\"@type\":\"Article\",\"@id\":\"https:\/\/www.cbm.ro.gov.br\/?p=3415#article\",\"isPartOf\":{\"@id\":\"https:\/\/www.cbm.ro.gov.br\/?p=3415\"},\"author\":{\"name\":\"Diovana Castellon\",\"@id\":\"https:\/\/www.cbm.ro.gov.br\/#\/schema\/person\/8e7b7a65b9962de993d36cb5fca8412f\"},\"headline\":\"Inaugura\u00e7\u00e3o do Complexo de Treinamento Bombeiro Mirim em Rolim de Moura e Passagem de Comando do 6\u00ba Grupamento de Bombeiros Militar\",\"datePublished\":\"2024-09-27T17:35:20+00:00\",\"dateModified\":\"2024-09-27T17:45:36+00:00\",\"mainEntityOfPage\":{\"@id\":\"https:\/\/www.cbm.ro.gov.br\/?p=3415\"},\"wordCount\":573,\"publisher\":{\"@id\":\"https:\/\/www.cbm.ro.gov.br\/#organization\"},\"image\":{\"@id\":\"https:\/\/www.cbm.ro.gov.br\/?p=3415#primaryimage\"},\"thumbnailUrl\":\"https:\/\/www.cbm.ro.gov.br\/wp-content\/uploads\/2024\/09\/quartel_complexo-bombeiro-mirim-ROLIM-de-moura.jpeg\",\"keywords\":[\"BOMBEIRO MIRIM\",\"CBMRO\",\"Inaugura\u00e7\u00e3o\",\"Passagem de Comando\",\"PROEBOM\",\"PROJETO BOMBEIRO MIRIM\",\"ROLIM DE MOURA\"],\"articleSection\":[\"Bombeiro Mirim\",\"CBMRO\"],\"inLanguage\":\"pt-BR\"},{\"@type\":\"WebPage\",\"@id\":\"https:\/\/www.cbm.ro.gov.br\/?p=3415\",\"url\":\"https:\/\/www.cbm.ro.gov.br\/?p=3415\",\"name\":\"Inaugura\u00e7\u00e3o do Complexo de Treinamento Bombeiro Mirim em Rolim de Moura e Passagem de Comando do 6\u00ba Grupamento de Bombeiros Militar - Corpo de Bombeiros Militar de Rond\u00f4nia\",\"isPartOf\":{\"@id\":\"https:\/\/www.cbm.ro.gov.br\/#website\"},\"primaryImageOfPage\":{\"@id\":\"https:\/\/www.cbm.ro.gov.br\/?p=3415#primaryimage\"},\"image\":{\"@id\":\"https:\/\/www.cbm.ro.gov.br\/?p=3415#primaryimage\"},\"thumbnailUrl\":\"https:\/\/www.cbm.ro.gov.br\/wp-content\/uploads\/2024\/09\/quartel_complexo-bombeiro-mirim-ROLIM-de-moura.jpeg\",\"datePublished\":\"2024-09-27T17:35:20+00:00\",\"dateModified\":\"2024-09-27T17:45:36+00:00\",\"breadcrumb\":{\"@id\":\"https:\/\/www.cbm.ro.gov.br\/?p=3415#breadcrumb\"},\"inLanguage\":\"pt-BR\",\"potentialAction\":[{\"@type\":\"ReadAction\",\"target\":[\"https:\/\/www.cbm.ro.gov.br\/?p=3415\"]}]},{\"@type\":\"ImageObject\",\"inLanguage\":\"pt-BR\",\"@id\":\"https:\/\/www.cbm.ro.gov.br\/?p=3415#primaryimage\",\"url\":\"https:\/\/www.cbm.ro.gov.br\/wp-content\/uploads\/2024\/09\/quartel_complexo-bombeiro-mirim-ROLIM-de-moura.jpeg\",\"contentUrl\":\"https:\/\/www.cbm.ro.gov.br\/wp-content\/uploads\/2024\/09\/quartel_complexo-bombeiro-mirim-ROLIM-de-moura.jpeg\",\"width\":1600,\"height\":900},{\"@type\":\"BreadcrumbList\",\"@id\":\"https:\/\/www.cbm.ro.gov.br\/?p=3415#breadcrumb\",\"itemListElement\":[{\"@type\":\"ListItem\",\"position\":1,\"name\":\"In\u00edcio\",\"item\":\"https:\/\/www.cbm.ro.gov.br\/\"},{\"@type\":\"ListItem\",\"position\":2,\"name\":\"Inaugura\u00e7\u00e3o do Complexo de Treinamento Bombeiro Mirim em Rolim de Moura e Passagem de Comando do 6\u00ba Grupamento de Bombeiros Militar\"}]},{\"@type\":\"WebSite\",\"@id\":\"https:\/\/www.cbm.ro.gov.br\/#website\",\"url\":\"https:\/\/www.cbm.ro.gov.br\/\",\"name\":\"Corpo de Bombeiros Militar de Rond\u00f4nia\",\"description\":\"Vidas alheias, riquezas salvar!\",\"publisher\":{\"@id\":\"https:\/\/www.cbm.ro.gov.br\/#organization\"},\"alternateName\":\"cbmro\",\"potentialAction\":[{\"@type\":\"SearchAction\",\"target\":{\"@type\":\"EntryPoint\",\"urlTemplate\":\"https:\/\/www.cbm.ro.gov.br\/?s={search_term_string}\"},\"query-input\":{\"@type\":\"PropertyValueSpecification\",\"valueRequired\":true,\"valueName\":\"search_term_string\"}}],\"inLanguage\":\"pt-BR\"},{\"@type\":\"Organization\",\"@id\":\"https:\/\/www.cbm.ro.gov.br\/#organization\",\"name\":\"Corpo de Bombeiros Militar do Estado de Rond\u00f4nia\",\"alternateName\":\"CBMRO\",\"url\":\"https:\/\/www.cbm.ro.gov.br\/\",\"logo\":{\"@type\":\"ImageObject\",\"inLanguage\":\"pt-BR\",\"@id\":\"https:\/\/www.cbm.ro.gov.br\/#\/schema\/logo\/image\/\",\"url\":\"https:\/\/www.cbm.ro.gov.br\/wp-content\/uploads\/2023\/12\/cropped-cropped-cropped-BRASO_3D_32-1-e1724344443171.png\",\"contentUrl\":\"https:\/\/www.cbm.ro.gov.br\/wp-content\/uploads\/2023\/12\/cropped-cropped-cropped-BRASO_3D_32-1-e1724344443171.png\",\"width\":446,\"height\":441,\"caption\":\"Corpo de Bombeiros Militar do Estado de Rond\u00f4nia\"},\"image\":{\"@id\":\"https:\/\/www.cbm.ro.gov.br\/#\/schema\/logo\/image\/\"},\"sameAs\":[\"https:\/\/www.facebook.com\/cbmro.oficial\/\",\"https:\/\/www.youtube.com\/c\/CorpodeBombeirosMilitardoEstadodeRond\u00f4nia\"]},{\"@type\":\"Person\",\"@id\":\"https:\/\/www.cbm.ro.gov.br\/#\/schema\/person\/8e7b7a65b9962de993d36cb5fca8412f\",\"name\":\"Diovana Castellon\",\"url\":\"https:\/\/www.cbm.ro.gov.br\/?author=3\"}]}<\/script>\n<!-- \/ Yoast SEO plugin. -->","yoast_head_json":{"title":"Inaugura\u00e7\u00e3o do Complexo de Treinamento Bombeiro Mirim em Rolim de Moura e Passagem de Comando do 6\u00ba Grupamento de Bombeiros Militar - Corpo de Bombeiros Militar de Rond\u00f4nia","robots":{"index":"index","follow":"follow","max-snippet":"max-snippet:-1","max-image-preview":"max-image-preview:large","max-video-preview":"max-video-preview:-1"},"canonical":"https:\/\/www.cbm.ro.gov.br\/?p=3415","og_locale":"pt_BR","og_type":"article","og_title":"Inaugura\u00e7\u00e3o do Complexo de Treinamento Bombeiro Mirim em Rolim de Moura e Passagem de Comando do 6\u00ba Grupamento de Bombeiros Militar - Corpo de Bombeiros Militar de Rond\u00f4nia","og_description":"Na manh\u00e3 desta sexta-feira, 27 de setembro de 2024, foi realizada a inaugura\u00e7\u00e3o do Complexo de Treinamento Bombeiro Mirim Terezinha de Jesus Bayma Valle, em Rolim de Moura, acompanhada da&hellip;","og_url":"https:\/\/www.cbm.ro.gov.br\/?p=3415","og_site_name":"Corpo de Bombeiros Militar de Rond\u00f4nia","article_publisher":"https:\/\/www.facebook.com\/cbmro.oficial\/","article_published_time":"2024-09-27T17:35:20+00:00","article_modified_time":"2024-09-27T17:45:36+00:00","og_image":[{"width":1600,"height":900,"url":"https:\/\/www.cbm.ro.gov.br\/wp-content\/uploads\/2024\/09\/quartel_complexo-bombeiro-mirim-ROLIM-de-moura.jpeg","type":"image\/jpeg"}],"author":"Diovana Castellon","twitter_card":"summary_large_image","twitter_misc":{"Escrito por":"Diovana Castellon","Est. tempo de leitura":"3 minutos"},"schema":{"@context":"https:\/\/schema.org","@graph":[{"@type":"Article","@id":"https:\/\/www.cbm.ro.gov.br\/?p=3415#article","isPartOf":{"@id":"https:\/\/www.cbm.ro.gov.br\/?p=3415"},"author":{"name":"Diovana Castellon","@id":"https:\/\/www.cbm.ro.gov.br\/#\/schema\/person\/8e7b7a65b9962de993d36cb5fca8412f"},"headline":"Inaugura\u00e7\u00e3o do Complexo de Treinamento Bombeiro Mirim em Rolim de Moura e Passagem de Comando do 6\u00ba Grupamento de Bombeiros Militar","datePublished":"2024-09-27T17:35:20+00:00","dateModified":"2024-09-27T17:45:36+00:00","mainEntityOfPage":{"@id":"https:\/\/www.cbm.ro.gov.br\/?p=3415"},"wordCount":573,"publisher":{"@id":"https:\/\/www.cbm.ro.gov.br\/#organization"},"image":{"@id":"https:\/\/www.cbm.ro.gov.br\/?p=3415#primaryimage"},"thumbnailUrl":"https:\/\/www.cbm.ro.gov.br\/wp-content\/uploads\/2024\/09\/quartel_complexo-bombeiro-mirim-ROLIM-de-moura.jpeg","keywords":["BOMBEIRO MIRIM","CBMRO","Inaugura\u00e7\u00e3o","Passagem de Comando","PROEBOM","PROJETO BOMBEIRO MIRIM","ROLIM DE MOURA"],"articleSection":["Bombeiro Mirim","CBMRO"],"inLanguage":"pt-BR"},{"@type":"WebPage","@id":"https:\/\/www.cbm.ro.gov.br\/?p=3415","url":"https:\/\/www.cbm.ro.gov.br\/?p=3415","name":"Inaugura\u00e7\u00e3o do Complexo de Treinamento Bombeiro Mirim em Rolim de Moura e Passagem de Comando do 6\u00ba Grupamento de Bombeiros Militar - Corpo de Bombeiros Militar de Rond\u00f4nia","isPartOf":{"@id":"https:\/\/www.cbm.ro.gov.br\/#website"},"primaryImageOfPage":{"@id":"https:\/\/www.cbm.ro.gov.br\/?p=3415#primaryimage"},"image":{"@id":"https:\/\/www.cbm.ro.gov.br\/?p=3415#primaryimage"},"thumbnailUrl":"https:\/\/www.cbm.ro.gov.br\/wp-content\/uploads\/2024\/09\/quartel_complexo-bombeiro-mirim-ROLIM-de-moura.jpeg","datePublished":"2024-09-27T17:35:20+00:00","dateModified":"2024-09-27T17:45:36+00:00","breadcrumb":{"@id":"https:\/\/www.cbm.ro.gov.br\/?p=3415#breadcrumb"},"inLanguage":"pt-BR","potentialAction":[{"@type":"ReadAction","target":["https:\/\/www.cbm.ro.gov.br\/?p=3415"]}]},{"@type":"ImageObject","inLanguage":"pt-BR","@id":"https:\/\/www.cbm.ro.gov.br\/?p=3415#primaryimage","url":"https:\/\/www.cbm.ro.gov.br\/wp-content\/uploads\/2024\/09\/quartel_complexo-bombeiro-mirim-ROLIM-de-moura.jpeg","contentUrl":"https:\/\/www.cbm.ro.gov.br\/wp-content\/uploads\/2024\/09\/quartel_complexo-bombeiro-mirim-ROLIM-de-moura.jpeg","width":1600,"height":900},{"@type":"BreadcrumbList","@id":"https:\/\/www.cbm.ro.gov.br\/?p=3415#breadcrumb","itemListElement":[{"@type":"ListItem","position":1,"name":"In\u00edcio","item":"https:\/\/www.cbm.ro.gov.br\/"},{"@type":"ListItem","position":2,"name":"Inaugura\u00e7\u00e3o do Complexo de Treinamento Bombeiro Mirim em Rolim de Moura e Passagem de Comando do 6\u00ba Grupamento de Bombeiros Militar"}]},{"@type":"WebSite","@id":"https:\/\/www.cbm.ro.gov.br\/#website","url":"https:\/\/www.cbm.ro.gov.br\/","name":"Corpo de Bombeiros Militar de Rond\u00f4nia","description":"Vidas alheias, riquezas salvar!","publisher":{"@id":"https:\/\/www.cbm.ro.gov.br\/#organization"},"alternateName":"cbmro","potentialAction":[{"@type":"SearchAction","target":{"@type":"EntryPoint","urlTemplate":"https:\/\/www.cbm.ro.gov.br\/?s={search_term_string}"},"query-input":{"@type":"PropertyValueSpecification","valueRequired":true,"valueName":"search_term_string"}}],"inLanguage":"pt-BR"},{"@type":"Organization","@id":"https:\/\/www.cbm.ro.gov.br\/#organization","name":"Corpo de Bombeiros Militar do Estado de Rond\u00f4nia","alternateName":"CBMRO","url":"https:\/\/www.cbm.ro.gov.br\/","logo":{"@type":"ImageObject","inLanguage":"pt-BR","@id":"https:\/\/www.cbm.ro.gov.br\/#\/schema\/logo\/image\/","url":"https:\/\/www.cbm.ro.gov.br\/wp-content\/uploads\/2023\/12\/cropped-cropped-cropped-BRASO_3D_32-1-e1724344443171.png","contentUrl":"https:\/\/www.cbm.ro.gov.br\/wp-content\/uploads\/2023\/12\/cropped-cropped-cropped-BRASO_3D_32-1-e1724344443171.png","width":446,"height":441,"caption":"Corpo de Bombeiros Militar do Estado de Rond\u00f4nia"},"image":{"@id":"https:\/\/www.cbm.ro.gov.br\/#\/schema\/logo\/image\/"},"sameAs":["https:\/\/www.facebook.com\/cbmro.oficial\/","https:\/\/www.youtube.com\/c\/CorpodeBombeirosMilitardoEstadodeRond\u00f4nia"]},{"@type":"Person","@id":"https:\/\/www.cbm.ro.gov.br\/#\/schema\/person\/8e7b7a65b9962de993d36cb5fca8412f","name":"Diovana Castellon","url":"https:\/\/www.cbm.ro.gov.br\/?author=3"}]}},"wpmagazine_modules_lite_featured_media_urls":{"thumbnail":["https:\/\/www.cbm.ro.gov.br\/wp-content\/uploads\/2024\/09\/quartel_complexo-bombeiro-mirim-ROLIM-de-moura-150x150.jpeg",150,150,true],"cvmm-medium":["https:\/\/www.cbm.ro.gov.br\/wp-content\/uploads\/2024\/09\/quartel_complexo-bombeiro-mirim-ROLIM-de-moura-300x300.jpeg",300,300,true],"cvmm-medium-plus":["https:\/\/www.cbm.ro.gov.br\/wp-content\/uploads\/2024\/09\/quartel_complexo-bombeiro-mirim-ROLIM-de-moura-305x207.jpeg",305,207,true],"cvmm-portrait":["https:\/\/www.cbm.ro.gov.br\/wp-content\/uploads\/2024\/09\/quartel_complexo-bombeiro-mirim-ROLIM-de-moura-400x600.jpeg",400,600,true],"cvmm-medium-square":["https:\/\/www.cbm.ro.gov.br\/wp-content\/uploads\/2024\/09\/quartel_complexo-bombeiro-mirim-ROLIM-de-moura-600x600.jpeg",600,600,true],"cvmm-large":["https:\/\/www.cbm.ro.gov.br\/wp-content\/uploads\/2024\/09\/quartel_complexo-bombeiro-mirim-ROLIM-de-moura-1024x900.jpeg",1024,900,true],"cvmm-small":["https:\/\/www.cbm.ro.gov.br\/wp-content\/uploads\/2024\/09\/quartel_complexo-bombeiro-mirim-ROLIM-de-moura-130x95.jpeg",130,95,true],"full":["https:\/\/www.cbm.ro.gov.br\/wp-content\/uploads\/2024\/09\/quartel_complexo-bombeiro-mirim-ROLIM-de-moura.jpeg",1600,900,false]},"categories_names":{"8":{"name":"Bombeiro Mirim","link":"https:\/\/www.cbm.ro.gov.br\/?cat=8"},"1":{"name":"CBMRO","link":"https:\/\/www.cbm.ro.gov.br\/?cat=1"}},"tags_names":{"128":{"name":"BOMBEIRO MIRIM","link":"https:\/\/www.cbm.ro.gov.br\/?tag=bombeiro-mirim"},"13":{"name":"CBMRO","link":"https:\/\/www.cbm.ro.gov.br\/?tag=cbmro"},"45":{"name":"Inaugura\u00e7\u00e3o","link":"https:\/\/www.cbm.ro.gov.br\/?tag=inauguracao"},"14":{"name":"Passagem de Comando","link":"https:\/\/www.cbm.ro.gov.br\/?tag=passagem-de-comando"},"126":{"name":"PROEBOM","link":"https:\/\/www.cbm.ro.gov.br\/?tag=proebom"},"127":{"name":"PROJETO BOMBEIRO MIRIM","link":"https:\/\/www.cbm.ro.gov.br\/?tag=projeto-bombeiro-mirim"},"129":{"name":"ROLIM DE MOURA","link":"https:\/\/www.cbm.ro.gov.br\/?tag=rolim-de-moura"}},"comments_number":"0","_links":{"self":[{"href":"https:\/\/www.cbm.ro.gov.br\/index.php?rest_route=\/wp\/v2\/posts\/3415","targetHints":{"allow":["GET"]}}],"collection":[{"href":"https:\/\/www.cbm.ro.gov.br\/index.php?rest_route=\/wp\/v2\/posts"}],"about":[{"href":"https:\/\/www.cbm.ro.gov.br\/index.php?rest_route=\/wp\/v2\/types\/post"}],"author":[{"embeddable":true,"href":"https:\/\/www.cbm.ro.gov.br\/index.php?rest_route=\/wp\/v2\/users\/3"}],"replies":[{"embeddable":true,"href":"https:\/\/www.cbm.ro.gov.br\/index.php?rest_route=%2Fwp%2Fv2%2Fcomments&post=3415"}],"version-history":[{"count":2,"href":"https:\/\/www.cbm.ro.gov.br\/index.php?rest_route=\/wp\/v2\/posts\/3415\/revisions"}],"predecessor-version":[{"id":3431,"href":"https:\/\/www.cbm.ro.gov.br\/index.php?rest_route=\/wp\/v2\/posts\/3415\/revisions\/3431"}],"wp:featuredmedia":[{"embeddable":true,"href":"https:\/\/www.cbm.ro.gov.br\/index.php?rest_route=\/wp\/v2\/media\/3425"}],"wp:attachment":[{"href":"https:\/\/www.cbm.ro.gov.br\/index.php?rest_route=%2Fwp%2Fv2%2Fmedia&parent=3415"}],"wp:term":[{"taxonomy":"category","embeddable":true,"href":"https:\/\/www.cbm.ro.gov.br\/index.php?rest_route=%2Fwp%2Fv2%2Fcategories&post=3415"},{"taxonomy":"post_tag","embeddable":true,"href":"https:\/\/www.cbm.ro.gov.br\/index.php?rest_route=%2Fwp%2Fv2%2Ftags&post=3415"}],"curies":[{"name":"wp","href":"https:\/\/api.w.org\/{rel}","templated":true}]}}