{"id":3406,"date":"2024-09-27T12:33:44","date_gmt":"2024-09-27T16:33:44","guid":{"rendered":"https:\/\/www.cbm.ro.gov.br\/?p=3406"},"modified":"2024-09-27T12:33:44","modified_gmt":"2024-09-27T16:33:44","slug":"municipios-recebem-capacitacao-para-enfrentamento-da-estiagem-e-incendios-florestais","status":"publish","type":"post","link":"https:\/\/www.cbm.ro.gov.br\/?p=3406","title":{"rendered":"Munic\u00edpios recebem capacita\u00e7\u00e3o para enfrentamento da estiagem e inc\u00eandios florestais"},"content":{"rendered":"\n<p>PLANEJAMENTO E ENFRENTAMENTO<\/p>\n\n\n\n<p id=\"caption-attachment-807809\"><em><strong>Iniciativa objetiva promover a seguran\u00e7a e o bem-estar da popula\u00e7\u00e3o, fortalecendo a capacidade de resposta dos munic\u00edpios&nbsp;<\/strong><\/em><\/p>\n\n\n\n<blockquote class=\"wp-block-quote is-layout-flow wp-block-quote-is-layout-flow\">\n<p><strong>C<\/strong>om o objetivo de auxiliar&nbsp;os munic\u00edpios que foram reconhecidos pela Uni\u00e3o em situa\u00e7\u00e3o de emerg\u00eancia devido \u00e0 estiagem e aos inc\u00eandios florestais, a Coordenadoria Estadual de Prote\u00e7\u00e3o de Defesa Civil (Cepdec-RO) est\u00e1 em Ji-Paran\u00e1, oferecendo suporte t\u00e9cnico e capacita\u00e7\u00e3o para representantes das Defesas Civis Municipais. A a\u00e7\u00e3o acontece entre os dias 9 e 27 de setembro.<\/p>\n<\/blockquote>\n\n\n\n<p>A iniciativa, reafirma o empenho do governo de Rond\u00f4nia, atrav\u00e9s do Corpo de Bombeiros Militar de Rond\u00f4nia (CBMRO) e da Defesa Civil Estadual em promover a seguran\u00e7a e o bem-estar da popula\u00e7\u00e3o, fortalecendo a capacidade de resposta dos munic\u00edpios diante de desastres naturais.&nbsp;Os t\u00e9cnicos da Defesa Civil continuam at\u00e9 sexta-feira (27), em Ji-Paran\u00e1 oferecendo suporte e orienta\u00e7\u00f5es adicionais, refor\u00e7ando a import\u00e2ncia da capacita\u00e7\u00e3o e do planejamento no enfrentamento de situa\u00e7\u00f5es de emerg\u00eancia.<\/p>\n\n\n\n<p>Durante todo o per\u00edodo, os t\u00e9cnicos estaduais realizaram oficinas pr\u00e1ticas, ensinando os participantes a preencher corretamente os formul\u00e1rios necess\u00e1rios para solicitar recursos federais. O treinamento incluiu um passo a passo detalhado sobre como efetuar as solicita\u00e7\u00f5es, garantindo que os representantes municipais adquirissem o conhecimento necess\u00e1rio para enfrentar eventos adversos de forma mais eficaz.<\/p>\n\n\n\n<p>Al\u00e9m dos munic\u00edpios que j\u00e1 tinham o reconhecimento federal, a Defesa Civil Estadual estendeu a oportunidade de capacita\u00e7\u00e3o para outras localidades, que tamb\u00e9m puderam elaborar seus Planos de Conting\u00eancia e aprender sobre o preenchimento de solicita\u00e7\u00f5es de recursos. Entre os munic\u00edpios atendidos est\u00e3o:<\/p>\n\n\n\n<ul class=\"wp-block-list\">\n<li>Alta Floresta d\u2019Oeste<\/li>\n\n\n\n<li>Alvorada do Oeste<\/li>\n\n\n\n<li>Ariquemes<\/li>\n\n\n\n<li>Cacoal<\/li>\n\n\n\n<li>Campo Novo de Rond\u00f4nia<\/li>\n\n\n\n<li>Cerejeiras<\/li>\n\n\n\n<li>Costa Marques<\/li>\n\n\n\n<li>Cujubim<\/li>\n\n\n\n<li>Espig\u00e3o do Oeste<\/li>\n\n\n\n<li>Guajar\u00e1-Mirim<\/li>\n\n\n\n<li>Jaru<\/li>\n\n\n\n<li>Ji-Paran\u00e1<\/li>\n\n\n\n<li>Machadinho d\u2019Oeste<\/li>\n\n\n\n<li>Ministro Andreazza<\/li>\n\n\n\n<li>Nova Mamor\u00e9<\/li>\n\n\n\n<li>Ouro Preto do Oeste<\/li>\n\n\n\n<li>Pimenta Bueno<\/li>\n\n\n\n<li>Pimenteiras do Oeste<\/li>\n\n\n\n<li>Porto Velho<\/li>\n\n\n\n<li>Primavera de Rond\u00f4nia<\/li>\n\n\n\n<li>Rio Crespo<\/li>\n\n\n\n<li>Santa Luzia d\u2019Oeste<\/li>\n\n\n\n<li>S\u00e3o Felipe d\u2019Oeste<\/li>\n\n\n\n<li>Urup\u00e1<\/li>\n\n\n\n<li>Vale do Para\u00edso<\/li>\n\n\n\n<li>Vilhena<\/li>\n<\/ul>\n","protected":false},"excerpt":{"rendered":"<p>PLANEJAMENTO E ENFRENTAMENTO Iniciativa objetiva promover a seguran\u00e7a e o bem-estar da popula\u00e7\u00e3o, fortalecendo a capacidade de resposta dos munic\u00edpios&nbsp; Com o objetivo de auxiliar&nbsp;os munic\u00edpios que foram reconhecidos pela&hellip;<\/p>\n","protected":false},"author":5,"featured_media":3407,"comment_status":"closed","ping_status":"open","sticky":false,"template":"","format":"standard","meta":{"footnotes":""},"categories":[1,5],"tags":[13,78,86,125],"class_list":["post-3406","post","type-post","status-publish","format-standard","has-post-thumbnail","hentry","category-cbmro","category-defesa-civil","tag-cbmro","tag-cepdec-ro","tag-governoderondonia","tag-ji-parana"],"yoast_head":"<!-- This site is optimized with the Yoast SEO plugin v23.7 - https:\/\/yoast.com\/wordpress\/plugins\/seo\/ -->\n<title>Munic\u00edpios recebem capacita\u00e7\u00e3o para enfrentamento da estiagem e inc\u00eandios florestais - Corpo de Bombeiros Militar de Rond\u00f4nia<\/title>\n<meta name=\"robots\" content=\"index, follow, max-snippet:-1, max-image-preview:large, max-video-preview:-1\" \/>\n<link rel=\"canonical\" href=\"https:\/\/www.cbm.ro.gov.br\/?p=3406\" \/>\n<meta property=\"og:locale\" content=\"pt_BR\" \/>\n<meta property=\"og:type\" content=\"article\" \/>\n<meta property=\"og:title\" content=\"Munic\u00edpios recebem capacita\u00e7\u00e3o para enfrentamento da estiagem e inc\u00eandios florestais - Corpo de Bombeiros Militar de Rond\u00f4nia\" \/>\n<meta property=\"og:description\" content=\"PLANEJAMENTO E ENFRENTAMENTO Iniciativa objetiva promover a seguran\u00e7a e o bem-estar da popula\u00e7\u00e3o, fortalecendo a capacidade de resposta dos munic\u00edpios&nbsp; Com o objetivo de auxiliar&nbsp;os munic\u00edpios que foram reconhecidos pela&hellip;\" \/>\n<meta property=\"og:url\" content=\"https:\/\/www.cbm.ro.gov.br\/?p=3406\" \/>\n<meta property=\"og:site_name\" content=\"Corpo de Bombeiros Militar de Rond\u00f4nia\" \/>\n<meta property=\"article:publisher\" content=\"https:\/\/www.facebook.com\/cbmro.oficial\/\" \/>\n<meta property=\"article:published_time\" content=\"2024-09-27T16:33:44+00:00\" \/>\n<meta property=\"og:image\" content=\"https:\/\/www.cbm.ro.gov.br\/wp-content\/uploads\/2024\/09\/cepdec-1-scaled.jpeg\" \/>\n\t<meta property=\"og:image:width\" content=\"2560\" \/>\n\t<meta property=\"og:image:height\" content=\"1920\" \/>\n\t<meta property=\"og:image:type\" content=\"image\/jpeg\" \/>\n<meta name=\"author\" content=\"Marcos Barros\" \/>\n<meta name=\"twitter:card\" content=\"summary_large_image\" \/>\n<meta name=\"twitter:label1\" content=\"Escrito por\" \/>\n\t<meta name=\"twitter:data1\" content=\"Marcos Barros\" \/>\n\t<meta name=\"twitter:label2\" content=\"Est. tempo de leitura\" \/>\n\t<meta name=\"twitter:data2\" content=\"2 minutos\" \/>\n<script type=\"application\/ld+json\" class=\"yoast-schema-graph\">{\"@context\":\"https:\/\/schema.org\",\"@graph\":[{\"@type\":\"Article\",\"@id\":\"https:\/\/www.cbm.ro.gov.br\/?p=3406#article\",\"isPartOf\":{\"@id\":\"https:\/\/www.cbm.ro.gov.br\/?p=3406\"},\"author\":{\"name\":\"Marcos Barros\",\"@id\":\"https:\/\/www.cbm.ro.gov.br\/#\/schema\/person\/b035b7e269aef4233e9514c2751917c5\"},\"headline\":\"Munic\u00edpios recebem capacita\u00e7\u00e3o para enfrentamento da estiagem e inc\u00eandios florestais\",\"datePublished\":\"2024-09-27T16:33:44+00:00\",\"dateModified\":\"2024-09-27T16:33:44+00:00\",\"mainEntityOfPage\":{\"@id\":\"https:\/\/www.cbm.ro.gov.br\/?p=3406\"},\"wordCount\":363,\"publisher\":{\"@id\":\"https:\/\/www.cbm.ro.gov.br\/#organization\"},\"image\":{\"@id\":\"https:\/\/www.cbm.ro.gov.br\/?p=3406#primaryimage\"},\"thumbnailUrl\":\"https:\/\/www.cbm.ro.gov.br\/wp-content\/uploads\/2024\/09\/cepdec-1-scaled.jpeg\",\"keywords\":[\"CBMRO\",\"CEPDEC-RO\",\"GOVERNODERONDONIA\",\"JI-PARAN\u00c1\"],\"articleSection\":[\"CBMRO\",\"Defesa Civil\"],\"inLanguage\":\"pt-BR\"},{\"@type\":\"WebPage\",\"@id\":\"https:\/\/www.cbm.ro.gov.br\/?p=3406\",\"url\":\"https:\/\/www.cbm.ro.gov.br\/?p=3406\",\"name\":\"Munic\u00edpios recebem capacita\u00e7\u00e3o para enfrentamento da estiagem e inc\u00eandios florestais - Corpo de Bombeiros Militar de Rond\u00f4nia\",\"isPartOf\":{\"@id\":\"https:\/\/www.cbm.ro.gov.br\/#website\"},\"primaryImageOfPage\":{\"@id\":\"https:\/\/www.cbm.ro.gov.br\/?p=3406#primaryimage\"},\"image\":{\"@id\":\"https:\/\/www.cbm.ro.gov.br\/?p=3406#primaryimage\"},\"thumbnailUrl\":\"https:\/\/www.cbm.ro.gov.br\/wp-content\/uploads\/2024\/09\/cepdec-1-scaled.jpeg\",\"datePublished\":\"2024-09-27T16:33:44+00:00\",\"dateModified\":\"2024-09-27T16:33:44+00:00\",\"breadcrumb\":{\"@id\":\"https:\/\/www.cbm.ro.gov.br\/?p=3406#breadcrumb\"},\"inLanguage\":\"pt-BR\",\"potentialAction\":[{\"@type\":\"ReadAction\",\"target\":[\"https:\/\/www.cbm.ro.gov.br\/?p=3406\"]}]},{\"@type\":\"ImageObject\",\"inLanguage\":\"pt-BR\",\"@id\":\"https:\/\/www.cbm.ro.gov.br\/?p=3406#primaryimage\",\"url\":\"https:\/\/www.cbm.ro.gov.br\/wp-content\/uploads\/2024\/09\/cepdec-1-scaled.jpeg\",\"contentUrl\":\"https:\/\/www.cbm.ro.gov.br\/wp-content\/uploads\/2024\/09\/cepdec-1-scaled.jpeg\",\"width\":2560,\"height\":1920},{\"@type\":\"BreadcrumbList\",\"@id\":\"https:\/\/www.cbm.ro.gov.br\/?p=3406#breadcrumb\",\"itemListElement\":[{\"@type\":\"ListItem\",\"position\":1,\"name\":\"In\u00edcio\",\"item\":\"https:\/\/www.cbm.ro.gov.br\/\"},{\"@type\":\"ListItem\",\"position\":2,\"name\":\"Munic\u00edpios recebem capacita\u00e7\u00e3o para enfrentamento da estiagem e inc\u00eandios florestais\"}]},{\"@type\":\"WebSite\",\"@id\":\"https:\/\/www.cbm.ro.gov.br\/#website\",\"url\":\"https:\/\/www.cbm.ro.gov.br\/\",\"name\":\"Corpo de Bombeiros Militar de Rond\u00f4nia\",\"description\":\"Vidas alheias, riquezas salvar!\",\"publisher\":{\"@id\":\"https:\/\/www.cbm.ro.gov.br\/#organization\"},\"alternateName\":\"cbmro\",\"potentialAction\":[{\"@type\":\"SearchAction\",\"target\":{\"@type\":\"EntryPoint\",\"urlTemplate\":\"https:\/\/www.cbm.ro.gov.br\/?s={search_term_string}\"},\"query-input\":{\"@type\":\"PropertyValueSpecification\",\"valueRequired\":true,\"valueName\":\"search_term_string\"}}],\"inLanguage\":\"pt-BR\"},{\"@type\":\"Organization\",\"@id\":\"https:\/\/www.cbm.ro.gov.br\/#organization\",\"name\":\"Corpo de Bombeiros Militar do Estado de Rond\u00f4nia\",\"alternateName\":\"CBMRO\",\"url\":\"https:\/\/www.cbm.ro.gov.br\/\",\"logo\":{\"@type\":\"ImageObject\",\"inLanguage\":\"pt-BR\",\"@id\":\"https:\/\/www.cbm.ro.gov.br\/#\/schema\/logo\/image\/\",\"url\":\"https:\/\/www.cbm.ro.gov.br\/wp-content\/uploads\/2023\/12\/cropped-cropped-cropped-BRASO_3D_32-1-e1724344443171.png\",\"contentUrl\":\"https:\/\/www.cbm.ro.gov.br\/wp-content\/uploads\/2023\/12\/cropped-cropped-cropped-BRASO_3D_32-1-e1724344443171.png\",\"width\":446,\"height\":441,\"caption\":\"Corpo de Bombeiros Militar do Estado de Rond\u00f4nia\"},\"image\":{\"@id\":\"https:\/\/www.cbm.ro.gov.br\/#\/schema\/logo\/image\/\"},\"sameAs\":[\"https:\/\/www.facebook.com\/cbmro.oficial\/\",\"https:\/\/www.youtube.com\/c\/CorpodeBombeirosMilitardoEstadodeRond\u00f4nia\"]},{\"@type\":\"Person\",\"@id\":\"https:\/\/www.cbm.ro.gov.br\/#\/schema\/person\/b035b7e269aef4233e9514c2751917c5\",\"name\":\"Marcos Barros\",\"sameAs\":[\"http:\/\/10.210.0.90\/wp-admin\/post.php?post=2688&amp;action=edit\"],\"url\":\"https:\/\/www.cbm.ro.gov.br\/?author=5\"}]}<\/script>\n<!-- \/ Yoast SEO plugin. -->","yoast_head_json":{"title":"Munic\u00edpios recebem capacita\u00e7\u00e3o para enfrentamento da estiagem e inc\u00eandios florestais - Corpo de Bombeiros Militar de Rond\u00f4nia","robots":{"index":"index","follow":"follow","max-snippet":"max-snippet:-1","max-image-preview":"max-image-preview:large","max-video-preview":"max-video-preview:-1"},"canonical":"https:\/\/www.cbm.ro.gov.br\/?p=3406","og_locale":"pt_BR","og_type":"article","og_title":"Munic\u00edpios recebem capacita\u00e7\u00e3o para enfrentamento da estiagem e inc\u00eandios florestais - Corpo de Bombeiros Militar de Rond\u00f4nia","og_description":"PLANEJAMENTO E ENFRENTAMENTO Iniciativa objetiva promover a seguran\u00e7a e o bem-estar da popula\u00e7\u00e3o, fortalecendo a capacidade de resposta dos munic\u00edpios&nbsp; Com o objetivo de auxiliar&nbsp;os munic\u00edpios que foram reconhecidos pela&hellip;","og_url":"https:\/\/www.cbm.ro.gov.br\/?p=3406","og_site_name":"Corpo de Bombeiros Militar de Rond\u00f4nia","article_publisher":"https:\/\/www.facebook.com\/cbmro.oficial\/","article_published_time":"2024-09-27T16:33:44+00:00","og_image":[{"width":2560,"height":1920,"url":"https:\/\/www.cbm.ro.gov.br\/wp-content\/uploads\/2024\/09\/cepdec-1-scaled.jpeg","type":"image\/jpeg"}],"author":"Marcos Barros","twitter_card":"summary_large_image","twitter_misc":{"Escrito por":"Marcos Barros","Est. tempo de leitura":"2 minutos"},"schema":{"@context":"https:\/\/schema.org","@graph":[{"@type":"Article","@id":"https:\/\/www.cbm.ro.gov.br\/?p=3406#article","isPartOf":{"@id":"https:\/\/www.cbm.ro.gov.br\/?p=3406"},"author":{"name":"Marcos Barros","@id":"https:\/\/www.cbm.ro.gov.br\/#\/schema\/person\/b035b7e269aef4233e9514c2751917c5"},"headline":"Munic\u00edpios recebem capacita\u00e7\u00e3o para enfrentamento da estiagem e inc\u00eandios florestais","datePublished":"2024-09-27T16:33:44+00:00","dateModified":"2024-09-27T16:33:44+00:00","mainEntityOfPage":{"@id":"https:\/\/www.cbm.ro.gov.br\/?p=3406"},"wordCount":363,"publisher":{"@id":"https:\/\/www.cbm.ro.gov.br\/#organization"},"image":{"@id":"https:\/\/www.cbm.ro.gov.br\/?p=3406#primaryimage"},"thumbnailUrl":"https:\/\/www.cbm.ro.gov.br\/wp-content\/uploads\/2024\/09\/cepdec-1-scaled.jpeg","keywords":["CBMRO","CEPDEC-RO","GOVERNODERONDONIA","JI-PARAN\u00c1"],"articleSection":["CBMRO","Defesa Civil"],"inLanguage":"pt-BR"},{"@type":"WebPage","@id":"https:\/\/www.cbm.ro.gov.br\/?p=3406","url":"https:\/\/www.cbm.ro.gov.br\/?p=3406","name":"Munic\u00edpios recebem capacita\u00e7\u00e3o para enfrentamento da estiagem e inc\u00eandios florestais - Corpo de Bombeiros Militar de Rond\u00f4nia","isPartOf":{"@id":"https:\/\/www.cbm.ro.gov.br\/#website"},"primaryImageOfPage":{"@id":"https:\/\/www.cbm.ro.gov.br\/?p=3406#primaryimage"},"image":{"@id":"https:\/\/www.cbm.ro.gov.br\/?p=3406#primaryimage"},"thumbnailUrl":"https:\/\/www.cbm.ro.gov.br\/wp-content\/uploads\/2024\/09\/cepdec-1-scaled.jpeg","datePublished":"2024-09-27T16:33:44+00:00","dateModified":"2024-09-27T16:33:44+00:00","breadcrumb":{"@id":"https:\/\/www.cbm.ro.gov.br\/?p=3406#breadcrumb"},"inLanguage":"pt-BR","potentialAction":[{"@type":"ReadAction","target":["https:\/\/www.cbm.ro.gov.br\/?p=3406"]}]},{"@type":"ImageObject","inLanguage":"pt-BR","@id":"https:\/\/www.cbm.ro.gov.br\/?p=3406#primaryimage","url":"https:\/\/www.cbm.ro.gov.br\/wp-content\/uploads\/2024\/09\/cepdec-1-scaled.jpeg","contentUrl":"https:\/\/www.cbm.ro.gov.br\/wp-content\/uploads\/2024\/09\/cepdec-1-scaled.jpeg","width":2560,"height":1920},{"@type":"BreadcrumbList","@id":"https:\/\/www.cbm.ro.gov.br\/?p=3406#breadcrumb","itemListElement":[{"@type":"ListItem","position":1,"name":"In\u00edcio","item":"https:\/\/www.cbm.ro.gov.br\/"},{"@type":"ListItem","position":2,"name":"Munic\u00edpios recebem capacita\u00e7\u00e3o para enfrentamento da estiagem e inc\u00eandios florestais"}]},{"@type":"WebSite","@id":"https:\/\/www.cbm.ro.gov.br\/#website","url":"https:\/\/www.cbm.ro.gov.br\/","name":"Corpo de Bombeiros Militar de Rond\u00f4nia","description":"Vidas alheias, riquezas salvar!","publisher":{"@id":"https:\/\/www.cbm.ro.gov.br\/#organization"},"alternateName":"cbmro","potentialAction":[{"@type":"SearchAction","target":{"@type":"EntryPoint","urlTemplate":"https:\/\/www.cbm.ro.gov.br\/?s={search_term_string}"},"query-input":{"@type":"PropertyValueSpecification","valueRequired":true,"valueName":"search_term_string"}}],"inLanguage":"pt-BR"},{"@type":"Organization","@id":"https:\/\/www.cbm.ro.gov.br\/#organization","name":"Corpo de Bombeiros Militar do Estado de Rond\u00f4nia","alternateName":"CBMRO","url":"https:\/\/www.cbm.ro.gov.br\/","logo":{"@type":"ImageObject","inLanguage":"pt-BR","@id":"https:\/\/www.cbm.ro.gov.br\/#\/schema\/logo\/image\/","url":"https:\/\/www.cbm.ro.gov.br\/wp-content\/uploads\/2023\/12\/cropped-cropped-cropped-BRASO_3D_32-1-e1724344443171.png","contentUrl":"https:\/\/www.cbm.ro.gov.br\/wp-content\/uploads\/2023\/12\/cropped-cropped-cropped-BRASO_3D_32-1-e1724344443171.png","width":446,"height":441,"caption":"Corpo de Bombeiros Militar do Estado de Rond\u00f4nia"},"image":{"@id":"https:\/\/www.cbm.ro.gov.br\/#\/schema\/logo\/image\/"},"sameAs":["https:\/\/www.facebook.com\/cbmro.oficial\/","https:\/\/www.youtube.com\/c\/CorpodeBombeirosMilitardoEstadodeRond\u00f4nia"]},{"@type":"Person","@id":"https:\/\/www.cbm.ro.gov.br\/#\/schema\/person\/b035b7e269aef4233e9514c2751917c5","name":"Marcos Barros","sameAs":["http:\/\/10.210.0.90\/wp-admin\/post.php?post=2688&amp;action=edit"],"url":"https:\/\/www.cbm.ro.gov.br\/?author=5"}]}},"wpmagazine_modules_lite_featured_media_urls":{"thumbnail":["https:\/\/www.cbm.ro.gov.br\/wp-content\/uploads\/2024\/09\/cepdec-1-150x150.jpeg",150,150,true],"cvmm-medium":["https:\/\/www.cbm.ro.gov.br\/wp-content\/uploads\/2024\/09\/cepdec-1-300x300.jpeg",300,300,true],"cvmm-medium-plus":["https:\/\/www.cbm.ro.gov.br\/wp-content\/uploads\/2024\/09\/cepdec-1-305x207.jpeg",305,207,true],"cvmm-portrait":["https:\/\/www.cbm.ro.gov.br\/wp-content\/uploads\/2024\/09\/cepdec-1-400x600.jpeg",400,600,true],"cvmm-medium-square":["https:\/\/www.cbm.ro.gov.br\/wp-content\/uploads\/2024\/09\/cepdec-1-600x600.jpeg",600,600,true],"cvmm-large":["https:\/\/www.cbm.ro.gov.br\/wp-content\/uploads\/2024\/09\/cepdec-1-1024x1024.jpeg",1024,1024,true],"cvmm-small":["https:\/\/www.cbm.ro.gov.br\/wp-content\/uploads\/2024\/09\/cepdec-1-130x95.jpeg",130,95,true],"full":["https:\/\/www.cbm.ro.gov.br\/wp-content\/uploads\/2024\/09\/cepdec-1-scaled.jpeg",2560,1920,false]},"categories_names":{"1":{"name":"CBMRO","link":"https:\/\/www.cbm.ro.gov.br\/?cat=1"},"5":{"name":"Defesa Civil","link":"https:\/\/www.cbm.ro.gov.br\/?cat=5"}},"tags_names":{"13":{"name":"CBMRO","link":"https:\/\/www.cbm.ro.gov.br\/?tag=cbmro"},"78":{"name":"CEPDEC-RO","link":"https:\/\/www.cbm.ro.gov.br\/?tag=cepdec-ro"},"86":{"name":"GOVERNODERONDONIA","link":"https:\/\/www.cbm.ro.gov.br\/?tag=governoderondonia"},"125":{"name":"JI-PARAN\u00c1","link":"https:\/\/www.cbm.ro.gov.br\/?tag=ji-parana"}},"comments_number":"0","_links":{"self":[{"href":"https:\/\/www.cbm.ro.gov.br\/index.php?rest_route=\/wp\/v2\/posts\/3406","targetHints":{"allow":["GET"]}}],"collection":[{"href":"https:\/\/www.cbm.ro.gov.br\/index.php?rest_route=\/wp\/v2\/posts"}],"about":[{"href":"https:\/\/www.cbm.ro.gov.br\/index.php?rest_route=\/wp\/v2\/types\/post"}],"author":[{"embeddable":true,"href":"https:\/\/www.cbm.ro.gov.br\/index.php?rest_route=\/wp\/v2\/users\/5"}],"replies":[{"embeddable":true,"href":"https:\/\/www.cbm.ro.gov.br\/index.php?rest_route=%2Fwp%2Fv2%2Fcomments&post=3406"}],"version-history":[{"count":1,"href":"https:\/\/www.cbm.ro.gov.br\/index.php?rest_route=\/wp\/v2\/posts\/3406\/revisions"}],"predecessor-version":[{"id":3408,"href":"https:\/\/www.cbm.ro.gov.br\/index.php?rest_route=\/wp\/v2\/posts\/3406\/revisions\/3408"}],"wp:featuredmedia":[{"embeddable":true,"href":"https:\/\/www.cbm.ro.gov.br\/index.php?rest_route=\/wp\/v2\/media\/3407"}],"wp:attachment":[{"href":"https:\/\/www.cbm.ro.gov.br\/index.php?rest_route=%2Fwp%2Fv2%2Fmedia&parent=3406"}],"wp:term":[{"taxonomy":"category","embeddable":true,"href":"https:\/\/www.cbm.ro.gov.br\/index.php?rest_route=%2Fwp%2Fv2%2Fcategories&post=3406"},{"taxonomy":"post_tag","embeddable":true,"href":"https:\/\/www.cbm.ro.gov.br\/index.php?rest_route=%2Fwp%2Fv2%2Ftags&post=3406"}],"curies":[{"name":"wp","href":"https:\/\/api.w.org\/{rel}","templated":true}]}}