{"id":3304,"date":"2024-09-24T09:06:55","date_gmt":"2024-09-24T13:06:55","guid":{"rendered":"https:\/\/www.cbm.ro.gov.br\/?p=3304"},"modified":"2024-09-24T09:06:56","modified_gmt":"2024-09-24T13:06:56","slug":"corpo-de-bombeiros-militar-participa-de-reuniao-em-brasilia-para-alinhar-estrategias-para-combate-a-incendios-florestais-em-rondonia","status":"publish","type":"post","link":"https:\/\/www.cbm.ro.gov.br\/?p=3304","title":{"rendered":"CORPO DE BOMBEIROS MILITAR PARTICIPA DE REUNI\u00c3O EM BRAS\u00cdLIA PARA ALINHAR ESTRAT\u00c9GIAS PARA COMBATE A INC\u00caNDIOS FLORESTAIS EM ROND\u00d4NIA"},"content":{"rendered":"\n<p>No dia 20 de setembro de 2024, \u00e0s 10h, ocorreu uma importante reuni\u00e3o na Coordena\u00e7\u00e3o-Geral de Fronteiras e Amaz\u00f4nia da Diretoria de Opera\u00e7\u00f5es Integradas e de Intelig\u00eancia (DIOP) da Secretaria Nacional de Seguran\u00e7a P\u00fablica, vinculada ao Minist\u00e9rio da Justi\u00e7a e Seguran\u00e7a P\u00fablica. O encontro teve como objetivo discutir as necessidades emergenciais para o combate a inc\u00eandios florestais em Rond\u00f4nia, especificamente nas localidades da&nbsp; Reserva Ecol\u00f3gica Soldado da Borracha em Cujubim e na Reserva de Desenvolvimento Sustent\u00e1vel Serra Grande no munic\u00edpio de Costa Marques.<\/p>\n\n\n\n<p>A reuni\u00e3o contou com a presen\u00e7a do Coordenador-Geral de Fronteiras e Amaz\u00f4nia, Ronimar Vargas Jobim, e da Coordenadora Administrativa da DIOP, Erika de Guimar\u00e3es Souto e Motta. Ambos discutiram as estrat\u00e9gias e os recursos necess\u00e1rios para apoiar as a\u00e7\u00f5es de combate a inc\u00eandios, que t\u00eam se intensificado na regi\u00e3o devido \u00e0s condi\u00e7\u00f5es clim\u00e1ticas adversas.<\/p>\n\n\n\n<p>O Estado de Rond\u00f4nia tem enfrentado desafios significativos em rela\u00e7\u00e3o aos inc\u00eandios florestais, que n\u00e3o apenas amea\u00e7am a biodiversidade local, mas tamb\u00e9m impactam comunidades e a economia da regi\u00e3o. Durante a reuni\u00e3o, foram apresentadas as demandas espec\u00edficas para cada localidade, permitindo que o governo federal se mobilize por meio de recursos com esfor\u00e7os para atender \u00e0s necessidades emergentes.<\/p>\n\n\n\n<p>A colabora\u00e7\u00e3o entre os \u00f3rg\u00e3os federais e estaduais \u00e9 fundamental para enfrentar essa crise. O CBMRO reitera aqui seu compromisso em continuar trabalhando em conjunto com as autoridades nacionais para garantir a seguran\u00e7a da popula\u00e7\u00e3o e a preserva\u00e7\u00e3o do nosso meio ambiente. Destacou o Comandante Geral Cel BM Nivaldo.&nbsp;&nbsp;<\/p>\n\n\n\n<figure class=\"wp-block-image size-large\"><img fetchpriority=\"high\" decoding=\"async\" width=\"1024\" height=\"576\" src=\"https:\/\/www.cbm.ro.gov.br\/wp-content\/uploads\/2024\/09\/reuniao-brasilia-2-1024x576.jpeg\" alt=\"\" class=\"wp-image-3305\" srcset=\"https:\/\/www.cbm.ro.gov.br\/wp-content\/uploads\/2024\/09\/reuniao-brasilia-2-1024x576.jpeg 1024w, https:\/\/www.cbm.ro.gov.br\/wp-content\/uploads\/2024\/09\/reuniao-brasilia-2-300x169.jpeg 300w, https:\/\/www.cbm.ro.gov.br\/wp-content\/uploads\/2024\/09\/reuniao-brasilia-2-768x432.jpeg 768w, https:\/\/www.cbm.ro.gov.br\/wp-content\/uploads\/2024\/09\/reuniao-brasilia-2-1536x864.jpeg 1536w, https:\/\/www.cbm.ro.gov.br\/wp-content\/uploads\/2024\/09\/reuniao-brasilia-2.jpeg 1600w\" sizes=\"(max-width: 1024px) 100vw, 1024px\" \/><\/figure>\n","protected":false},"excerpt":{"rendered":"<p>O encontro teve como objetivo discutir as necessidades emergenciais para o combate a inc\u00eandios florestais em Rond\u00f4nia, especificamente nas localidades da\u00a0 Reserva Ecol\u00f3gica Soldado da Borracha em Cujubim e na Reserva de Desenvolvimento Sustent\u00e1vel Serra Grande no munic\u00edpio de Costa Marques.<\/p>\n","protected":false},"author":5,"featured_media":3306,"comment_status":"closed","ping_status":"open","sticky":false,"template":"","format":"standard","meta":{"footnotes":""},"categories":[1],"tags":[118,13,58,89],"class_list":["post-3304","post","type-post","status-publish","format-standard","has-post-thumbnail","hentry","category-cbmro","tag-brasilia","tag-cbmro","tag-combateaincendio","tag-combateasqueimadas"],"yoast_head":"<!-- This site is optimized with the Yoast SEO plugin v23.7 - https:\/\/yoast.com\/wordpress\/plugins\/seo\/ -->\n<title>CORPO DE BOMBEIROS MILITAR PARTICIPA DE REUNI\u00c3O EM BRAS\u00cdLIA PARA ALINHAR ESTRAT\u00c9GIAS PARA COMBATE A INC\u00caNDIOS FLORESTAIS EM ROND\u00d4NIA - Corpo de Bombeiros Militar de Rond\u00f4nia<\/title>\n<meta name=\"robots\" content=\"index, follow, max-snippet:-1, max-image-preview:large, max-video-preview:-1\" \/>\n<link rel=\"canonical\" href=\"https:\/\/www.cbm.ro.gov.br\/?p=3304\" \/>\n<meta property=\"og:locale\" content=\"pt_BR\" \/>\n<meta property=\"og:type\" content=\"article\" \/>\n<meta property=\"og:title\" content=\"CORPO DE BOMBEIROS MILITAR PARTICIPA DE REUNI\u00c3O EM BRAS\u00cdLIA PARA ALINHAR ESTRAT\u00c9GIAS PARA COMBATE A INC\u00caNDIOS FLORESTAIS EM ROND\u00d4NIA - Corpo de Bombeiros Militar de Rond\u00f4nia\" \/>\n<meta property=\"og:description\" content=\"O encontro teve como objetivo discutir as necessidades emergenciais para o combate a inc\u00eandios florestais em Rond\u00f4nia, especificamente nas localidades da\u00a0 Reserva Ecol\u00f3gica Soldado da Borracha em Cujubim e na Reserva de Desenvolvimento Sustent\u00e1vel Serra Grande no munic\u00edpio de Costa Marques.\" \/>\n<meta property=\"og:url\" content=\"https:\/\/www.cbm.ro.gov.br\/?p=3304\" \/>\n<meta property=\"og:site_name\" content=\"Corpo de Bombeiros Militar de Rond\u00f4nia\" \/>\n<meta property=\"article:publisher\" content=\"https:\/\/www.facebook.com\/cbmro.oficial\/\" \/>\n<meta property=\"article:published_time\" content=\"2024-09-24T13:06:55+00:00\" \/>\n<meta property=\"article:modified_time\" content=\"2024-09-24T13:06:56+00:00\" \/>\n<meta property=\"og:image\" content=\"https:\/\/www.cbm.ro.gov.br\/wp-content\/uploads\/2024\/09\/reuniao-brasilia.jpeg\" \/>\n\t<meta property=\"og:image:width\" content=\"1600\" \/>\n\t<meta property=\"og:image:height\" content=\"900\" \/>\n\t<meta property=\"og:image:type\" content=\"image\/jpeg\" \/>\n<meta name=\"author\" content=\"Marcos Barros\" \/>\n<meta name=\"twitter:card\" content=\"summary_large_image\" \/>\n<meta name=\"twitter:label1\" content=\"Escrito por\" \/>\n\t<meta name=\"twitter:data1\" content=\"Marcos Barros\" \/>\n\t<meta name=\"twitter:label2\" content=\"Est. tempo de leitura\" \/>\n\t<meta name=\"twitter:data2\" content=\"1 minuto\" \/>\n<script type=\"application\/ld+json\" class=\"yoast-schema-graph\">{\"@context\":\"https:\/\/schema.org\",\"@graph\":[{\"@type\":\"Article\",\"@id\":\"https:\/\/www.cbm.ro.gov.br\/?p=3304#article\",\"isPartOf\":{\"@id\":\"https:\/\/www.cbm.ro.gov.br\/?p=3304\"},\"author\":{\"name\":\"Marcos Barros\",\"@id\":\"https:\/\/www.cbm.ro.gov.br\/#\/schema\/person\/b035b7e269aef4233e9514c2751917c5\"},\"headline\":\"CORPO DE BOMBEIROS MILITAR PARTICIPA DE REUNI\u00c3O EM BRAS\u00cdLIA PARA ALINHAR ESTRAT\u00c9GIAS PARA COMBATE A INC\u00caNDIOS FLORESTAIS EM ROND\u00d4NIA\",\"datePublished\":\"2024-09-24T13:06:55+00:00\",\"dateModified\":\"2024-09-24T13:06:56+00:00\",\"mainEntityOfPage\":{\"@id\":\"https:\/\/www.cbm.ro.gov.br\/?p=3304\"},\"wordCount\":311,\"publisher\":{\"@id\":\"https:\/\/www.cbm.ro.gov.br\/#organization\"},\"image\":{\"@id\":\"https:\/\/www.cbm.ro.gov.br\/?p=3304#primaryimage\"},\"thumbnailUrl\":\"https:\/\/www.cbm.ro.gov.br\/wp-content\/uploads\/2024\/09\/reuniao-brasilia.jpeg\",\"keywords\":[\"BRASILIA\",\"CBMRO\",\"COMBATEAINCENDIO\",\"COMBATEASQUEIMADAS\"],\"articleSection\":[\"CBMRO\"],\"inLanguage\":\"pt-BR\"},{\"@type\":\"WebPage\",\"@id\":\"https:\/\/www.cbm.ro.gov.br\/?p=3304\",\"url\":\"https:\/\/www.cbm.ro.gov.br\/?p=3304\",\"name\":\"CORPO DE BOMBEIROS MILITAR PARTICIPA DE REUNI\u00c3O EM BRAS\u00cdLIA PARA ALINHAR ESTRAT\u00c9GIAS PARA COMBATE A INC\u00caNDIOS FLORESTAIS EM ROND\u00d4NIA - Corpo de Bombeiros Militar de Rond\u00f4nia\",\"isPartOf\":{\"@id\":\"https:\/\/www.cbm.ro.gov.br\/#website\"},\"primaryImageOfPage\":{\"@id\":\"https:\/\/www.cbm.ro.gov.br\/?p=3304#primaryimage\"},\"image\":{\"@id\":\"https:\/\/www.cbm.ro.gov.br\/?p=3304#primaryimage\"},\"thumbnailUrl\":\"https:\/\/www.cbm.ro.gov.br\/wp-content\/uploads\/2024\/09\/reuniao-brasilia.jpeg\",\"datePublished\":\"2024-09-24T13:06:55+00:00\",\"dateModified\":\"2024-09-24T13:06:56+00:00\",\"breadcrumb\":{\"@id\":\"https:\/\/www.cbm.ro.gov.br\/?p=3304#breadcrumb\"},\"inLanguage\":\"pt-BR\",\"potentialAction\":[{\"@type\":\"ReadAction\",\"target\":[\"https:\/\/www.cbm.ro.gov.br\/?p=3304\"]}]},{\"@type\":\"ImageObject\",\"inLanguage\":\"pt-BR\",\"@id\":\"https:\/\/www.cbm.ro.gov.br\/?p=3304#primaryimage\",\"url\":\"https:\/\/www.cbm.ro.gov.br\/wp-content\/uploads\/2024\/09\/reuniao-brasilia.jpeg\",\"contentUrl\":\"https:\/\/www.cbm.ro.gov.br\/wp-content\/uploads\/2024\/09\/reuniao-brasilia.jpeg\",\"width\":1600,\"height\":900},{\"@type\":\"BreadcrumbList\",\"@id\":\"https:\/\/www.cbm.ro.gov.br\/?p=3304#breadcrumb\",\"itemListElement\":[{\"@type\":\"ListItem\",\"position\":1,\"name\":\"In\u00edcio\",\"item\":\"https:\/\/www.cbm.ro.gov.br\/\"},{\"@type\":\"ListItem\",\"position\":2,\"name\":\"CORPO DE BOMBEIROS MILITAR PARTICIPA DE REUNI\u00c3O EM BRAS\u00cdLIA PARA ALINHAR ESTRAT\u00c9GIAS PARA COMBATE A INC\u00caNDIOS FLORESTAIS EM ROND\u00d4NIA\"}]},{\"@type\":\"WebSite\",\"@id\":\"https:\/\/www.cbm.ro.gov.br\/#website\",\"url\":\"https:\/\/www.cbm.ro.gov.br\/\",\"name\":\"Corpo de Bombeiros Militar de Rond\u00f4nia\",\"description\":\"Vidas alheias, riquezas salvar!\",\"publisher\":{\"@id\":\"https:\/\/www.cbm.ro.gov.br\/#organization\"},\"alternateName\":\"cbmro\",\"potentialAction\":[{\"@type\":\"SearchAction\",\"target\":{\"@type\":\"EntryPoint\",\"urlTemplate\":\"https:\/\/www.cbm.ro.gov.br\/?s={search_term_string}\"},\"query-input\":{\"@type\":\"PropertyValueSpecification\",\"valueRequired\":true,\"valueName\":\"search_term_string\"}}],\"inLanguage\":\"pt-BR\"},{\"@type\":\"Organization\",\"@id\":\"https:\/\/www.cbm.ro.gov.br\/#organization\",\"name\":\"Corpo de Bombeiros Militar do Estado de Rond\u00f4nia\",\"alternateName\":\"CBMRO\",\"url\":\"https:\/\/www.cbm.ro.gov.br\/\",\"logo\":{\"@type\":\"ImageObject\",\"inLanguage\":\"pt-BR\",\"@id\":\"https:\/\/www.cbm.ro.gov.br\/#\/schema\/logo\/image\/\",\"url\":\"https:\/\/www.cbm.ro.gov.br\/wp-content\/uploads\/2023\/12\/cropped-cropped-cropped-BRASO_3D_32-1-e1724344443171.png\",\"contentUrl\":\"https:\/\/www.cbm.ro.gov.br\/wp-content\/uploads\/2023\/12\/cropped-cropped-cropped-BRASO_3D_32-1-e1724344443171.png\",\"width\":446,\"height\":441,\"caption\":\"Corpo de Bombeiros Militar do Estado de Rond\u00f4nia\"},\"image\":{\"@id\":\"https:\/\/www.cbm.ro.gov.br\/#\/schema\/logo\/image\/\"},\"sameAs\":[\"https:\/\/www.facebook.com\/cbmro.oficial\/\",\"https:\/\/www.youtube.com\/c\/CorpodeBombeirosMilitardoEstadodeRond\u00f4nia\"]},{\"@type\":\"Person\",\"@id\":\"https:\/\/www.cbm.ro.gov.br\/#\/schema\/person\/b035b7e269aef4233e9514c2751917c5\",\"name\":\"Marcos Barros\",\"sameAs\":[\"http:\/\/10.210.0.90\/wp-admin\/post.php?post=2688&amp;action=edit\"],\"url\":\"https:\/\/www.cbm.ro.gov.br\/?author=5\"}]}<\/script>\n<!-- \/ Yoast SEO plugin. -->","yoast_head_json":{"title":"CORPO DE BOMBEIROS MILITAR PARTICIPA DE REUNI\u00c3O EM BRAS\u00cdLIA PARA ALINHAR ESTRAT\u00c9GIAS PARA COMBATE A INC\u00caNDIOS FLORESTAIS EM ROND\u00d4NIA - Corpo de Bombeiros Militar de Rond\u00f4nia","robots":{"index":"index","follow":"follow","max-snippet":"max-snippet:-1","max-image-preview":"max-image-preview:large","max-video-preview":"max-video-preview:-1"},"canonical":"https:\/\/www.cbm.ro.gov.br\/?p=3304","og_locale":"pt_BR","og_type":"article","og_title":"CORPO DE BOMBEIROS MILITAR PARTICIPA DE REUNI\u00c3O EM BRAS\u00cdLIA PARA ALINHAR ESTRAT\u00c9GIAS PARA COMBATE A INC\u00caNDIOS FLORESTAIS EM ROND\u00d4NIA - Corpo de Bombeiros Militar de Rond\u00f4nia","og_description":"O encontro teve como objetivo discutir as necessidades emergenciais para o combate a inc\u00eandios florestais em Rond\u00f4nia, especificamente nas localidades da\u00a0 Reserva Ecol\u00f3gica Soldado da Borracha em Cujubim e na Reserva de Desenvolvimento Sustent\u00e1vel Serra Grande no munic\u00edpio de Costa Marques.","og_url":"https:\/\/www.cbm.ro.gov.br\/?p=3304","og_site_name":"Corpo de Bombeiros Militar de Rond\u00f4nia","article_publisher":"https:\/\/www.facebook.com\/cbmro.oficial\/","article_published_time":"2024-09-24T13:06:55+00:00","article_modified_time":"2024-09-24T13:06:56+00:00","og_image":[{"width":1600,"height":900,"url":"https:\/\/www.cbm.ro.gov.br\/wp-content\/uploads\/2024\/09\/reuniao-brasilia.jpeg","type":"image\/jpeg"}],"author":"Marcos Barros","twitter_card":"summary_large_image","twitter_misc":{"Escrito por":"Marcos Barros","Est. tempo de leitura":"1 minuto"},"schema":{"@context":"https:\/\/schema.org","@graph":[{"@type":"Article","@id":"https:\/\/www.cbm.ro.gov.br\/?p=3304#article","isPartOf":{"@id":"https:\/\/www.cbm.ro.gov.br\/?p=3304"},"author":{"name":"Marcos Barros","@id":"https:\/\/www.cbm.ro.gov.br\/#\/schema\/person\/b035b7e269aef4233e9514c2751917c5"},"headline":"CORPO DE BOMBEIROS MILITAR PARTICIPA DE REUNI\u00c3O EM BRAS\u00cdLIA PARA ALINHAR ESTRAT\u00c9GIAS PARA COMBATE A INC\u00caNDIOS FLORESTAIS EM ROND\u00d4NIA","datePublished":"2024-09-24T13:06:55+00:00","dateModified":"2024-09-24T13:06:56+00:00","mainEntityOfPage":{"@id":"https:\/\/www.cbm.ro.gov.br\/?p=3304"},"wordCount":311,"publisher":{"@id":"https:\/\/www.cbm.ro.gov.br\/#organization"},"image":{"@id":"https:\/\/www.cbm.ro.gov.br\/?p=3304#primaryimage"},"thumbnailUrl":"https:\/\/www.cbm.ro.gov.br\/wp-content\/uploads\/2024\/09\/reuniao-brasilia.jpeg","keywords":["BRASILIA","CBMRO","COMBATEAINCENDIO","COMBATEASQUEIMADAS"],"articleSection":["CBMRO"],"inLanguage":"pt-BR"},{"@type":"WebPage","@id":"https:\/\/www.cbm.ro.gov.br\/?p=3304","url":"https:\/\/www.cbm.ro.gov.br\/?p=3304","name":"CORPO DE BOMBEIROS MILITAR PARTICIPA DE REUNI\u00c3O EM BRAS\u00cdLIA PARA ALINHAR ESTRAT\u00c9GIAS PARA COMBATE A INC\u00caNDIOS FLORESTAIS EM ROND\u00d4NIA - Corpo de Bombeiros Militar de Rond\u00f4nia","isPartOf":{"@id":"https:\/\/www.cbm.ro.gov.br\/#website"},"primaryImageOfPage":{"@id":"https:\/\/www.cbm.ro.gov.br\/?p=3304#primaryimage"},"image":{"@id":"https:\/\/www.cbm.ro.gov.br\/?p=3304#primaryimage"},"thumbnailUrl":"https:\/\/www.cbm.ro.gov.br\/wp-content\/uploads\/2024\/09\/reuniao-brasilia.jpeg","datePublished":"2024-09-24T13:06:55+00:00","dateModified":"2024-09-24T13:06:56+00:00","breadcrumb":{"@id":"https:\/\/www.cbm.ro.gov.br\/?p=3304#breadcrumb"},"inLanguage":"pt-BR","potentialAction":[{"@type":"ReadAction","target":["https:\/\/www.cbm.ro.gov.br\/?p=3304"]}]},{"@type":"ImageObject","inLanguage":"pt-BR","@id":"https:\/\/www.cbm.ro.gov.br\/?p=3304#primaryimage","url":"https:\/\/www.cbm.ro.gov.br\/wp-content\/uploads\/2024\/09\/reuniao-brasilia.jpeg","contentUrl":"https:\/\/www.cbm.ro.gov.br\/wp-content\/uploads\/2024\/09\/reuniao-brasilia.jpeg","width":1600,"height":900},{"@type":"BreadcrumbList","@id":"https:\/\/www.cbm.ro.gov.br\/?p=3304#breadcrumb","itemListElement":[{"@type":"ListItem","position":1,"name":"In\u00edcio","item":"https:\/\/www.cbm.ro.gov.br\/"},{"@type":"ListItem","position":2,"name":"CORPO DE BOMBEIROS MILITAR PARTICIPA DE REUNI\u00c3O EM BRAS\u00cdLIA PARA ALINHAR ESTRAT\u00c9GIAS PARA COMBATE A INC\u00caNDIOS FLORESTAIS EM ROND\u00d4NIA"}]},{"@type":"WebSite","@id":"https:\/\/www.cbm.ro.gov.br\/#website","url":"https:\/\/www.cbm.ro.gov.br\/","name":"Corpo de Bombeiros Militar de Rond\u00f4nia","description":"Vidas alheias, riquezas salvar!","publisher":{"@id":"https:\/\/www.cbm.ro.gov.br\/#organization"},"alternateName":"cbmro","potentialAction":[{"@type":"SearchAction","target":{"@type":"EntryPoint","urlTemplate":"https:\/\/www.cbm.ro.gov.br\/?s={search_term_string}"},"query-input":{"@type":"PropertyValueSpecification","valueRequired":true,"valueName":"search_term_string"}}],"inLanguage":"pt-BR"},{"@type":"Organization","@id":"https:\/\/www.cbm.ro.gov.br\/#organization","name":"Corpo de Bombeiros Militar do Estado de Rond\u00f4nia","alternateName":"CBMRO","url":"https:\/\/www.cbm.ro.gov.br\/","logo":{"@type":"ImageObject","inLanguage":"pt-BR","@id":"https:\/\/www.cbm.ro.gov.br\/#\/schema\/logo\/image\/","url":"https:\/\/www.cbm.ro.gov.br\/wp-content\/uploads\/2023\/12\/cropped-cropped-cropped-BRASO_3D_32-1-e1724344443171.png","contentUrl":"https:\/\/www.cbm.ro.gov.br\/wp-content\/uploads\/2023\/12\/cropped-cropped-cropped-BRASO_3D_32-1-e1724344443171.png","width":446,"height":441,"caption":"Corpo de Bombeiros Militar do Estado de Rond\u00f4nia"},"image":{"@id":"https:\/\/www.cbm.ro.gov.br\/#\/schema\/logo\/image\/"},"sameAs":["https:\/\/www.facebook.com\/cbmro.oficial\/","https:\/\/www.youtube.com\/c\/CorpodeBombeirosMilitardoEstadodeRond\u00f4nia"]},{"@type":"Person","@id":"https:\/\/www.cbm.ro.gov.br\/#\/schema\/person\/b035b7e269aef4233e9514c2751917c5","name":"Marcos Barros","sameAs":["http:\/\/10.210.0.90\/wp-admin\/post.php?post=2688&amp;action=edit"],"url":"https:\/\/www.cbm.ro.gov.br\/?author=5"}]}},"wpmagazine_modules_lite_featured_media_urls":{"thumbnail":["https:\/\/www.cbm.ro.gov.br\/wp-content\/uploads\/2024\/09\/reuniao-brasilia-150x150.jpeg",150,150,true],"cvmm-medium":["https:\/\/www.cbm.ro.gov.br\/wp-content\/uploads\/2024\/09\/reuniao-brasilia-300x300.jpeg",300,300,true],"cvmm-medium-plus":["https:\/\/www.cbm.ro.gov.br\/wp-content\/uploads\/2024\/09\/reuniao-brasilia-305x207.jpeg",305,207,true],"cvmm-portrait":["https:\/\/www.cbm.ro.gov.br\/wp-content\/uploads\/2024\/09\/reuniao-brasilia-400x600.jpeg",400,600,true],"cvmm-medium-square":["https:\/\/www.cbm.ro.gov.br\/wp-content\/uploads\/2024\/09\/reuniao-brasilia-600x600.jpeg",600,600,true],"cvmm-large":["https:\/\/www.cbm.ro.gov.br\/wp-content\/uploads\/2024\/09\/reuniao-brasilia-1024x900.jpeg",1024,900,true],"cvmm-small":["https:\/\/www.cbm.ro.gov.br\/wp-content\/uploads\/2024\/09\/reuniao-brasilia-130x95.jpeg",130,95,true],"full":["https:\/\/www.cbm.ro.gov.br\/wp-content\/uploads\/2024\/09\/reuniao-brasilia.jpeg",1600,900,false]},"categories_names":{"1":{"name":"CBMRO","link":"https:\/\/www.cbm.ro.gov.br\/?cat=1"}},"tags_names":{"118":{"name":"BRASILIA","link":"https:\/\/www.cbm.ro.gov.br\/?tag=brasilia"},"13":{"name":"CBMRO","link":"https:\/\/www.cbm.ro.gov.br\/?tag=cbmro"},"58":{"name":"COMBATEAINCENDIO","link":"https:\/\/www.cbm.ro.gov.br\/?tag=combateaincendio"},"89":{"name":"COMBATEASQUEIMADAS","link":"https:\/\/www.cbm.ro.gov.br\/?tag=combateasqueimadas"}},"comments_number":"0","_links":{"self":[{"href":"https:\/\/www.cbm.ro.gov.br\/index.php?rest_route=\/wp\/v2\/posts\/3304","targetHints":{"allow":["GET"]}}],"collection":[{"href":"https:\/\/www.cbm.ro.gov.br\/index.php?rest_route=\/wp\/v2\/posts"}],"about":[{"href":"https:\/\/www.cbm.ro.gov.br\/index.php?rest_route=\/wp\/v2\/types\/post"}],"author":[{"embeddable":true,"href":"https:\/\/www.cbm.ro.gov.br\/index.php?rest_route=\/wp\/v2\/users\/5"}],"replies":[{"embeddable":true,"href":"https:\/\/www.cbm.ro.gov.br\/index.php?rest_route=%2Fwp%2Fv2%2Fcomments&post=3304"}],"version-history":[{"count":1,"href":"https:\/\/www.cbm.ro.gov.br\/index.php?rest_route=\/wp\/v2\/posts\/3304\/revisions"}],"predecessor-version":[{"id":3307,"href":"https:\/\/www.cbm.ro.gov.br\/index.php?rest_route=\/wp\/v2\/posts\/3304\/revisions\/3307"}],"wp:featuredmedia":[{"embeddable":true,"href":"https:\/\/www.cbm.ro.gov.br\/index.php?rest_route=\/wp\/v2\/media\/3306"}],"wp:attachment":[{"href":"https:\/\/www.cbm.ro.gov.br\/index.php?rest_route=%2Fwp%2Fv2%2Fmedia&parent=3304"}],"wp:term":[{"taxonomy":"category","embeddable":true,"href":"https:\/\/www.cbm.ro.gov.br\/index.php?rest_route=%2Fwp%2Fv2%2Fcategories&post=3304"},{"taxonomy":"post_tag","embeddable":true,"href":"https:\/\/www.cbm.ro.gov.br\/index.php?rest_route=%2Fwp%2Fv2%2Ftags&post=3304"}],"curies":[{"name":"wp","href":"https:\/\/api.w.org\/{rel}","templated":true}]}}