{"id":3298,"date":"2024-09-19T07:46:22","date_gmt":"2024-09-19T11:46:22","guid":{"rendered":"https:\/\/www.cbm.ro.gov.br\/?p=3298"},"modified":"2024-09-19T07:46:24","modified_gmt":"2024-09-19T11:46:24","slug":"operacao-tempora-ii-avanca-com-esforco-conjunto-em-rondonia","status":"publish","type":"post","link":"https:\/\/www.cbm.ro.gov.br\/?p=3298","title":{"rendered":"Opera\u00e7\u00e3o Tempor\u00e3 II avan\u00e7a com esfor\u00e7o conjunto, em Rond\u00f4nia"},"content":{"rendered":"\n<p>MOBILIZA\u00c7\u00c3O E RESULTADOS<\/p>\n\n\n\n<p><\/p>\n\n\n\n<p id=\"caption-attachment-805059\"><em><strong>Foram apresentados os avan\u00e7os e estrat\u00e9gias da Fase II da \u201cOpera\u00e7\u00e3o Tempor\u00e3\u201d, voltada ao combate dos inc\u00eandios&nbsp;<\/strong><\/em><\/p>\n\n\n\n<blockquote class=\"wp-block-quote is-layout-flow wp-block-quote-is-layout-flow\">\n<p>Os avan\u00e7os e estrat\u00e9gias da Opera\u00e7\u00e3o Tempor\u00e3 II, voltada ao combate dos inc\u00eandios na Esta\u00e7\u00e3o Ecol\u00f3gica Soldado da Borracha, localizada entre os munic\u00edpios de Porto Velho e Cujubim, foram destacados pelo Corpo de Bombeiros Militar de Rond\u00f4nia (CBMRO), durante&nbsp; coletiva de imprensa no audit\u00f3rio do Minist\u00e9rio P\u00fablico do Estado de Rond\u00f4nia (MPRO), realizado na segunda-feira (16), com o objetivo de informar \u00e0 popula\u00e7\u00e3o sobre as a\u00e7\u00f5es implementadas e as medidas futuras para o controle e a preven\u00e7\u00e3o de inc\u00eandios na regi\u00e3o.&nbsp;<\/p>\n<\/blockquote>\n\n\n\n<p><strong>INTEGRA\u00c7\u00c3O E MOBILIZA\u00c7\u00c3O<\/strong><\/p>\n\n\n\n<p>Representantes dos \u00f3rg\u00e3os explicaram a opera\u00e7\u00e3o, e destacaram a import\u00e2ncia da colabora\u00e7\u00e3o entre as institui\u00e7\u00f5es para o enfrentamento desse desafio.&nbsp;O comandante do Corpo de Bombeiros Militar, coronel BM Nivaldo de Azevedo Ferreira, ressaltou a import\u00e2ncia da integra\u00e7\u00e3o entre os diferentes setores e a mobiliza\u00e7\u00e3o da sociedade. \u201cEstamos aqui n\u00e3o apenas para combater os inc\u00eandios, mas para proteger o meio ambiente e garantir a seguran\u00e7a da popula\u00e7\u00e3o. A opera\u00e7\u00e3o Tempor\u00e3 \u00e9 um esfor\u00e7o conjunto, que demonstra nosso compromisso com a preserva\u00e7\u00e3o da natureza e a sa\u00fade da popula\u00e7\u00e3o\u201d, afirmou.<\/p>\n\n\n\n<p><strong>A\u00c7\u00d5ES E ESTRAT\u00c9GIAS<\/strong><\/p>\n\n\n\n<p><img fetchpriority=\"high\" decoding=\"async\" src=\"https:\/\/rondonia.ro.gov.br\/wp-content\/uploads\/2024\/09\/cel-nivaldo-coletiva-mp-370x234.jpeg\" alt=\"\" width=\"370\" height=\"234\" srcset=\"https:\/\/rondonia.ro.gov.br\/wp-content\/uploads\/2024\/09\/cel-nivaldo-coletiva-mp-370x234.jpeg 370w, https:\/\/rondonia.ro.gov.br\/wp-content\/uploads\/2024\/09\/cel-nivaldo-coletiva-mp-768x486.jpeg 768w, https:\/\/rondonia.ro.gov.br\/wp-content\/uploads\/2024\/09\/cel-nivaldo-coletiva-mp-1536x972.jpeg 1536w, https:\/\/rondonia.ro.gov.br\/wp-content\/uploads\/2024\/09\/cel-nivaldo-coletiva-mp-2048x1296.jpeg 2048w, https:\/\/rondonia.ro.gov.br\/wp-content\/uploads\/2024\/09\/cel-nivaldo-coletiva-mp-170x108.jpeg 170w, https:\/\/rondonia.ro.gov.br\/wp-content\/uploads\/2024\/09\/cel-nivaldo-coletiva-mp-570x361.jpeg 570w, https:\/\/rondonia.ro.gov.br\/wp-content\/uploads\/2024\/09\/cel-nivaldo-coletiva-mp-870x551.jpeg 870w, https:\/\/rondonia.ro.gov.br\/wp-content\/uploads\/2024\/09\/cel-nivaldo-coletiva-mp.jpeg 1280w\"><\/p>\n\n\n\n<p id=\"caption-attachment-805893\">Coronel BM Nivaldo de Azevedo Ferreira ressaltou a import\u00e2ncia da integra\u00e7\u00e3o entre os diferentes setores<\/p>\n\n\n\n<p>Os representantes tamb\u00e9m evidenciaram as a\u00e7\u00f5es em andamento, como a cria\u00e7\u00e3o de brigadas de inc\u00eandio, monitoramento das \u00e1reas de risco e campanhas de conscientiza\u00e7\u00e3o sobre o uso respons\u00e1vel do fogo. Al\u00e9m disso, foram abordadas as estrat\u00e9gias de preven\u00e7\u00e3o, que incluem fiscaliza\u00e7\u00e3o rigorosa e parcerias com a popula\u00e7\u00e3o local.<\/p>\n\n\n\n<p>A coletiva de imprensa gerou um espa\u00e7o para perguntas e respostas, onde jornalistas e representantes da sociedade civil puderam esclarecer d\u00favidas sobre as opera\u00e7\u00f5es e a atua\u00e7\u00e3o dos \u00f3rg\u00e3os envolvidos.<\/p>\n\n\n\n<p><strong>PARTICIPA\u00c7\u00c3O E RESPOSTA<\/strong><\/p>\n\n\n\n<p>A Opera\u00e7\u00e3o Tempor\u00e3 II \u00e9 uma resposta efetiva \u00e0 crescente incid\u00eancia de inc\u00eandios na regi\u00e3o da Esta\u00e7\u00e3o Ecol\u00f3gica Soldado da Borracha, com um engajamento de todos os envolvidos em promover a\u00e7\u00f5es que visam a prote\u00e7\u00e3o do meio ambiente e seguran\u00e7a da popula\u00e7\u00e3o.<\/p>\n\n\n\n<p>Participam da Fase II da Opera\u00e7\u00e3o Tempor\u00e3, o Corpo de Bombeiros Militar de Rond\u00f4nia (CBMRO), Pol\u00edcia Militar do Estado de Rond\u00f4nia (PMRO), Batalh\u00e3o de Pol\u00edcia Ambiental (BPA), Pol\u00edcia Civil do Estado de Rond\u00f4nia (PCRO), Superintend\u00eancia de Pol\u00edcia T\u00e9cnico-Cient\u00edfica (Politec), Ger\u00eancia de Avia\u00e7\u00e3o A\u00e9rea do Estado de Rond\u00f4nia (Gave), Secretaria de Estado da Seguran\u00e7a, Defesa e Cidadania (Sesdec), Secretaria de Estado do Desenvolvimento Ambiental (Sedam), Secretaria de Estado de Comunica\u00e7\u00e3o (Secom), Departamento Estadual de Tr\u00e2nsito (Detran-RO), Departamento Estadual de Estradas de Rodagem e Transportes (DER-RO), Minist\u00e9rio P\u00fablico do Estado de Rond\u00f4nia (MPRO), Tribunal de Contas do Estado de Rond\u00f4nia (TCE-RO), Tribunal de Justi\u00e7a do Estado de Rond\u00f4nia (TJRO), Instituto Chico Mendes de Conserva\u00e7\u00e3o da Biodiversidade (ICMBio), Pol\u00edcia Federal (PF), Instituto Brasileiro do Meio Ambiente e dos Recursos Naturais Renov\u00e1veis (Ibama\/PrevFogo) e o Ex\u00e9rcito Brasileiro.<\/p>\n","protected":false},"excerpt":{"rendered":"<p>Foram apresentados os avan\u00e7os e estrat\u00e9gias da Fase II da \u201cOpera\u00e7\u00e3o Tempor\u00e3\u201d, voltada ao combate dos inc\u00eandios\u00a0<\/p>\n","protected":false},"author":5,"featured_media":3299,"comment_status":"closed","ping_status":"open","sticky":false,"template":"","format":"standard","meta":{"footnotes":""},"categories":[1],"tags":[13,86,113,83],"class_list":["post-3298","post","type-post","status-publish","format-standard","has-post-thumbnail","hentry","category-cbmro","tag-cbmro","tag-governoderondonia","tag-operacao-tempora","tag-queimadas"],"yoast_head":"<!-- This site is optimized with the Yoast SEO plugin v23.7 - https:\/\/yoast.com\/wordpress\/plugins\/seo\/ -->\n<title>Opera\u00e7\u00e3o Tempor\u00e3 II avan\u00e7a com esfor\u00e7o conjunto, em Rond\u00f4nia - Corpo de Bombeiros Militar de Rond\u00f4nia<\/title>\n<meta name=\"robots\" content=\"index, follow, max-snippet:-1, max-image-preview:large, max-video-preview:-1\" \/>\n<link rel=\"canonical\" href=\"https:\/\/www.cbm.ro.gov.br\/?p=3298\" \/>\n<meta property=\"og:locale\" content=\"pt_BR\" \/>\n<meta property=\"og:type\" content=\"article\" \/>\n<meta property=\"og:title\" content=\"Opera\u00e7\u00e3o Tempor\u00e3 II avan\u00e7a com esfor\u00e7o conjunto, em Rond\u00f4nia - Corpo de Bombeiros Militar de Rond\u00f4nia\" \/>\n<meta property=\"og:description\" content=\"Foram apresentados os avan\u00e7os e estrat\u00e9gias da Fase II da \u201cOpera\u00e7\u00e3o Tempor\u00e3\u201d, voltada ao combate dos inc\u00eandios\u00a0\" \/>\n<meta property=\"og:url\" content=\"https:\/\/www.cbm.ro.gov.br\/?p=3298\" \/>\n<meta property=\"og:site_name\" content=\"Corpo de Bombeiros Militar de Rond\u00f4nia\" \/>\n<meta property=\"article:publisher\" content=\"https:\/\/www.facebook.com\/cbmro.oficial\/\" \/>\n<meta property=\"article:published_time\" content=\"2024-09-19T11:46:22+00:00\" \/>\n<meta property=\"article:modified_time\" content=\"2024-09-19T11:46:24+00:00\" \/>\n<meta property=\"og:image\" content=\"https:\/\/www.cbm.ro.gov.br\/wp-content\/uploads\/2024\/09\/Coletiva_Resultado-da-Operacao-Tempora-II_16.09.24_Foto_Daiane-Mendonca-101-1536x1152-1.jpeg\" \/>\n\t<meta property=\"og:image:width\" content=\"1536\" \/>\n\t<meta property=\"og:image:height\" content=\"1152\" \/>\n\t<meta property=\"og:image:type\" content=\"image\/jpeg\" \/>\n<meta name=\"author\" content=\"Marcos Barros\" \/>\n<meta name=\"twitter:card\" content=\"summary_large_image\" \/>\n<meta name=\"twitter:label1\" content=\"Escrito por\" \/>\n\t<meta name=\"twitter:data1\" content=\"Marcos Barros\" \/>\n\t<meta name=\"twitter:label2\" content=\"Est. tempo de leitura\" \/>\n\t<meta name=\"twitter:data2\" content=\"3 minutos\" \/>\n<script type=\"application\/ld+json\" class=\"yoast-schema-graph\">{\"@context\":\"https:\/\/schema.org\",\"@graph\":[{\"@type\":\"Article\",\"@id\":\"https:\/\/www.cbm.ro.gov.br\/?p=3298#article\",\"isPartOf\":{\"@id\":\"https:\/\/www.cbm.ro.gov.br\/?p=3298\"},\"author\":{\"name\":\"Marcos Barros\",\"@id\":\"https:\/\/www.cbm.ro.gov.br\/#\/schema\/person\/b035b7e269aef4233e9514c2751917c5\"},\"headline\":\"Opera\u00e7\u00e3o Tempor\u00e3 II avan\u00e7a com esfor\u00e7o conjunto, em Rond\u00f4nia\",\"datePublished\":\"2024-09-19T11:46:22+00:00\",\"dateModified\":\"2024-09-19T11:46:24+00:00\",\"mainEntityOfPage\":{\"@id\":\"https:\/\/www.cbm.ro.gov.br\/?p=3298\"},\"wordCount\":581,\"publisher\":{\"@id\":\"https:\/\/www.cbm.ro.gov.br\/#organization\"},\"image\":{\"@id\":\"https:\/\/www.cbm.ro.gov.br\/?p=3298#primaryimage\"},\"thumbnailUrl\":\"https:\/\/www.cbm.ro.gov.br\/wp-content\/uploads\/2024\/09\/Coletiva_Resultado-da-Operacao-Tempora-II_16.09.24_Foto_Daiane-Mendonca-101-1536x1152-1.jpeg\",\"keywords\":[\"CBMRO\",\"GOVERNODERONDONIA\",\"OPERA\u00c7\u00c3O TEMPOR\u00c3\",\"QUEIMADAS\"],\"articleSection\":[\"CBMRO\"],\"inLanguage\":\"pt-BR\"},{\"@type\":\"WebPage\",\"@id\":\"https:\/\/www.cbm.ro.gov.br\/?p=3298\",\"url\":\"https:\/\/www.cbm.ro.gov.br\/?p=3298\",\"name\":\"Opera\u00e7\u00e3o Tempor\u00e3 II avan\u00e7a com esfor\u00e7o conjunto, em Rond\u00f4nia - Corpo de Bombeiros Militar de Rond\u00f4nia\",\"isPartOf\":{\"@id\":\"https:\/\/www.cbm.ro.gov.br\/#website\"},\"primaryImageOfPage\":{\"@id\":\"https:\/\/www.cbm.ro.gov.br\/?p=3298#primaryimage\"},\"image\":{\"@id\":\"https:\/\/www.cbm.ro.gov.br\/?p=3298#primaryimage\"},\"thumbnailUrl\":\"https:\/\/www.cbm.ro.gov.br\/wp-content\/uploads\/2024\/09\/Coletiva_Resultado-da-Operacao-Tempora-II_16.09.24_Foto_Daiane-Mendonca-101-1536x1152-1.jpeg\",\"datePublished\":\"2024-09-19T11:46:22+00:00\",\"dateModified\":\"2024-09-19T11:46:24+00:00\",\"breadcrumb\":{\"@id\":\"https:\/\/www.cbm.ro.gov.br\/?p=3298#breadcrumb\"},\"inLanguage\":\"pt-BR\",\"potentialAction\":[{\"@type\":\"ReadAction\",\"target\":[\"https:\/\/www.cbm.ro.gov.br\/?p=3298\"]}]},{\"@type\":\"ImageObject\",\"inLanguage\":\"pt-BR\",\"@id\":\"https:\/\/www.cbm.ro.gov.br\/?p=3298#primaryimage\",\"url\":\"https:\/\/www.cbm.ro.gov.br\/wp-content\/uploads\/2024\/09\/Coletiva_Resultado-da-Operacao-Tempora-II_16.09.24_Foto_Daiane-Mendonca-101-1536x1152-1.jpeg\",\"contentUrl\":\"https:\/\/www.cbm.ro.gov.br\/wp-content\/uploads\/2024\/09\/Coletiva_Resultado-da-Operacao-Tempora-II_16.09.24_Foto_Daiane-Mendonca-101-1536x1152-1.jpeg\",\"width\":1536,\"height\":1152},{\"@type\":\"BreadcrumbList\",\"@id\":\"https:\/\/www.cbm.ro.gov.br\/?p=3298#breadcrumb\",\"itemListElement\":[{\"@type\":\"ListItem\",\"position\":1,\"name\":\"In\u00edcio\",\"item\":\"https:\/\/www.cbm.ro.gov.br\/\"},{\"@type\":\"ListItem\",\"position\":2,\"name\":\"Opera\u00e7\u00e3o Tempor\u00e3 II avan\u00e7a com esfor\u00e7o conjunto, em Rond\u00f4nia\"}]},{\"@type\":\"WebSite\",\"@id\":\"https:\/\/www.cbm.ro.gov.br\/#website\",\"url\":\"https:\/\/www.cbm.ro.gov.br\/\",\"name\":\"Corpo de Bombeiros Militar de Rond\u00f4nia\",\"description\":\"Vidas alheias, riquezas salvar!\",\"publisher\":{\"@id\":\"https:\/\/www.cbm.ro.gov.br\/#organization\"},\"alternateName\":\"cbmro\",\"potentialAction\":[{\"@type\":\"SearchAction\",\"target\":{\"@type\":\"EntryPoint\",\"urlTemplate\":\"https:\/\/www.cbm.ro.gov.br\/?s={search_term_string}\"},\"query-input\":{\"@type\":\"PropertyValueSpecification\",\"valueRequired\":true,\"valueName\":\"search_term_string\"}}],\"inLanguage\":\"pt-BR\"},{\"@type\":\"Organization\",\"@id\":\"https:\/\/www.cbm.ro.gov.br\/#organization\",\"name\":\"Corpo de Bombeiros Militar do Estado de Rond\u00f4nia\",\"alternateName\":\"CBMRO\",\"url\":\"https:\/\/www.cbm.ro.gov.br\/\",\"logo\":{\"@type\":\"ImageObject\",\"inLanguage\":\"pt-BR\",\"@id\":\"https:\/\/www.cbm.ro.gov.br\/#\/schema\/logo\/image\/\",\"url\":\"https:\/\/www.cbm.ro.gov.br\/wp-content\/uploads\/2023\/12\/cropped-cropped-cropped-BRASO_3D_32-1-e1724344443171.png\",\"contentUrl\":\"https:\/\/www.cbm.ro.gov.br\/wp-content\/uploads\/2023\/12\/cropped-cropped-cropped-BRASO_3D_32-1-e1724344443171.png\",\"width\":446,\"height\":441,\"caption\":\"Corpo de Bombeiros Militar do Estado de Rond\u00f4nia\"},\"image\":{\"@id\":\"https:\/\/www.cbm.ro.gov.br\/#\/schema\/logo\/image\/\"},\"sameAs\":[\"https:\/\/www.facebook.com\/cbmro.oficial\/\",\"https:\/\/www.youtube.com\/c\/CorpodeBombeirosMilitardoEstadodeRond\u00f4nia\"]},{\"@type\":\"Person\",\"@id\":\"https:\/\/www.cbm.ro.gov.br\/#\/schema\/person\/b035b7e269aef4233e9514c2751917c5\",\"name\":\"Marcos Barros\",\"sameAs\":[\"http:\/\/10.210.0.90\/wp-admin\/post.php?post=2688&amp;action=edit\"],\"url\":\"https:\/\/www.cbm.ro.gov.br\/?author=5\"}]}<\/script>\n<!-- \/ Yoast SEO plugin. -->","yoast_head_json":{"title":"Opera\u00e7\u00e3o Tempor\u00e3 II avan\u00e7a com esfor\u00e7o conjunto, em Rond\u00f4nia - Corpo de Bombeiros Militar de Rond\u00f4nia","robots":{"index":"index","follow":"follow","max-snippet":"max-snippet:-1","max-image-preview":"max-image-preview:large","max-video-preview":"max-video-preview:-1"},"canonical":"https:\/\/www.cbm.ro.gov.br\/?p=3298","og_locale":"pt_BR","og_type":"article","og_title":"Opera\u00e7\u00e3o Tempor\u00e3 II avan\u00e7a com esfor\u00e7o conjunto, em Rond\u00f4nia - Corpo de Bombeiros Militar de Rond\u00f4nia","og_description":"Foram apresentados os avan\u00e7os e estrat\u00e9gias da Fase II da \u201cOpera\u00e7\u00e3o Tempor\u00e3\u201d, voltada ao combate dos inc\u00eandios\u00a0","og_url":"https:\/\/www.cbm.ro.gov.br\/?p=3298","og_site_name":"Corpo de Bombeiros Militar de Rond\u00f4nia","article_publisher":"https:\/\/www.facebook.com\/cbmro.oficial\/","article_published_time":"2024-09-19T11:46:22+00:00","article_modified_time":"2024-09-19T11:46:24+00:00","og_image":[{"width":1536,"height":1152,"url":"https:\/\/www.cbm.ro.gov.br\/wp-content\/uploads\/2024\/09\/Coletiva_Resultado-da-Operacao-Tempora-II_16.09.24_Foto_Daiane-Mendonca-101-1536x1152-1.jpeg","type":"image\/jpeg"}],"author":"Marcos Barros","twitter_card":"summary_large_image","twitter_misc":{"Escrito por":"Marcos Barros","Est. tempo de leitura":"3 minutos"},"schema":{"@context":"https:\/\/schema.org","@graph":[{"@type":"Article","@id":"https:\/\/www.cbm.ro.gov.br\/?p=3298#article","isPartOf":{"@id":"https:\/\/www.cbm.ro.gov.br\/?p=3298"},"author":{"name":"Marcos Barros","@id":"https:\/\/www.cbm.ro.gov.br\/#\/schema\/person\/b035b7e269aef4233e9514c2751917c5"},"headline":"Opera\u00e7\u00e3o Tempor\u00e3 II avan\u00e7a com esfor\u00e7o conjunto, em Rond\u00f4nia","datePublished":"2024-09-19T11:46:22+00:00","dateModified":"2024-09-19T11:46:24+00:00","mainEntityOfPage":{"@id":"https:\/\/www.cbm.ro.gov.br\/?p=3298"},"wordCount":581,"publisher":{"@id":"https:\/\/www.cbm.ro.gov.br\/#organization"},"image":{"@id":"https:\/\/www.cbm.ro.gov.br\/?p=3298#primaryimage"},"thumbnailUrl":"https:\/\/www.cbm.ro.gov.br\/wp-content\/uploads\/2024\/09\/Coletiva_Resultado-da-Operacao-Tempora-II_16.09.24_Foto_Daiane-Mendonca-101-1536x1152-1.jpeg","keywords":["CBMRO","GOVERNODERONDONIA","OPERA\u00c7\u00c3O TEMPOR\u00c3","QUEIMADAS"],"articleSection":["CBMRO"],"inLanguage":"pt-BR"},{"@type":"WebPage","@id":"https:\/\/www.cbm.ro.gov.br\/?p=3298","url":"https:\/\/www.cbm.ro.gov.br\/?p=3298","name":"Opera\u00e7\u00e3o Tempor\u00e3 II avan\u00e7a com esfor\u00e7o conjunto, em Rond\u00f4nia - Corpo de Bombeiros Militar de Rond\u00f4nia","isPartOf":{"@id":"https:\/\/www.cbm.ro.gov.br\/#website"},"primaryImageOfPage":{"@id":"https:\/\/www.cbm.ro.gov.br\/?p=3298#primaryimage"},"image":{"@id":"https:\/\/www.cbm.ro.gov.br\/?p=3298#primaryimage"},"thumbnailUrl":"https:\/\/www.cbm.ro.gov.br\/wp-content\/uploads\/2024\/09\/Coletiva_Resultado-da-Operacao-Tempora-II_16.09.24_Foto_Daiane-Mendonca-101-1536x1152-1.jpeg","datePublished":"2024-09-19T11:46:22+00:00","dateModified":"2024-09-19T11:46:24+00:00","breadcrumb":{"@id":"https:\/\/www.cbm.ro.gov.br\/?p=3298#breadcrumb"},"inLanguage":"pt-BR","potentialAction":[{"@type":"ReadAction","target":["https:\/\/www.cbm.ro.gov.br\/?p=3298"]}]},{"@type":"ImageObject","inLanguage":"pt-BR","@id":"https:\/\/www.cbm.ro.gov.br\/?p=3298#primaryimage","url":"https:\/\/www.cbm.ro.gov.br\/wp-content\/uploads\/2024\/09\/Coletiva_Resultado-da-Operacao-Tempora-II_16.09.24_Foto_Daiane-Mendonca-101-1536x1152-1.jpeg","contentUrl":"https:\/\/www.cbm.ro.gov.br\/wp-content\/uploads\/2024\/09\/Coletiva_Resultado-da-Operacao-Tempora-II_16.09.24_Foto_Daiane-Mendonca-101-1536x1152-1.jpeg","width":1536,"height":1152},{"@type":"BreadcrumbList","@id":"https:\/\/www.cbm.ro.gov.br\/?p=3298#breadcrumb","itemListElement":[{"@type":"ListItem","position":1,"name":"In\u00edcio","item":"https:\/\/www.cbm.ro.gov.br\/"},{"@type":"ListItem","position":2,"name":"Opera\u00e7\u00e3o Tempor\u00e3 II avan\u00e7a com esfor\u00e7o conjunto, em Rond\u00f4nia"}]},{"@type":"WebSite","@id":"https:\/\/www.cbm.ro.gov.br\/#website","url":"https:\/\/www.cbm.ro.gov.br\/","name":"Corpo de Bombeiros Militar de Rond\u00f4nia","description":"Vidas alheias, riquezas salvar!","publisher":{"@id":"https:\/\/www.cbm.ro.gov.br\/#organization"},"alternateName":"cbmro","potentialAction":[{"@type":"SearchAction","target":{"@type":"EntryPoint","urlTemplate":"https:\/\/www.cbm.ro.gov.br\/?s={search_term_string}"},"query-input":{"@type":"PropertyValueSpecification","valueRequired":true,"valueName":"search_term_string"}}],"inLanguage":"pt-BR"},{"@type":"Organization","@id":"https:\/\/www.cbm.ro.gov.br\/#organization","name":"Corpo de Bombeiros Militar do Estado de Rond\u00f4nia","alternateName":"CBMRO","url":"https:\/\/www.cbm.ro.gov.br\/","logo":{"@type":"ImageObject","inLanguage":"pt-BR","@id":"https:\/\/www.cbm.ro.gov.br\/#\/schema\/logo\/image\/","url":"https:\/\/www.cbm.ro.gov.br\/wp-content\/uploads\/2023\/12\/cropped-cropped-cropped-BRASO_3D_32-1-e1724344443171.png","contentUrl":"https:\/\/www.cbm.ro.gov.br\/wp-content\/uploads\/2023\/12\/cropped-cropped-cropped-BRASO_3D_32-1-e1724344443171.png","width":446,"height":441,"caption":"Corpo de Bombeiros Militar do Estado de Rond\u00f4nia"},"image":{"@id":"https:\/\/www.cbm.ro.gov.br\/#\/schema\/logo\/image\/"},"sameAs":["https:\/\/www.facebook.com\/cbmro.oficial\/","https:\/\/www.youtube.com\/c\/CorpodeBombeirosMilitardoEstadodeRond\u00f4nia"]},{"@type":"Person","@id":"https:\/\/www.cbm.ro.gov.br\/#\/schema\/person\/b035b7e269aef4233e9514c2751917c5","name":"Marcos Barros","sameAs":["http:\/\/10.210.0.90\/wp-admin\/post.php?post=2688&amp;action=edit"],"url":"https:\/\/www.cbm.ro.gov.br\/?author=5"}]}},"wpmagazine_modules_lite_featured_media_urls":{"thumbnail":["https:\/\/www.cbm.ro.gov.br\/wp-content\/uploads\/2024\/09\/Coletiva_Resultado-da-Operacao-Tempora-II_16.09.24_Foto_Daiane-Mendonca-101-1536x1152-1-150x150.jpeg",150,150,true],"cvmm-medium":["https:\/\/www.cbm.ro.gov.br\/wp-content\/uploads\/2024\/09\/Coletiva_Resultado-da-Operacao-Tempora-II_16.09.24_Foto_Daiane-Mendonca-101-1536x1152-1-300x300.jpeg",300,300,true],"cvmm-medium-plus":["https:\/\/www.cbm.ro.gov.br\/wp-content\/uploads\/2024\/09\/Coletiva_Resultado-da-Operacao-Tempora-II_16.09.24_Foto_Daiane-Mendonca-101-1536x1152-1-305x207.jpeg",305,207,true],"cvmm-portrait":["https:\/\/www.cbm.ro.gov.br\/wp-content\/uploads\/2024\/09\/Coletiva_Resultado-da-Operacao-Tempora-II_16.09.24_Foto_Daiane-Mendonca-101-1536x1152-1-400x600.jpeg",400,600,true],"cvmm-medium-square":["https:\/\/www.cbm.ro.gov.br\/wp-content\/uploads\/2024\/09\/Coletiva_Resultado-da-Operacao-Tempora-II_16.09.24_Foto_Daiane-Mendonca-101-1536x1152-1-600x600.jpeg",600,600,true],"cvmm-large":["https:\/\/www.cbm.ro.gov.br\/wp-content\/uploads\/2024\/09\/Coletiva_Resultado-da-Operacao-Tempora-II_16.09.24_Foto_Daiane-Mendonca-101-1536x1152-1-1024x1024.jpeg",1024,1024,true],"cvmm-small":["https:\/\/www.cbm.ro.gov.br\/wp-content\/uploads\/2024\/09\/Coletiva_Resultado-da-Operacao-Tempora-II_16.09.24_Foto_Daiane-Mendonca-101-1536x1152-1-130x95.jpeg",130,95,true],"full":["https:\/\/www.cbm.ro.gov.br\/wp-content\/uploads\/2024\/09\/Coletiva_Resultado-da-Operacao-Tempora-II_16.09.24_Foto_Daiane-Mendonca-101-1536x1152-1.jpeg",1536,1152,false]},"categories_names":{"1":{"name":"CBMRO","link":"https:\/\/www.cbm.ro.gov.br\/?cat=1"}},"tags_names":{"13":{"name":"CBMRO","link":"https:\/\/www.cbm.ro.gov.br\/?tag=cbmro"},"86":{"name":"GOVERNODERONDONIA","link":"https:\/\/www.cbm.ro.gov.br\/?tag=governoderondonia"},"113":{"name":"OPERA\u00c7\u00c3O TEMPOR\u00c3","link":"https:\/\/www.cbm.ro.gov.br\/?tag=operacao-tempora"},"83":{"name":"QUEIMADAS","link":"https:\/\/www.cbm.ro.gov.br\/?tag=queimadas"}},"comments_number":"0","_links":{"self":[{"href":"https:\/\/www.cbm.ro.gov.br\/index.php?rest_route=\/wp\/v2\/posts\/3298","targetHints":{"allow":["GET"]}}],"collection":[{"href":"https:\/\/www.cbm.ro.gov.br\/index.php?rest_route=\/wp\/v2\/posts"}],"about":[{"href":"https:\/\/www.cbm.ro.gov.br\/index.php?rest_route=\/wp\/v2\/types\/post"}],"author":[{"embeddable":true,"href":"https:\/\/www.cbm.ro.gov.br\/index.php?rest_route=\/wp\/v2\/users\/5"}],"replies":[{"embeddable":true,"href":"https:\/\/www.cbm.ro.gov.br\/index.php?rest_route=%2Fwp%2Fv2%2Fcomments&post=3298"}],"version-history":[{"count":1,"href":"https:\/\/www.cbm.ro.gov.br\/index.php?rest_route=\/wp\/v2\/posts\/3298\/revisions"}],"predecessor-version":[{"id":3300,"href":"https:\/\/www.cbm.ro.gov.br\/index.php?rest_route=\/wp\/v2\/posts\/3298\/revisions\/3300"}],"wp:featuredmedia":[{"embeddable":true,"href":"https:\/\/www.cbm.ro.gov.br\/index.php?rest_route=\/wp\/v2\/media\/3299"}],"wp:attachment":[{"href":"https:\/\/www.cbm.ro.gov.br\/index.php?rest_route=%2Fwp%2Fv2%2Fmedia&parent=3298"}],"wp:term":[{"taxonomy":"category","embeddable":true,"href":"https:\/\/www.cbm.ro.gov.br\/index.php?rest_route=%2Fwp%2Fv2%2Fcategories&post=3298"},{"taxonomy":"post_tag","embeddable":true,"href":"https:\/\/www.cbm.ro.gov.br\/index.php?rest_route=%2Fwp%2Fv2%2Ftags&post=3298"}],"curies":[{"name":"wp","href":"https:\/\/api.w.org\/{rel}","templated":true}]}}