{"id":3291,"date":"2024-09-18T10:47:27","date_gmt":"2024-09-18T14:47:27","guid":{"rendered":"https:\/\/www.cbm.ro.gov.br\/?p=3291"},"modified":"2024-09-18T10:47:27","modified_gmt":"2024-09-18T14:47:27","slug":"corpo-de-bombeiros-militar-de-rondonia-participa-de-reuniao-na-sede-do-ibama-em-brasilia-para-fortalecer-combate-a-incendios-florestais","status":"publish","type":"post","link":"https:\/\/www.cbm.ro.gov.br\/?p=3291","title":{"rendered":"CORPO DE BOMBEIROS MILITAR DE ROND\u00d4NIA PARTICIPA DE REUNI\u00c3O NA SEDE DO IBAMA EM BRAS\u00cdLIA PARA FORTALECER COMBATE A INC\u00caNDIOS FLORESTAIS\u00a0"},"content":{"rendered":"\n<p>O Corpo de Bombeiros Militar de Rond\u00f4nia participou de uma importante reuni\u00e3o com o Sr. Rodrigo Antonio de Agostinho Mendon\u00e7a, presidente do Instituto Brasileiro do Meio Ambiente e dos Recursos Naturais Renov\u00e1veis , visando fortalecer as a\u00e7\u00f5es de combate a inc\u00eandios florestais no estado. O encontro ocorreu no dia 12 de Setembro de 2024 \u00e0s 10h na sede do IBAMA em Bras\u00edlia e contou com a presen\u00e7a de representantes de diversas institui\u00e7\u00f5es, incluindo a Diretoria de Prote\u00e7\u00e3o Ambiental , o programa PrevFogo, a Secretaria de Estado do Desenvolvimento Ambiental de Rond\u00f4nia e a Pol\u00edcia Militar de Rond\u00f4nia.<\/p>\n\n\n\n<p>Durante a reuni\u00e3o, foram discutidas estrat\u00e9gias para aprimorar o combate aos inc\u00eandios florestais, uma preocupa\u00e7\u00e3o crescente em virtude do aumento da incid\u00eancia desses eventos em Rond\u00f4nia. O Comandante Geral CEL BM NIVALDO solicitou o apoio no envio de aeronaves, disponibiliza\u00e7\u00e3o de equipamentos modernos e a designa\u00e7\u00e3o de um n\u00famero maior de pessoal treinado para atuar diretamente nas opera\u00e7\u00f5es de combate a inc\u00eandios.<\/p>\n\n\n\n<figure class=\"wp-block-image\"><img decoding=\"async\" src=\"https:\/\/lh7-rt.googleusercontent.com\/docsz\/AD_4nXf5l_cZBgM90ZS5jAntIfMRko13MWHDL0BLp8XynUq0gVVzLMrYZDGo0DP7muCHsay8Q4rOl7-sTiERQPagY-zoFfQ5V-5UBu8MtfClECbE5Cb9nwnHMOwCxroQd2QTy98XkaENsmrcX8_DsiEjE2naDxmZ?key=Lba_8sk-z9zrtomJwmHapA\" alt=\"\"\/><\/figure>\n\n\n\n<p>O presidente do IBAMA, Rodrigo Mendon\u00e7a, reafirmou o compromisso do \u00f3rg\u00e3o em colaborar com as a\u00e7\u00f5es das institui\u00e7\u00f5es envolvidas, destacando a import\u00e2ncia da uni\u00e3o de esfor\u00e7os para proteger o meio ambiente e garantir a seguran\u00e7a da popula\u00e7\u00e3o. \u201cA atua\u00e7\u00e3o integrada \u00e9 fundamental para enfrentarmos os desafios impostos pelos inc\u00eandios florestais. Estamos dispostos a colaborar no que for necess\u00e1rio\u201d, afirmou Mendon\u00e7a.<\/p>\n\n\n\n<p>A reuni\u00e3o tamb\u00e9m abordou a necessidade de capacita\u00e7\u00e3o e treinamento cont\u00ednuo das equipes envolvidas, bem como a troca de informa\u00e7\u00f5es e experi\u00eancias entre as institui\u00e7\u00f5es. A expectativa \u00e9 que as a\u00e7\u00f5es conjuntas resultem em uma resposta mais eficaz aos inc\u00eandios florestais, garantindo a prote\u00e7\u00e3o das \u00e1reas verdes e a preserva\u00e7\u00e3o da biodiversidade do estado.<\/p>\n\n\n\n<p>O CBMRO refor\u00e7a seu compromisso com a seguran\u00e7a e a prote\u00e7\u00e3o ambiental, e continuar\u00e1 trabalhando em parceria com o IBAMA e outras institui\u00e7\u00f5es para fortalecer a resposta aos inc\u00eandios florestais e promover a\u00e7\u00f5es de preven\u00e7\u00e3o.<\/p>\n\n\n\n<figure class=\"wp-block-image\"><img decoding=\"async\" src=\"https:\/\/lh7-rt.googleusercontent.com\/docsz\/AD_4nXfUfPgEWOl-23jwD0TAZyxMkR6lJf2c_tHBpvkO_Dt4o9Ng_puDWJSEWju00B_9YDPpi2BTQrjmllz0vZi_CJbsciAKhUe37hol8xAgdPBCoSOZjcXZ1AJbP3VxjVPtM4NcTv2WpReKEXFP9UPmHHP37xrz?key=Lba_8sk-z9zrtomJwmHapA\" alt=\"\"\/><\/figure>\n","protected":false},"excerpt":{"rendered":"<p>Durante a reuni\u00e3o, foram discutidas estrat\u00e9gias para aprimorar o combate aos inc\u00eandios florestais, uma preocupa\u00e7\u00e3o crescente em virtude do aumento da incid\u00eancia desses eventos em Rond\u00f4nia. O Comandante Geral CEL BM NIVALDO solicitou o apoio no envio de aeronaves, disponibiliza\u00e7\u00e3o de equipamentos modernos e a designa\u00e7\u00e3o de um n\u00famero maior de pessoal treinado para atuar diretamente nas opera\u00e7\u00f5es de combate a inc\u00eandios.<\/p>\n","protected":false},"author":5,"featured_media":3293,"comment_status":"closed","ping_status":"open","sticky":false,"template":"","format":"standard","meta":{"footnotes":""},"categories":[1],"tags":[118,13,117,115,83],"class_list":["post-3291","post","type-post","status-publish","format-standard","has-post-thumbnail","hentry","category-cbmro","tag-brasilia","tag-cbmro","tag-ibama","tag-incendiosflorestais","tag-queimadas"],"yoast_head":"<!-- This site is optimized with the Yoast SEO plugin v23.7 - https:\/\/yoast.com\/wordpress\/plugins\/seo\/ -->\n<title>CORPO DE BOMBEIROS MILITAR DE ROND\u00d4NIA PARTICIPA DE REUNI\u00c3O NA SEDE DO IBAMA EM BRAS\u00cdLIA PARA FORTALECER COMBATE A INC\u00caNDIOS FLORESTAIS\u00a0 - Corpo de Bombeiros Militar de Rond\u00f4nia<\/title>\n<meta name=\"robots\" content=\"index, follow, max-snippet:-1, max-image-preview:large, max-video-preview:-1\" \/>\n<link rel=\"canonical\" href=\"https:\/\/www.cbm.ro.gov.br\/?p=3291\" \/>\n<meta property=\"og:locale\" content=\"pt_BR\" \/>\n<meta property=\"og:type\" content=\"article\" \/>\n<meta property=\"og:title\" content=\"CORPO DE BOMBEIROS MILITAR DE ROND\u00d4NIA PARTICIPA DE REUNI\u00c3O NA SEDE DO IBAMA EM BRAS\u00cdLIA PARA FORTALECER COMBATE A INC\u00caNDIOS FLORESTAIS\u00a0 - Corpo de Bombeiros Militar de Rond\u00f4nia\" \/>\n<meta property=\"og:description\" content=\"Durante a reuni\u00e3o, foram discutidas estrat\u00e9gias para aprimorar o combate aos inc\u00eandios florestais, uma preocupa\u00e7\u00e3o crescente em virtude do aumento da incid\u00eancia desses eventos em Rond\u00f4nia. O Comandante Geral CEL BM NIVALDO solicitou o apoio no envio de aeronaves, disponibiliza\u00e7\u00e3o de equipamentos modernos e a designa\u00e7\u00e3o de um n\u00famero maior de pessoal treinado para atuar diretamente nas opera\u00e7\u00f5es de combate a inc\u00eandios.\" \/>\n<meta property=\"og:url\" content=\"https:\/\/www.cbm.ro.gov.br\/?p=3291\" \/>\n<meta property=\"og:site_name\" content=\"Corpo de Bombeiros Militar de Rond\u00f4nia\" \/>\n<meta property=\"article:publisher\" content=\"https:\/\/www.facebook.com\/cbmro.oficial\/\" \/>\n<meta property=\"article:published_time\" content=\"2024-09-18T14:47:27+00:00\" \/>\n<meta property=\"og:image\" content=\"https:\/\/www.cbm.ro.gov.br\/wp-content\/uploads\/2024\/09\/IBAMA-BRASILIA-CAPA.jpeg\" \/>\n\t<meta property=\"og:image:width\" content=\"1600\" \/>\n\t<meta property=\"og:image:height\" content=\"900\" \/>\n\t<meta property=\"og:image:type\" content=\"image\/jpeg\" \/>\n<meta name=\"author\" content=\"Marcos Barros\" \/>\n<meta name=\"twitter:card\" content=\"summary_large_image\" \/>\n<meta name=\"twitter:label1\" content=\"Escrito por\" \/>\n\t<meta name=\"twitter:data1\" content=\"Marcos Barros\" \/>\n\t<meta name=\"twitter:label2\" content=\"Est. tempo de leitura\" \/>\n\t<meta name=\"twitter:data2\" content=\"2 minutos\" \/>\n<script type=\"application\/ld+json\" class=\"yoast-schema-graph\">{\"@context\":\"https:\/\/schema.org\",\"@graph\":[{\"@type\":\"Article\",\"@id\":\"https:\/\/www.cbm.ro.gov.br\/?p=3291#article\",\"isPartOf\":{\"@id\":\"https:\/\/www.cbm.ro.gov.br\/?p=3291\"},\"author\":{\"name\":\"Marcos Barros\",\"@id\":\"https:\/\/www.cbm.ro.gov.br\/#\/schema\/person\/b035b7e269aef4233e9514c2751917c5\"},\"headline\":\"CORPO DE BOMBEIROS MILITAR DE ROND\u00d4NIA PARTICIPA DE REUNI\u00c3O NA SEDE DO IBAMA EM BRAS\u00cdLIA PARA FORTALECER COMBATE A INC\u00caNDIOS FLORESTAIS\u00a0\",\"datePublished\":\"2024-09-18T14:47:27+00:00\",\"dateModified\":\"2024-09-18T14:47:27+00:00\",\"mainEntityOfPage\":{\"@id\":\"https:\/\/www.cbm.ro.gov.br\/?p=3291\"},\"wordCount\":382,\"publisher\":{\"@id\":\"https:\/\/www.cbm.ro.gov.br\/#organization\"},\"image\":{\"@id\":\"https:\/\/www.cbm.ro.gov.br\/?p=3291#primaryimage\"},\"thumbnailUrl\":\"https:\/\/www.cbm.ro.gov.br\/wp-content\/uploads\/2024\/09\/IBAMA-BRASILIA-CAPA.jpeg\",\"keywords\":[\"BRASILIA\",\"CBMRO\",\"IBAMA\",\"INCENDIOSFLORESTAIS\",\"QUEIMADAS\"],\"articleSection\":[\"CBMRO\"],\"inLanguage\":\"pt-BR\"},{\"@type\":\"WebPage\",\"@id\":\"https:\/\/www.cbm.ro.gov.br\/?p=3291\",\"url\":\"https:\/\/www.cbm.ro.gov.br\/?p=3291\",\"name\":\"CORPO DE BOMBEIROS MILITAR DE ROND\u00d4NIA PARTICIPA DE REUNI\u00c3O NA SEDE DO IBAMA EM BRAS\u00cdLIA PARA FORTALECER COMBATE A INC\u00caNDIOS FLORESTAIS\u00a0 - Corpo de Bombeiros Militar de Rond\u00f4nia\",\"isPartOf\":{\"@id\":\"https:\/\/www.cbm.ro.gov.br\/#website\"},\"primaryImageOfPage\":{\"@id\":\"https:\/\/www.cbm.ro.gov.br\/?p=3291#primaryimage\"},\"image\":{\"@id\":\"https:\/\/www.cbm.ro.gov.br\/?p=3291#primaryimage\"},\"thumbnailUrl\":\"https:\/\/www.cbm.ro.gov.br\/wp-content\/uploads\/2024\/09\/IBAMA-BRASILIA-CAPA.jpeg\",\"datePublished\":\"2024-09-18T14:47:27+00:00\",\"dateModified\":\"2024-09-18T14:47:27+00:00\",\"breadcrumb\":{\"@id\":\"https:\/\/www.cbm.ro.gov.br\/?p=3291#breadcrumb\"},\"inLanguage\":\"pt-BR\",\"potentialAction\":[{\"@type\":\"ReadAction\",\"target\":[\"https:\/\/www.cbm.ro.gov.br\/?p=3291\"]}]},{\"@type\":\"ImageObject\",\"inLanguage\":\"pt-BR\",\"@id\":\"https:\/\/www.cbm.ro.gov.br\/?p=3291#primaryimage\",\"url\":\"https:\/\/www.cbm.ro.gov.br\/wp-content\/uploads\/2024\/09\/IBAMA-BRASILIA-CAPA.jpeg\",\"contentUrl\":\"https:\/\/www.cbm.ro.gov.br\/wp-content\/uploads\/2024\/09\/IBAMA-BRASILIA-CAPA.jpeg\",\"width\":1600,\"height\":900},{\"@type\":\"BreadcrumbList\",\"@id\":\"https:\/\/www.cbm.ro.gov.br\/?p=3291#breadcrumb\",\"itemListElement\":[{\"@type\":\"ListItem\",\"position\":1,\"name\":\"In\u00edcio\",\"item\":\"https:\/\/www.cbm.ro.gov.br\/\"},{\"@type\":\"ListItem\",\"position\":2,\"name\":\"CORPO DE BOMBEIROS MILITAR DE ROND\u00d4NIA PARTICIPA DE REUNI\u00c3O NA SEDE DO IBAMA EM BRAS\u00cdLIA PARA FORTALECER COMBATE A INC\u00caNDIOS FLORESTAIS\u00a0\"}]},{\"@type\":\"WebSite\",\"@id\":\"https:\/\/www.cbm.ro.gov.br\/#website\",\"url\":\"https:\/\/www.cbm.ro.gov.br\/\",\"name\":\"Corpo de Bombeiros Militar de Rond\u00f4nia\",\"description\":\"Vidas alheias, riquezas salvar!\",\"publisher\":{\"@id\":\"https:\/\/www.cbm.ro.gov.br\/#organization\"},\"alternateName\":\"cbmro\",\"potentialAction\":[{\"@type\":\"SearchAction\",\"target\":{\"@type\":\"EntryPoint\",\"urlTemplate\":\"https:\/\/www.cbm.ro.gov.br\/?s={search_term_string}\"},\"query-input\":{\"@type\":\"PropertyValueSpecification\",\"valueRequired\":true,\"valueName\":\"search_term_string\"}}],\"inLanguage\":\"pt-BR\"},{\"@type\":\"Organization\",\"@id\":\"https:\/\/www.cbm.ro.gov.br\/#organization\",\"name\":\"Corpo de Bombeiros Militar do Estado de Rond\u00f4nia\",\"alternateName\":\"CBMRO\",\"url\":\"https:\/\/www.cbm.ro.gov.br\/\",\"logo\":{\"@type\":\"ImageObject\",\"inLanguage\":\"pt-BR\",\"@id\":\"https:\/\/www.cbm.ro.gov.br\/#\/schema\/logo\/image\/\",\"url\":\"https:\/\/www.cbm.ro.gov.br\/wp-content\/uploads\/2023\/12\/cropped-cropped-cropped-BRASO_3D_32-1-e1724344443171.png\",\"contentUrl\":\"https:\/\/www.cbm.ro.gov.br\/wp-content\/uploads\/2023\/12\/cropped-cropped-cropped-BRASO_3D_32-1-e1724344443171.png\",\"width\":446,\"height\":441,\"caption\":\"Corpo de Bombeiros Militar do Estado de Rond\u00f4nia\"},\"image\":{\"@id\":\"https:\/\/www.cbm.ro.gov.br\/#\/schema\/logo\/image\/\"},\"sameAs\":[\"https:\/\/www.facebook.com\/cbmro.oficial\/\",\"https:\/\/www.youtube.com\/c\/CorpodeBombeirosMilitardoEstadodeRond\u00f4nia\"]},{\"@type\":\"Person\",\"@id\":\"https:\/\/www.cbm.ro.gov.br\/#\/schema\/person\/b035b7e269aef4233e9514c2751917c5\",\"name\":\"Marcos Barros\",\"sameAs\":[\"http:\/\/10.210.0.90\/wp-admin\/post.php?post=2688&amp;action=edit\"],\"url\":\"https:\/\/www.cbm.ro.gov.br\/?author=5\"}]}<\/script>\n<!-- \/ Yoast SEO plugin. -->","yoast_head_json":{"title":"CORPO DE BOMBEIROS MILITAR DE ROND\u00d4NIA PARTICIPA DE REUNI\u00c3O NA SEDE DO IBAMA EM BRAS\u00cdLIA PARA FORTALECER COMBATE A INC\u00caNDIOS FLORESTAIS\u00a0 - Corpo de Bombeiros Militar de Rond\u00f4nia","robots":{"index":"index","follow":"follow","max-snippet":"max-snippet:-1","max-image-preview":"max-image-preview:large","max-video-preview":"max-video-preview:-1"},"canonical":"https:\/\/www.cbm.ro.gov.br\/?p=3291","og_locale":"pt_BR","og_type":"article","og_title":"CORPO DE BOMBEIROS MILITAR DE ROND\u00d4NIA PARTICIPA DE REUNI\u00c3O NA SEDE DO IBAMA EM BRAS\u00cdLIA PARA FORTALECER COMBATE A INC\u00caNDIOS FLORESTAIS\u00a0 - Corpo de Bombeiros Militar de Rond\u00f4nia","og_description":"Durante a reuni\u00e3o, foram discutidas estrat\u00e9gias para aprimorar o combate aos inc\u00eandios florestais, uma preocupa\u00e7\u00e3o crescente em virtude do aumento da incid\u00eancia desses eventos em Rond\u00f4nia. O Comandante Geral CEL BM NIVALDO solicitou o apoio no envio de aeronaves, disponibiliza\u00e7\u00e3o de equipamentos modernos e a designa\u00e7\u00e3o de um n\u00famero maior de pessoal treinado para atuar diretamente nas opera\u00e7\u00f5es de combate a inc\u00eandios.","og_url":"https:\/\/www.cbm.ro.gov.br\/?p=3291","og_site_name":"Corpo de Bombeiros Militar de Rond\u00f4nia","article_publisher":"https:\/\/www.facebook.com\/cbmro.oficial\/","article_published_time":"2024-09-18T14:47:27+00:00","og_image":[{"width":1600,"height":900,"url":"https:\/\/www.cbm.ro.gov.br\/wp-content\/uploads\/2024\/09\/IBAMA-BRASILIA-CAPA.jpeg","type":"image\/jpeg"}],"author":"Marcos Barros","twitter_card":"summary_large_image","twitter_misc":{"Escrito por":"Marcos Barros","Est. tempo de leitura":"2 minutos"},"schema":{"@context":"https:\/\/schema.org","@graph":[{"@type":"Article","@id":"https:\/\/www.cbm.ro.gov.br\/?p=3291#article","isPartOf":{"@id":"https:\/\/www.cbm.ro.gov.br\/?p=3291"},"author":{"name":"Marcos Barros","@id":"https:\/\/www.cbm.ro.gov.br\/#\/schema\/person\/b035b7e269aef4233e9514c2751917c5"},"headline":"CORPO DE BOMBEIROS MILITAR DE ROND\u00d4NIA PARTICIPA DE REUNI\u00c3O NA SEDE DO IBAMA EM BRAS\u00cdLIA PARA FORTALECER COMBATE A INC\u00caNDIOS FLORESTAIS\u00a0","datePublished":"2024-09-18T14:47:27+00:00","dateModified":"2024-09-18T14:47:27+00:00","mainEntityOfPage":{"@id":"https:\/\/www.cbm.ro.gov.br\/?p=3291"},"wordCount":382,"publisher":{"@id":"https:\/\/www.cbm.ro.gov.br\/#organization"},"image":{"@id":"https:\/\/www.cbm.ro.gov.br\/?p=3291#primaryimage"},"thumbnailUrl":"https:\/\/www.cbm.ro.gov.br\/wp-content\/uploads\/2024\/09\/IBAMA-BRASILIA-CAPA.jpeg","keywords":["BRASILIA","CBMRO","IBAMA","INCENDIOSFLORESTAIS","QUEIMADAS"],"articleSection":["CBMRO"],"inLanguage":"pt-BR"},{"@type":"WebPage","@id":"https:\/\/www.cbm.ro.gov.br\/?p=3291","url":"https:\/\/www.cbm.ro.gov.br\/?p=3291","name":"CORPO DE BOMBEIROS MILITAR DE ROND\u00d4NIA PARTICIPA DE REUNI\u00c3O NA SEDE DO IBAMA EM BRAS\u00cdLIA PARA FORTALECER COMBATE A INC\u00caNDIOS FLORESTAIS\u00a0 - Corpo de Bombeiros Militar de Rond\u00f4nia","isPartOf":{"@id":"https:\/\/www.cbm.ro.gov.br\/#website"},"primaryImageOfPage":{"@id":"https:\/\/www.cbm.ro.gov.br\/?p=3291#primaryimage"},"image":{"@id":"https:\/\/www.cbm.ro.gov.br\/?p=3291#primaryimage"},"thumbnailUrl":"https:\/\/www.cbm.ro.gov.br\/wp-content\/uploads\/2024\/09\/IBAMA-BRASILIA-CAPA.jpeg","datePublished":"2024-09-18T14:47:27+00:00","dateModified":"2024-09-18T14:47:27+00:00","breadcrumb":{"@id":"https:\/\/www.cbm.ro.gov.br\/?p=3291#breadcrumb"},"inLanguage":"pt-BR","potentialAction":[{"@type":"ReadAction","target":["https:\/\/www.cbm.ro.gov.br\/?p=3291"]}]},{"@type":"ImageObject","inLanguage":"pt-BR","@id":"https:\/\/www.cbm.ro.gov.br\/?p=3291#primaryimage","url":"https:\/\/www.cbm.ro.gov.br\/wp-content\/uploads\/2024\/09\/IBAMA-BRASILIA-CAPA.jpeg","contentUrl":"https:\/\/www.cbm.ro.gov.br\/wp-content\/uploads\/2024\/09\/IBAMA-BRASILIA-CAPA.jpeg","width":1600,"height":900},{"@type":"BreadcrumbList","@id":"https:\/\/www.cbm.ro.gov.br\/?p=3291#breadcrumb","itemListElement":[{"@type":"ListItem","position":1,"name":"In\u00edcio","item":"https:\/\/www.cbm.ro.gov.br\/"},{"@type":"ListItem","position":2,"name":"CORPO DE BOMBEIROS MILITAR DE ROND\u00d4NIA PARTICIPA DE REUNI\u00c3O NA SEDE DO IBAMA EM BRAS\u00cdLIA PARA FORTALECER COMBATE A INC\u00caNDIOS FLORESTAIS\u00a0"}]},{"@type":"WebSite","@id":"https:\/\/www.cbm.ro.gov.br\/#website","url":"https:\/\/www.cbm.ro.gov.br\/","name":"Corpo de Bombeiros Militar de Rond\u00f4nia","description":"Vidas alheias, riquezas salvar!","publisher":{"@id":"https:\/\/www.cbm.ro.gov.br\/#organization"},"alternateName":"cbmro","potentialAction":[{"@type":"SearchAction","target":{"@type":"EntryPoint","urlTemplate":"https:\/\/www.cbm.ro.gov.br\/?s={search_term_string}"},"query-input":{"@type":"PropertyValueSpecification","valueRequired":true,"valueName":"search_term_string"}}],"inLanguage":"pt-BR"},{"@type":"Organization","@id":"https:\/\/www.cbm.ro.gov.br\/#organization","name":"Corpo de Bombeiros Militar do Estado de Rond\u00f4nia","alternateName":"CBMRO","url":"https:\/\/www.cbm.ro.gov.br\/","logo":{"@type":"ImageObject","inLanguage":"pt-BR","@id":"https:\/\/www.cbm.ro.gov.br\/#\/schema\/logo\/image\/","url":"https:\/\/www.cbm.ro.gov.br\/wp-content\/uploads\/2023\/12\/cropped-cropped-cropped-BRASO_3D_32-1-e1724344443171.png","contentUrl":"https:\/\/www.cbm.ro.gov.br\/wp-content\/uploads\/2023\/12\/cropped-cropped-cropped-BRASO_3D_32-1-e1724344443171.png","width":446,"height":441,"caption":"Corpo de Bombeiros Militar do Estado de Rond\u00f4nia"},"image":{"@id":"https:\/\/www.cbm.ro.gov.br\/#\/schema\/logo\/image\/"},"sameAs":["https:\/\/www.facebook.com\/cbmro.oficial\/","https:\/\/www.youtube.com\/c\/CorpodeBombeirosMilitardoEstadodeRond\u00f4nia"]},{"@type":"Person","@id":"https:\/\/www.cbm.ro.gov.br\/#\/schema\/person\/b035b7e269aef4233e9514c2751917c5","name":"Marcos Barros","sameAs":["http:\/\/10.210.0.90\/wp-admin\/post.php?post=2688&amp;action=edit"],"url":"https:\/\/www.cbm.ro.gov.br\/?author=5"}]}},"wpmagazine_modules_lite_featured_media_urls":{"thumbnail":["https:\/\/www.cbm.ro.gov.br\/wp-content\/uploads\/2024\/09\/IBAMA-BRASILIA-CAPA-150x150.jpeg",150,150,true],"cvmm-medium":["https:\/\/www.cbm.ro.gov.br\/wp-content\/uploads\/2024\/09\/IBAMA-BRASILIA-CAPA-300x300.jpeg",300,300,true],"cvmm-medium-plus":["https:\/\/www.cbm.ro.gov.br\/wp-content\/uploads\/2024\/09\/IBAMA-BRASILIA-CAPA-305x207.jpeg",305,207,true],"cvmm-portrait":["https:\/\/www.cbm.ro.gov.br\/wp-content\/uploads\/2024\/09\/IBAMA-BRASILIA-CAPA-400x600.jpeg",400,600,true],"cvmm-medium-square":["https:\/\/www.cbm.ro.gov.br\/wp-content\/uploads\/2024\/09\/IBAMA-BRASILIA-CAPA-600x600.jpeg",600,600,true],"cvmm-large":["https:\/\/www.cbm.ro.gov.br\/wp-content\/uploads\/2024\/09\/IBAMA-BRASILIA-CAPA-1024x900.jpeg",1024,900,true],"cvmm-small":["https:\/\/www.cbm.ro.gov.br\/wp-content\/uploads\/2024\/09\/IBAMA-BRASILIA-CAPA-130x95.jpeg",130,95,true],"full":["https:\/\/www.cbm.ro.gov.br\/wp-content\/uploads\/2024\/09\/IBAMA-BRASILIA-CAPA.jpeg",1600,900,false]},"categories_names":{"1":{"name":"CBMRO","link":"https:\/\/www.cbm.ro.gov.br\/?cat=1"}},"tags_names":{"118":{"name":"BRASILIA","link":"https:\/\/www.cbm.ro.gov.br\/?tag=brasilia"},"13":{"name":"CBMRO","link":"https:\/\/www.cbm.ro.gov.br\/?tag=cbmro"},"117":{"name":"IBAMA","link":"https:\/\/www.cbm.ro.gov.br\/?tag=ibama"},"115":{"name":"INCENDIOSFLORESTAIS","link":"https:\/\/www.cbm.ro.gov.br\/?tag=incendiosflorestais"},"83":{"name":"QUEIMADAS","link":"https:\/\/www.cbm.ro.gov.br\/?tag=queimadas"}},"comments_number":"0","_links":{"self":[{"href":"https:\/\/www.cbm.ro.gov.br\/index.php?rest_route=\/wp\/v2\/posts\/3291","targetHints":{"allow":["GET"]}}],"collection":[{"href":"https:\/\/www.cbm.ro.gov.br\/index.php?rest_route=\/wp\/v2\/posts"}],"about":[{"href":"https:\/\/www.cbm.ro.gov.br\/index.php?rest_route=\/wp\/v2\/types\/post"}],"author":[{"embeddable":true,"href":"https:\/\/www.cbm.ro.gov.br\/index.php?rest_route=\/wp\/v2\/users\/5"}],"replies":[{"embeddable":true,"href":"https:\/\/www.cbm.ro.gov.br\/index.php?rest_route=%2Fwp%2Fv2%2Fcomments&post=3291"}],"version-history":[{"count":1,"href":"https:\/\/www.cbm.ro.gov.br\/index.php?rest_route=\/wp\/v2\/posts\/3291\/revisions"}],"predecessor-version":[{"id":3294,"href":"https:\/\/www.cbm.ro.gov.br\/index.php?rest_route=\/wp\/v2\/posts\/3291\/revisions\/3294"}],"wp:featuredmedia":[{"embeddable":true,"href":"https:\/\/www.cbm.ro.gov.br\/index.php?rest_route=\/wp\/v2\/media\/3293"}],"wp:attachment":[{"href":"https:\/\/www.cbm.ro.gov.br\/index.php?rest_route=%2Fwp%2Fv2%2Fmedia&parent=3291"}],"wp:term":[{"taxonomy":"category","embeddable":true,"href":"https:\/\/www.cbm.ro.gov.br\/index.php?rest_route=%2Fwp%2Fv2%2Fcategories&post=3291"},{"taxonomy":"post_tag","embeddable":true,"href":"https:\/\/www.cbm.ro.gov.br\/index.php?rest_route=%2Fwp%2Fv2%2Ftags&post=3291"}],"curies":[{"name":"wp","href":"https:\/\/api.w.org\/{rel}","templated":true}]}}