{"id":3177,"date":"2024-09-05T14:30:24","date_gmt":"2024-09-05T18:30:24","guid":{"rendered":"https:\/\/www.cbm.ro.gov.br\/?p=3177"},"modified":"2024-09-05T14:30:25","modified_gmt":"2024-09-05T18:30:25","slug":"operacao-tempora-acao-conjunta-reduz-em-mais-de-70-areas-atingidas-por-incendios-no-parque-estadual-guajara-mirim","status":"publish","type":"post","link":"https:\/\/www.cbm.ro.gov.br\/?p=3177","title":{"rendered":"Opera\u00e7\u00e3o Tempor\u00e3: a\u00e7\u00e3o conjunta reduz em mais de 70% \u00e1reas atingidas por inc\u00eandios no Parque Estadual Guajar\u00e1-Mirim"},"content":{"rendered":"\n<p>MOBILIZA\u00c7\u00c3O E COMBATE<\/p>\n\n\n\n<h1 class=\"wp-block-heading\"><\/h1>\n\n\n\n<p><\/p>\n\n\n\n<p><img decoding=\"async\" src=\"https:\/\/rondonia.ro.gov.br\/wp-content\/uploads\/2024\/09\/908195e2-7f47-4b57-b0e5-e282ce57eafb04mmmmd-870x666.jpg\" alt=\"\" style=\"width: 840px;\"><\/p>\n\n\n\n<p id=\"caption-attachment-801515\"><em><strong>Opera\u00e7\u00e3o objetiva combater os inc\u00eandios florestais que devastam a \u00e1rea do Parque Estadual Guajar\u00e1-Mirim&nbsp;<\/strong><\/em><\/p>\n\n\n\n<blockquote class=\"wp-block-quote is-layout-flow wp-block-quote-is-layout-flow\">\n<p><strong>D<\/strong>esde o dia 1\u00ba de setembro, o governo de Rond\u00f4nia, em conjunto com diversas institui\u00e7\u00f5es, tem atuado de forma intensiva na \u201cOpera\u00e7\u00e3o Tempor\u00e3\u201d. O objetivo da a\u00e7\u00e3o \u00e9 combater os inc\u00eandios florestais que devastam a \u00e1rea do Parque Estadual Guajar\u00e1-Mirim e suas imedia\u00e7\u00f5es. De acordo com as informa\u00e7\u00f5es da Pol\u00edcia Militar do Estado de Rond\u00f4nia (PMRO), a \u00e1rea afetada pelo fogo foi reduzida em 71,5%, o que representa cerca de 1.700 hectares salvos por dia. At\u00e9 o momento, os trabalhos seguem em atividades por tempo indeterminado, avan\u00e7ando para o controle de todos os focos de inc\u00eandio na regi\u00e3o.<\/p>\n<\/blockquote>\n\n\n\n<p>A Opera\u00e7\u00e3o mobiliza cerca de 300 profissionais da Pol\u00edcia Militar, Pol\u00edcia Civil do Estado de Rond\u00f4nia (PCRO), Superintend\u00eancia da Pol\u00edcia T\u00e9cnico-Cient\u00edfica (Politec), Corpo de Bombeiros Militar de Rond\u00f4nia (CBMRO), Secretaria de Estado do Desenvolvimento Ambiental (Sedam), Departamento Estadual de Tr\u00e2nsito (Detran-RO), al\u00e9m do apoio de \u00f3rg\u00e3os como o Minist\u00e9rio P\u00fablico do Estado de Rond\u00f4nia (MPRO), Ex\u00e9rcito Brasileiro, Instituto Brasileiro do Meio Ambiente e dos Recursos Naturais Renov\u00e1veis (Ibama) e Pol\u00edcia Federal.<\/p>\n\n\n\n<p>O governador de Rond\u00f4nia, Marcos Rocha, destaca a import\u00e2ncia do trabalho integrado entre as for\u00e7as estaduais e federais. \u201cA Opera\u00e7\u00e3o Tempor\u00e3 une for\u00e7as em prol do bem comum. Esse \u00e9 um trabalho que envolve uma log\u00edstica de a\u00e7\u00e3o estrat\u00e9gica e a dedica\u00e7\u00e3o no comprometimento com o meio ambiente\u201d, evidenciou.<\/p>\n\n\n\n<p><strong>ESTRUTURA E LOG\u00cdSTICA<\/strong><\/p>\n\n\n\n<p><img fetchpriority=\"high\" decoding=\"async\" src=\"https:\/\/rondonia.ro.gov.br\/wp-content\/uploads\/2024\/09\/WhatsApp-Image-2024-09-05-at-12.56.26-370x247.jpeg\" alt=\"\" width=\"370\" height=\"247\" srcset=\"https:\/\/rondonia.ro.gov.br\/wp-content\/uploads\/2024\/09\/WhatsApp-Image-2024-09-05-at-12.56.26-370x247.jpeg 370w, https:\/\/rondonia.ro.gov.br\/wp-content\/uploads\/2024\/09\/WhatsApp-Image-2024-09-05-at-12.56.26-768x512.jpeg 768w, https:\/\/rondonia.ro.gov.br\/wp-content\/uploads\/2024\/09\/WhatsApp-Image-2024-09-05-at-12.56.26-1536x1023.jpeg 1536w, https:\/\/rondonia.ro.gov.br\/wp-content\/uploads\/2024\/09\/WhatsApp-Image-2024-09-05-at-12.56.26-170x113.jpeg 170w, https:\/\/rondonia.ro.gov.br\/wp-content\/uploads\/2024\/09\/WhatsApp-Image-2024-09-05-at-12.56.26-570x380.jpeg 570w, https:\/\/rondonia.ro.gov.br\/wp-content\/uploads\/2024\/09\/WhatsApp-Image-2024-09-05-at-12.56.26-870x580.jpeg 870w, https:\/\/rondonia.ro.gov.br\/wp-content\/uploads\/2024\/09\/WhatsApp-Image-2024-09-05-at-12.56.26.jpeg 1280w\"><\/p>\n\n\n\n<p id=\"caption-attachment-801506\">Governo refor\u00e7ou equipes para as a\u00e7\u00f5es de combate a inc\u00eandio&nbsp;<\/p>\n\n\n\n<p>No total, s\u00e3o utilizados na opera\u00e7\u00e3o 38 viaturas da Pol\u00edcia Militar, Corpo de Bombeiros, Detran-RO, Sedam, Ex\u00e9rcito e Prevfogo\/Ibama. S\u00e3o caminhonetes operacionais, caminh\u00e3o de combate a inc\u00eandio, busca e salvamento, quadriciclos, ve\u00edculos de baixo porte e caminh\u00e3o-prancha, al\u00e9m de diversos equipamentos como abafadores manuais, motobombas e drones.<\/p>\n\n\n\n<p>Para o comandante-geral do Corpo de Bombeiros, coronel BM Nivaldo Azevedo, \u201ca a\u00e7\u00e3o conjunta reafirma o esfor\u00e7o com a preserva\u00e7\u00e3o ambiental e seguran\u00e7a da popula\u00e7\u00e3o. O governo do estado fortaleceu as a\u00e7\u00f5es de combate e preven\u00e7\u00e3o a inc\u00eandios no Parque Estadual Guajar\u00e1-Mirim com medidas estrat\u00e9gicas.\u201d<\/p>\n\n\n\n<p><strong>UNIDADE DE CONSERVA\u00c7\u00c3O<\/strong><\/p>\n\n\n\n<p>O Parque Estadual Guajar\u00e1-Mirim, unidade de conserva\u00e7\u00e3o que abrange cerca de 220 mil hectares nos munic\u00edpios de Guajar\u00e1-Mirim e Nova Mamor\u00e9, \u00e9 um dos maiores e mais importantes do estado. Criado pelo&nbsp;<strong><a href=\"https:\/\/acervo.socioambiental.org\/sites\/default\/files\/documents\/F0D00374.pdf\">Decreto n\u00b0 4.575, de 23 de mar\u00e7o de 1990,<\/a><\/strong>&nbsp;o Parque \u00e9 t\u00e3o extenso que dentro dele caberiam mais de duas vezes a cidade do Rio de Janeiro (RJ).<\/p>\n\n\n\n<p><\/p>\n","protected":false},"excerpt":{"rendered":"<p>Desde o dia 1\u00ba de setembro, o governo de Rond\u00f4nia, em conjunto com diversas institui\u00e7\u00f5es, tem atuado de forma intensiva na \u201cOpera\u00e7\u00e3o Tempor\u00e3\u201d. O objetivo da a\u00e7\u00e3o \u00e9 combater os inc\u00eandios florestais que devastam a \u00e1rea do Parque Estadual Guajar\u00e1-Mirim e suas imedia\u00e7\u00f5es. <\/p>\n","protected":false},"author":5,"featured_media":3178,"comment_status":"closed","ping_status":"open","sticky":false,"template":"","format":"standard","meta":{"footnotes":""},"categories":[1],"tags":[13,58,86,60,113,83],"class_list":["post-3177","post","type-post","status-publish","format-standard","has-post-thumbnail","hentry","category-cbmro","tag-cbmro","tag-combateaincendio","tag-governoderondonia","tag-guajara-mirim","tag-operacao-tempora","tag-queimadas"],"yoast_head":"<!-- This site is optimized with the Yoast SEO plugin v23.7 - https:\/\/yoast.com\/wordpress\/plugins\/seo\/ -->\n<title>Opera\u00e7\u00e3o Tempor\u00e3: a\u00e7\u00e3o conjunta reduz em mais de 70% \u00e1reas atingidas por inc\u00eandios no Parque Estadual Guajar\u00e1-Mirim - Corpo de Bombeiros Militar de Rond\u00f4nia<\/title>\n<meta name=\"robots\" content=\"index, follow, max-snippet:-1, max-image-preview:large, max-video-preview:-1\" \/>\n<link rel=\"canonical\" href=\"https:\/\/www.cbm.ro.gov.br\/?p=3177\" \/>\n<meta property=\"og:locale\" content=\"pt_BR\" \/>\n<meta property=\"og:type\" content=\"article\" \/>\n<meta property=\"og:title\" content=\"Opera\u00e7\u00e3o Tempor\u00e3: a\u00e7\u00e3o conjunta reduz em mais de 70% \u00e1reas atingidas por inc\u00eandios no Parque Estadual Guajar\u00e1-Mirim - Corpo de Bombeiros Militar de Rond\u00f4nia\" \/>\n<meta property=\"og:description\" content=\"Desde o dia 1\u00ba de setembro, o governo de Rond\u00f4nia, em conjunto com diversas institui\u00e7\u00f5es, tem atuado de forma intensiva na \u201cOpera\u00e7\u00e3o Tempor\u00e3\u201d. O objetivo da a\u00e7\u00e3o \u00e9 combater os inc\u00eandios florestais que devastam a \u00e1rea do Parque Estadual Guajar\u00e1-Mirim e suas imedia\u00e7\u00f5es.\" \/>\n<meta property=\"og:url\" content=\"https:\/\/www.cbm.ro.gov.br\/?p=3177\" \/>\n<meta property=\"og:site_name\" content=\"Corpo de Bombeiros Militar de Rond\u00f4nia\" \/>\n<meta property=\"article:publisher\" content=\"https:\/\/www.facebook.com\/cbmro.oficial\/\" \/>\n<meta property=\"article:published_time\" content=\"2024-09-05T18:30:24+00:00\" \/>\n<meta property=\"article:modified_time\" content=\"2024-09-05T18:30:25+00:00\" \/>\n<meta property=\"og:image\" content=\"https:\/\/www.cbm.ro.gov.br\/wp-content\/uploads\/2024\/09\/CBMRO-FLORESTAL.jpeg\" \/>\n\t<meta property=\"og:image:width\" content=\"1600\" \/>\n\t<meta property=\"og:image:height\" content=\"1200\" \/>\n\t<meta property=\"og:image:type\" content=\"image\/jpeg\" \/>\n<meta name=\"author\" content=\"Marcos Barros\" \/>\n<meta name=\"twitter:card\" content=\"summary_large_image\" \/>\n<meta name=\"twitter:label1\" content=\"Escrito por\" \/>\n\t<meta name=\"twitter:data1\" content=\"Marcos Barros\" \/>\n\t<meta name=\"twitter:label2\" content=\"Est. tempo de leitura\" \/>\n\t<meta name=\"twitter:data2\" content=\"2 minutos\" \/>\n<script type=\"application\/ld+json\" class=\"yoast-schema-graph\">{\"@context\":\"https:\/\/schema.org\",\"@graph\":[{\"@type\":\"Article\",\"@id\":\"https:\/\/www.cbm.ro.gov.br\/?p=3177#article\",\"isPartOf\":{\"@id\":\"https:\/\/www.cbm.ro.gov.br\/?p=3177\"},\"author\":{\"name\":\"Marcos Barros\",\"@id\":\"https:\/\/www.cbm.ro.gov.br\/#\/schema\/person\/b035b7e269aef4233e9514c2751917c5\"},\"headline\":\"Opera\u00e7\u00e3o Tempor\u00e3: a\u00e7\u00e3o conjunta reduz em mais de 70% \u00e1reas atingidas por inc\u00eandios no Parque Estadual Guajar\u00e1-Mirim\",\"datePublished\":\"2024-09-05T18:30:24+00:00\",\"dateModified\":\"2024-09-05T18:30:25+00:00\",\"mainEntityOfPage\":{\"@id\":\"https:\/\/www.cbm.ro.gov.br\/?p=3177\"},\"wordCount\":491,\"publisher\":{\"@id\":\"https:\/\/www.cbm.ro.gov.br\/#organization\"},\"image\":{\"@id\":\"https:\/\/www.cbm.ro.gov.br\/?p=3177#primaryimage\"},\"thumbnailUrl\":\"https:\/\/www.cbm.ro.gov.br\/wp-content\/uploads\/2024\/09\/CBMRO-FLORESTAL.jpeg\",\"keywords\":[\"CBMRO\",\"COMBATEAINCENDIO\",\"GOVERNODERONDONIA\",\"GUAJAR\u00c1-MIRIM\",\"OPERA\u00c7\u00c3O TEMPOR\u00c3\",\"QUEIMADAS\"],\"articleSection\":[\"CBMRO\"],\"inLanguage\":\"pt-BR\"},{\"@type\":\"WebPage\",\"@id\":\"https:\/\/www.cbm.ro.gov.br\/?p=3177\",\"url\":\"https:\/\/www.cbm.ro.gov.br\/?p=3177\",\"name\":\"Opera\u00e7\u00e3o Tempor\u00e3: a\u00e7\u00e3o conjunta reduz em mais de 70% \u00e1reas atingidas por inc\u00eandios no Parque Estadual Guajar\u00e1-Mirim - Corpo de Bombeiros Militar de Rond\u00f4nia\",\"isPartOf\":{\"@id\":\"https:\/\/www.cbm.ro.gov.br\/#website\"},\"primaryImageOfPage\":{\"@id\":\"https:\/\/www.cbm.ro.gov.br\/?p=3177#primaryimage\"},\"image\":{\"@id\":\"https:\/\/www.cbm.ro.gov.br\/?p=3177#primaryimage\"},\"thumbnailUrl\":\"https:\/\/www.cbm.ro.gov.br\/wp-content\/uploads\/2024\/09\/CBMRO-FLORESTAL.jpeg\",\"datePublished\":\"2024-09-05T18:30:24+00:00\",\"dateModified\":\"2024-09-05T18:30:25+00:00\",\"breadcrumb\":{\"@id\":\"https:\/\/www.cbm.ro.gov.br\/?p=3177#breadcrumb\"},\"inLanguage\":\"pt-BR\",\"potentialAction\":[{\"@type\":\"ReadAction\",\"target\":[\"https:\/\/www.cbm.ro.gov.br\/?p=3177\"]}]},{\"@type\":\"ImageObject\",\"inLanguage\":\"pt-BR\",\"@id\":\"https:\/\/www.cbm.ro.gov.br\/?p=3177#primaryimage\",\"url\":\"https:\/\/www.cbm.ro.gov.br\/wp-content\/uploads\/2024\/09\/CBMRO-FLORESTAL.jpeg\",\"contentUrl\":\"https:\/\/www.cbm.ro.gov.br\/wp-content\/uploads\/2024\/09\/CBMRO-FLORESTAL.jpeg\",\"width\":1600,\"height\":1200},{\"@type\":\"BreadcrumbList\",\"@id\":\"https:\/\/www.cbm.ro.gov.br\/?p=3177#breadcrumb\",\"itemListElement\":[{\"@type\":\"ListItem\",\"position\":1,\"name\":\"In\u00edcio\",\"item\":\"https:\/\/www.cbm.ro.gov.br\/\"},{\"@type\":\"ListItem\",\"position\":2,\"name\":\"Opera\u00e7\u00e3o Tempor\u00e3: a\u00e7\u00e3o conjunta reduz em mais de 70% \u00e1reas atingidas por inc\u00eandios no Parque Estadual Guajar\u00e1-Mirim\"}]},{\"@type\":\"WebSite\",\"@id\":\"https:\/\/www.cbm.ro.gov.br\/#website\",\"url\":\"https:\/\/www.cbm.ro.gov.br\/\",\"name\":\"Corpo de Bombeiros Militar de Rond\u00f4nia\",\"description\":\"Vidas alheias, riquezas salvar!\",\"publisher\":{\"@id\":\"https:\/\/www.cbm.ro.gov.br\/#organization\"},\"alternateName\":\"cbmro\",\"potentialAction\":[{\"@type\":\"SearchAction\",\"target\":{\"@type\":\"EntryPoint\",\"urlTemplate\":\"https:\/\/www.cbm.ro.gov.br\/?s={search_term_string}\"},\"query-input\":{\"@type\":\"PropertyValueSpecification\",\"valueRequired\":true,\"valueName\":\"search_term_string\"}}],\"inLanguage\":\"pt-BR\"},{\"@type\":\"Organization\",\"@id\":\"https:\/\/www.cbm.ro.gov.br\/#organization\",\"name\":\"Corpo de Bombeiros Militar do Estado de Rond\u00f4nia\",\"alternateName\":\"CBMRO\",\"url\":\"https:\/\/www.cbm.ro.gov.br\/\",\"logo\":{\"@type\":\"ImageObject\",\"inLanguage\":\"pt-BR\",\"@id\":\"https:\/\/www.cbm.ro.gov.br\/#\/schema\/logo\/image\/\",\"url\":\"https:\/\/www.cbm.ro.gov.br\/wp-content\/uploads\/2023\/12\/cropped-cropped-cropped-BRASO_3D_32-1-e1724344443171.png\",\"contentUrl\":\"https:\/\/www.cbm.ro.gov.br\/wp-content\/uploads\/2023\/12\/cropped-cropped-cropped-BRASO_3D_32-1-e1724344443171.png\",\"width\":446,\"height\":441,\"caption\":\"Corpo de Bombeiros Militar do Estado de Rond\u00f4nia\"},\"image\":{\"@id\":\"https:\/\/www.cbm.ro.gov.br\/#\/schema\/logo\/image\/\"},\"sameAs\":[\"https:\/\/www.facebook.com\/cbmro.oficial\/\",\"https:\/\/www.youtube.com\/c\/CorpodeBombeirosMilitardoEstadodeRond\u00f4nia\"]},{\"@type\":\"Person\",\"@id\":\"https:\/\/www.cbm.ro.gov.br\/#\/schema\/person\/b035b7e269aef4233e9514c2751917c5\",\"name\":\"Marcos Barros\",\"sameAs\":[\"http:\/\/10.210.0.90\/wp-admin\/post.php?post=2688&amp;action=edit\"],\"url\":\"https:\/\/www.cbm.ro.gov.br\/?author=5\"}]}<\/script>\n<!-- \/ Yoast SEO plugin. -->","yoast_head_json":{"title":"Opera\u00e7\u00e3o Tempor\u00e3: a\u00e7\u00e3o conjunta reduz em mais de 70% \u00e1reas atingidas por inc\u00eandios no Parque Estadual Guajar\u00e1-Mirim - Corpo de Bombeiros Militar de Rond\u00f4nia","robots":{"index":"index","follow":"follow","max-snippet":"max-snippet:-1","max-image-preview":"max-image-preview:large","max-video-preview":"max-video-preview:-1"},"canonical":"https:\/\/www.cbm.ro.gov.br\/?p=3177","og_locale":"pt_BR","og_type":"article","og_title":"Opera\u00e7\u00e3o Tempor\u00e3: a\u00e7\u00e3o conjunta reduz em mais de 70% \u00e1reas atingidas por inc\u00eandios no Parque Estadual Guajar\u00e1-Mirim - Corpo de Bombeiros Militar de Rond\u00f4nia","og_description":"Desde o dia 1\u00ba de setembro, o governo de Rond\u00f4nia, em conjunto com diversas institui\u00e7\u00f5es, tem atuado de forma intensiva na \u201cOpera\u00e7\u00e3o Tempor\u00e3\u201d. O objetivo da a\u00e7\u00e3o \u00e9 combater os inc\u00eandios florestais que devastam a \u00e1rea do Parque Estadual Guajar\u00e1-Mirim e suas imedia\u00e7\u00f5es.","og_url":"https:\/\/www.cbm.ro.gov.br\/?p=3177","og_site_name":"Corpo de Bombeiros Militar de Rond\u00f4nia","article_publisher":"https:\/\/www.facebook.com\/cbmro.oficial\/","article_published_time":"2024-09-05T18:30:24+00:00","article_modified_time":"2024-09-05T18:30:25+00:00","og_image":[{"width":1600,"height":1200,"url":"https:\/\/www.cbm.ro.gov.br\/wp-content\/uploads\/2024\/09\/CBMRO-FLORESTAL.jpeg","type":"image\/jpeg"}],"author":"Marcos Barros","twitter_card":"summary_large_image","twitter_misc":{"Escrito por":"Marcos Barros","Est. tempo de leitura":"2 minutos"},"schema":{"@context":"https:\/\/schema.org","@graph":[{"@type":"Article","@id":"https:\/\/www.cbm.ro.gov.br\/?p=3177#article","isPartOf":{"@id":"https:\/\/www.cbm.ro.gov.br\/?p=3177"},"author":{"name":"Marcos Barros","@id":"https:\/\/www.cbm.ro.gov.br\/#\/schema\/person\/b035b7e269aef4233e9514c2751917c5"},"headline":"Opera\u00e7\u00e3o Tempor\u00e3: a\u00e7\u00e3o conjunta reduz em mais de 70% \u00e1reas atingidas por inc\u00eandios no Parque Estadual Guajar\u00e1-Mirim","datePublished":"2024-09-05T18:30:24+00:00","dateModified":"2024-09-05T18:30:25+00:00","mainEntityOfPage":{"@id":"https:\/\/www.cbm.ro.gov.br\/?p=3177"},"wordCount":491,"publisher":{"@id":"https:\/\/www.cbm.ro.gov.br\/#organization"},"image":{"@id":"https:\/\/www.cbm.ro.gov.br\/?p=3177#primaryimage"},"thumbnailUrl":"https:\/\/www.cbm.ro.gov.br\/wp-content\/uploads\/2024\/09\/CBMRO-FLORESTAL.jpeg","keywords":["CBMRO","COMBATEAINCENDIO","GOVERNODERONDONIA","GUAJAR\u00c1-MIRIM","OPERA\u00c7\u00c3O TEMPOR\u00c3","QUEIMADAS"],"articleSection":["CBMRO"],"inLanguage":"pt-BR"},{"@type":"WebPage","@id":"https:\/\/www.cbm.ro.gov.br\/?p=3177","url":"https:\/\/www.cbm.ro.gov.br\/?p=3177","name":"Opera\u00e7\u00e3o Tempor\u00e3: a\u00e7\u00e3o conjunta reduz em mais de 70% \u00e1reas atingidas por inc\u00eandios no Parque Estadual Guajar\u00e1-Mirim - Corpo de Bombeiros Militar de Rond\u00f4nia","isPartOf":{"@id":"https:\/\/www.cbm.ro.gov.br\/#website"},"primaryImageOfPage":{"@id":"https:\/\/www.cbm.ro.gov.br\/?p=3177#primaryimage"},"image":{"@id":"https:\/\/www.cbm.ro.gov.br\/?p=3177#primaryimage"},"thumbnailUrl":"https:\/\/www.cbm.ro.gov.br\/wp-content\/uploads\/2024\/09\/CBMRO-FLORESTAL.jpeg","datePublished":"2024-09-05T18:30:24+00:00","dateModified":"2024-09-05T18:30:25+00:00","breadcrumb":{"@id":"https:\/\/www.cbm.ro.gov.br\/?p=3177#breadcrumb"},"inLanguage":"pt-BR","potentialAction":[{"@type":"ReadAction","target":["https:\/\/www.cbm.ro.gov.br\/?p=3177"]}]},{"@type":"ImageObject","inLanguage":"pt-BR","@id":"https:\/\/www.cbm.ro.gov.br\/?p=3177#primaryimage","url":"https:\/\/www.cbm.ro.gov.br\/wp-content\/uploads\/2024\/09\/CBMRO-FLORESTAL.jpeg","contentUrl":"https:\/\/www.cbm.ro.gov.br\/wp-content\/uploads\/2024\/09\/CBMRO-FLORESTAL.jpeg","width":1600,"height":1200},{"@type":"BreadcrumbList","@id":"https:\/\/www.cbm.ro.gov.br\/?p=3177#breadcrumb","itemListElement":[{"@type":"ListItem","position":1,"name":"In\u00edcio","item":"https:\/\/www.cbm.ro.gov.br\/"},{"@type":"ListItem","position":2,"name":"Opera\u00e7\u00e3o Tempor\u00e3: a\u00e7\u00e3o conjunta reduz em mais de 70% \u00e1reas atingidas por inc\u00eandios no Parque Estadual Guajar\u00e1-Mirim"}]},{"@type":"WebSite","@id":"https:\/\/www.cbm.ro.gov.br\/#website","url":"https:\/\/www.cbm.ro.gov.br\/","name":"Corpo de Bombeiros Militar de Rond\u00f4nia","description":"Vidas alheias, riquezas salvar!","publisher":{"@id":"https:\/\/www.cbm.ro.gov.br\/#organization"},"alternateName":"cbmro","potentialAction":[{"@type":"SearchAction","target":{"@type":"EntryPoint","urlTemplate":"https:\/\/www.cbm.ro.gov.br\/?s={search_term_string}"},"query-input":{"@type":"PropertyValueSpecification","valueRequired":true,"valueName":"search_term_string"}}],"inLanguage":"pt-BR"},{"@type":"Organization","@id":"https:\/\/www.cbm.ro.gov.br\/#organization","name":"Corpo de Bombeiros Militar do Estado de Rond\u00f4nia","alternateName":"CBMRO","url":"https:\/\/www.cbm.ro.gov.br\/","logo":{"@type":"ImageObject","inLanguage":"pt-BR","@id":"https:\/\/www.cbm.ro.gov.br\/#\/schema\/logo\/image\/","url":"https:\/\/www.cbm.ro.gov.br\/wp-content\/uploads\/2023\/12\/cropped-cropped-cropped-BRASO_3D_32-1-e1724344443171.png","contentUrl":"https:\/\/www.cbm.ro.gov.br\/wp-content\/uploads\/2023\/12\/cropped-cropped-cropped-BRASO_3D_32-1-e1724344443171.png","width":446,"height":441,"caption":"Corpo de Bombeiros Militar do Estado de Rond\u00f4nia"},"image":{"@id":"https:\/\/www.cbm.ro.gov.br\/#\/schema\/logo\/image\/"},"sameAs":["https:\/\/www.facebook.com\/cbmro.oficial\/","https:\/\/www.youtube.com\/c\/CorpodeBombeirosMilitardoEstadodeRond\u00f4nia"]},{"@type":"Person","@id":"https:\/\/www.cbm.ro.gov.br\/#\/schema\/person\/b035b7e269aef4233e9514c2751917c5","name":"Marcos Barros","sameAs":["http:\/\/10.210.0.90\/wp-admin\/post.php?post=2688&amp;action=edit"],"url":"https:\/\/www.cbm.ro.gov.br\/?author=5"}]}},"wpmagazine_modules_lite_featured_media_urls":{"thumbnail":["https:\/\/www.cbm.ro.gov.br\/wp-content\/uploads\/2024\/09\/CBMRO-FLORESTAL-150x150.jpeg",150,150,true],"cvmm-medium":["https:\/\/www.cbm.ro.gov.br\/wp-content\/uploads\/2024\/09\/CBMRO-FLORESTAL-300x300.jpeg",300,300,true],"cvmm-medium-plus":["https:\/\/www.cbm.ro.gov.br\/wp-content\/uploads\/2024\/09\/CBMRO-FLORESTAL-305x207.jpeg",305,207,true],"cvmm-portrait":["https:\/\/www.cbm.ro.gov.br\/wp-content\/uploads\/2024\/09\/CBMRO-FLORESTAL-400x600.jpeg",400,600,true],"cvmm-medium-square":["https:\/\/www.cbm.ro.gov.br\/wp-content\/uploads\/2024\/09\/CBMRO-FLORESTAL-600x600.jpeg",600,600,true],"cvmm-large":["https:\/\/www.cbm.ro.gov.br\/wp-content\/uploads\/2024\/09\/CBMRO-FLORESTAL-1024x1024.jpeg",1024,1024,true],"cvmm-small":["https:\/\/www.cbm.ro.gov.br\/wp-content\/uploads\/2024\/09\/CBMRO-FLORESTAL-130x95.jpeg",130,95,true],"full":["https:\/\/www.cbm.ro.gov.br\/wp-content\/uploads\/2024\/09\/CBMRO-FLORESTAL.jpeg",1600,1200,false]},"categories_names":{"1":{"name":"CBMRO","link":"https:\/\/www.cbm.ro.gov.br\/?cat=1"}},"tags_names":{"13":{"name":"CBMRO","link":"https:\/\/www.cbm.ro.gov.br\/?tag=cbmro"},"58":{"name":"COMBATEAINCENDIO","link":"https:\/\/www.cbm.ro.gov.br\/?tag=combateaincendio"},"86":{"name":"GOVERNODERONDONIA","link":"https:\/\/www.cbm.ro.gov.br\/?tag=governoderondonia"},"60":{"name":"GUAJAR\u00c1-MIRIM","link":"https:\/\/www.cbm.ro.gov.br\/?tag=guajara-mirim"},"113":{"name":"OPERA\u00c7\u00c3O TEMPOR\u00c3","link":"https:\/\/www.cbm.ro.gov.br\/?tag=operacao-tempora"},"83":{"name":"QUEIMADAS","link":"https:\/\/www.cbm.ro.gov.br\/?tag=queimadas"}},"comments_number":"0","_links":{"self":[{"href":"https:\/\/www.cbm.ro.gov.br\/index.php?rest_route=\/wp\/v2\/posts\/3177","targetHints":{"allow":["GET"]}}],"collection":[{"href":"https:\/\/www.cbm.ro.gov.br\/index.php?rest_route=\/wp\/v2\/posts"}],"about":[{"href":"https:\/\/www.cbm.ro.gov.br\/index.php?rest_route=\/wp\/v2\/types\/post"}],"author":[{"embeddable":true,"href":"https:\/\/www.cbm.ro.gov.br\/index.php?rest_route=\/wp\/v2\/users\/5"}],"replies":[{"embeddable":true,"href":"https:\/\/www.cbm.ro.gov.br\/index.php?rest_route=%2Fwp%2Fv2%2Fcomments&post=3177"}],"version-history":[{"count":1,"href":"https:\/\/www.cbm.ro.gov.br\/index.php?rest_route=\/wp\/v2\/posts\/3177\/revisions"}],"predecessor-version":[{"id":3179,"href":"https:\/\/www.cbm.ro.gov.br\/index.php?rest_route=\/wp\/v2\/posts\/3177\/revisions\/3179"}],"wp:featuredmedia":[{"embeddable":true,"href":"https:\/\/www.cbm.ro.gov.br\/index.php?rest_route=\/wp\/v2\/media\/3178"}],"wp:attachment":[{"href":"https:\/\/www.cbm.ro.gov.br\/index.php?rest_route=%2Fwp%2Fv2%2Fmedia&parent=3177"}],"wp:term":[{"taxonomy":"category","embeddable":true,"href":"https:\/\/www.cbm.ro.gov.br\/index.php?rest_route=%2Fwp%2Fv2%2Fcategories&post=3177"},{"taxonomy":"post_tag","embeddable":true,"href":"https:\/\/www.cbm.ro.gov.br\/index.php?rest_route=%2Fwp%2Fv2%2Ftags&post=3177"}],"curies":[{"name":"wp","href":"https:\/\/api.w.org\/{rel}","templated":true}]}}