{"id":3174,"date":"2024-09-05T13:51:14","date_gmt":"2024-09-05T17:51:14","guid":{"rendered":"https:\/\/www.cbm.ro.gov.br\/?p=3174"},"modified":"2024-09-05T13:51:15","modified_gmt":"2024-09-05T17:51:15","slug":"edital-de-convocacao-dos-candidatos-aprovados-e-classificadosnas-vagas-para-apresentacao-de-documentacao-do-processoseletivo-simplificado-visando-a-contratacao-temporaria-deprofissionais-arquiteto-e","status":"publish","type":"post","link":"https:\/\/www.cbm.ro.gov.br\/?p=3174","title":{"rendered":"EDITAL DE CONVOCA\u00c7\u00c3O DOS CANDIDATOS APROVADOS E CLASSIFICADOSNAS VAGAS PARA APRESENTA\u00c7\u00c3O DE DOCUMENTA\u00c7\u00c3O DO PROCESSOSELETIVO SIMPLIFICADO, VISANDO A CONTRATA\u00c7\u00c3O TEMPOR\u00c1RIA DEPROFISSIONAIS ARQUITETO E ANALISTA EM TECNOLOGIA DA INFORMA\u00c7\u00c3O ECOMUNICA\u00c7\u00c3O &#8211; (TIC): ANALISTA DE DESENVOLVIMENTO FULL-STACK, PARAA APRESENTA\u00c7\u00c3O DE DOCUMENTOS E ASSINATURA DE CONTRATO"},"content":{"rendered":"\n<p>O Comandante-Geral do Corpo de Bombeiros Militar do Estado de Rond\u00f4nia, Cel BM<br>Nivaldo de Azevedo Ferreira, no uso de suas atribui\u00e7\u00f5es legais, conforme os autos do Processo<br>Administrativo n\u00ba 0004.005249\/2023-76, considerando a necessidade tempor\u00e1ria de excepcional interesse<br>p\u00fablico da contrata\u00e7\u00e3o de profissionais habilitados para atender a obras, servi\u00e7os de arquitetura, e servi\u00e7os<br>em tecnologia de informa\u00e7\u00e3o e comunica\u00e7\u00e3o, considerando ainda o item 13, do Edital n\u00ba 1\/2024\/CBM-CP<br>de 01 de julho de 2024 (0048550138), bem como a Homologa\u00e7\u00e3o de Resultado Final (0052457678), e o<br>Edital n\u00ba 18\/2024\/CBM-CP (0052458199), de 03 de setembro de 2024, e de acordo com a Autoriza\u00e7\u00e3o do<br>Gestor do CBM (0041322161) de 30 de agosto de 2024, Autoriza\u00e7\u00e3o do Secret\u00e1rio Adjunto da SESDEC<br>(0044433047) de 19 de dezembro de 2023, e Minisfesto Favor\u00e1vel da Secret\u00e1ria Adjunta de Estado do<br>Planejamento, Or\u00e7amento e Gest\u00e3o &#8211; SEPOG (0049821471) de 19 de junho de 2024, resolve<br>CONVOCA\udbc0\udc00R:<br>Os seguintes candidatos, para a entrega de documenta\u00e7\u00e3o visando assinatura de contrato, e<br>atender, no \u00e2mbito do Corpo de Bombeiros Militar do Estado de Rond\u00f4nia \u2013 CBMRO, as Diretorias de<br>Atividades T\u00e9cnicas e Diretoria de Infom\u00e1tica do CBMRO, conforme rela\u00e7\u00e3o:<\/p>\n\n\n\n<p><a href=\"https:\/\/www.cbm.ro.gov.br\/wp-content\/uploads\/2024\/09\/SEI_0052530913_Edital_19-RESULTADO-FINAL.pdf\">CLIQUE AQUI PARA ACESSAR RELA\u00c7\u00c3O NO EDITAL <\/a><\/p>\n","protected":false},"excerpt":{"rendered":"<p>O Comandante-Geral do Corpo de Bombeiros Militar do Estado de Rond\u00f4nia, Cel BMNivaldo de Azevedo Ferreira, no uso de suas atribui\u00e7\u00f5es legais, conforme os autos do ProcessoAdministrativo n\u00ba 0004.005249\/2023-76, considerando&hellip;<\/p>\n","protected":false},"author":5,"featured_media":2454,"comment_status":"closed","ping_status":"open","sticky":false,"template":"","format":"standard","meta":{"footnotes":""},"categories":[1,69],"tags":[54,67,13,37],"class_list":["post-3174","post","type-post","status-publish","format-standard","has-post-thumbnail","hentry","category-cbmro","category-edital","tag-analista-em-tecnologia-da-informacao-e-comunicacao-tic-analista-de-desenvolvimento-full-stack","tag-arquitetos","tag-cbmro","tag-edital"],"yoast_head":"<!-- This site is optimized with the Yoast SEO plugin v23.7 - https:\/\/yoast.com\/wordpress\/plugins\/seo\/ -->\n<title>EDITAL DE CONVOCA\u00c7\u00c3O DOS CANDIDATOS APROVADOS E CLASSIFICADOSNAS VAGAS PARA APRESENTA\u00c7\u00c3O DE DOCUMENTA\u00c7\u00c3O DO PROCESSOSELETIVO SIMPLIFICADO, VISANDO A CONTRATA\u00c7\u00c3O TEMPOR\u00c1RIA DEPROFISSIONAIS ARQUITETO E ANALISTA EM TECNOLOGIA DA INFORMA\u00c7\u00c3O ECOMUNICA\u00c7\u00c3O - (TIC): ANALISTA DE DESENVOLVIMENTO FULL-STACK, PARAA APRESENTA\u00c7\u00c3O DE DOCUMENTOS E ASSINATURA DE CONTRATO - Corpo de Bombeiros Militar de Rond\u00f4nia<\/title>\n<meta name=\"robots\" content=\"index, follow, max-snippet:-1, max-image-preview:large, max-video-preview:-1\" \/>\n<link rel=\"canonical\" href=\"https:\/\/www.cbm.ro.gov.br\/?p=3174\" \/>\n<meta property=\"og:locale\" content=\"pt_BR\" \/>\n<meta property=\"og:type\" content=\"article\" \/>\n<meta property=\"og:title\" content=\"EDITAL DE CONVOCA\u00c7\u00c3O DOS CANDIDATOS APROVADOS E CLASSIFICADOSNAS VAGAS PARA APRESENTA\u00c7\u00c3O DE DOCUMENTA\u00c7\u00c3O DO PROCESSOSELETIVO SIMPLIFICADO, VISANDO A CONTRATA\u00c7\u00c3O TEMPOR\u00c1RIA DEPROFISSIONAIS ARQUITETO E ANALISTA EM TECNOLOGIA DA INFORMA\u00c7\u00c3O ECOMUNICA\u00c7\u00c3O - (TIC): ANALISTA DE DESENVOLVIMENTO FULL-STACK, PARAA APRESENTA\u00c7\u00c3O DE DOCUMENTOS E ASSINATURA DE CONTRATO - Corpo de Bombeiros Militar de Rond\u00f4nia\" \/>\n<meta property=\"og:description\" content=\"O Comandante-Geral do Corpo de Bombeiros Militar do Estado de Rond\u00f4nia, Cel BMNivaldo de Azevedo Ferreira, no uso de suas atribui\u00e7\u00f5es legais, conforme os autos do ProcessoAdministrativo n\u00ba 0004.005249\/2023-76, considerando&hellip;\" \/>\n<meta property=\"og:url\" content=\"https:\/\/www.cbm.ro.gov.br\/?p=3174\" \/>\n<meta property=\"og:site_name\" content=\"Corpo de Bombeiros Militar de Rond\u00f4nia\" \/>\n<meta property=\"article:publisher\" content=\"https:\/\/www.facebook.com\/cbmro.oficial\/\" \/>\n<meta property=\"article:published_time\" content=\"2024-09-05T17:51:14+00:00\" \/>\n<meta property=\"article:modified_time\" content=\"2024-09-05T17:51:15+00:00\" \/>\n<meta property=\"og:image\" content=\"https:\/\/www.cbm.ro.gov.br\/wp-content\/uploads\/2023\/12\/cropped-cropped-cropped-BRASO_3D_32-1-e1724344443171.png\" \/>\n\t<meta property=\"og:image:width\" content=\"446\" \/>\n\t<meta property=\"og:image:height\" content=\"441\" \/>\n\t<meta property=\"og:image:type\" content=\"image\/png\" \/>\n<meta name=\"author\" content=\"Marcos Barros\" \/>\n<meta name=\"twitter:card\" content=\"summary_large_image\" \/>\n<meta name=\"twitter:label1\" content=\"Escrito por\" \/>\n\t<meta name=\"twitter:data1\" content=\"Marcos Barros\" \/>\n\t<meta name=\"twitter:label2\" content=\"Est. tempo de leitura\" \/>\n\t<meta name=\"twitter:data2\" content=\"1 minuto\" \/>\n<script type=\"application\/ld+json\" class=\"yoast-schema-graph\">{\"@context\":\"https:\/\/schema.org\",\"@graph\":[{\"@type\":\"Article\",\"@id\":\"https:\/\/www.cbm.ro.gov.br\/?p=3174#article\",\"isPartOf\":{\"@id\":\"https:\/\/www.cbm.ro.gov.br\/?p=3174\"},\"author\":{\"name\":\"Marcos Barros\",\"@id\":\"https:\/\/www.cbm.ro.gov.br\/#\/schema\/person\/b035b7e269aef4233e9514c2751917c5\"},\"headline\":\"EDITAL DE CONVOCA\u00c7\u00c3O DOS CANDIDATOS APROVADOS E CLASSIFICADOSNAS VAGAS PARA APRESENTA\u00c7\u00c3O DE DOCUMENTA\u00c7\u00c3O DO PROCESSOSELETIVO SIMPLIFICADO, VISANDO A CONTRATA\u00c7\u00c3O TEMPOR\u00c1RIA DEPROFISSIONAIS ARQUITETO E ANALISTA EM TECNOLOGIA DA INFORMA\u00c7\u00c3O ECOMUNICA\u00c7\u00c3O &#8211; (TIC): ANALISTA DE DESENVOLVIMENTO FULL-STACK, PARAA APRESENTA\u00c7\u00c3O DE DOCUMENTOS E ASSINATURA DE CONTRATO\",\"datePublished\":\"2024-09-05T17:51:14+00:00\",\"dateModified\":\"2024-09-05T17:51:15+00:00\",\"mainEntityOfPage\":{\"@id\":\"https:\/\/www.cbm.ro.gov.br\/?p=3174\"},\"wordCount\":242,\"publisher\":{\"@id\":\"https:\/\/www.cbm.ro.gov.br\/#organization\"},\"image\":{\"@id\":\"https:\/\/www.cbm.ro.gov.br\/?p=3174#primaryimage\"},\"thumbnailUrl\":\"https:\/\/www.cbm.ro.gov.br\/wp-content\/uploads\/2023\/12\/cropped-cropped-cropped-BRASO_3D_32-1-e1724344443171.png\",\"keywords\":[\"ANALISTA EM TECNOLOGIA DA INFORMA\u00c7\u00c3O E COMUNICA\u00c7\u00c3O - TIC: ANALISTA DE DESENVOLVIMENTO FULL-STACK\",\"ARQUITETOS\",\"CBMRO\",\"Edital\"],\"articleSection\":[\"CBMRO\",\"EDITAL\"],\"inLanguage\":\"pt-BR\"},{\"@type\":\"WebPage\",\"@id\":\"https:\/\/www.cbm.ro.gov.br\/?p=3174\",\"url\":\"https:\/\/www.cbm.ro.gov.br\/?p=3174\",\"name\":\"EDITAL DE CONVOCA\u00c7\u00c3O DOS CANDIDATOS APROVADOS E CLASSIFICADOSNAS VAGAS PARA APRESENTA\u00c7\u00c3O DE DOCUMENTA\u00c7\u00c3O DO PROCESSOSELETIVO SIMPLIFICADO, VISANDO A CONTRATA\u00c7\u00c3O TEMPOR\u00c1RIA DEPROFISSIONAIS ARQUITETO E ANALISTA EM TECNOLOGIA DA INFORMA\u00c7\u00c3O ECOMUNICA\u00c7\u00c3O - (TIC): ANALISTA DE DESENVOLVIMENTO FULL-STACK, PARAA APRESENTA\u00c7\u00c3O DE DOCUMENTOS E ASSINATURA DE CONTRATO - Corpo de Bombeiros Militar de Rond\u00f4nia\",\"isPartOf\":{\"@id\":\"https:\/\/www.cbm.ro.gov.br\/#website\"},\"primaryImageOfPage\":{\"@id\":\"https:\/\/www.cbm.ro.gov.br\/?p=3174#primaryimage\"},\"image\":{\"@id\":\"https:\/\/www.cbm.ro.gov.br\/?p=3174#primaryimage\"},\"thumbnailUrl\":\"https:\/\/www.cbm.ro.gov.br\/wp-content\/uploads\/2023\/12\/cropped-cropped-cropped-BRASO_3D_32-1-e1724344443171.png\",\"datePublished\":\"2024-09-05T17:51:14+00:00\",\"dateModified\":\"2024-09-05T17:51:15+00:00\",\"breadcrumb\":{\"@id\":\"https:\/\/www.cbm.ro.gov.br\/?p=3174#breadcrumb\"},\"inLanguage\":\"pt-BR\",\"potentialAction\":[{\"@type\":\"ReadAction\",\"target\":[\"https:\/\/www.cbm.ro.gov.br\/?p=3174\"]}]},{\"@type\":\"ImageObject\",\"inLanguage\":\"pt-BR\",\"@id\":\"https:\/\/www.cbm.ro.gov.br\/?p=3174#primaryimage\",\"url\":\"https:\/\/www.cbm.ro.gov.br\/wp-content\/uploads\/2023\/12\/cropped-cropped-cropped-BRASO_3D_32-1-e1724344443171.png\",\"contentUrl\":\"https:\/\/www.cbm.ro.gov.br\/wp-content\/uploads\/2023\/12\/cropped-cropped-cropped-BRASO_3D_32-1-e1724344443171.png\",\"width\":446,\"height\":441},{\"@type\":\"BreadcrumbList\",\"@id\":\"https:\/\/www.cbm.ro.gov.br\/?p=3174#breadcrumb\",\"itemListElement\":[{\"@type\":\"ListItem\",\"position\":1,\"name\":\"In\u00edcio\",\"item\":\"https:\/\/www.cbm.ro.gov.br\/\"},{\"@type\":\"ListItem\",\"position\":2,\"name\":\"EDITAL DE CONVOCA\u00c7\u00c3O DOS CANDIDATOS APROVADOS E CLASSIFICADOSNAS VAGAS PARA APRESENTA\u00c7\u00c3O DE DOCUMENTA\u00c7\u00c3O DO PROCESSOSELETIVO SIMPLIFICADO, VISANDO A CONTRATA\u00c7\u00c3O TEMPOR\u00c1RIA DEPROFISSIONAIS ARQUITETO E ANALISTA EM TECNOLOGIA DA INFORMA\u00c7\u00c3O ECOMUNICA\u00c7\u00c3O &#8211; (TIC): ANALISTA DE DESENVOLVIMENTO FULL-STACK, PARAA APRESENTA\u00c7\u00c3O DE DOCUMENTOS E ASSINATURA DE CONTRATO\"}]},{\"@type\":\"WebSite\",\"@id\":\"https:\/\/www.cbm.ro.gov.br\/#website\",\"url\":\"https:\/\/www.cbm.ro.gov.br\/\",\"name\":\"Corpo de Bombeiros Militar de Rond\u00f4nia\",\"description\":\"Vidas alheias, riquezas salvar!\",\"publisher\":{\"@id\":\"https:\/\/www.cbm.ro.gov.br\/#organization\"},\"alternateName\":\"cbmro\",\"potentialAction\":[{\"@type\":\"SearchAction\",\"target\":{\"@type\":\"EntryPoint\",\"urlTemplate\":\"https:\/\/www.cbm.ro.gov.br\/?s={search_term_string}\"},\"query-input\":{\"@type\":\"PropertyValueSpecification\",\"valueRequired\":true,\"valueName\":\"search_term_string\"}}],\"inLanguage\":\"pt-BR\"},{\"@type\":\"Organization\",\"@id\":\"https:\/\/www.cbm.ro.gov.br\/#organization\",\"name\":\"Corpo de Bombeiros Militar do Estado de Rond\u00f4nia\",\"alternateName\":\"CBMRO\",\"url\":\"https:\/\/www.cbm.ro.gov.br\/\",\"logo\":{\"@type\":\"ImageObject\",\"inLanguage\":\"pt-BR\",\"@id\":\"https:\/\/www.cbm.ro.gov.br\/#\/schema\/logo\/image\/\",\"url\":\"https:\/\/www.cbm.ro.gov.br\/wp-content\/uploads\/2023\/12\/cropped-cropped-cropped-BRASO_3D_32-1-e1724344443171.png\",\"contentUrl\":\"https:\/\/www.cbm.ro.gov.br\/wp-content\/uploads\/2023\/12\/cropped-cropped-cropped-BRASO_3D_32-1-e1724344443171.png\",\"width\":446,\"height\":441,\"caption\":\"Corpo de Bombeiros Militar do Estado de Rond\u00f4nia\"},\"image\":{\"@id\":\"https:\/\/www.cbm.ro.gov.br\/#\/schema\/logo\/image\/\"},\"sameAs\":[\"https:\/\/www.facebook.com\/cbmro.oficial\/\",\"https:\/\/www.youtube.com\/c\/CorpodeBombeirosMilitardoEstadodeRond\u00f4nia\"]},{\"@type\":\"Person\",\"@id\":\"https:\/\/www.cbm.ro.gov.br\/#\/schema\/person\/b035b7e269aef4233e9514c2751917c5\",\"name\":\"Marcos Barros\",\"sameAs\":[\"http:\/\/10.210.0.90\/wp-admin\/post.php?post=2688&amp;action=edit\"],\"url\":\"https:\/\/www.cbm.ro.gov.br\/?author=5\"}]}<\/script>\n<!-- \/ Yoast SEO plugin. -->","yoast_head_json":{"title":"EDITAL DE CONVOCA\u00c7\u00c3O DOS CANDIDATOS APROVADOS E CLASSIFICADOSNAS VAGAS PARA APRESENTA\u00c7\u00c3O DE DOCUMENTA\u00c7\u00c3O DO PROCESSOSELETIVO SIMPLIFICADO, VISANDO A CONTRATA\u00c7\u00c3O TEMPOR\u00c1RIA DEPROFISSIONAIS ARQUITETO E ANALISTA EM TECNOLOGIA DA INFORMA\u00c7\u00c3O ECOMUNICA\u00c7\u00c3O - (TIC): ANALISTA DE DESENVOLVIMENTO FULL-STACK, PARAA APRESENTA\u00c7\u00c3O DE DOCUMENTOS E ASSINATURA DE CONTRATO - Corpo de Bombeiros Militar de Rond\u00f4nia","robots":{"index":"index","follow":"follow","max-snippet":"max-snippet:-1","max-image-preview":"max-image-preview:large","max-video-preview":"max-video-preview:-1"},"canonical":"https:\/\/www.cbm.ro.gov.br\/?p=3174","og_locale":"pt_BR","og_type":"article","og_title":"EDITAL DE CONVOCA\u00c7\u00c3O DOS CANDIDATOS APROVADOS E CLASSIFICADOSNAS VAGAS PARA APRESENTA\u00c7\u00c3O DE DOCUMENTA\u00c7\u00c3O DO PROCESSOSELETIVO SIMPLIFICADO, VISANDO A CONTRATA\u00c7\u00c3O TEMPOR\u00c1RIA DEPROFISSIONAIS ARQUITETO E ANALISTA EM TECNOLOGIA DA INFORMA\u00c7\u00c3O ECOMUNICA\u00c7\u00c3O - (TIC): ANALISTA DE DESENVOLVIMENTO FULL-STACK, PARAA APRESENTA\u00c7\u00c3O DE DOCUMENTOS E ASSINATURA DE CONTRATO - Corpo de Bombeiros Militar de Rond\u00f4nia","og_description":"O Comandante-Geral do Corpo de Bombeiros Militar do Estado de Rond\u00f4nia, Cel BMNivaldo de Azevedo Ferreira, no uso de suas atribui\u00e7\u00f5es legais, conforme os autos do ProcessoAdministrativo n\u00ba 0004.005249\/2023-76, considerando&hellip;","og_url":"https:\/\/www.cbm.ro.gov.br\/?p=3174","og_site_name":"Corpo de Bombeiros Militar de Rond\u00f4nia","article_publisher":"https:\/\/www.facebook.com\/cbmro.oficial\/","article_published_time":"2024-09-05T17:51:14+00:00","article_modified_time":"2024-09-05T17:51:15+00:00","og_image":[{"width":446,"height":441,"url":"https:\/\/www.cbm.ro.gov.br\/wp-content\/uploads\/2023\/12\/cropped-cropped-cropped-BRASO_3D_32-1-e1724344443171.png","type":"image\/png"}],"author":"Marcos Barros","twitter_card":"summary_large_image","twitter_misc":{"Escrito por":"Marcos Barros","Est. tempo de leitura":"1 minuto"},"schema":{"@context":"https:\/\/schema.org","@graph":[{"@type":"Article","@id":"https:\/\/www.cbm.ro.gov.br\/?p=3174#article","isPartOf":{"@id":"https:\/\/www.cbm.ro.gov.br\/?p=3174"},"author":{"name":"Marcos Barros","@id":"https:\/\/www.cbm.ro.gov.br\/#\/schema\/person\/b035b7e269aef4233e9514c2751917c5"},"headline":"EDITAL DE CONVOCA\u00c7\u00c3O DOS CANDIDATOS APROVADOS E CLASSIFICADOSNAS VAGAS PARA APRESENTA\u00c7\u00c3O DE DOCUMENTA\u00c7\u00c3O DO PROCESSOSELETIVO SIMPLIFICADO, VISANDO A CONTRATA\u00c7\u00c3O TEMPOR\u00c1RIA DEPROFISSIONAIS ARQUITETO E ANALISTA EM TECNOLOGIA DA INFORMA\u00c7\u00c3O ECOMUNICA\u00c7\u00c3O &#8211; (TIC): ANALISTA DE DESENVOLVIMENTO FULL-STACK, PARAA APRESENTA\u00c7\u00c3O DE DOCUMENTOS E ASSINATURA DE CONTRATO","datePublished":"2024-09-05T17:51:14+00:00","dateModified":"2024-09-05T17:51:15+00:00","mainEntityOfPage":{"@id":"https:\/\/www.cbm.ro.gov.br\/?p=3174"},"wordCount":242,"publisher":{"@id":"https:\/\/www.cbm.ro.gov.br\/#organization"},"image":{"@id":"https:\/\/www.cbm.ro.gov.br\/?p=3174#primaryimage"},"thumbnailUrl":"https:\/\/www.cbm.ro.gov.br\/wp-content\/uploads\/2023\/12\/cropped-cropped-cropped-BRASO_3D_32-1-e1724344443171.png","keywords":["ANALISTA EM TECNOLOGIA DA INFORMA\u00c7\u00c3O E COMUNICA\u00c7\u00c3O - TIC: ANALISTA DE DESENVOLVIMENTO FULL-STACK","ARQUITETOS","CBMRO","Edital"],"articleSection":["CBMRO","EDITAL"],"inLanguage":"pt-BR"},{"@type":"WebPage","@id":"https:\/\/www.cbm.ro.gov.br\/?p=3174","url":"https:\/\/www.cbm.ro.gov.br\/?p=3174","name":"EDITAL DE CONVOCA\u00c7\u00c3O DOS CANDIDATOS APROVADOS E CLASSIFICADOSNAS VAGAS PARA APRESENTA\u00c7\u00c3O DE DOCUMENTA\u00c7\u00c3O DO PROCESSOSELETIVO SIMPLIFICADO, VISANDO A CONTRATA\u00c7\u00c3O TEMPOR\u00c1RIA DEPROFISSIONAIS ARQUITETO E ANALISTA EM TECNOLOGIA DA INFORMA\u00c7\u00c3O ECOMUNICA\u00c7\u00c3O - (TIC): ANALISTA DE DESENVOLVIMENTO FULL-STACK, PARAA APRESENTA\u00c7\u00c3O DE DOCUMENTOS E ASSINATURA DE CONTRATO - Corpo de Bombeiros Militar de Rond\u00f4nia","isPartOf":{"@id":"https:\/\/www.cbm.ro.gov.br\/#website"},"primaryImageOfPage":{"@id":"https:\/\/www.cbm.ro.gov.br\/?p=3174#primaryimage"},"image":{"@id":"https:\/\/www.cbm.ro.gov.br\/?p=3174#primaryimage"},"thumbnailUrl":"https:\/\/www.cbm.ro.gov.br\/wp-content\/uploads\/2023\/12\/cropped-cropped-cropped-BRASO_3D_32-1-e1724344443171.png","datePublished":"2024-09-05T17:51:14+00:00","dateModified":"2024-09-05T17:51:15+00:00","breadcrumb":{"@id":"https:\/\/www.cbm.ro.gov.br\/?p=3174#breadcrumb"},"inLanguage":"pt-BR","potentialAction":[{"@type":"ReadAction","target":["https:\/\/www.cbm.ro.gov.br\/?p=3174"]}]},{"@type":"ImageObject","inLanguage":"pt-BR","@id":"https:\/\/www.cbm.ro.gov.br\/?p=3174#primaryimage","url":"https:\/\/www.cbm.ro.gov.br\/wp-content\/uploads\/2023\/12\/cropped-cropped-cropped-BRASO_3D_32-1-e1724344443171.png","contentUrl":"https:\/\/www.cbm.ro.gov.br\/wp-content\/uploads\/2023\/12\/cropped-cropped-cropped-BRASO_3D_32-1-e1724344443171.png","width":446,"height":441},{"@type":"BreadcrumbList","@id":"https:\/\/www.cbm.ro.gov.br\/?p=3174#breadcrumb","itemListElement":[{"@type":"ListItem","position":1,"name":"In\u00edcio","item":"https:\/\/www.cbm.ro.gov.br\/"},{"@type":"ListItem","position":2,"name":"EDITAL DE CONVOCA\u00c7\u00c3O DOS CANDIDATOS APROVADOS E CLASSIFICADOSNAS VAGAS PARA APRESENTA\u00c7\u00c3O DE DOCUMENTA\u00c7\u00c3O DO PROCESSOSELETIVO SIMPLIFICADO, VISANDO A CONTRATA\u00c7\u00c3O TEMPOR\u00c1RIA DEPROFISSIONAIS ARQUITETO E ANALISTA EM TECNOLOGIA DA INFORMA\u00c7\u00c3O ECOMUNICA\u00c7\u00c3O &#8211; (TIC): ANALISTA DE DESENVOLVIMENTO FULL-STACK, PARAA APRESENTA\u00c7\u00c3O DE DOCUMENTOS E ASSINATURA DE CONTRATO"}]},{"@type":"WebSite","@id":"https:\/\/www.cbm.ro.gov.br\/#website","url":"https:\/\/www.cbm.ro.gov.br\/","name":"Corpo de Bombeiros Militar de Rond\u00f4nia","description":"Vidas alheias, riquezas salvar!","publisher":{"@id":"https:\/\/www.cbm.ro.gov.br\/#organization"},"alternateName":"cbmro","potentialAction":[{"@type":"SearchAction","target":{"@type":"EntryPoint","urlTemplate":"https:\/\/www.cbm.ro.gov.br\/?s={search_term_string}"},"query-input":{"@type":"PropertyValueSpecification","valueRequired":true,"valueName":"search_term_string"}}],"inLanguage":"pt-BR"},{"@type":"Organization","@id":"https:\/\/www.cbm.ro.gov.br\/#organization","name":"Corpo de Bombeiros Militar do Estado de Rond\u00f4nia","alternateName":"CBMRO","url":"https:\/\/www.cbm.ro.gov.br\/","logo":{"@type":"ImageObject","inLanguage":"pt-BR","@id":"https:\/\/www.cbm.ro.gov.br\/#\/schema\/logo\/image\/","url":"https:\/\/www.cbm.ro.gov.br\/wp-content\/uploads\/2023\/12\/cropped-cropped-cropped-BRASO_3D_32-1-e1724344443171.png","contentUrl":"https:\/\/www.cbm.ro.gov.br\/wp-content\/uploads\/2023\/12\/cropped-cropped-cropped-BRASO_3D_32-1-e1724344443171.png","width":446,"height":441,"caption":"Corpo de Bombeiros Militar do Estado de Rond\u00f4nia"},"image":{"@id":"https:\/\/www.cbm.ro.gov.br\/#\/schema\/logo\/image\/"},"sameAs":["https:\/\/www.facebook.com\/cbmro.oficial\/","https:\/\/www.youtube.com\/c\/CorpodeBombeirosMilitardoEstadodeRond\u00f4nia"]},{"@type":"Person","@id":"https:\/\/www.cbm.ro.gov.br\/#\/schema\/person\/b035b7e269aef4233e9514c2751917c5","name":"Marcos Barros","sameAs":["http:\/\/10.210.0.90\/wp-admin\/post.php?post=2688&amp;action=edit"],"url":"https:\/\/www.cbm.ro.gov.br\/?author=5"}]}},"wpmagazine_modules_lite_featured_media_urls":{"thumbnail":["https:\/\/www.cbm.ro.gov.br\/wp-content\/uploads\/2023\/12\/cropped-cropped-cropped-BRASO_3D_32-1-e1724344443171-150x150.png",150,150,true],"cvmm-medium":["https:\/\/www.cbm.ro.gov.br\/wp-content\/uploads\/2023\/12\/cropped-cropped-cropped-BRASO_3D_32-1-e1724344443171-300x300.png",300,300,true],"cvmm-medium-plus":["https:\/\/www.cbm.ro.gov.br\/wp-content\/uploads\/2023\/12\/cropped-cropped-cropped-BRASO_3D_32-1-e1724344443171-305x207.png",305,207,true],"cvmm-portrait":["https:\/\/www.cbm.ro.gov.br\/wp-content\/uploads\/2023\/12\/cropped-cropped-cropped-BRASO_3D_32-1-e1724344443171-400x441.png",400,441,true],"cvmm-medium-square":["https:\/\/www.cbm.ro.gov.br\/wp-content\/uploads\/2023\/12\/cropped-cropped-cropped-BRASO_3D_32-1-600x600.png",600,600,true],"cvmm-large":["https:\/\/www.cbm.ro.gov.br\/wp-content\/uploads\/2023\/12\/cropped-cropped-cropped-BRASO_3D_32-1-1024x1024.png",1024,1024,true],"cvmm-small":["https:\/\/www.cbm.ro.gov.br\/wp-content\/uploads\/2023\/12\/cropped-cropped-cropped-BRASO_3D_32-1-e1724344443171-130x95.png",130,95,true],"full":["https:\/\/www.cbm.ro.gov.br\/wp-content\/uploads\/2023\/12\/cropped-cropped-cropped-BRASO_3D_32-1-e1724344443171.png",446,441,false]},"categories_names":{"1":{"name":"CBMRO","link":"https:\/\/www.cbm.ro.gov.br\/?cat=1"},"69":{"name":"EDITAL","link":"https:\/\/www.cbm.ro.gov.br\/?cat=69"}},"tags_names":{"54":{"name":"ANALISTA EM TECNOLOGIA DA INFORMA\u00c7\u00c3O E COMUNICA\u00c7\u00c3O - TIC: ANALISTA DE DESENVOLVIMENTO FULL-STACK","link":"https:\/\/www.cbm.ro.gov.br\/?tag=analista-em-tecnologia-da-informacao-e-comunicacao-tic-analista-de-desenvolvimento-full-stack"},"67":{"name":"ARQUITETOS","link":"https:\/\/www.cbm.ro.gov.br\/?tag=arquitetos"},"13":{"name":"CBMRO","link":"https:\/\/www.cbm.ro.gov.br\/?tag=cbmro"},"37":{"name":"Edital","link":"https:\/\/www.cbm.ro.gov.br\/?tag=edital"}},"comments_number":"0","_links":{"self":[{"href":"https:\/\/www.cbm.ro.gov.br\/index.php?rest_route=\/wp\/v2\/posts\/3174","targetHints":{"allow":["GET"]}}],"collection":[{"href":"https:\/\/www.cbm.ro.gov.br\/index.php?rest_route=\/wp\/v2\/posts"}],"about":[{"href":"https:\/\/www.cbm.ro.gov.br\/index.php?rest_route=\/wp\/v2\/types\/post"}],"author":[{"embeddable":true,"href":"https:\/\/www.cbm.ro.gov.br\/index.php?rest_route=\/wp\/v2\/users\/5"}],"replies":[{"embeddable":true,"href":"https:\/\/www.cbm.ro.gov.br\/index.php?rest_route=%2Fwp%2Fv2%2Fcomments&post=3174"}],"version-history":[{"count":1,"href":"https:\/\/www.cbm.ro.gov.br\/index.php?rest_route=\/wp\/v2\/posts\/3174\/revisions"}],"predecessor-version":[{"id":3176,"href":"https:\/\/www.cbm.ro.gov.br\/index.php?rest_route=\/wp\/v2\/posts\/3174\/revisions\/3176"}],"wp:featuredmedia":[{"embeddable":true,"href":"https:\/\/www.cbm.ro.gov.br\/index.php?rest_route=\/wp\/v2\/media\/2454"}],"wp:attachment":[{"href":"https:\/\/www.cbm.ro.gov.br\/index.php?rest_route=%2Fwp%2Fv2%2Fmedia&parent=3174"}],"wp:term":[{"taxonomy":"category","embeddable":true,"href":"https:\/\/www.cbm.ro.gov.br\/index.php?rest_route=%2Fwp%2Fv2%2Fcategories&post=3174"},{"taxonomy":"post_tag","embeddable":true,"href":"https:\/\/www.cbm.ro.gov.br\/index.php?rest_route=%2Fwp%2Fv2%2Ftags&post=3174"}],"curies":[{"name":"wp","href":"https:\/\/api.w.org\/{rel}","templated":true}]}}