{"id":3169,"date":"2024-09-05T12:20:35","date_gmt":"2024-09-05T16:20:35","guid":{"rendered":"https:\/\/www.cbm.ro.gov.br\/?p=3169"},"modified":"2024-09-05T12:20:37","modified_gmt":"2024-09-05T16:20:37","slug":"reuniao-do-comite-de-crise-hidrica-em-rondonia-mobilizacao-conjunta-para-enfrentar-a-seca-e-seus-impactos","status":"publish","type":"post","link":"https:\/\/www.cbm.ro.gov.br\/?p=3169","title":{"rendered":"Reuni\u00e3o do Comit\u00ea de Crise H\u00eddrica em Rond\u00f4nia: mobiliza\u00e7\u00e3o conjunta para enfrentar a seca e seus impactos"},"content":{"rendered":"\n<p>ESTRAT\u00c9GIAS E A\u00c7\u00d5ES<\/p>\n\n\n\n<h1 class=\"wp-block-heading\"><\/h1>\n\n\n\n<p><\/p>\n\n\n\n<p id=\"caption-attachment-801102\"><em><strong>O encontro discutiu a necessidade urgente de medidas coordenadas para mitigar os impactos da seca<\/strong><\/em><\/p>\n\n\n\n<blockquote class=\"wp-block-quote is-layout-flow wp-block-quote-is-layout-flow\">\n<p><strong>O<\/strong>&nbsp;Comit\u00ea de Crise H\u00eddrica, institu\u00eddo pelo governo do estado em novembro de 2023, realizou reuni\u00e3o com entidades estaduais e municipais para discutir e coordenar a\u00e7\u00f5es frente \u00e0 crise h\u00eddrica que afeta Rond\u00f4nia, na ter\u00e7a-feira (3), no Pal\u00e1cio Rio Madeira, em Porto Velho. A pauta principal da reuni\u00e3o foi o desenvolvimento de um plano de trabalho integrado para enfrentar os desafios impostos pela seca prolongada, incluindo o aumento de inc\u00eandios e a forma\u00e7\u00e3o de fuma\u00e7a densa que tem afetado a qualidade do ar e a sa\u00fade da popula\u00e7\u00e3o.<\/p>\n<\/blockquote>\n\n\n\n<p>Durante o encontro, foi discutida a necessidade urgente de medidas coordenadas para mitigar os impactos da seca, como a intensifica\u00e7\u00e3o das campanhas de conscientiza\u00e7\u00e3o, o aprimoramento das estrat\u00e9gias de combate a inc\u00eandios e a implementa\u00e7\u00e3o de solu\u00e7\u00f5es para o gerenciamento da \u00e1gua. Al\u00e9m disso, foram analisadas a\u00e7\u00f5es de suporte \u00e0 popula\u00e7\u00e3o afetada e a coordena\u00e7\u00e3o de esfor\u00e7os para garantir a efici\u00eancia dos recursos dispon\u00edveis.<\/p>\n\n\n\n<p><img fetchpriority=\"high\" decoding=\"async\" src=\"https:\/\/rondonia.ro.gov.br\/wp-content\/uploads\/2024\/09\/WhatsApp-Image-2024-09-03-at-09.45.52-370x278.jpeg\" alt=\"\" width=\"370\" height=\"278\" srcset=\"https:\/\/rondonia.ro.gov.br\/wp-content\/uploads\/2024\/09\/WhatsApp-Image-2024-09-03-at-09.45.52-370x278.jpeg 370w, https:\/\/rondonia.ro.gov.br\/wp-content\/uploads\/2024\/09\/WhatsApp-Image-2024-09-03-at-09.45.52-768x576.jpeg 768w, https:\/\/rondonia.ro.gov.br\/wp-content\/uploads\/2024\/09\/WhatsApp-Image-2024-09-03-at-09.45.52-1536x1152.jpeg 1536w, https:\/\/rondonia.ro.gov.br\/wp-content\/uploads\/2024\/09\/WhatsApp-Image-2024-09-03-at-09.45.52-170x128.jpeg 170w, https:\/\/rondonia.ro.gov.br\/wp-content\/uploads\/2024\/09\/WhatsApp-Image-2024-09-03-at-09.45.52-570x428.jpeg 570w, https:\/\/rondonia.ro.gov.br\/wp-content\/uploads\/2024\/09\/WhatsApp-Image-2024-09-03-at-09.45.52-870x653.jpeg 870w, https:\/\/rondonia.ro.gov.br\/wp-content\/uploads\/2024\/09\/WhatsApp-Image-2024-09-03-at-09.45.52.jpeg 1280w\"><\/p>\n\n\n\n<p id=\"caption-attachment-801100\">O Comit\u00ea segue mobilizado e em constante comunica\u00e7\u00e3o para acompanhar a evolu\u00e7\u00e3o da situa\u00e7\u00e3o<\/p>\n\n\n\n<p>O coordenador do Comit\u00ea de Crise H\u00eddrica, Cel. BM Nivaldo Ferreira de Azevedo, destacou&nbsp;em sua fala, a import\u00e2ncia da uni\u00e3o entre as diferentes esferas de governo e institui\u00e7\u00f5es para superar a crise. \u201cEstamos diante de um desafio e a colabora\u00e7\u00e3o entre todos os \u00f3rg\u00e3os envolvidos \u00e9 essencial para enfrentarmos a seca e seus efeitos. Nosso compromisso \u00e9 garantir que as medidas adotadas sejam eficazes e atinjam diretamente as \u00e1reas mais necessitadas.\u201d<\/p>\n\n\n\n<p>O Comit\u00ea segue mobilizado e em constante comunica\u00e7\u00e3o para acompanhar a evolu\u00e7\u00e3o da situa\u00e7\u00e3o, adaptando as estrat\u00e9gias conforme necess\u00e1rio. A colabora\u00e7\u00e3o entre as diversas entidades e a comunidade continua sendo uma prioridade para enfrentar os desafios impostos pela seca e minimizar seus impactos em Rond\u00f4nia.<\/p>\n\n\n\n<p><strong>PARTICIPA\u00c7\u00c3O<\/strong><\/p>\n\n\n\n<p>O encontro contou com a participa\u00e7\u00e3o do Corpo de Bombeiros Militar de Rond\u00f4nia (CBMRO),&nbsp;Coordenadoria Estadual de Prote\u00e7\u00e3o e Defesa Civil (CEPDEC-RO)&nbsp;al\u00e9m de representantes da Governadoria, Companhia de \u00c1gua e Esgotos do Estado de Rond\u00f4nia (Caerd), Secretaria de Estado do Desenvolvimento Ambiental (Sedam), Secretaria de Estado da Agricultura (Seagri), Secretaria de Estado de Finan\u00e7as (Sefin), Secretaria de Estado da Comunica\u00e7\u00e3o (Secom), Entidade Aut\u00e1rquica de Assist\u00eancia T\u00e9cnica e Extens\u00e3o Rural do Estado de Rond\u00f4nia (Emater-RO), Ag\u00eancia de Defesa Sanit\u00e1ria Agrosilvopastoril (Idaron), Ag\u00eancia Estadual de Vigil\u00e2ncia em Sa\u00fade de Rond\u00f4nia (Agevisa\/RO), Secretaria de Estado de Obras e Servi\u00e7os P\u00fablicos (Seosp), Secretaria de Estado da Justi\u00e7a (Sejus), Secretaria de Estado da Educa\u00e7\u00e3o (Seduc), Secretaria de Estado da Sa\u00fade (Sesau), Departamento Estadual de Estrada de Rodagem e Transportes (DER-RO), Superintend\u00eancia Estadual de Compras e Licita\u00e7\u00f5es (Supel) e Secretaria de Estado da Assist\u00eancia e do Desenvolvimento Social (Seas).<\/p>\n","protected":false},"excerpt":{"rendered":"<p>ESTRAT\u00c9GIAS E A\u00c7\u00d5ES O encontro discutiu a necessidade urgente de medidas coordenadas para mitigar os impactos da seca O&nbsp;Comit\u00ea de Crise H\u00eddrica, institu\u00eddo pelo governo do estado em novembro de&hellip;<\/p>\n","protected":false},"author":5,"featured_media":3171,"comment_status":"closed","ping_status":"open","sticky":false,"template":"","format":"standard","meta":{"footnotes":""},"categories":[1],"tags":[13,78,27,86,112],"class_list":["post-3169","post","type-post","status-publish","format-standard","has-post-thumbnail","hentry","category-cbmro","tag-cbmro","tag-cepdec-ro","tag-crise-hidrica","tag-governoderondonia","tag-reuniao"],"yoast_head":"<!-- This site is optimized with the Yoast SEO plugin v23.7 - https:\/\/yoast.com\/wordpress\/plugins\/seo\/ -->\n<title>Reuni\u00e3o do Comit\u00ea de Crise H\u00eddrica em Rond\u00f4nia: mobiliza\u00e7\u00e3o conjunta para enfrentar a seca e seus impactos - Corpo de Bombeiros Militar de Rond\u00f4nia<\/title>\n<meta name=\"robots\" content=\"index, follow, max-snippet:-1, max-image-preview:large, max-video-preview:-1\" \/>\n<link rel=\"canonical\" href=\"https:\/\/www.cbm.ro.gov.br\/?p=3169\" \/>\n<meta property=\"og:locale\" content=\"pt_BR\" \/>\n<meta property=\"og:type\" content=\"article\" \/>\n<meta property=\"og:title\" content=\"Reuni\u00e3o do Comit\u00ea de Crise H\u00eddrica em Rond\u00f4nia: mobiliza\u00e7\u00e3o conjunta para enfrentar a seca e seus impactos - Corpo de Bombeiros Militar de Rond\u00f4nia\" \/>\n<meta property=\"og:description\" content=\"ESTRAT\u00c9GIAS E A\u00c7\u00d5ES O encontro discutiu a necessidade urgente de medidas coordenadas para mitigar os impactos da seca O&nbsp;Comit\u00ea de Crise H\u00eddrica, institu\u00eddo pelo governo do estado em novembro de&hellip;\" \/>\n<meta property=\"og:url\" content=\"https:\/\/www.cbm.ro.gov.br\/?p=3169\" \/>\n<meta property=\"og:site_name\" content=\"Corpo de Bombeiros Militar de Rond\u00f4nia\" \/>\n<meta property=\"article:publisher\" content=\"https:\/\/www.facebook.com\/cbmro.oficial\/\" \/>\n<meta property=\"article:published_time\" content=\"2024-09-05T16:20:35+00:00\" \/>\n<meta property=\"article:modified_time\" content=\"2024-09-05T16:20:37+00:00\" \/>\n<meta property=\"og:image\" content=\"https:\/\/www.cbm.ro.gov.br\/wp-content\/uploads\/2024\/09\/WhatsApp-Image-2024-09-03-at-09.45.53-scaled.jpeg\" \/>\n\t<meta property=\"og:image:width\" content=\"1920\" \/>\n\t<meta property=\"og:image:height\" content=\"2560\" \/>\n\t<meta property=\"og:image:type\" content=\"image\/jpeg\" \/>\n<meta name=\"author\" content=\"Marcos Barros\" \/>\n<meta name=\"twitter:card\" content=\"summary_large_image\" \/>\n<meta name=\"twitter:label1\" content=\"Escrito por\" \/>\n\t<meta name=\"twitter:data1\" content=\"Marcos Barros\" \/>\n\t<meta name=\"twitter:label2\" content=\"Est. tempo de leitura\" \/>\n\t<meta name=\"twitter:data2\" content=\"3 minutos\" \/>\n<script type=\"application\/ld+json\" class=\"yoast-schema-graph\">{\"@context\":\"https:\/\/schema.org\",\"@graph\":[{\"@type\":\"Article\",\"@id\":\"https:\/\/www.cbm.ro.gov.br\/?p=3169#article\",\"isPartOf\":{\"@id\":\"https:\/\/www.cbm.ro.gov.br\/?p=3169\"},\"author\":{\"name\":\"Marcos Barros\",\"@id\":\"https:\/\/www.cbm.ro.gov.br\/#\/schema\/person\/b035b7e269aef4233e9514c2751917c5\"},\"headline\":\"Reuni\u00e3o do Comit\u00ea de Crise H\u00eddrica em Rond\u00f4nia: mobiliza\u00e7\u00e3o conjunta para enfrentar a seca e seus impactos\",\"datePublished\":\"2024-09-05T16:20:35+00:00\",\"dateModified\":\"2024-09-05T16:20:37+00:00\",\"mainEntityOfPage\":{\"@id\":\"https:\/\/www.cbm.ro.gov.br\/?p=3169\"},\"wordCount\":538,\"publisher\":{\"@id\":\"https:\/\/www.cbm.ro.gov.br\/#organization\"},\"image\":{\"@id\":\"https:\/\/www.cbm.ro.gov.br\/?p=3169#primaryimage\"},\"thumbnailUrl\":\"https:\/\/www.cbm.ro.gov.br\/wp-content\/uploads\/2024\/09\/WhatsApp-Image-2024-09-03-at-09.45.53-scaled.jpeg\",\"keywords\":[\"CBMRO\",\"CEPDEC-RO\",\"Crise h\u00eddrica\",\"GOVERNODERONDONIA\",\"REUNIAO\"],\"articleSection\":[\"CBMRO\"],\"inLanguage\":\"pt-BR\"},{\"@type\":\"WebPage\",\"@id\":\"https:\/\/www.cbm.ro.gov.br\/?p=3169\",\"url\":\"https:\/\/www.cbm.ro.gov.br\/?p=3169\",\"name\":\"Reuni\u00e3o do Comit\u00ea de Crise H\u00eddrica em Rond\u00f4nia: mobiliza\u00e7\u00e3o conjunta para enfrentar a seca e seus impactos - Corpo de Bombeiros Militar de Rond\u00f4nia\",\"isPartOf\":{\"@id\":\"https:\/\/www.cbm.ro.gov.br\/#website\"},\"primaryImageOfPage\":{\"@id\":\"https:\/\/www.cbm.ro.gov.br\/?p=3169#primaryimage\"},\"image\":{\"@id\":\"https:\/\/www.cbm.ro.gov.br\/?p=3169#primaryimage\"},\"thumbnailUrl\":\"https:\/\/www.cbm.ro.gov.br\/wp-content\/uploads\/2024\/09\/WhatsApp-Image-2024-09-03-at-09.45.53-scaled.jpeg\",\"datePublished\":\"2024-09-05T16:20:35+00:00\",\"dateModified\":\"2024-09-05T16:20:37+00:00\",\"breadcrumb\":{\"@id\":\"https:\/\/www.cbm.ro.gov.br\/?p=3169#breadcrumb\"},\"inLanguage\":\"pt-BR\",\"potentialAction\":[{\"@type\":\"ReadAction\",\"target\":[\"https:\/\/www.cbm.ro.gov.br\/?p=3169\"]}]},{\"@type\":\"ImageObject\",\"inLanguage\":\"pt-BR\",\"@id\":\"https:\/\/www.cbm.ro.gov.br\/?p=3169#primaryimage\",\"url\":\"https:\/\/www.cbm.ro.gov.br\/wp-content\/uploads\/2024\/09\/WhatsApp-Image-2024-09-03-at-09.45.53-scaled.jpeg\",\"contentUrl\":\"https:\/\/www.cbm.ro.gov.br\/wp-content\/uploads\/2024\/09\/WhatsApp-Image-2024-09-03-at-09.45.53-scaled.jpeg\",\"width\":1920,\"height\":2560},{\"@type\":\"BreadcrumbList\",\"@id\":\"https:\/\/www.cbm.ro.gov.br\/?p=3169#breadcrumb\",\"itemListElement\":[{\"@type\":\"ListItem\",\"position\":1,\"name\":\"In\u00edcio\",\"item\":\"https:\/\/www.cbm.ro.gov.br\/\"},{\"@type\":\"ListItem\",\"position\":2,\"name\":\"Reuni\u00e3o do Comit\u00ea de Crise H\u00eddrica em Rond\u00f4nia: mobiliza\u00e7\u00e3o conjunta para enfrentar a seca e seus impactos\"}]},{\"@type\":\"WebSite\",\"@id\":\"https:\/\/www.cbm.ro.gov.br\/#website\",\"url\":\"https:\/\/www.cbm.ro.gov.br\/\",\"name\":\"Corpo de Bombeiros Militar de Rond\u00f4nia\",\"description\":\"Vidas alheias, riquezas salvar!\",\"publisher\":{\"@id\":\"https:\/\/www.cbm.ro.gov.br\/#organization\"},\"alternateName\":\"cbmro\",\"potentialAction\":[{\"@type\":\"SearchAction\",\"target\":{\"@type\":\"EntryPoint\",\"urlTemplate\":\"https:\/\/www.cbm.ro.gov.br\/?s={search_term_string}\"},\"query-input\":{\"@type\":\"PropertyValueSpecification\",\"valueRequired\":true,\"valueName\":\"search_term_string\"}}],\"inLanguage\":\"pt-BR\"},{\"@type\":\"Organization\",\"@id\":\"https:\/\/www.cbm.ro.gov.br\/#organization\",\"name\":\"Corpo de Bombeiros Militar do Estado de Rond\u00f4nia\",\"alternateName\":\"CBMRO\",\"url\":\"https:\/\/www.cbm.ro.gov.br\/\",\"logo\":{\"@type\":\"ImageObject\",\"inLanguage\":\"pt-BR\",\"@id\":\"https:\/\/www.cbm.ro.gov.br\/#\/schema\/logo\/image\/\",\"url\":\"https:\/\/www.cbm.ro.gov.br\/wp-content\/uploads\/2023\/12\/cropped-cropped-cropped-BRASO_3D_32-1-e1724344443171.png\",\"contentUrl\":\"https:\/\/www.cbm.ro.gov.br\/wp-content\/uploads\/2023\/12\/cropped-cropped-cropped-BRASO_3D_32-1-e1724344443171.png\",\"width\":446,\"height\":441,\"caption\":\"Corpo de Bombeiros Militar do Estado de Rond\u00f4nia\"},\"image\":{\"@id\":\"https:\/\/www.cbm.ro.gov.br\/#\/schema\/logo\/image\/\"},\"sameAs\":[\"https:\/\/www.facebook.com\/cbmro.oficial\/\",\"https:\/\/www.youtube.com\/c\/CorpodeBombeirosMilitardoEstadodeRond\u00f4nia\"]},{\"@type\":\"Person\",\"@id\":\"https:\/\/www.cbm.ro.gov.br\/#\/schema\/person\/b035b7e269aef4233e9514c2751917c5\",\"name\":\"Marcos Barros\",\"sameAs\":[\"http:\/\/10.210.0.90\/wp-admin\/post.php?post=2688&amp;action=edit\"],\"url\":\"https:\/\/www.cbm.ro.gov.br\/?author=5\"}]}<\/script>\n<!-- \/ Yoast SEO plugin. -->","yoast_head_json":{"title":"Reuni\u00e3o do Comit\u00ea de Crise H\u00eddrica em Rond\u00f4nia: mobiliza\u00e7\u00e3o conjunta para enfrentar a seca e seus impactos - Corpo de Bombeiros Militar de Rond\u00f4nia","robots":{"index":"index","follow":"follow","max-snippet":"max-snippet:-1","max-image-preview":"max-image-preview:large","max-video-preview":"max-video-preview:-1"},"canonical":"https:\/\/www.cbm.ro.gov.br\/?p=3169","og_locale":"pt_BR","og_type":"article","og_title":"Reuni\u00e3o do Comit\u00ea de Crise H\u00eddrica em Rond\u00f4nia: mobiliza\u00e7\u00e3o conjunta para enfrentar a seca e seus impactos - Corpo de Bombeiros Militar de Rond\u00f4nia","og_description":"ESTRAT\u00c9GIAS E A\u00c7\u00d5ES O encontro discutiu a necessidade urgente de medidas coordenadas para mitigar os impactos da seca O&nbsp;Comit\u00ea de Crise H\u00eddrica, institu\u00eddo pelo governo do estado em novembro de&hellip;","og_url":"https:\/\/www.cbm.ro.gov.br\/?p=3169","og_site_name":"Corpo de Bombeiros Militar de Rond\u00f4nia","article_publisher":"https:\/\/www.facebook.com\/cbmro.oficial\/","article_published_time":"2024-09-05T16:20:35+00:00","article_modified_time":"2024-09-05T16:20:37+00:00","og_image":[{"width":1920,"height":2560,"url":"https:\/\/www.cbm.ro.gov.br\/wp-content\/uploads\/2024\/09\/WhatsApp-Image-2024-09-03-at-09.45.53-scaled.jpeg","type":"image\/jpeg"}],"author":"Marcos Barros","twitter_card":"summary_large_image","twitter_misc":{"Escrito por":"Marcos Barros","Est. tempo de leitura":"3 minutos"},"schema":{"@context":"https:\/\/schema.org","@graph":[{"@type":"Article","@id":"https:\/\/www.cbm.ro.gov.br\/?p=3169#article","isPartOf":{"@id":"https:\/\/www.cbm.ro.gov.br\/?p=3169"},"author":{"name":"Marcos Barros","@id":"https:\/\/www.cbm.ro.gov.br\/#\/schema\/person\/b035b7e269aef4233e9514c2751917c5"},"headline":"Reuni\u00e3o do Comit\u00ea de Crise H\u00eddrica em Rond\u00f4nia: mobiliza\u00e7\u00e3o conjunta para enfrentar a seca e seus impactos","datePublished":"2024-09-05T16:20:35+00:00","dateModified":"2024-09-05T16:20:37+00:00","mainEntityOfPage":{"@id":"https:\/\/www.cbm.ro.gov.br\/?p=3169"},"wordCount":538,"publisher":{"@id":"https:\/\/www.cbm.ro.gov.br\/#organization"},"image":{"@id":"https:\/\/www.cbm.ro.gov.br\/?p=3169#primaryimage"},"thumbnailUrl":"https:\/\/www.cbm.ro.gov.br\/wp-content\/uploads\/2024\/09\/WhatsApp-Image-2024-09-03-at-09.45.53-scaled.jpeg","keywords":["CBMRO","CEPDEC-RO","Crise h\u00eddrica","GOVERNODERONDONIA","REUNIAO"],"articleSection":["CBMRO"],"inLanguage":"pt-BR"},{"@type":"WebPage","@id":"https:\/\/www.cbm.ro.gov.br\/?p=3169","url":"https:\/\/www.cbm.ro.gov.br\/?p=3169","name":"Reuni\u00e3o do Comit\u00ea de Crise H\u00eddrica em Rond\u00f4nia: mobiliza\u00e7\u00e3o conjunta para enfrentar a seca e seus impactos - Corpo de Bombeiros Militar de Rond\u00f4nia","isPartOf":{"@id":"https:\/\/www.cbm.ro.gov.br\/#website"},"primaryImageOfPage":{"@id":"https:\/\/www.cbm.ro.gov.br\/?p=3169#primaryimage"},"image":{"@id":"https:\/\/www.cbm.ro.gov.br\/?p=3169#primaryimage"},"thumbnailUrl":"https:\/\/www.cbm.ro.gov.br\/wp-content\/uploads\/2024\/09\/WhatsApp-Image-2024-09-03-at-09.45.53-scaled.jpeg","datePublished":"2024-09-05T16:20:35+00:00","dateModified":"2024-09-05T16:20:37+00:00","breadcrumb":{"@id":"https:\/\/www.cbm.ro.gov.br\/?p=3169#breadcrumb"},"inLanguage":"pt-BR","potentialAction":[{"@type":"ReadAction","target":["https:\/\/www.cbm.ro.gov.br\/?p=3169"]}]},{"@type":"ImageObject","inLanguage":"pt-BR","@id":"https:\/\/www.cbm.ro.gov.br\/?p=3169#primaryimage","url":"https:\/\/www.cbm.ro.gov.br\/wp-content\/uploads\/2024\/09\/WhatsApp-Image-2024-09-03-at-09.45.53-scaled.jpeg","contentUrl":"https:\/\/www.cbm.ro.gov.br\/wp-content\/uploads\/2024\/09\/WhatsApp-Image-2024-09-03-at-09.45.53-scaled.jpeg","width":1920,"height":2560},{"@type":"BreadcrumbList","@id":"https:\/\/www.cbm.ro.gov.br\/?p=3169#breadcrumb","itemListElement":[{"@type":"ListItem","position":1,"name":"In\u00edcio","item":"https:\/\/www.cbm.ro.gov.br\/"},{"@type":"ListItem","position":2,"name":"Reuni\u00e3o do Comit\u00ea de Crise H\u00eddrica em Rond\u00f4nia: mobiliza\u00e7\u00e3o conjunta para enfrentar a seca e seus impactos"}]},{"@type":"WebSite","@id":"https:\/\/www.cbm.ro.gov.br\/#website","url":"https:\/\/www.cbm.ro.gov.br\/","name":"Corpo de Bombeiros Militar de Rond\u00f4nia","description":"Vidas alheias, riquezas salvar!","publisher":{"@id":"https:\/\/www.cbm.ro.gov.br\/#organization"},"alternateName":"cbmro","potentialAction":[{"@type":"SearchAction","target":{"@type":"EntryPoint","urlTemplate":"https:\/\/www.cbm.ro.gov.br\/?s={search_term_string}"},"query-input":{"@type":"PropertyValueSpecification","valueRequired":true,"valueName":"search_term_string"}}],"inLanguage":"pt-BR"},{"@type":"Organization","@id":"https:\/\/www.cbm.ro.gov.br\/#organization","name":"Corpo de Bombeiros Militar do Estado de Rond\u00f4nia","alternateName":"CBMRO","url":"https:\/\/www.cbm.ro.gov.br\/","logo":{"@type":"ImageObject","inLanguage":"pt-BR","@id":"https:\/\/www.cbm.ro.gov.br\/#\/schema\/logo\/image\/","url":"https:\/\/www.cbm.ro.gov.br\/wp-content\/uploads\/2023\/12\/cropped-cropped-cropped-BRASO_3D_32-1-e1724344443171.png","contentUrl":"https:\/\/www.cbm.ro.gov.br\/wp-content\/uploads\/2023\/12\/cropped-cropped-cropped-BRASO_3D_32-1-e1724344443171.png","width":446,"height":441,"caption":"Corpo de Bombeiros Militar do Estado de Rond\u00f4nia"},"image":{"@id":"https:\/\/www.cbm.ro.gov.br\/#\/schema\/logo\/image\/"},"sameAs":["https:\/\/www.facebook.com\/cbmro.oficial\/","https:\/\/www.youtube.com\/c\/CorpodeBombeirosMilitardoEstadodeRond\u00f4nia"]},{"@type":"Person","@id":"https:\/\/www.cbm.ro.gov.br\/#\/schema\/person\/b035b7e269aef4233e9514c2751917c5","name":"Marcos Barros","sameAs":["http:\/\/10.210.0.90\/wp-admin\/post.php?post=2688&amp;action=edit"],"url":"https:\/\/www.cbm.ro.gov.br\/?author=5"}]}},"wpmagazine_modules_lite_featured_media_urls":{"thumbnail":["https:\/\/www.cbm.ro.gov.br\/wp-content\/uploads\/2024\/09\/WhatsApp-Image-2024-09-03-at-09.45.53-150x150.jpeg",150,150,true],"cvmm-medium":["https:\/\/www.cbm.ro.gov.br\/wp-content\/uploads\/2024\/09\/WhatsApp-Image-2024-09-03-at-09.45.53-300x300.jpeg",300,300,true],"cvmm-medium-plus":["https:\/\/www.cbm.ro.gov.br\/wp-content\/uploads\/2024\/09\/WhatsApp-Image-2024-09-03-at-09.45.53-305x207.jpeg",305,207,true],"cvmm-portrait":["https:\/\/www.cbm.ro.gov.br\/wp-content\/uploads\/2024\/09\/WhatsApp-Image-2024-09-03-at-09.45.53-400x600.jpeg",400,600,true],"cvmm-medium-square":["https:\/\/www.cbm.ro.gov.br\/wp-content\/uploads\/2024\/09\/WhatsApp-Image-2024-09-03-at-09.45.53-600x600.jpeg",600,600,true],"cvmm-large":["https:\/\/www.cbm.ro.gov.br\/wp-content\/uploads\/2024\/09\/WhatsApp-Image-2024-09-03-at-09.45.53-1024x1024.jpeg",1024,1024,true],"cvmm-small":["https:\/\/www.cbm.ro.gov.br\/wp-content\/uploads\/2024\/09\/WhatsApp-Image-2024-09-03-at-09.45.53-130x95.jpeg",130,95,true],"full":["https:\/\/www.cbm.ro.gov.br\/wp-content\/uploads\/2024\/09\/WhatsApp-Image-2024-09-03-at-09.45.53-scaled.jpeg",1920,2560,false]},"categories_names":{"1":{"name":"CBMRO","link":"https:\/\/www.cbm.ro.gov.br\/?cat=1"}},"tags_names":{"13":{"name":"CBMRO","link":"https:\/\/www.cbm.ro.gov.br\/?tag=cbmro"},"78":{"name":"CEPDEC-RO","link":"https:\/\/www.cbm.ro.gov.br\/?tag=cepdec-ro"},"27":{"name":"Crise h\u00eddrica","link":"https:\/\/www.cbm.ro.gov.br\/?tag=crise-hidrica"},"86":{"name":"GOVERNODERONDONIA","link":"https:\/\/www.cbm.ro.gov.br\/?tag=governoderondonia"},"112":{"name":"REUNIAO","link":"https:\/\/www.cbm.ro.gov.br\/?tag=reuniao"}},"comments_number":"0","_links":{"self":[{"href":"https:\/\/www.cbm.ro.gov.br\/index.php?rest_route=\/wp\/v2\/posts\/3169","targetHints":{"allow":["GET"]}}],"collection":[{"href":"https:\/\/www.cbm.ro.gov.br\/index.php?rest_route=\/wp\/v2\/posts"}],"about":[{"href":"https:\/\/www.cbm.ro.gov.br\/index.php?rest_route=\/wp\/v2\/types\/post"}],"author":[{"embeddable":true,"href":"https:\/\/www.cbm.ro.gov.br\/index.php?rest_route=\/wp\/v2\/users\/5"}],"replies":[{"embeddable":true,"href":"https:\/\/www.cbm.ro.gov.br\/index.php?rest_route=%2Fwp%2Fv2%2Fcomments&post=3169"}],"version-history":[{"count":1,"href":"https:\/\/www.cbm.ro.gov.br\/index.php?rest_route=\/wp\/v2\/posts\/3169\/revisions"}],"predecessor-version":[{"id":3173,"href":"https:\/\/www.cbm.ro.gov.br\/index.php?rest_route=\/wp\/v2\/posts\/3169\/revisions\/3173"}],"wp:featuredmedia":[{"embeddable":true,"href":"https:\/\/www.cbm.ro.gov.br\/index.php?rest_route=\/wp\/v2\/media\/3171"}],"wp:attachment":[{"href":"https:\/\/www.cbm.ro.gov.br\/index.php?rest_route=%2Fwp%2Fv2%2Fmedia&parent=3169"}],"wp:term":[{"taxonomy":"category","embeddable":true,"href":"https:\/\/www.cbm.ro.gov.br\/index.php?rest_route=%2Fwp%2Fv2%2Fcategories&post=3169"},{"taxonomy":"post_tag","embeddable":true,"href":"https:\/\/www.cbm.ro.gov.br\/index.php?rest_route=%2Fwp%2Fv2%2Ftags&post=3169"}],"curies":[{"name":"wp","href":"https:\/\/api.w.org\/{rel}","templated":true}]}}