{"id":3160,"date":"2024-09-05T07:40:36","date_gmt":"2024-09-05T11:40:36","guid":{"rendered":"https:\/\/www.cbm.ro.gov.br\/?p=3160"},"modified":"2024-09-05T07:40:36","modified_gmt":"2024-09-05T11:40:36","slug":"corpo-de-bombeiros-militar-de-rondonia-envia-forca-tarefa-para-combater-focos-de-incendio-em-alvorada-doeste","status":"publish","type":"post","link":"https:\/\/www.cbm.ro.gov.br\/?p=3160","title":{"rendered":"CORPO DE BOMBEIROS MILITAR DE ROND\u00d4NIA ENVIA FOR\u00c7A-TAREFA\u00a0 PARA COMBATER FOCOS DE INC\u00caNDIO EM ALVORADA D&#8217;OESTE"},"content":{"rendered":"\n<p>Em resposta ao aumento de focos de inc\u00eandio na regi\u00e3o de Alvorada D\u2019Oeste, o Corpo de Bombeiros Militar de Rond\u00f4nia mobilizou uma for\u00e7a-tarefa especializada para enfrentar a situa\u00e7\u00e3o. A opera\u00e7\u00e3o teve in\u00edcio hoje e envolve a atua\u00e7\u00e3o de 10 militares treinados para combater inc\u00eandios de grande escala.<\/p>\n\n\n\n<p>A decis\u00e3o de enviar a for\u00e7a-tarefa foi tomada pelo Comandante Geral do CBMRO ap\u00f3s a identifica\u00e7\u00e3o de focos de calor e inc\u00eandios mais intensos na regi\u00e3o, conforme relatado pelo painel de monitoramento do fogo do Centro Nacional de Monitoramento e Alertas de Desastres Naturais (CENSIPAM). O painel revela a gravidade da situa\u00e7\u00e3o, com registros de inc\u00eandios de maiores propor\u00e7\u00f5es que demandam uma resposta r\u00e1pida e eficaz.<\/p>\n\n\n\n<figure class=\"wp-block-image size-full is-resized\"><img fetchpriority=\"high\" decoding=\"async\" width=\"989\" height=\"440\" src=\"https:\/\/www.cbm.ro.gov.br\/wp-content\/uploads\/2024\/09\/Design-sem-nome-1.png\" alt=\"\" class=\"wp-image-3163\" style=\"width:840px\" srcset=\"https:\/\/www.cbm.ro.gov.br\/wp-content\/uploads\/2024\/09\/Design-sem-nome-1.png 989w, https:\/\/www.cbm.ro.gov.br\/wp-content\/uploads\/2024\/09\/Design-sem-nome-1-300x133.png 300w, https:\/\/www.cbm.ro.gov.br\/wp-content\/uploads\/2024\/09\/Design-sem-nome-1-768x342.png 768w\" sizes=\"(max-width: 989px) 100vw, 989px\" \/><\/figure>\n\n\n\n<p class=\"has-text-align-left\">Os militares da for\u00e7a-tarefa s\u00e3o equipados com tecnologia avan\u00e7ada e recursos especializados para enfrentar as condi\u00e7\u00f5es adversas e proteger a biodiversidade local, bem como as propriedades e comunidades afetadas. Al\u00e9m de realizar o combate direto ao fogo, a equipe est\u00e1 treinada para implementar t\u00e9cnicas de controle e preven\u00e7\u00e3o de novos focos de inc\u00eandio.<\/p>\n\n\n\n<p class=\"has-text-align-left\">O CBMRO refor\u00e7a seu compromisso com a seguran\u00e7a e prote\u00e7\u00e3o do meio ambiente, ressaltando a import\u00e2ncia da colabora\u00e7\u00e3o da popula\u00e7\u00e3o local e das autoridades para o sucesso da opera\u00e7\u00e3o.<\/p>\n\n\n\n<p class=\"has-text-align-left\">\u201cEstamos intensificando nossos esfor\u00e7os para controlar e extinguir os inc\u00eandios com a maior efici\u00eancia poss\u00edvel. A parceria e o apoio da comunidade s\u00e3o fundamentais nesse processo\u201d, destacou o Comandante Geral. O Corpo de Bombeiros Militar de Rond\u00f4nia continuar\u00e1 monitorando a situa\u00e7\u00e3o e adaptando suas estrat\u00e9gias conforme necess\u00e1rio para garantir a seguran\u00e7a de todos e minimizar os impactos dos inc\u00eandios na regi\u00e3o.<\/p>\n\n\n\n<figure class=\"wp-block-image size-large is-resized\"><img decoding=\"async\" width=\"1024\" height=\"768\" src=\"https:\/\/www.cbm.ro.gov.br\/wp-content\/uploads\/2024\/09\/Fogo-1024x768.jpeg\" alt=\"\" class=\"wp-image-3164\" style=\"width:840px\" srcset=\"https:\/\/www.cbm.ro.gov.br\/wp-content\/uploads\/2024\/09\/Fogo-1024x768.jpeg 1024w, https:\/\/www.cbm.ro.gov.br\/wp-content\/uploads\/2024\/09\/Fogo-300x225.jpeg 300w, https:\/\/www.cbm.ro.gov.br\/wp-content\/uploads\/2024\/09\/Fogo-768x576.jpeg 768w, https:\/\/www.cbm.ro.gov.br\/wp-content\/uploads\/2024\/09\/Fogo-1536x1152.jpeg 1536w, https:\/\/www.cbm.ro.gov.br\/wp-content\/uploads\/2024\/09\/Fogo-2048x1536.jpeg 2048w\" sizes=\"(max-width: 1024px) 100vw, 1024px\" \/><\/figure>\n\n\n\n<p><\/p>\n","protected":false},"excerpt":{"rendered":"<p>Em resposta ao aumento de focos de inc\u00eandio na regi\u00e3o de Alvorada D\u2019Oeste, o Corpo de Bombeiros Militar de Rond\u00f4nia mobilizou uma for\u00e7a-tarefa especializada para enfrentar a situa\u00e7\u00e3o. <\/p>\n","protected":false},"author":5,"featured_media":3161,"comment_status":"closed","ping_status":"open","sticky":false,"template":"","format":"standard","meta":{"footnotes":""},"categories":[1],"tags":[95,13,58,111,86],"class_list":["post-3160","post","type-post","status-publish","format-standard","has-post-thumbnail","hentry","category-cbmro","tag-alvoradadoeste","tag-cbmro","tag-combateaincendio","tag-forca-tarefa","tag-governoderondonia"],"yoast_head":"<!-- This site is optimized with the Yoast SEO plugin v23.7 - https:\/\/yoast.com\/wordpress\/plugins\/seo\/ -->\n<title>CORPO DE BOMBEIROS MILITAR DE ROND\u00d4NIA ENVIA FOR\u00c7A-TAREFA\u00a0 PARA COMBATER FOCOS DE INC\u00caNDIO EM ALVORADA D&#039;OESTE - Corpo de Bombeiros Militar de Rond\u00f4nia<\/title>\n<meta name=\"robots\" content=\"index, follow, max-snippet:-1, max-image-preview:large, max-video-preview:-1\" \/>\n<link rel=\"canonical\" href=\"https:\/\/www.cbm.ro.gov.br\/?p=3160\" \/>\n<meta property=\"og:locale\" content=\"pt_BR\" \/>\n<meta property=\"og:type\" content=\"article\" \/>\n<meta property=\"og:title\" content=\"CORPO DE BOMBEIROS MILITAR DE ROND\u00d4NIA ENVIA FOR\u00c7A-TAREFA\u00a0 PARA COMBATER FOCOS DE INC\u00caNDIO EM ALVORADA D&#039;OESTE - Corpo de Bombeiros Militar de Rond\u00f4nia\" \/>\n<meta property=\"og:description\" content=\"Em resposta ao aumento de focos de inc\u00eandio na regi\u00e3o de Alvorada D\u2019Oeste, o Corpo de Bombeiros Militar de Rond\u00f4nia mobilizou uma for\u00e7a-tarefa especializada para enfrentar a situa\u00e7\u00e3o.\" \/>\n<meta property=\"og:url\" content=\"https:\/\/www.cbm.ro.gov.br\/?p=3160\" \/>\n<meta property=\"og:site_name\" content=\"Corpo de Bombeiros Militar de Rond\u00f4nia\" \/>\n<meta property=\"article:publisher\" content=\"https:\/\/www.facebook.com\/cbmro.oficial\/\" \/>\n<meta property=\"article:published_time\" content=\"2024-09-05T11:40:36+00:00\" \/>\n<meta property=\"og:image\" content=\"https:\/\/www.cbm.ro.gov.br\/wp-content\/uploads\/2024\/09\/WhatsApp-Image-2024-09-04-at-06.46.33.jpeg\" \/>\n\t<meta property=\"og:image:width\" content=\"1160\" \/>\n\t<meta property=\"og:image:height\" content=\"868\" \/>\n\t<meta property=\"og:image:type\" content=\"image\/jpeg\" \/>\n<meta name=\"author\" content=\"Marcos Barros\" \/>\n<meta name=\"twitter:card\" content=\"summary_large_image\" \/>\n<meta name=\"twitter:label1\" content=\"Escrito por\" \/>\n\t<meta name=\"twitter:data1\" content=\"Marcos Barros\" \/>\n\t<meta name=\"twitter:label2\" content=\"Est. tempo de leitura\" \/>\n\t<meta name=\"twitter:data2\" content=\"2 minutos\" \/>\n<script type=\"application\/ld+json\" class=\"yoast-schema-graph\">{\"@context\":\"https:\/\/schema.org\",\"@graph\":[{\"@type\":\"Article\",\"@id\":\"https:\/\/www.cbm.ro.gov.br\/?p=3160#article\",\"isPartOf\":{\"@id\":\"https:\/\/www.cbm.ro.gov.br\/?p=3160\"},\"author\":{\"name\":\"Marcos Barros\",\"@id\":\"https:\/\/www.cbm.ro.gov.br\/#\/schema\/person\/b035b7e269aef4233e9514c2751917c5\"},\"headline\":\"CORPO DE BOMBEIROS MILITAR DE ROND\u00d4NIA ENVIA FOR\u00c7A-TAREFA\u00a0 PARA COMBATER FOCOS DE INC\u00caNDIO EM ALVORADA D&#8217;OESTE\",\"datePublished\":\"2024-09-05T11:40:36+00:00\",\"dateModified\":\"2024-09-05T11:40:36+00:00\",\"mainEntityOfPage\":{\"@id\":\"https:\/\/www.cbm.ro.gov.br\/?p=3160\"},\"wordCount\":322,\"publisher\":{\"@id\":\"https:\/\/www.cbm.ro.gov.br\/#organization\"},\"image\":{\"@id\":\"https:\/\/www.cbm.ro.gov.br\/?p=3160#primaryimage\"},\"thumbnailUrl\":\"https:\/\/www.cbm.ro.gov.br\/wp-content\/uploads\/2024\/09\/WhatsApp-Image-2024-09-04-at-06.46.33.jpeg\",\"keywords\":[\"ALVORADAD'OESTE\",\"CBMRO\",\"COMBATEAINCENDIO\",\"FOR\u00c7A-TAREFA\",\"GOVERNODERONDONIA\"],\"articleSection\":[\"CBMRO\"],\"inLanguage\":\"pt-BR\"},{\"@type\":\"WebPage\",\"@id\":\"https:\/\/www.cbm.ro.gov.br\/?p=3160\",\"url\":\"https:\/\/www.cbm.ro.gov.br\/?p=3160\",\"name\":\"CORPO DE BOMBEIROS MILITAR DE ROND\u00d4NIA ENVIA FOR\u00c7A-TAREFA\u00a0 PARA COMBATER FOCOS DE INC\u00caNDIO EM ALVORADA D'OESTE - Corpo de Bombeiros Militar de Rond\u00f4nia\",\"isPartOf\":{\"@id\":\"https:\/\/www.cbm.ro.gov.br\/#website\"},\"primaryImageOfPage\":{\"@id\":\"https:\/\/www.cbm.ro.gov.br\/?p=3160#primaryimage\"},\"image\":{\"@id\":\"https:\/\/www.cbm.ro.gov.br\/?p=3160#primaryimage\"},\"thumbnailUrl\":\"https:\/\/www.cbm.ro.gov.br\/wp-content\/uploads\/2024\/09\/WhatsApp-Image-2024-09-04-at-06.46.33.jpeg\",\"datePublished\":\"2024-09-05T11:40:36+00:00\",\"dateModified\":\"2024-09-05T11:40:36+00:00\",\"breadcrumb\":{\"@id\":\"https:\/\/www.cbm.ro.gov.br\/?p=3160#breadcrumb\"},\"inLanguage\":\"pt-BR\",\"potentialAction\":[{\"@type\":\"ReadAction\",\"target\":[\"https:\/\/www.cbm.ro.gov.br\/?p=3160\"]}]},{\"@type\":\"ImageObject\",\"inLanguage\":\"pt-BR\",\"@id\":\"https:\/\/www.cbm.ro.gov.br\/?p=3160#primaryimage\",\"url\":\"https:\/\/www.cbm.ro.gov.br\/wp-content\/uploads\/2024\/09\/WhatsApp-Image-2024-09-04-at-06.46.33.jpeg\",\"contentUrl\":\"https:\/\/www.cbm.ro.gov.br\/wp-content\/uploads\/2024\/09\/WhatsApp-Image-2024-09-04-at-06.46.33.jpeg\",\"width\":1160,\"height\":868},{\"@type\":\"BreadcrumbList\",\"@id\":\"https:\/\/www.cbm.ro.gov.br\/?p=3160#breadcrumb\",\"itemListElement\":[{\"@type\":\"ListItem\",\"position\":1,\"name\":\"In\u00edcio\",\"item\":\"https:\/\/www.cbm.ro.gov.br\/\"},{\"@type\":\"ListItem\",\"position\":2,\"name\":\"CORPO DE BOMBEIROS MILITAR DE ROND\u00d4NIA ENVIA FOR\u00c7A-TAREFA\u00a0 PARA COMBATER FOCOS DE INC\u00caNDIO EM ALVORADA D&#8217;OESTE\"}]},{\"@type\":\"WebSite\",\"@id\":\"https:\/\/www.cbm.ro.gov.br\/#website\",\"url\":\"https:\/\/www.cbm.ro.gov.br\/\",\"name\":\"Corpo de Bombeiros Militar de Rond\u00f4nia\",\"description\":\"Vidas alheias, riquezas salvar!\",\"publisher\":{\"@id\":\"https:\/\/www.cbm.ro.gov.br\/#organization\"},\"alternateName\":\"cbmro\",\"potentialAction\":[{\"@type\":\"SearchAction\",\"target\":{\"@type\":\"EntryPoint\",\"urlTemplate\":\"https:\/\/www.cbm.ro.gov.br\/?s={search_term_string}\"},\"query-input\":{\"@type\":\"PropertyValueSpecification\",\"valueRequired\":true,\"valueName\":\"search_term_string\"}}],\"inLanguage\":\"pt-BR\"},{\"@type\":\"Organization\",\"@id\":\"https:\/\/www.cbm.ro.gov.br\/#organization\",\"name\":\"Corpo de Bombeiros Militar do Estado de Rond\u00f4nia\",\"alternateName\":\"CBMRO\",\"url\":\"https:\/\/www.cbm.ro.gov.br\/\",\"logo\":{\"@type\":\"ImageObject\",\"inLanguage\":\"pt-BR\",\"@id\":\"https:\/\/www.cbm.ro.gov.br\/#\/schema\/logo\/image\/\",\"url\":\"https:\/\/www.cbm.ro.gov.br\/wp-content\/uploads\/2023\/12\/cropped-cropped-cropped-BRASO_3D_32-1-e1724344443171.png\",\"contentUrl\":\"https:\/\/www.cbm.ro.gov.br\/wp-content\/uploads\/2023\/12\/cropped-cropped-cropped-BRASO_3D_32-1-e1724344443171.png\",\"width\":446,\"height\":441,\"caption\":\"Corpo de Bombeiros Militar do Estado de Rond\u00f4nia\"},\"image\":{\"@id\":\"https:\/\/www.cbm.ro.gov.br\/#\/schema\/logo\/image\/\"},\"sameAs\":[\"https:\/\/www.facebook.com\/cbmro.oficial\/\",\"https:\/\/www.youtube.com\/c\/CorpodeBombeirosMilitardoEstadodeRond\u00f4nia\"]},{\"@type\":\"Person\",\"@id\":\"https:\/\/www.cbm.ro.gov.br\/#\/schema\/person\/b035b7e269aef4233e9514c2751917c5\",\"name\":\"Marcos Barros\",\"sameAs\":[\"http:\/\/10.210.0.90\/wp-admin\/post.php?post=2688&amp;action=edit\"],\"url\":\"https:\/\/www.cbm.ro.gov.br\/?author=5\"}]}<\/script>\n<!-- \/ Yoast SEO plugin. -->","yoast_head_json":{"title":"CORPO DE BOMBEIROS MILITAR DE ROND\u00d4NIA ENVIA FOR\u00c7A-TAREFA\u00a0 PARA COMBATER FOCOS DE INC\u00caNDIO EM ALVORADA D'OESTE - Corpo de Bombeiros Militar de Rond\u00f4nia","robots":{"index":"index","follow":"follow","max-snippet":"max-snippet:-1","max-image-preview":"max-image-preview:large","max-video-preview":"max-video-preview:-1"},"canonical":"https:\/\/www.cbm.ro.gov.br\/?p=3160","og_locale":"pt_BR","og_type":"article","og_title":"CORPO DE BOMBEIROS MILITAR DE ROND\u00d4NIA ENVIA FOR\u00c7A-TAREFA\u00a0 PARA COMBATER FOCOS DE INC\u00caNDIO EM ALVORADA D'OESTE - Corpo de Bombeiros Militar de Rond\u00f4nia","og_description":"Em resposta ao aumento de focos de inc\u00eandio na regi\u00e3o de Alvorada D\u2019Oeste, o Corpo de Bombeiros Militar de Rond\u00f4nia mobilizou uma for\u00e7a-tarefa especializada para enfrentar a situa\u00e7\u00e3o.","og_url":"https:\/\/www.cbm.ro.gov.br\/?p=3160","og_site_name":"Corpo de Bombeiros Militar de Rond\u00f4nia","article_publisher":"https:\/\/www.facebook.com\/cbmro.oficial\/","article_published_time":"2024-09-05T11:40:36+00:00","og_image":[{"width":1160,"height":868,"url":"https:\/\/www.cbm.ro.gov.br\/wp-content\/uploads\/2024\/09\/WhatsApp-Image-2024-09-04-at-06.46.33.jpeg","type":"image\/jpeg"}],"author":"Marcos Barros","twitter_card":"summary_large_image","twitter_misc":{"Escrito por":"Marcos Barros","Est. tempo de leitura":"2 minutos"},"schema":{"@context":"https:\/\/schema.org","@graph":[{"@type":"Article","@id":"https:\/\/www.cbm.ro.gov.br\/?p=3160#article","isPartOf":{"@id":"https:\/\/www.cbm.ro.gov.br\/?p=3160"},"author":{"name":"Marcos Barros","@id":"https:\/\/www.cbm.ro.gov.br\/#\/schema\/person\/b035b7e269aef4233e9514c2751917c5"},"headline":"CORPO DE BOMBEIROS MILITAR DE ROND\u00d4NIA ENVIA FOR\u00c7A-TAREFA\u00a0 PARA COMBATER FOCOS DE INC\u00caNDIO EM ALVORADA D&#8217;OESTE","datePublished":"2024-09-05T11:40:36+00:00","dateModified":"2024-09-05T11:40:36+00:00","mainEntityOfPage":{"@id":"https:\/\/www.cbm.ro.gov.br\/?p=3160"},"wordCount":322,"publisher":{"@id":"https:\/\/www.cbm.ro.gov.br\/#organization"},"image":{"@id":"https:\/\/www.cbm.ro.gov.br\/?p=3160#primaryimage"},"thumbnailUrl":"https:\/\/www.cbm.ro.gov.br\/wp-content\/uploads\/2024\/09\/WhatsApp-Image-2024-09-04-at-06.46.33.jpeg","keywords":["ALVORADAD'OESTE","CBMRO","COMBATEAINCENDIO","FOR\u00c7A-TAREFA","GOVERNODERONDONIA"],"articleSection":["CBMRO"],"inLanguage":"pt-BR"},{"@type":"WebPage","@id":"https:\/\/www.cbm.ro.gov.br\/?p=3160","url":"https:\/\/www.cbm.ro.gov.br\/?p=3160","name":"CORPO DE BOMBEIROS MILITAR DE ROND\u00d4NIA ENVIA FOR\u00c7A-TAREFA\u00a0 PARA COMBATER FOCOS DE INC\u00caNDIO EM ALVORADA D'OESTE - Corpo de Bombeiros Militar de Rond\u00f4nia","isPartOf":{"@id":"https:\/\/www.cbm.ro.gov.br\/#website"},"primaryImageOfPage":{"@id":"https:\/\/www.cbm.ro.gov.br\/?p=3160#primaryimage"},"image":{"@id":"https:\/\/www.cbm.ro.gov.br\/?p=3160#primaryimage"},"thumbnailUrl":"https:\/\/www.cbm.ro.gov.br\/wp-content\/uploads\/2024\/09\/WhatsApp-Image-2024-09-04-at-06.46.33.jpeg","datePublished":"2024-09-05T11:40:36+00:00","dateModified":"2024-09-05T11:40:36+00:00","breadcrumb":{"@id":"https:\/\/www.cbm.ro.gov.br\/?p=3160#breadcrumb"},"inLanguage":"pt-BR","potentialAction":[{"@type":"ReadAction","target":["https:\/\/www.cbm.ro.gov.br\/?p=3160"]}]},{"@type":"ImageObject","inLanguage":"pt-BR","@id":"https:\/\/www.cbm.ro.gov.br\/?p=3160#primaryimage","url":"https:\/\/www.cbm.ro.gov.br\/wp-content\/uploads\/2024\/09\/WhatsApp-Image-2024-09-04-at-06.46.33.jpeg","contentUrl":"https:\/\/www.cbm.ro.gov.br\/wp-content\/uploads\/2024\/09\/WhatsApp-Image-2024-09-04-at-06.46.33.jpeg","width":1160,"height":868},{"@type":"BreadcrumbList","@id":"https:\/\/www.cbm.ro.gov.br\/?p=3160#breadcrumb","itemListElement":[{"@type":"ListItem","position":1,"name":"In\u00edcio","item":"https:\/\/www.cbm.ro.gov.br\/"},{"@type":"ListItem","position":2,"name":"CORPO DE BOMBEIROS MILITAR DE ROND\u00d4NIA ENVIA FOR\u00c7A-TAREFA\u00a0 PARA COMBATER FOCOS DE INC\u00caNDIO EM ALVORADA D&#8217;OESTE"}]},{"@type":"WebSite","@id":"https:\/\/www.cbm.ro.gov.br\/#website","url":"https:\/\/www.cbm.ro.gov.br\/","name":"Corpo de Bombeiros Militar de Rond\u00f4nia","description":"Vidas alheias, riquezas salvar!","publisher":{"@id":"https:\/\/www.cbm.ro.gov.br\/#organization"},"alternateName":"cbmro","potentialAction":[{"@type":"SearchAction","target":{"@type":"EntryPoint","urlTemplate":"https:\/\/www.cbm.ro.gov.br\/?s={search_term_string}"},"query-input":{"@type":"PropertyValueSpecification","valueRequired":true,"valueName":"search_term_string"}}],"inLanguage":"pt-BR"},{"@type":"Organization","@id":"https:\/\/www.cbm.ro.gov.br\/#organization","name":"Corpo de Bombeiros Militar do Estado de Rond\u00f4nia","alternateName":"CBMRO","url":"https:\/\/www.cbm.ro.gov.br\/","logo":{"@type":"ImageObject","inLanguage":"pt-BR","@id":"https:\/\/www.cbm.ro.gov.br\/#\/schema\/logo\/image\/","url":"https:\/\/www.cbm.ro.gov.br\/wp-content\/uploads\/2023\/12\/cropped-cropped-cropped-BRASO_3D_32-1-e1724344443171.png","contentUrl":"https:\/\/www.cbm.ro.gov.br\/wp-content\/uploads\/2023\/12\/cropped-cropped-cropped-BRASO_3D_32-1-e1724344443171.png","width":446,"height":441,"caption":"Corpo de Bombeiros Militar do Estado de Rond\u00f4nia"},"image":{"@id":"https:\/\/www.cbm.ro.gov.br\/#\/schema\/logo\/image\/"},"sameAs":["https:\/\/www.facebook.com\/cbmro.oficial\/","https:\/\/www.youtube.com\/c\/CorpodeBombeirosMilitardoEstadodeRond\u00f4nia"]},{"@type":"Person","@id":"https:\/\/www.cbm.ro.gov.br\/#\/schema\/person\/b035b7e269aef4233e9514c2751917c5","name":"Marcos Barros","sameAs":["http:\/\/10.210.0.90\/wp-admin\/post.php?post=2688&amp;action=edit"],"url":"https:\/\/www.cbm.ro.gov.br\/?author=5"}]}},"wpmagazine_modules_lite_featured_media_urls":{"thumbnail":["https:\/\/www.cbm.ro.gov.br\/wp-content\/uploads\/2024\/09\/WhatsApp-Image-2024-09-04-at-06.46.33-150x150.jpeg",150,150,true],"cvmm-medium":["https:\/\/www.cbm.ro.gov.br\/wp-content\/uploads\/2024\/09\/WhatsApp-Image-2024-09-04-at-06.46.33-300x300.jpeg",300,300,true],"cvmm-medium-plus":["https:\/\/www.cbm.ro.gov.br\/wp-content\/uploads\/2024\/09\/WhatsApp-Image-2024-09-04-at-06.46.33-305x207.jpeg",305,207,true],"cvmm-portrait":["https:\/\/www.cbm.ro.gov.br\/wp-content\/uploads\/2024\/09\/WhatsApp-Image-2024-09-04-at-06.46.33-400x600.jpeg",400,600,true],"cvmm-medium-square":["https:\/\/www.cbm.ro.gov.br\/wp-content\/uploads\/2024\/09\/WhatsApp-Image-2024-09-04-at-06.46.33-600x600.jpeg",600,600,true],"cvmm-large":["https:\/\/www.cbm.ro.gov.br\/wp-content\/uploads\/2024\/09\/WhatsApp-Image-2024-09-04-at-06.46.33-1024x868.jpeg",1024,868,true],"cvmm-small":["https:\/\/www.cbm.ro.gov.br\/wp-content\/uploads\/2024\/09\/WhatsApp-Image-2024-09-04-at-06.46.33-130x95.jpeg",130,95,true],"full":["https:\/\/www.cbm.ro.gov.br\/wp-content\/uploads\/2024\/09\/WhatsApp-Image-2024-09-04-at-06.46.33.jpeg",1160,868,false]},"categories_names":{"1":{"name":"CBMRO","link":"https:\/\/www.cbm.ro.gov.br\/?cat=1"}},"tags_names":{"95":{"name":"ALVORADAD'OESTE","link":"https:\/\/www.cbm.ro.gov.br\/?tag=alvoradadoeste"},"13":{"name":"CBMRO","link":"https:\/\/www.cbm.ro.gov.br\/?tag=cbmro"},"58":{"name":"COMBATEAINCENDIO","link":"https:\/\/www.cbm.ro.gov.br\/?tag=combateaincendio"},"111":{"name":"FOR\u00c7A-TAREFA","link":"https:\/\/www.cbm.ro.gov.br\/?tag=forca-tarefa"},"86":{"name":"GOVERNODERONDONIA","link":"https:\/\/www.cbm.ro.gov.br\/?tag=governoderondonia"}},"comments_number":"0","_links":{"self":[{"href":"https:\/\/www.cbm.ro.gov.br\/index.php?rest_route=\/wp\/v2\/posts\/3160","targetHints":{"allow":["GET"]}}],"collection":[{"href":"https:\/\/www.cbm.ro.gov.br\/index.php?rest_route=\/wp\/v2\/posts"}],"about":[{"href":"https:\/\/www.cbm.ro.gov.br\/index.php?rest_route=\/wp\/v2\/types\/post"}],"author":[{"embeddable":true,"href":"https:\/\/www.cbm.ro.gov.br\/index.php?rest_route=\/wp\/v2\/users\/5"}],"replies":[{"embeddable":true,"href":"https:\/\/www.cbm.ro.gov.br\/index.php?rest_route=%2Fwp%2Fv2%2Fcomments&post=3160"}],"version-history":[{"count":1,"href":"https:\/\/www.cbm.ro.gov.br\/index.php?rest_route=\/wp\/v2\/posts\/3160\/revisions"}],"predecessor-version":[{"id":3165,"href":"https:\/\/www.cbm.ro.gov.br\/index.php?rest_route=\/wp\/v2\/posts\/3160\/revisions\/3165"}],"wp:featuredmedia":[{"embeddable":true,"href":"https:\/\/www.cbm.ro.gov.br\/index.php?rest_route=\/wp\/v2\/media\/3161"}],"wp:attachment":[{"href":"https:\/\/www.cbm.ro.gov.br\/index.php?rest_route=%2Fwp%2Fv2%2Fmedia&parent=3160"}],"wp:term":[{"taxonomy":"category","embeddable":true,"href":"https:\/\/www.cbm.ro.gov.br\/index.php?rest_route=%2Fwp%2Fv2%2Fcategories&post=3160"},{"taxonomy":"post_tag","embeddable":true,"href":"https:\/\/www.cbm.ro.gov.br\/index.php?rest_route=%2Fwp%2Fv2%2Ftags&post=3160"}],"curies":[{"name":"wp","href":"https:\/\/api.w.org\/{rel}","templated":true}]}}