{"id":3128,"date":"2024-09-03T07:59:24","date_gmt":"2024-09-03T11:59:24","guid":{"rendered":"https:\/\/www.cbm.ro.gov.br\/?p=3128"},"modified":"2024-09-03T07:59:25","modified_gmt":"2024-09-03T11:59:25","slug":"1o-arraial-do-imperador-uma-noite-de-tradicao-e-alegria-no-colegio-militar-dom-pedro-ii-unidade-1","status":"publish","type":"post","link":"https:\/\/www.cbm.ro.gov.br\/?p=3128","title":{"rendered":"1\u00ba ARRAIAL DO IMPERADOR: UMA NOITE DE TRADI\u00c7\u00c3O E ALEGRIA NO COL\u00c9GIO MILITAR DOM PEDRO II UNIDADE 1"},"content":{"rendered":"\n<p>Na \u00faltima Sexta-Feira dia 30 de agosto de 2024 o Clube do Sindsef em Porto Velho , foi palco do 1\u00ba Arraial do Imperador promovido pelo Col\u00e9gio Militar Dom Pedro II Unidade 1. O evento foi uma celebra\u00e7\u00e3o vibrante das tradi\u00e7\u00f5es juninas, reunindo alunos, pais e a comunidade em uma noite inesquec\u00edvel de alegria e cultura.<\/p>\n\n\n\n<figure class=\"wp-block-image size-large is-resized\"><img fetchpriority=\"high\" decoding=\"async\" width=\"1024\" height=\"683\" src=\"https:\/\/www.cbm.ro.gov.br\/wp-content\/uploads\/2024\/09\/bem-vindo-ao-nosso-arraial-1024x683.jpg\" alt=\"\" class=\"wp-image-3130\" style=\"width:840px\" srcset=\"https:\/\/www.cbm.ro.gov.br\/wp-content\/uploads\/2024\/09\/bem-vindo-ao-nosso-arraial-1024x683.jpg 1024w, https:\/\/www.cbm.ro.gov.br\/wp-content\/uploads\/2024\/09\/bem-vindo-ao-nosso-arraial-300x200.jpg 300w, https:\/\/www.cbm.ro.gov.br\/wp-content\/uploads\/2024\/09\/bem-vindo-ao-nosso-arraial-768x512.jpg 768w, https:\/\/www.cbm.ro.gov.br\/wp-content\/uploads\/2024\/09\/bem-vindo-ao-nosso-arraial-1536x1024.jpg 1536w, https:\/\/www.cbm.ro.gov.br\/wp-content\/uploads\/2024\/09\/bem-vindo-ao-nosso-arraial-2048x1365.jpg 2048w\" sizes=\"(max-width: 1024px) 100vw, 1024px\" \/><\/figure>\n\n\n\n<p>A programa\u00e7\u00e3o do arraial foi repleta de atra\u00e7\u00f5es que destacaram a riqueza das tradi\u00e7\u00f5es folcl\u00f3ricas. O evento come\u00e7ou com as apresenta\u00e7\u00f5es das quatro quadrilhas tradicionais do Ensino Fundamental, que encantaram o p\u00fablico com suas coreografias animadas e trajes coloridos, trazendo \u00e0 tona o esp\u00edrito festivo das festas juninas.<\/p>\n\n\n\n<figure class=\"wp-block-image size-full\"><img decoding=\"async\" width=\"840\" height=\"560\" src=\"https:\/\/www.cbm.ro.gov.br\/wp-content\/uploads\/2024\/09\/quadrilha-infantil.jpg\" alt=\"\" class=\"wp-image-3131\" srcset=\"https:\/\/www.cbm.ro.gov.br\/wp-content\/uploads\/2024\/09\/quadrilha-infantil.jpg 840w, https:\/\/www.cbm.ro.gov.br\/wp-content\/uploads\/2024\/09\/quadrilha-infantil-300x200.jpg 300w, https:\/\/www.cbm.ro.gov.br\/wp-content\/uploads\/2024\/09\/quadrilha-infantil-768x512.jpg 768w\" sizes=\"(max-width: 840px) 100vw, 840px\" \/><\/figure>\n\n\n\n<p>A festa seguiu com duas animadas performances de carimb\u00f3, que contagiou os presentes com ritmos envolventes e alegres. O core\u00f3grafo Maicon, com sua indument\u00e1ria de Paj\u00e9, realizou uma apresenta\u00e7\u00e3o solo que emocionou a todos, demonstrando habilidade e paix\u00e3o pela arte de forma impressionante.<br><\/p>\n\n\n\n<figure class=\"wp-block-image size-full\"><img decoding=\"async\" width=\"840\" height=\"560\" src=\"https:\/\/www.cbm.ro.gov.br\/wp-content\/uploads\/2024\/09\/coreografo.jpg\" alt=\"\" class=\"wp-image-3132\" srcset=\"https:\/\/www.cbm.ro.gov.br\/wp-content\/uploads\/2024\/09\/coreografo.jpg 840w, https:\/\/www.cbm.ro.gov.br\/wp-content\/uploads\/2024\/09\/coreografo-300x200.jpg 300w, https:\/\/www.cbm.ro.gov.br\/wp-content\/uploads\/2024\/09\/coreografo-768x512.jpg 768w\" sizes=\"(max-width: 840px) 100vw, 840px\" \/><\/figure>\n\n\n\n<p><br>Outro ponto alto da noite foi a apresenta\u00e7\u00e3o do Boi Bumb\u00e1 Estrela de Fogo, que trouxe energia e entusiasmo ao evento, mantendo viva a tradi\u00e7\u00e3o folcl\u00f3rica com sua performance vibrante. A coroa\u00e7\u00e3o do Rei e da Rainha do Arraial foi um momento marcante, simbolizando a uni\u00e3o e a alegria de toda a comunidade escolar. <\/p>\n\n\n\n<figure class=\"wp-block-image size-full\"><img loading=\"lazy\" decoding=\"async\" width=\"840\" height=\"560\" src=\"https:\/\/www.cbm.ro.gov.br\/wp-content\/uploads\/2024\/09\/boi-e-sinha.jpg\" alt=\"\" class=\"wp-image-3133\" srcset=\"https:\/\/www.cbm.ro.gov.br\/wp-content\/uploads\/2024\/09\/boi-e-sinha.jpg 840w, https:\/\/www.cbm.ro.gov.br\/wp-content\/uploads\/2024\/09\/boi-e-sinha-300x200.jpg 300w, https:\/\/www.cbm.ro.gov.br\/wp-content\/uploads\/2024\/09\/boi-e-sinha-768x512.jpg 768w\" sizes=\"(max-width: 840px) 100vw, 840px\" \/><\/figure>\n\n\n\n<p>A apresenta\u00e7\u00e3o do Quadrilh\u00e3o do Ensino M\u00e9dio foi um dos momentos mais esperados da noite. Com um toque especial, o Quadrilh\u00e3o encerrou a programa\u00e7\u00e3o de forma grandiosa, deixando uma impress\u00e3o duradoura em todos os presentes.<\/p>\n\n\n\n<figure class=\"wp-block-image size-full\"><img loading=\"lazy\" decoding=\"async\" width=\"840\" height=\"560\" src=\"https:\/\/www.cbm.ro.gov.br\/wp-content\/uploads\/2024\/09\/aluno3ao.jpg\" alt=\"\" class=\"wp-image-3134\" srcset=\"https:\/\/www.cbm.ro.gov.br\/wp-content\/uploads\/2024\/09\/aluno3ao.jpg 840w, https:\/\/www.cbm.ro.gov.br\/wp-content\/uploads\/2024\/09\/aluno3ao-300x200.jpg 300w, https:\/\/www.cbm.ro.gov.br\/wp-content\/uploads\/2024\/09\/aluno3ao-768x512.jpg 768w\" sizes=\"(max-width: 840px) 100vw, 840px\" \/><\/figure>\n\n\n\n\n\n<p>Al\u00e9m das apresenta\u00e7\u00f5es culturais, o evento ofereceu diversas atra\u00e7\u00f5es recreativas, como o pula-pula e jogos , garantindo divers\u00e3o para todas as idades. Os participantes tamb\u00e9m puderam saborear uma variedade de comidas t\u00edpicas, incluindo vatap\u00e1, galinha picante, arroz, farofa, churrasquinho, bolos, doces, milho e pipoca, que agradaram a todos os gostos e complementaram o clima festivo.<\/p>\n\n\n\n<figure class=\"wp-block-image size-full\"><img loading=\"lazy\" decoding=\"async\" width=\"840\" height=\"560\" src=\"https:\/\/www.cbm.ro.gov.br\/wp-content\/uploads\/2024\/09\/pescaria.jpg\" alt=\"\" class=\"wp-image-3135\" srcset=\"https:\/\/www.cbm.ro.gov.br\/wp-content\/uploads\/2024\/09\/pescaria.jpg 840w, https:\/\/www.cbm.ro.gov.br\/wp-content\/uploads\/2024\/09\/pescaria-300x200.jpg 300w, https:\/\/www.cbm.ro.gov.br\/wp-content\/uploads\/2024\/09\/pescaria-768x512.jpg 768w\" sizes=\"(max-width: 840px) 100vw, 840px\" \/><\/figure>\n\n\n\n<p>O 1\u00ba Arraial do Imperador foi um verdadeiro sucesso, promovendo a integra\u00e7\u00e3o entre alunos, familiares e professores em um ambiente festivo e acolhedor. Agradecemos a todos que contribu\u00edram para a realiza\u00e7\u00e3o deste evento memor\u00e1vel e j\u00e1 deixamos o convite para o pr\u00f3ximo ano!<\/p>\n\n\n\n<figure class=\"wp-block-image size-full\"><img loading=\"lazy\" decoding=\"async\" width=\"840\" height=\"560\" src=\"https:\/\/www.cbm.ro.gov.br\/wp-content\/uploads\/2024\/09\/vice-diretora-rei-e-rainha.jpg\" alt=\"\" class=\"wp-image-3136\" srcset=\"https:\/\/www.cbm.ro.gov.br\/wp-content\/uploads\/2024\/09\/vice-diretora-rei-e-rainha.jpg 840w, https:\/\/www.cbm.ro.gov.br\/wp-content\/uploads\/2024\/09\/vice-diretora-rei-e-rainha-300x200.jpg 300w, https:\/\/www.cbm.ro.gov.br\/wp-content\/uploads\/2024\/09\/vice-diretora-rei-e-rainha-768x512.jpg 768w\" sizes=\"(max-width: 840px) 100vw, 840px\" \/><\/figure>\n\n\n\n<p><a href=\"https:\/\/flic.kr\/ps\/44VdYH\">CLIQUE AQUI PARA ACESSAR AS FOTOS DO EVENTO<\/a>\u00a0<\/p>\n\n\n\n<p><br><span id=\"docs-internal-guid-3a20fe81-7fff-7f1c-a0e6-d409e3637c9c\"><div><span style=\"font-size: 12pt; font-family: Verdana, sans-serif; color: rgb(37, 37, 37); font-variant-numeric: normal; font-variant-east-asian: normal; font-variant-alternates: normal; font-variant-position: normal; vertical-align: baseline;\"><\/span><\/div><\/span><\/p>\n","protected":false},"excerpt":{"rendered":"<p>O evento foi uma celebra\u00e7\u00e3o vibrante das tradi\u00e7\u00f5es juninas, reunindo alunos, pais e a comunidade em uma noite inesquec\u00edvel de alegria e cultura.<\/p>\n","protected":false},"author":5,"featured_media":3129,"comment_status":"closed","ping_status":"open","sticky":false,"template":"","format":"standard","meta":{"footnotes":""},"categories":[1,6],"tags":[100,13,102],"class_list":["post-3128","post","type-post","status-publish","format-standard","has-post-thumbnail","hentry","category-cbmro","category-eventos","tag-arraial","tag-cbmro","tag-colegiomilitardompedroii-unidade-i"],"yoast_head":"<!-- This site is optimized with the Yoast SEO plugin v23.7 - https:\/\/yoast.com\/wordpress\/plugins\/seo\/ -->\n<title>1\u00ba ARRAIAL DO IMPERADOR: UMA NOITE DE TRADI\u00c7\u00c3O E ALEGRIA NO COL\u00c9GIO MILITAR DOM PEDRO II UNIDADE 1 - Corpo de Bombeiros Militar de Rond\u00f4nia<\/title>\n<meta name=\"robots\" content=\"index, follow, max-snippet:-1, max-image-preview:large, max-video-preview:-1\" \/>\n<link rel=\"canonical\" href=\"https:\/\/www.cbm.ro.gov.br\/?p=3128\" \/>\n<meta property=\"og:locale\" content=\"pt_BR\" \/>\n<meta property=\"og:type\" content=\"article\" \/>\n<meta property=\"og:title\" content=\"1\u00ba ARRAIAL DO IMPERADOR: UMA NOITE DE TRADI\u00c7\u00c3O E ALEGRIA NO COL\u00c9GIO MILITAR DOM PEDRO II UNIDADE 1 - Corpo de Bombeiros Militar de Rond\u00f4nia\" \/>\n<meta property=\"og:description\" content=\"O evento foi uma celebra\u00e7\u00e3o vibrante das tradi\u00e7\u00f5es juninas, reunindo alunos, pais e a comunidade em uma noite inesquec\u00edvel de alegria e cultura.\" \/>\n<meta property=\"og:url\" content=\"https:\/\/www.cbm.ro.gov.br\/?p=3128\" \/>\n<meta property=\"og:site_name\" content=\"Corpo de Bombeiros Militar de Rond\u00f4nia\" \/>\n<meta property=\"article:publisher\" content=\"https:\/\/www.facebook.com\/cbmro.oficial\/\" \/>\n<meta property=\"article:published_time\" content=\"2024-09-03T11:59:24+00:00\" \/>\n<meta property=\"article:modified_time\" content=\"2024-09-03T11:59:25+00:00\" \/>\n<meta property=\"og:image\" content=\"https:\/\/www.cbm.ro.gov.br\/wp-content\/uploads\/2024\/09\/banner-comprimida-ok-scaled.jpg\" \/>\n\t<meta property=\"og:image:width\" content=\"2560\" \/>\n\t<meta property=\"og:image:height\" content=\"1852\" \/>\n\t<meta property=\"og:image:type\" content=\"image\/jpeg\" \/>\n<meta name=\"author\" content=\"Marcos Barros\" \/>\n<meta name=\"twitter:card\" content=\"summary_large_image\" \/>\n<meta name=\"twitter:label1\" content=\"Escrito por\" \/>\n\t<meta name=\"twitter:data1\" content=\"Marcos Barros\" \/>\n\t<meta name=\"twitter:label2\" content=\"Est. tempo de leitura\" \/>\n\t<meta name=\"twitter:data2\" content=\"2 minutos\" \/>\n<script type=\"application\/ld+json\" class=\"yoast-schema-graph\">{\"@context\":\"https:\/\/schema.org\",\"@graph\":[{\"@type\":\"Article\",\"@id\":\"https:\/\/www.cbm.ro.gov.br\/?p=3128#article\",\"isPartOf\":{\"@id\":\"https:\/\/www.cbm.ro.gov.br\/?p=3128\"},\"author\":{\"name\":\"Marcos Barros\",\"@id\":\"https:\/\/www.cbm.ro.gov.br\/#\/schema\/person\/b035b7e269aef4233e9514c2751917c5\"},\"headline\":\"1\u00ba ARRAIAL DO IMPERADOR: UMA NOITE DE TRADI\u00c7\u00c3O E ALEGRIA NO COL\u00c9GIO MILITAR DOM PEDRO II UNIDADE 1\",\"datePublished\":\"2024-09-03T11:59:24+00:00\",\"dateModified\":\"2024-09-03T11:59:25+00:00\",\"mainEntityOfPage\":{\"@id\":\"https:\/\/www.cbm.ro.gov.br\/?p=3128\"},\"wordCount\":390,\"publisher\":{\"@id\":\"https:\/\/www.cbm.ro.gov.br\/#organization\"},\"image\":{\"@id\":\"https:\/\/www.cbm.ro.gov.br\/?p=3128#primaryimage\"},\"thumbnailUrl\":\"https:\/\/www.cbm.ro.gov.br\/wp-content\/uploads\/2024\/09\/banner-comprimida-ok-scaled.jpg\",\"keywords\":[\"ARRAIAL\",\"CBMRO\",\"COLEGIOMILITARDOMPEDROII-UNIDADE I\"],\"articleSection\":[\"CBMRO\",\"Eventos\"],\"inLanguage\":\"pt-BR\"},{\"@type\":\"WebPage\",\"@id\":\"https:\/\/www.cbm.ro.gov.br\/?p=3128\",\"url\":\"https:\/\/www.cbm.ro.gov.br\/?p=3128\",\"name\":\"1\u00ba ARRAIAL DO IMPERADOR: UMA NOITE DE TRADI\u00c7\u00c3O E ALEGRIA NO COL\u00c9GIO MILITAR DOM PEDRO II UNIDADE 1 - Corpo de Bombeiros Militar de Rond\u00f4nia\",\"isPartOf\":{\"@id\":\"https:\/\/www.cbm.ro.gov.br\/#website\"},\"primaryImageOfPage\":{\"@id\":\"https:\/\/www.cbm.ro.gov.br\/?p=3128#primaryimage\"},\"image\":{\"@id\":\"https:\/\/www.cbm.ro.gov.br\/?p=3128#primaryimage\"},\"thumbnailUrl\":\"https:\/\/www.cbm.ro.gov.br\/wp-content\/uploads\/2024\/09\/banner-comprimida-ok-scaled.jpg\",\"datePublished\":\"2024-09-03T11:59:24+00:00\",\"dateModified\":\"2024-09-03T11:59:25+00:00\",\"breadcrumb\":{\"@id\":\"https:\/\/www.cbm.ro.gov.br\/?p=3128#breadcrumb\"},\"inLanguage\":\"pt-BR\",\"potentialAction\":[{\"@type\":\"ReadAction\",\"target\":[\"https:\/\/www.cbm.ro.gov.br\/?p=3128\"]}]},{\"@type\":\"ImageObject\",\"inLanguage\":\"pt-BR\",\"@id\":\"https:\/\/www.cbm.ro.gov.br\/?p=3128#primaryimage\",\"url\":\"https:\/\/www.cbm.ro.gov.br\/wp-content\/uploads\/2024\/09\/banner-comprimida-ok-scaled.jpg\",\"contentUrl\":\"https:\/\/www.cbm.ro.gov.br\/wp-content\/uploads\/2024\/09\/banner-comprimida-ok-scaled.jpg\",\"width\":2560,\"height\":1852},{\"@type\":\"BreadcrumbList\",\"@id\":\"https:\/\/www.cbm.ro.gov.br\/?p=3128#breadcrumb\",\"itemListElement\":[{\"@type\":\"ListItem\",\"position\":1,\"name\":\"In\u00edcio\",\"item\":\"https:\/\/www.cbm.ro.gov.br\/\"},{\"@type\":\"ListItem\",\"position\":2,\"name\":\"1\u00ba ARRAIAL DO IMPERADOR: UMA NOITE DE TRADI\u00c7\u00c3O E ALEGRIA NO COL\u00c9GIO MILITAR DOM PEDRO II UNIDADE 1\"}]},{\"@type\":\"WebSite\",\"@id\":\"https:\/\/www.cbm.ro.gov.br\/#website\",\"url\":\"https:\/\/www.cbm.ro.gov.br\/\",\"name\":\"Corpo de Bombeiros Militar de Rond\u00f4nia\",\"description\":\"Vidas alheias, riquezas salvar!\",\"publisher\":{\"@id\":\"https:\/\/www.cbm.ro.gov.br\/#organization\"},\"alternateName\":\"cbmro\",\"potentialAction\":[{\"@type\":\"SearchAction\",\"target\":{\"@type\":\"EntryPoint\",\"urlTemplate\":\"https:\/\/www.cbm.ro.gov.br\/?s={search_term_string}\"},\"query-input\":{\"@type\":\"PropertyValueSpecification\",\"valueRequired\":true,\"valueName\":\"search_term_string\"}}],\"inLanguage\":\"pt-BR\"},{\"@type\":\"Organization\",\"@id\":\"https:\/\/www.cbm.ro.gov.br\/#organization\",\"name\":\"Corpo de Bombeiros Militar do Estado de Rond\u00f4nia\",\"alternateName\":\"CBMRO\",\"url\":\"https:\/\/www.cbm.ro.gov.br\/\",\"logo\":{\"@type\":\"ImageObject\",\"inLanguage\":\"pt-BR\",\"@id\":\"https:\/\/www.cbm.ro.gov.br\/#\/schema\/logo\/image\/\",\"url\":\"https:\/\/www.cbm.ro.gov.br\/wp-content\/uploads\/2023\/12\/cropped-cropped-cropped-BRASO_3D_32-1-e1724344443171.png\",\"contentUrl\":\"https:\/\/www.cbm.ro.gov.br\/wp-content\/uploads\/2023\/12\/cropped-cropped-cropped-BRASO_3D_32-1-e1724344443171.png\",\"width\":446,\"height\":441,\"caption\":\"Corpo de Bombeiros Militar do Estado de Rond\u00f4nia\"},\"image\":{\"@id\":\"https:\/\/www.cbm.ro.gov.br\/#\/schema\/logo\/image\/\"},\"sameAs\":[\"https:\/\/www.facebook.com\/cbmro.oficial\/\",\"https:\/\/www.youtube.com\/c\/CorpodeBombeirosMilitardoEstadodeRond\u00f4nia\"]},{\"@type\":\"Person\",\"@id\":\"https:\/\/www.cbm.ro.gov.br\/#\/schema\/person\/b035b7e269aef4233e9514c2751917c5\",\"name\":\"Marcos Barros\",\"sameAs\":[\"http:\/\/10.210.0.90\/wp-admin\/post.php?post=2688&amp;action=edit\"],\"url\":\"https:\/\/www.cbm.ro.gov.br\/?author=5\"}]}<\/script>\n<!-- \/ Yoast SEO plugin. -->","yoast_head_json":{"title":"1\u00ba ARRAIAL DO IMPERADOR: UMA NOITE DE TRADI\u00c7\u00c3O E ALEGRIA NO COL\u00c9GIO MILITAR DOM PEDRO II UNIDADE 1 - Corpo de Bombeiros Militar de Rond\u00f4nia","robots":{"index":"index","follow":"follow","max-snippet":"max-snippet:-1","max-image-preview":"max-image-preview:large","max-video-preview":"max-video-preview:-1"},"canonical":"https:\/\/www.cbm.ro.gov.br\/?p=3128","og_locale":"pt_BR","og_type":"article","og_title":"1\u00ba ARRAIAL DO IMPERADOR: UMA NOITE DE TRADI\u00c7\u00c3O E ALEGRIA NO COL\u00c9GIO MILITAR DOM PEDRO II UNIDADE 1 - Corpo de Bombeiros Militar de Rond\u00f4nia","og_description":"O evento foi uma celebra\u00e7\u00e3o vibrante das tradi\u00e7\u00f5es juninas, reunindo alunos, pais e a comunidade em uma noite inesquec\u00edvel de alegria e cultura.","og_url":"https:\/\/www.cbm.ro.gov.br\/?p=3128","og_site_name":"Corpo de Bombeiros Militar de Rond\u00f4nia","article_publisher":"https:\/\/www.facebook.com\/cbmro.oficial\/","article_published_time":"2024-09-03T11:59:24+00:00","article_modified_time":"2024-09-03T11:59:25+00:00","og_image":[{"width":2560,"height":1852,"url":"https:\/\/www.cbm.ro.gov.br\/wp-content\/uploads\/2024\/09\/banner-comprimida-ok-scaled.jpg","type":"image\/jpeg"}],"author":"Marcos Barros","twitter_card":"summary_large_image","twitter_misc":{"Escrito por":"Marcos Barros","Est. tempo de leitura":"2 minutos"},"schema":{"@context":"https:\/\/schema.org","@graph":[{"@type":"Article","@id":"https:\/\/www.cbm.ro.gov.br\/?p=3128#article","isPartOf":{"@id":"https:\/\/www.cbm.ro.gov.br\/?p=3128"},"author":{"name":"Marcos Barros","@id":"https:\/\/www.cbm.ro.gov.br\/#\/schema\/person\/b035b7e269aef4233e9514c2751917c5"},"headline":"1\u00ba ARRAIAL DO IMPERADOR: UMA NOITE DE TRADI\u00c7\u00c3O E ALEGRIA NO COL\u00c9GIO MILITAR DOM PEDRO II UNIDADE 1","datePublished":"2024-09-03T11:59:24+00:00","dateModified":"2024-09-03T11:59:25+00:00","mainEntityOfPage":{"@id":"https:\/\/www.cbm.ro.gov.br\/?p=3128"},"wordCount":390,"publisher":{"@id":"https:\/\/www.cbm.ro.gov.br\/#organization"},"image":{"@id":"https:\/\/www.cbm.ro.gov.br\/?p=3128#primaryimage"},"thumbnailUrl":"https:\/\/www.cbm.ro.gov.br\/wp-content\/uploads\/2024\/09\/banner-comprimida-ok-scaled.jpg","keywords":["ARRAIAL","CBMRO","COLEGIOMILITARDOMPEDROII-UNIDADE I"],"articleSection":["CBMRO","Eventos"],"inLanguage":"pt-BR"},{"@type":"WebPage","@id":"https:\/\/www.cbm.ro.gov.br\/?p=3128","url":"https:\/\/www.cbm.ro.gov.br\/?p=3128","name":"1\u00ba ARRAIAL DO IMPERADOR: UMA NOITE DE TRADI\u00c7\u00c3O E ALEGRIA NO COL\u00c9GIO MILITAR DOM PEDRO II UNIDADE 1 - Corpo de Bombeiros Militar de Rond\u00f4nia","isPartOf":{"@id":"https:\/\/www.cbm.ro.gov.br\/#website"},"primaryImageOfPage":{"@id":"https:\/\/www.cbm.ro.gov.br\/?p=3128#primaryimage"},"image":{"@id":"https:\/\/www.cbm.ro.gov.br\/?p=3128#primaryimage"},"thumbnailUrl":"https:\/\/www.cbm.ro.gov.br\/wp-content\/uploads\/2024\/09\/banner-comprimida-ok-scaled.jpg","datePublished":"2024-09-03T11:59:24+00:00","dateModified":"2024-09-03T11:59:25+00:00","breadcrumb":{"@id":"https:\/\/www.cbm.ro.gov.br\/?p=3128#breadcrumb"},"inLanguage":"pt-BR","potentialAction":[{"@type":"ReadAction","target":["https:\/\/www.cbm.ro.gov.br\/?p=3128"]}]},{"@type":"ImageObject","inLanguage":"pt-BR","@id":"https:\/\/www.cbm.ro.gov.br\/?p=3128#primaryimage","url":"https:\/\/www.cbm.ro.gov.br\/wp-content\/uploads\/2024\/09\/banner-comprimida-ok-scaled.jpg","contentUrl":"https:\/\/www.cbm.ro.gov.br\/wp-content\/uploads\/2024\/09\/banner-comprimida-ok-scaled.jpg","width":2560,"height":1852},{"@type":"BreadcrumbList","@id":"https:\/\/www.cbm.ro.gov.br\/?p=3128#breadcrumb","itemListElement":[{"@type":"ListItem","position":1,"name":"In\u00edcio","item":"https:\/\/www.cbm.ro.gov.br\/"},{"@type":"ListItem","position":2,"name":"1\u00ba ARRAIAL DO IMPERADOR: UMA NOITE DE TRADI\u00c7\u00c3O E ALEGRIA NO COL\u00c9GIO MILITAR DOM PEDRO II UNIDADE 1"}]},{"@type":"WebSite","@id":"https:\/\/www.cbm.ro.gov.br\/#website","url":"https:\/\/www.cbm.ro.gov.br\/","name":"Corpo de Bombeiros Militar de Rond\u00f4nia","description":"Vidas alheias, riquezas salvar!","publisher":{"@id":"https:\/\/www.cbm.ro.gov.br\/#organization"},"alternateName":"cbmro","potentialAction":[{"@type":"SearchAction","target":{"@type":"EntryPoint","urlTemplate":"https:\/\/www.cbm.ro.gov.br\/?s={search_term_string}"},"query-input":{"@type":"PropertyValueSpecification","valueRequired":true,"valueName":"search_term_string"}}],"inLanguage":"pt-BR"},{"@type":"Organization","@id":"https:\/\/www.cbm.ro.gov.br\/#organization","name":"Corpo de Bombeiros Militar do Estado de Rond\u00f4nia","alternateName":"CBMRO","url":"https:\/\/www.cbm.ro.gov.br\/","logo":{"@type":"ImageObject","inLanguage":"pt-BR","@id":"https:\/\/www.cbm.ro.gov.br\/#\/schema\/logo\/image\/","url":"https:\/\/www.cbm.ro.gov.br\/wp-content\/uploads\/2023\/12\/cropped-cropped-cropped-BRASO_3D_32-1-e1724344443171.png","contentUrl":"https:\/\/www.cbm.ro.gov.br\/wp-content\/uploads\/2023\/12\/cropped-cropped-cropped-BRASO_3D_32-1-e1724344443171.png","width":446,"height":441,"caption":"Corpo de Bombeiros Militar do Estado de Rond\u00f4nia"},"image":{"@id":"https:\/\/www.cbm.ro.gov.br\/#\/schema\/logo\/image\/"},"sameAs":["https:\/\/www.facebook.com\/cbmro.oficial\/","https:\/\/www.youtube.com\/c\/CorpodeBombeirosMilitardoEstadodeRond\u00f4nia"]},{"@type":"Person","@id":"https:\/\/www.cbm.ro.gov.br\/#\/schema\/person\/b035b7e269aef4233e9514c2751917c5","name":"Marcos Barros","sameAs":["http:\/\/10.210.0.90\/wp-admin\/post.php?post=2688&amp;action=edit"],"url":"https:\/\/www.cbm.ro.gov.br\/?author=5"}]}},"wpmagazine_modules_lite_featured_media_urls":{"thumbnail":["https:\/\/www.cbm.ro.gov.br\/wp-content\/uploads\/2024\/09\/banner-comprimida-ok-150x150.jpg",150,150,true],"cvmm-medium":["https:\/\/www.cbm.ro.gov.br\/wp-content\/uploads\/2024\/09\/banner-comprimida-ok-300x300.jpg",300,300,true],"cvmm-medium-plus":["https:\/\/www.cbm.ro.gov.br\/wp-content\/uploads\/2024\/09\/banner-comprimida-ok-305x207.jpg",305,207,true],"cvmm-portrait":["https:\/\/www.cbm.ro.gov.br\/wp-content\/uploads\/2024\/09\/banner-comprimida-ok-400x600.jpg",400,600,true],"cvmm-medium-square":["https:\/\/www.cbm.ro.gov.br\/wp-content\/uploads\/2024\/09\/banner-comprimida-ok-600x600.jpg",600,600,true],"cvmm-large":["https:\/\/www.cbm.ro.gov.br\/wp-content\/uploads\/2024\/09\/banner-comprimida-ok-1024x1024.jpg",1024,1024,true],"cvmm-small":["https:\/\/www.cbm.ro.gov.br\/wp-content\/uploads\/2024\/09\/banner-comprimida-ok-130x95.jpg",130,95,true],"full":["https:\/\/www.cbm.ro.gov.br\/wp-content\/uploads\/2024\/09\/banner-comprimida-ok-scaled.jpg",2560,1852,false]},"categories_names":{"1":{"name":"CBMRO","link":"https:\/\/www.cbm.ro.gov.br\/?cat=1"},"6":{"name":"Eventos","link":"https:\/\/www.cbm.ro.gov.br\/?cat=6"}},"tags_names":{"100":{"name":"ARRAIAL","link":"https:\/\/www.cbm.ro.gov.br\/?tag=arraial"},"13":{"name":"CBMRO","link":"https:\/\/www.cbm.ro.gov.br\/?tag=cbmro"},"102":{"name":"COLEGIOMILITARDOMPEDROII-UNIDADE I","link":"https:\/\/www.cbm.ro.gov.br\/?tag=colegiomilitardompedroii-unidade-i"}},"comments_number":"0","_links":{"self":[{"href":"https:\/\/www.cbm.ro.gov.br\/index.php?rest_route=\/wp\/v2\/posts\/3128","targetHints":{"allow":["GET"]}}],"collection":[{"href":"https:\/\/www.cbm.ro.gov.br\/index.php?rest_route=\/wp\/v2\/posts"}],"about":[{"href":"https:\/\/www.cbm.ro.gov.br\/index.php?rest_route=\/wp\/v2\/types\/post"}],"author":[{"embeddable":true,"href":"https:\/\/www.cbm.ro.gov.br\/index.php?rest_route=\/wp\/v2\/users\/5"}],"replies":[{"embeddable":true,"href":"https:\/\/www.cbm.ro.gov.br\/index.php?rest_route=%2Fwp%2Fv2%2Fcomments&post=3128"}],"version-history":[{"count":1,"href":"https:\/\/www.cbm.ro.gov.br\/index.php?rest_route=\/wp\/v2\/posts\/3128\/revisions"}],"predecessor-version":[{"id":3137,"href":"https:\/\/www.cbm.ro.gov.br\/index.php?rest_route=\/wp\/v2\/posts\/3128\/revisions\/3137"}],"wp:featuredmedia":[{"embeddable":true,"href":"https:\/\/www.cbm.ro.gov.br\/index.php?rest_route=\/wp\/v2\/media\/3129"}],"wp:attachment":[{"href":"https:\/\/www.cbm.ro.gov.br\/index.php?rest_route=%2Fwp%2Fv2%2Fmedia&parent=3128"}],"wp:term":[{"taxonomy":"category","embeddable":true,"href":"https:\/\/www.cbm.ro.gov.br\/index.php?rest_route=%2Fwp%2Fv2%2Fcategories&post=3128"},{"taxonomy":"post_tag","embeddable":true,"href":"https:\/\/www.cbm.ro.gov.br\/index.php?rest_route=%2Fwp%2Fv2%2Ftags&post=3128"}],"curies":[{"name":"wp","href":"https:\/\/api.w.org\/{rel}","templated":true}]}}