{"id":2914,"date":"2024-08-28T13:29:08","date_gmt":"2024-08-28T17:29:08","guid":{"rendered":"https:\/\/www.cbm.ro.gov.br\/?p=2914"},"modified":"2024-08-28T13:29:09","modified_gmt":"2024-08-28T17:29:09","slug":"forca-tarefa-do-corpo-de-bombeiros-militar-de-rondonia-executa-acao-de-combate-a-incendio-florestal-em-costa-marques","status":"publish","type":"post","link":"https:\/\/www.cbm.ro.gov.br\/?p=2914","title":{"rendered":"For\u00e7a-tarefa do Corpo de Bombeiros Militar de Rond\u00f4nia executa a\u00e7\u00e3o de combate a inc\u00eandio florestal, em Costa Marques"},"content":{"rendered":"\n<p><\/p>\n\n\n\n<p id=\"caption-attachment-798874\"><em><strong>A equipe iniciou a constru\u00e7\u00e3o de um aceiro de 4 km, conectando as \u00e1reas afetadas e criando uma barreira para limitar a propaga\u00e7\u00e3o do fogo<\/strong><\/em><\/p>\n\n\n\n<p><strong>U<\/strong>ma for\u00e7a-tarefa composta por militares do Corpo de Bombeiros de Rond\u00f4nia (CBMRO) foi enviada para combater um inc\u00eandio florestal que atinge a Linha-64 da BR-429, em Costa Marques, no dia 22 de agosto. Ao chegar ao local, a equipe encontrou uma opera\u00e7\u00e3o j\u00e1 em andamento, com maquin\u00e1rios pesados, caminh\u00f5es-pipa e numerosos volunt\u00e1rios envolvidos no esfor\u00e7o para conter as chamas.<\/p>\n\n\n\n<p>O inc\u00eandio apresenta m\u00faltiplas frentes de queima e uma vasta quantidade de biomassa em chamas. Para enfrentar o desafio, a equipe iniciou a constru\u00e7\u00e3o de um aceiro de 4 quil\u00f4metros, conectando as \u00e1reas afetadas e criando uma barreira para limitar a propaga\u00e7\u00e3o do fogo. Ap\u00f3s a conclus\u00e3o do aceiro, foi realizada uma linha fria com o aux\u00edlio de um caminh\u00e3o-pipa, seguida pela aplica\u00e7\u00e3o da t\u00e9cnica de fogo contra fogo, uma estrat\u00e9gia que consiste em iniciar um novo inc\u00eandio controlado para queimar a biomassa entre as linhas e interromper a frente principal das chamas.<\/p>\n\n\n\n<p>A t\u00e1tica \u00e9 particularmente \u00e9 eficaz durante a noite devido \u00e0 redu\u00e7\u00e3o da intensidade dos ventos, que durante o dia t\u00eam exacerbado a propaga\u00e7\u00e3o do inc\u00eandio.<\/p>\n\n\n\n<p><img fetchpriority=\"high\" decoding=\"async\" src=\"https:\/\/rondonia.ro.gov.br\/wp-content\/uploads\/2024\/08\/IMG-20240826-WA0044-2-570x428.jpg\" alt=\"\" width=\"570\" height=\"428\" srcset=\"https:\/\/rondonia.ro.gov.br\/wp-content\/uploads\/2024\/08\/IMG-20240826-WA0044-2-570x428.jpg 570w, https:\/\/rondonia.ro.gov.br\/wp-content\/uploads\/2024\/08\/IMG-20240826-WA0044-2-768x576.jpg 768w, https:\/\/rondonia.ro.gov.br\/wp-content\/uploads\/2024\/08\/IMG-20240826-WA0044-2-170x128.jpg 170w, https:\/\/rondonia.ro.gov.br\/wp-content\/uploads\/2024\/08\/IMG-20240826-WA0044-2-370x278.jpg 370w, https:\/\/rondonia.ro.gov.br\/wp-content\/uploads\/2024\/08\/IMG-20240826-WA0044-2-870x653.jpg 870w, https:\/\/rondonia.ro.gov.br\/wp-content\/uploads\/2024\/08\/IMG-20240826-WA0044-2.jpg 1202w\"><\/p>\n\n\n\n<p id=\"caption-attachment-798921\">O Corpo de Bombeiros Militar de Rond\u00f4nia est\u00e1 trabalhando com dedica\u00e7\u00e3o para controlar o inc\u00eandio e proteger a \u00e1rea afetada<\/p>\n\n\n\n<p>Al\u00e9m da frente principal, uma nova frente de inc\u00eandio foi identificada. A equipe realizou o reconhecimento da \u00e1rea e est\u00e1 desenvolvendo uma estrat\u00e9gia de extin\u00e7\u00e3o para lidar com essa nova amea\u00e7a. A opera\u00e7\u00e3o est\u00e1 programada para continuar, aproveitando as melhores condi\u00e7\u00f5es noturnas para o combate.<\/p>\n\n\n\n<p>Os principais fatores que t\u00eam contribu\u00eddo para a intensidade do inc\u00eandio incluem o vento forte, que tem acelerado a propaga\u00e7\u00e3o das chamas, al\u00e9m da estiagem e seca que agravam a situa\u00e7\u00e3o. O Corpo de Bombeiros Militar de Rond\u00f4nia est\u00e1 trabalhando com dedica\u00e7\u00e3o para controlar o inc\u00eandio e proteger a \u00e1rea afetada.&nbsp;<\/p>\n","protected":false},"excerpt":{"rendered":"<p>A equipe iniciou a constru\u00e7\u00e3o de um aceiro de 4 km, conectando as \u00e1reas afetadas e criando uma barreira para limitar a propaga\u00e7\u00e3o do fogo<\/p>\n","protected":false},"author":5,"featured_media":2834,"comment_status":"closed","ping_status":"open","sticky":false,"template":"","format":"standard","meta":{"footnotes":""},"categories":[1],"tags":[13,58,96,83],"class_list":["post-2914","post","type-post","status-publish","format-standard","has-post-thumbnail","hentry","category-cbmro","tag-cbmro","tag-combateaincendio","tag-costamarques","tag-queimadas"],"yoast_head":"<!-- This site is optimized with the Yoast SEO plugin v23.7 - https:\/\/yoast.com\/wordpress\/plugins\/seo\/ -->\n<title>For\u00e7a-tarefa do Corpo de Bombeiros Militar de Rond\u00f4nia executa a\u00e7\u00e3o de combate a inc\u00eandio florestal, em Costa Marques - Corpo de Bombeiros Militar de Rond\u00f4nia<\/title>\n<meta name=\"robots\" content=\"index, follow, max-snippet:-1, max-image-preview:large, max-video-preview:-1\" \/>\n<link rel=\"canonical\" href=\"https:\/\/www.cbm.ro.gov.br\/?p=2914\" \/>\n<meta property=\"og:locale\" content=\"pt_BR\" \/>\n<meta property=\"og:type\" content=\"article\" \/>\n<meta property=\"og:title\" content=\"For\u00e7a-tarefa do Corpo de Bombeiros Militar de Rond\u00f4nia executa a\u00e7\u00e3o de combate a inc\u00eandio florestal, em Costa Marques - Corpo de Bombeiros Militar de Rond\u00f4nia\" \/>\n<meta property=\"og:description\" content=\"A equipe iniciou a constru\u00e7\u00e3o de um aceiro de 4 km, conectando as \u00e1reas afetadas e criando uma barreira para limitar a propaga\u00e7\u00e3o do fogo\" \/>\n<meta property=\"og:url\" content=\"https:\/\/www.cbm.ro.gov.br\/?p=2914\" \/>\n<meta property=\"og:site_name\" content=\"Corpo de Bombeiros Militar de Rond\u00f4nia\" \/>\n<meta property=\"article:publisher\" content=\"https:\/\/www.facebook.com\/cbmro.oficial\/\" \/>\n<meta property=\"article:published_time\" content=\"2024-08-28T17:29:08+00:00\" \/>\n<meta property=\"article:modified_time\" content=\"2024-08-28T17:29:09+00:00\" \/>\n<meta property=\"og:image\" content=\"https:\/\/www.cbm.ro.gov.br\/wp-content\/uploads\/2024\/08\/cortada-costa-marques-2.jpeg\" \/>\n\t<meta property=\"og:image:width\" content=\"720\" \/>\n\t<meta property=\"og:image:height\" content=\"561\" \/>\n\t<meta property=\"og:image:type\" content=\"image\/jpeg\" \/>\n<meta name=\"author\" content=\"Marcos Barros\" \/>\n<meta name=\"twitter:card\" content=\"summary_large_image\" \/>\n<meta name=\"twitter:label1\" content=\"Escrito por\" \/>\n\t<meta name=\"twitter:data1\" content=\"Marcos Barros\" \/>\n\t<meta name=\"twitter:label2\" content=\"Est. tempo de leitura\" \/>\n\t<meta name=\"twitter:data2\" content=\"2 minutos\" \/>\n<script type=\"application\/ld+json\" class=\"yoast-schema-graph\">{\"@context\":\"https:\/\/schema.org\",\"@graph\":[{\"@type\":\"Article\",\"@id\":\"https:\/\/www.cbm.ro.gov.br\/?p=2914#article\",\"isPartOf\":{\"@id\":\"https:\/\/www.cbm.ro.gov.br\/?p=2914\"},\"author\":{\"name\":\"Marcos Barros\",\"@id\":\"https:\/\/www.cbm.ro.gov.br\/#\/schema\/person\/b035b7e269aef4233e9514c2751917c5\"},\"headline\":\"For\u00e7a-tarefa do Corpo de Bombeiros Militar de Rond\u00f4nia executa a\u00e7\u00e3o de combate a inc\u00eandio florestal, em Costa Marques\",\"datePublished\":\"2024-08-28T17:29:08+00:00\",\"dateModified\":\"2024-08-28T17:29:09+00:00\",\"mainEntityOfPage\":{\"@id\":\"https:\/\/www.cbm.ro.gov.br\/?p=2914\"},\"wordCount\":383,\"publisher\":{\"@id\":\"https:\/\/www.cbm.ro.gov.br\/#organization\"},\"image\":{\"@id\":\"https:\/\/www.cbm.ro.gov.br\/?p=2914#primaryimage\"},\"thumbnailUrl\":\"https:\/\/www.cbm.ro.gov.br\/wp-content\/uploads\/2024\/08\/cortada-costa-marques-2.jpeg\",\"keywords\":[\"CBMRO\",\"COMBATEAINCENDIO\",\"COSTAMARQUES\",\"QUEIMADAS\"],\"articleSection\":[\"CBMRO\"],\"inLanguage\":\"pt-BR\"},{\"@type\":\"WebPage\",\"@id\":\"https:\/\/www.cbm.ro.gov.br\/?p=2914\",\"url\":\"https:\/\/www.cbm.ro.gov.br\/?p=2914\",\"name\":\"For\u00e7a-tarefa do Corpo de Bombeiros Militar de Rond\u00f4nia executa a\u00e7\u00e3o de combate a inc\u00eandio florestal, em Costa Marques - Corpo de Bombeiros Militar de Rond\u00f4nia\",\"isPartOf\":{\"@id\":\"https:\/\/www.cbm.ro.gov.br\/#website\"},\"primaryImageOfPage\":{\"@id\":\"https:\/\/www.cbm.ro.gov.br\/?p=2914#primaryimage\"},\"image\":{\"@id\":\"https:\/\/www.cbm.ro.gov.br\/?p=2914#primaryimage\"},\"thumbnailUrl\":\"https:\/\/www.cbm.ro.gov.br\/wp-content\/uploads\/2024\/08\/cortada-costa-marques-2.jpeg\",\"datePublished\":\"2024-08-28T17:29:08+00:00\",\"dateModified\":\"2024-08-28T17:29:09+00:00\",\"breadcrumb\":{\"@id\":\"https:\/\/www.cbm.ro.gov.br\/?p=2914#breadcrumb\"},\"inLanguage\":\"pt-BR\",\"potentialAction\":[{\"@type\":\"ReadAction\",\"target\":[\"https:\/\/www.cbm.ro.gov.br\/?p=2914\"]}]},{\"@type\":\"ImageObject\",\"inLanguage\":\"pt-BR\",\"@id\":\"https:\/\/www.cbm.ro.gov.br\/?p=2914#primaryimage\",\"url\":\"https:\/\/www.cbm.ro.gov.br\/wp-content\/uploads\/2024\/08\/cortada-costa-marques-2.jpeg\",\"contentUrl\":\"https:\/\/www.cbm.ro.gov.br\/wp-content\/uploads\/2024\/08\/cortada-costa-marques-2.jpeg\",\"width\":720,\"height\":561,\"caption\":\"A equipe iniciou a constru\u00e7\u00e3o de um aceiro de 4 km, conectando as \u00e1reas afetadas e criando uma barreira para limitar a propaga\u00e7\u00e3o do fogo\"},{\"@type\":\"BreadcrumbList\",\"@id\":\"https:\/\/www.cbm.ro.gov.br\/?p=2914#breadcrumb\",\"itemListElement\":[{\"@type\":\"ListItem\",\"position\":1,\"name\":\"In\u00edcio\",\"item\":\"https:\/\/www.cbm.ro.gov.br\/\"},{\"@type\":\"ListItem\",\"position\":2,\"name\":\"For\u00e7a-tarefa do Corpo de Bombeiros Militar de Rond\u00f4nia executa a\u00e7\u00e3o de combate a inc\u00eandio florestal, em Costa Marques\"}]},{\"@type\":\"WebSite\",\"@id\":\"https:\/\/www.cbm.ro.gov.br\/#website\",\"url\":\"https:\/\/www.cbm.ro.gov.br\/\",\"name\":\"Corpo de Bombeiros Militar de Rond\u00f4nia\",\"description\":\"Vidas alheias, riquezas salvar!\",\"publisher\":{\"@id\":\"https:\/\/www.cbm.ro.gov.br\/#organization\"},\"alternateName\":\"cbmro\",\"potentialAction\":[{\"@type\":\"SearchAction\",\"target\":{\"@type\":\"EntryPoint\",\"urlTemplate\":\"https:\/\/www.cbm.ro.gov.br\/?s={search_term_string}\"},\"query-input\":{\"@type\":\"PropertyValueSpecification\",\"valueRequired\":true,\"valueName\":\"search_term_string\"}}],\"inLanguage\":\"pt-BR\"},{\"@type\":\"Organization\",\"@id\":\"https:\/\/www.cbm.ro.gov.br\/#organization\",\"name\":\"Corpo de Bombeiros Militar do Estado de Rond\u00f4nia\",\"alternateName\":\"CBMRO\",\"url\":\"https:\/\/www.cbm.ro.gov.br\/\",\"logo\":{\"@type\":\"ImageObject\",\"inLanguage\":\"pt-BR\",\"@id\":\"https:\/\/www.cbm.ro.gov.br\/#\/schema\/logo\/image\/\",\"url\":\"https:\/\/www.cbm.ro.gov.br\/wp-content\/uploads\/2023\/12\/cropped-cropped-cropped-BRASO_3D_32-1-e1724344443171.png\",\"contentUrl\":\"https:\/\/www.cbm.ro.gov.br\/wp-content\/uploads\/2023\/12\/cropped-cropped-cropped-BRASO_3D_32-1-e1724344443171.png\",\"width\":446,\"height\":441,\"caption\":\"Corpo de Bombeiros Militar do Estado de Rond\u00f4nia\"},\"image\":{\"@id\":\"https:\/\/www.cbm.ro.gov.br\/#\/schema\/logo\/image\/\"},\"sameAs\":[\"https:\/\/www.facebook.com\/cbmro.oficial\/\",\"https:\/\/www.youtube.com\/c\/CorpodeBombeirosMilitardoEstadodeRond\u00f4nia\"]},{\"@type\":\"Person\",\"@id\":\"https:\/\/www.cbm.ro.gov.br\/#\/schema\/person\/b035b7e269aef4233e9514c2751917c5\",\"name\":\"Marcos Barros\",\"sameAs\":[\"http:\/\/10.210.0.90\/wp-admin\/post.php?post=2688&amp;action=edit\"],\"url\":\"https:\/\/www.cbm.ro.gov.br\/?author=5\"}]}<\/script>\n<!-- \/ Yoast SEO plugin. -->","yoast_head_json":{"title":"For\u00e7a-tarefa do Corpo de Bombeiros Militar de Rond\u00f4nia executa a\u00e7\u00e3o de combate a inc\u00eandio florestal, em Costa Marques - Corpo de Bombeiros Militar de Rond\u00f4nia","robots":{"index":"index","follow":"follow","max-snippet":"max-snippet:-1","max-image-preview":"max-image-preview:large","max-video-preview":"max-video-preview:-1"},"canonical":"https:\/\/www.cbm.ro.gov.br\/?p=2914","og_locale":"pt_BR","og_type":"article","og_title":"For\u00e7a-tarefa do Corpo de Bombeiros Militar de Rond\u00f4nia executa a\u00e7\u00e3o de combate a inc\u00eandio florestal, em Costa Marques - Corpo de Bombeiros Militar de Rond\u00f4nia","og_description":"A equipe iniciou a constru\u00e7\u00e3o de um aceiro de 4 km, conectando as \u00e1reas afetadas e criando uma barreira para limitar a propaga\u00e7\u00e3o do fogo","og_url":"https:\/\/www.cbm.ro.gov.br\/?p=2914","og_site_name":"Corpo de Bombeiros Militar de Rond\u00f4nia","article_publisher":"https:\/\/www.facebook.com\/cbmro.oficial\/","article_published_time":"2024-08-28T17:29:08+00:00","article_modified_time":"2024-08-28T17:29:09+00:00","og_image":[{"width":720,"height":561,"url":"https:\/\/www.cbm.ro.gov.br\/wp-content\/uploads\/2024\/08\/cortada-costa-marques-2.jpeg","type":"image\/jpeg"}],"author":"Marcos Barros","twitter_card":"summary_large_image","twitter_misc":{"Escrito por":"Marcos Barros","Est. tempo de leitura":"2 minutos"},"schema":{"@context":"https:\/\/schema.org","@graph":[{"@type":"Article","@id":"https:\/\/www.cbm.ro.gov.br\/?p=2914#article","isPartOf":{"@id":"https:\/\/www.cbm.ro.gov.br\/?p=2914"},"author":{"name":"Marcos Barros","@id":"https:\/\/www.cbm.ro.gov.br\/#\/schema\/person\/b035b7e269aef4233e9514c2751917c5"},"headline":"For\u00e7a-tarefa do Corpo de Bombeiros Militar de Rond\u00f4nia executa a\u00e7\u00e3o de combate a inc\u00eandio florestal, em Costa Marques","datePublished":"2024-08-28T17:29:08+00:00","dateModified":"2024-08-28T17:29:09+00:00","mainEntityOfPage":{"@id":"https:\/\/www.cbm.ro.gov.br\/?p=2914"},"wordCount":383,"publisher":{"@id":"https:\/\/www.cbm.ro.gov.br\/#organization"},"image":{"@id":"https:\/\/www.cbm.ro.gov.br\/?p=2914#primaryimage"},"thumbnailUrl":"https:\/\/www.cbm.ro.gov.br\/wp-content\/uploads\/2024\/08\/cortada-costa-marques-2.jpeg","keywords":["CBMRO","COMBATEAINCENDIO","COSTAMARQUES","QUEIMADAS"],"articleSection":["CBMRO"],"inLanguage":"pt-BR"},{"@type":"WebPage","@id":"https:\/\/www.cbm.ro.gov.br\/?p=2914","url":"https:\/\/www.cbm.ro.gov.br\/?p=2914","name":"For\u00e7a-tarefa do Corpo de Bombeiros Militar de Rond\u00f4nia executa a\u00e7\u00e3o de combate a inc\u00eandio florestal, em Costa Marques - Corpo de Bombeiros Militar de Rond\u00f4nia","isPartOf":{"@id":"https:\/\/www.cbm.ro.gov.br\/#website"},"primaryImageOfPage":{"@id":"https:\/\/www.cbm.ro.gov.br\/?p=2914#primaryimage"},"image":{"@id":"https:\/\/www.cbm.ro.gov.br\/?p=2914#primaryimage"},"thumbnailUrl":"https:\/\/www.cbm.ro.gov.br\/wp-content\/uploads\/2024\/08\/cortada-costa-marques-2.jpeg","datePublished":"2024-08-28T17:29:08+00:00","dateModified":"2024-08-28T17:29:09+00:00","breadcrumb":{"@id":"https:\/\/www.cbm.ro.gov.br\/?p=2914#breadcrumb"},"inLanguage":"pt-BR","potentialAction":[{"@type":"ReadAction","target":["https:\/\/www.cbm.ro.gov.br\/?p=2914"]}]},{"@type":"ImageObject","inLanguage":"pt-BR","@id":"https:\/\/www.cbm.ro.gov.br\/?p=2914#primaryimage","url":"https:\/\/www.cbm.ro.gov.br\/wp-content\/uploads\/2024\/08\/cortada-costa-marques-2.jpeg","contentUrl":"https:\/\/www.cbm.ro.gov.br\/wp-content\/uploads\/2024\/08\/cortada-costa-marques-2.jpeg","width":720,"height":561,"caption":"A equipe iniciou a constru\u00e7\u00e3o de um aceiro de 4 km, conectando as \u00e1reas afetadas e criando uma barreira para limitar a propaga\u00e7\u00e3o do fogo"},{"@type":"BreadcrumbList","@id":"https:\/\/www.cbm.ro.gov.br\/?p=2914#breadcrumb","itemListElement":[{"@type":"ListItem","position":1,"name":"In\u00edcio","item":"https:\/\/www.cbm.ro.gov.br\/"},{"@type":"ListItem","position":2,"name":"For\u00e7a-tarefa do Corpo de Bombeiros Militar de Rond\u00f4nia executa a\u00e7\u00e3o de combate a inc\u00eandio florestal, em Costa Marques"}]},{"@type":"WebSite","@id":"https:\/\/www.cbm.ro.gov.br\/#website","url":"https:\/\/www.cbm.ro.gov.br\/","name":"Corpo de Bombeiros Militar de Rond\u00f4nia","description":"Vidas alheias, riquezas salvar!","publisher":{"@id":"https:\/\/www.cbm.ro.gov.br\/#organization"},"alternateName":"cbmro","potentialAction":[{"@type":"SearchAction","target":{"@type":"EntryPoint","urlTemplate":"https:\/\/www.cbm.ro.gov.br\/?s={search_term_string}"},"query-input":{"@type":"PropertyValueSpecification","valueRequired":true,"valueName":"search_term_string"}}],"inLanguage":"pt-BR"},{"@type":"Organization","@id":"https:\/\/www.cbm.ro.gov.br\/#organization","name":"Corpo de Bombeiros Militar do Estado de Rond\u00f4nia","alternateName":"CBMRO","url":"https:\/\/www.cbm.ro.gov.br\/","logo":{"@type":"ImageObject","inLanguage":"pt-BR","@id":"https:\/\/www.cbm.ro.gov.br\/#\/schema\/logo\/image\/","url":"https:\/\/www.cbm.ro.gov.br\/wp-content\/uploads\/2023\/12\/cropped-cropped-cropped-BRASO_3D_32-1-e1724344443171.png","contentUrl":"https:\/\/www.cbm.ro.gov.br\/wp-content\/uploads\/2023\/12\/cropped-cropped-cropped-BRASO_3D_32-1-e1724344443171.png","width":446,"height":441,"caption":"Corpo de Bombeiros Militar do Estado de Rond\u00f4nia"},"image":{"@id":"https:\/\/www.cbm.ro.gov.br\/#\/schema\/logo\/image\/"},"sameAs":["https:\/\/www.facebook.com\/cbmro.oficial\/","https:\/\/www.youtube.com\/c\/CorpodeBombeirosMilitardoEstadodeRond\u00f4nia"]},{"@type":"Person","@id":"https:\/\/www.cbm.ro.gov.br\/#\/schema\/person\/b035b7e269aef4233e9514c2751917c5","name":"Marcos Barros","sameAs":["http:\/\/10.210.0.90\/wp-admin\/post.php?post=2688&amp;action=edit"],"url":"https:\/\/www.cbm.ro.gov.br\/?author=5"}]}},"wpmagazine_modules_lite_featured_media_urls":{"thumbnail":["https:\/\/www.cbm.ro.gov.br\/wp-content\/uploads\/2024\/08\/cortada-costa-marques-2-150x150.jpeg",150,150,true],"cvmm-medium":["https:\/\/www.cbm.ro.gov.br\/wp-content\/uploads\/2024\/08\/cortada-costa-marques-2-300x300.jpeg",300,300,true],"cvmm-medium-plus":["https:\/\/www.cbm.ro.gov.br\/wp-content\/uploads\/2024\/08\/cortada-costa-marques-2-305x207.jpeg",305,207,true],"cvmm-portrait":["https:\/\/www.cbm.ro.gov.br\/wp-content\/uploads\/2024\/08\/cortada-costa-marques-2-400x561.jpeg",400,561,true],"cvmm-medium-square":["https:\/\/www.cbm.ro.gov.br\/wp-content\/uploads\/2024\/08\/cortada-costa-marques-2-600x561.jpeg",600,561,true],"cvmm-large":["https:\/\/www.cbm.ro.gov.br\/wp-content\/uploads\/2024\/08\/cortada-costa-marques-2.jpeg",720,561,false],"cvmm-small":["https:\/\/www.cbm.ro.gov.br\/wp-content\/uploads\/2024\/08\/cortada-costa-marques-2-130x95.jpeg",130,95,true],"full":["https:\/\/www.cbm.ro.gov.br\/wp-content\/uploads\/2024\/08\/cortada-costa-marques-2.jpeg",720,561,false]},"categories_names":{"1":{"name":"CBMRO","link":"https:\/\/www.cbm.ro.gov.br\/?cat=1"}},"tags_names":{"13":{"name":"CBMRO","link":"https:\/\/www.cbm.ro.gov.br\/?tag=cbmro"},"58":{"name":"COMBATEAINCENDIO","link":"https:\/\/www.cbm.ro.gov.br\/?tag=combateaincendio"},"96":{"name":"COSTAMARQUES","link":"https:\/\/www.cbm.ro.gov.br\/?tag=costamarques"},"83":{"name":"QUEIMADAS","link":"https:\/\/www.cbm.ro.gov.br\/?tag=queimadas"}},"comments_number":"0","_links":{"self":[{"href":"https:\/\/www.cbm.ro.gov.br\/index.php?rest_route=\/wp\/v2\/posts\/2914","targetHints":{"allow":["GET"]}}],"collection":[{"href":"https:\/\/www.cbm.ro.gov.br\/index.php?rest_route=\/wp\/v2\/posts"}],"about":[{"href":"https:\/\/www.cbm.ro.gov.br\/index.php?rest_route=\/wp\/v2\/types\/post"}],"author":[{"embeddable":true,"href":"https:\/\/www.cbm.ro.gov.br\/index.php?rest_route=\/wp\/v2\/users\/5"}],"replies":[{"embeddable":true,"href":"https:\/\/www.cbm.ro.gov.br\/index.php?rest_route=%2Fwp%2Fv2%2Fcomments&post=2914"}],"version-history":[{"count":1,"href":"https:\/\/www.cbm.ro.gov.br\/index.php?rest_route=\/wp\/v2\/posts\/2914\/revisions"}],"predecessor-version":[{"id":2915,"href":"https:\/\/www.cbm.ro.gov.br\/index.php?rest_route=\/wp\/v2\/posts\/2914\/revisions\/2915"}],"wp:featuredmedia":[{"embeddable":true,"href":"https:\/\/www.cbm.ro.gov.br\/index.php?rest_route=\/wp\/v2\/media\/2834"}],"wp:attachment":[{"href":"https:\/\/www.cbm.ro.gov.br\/index.php?rest_route=%2Fwp%2Fv2%2Fmedia&parent=2914"}],"wp:term":[{"taxonomy":"category","embeddable":true,"href":"https:\/\/www.cbm.ro.gov.br\/index.php?rest_route=%2Fwp%2Fv2%2Fcategories&post=2914"},{"taxonomy":"post_tag","embeddable":true,"href":"https:\/\/www.cbm.ro.gov.br\/index.php?rest_route=%2Fwp%2Fv2%2Ftags&post=2914"}],"curies":[{"name":"wp","href":"https:\/\/api.w.org\/{rel}","templated":true}]}}