{"id":2838,"date":"2024-08-27T08:09:17","date_gmt":"2024-08-27T12:09:17","guid":{"rendered":"https:\/\/www.cbm.ro.gov.br\/?p=2838"},"modified":"2024-08-27T08:33:06","modified_gmt":"2024-08-27T12:33:06","slug":"2838","status":"publish","type":"post","link":"https:\/\/www.cbm.ro.gov.br\/?p=2838","title":{"rendered":"For\u00e7a-Tarefa do Corpo de Bombeiros combate inc\u00eandios florestais em Alvorada do Oeste"},"content":{"rendered":"\n<blockquote class=\"wp-block-quote is-layout-flow wp-block-quote-is-layout-flow\">\n<p><strong>U<\/strong>ma opera\u00e7\u00e3o&nbsp;mobilizada pelo Corpo de Bombeiros Militar do Estado de Rond\u00f4nia (CBMRO) foi realizada para enfrentar um inc\u00eandio florestal, que atingiu as imedia\u00e7\u00f5es da Linha-64, na zona Rural do munic\u00edpio de Alvorada do Oeste. A a\u00e7\u00e3o, que envolveu equipes das cidades de Ji-Paran\u00e1, Rolim de Moura e S\u00e3o Miguel do Guapor\u00e9, e teve como alvo, a conten\u00e7\u00e3o de um inc\u00eandio que devastou pastagens em seis fazendas e uma extensa \u00e1rea de reserva ambiental, aconteceu na quinta-feira (22).<\/p>\n<\/blockquote>\n\n\n<div class=\"wp-block-image\">\n<figure class=\"alignright size-full is-resized\"><img fetchpriority=\"high\" decoding=\"async\" width=\"540\" height=\"720\" src=\"https:\/\/www.cbm.ro.gov.br\/wp-content\/uploads\/2024\/08\/bombeiro-fogo-2.jpeg\" alt=\"For\u00e7a-tarefa foi composta por sete bombeiros militares\" class=\"wp-image-2848\" style=\"width:242px;height:auto\" srcset=\"https:\/\/www.cbm.ro.gov.br\/wp-content\/uploads\/2024\/08\/bombeiro-fogo-2.jpeg 540w, https:\/\/www.cbm.ro.gov.br\/wp-content\/uploads\/2024\/08\/bombeiro-fogo-2-225x300.jpeg 225w\" sizes=\"(max-width: 540px) 100vw, 540px\" \/><figcaption class=\"wp-element-caption\"><strong><em>For\u00e7a-tarefa foi composta por sete bombeiros militares<\/em><\/strong><\/figcaption><\/figure><\/div>\n\n\n<p class=\"has-text-align-left\" id=\"caption-attachment-798391\"><\/p>\n\n\n\n<p>A for\u00e7a-tarefa, composta por sete bombeiros militares; munidos com equipamentos especializados como caminhonetes, bombas costais, abafadores, pinga-fogo e sopradores, iniciou uma an\u00e1lise detalhada da situa\u00e7\u00e3o, utilizando drones para mapear o alcance do inc\u00eandio e tra\u00e7ar estrat\u00e9gias de combate.<\/p>\n\n\n\n<p>O trabalho da equipe, que iniciou \u00e0s 18h do dia 22, entrou a madrugada desta sexta-feira (23), com opera\u00e7\u00f5es intensivas para controlar as chamas. Na manh\u00e3 da sexta, uma nova avalia\u00e7\u00e3o do territ\u00f3rio foi realizada para ajustar a estrat\u00e9gia de combate, fator essencial ao sucesso da opera\u00e7\u00e3o e para garantir a seguran\u00e7a da \u00e1rea afetada.<\/p>\n\n\n\n<p><strong>PROTE\u00c7\u00c3O DA \u00c1REA<\/strong><\/p>\n\n\n\n<p>Al\u00e9m da interven\u00e7\u00e3o das equipes de bombeiros, a comunidade local desempenhou um papel essencial no combate ao inc\u00eandio. Moradores disponibilizaram m\u00e1quinas pesadas para a cria\u00e7\u00e3o de aceiros e transporte de \u00e1gua, al\u00e9m de, cerca de 15 volunt\u00e1rios que ajudaram diretamente nas opera\u00e7\u00f5es de conten\u00e7\u00e3o das chamas. A atua\u00e7\u00e3o r\u00e1pida e coordenada entre os bombeiros e moradores, foi fundamental para gest\u00e3o e controle do inc\u00eandio, minimizando os danos e garantindo a prote\u00e7\u00e3o das \u00e1reas afetadas.<\/p>\n\n\n\n<p><strong>FOR\u00c7A-TAREFA&nbsp;<\/strong><\/p>\n\n\n\n<p>A for\u00e7a-tarefa segue monitorando a situa\u00e7\u00e3o e trabalhando para garantir a completa extin\u00e7\u00e3o do inc\u00eandio. O Corpo de Bombeiros Militar do Estado de Rond\u00f4nia continua comprometido com a seguran\u00e7a e bem-estar da popula\u00e7\u00e3o e do meio ambiente, permanecendo alerta para qualquer nova ocorr\u00eancia.<\/p>\n\n\n\n<p><\/p>\n","protected":false},"excerpt":{"rendered":"<p>Uma opera\u00e7\u00e3o\u00a0mobilizada pelo Corpo de Bombeiros Militar do Estado de Rond\u00f4nia (CBMRO) foi realizada para enfrentar um inc\u00eandio florestal, que atingiu as imedia\u00e7\u00f5es da Linha-64, na zona Rural do munic\u00edpio de Alvorada do Oeste. <\/p>\n","protected":false},"author":7,"featured_media":2839,"comment_status":"closed","ping_status":"open","sticky":false,"template":"","format":"standard","meta":{"footnotes":""},"categories":[1],"tags":[95,13,58,83],"class_list":["post-2838","post","type-post","status-publish","format-standard","has-post-thumbnail","hentry","category-cbmro","tag-alvoradadoeste","tag-cbmro","tag-combateaincendio","tag-queimadas"],"yoast_head":"<!-- This site is optimized with the Yoast SEO plugin v23.7 - https:\/\/yoast.com\/wordpress\/plugins\/seo\/ -->\n<title>For\u00e7a-Tarefa do Corpo de Bombeiros combate inc\u00eandios florestais em Alvorada do Oeste - Corpo de Bombeiros Militar de Rond\u00f4nia<\/title>\n<meta name=\"robots\" content=\"index, follow, max-snippet:-1, max-image-preview:large, max-video-preview:-1\" \/>\n<link rel=\"canonical\" href=\"https:\/\/www.cbm.ro.gov.br\/?p=2838\" \/>\n<meta property=\"og:locale\" content=\"pt_BR\" \/>\n<meta property=\"og:type\" content=\"article\" \/>\n<meta property=\"og:title\" content=\"For\u00e7a-Tarefa do Corpo de Bombeiros combate inc\u00eandios florestais em Alvorada do Oeste - Corpo de Bombeiros Militar de Rond\u00f4nia\" \/>\n<meta property=\"og:description\" content=\"Uma opera\u00e7\u00e3o\u00a0mobilizada pelo Corpo de Bombeiros Militar do Estado de Rond\u00f4nia (CBMRO) foi realizada para enfrentar um inc\u00eandio florestal, que atingiu as imedia\u00e7\u00f5es da Linha-64, na zona Rural do munic\u00edpio de Alvorada do Oeste.\" \/>\n<meta property=\"og:url\" content=\"https:\/\/www.cbm.ro.gov.br\/?p=2838\" \/>\n<meta property=\"og:site_name\" content=\"Corpo de Bombeiros Militar de Rond\u00f4nia\" \/>\n<meta property=\"article:publisher\" content=\"https:\/\/www.facebook.com\/cbmro.oficial\/\" \/>\n<meta property=\"article:published_time\" content=\"2024-08-27T12:09:17+00:00\" \/>\n<meta property=\"article:modified_time\" content=\"2024-08-27T12:33:06+00:00\" \/>\n<meta property=\"og:image\" content=\"https:\/\/www.cbm.ro.gov.br\/wp-content\/uploads\/2024\/08\/image.png\" \/>\n\t<meta property=\"og:image:width\" content=\"870\" \/>\n\t<meta property=\"og:image:height\" content=\"653\" \/>\n\t<meta property=\"og:image:type\" content=\"image\/png\" \/>\n<meta name=\"author\" content=\"CB BM W. ROCHA\" \/>\n<meta name=\"twitter:card\" content=\"summary_large_image\" \/>\n<meta name=\"twitter:label1\" content=\"Escrito por\" \/>\n\t<meta name=\"twitter:data1\" content=\"CB BM W. ROCHA\" \/>\n\t<meta name=\"twitter:label2\" content=\"Est. tempo de leitura\" \/>\n\t<meta name=\"twitter:data2\" content=\"2 minutos\" \/>\n<script type=\"application\/ld+json\" class=\"yoast-schema-graph\">{\"@context\":\"https:\/\/schema.org\",\"@graph\":[{\"@type\":\"Article\",\"@id\":\"https:\/\/www.cbm.ro.gov.br\/?p=2838#article\",\"isPartOf\":{\"@id\":\"https:\/\/www.cbm.ro.gov.br\/?p=2838\"},\"author\":{\"name\":\"CB BM W. ROCHA\",\"@id\":\"https:\/\/www.cbm.ro.gov.br\/#\/schema\/person\/d68f9da90ef2ae6d6ae563d88f7ee8b9\"},\"headline\":\"For\u00e7a-Tarefa do Corpo de Bombeiros combate inc\u00eandios florestais em Alvorada do Oeste\",\"datePublished\":\"2024-08-27T12:09:17+00:00\",\"dateModified\":\"2024-08-27T12:33:06+00:00\",\"mainEntityOfPage\":{\"@id\":\"https:\/\/www.cbm.ro.gov.br\/?p=2838\"},\"wordCount\":357,\"publisher\":{\"@id\":\"https:\/\/www.cbm.ro.gov.br\/#organization\"},\"image\":{\"@id\":\"https:\/\/www.cbm.ro.gov.br\/?p=2838#primaryimage\"},\"thumbnailUrl\":\"https:\/\/www.cbm.ro.gov.br\/wp-content\/uploads\/2024\/08\/image.png\",\"keywords\":[\"ALVORADAD'OESTE\",\"CBMRO\",\"COMBATEAINCENDIO\",\"QUEIMADAS\"],\"articleSection\":[\"CBMRO\"],\"inLanguage\":\"pt-BR\"},{\"@type\":\"WebPage\",\"@id\":\"https:\/\/www.cbm.ro.gov.br\/?p=2838\",\"url\":\"https:\/\/www.cbm.ro.gov.br\/?p=2838\",\"name\":\"For\u00e7a-Tarefa do Corpo de Bombeiros combate inc\u00eandios florestais em Alvorada do Oeste - Corpo de Bombeiros Militar de Rond\u00f4nia\",\"isPartOf\":{\"@id\":\"https:\/\/www.cbm.ro.gov.br\/#website\"},\"primaryImageOfPage\":{\"@id\":\"https:\/\/www.cbm.ro.gov.br\/?p=2838#primaryimage\"},\"image\":{\"@id\":\"https:\/\/www.cbm.ro.gov.br\/?p=2838#primaryimage\"},\"thumbnailUrl\":\"https:\/\/www.cbm.ro.gov.br\/wp-content\/uploads\/2024\/08\/image.png\",\"datePublished\":\"2024-08-27T12:09:17+00:00\",\"dateModified\":\"2024-08-27T12:33:06+00:00\",\"breadcrumb\":{\"@id\":\"https:\/\/www.cbm.ro.gov.br\/?p=2838#breadcrumb\"},\"inLanguage\":\"pt-BR\",\"potentialAction\":[{\"@type\":\"ReadAction\",\"target\":[\"https:\/\/www.cbm.ro.gov.br\/?p=2838\"]}]},{\"@type\":\"ImageObject\",\"inLanguage\":\"pt-BR\",\"@id\":\"https:\/\/www.cbm.ro.gov.br\/?p=2838#primaryimage\",\"url\":\"https:\/\/www.cbm.ro.gov.br\/wp-content\/uploads\/2024\/08\/image.png\",\"contentUrl\":\"https:\/\/www.cbm.ro.gov.br\/wp-content\/uploads\/2024\/08\/image.png\",\"width\":870,\"height\":653,\"caption\":\"A\u00e7\u00e3o teve como alvo, a conten\u00e7\u00e3o de um inc\u00eandio que devastou pastagens em seis fazendas e uma extensa \u00e1rea de reserva ambiental\"},{\"@type\":\"BreadcrumbList\",\"@id\":\"https:\/\/www.cbm.ro.gov.br\/?p=2838#breadcrumb\",\"itemListElement\":[{\"@type\":\"ListItem\",\"position\":1,\"name\":\"In\u00edcio\",\"item\":\"https:\/\/www.cbm.ro.gov.br\/\"},{\"@type\":\"ListItem\",\"position\":2,\"name\":\"For\u00e7a-Tarefa do Corpo de Bombeiros combate inc\u00eandios florestais em Alvorada do Oeste\"}]},{\"@type\":\"WebSite\",\"@id\":\"https:\/\/www.cbm.ro.gov.br\/#website\",\"url\":\"https:\/\/www.cbm.ro.gov.br\/\",\"name\":\"Corpo de Bombeiros Militar de Rond\u00f4nia\",\"description\":\"Vidas alheias, riquezas salvar!\",\"publisher\":{\"@id\":\"https:\/\/www.cbm.ro.gov.br\/#organization\"},\"alternateName\":\"cbmro\",\"potentialAction\":[{\"@type\":\"SearchAction\",\"target\":{\"@type\":\"EntryPoint\",\"urlTemplate\":\"https:\/\/www.cbm.ro.gov.br\/?s={search_term_string}\"},\"query-input\":{\"@type\":\"PropertyValueSpecification\",\"valueRequired\":true,\"valueName\":\"search_term_string\"}}],\"inLanguage\":\"pt-BR\"},{\"@type\":\"Organization\",\"@id\":\"https:\/\/www.cbm.ro.gov.br\/#organization\",\"name\":\"Corpo de Bombeiros Militar do Estado de Rond\u00f4nia\",\"alternateName\":\"CBMRO\",\"url\":\"https:\/\/www.cbm.ro.gov.br\/\",\"logo\":{\"@type\":\"ImageObject\",\"inLanguage\":\"pt-BR\",\"@id\":\"https:\/\/www.cbm.ro.gov.br\/#\/schema\/logo\/image\/\",\"url\":\"https:\/\/www.cbm.ro.gov.br\/wp-content\/uploads\/2023\/12\/cropped-cropped-cropped-BRASO_3D_32-1-e1724344443171.png\",\"contentUrl\":\"https:\/\/www.cbm.ro.gov.br\/wp-content\/uploads\/2023\/12\/cropped-cropped-cropped-BRASO_3D_32-1-e1724344443171.png\",\"width\":446,\"height\":441,\"caption\":\"Corpo de Bombeiros Militar do Estado de Rond\u00f4nia\"},\"image\":{\"@id\":\"https:\/\/www.cbm.ro.gov.br\/#\/schema\/logo\/image\/\"},\"sameAs\":[\"https:\/\/www.facebook.com\/cbmro.oficial\/\",\"https:\/\/www.youtube.com\/c\/CorpodeBombeirosMilitardoEstadodeRond\u00f4nia\"]},{\"@type\":\"Person\",\"@id\":\"https:\/\/www.cbm.ro.gov.br\/#\/schema\/person\/d68f9da90ef2ae6d6ae563d88f7ee8b9\",\"name\":\"CB BM W. ROCHA\",\"url\":\"https:\/\/www.cbm.ro.gov.br\/?author=7\"}]}<\/script>\n<!-- \/ Yoast SEO plugin. -->","yoast_head_json":{"title":"For\u00e7a-Tarefa do Corpo de Bombeiros combate inc\u00eandios florestais em Alvorada do Oeste - Corpo de Bombeiros Militar de Rond\u00f4nia","robots":{"index":"index","follow":"follow","max-snippet":"max-snippet:-1","max-image-preview":"max-image-preview:large","max-video-preview":"max-video-preview:-1"},"canonical":"https:\/\/www.cbm.ro.gov.br\/?p=2838","og_locale":"pt_BR","og_type":"article","og_title":"For\u00e7a-Tarefa do Corpo de Bombeiros combate inc\u00eandios florestais em Alvorada do Oeste - Corpo de Bombeiros Militar de Rond\u00f4nia","og_description":"Uma opera\u00e7\u00e3o\u00a0mobilizada pelo Corpo de Bombeiros Militar do Estado de Rond\u00f4nia (CBMRO) foi realizada para enfrentar um inc\u00eandio florestal, que atingiu as imedia\u00e7\u00f5es da Linha-64, na zona Rural do munic\u00edpio de Alvorada do Oeste.","og_url":"https:\/\/www.cbm.ro.gov.br\/?p=2838","og_site_name":"Corpo de Bombeiros Militar de Rond\u00f4nia","article_publisher":"https:\/\/www.facebook.com\/cbmro.oficial\/","article_published_time":"2024-08-27T12:09:17+00:00","article_modified_time":"2024-08-27T12:33:06+00:00","og_image":[{"width":870,"height":653,"url":"https:\/\/www.cbm.ro.gov.br\/wp-content\/uploads\/2024\/08\/image.png","type":"image\/png"}],"author":"CB BM W. ROCHA","twitter_card":"summary_large_image","twitter_misc":{"Escrito por":"CB BM W. ROCHA","Est. tempo de leitura":"2 minutos"},"schema":{"@context":"https:\/\/schema.org","@graph":[{"@type":"Article","@id":"https:\/\/www.cbm.ro.gov.br\/?p=2838#article","isPartOf":{"@id":"https:\/\/www.cbm.ro.gov.br\/?p=2838"},"author":{"name":"CB BM W. ROCHA","@id":"https:\/\/www.cbm.ro.gov.br\/#\/schema\/person\/d68f9da90ef2ae6d6ae563d88f7ee8b9"},"headline":"For\u00e7a-Tarefa do Corpo de Bombeiros combate inc\u00eandios florestais em Alvorada do Oeste","datePublished":"2024-08-27T12:09:17+00:00","dateModified":"2024-08-27T12:33:06+00:00","mainEntityOfPage":{"@id":"https:\/\/www.cbm.ro.gov.br\/?p=2838"},"wordCount":357,"publisher":{"@id":"https:\/\/www.cbm.ro.gov.br\/#organization"},"image":{"@id":"https:\/\/www.cbm.ro.gov.br\/?p=2838#primaryimage"},"thumbnailUrl":"https:\/\/www.cbm.ro.gov.br\/wp-content\/uploads\/2024\/08\/image.png","keywords":["ALVORADAD'OESTE","CBMRO","COMBATEAINCENDIO","QUEIMADAS"],"articleSection":["CBMRO"],"inLanguage":"pt-BR"},{"@type":"WebPage","@id":"https:\/\/www.cbm.ro.gov.br\/?p=2838","url":"https:\/\/www.cbm.ro.gov.br\/?p=2838","name":"For\u00e7a-Tarefa do Corpo de Bombeiros combate inc\u00eandios florestais em Alvorada do Oeste - Corpo de Bombeiros Militar de Rond\u00f4nia","isPartOf":{"@id":"https:\/\/www.cbm.ro.gov.br\/#website"},"primaryImageOfPage":{"@id":"https:\/\/www.cbm.ro.gov.br\/?p=2838#primaryimage"},"image":{"@id":"https:\/\/www.cbm.ro.gov.br\/?p=2838#primaryimage"},"thumbnailUrl":"https:\/\/www.cbm.ro.gov.br\/wp-content\/uploads\/2024\/08\/image.png","datePublished":"2024-08-27T12:09:17+00:00","dateModified":"2024-08-27T12:33:06+00:00","breadcrumb":{"@id":"https:\/\/www.cbm.ro.gov.br\/?p=2838#breadcrumb"},"inLanguage":"pt-BR","potentialAction":[{"@type":"ReadAction","target":["https:\/\/www.cbm.ro.gov.br\/?p=2838"]}]},{"@type":"ImageObject","inLanguage":"pt-BR","@id":"https:\/\/www.cbm.ro.gov.br\/?p=2838#primaryimage","url":"https:\/\/www.cbm.ro.gov.br\/wp-content\/uploads\/2024\/08\/image.png","contentUrl":"https:\/\/www.cbm.ro.gov.br\/wp-content\/uploads\/2024\/08\/image.png","width":870,"height":653,"caption":"A\u00e7\u00e3o teve como alvo, a conten\u00e7\u00e3o de um inc\u00eandio que devastou pastagens em seis fazendas e uma extensa \u00e1rea de reserva ambiental"},{"@type":"BreadcrumbList","@id":"https:\/\/www.cbm.ro.gov.br\/?p=2838#breadcrumb","itemListElement":[{"@type":"ListItem","position":1,"name":"In\u00edcio","item":"https:\/\/www.cbm.ro.gov.br\/"},{"@type":"ListItem","position":2,"name":"For\u00e7a-Tarefa do Corpo de Bombeiros combate inc\u00eandios florestais em Alvorada do Oeste"}]},{"@type":"WebSite","@id":"https:\/\/www.cbm.ro.gov.br\/#website","url":"https:\/\/www.cbm.ro.gov.br\/","name":"Corpo de Bombeiros Militar de Rond\u00f4nia","description":"Vidas alheias, riquezas salvar!","publisher":{"@id":"https:\/\/www.cbm.ro.gov.br\/#organization"},"alternateName":"cbmro","potentialAction":[{"@type":"SearchAction","target":{"@type":"EntryPoint","urlTemplate":"https:\/\/www.cbm.ro.gov.br\/?s={search_term_string}"},"query-input":{"@type":"PropertyValueSpecification","valueRequired":true,"valueName":"search_term_string"}}],"inLanguage":"pt-BR"},{"@type":"Organization","@id":"https:\/\/www.cbm.ro.gov.br\/#organization","name":"Corpo de Bombeiros Militar do Estado de Rond\u00f4nia","alternateName":"CBMRO","url":"https:\/\/www.cbm.ro.gov.br\/","logo":{"@type":"ImageObject","inLanguage":"pt-BR","@id":"https:\/\/www.cbm.ro.gov.br\/#\/schema\/logo\/image\/","url":"https:\/\/www.cbm.ro.gov.br\/wp-content\/uploads\/2023\/12\/cropped-cropped-cropped-BRASO_3D_32-1-e1724344443171.png","contentUrl":"https:\/\/www.cbm.ro.gov.br\/wp-content\/uploads\/2023\/12\/cropped-cropped-cropped-BRASO_3D_32-1-e1724344443171.png","width":446,"height":441,"caption":"Corpo de Bombeiros Militar do Estado de Rond\u00f4nia"},"image":{"@id":"https:\/\/www.cbm.ro.gov.br\/#\/schema\/logo\/image\/"},"sameAs":["https:\/\/www.facebook.com\/cbmro.oficial\/","https:\/\/www.youtube.com\/c\/CorpodeBombeirosMilitardoEstadodeRond\u00f4nia"]},{"@type":"Person","@id":"https:\/\/www.cbm.ro.gov.br\/#\/schema\/person\/d68f9da90ef2ae6d6ae563d88f7ee8b9","name":"CB BM W. ROCHA","url":"https:\/\/www.cbm.ro.gov.br\/?author=7"}]}},"wpmagazine_modules_lite_featured_media_urls":{"thumbnail":["https:\/\/www.cbm.ro.gov.br\/wp-content\/uploads\/2024\/08\/image-150x150.png",150,150,true],"cvmm-medium":["https:\/\/www.cbm.ro.gov.br\/wp-content\/uploads\/2024\/08\/image-300x300.png",300,300,true],"cvmm-medium-plus":["https:\/\/www.cbm.ro.gov.br\/wp-content\/uploads\/2024\/08\/image-305x207.png",305,207,true],"cvmm-portrait":["https:\/\/www.cbm.ro.gov.br\/wp-content\/uploads\/2024\/08\/image-400x600.png",400,600,true],"cvmm-medium-square":["https:\/\/www.cbm.ro.gov.br\/wp-content\/uploads\/2024\/08\/image-600x600.png",600,600,true],"cvmm-large":["https:\/\/www.cbm.ro.gov.br\/wp-content\/uploads\/2024\/08\/image.png",870,653,false],"cvmm-small":["https:\/\/www.cbm.ro.gov.br\/wp-content\/uploads\/2024\/08\/image-130x95.png",130,95,true],"full":["https:\/\/www.cbm.ro.gov.br\/wp-content\/uploads\/2024\/08\/image.png",870,653,false]},"categories_names":{"1":{"name":"CBMRO","link":"https:\/\/www.cbm.ro.gov.br\/?cat=1"}},"tags_names":{"95":{"name":"ALVORADAD'OESTE","link":"https:\/\/www.cbm.ro.gov.br\/?tag=alvoradadoeste"},"13":{"name":"CBMRO","link":"https:\/\/www.cbm.ro.gov.br\/?tag=cbmro"},"58":{"name":"COMBATEAINCENDIO","link":"https:\/\/www.cbm.ro.gov.br\/?tag=combateaincendio"},"83":{"name":"QUEIMADAS","link":"https:\/\/www.cbm.ro.gov.br\/?tag=queimadas"}},"comments_number":"0","_links":{"self":[{"href":"https:\/\/www.cbm.ro.gov.br\/index.php?rest_route=\/wp\/v2\/posts\/2838","targetHints":{"allow":["GET"]}}],"collection":[{"href":"https:\/\/www.cbm.ro.gov.br\/index.php?rest_route=\/wp\/v2\/posts"}],"about":[{"href":"https:\/\/www.cbm.ro.gov.br\/index.php?rest_route=\/wp\/v2\/types\/post"}],"author":[{"embeddable":true,"href":"https:\/\/www.cbm.ro.gov.br\/index.php?rest_route=\/wp\/v2\/users\/7"}],"replies":[{"embeddable":true,"href":"https:\/\/www.cbm.ro.gov.br\/index.php?rest_route=%2Fwp%2Fv2%2Fcomments&post=2838"}],"version-history":[{"count":9,"href":"https:\/\/www.cbm.ro.gov.br\/index.php?rest_route=\/wp\/v2\/posts\/2838\/revisions"}],"predecessor-version":[{"id":2855,"href":"https:\/\/www.cbm.ro.gov.br\/index.php?rest_route=\/wp\/v2\/posts\/2838\/revisions\/2855"}],"wp:featuredmedia":[{"embeddable":true,"href":"https:\/\/www.cbm.ro.gov.br\/index.php?rest_route=\/wp\/v2\/media\/2839"}],"wp:attachment":[{"href":"https:\/\/www.cbm.ro.gov.br\/index.php?rest_route=%2Fwp%2Fv2%2Fmedia&parent=2838"}],"wp:term":[{"taxonomy":"category","embeddable":true,"href":"https:\/\/www.cbm.ro.gov.br\/index.php?rest_route=%2Fwp%2Fv2%2Fcategories&post=2838"},{"taxonomy":"post_tag","embeddable":true,"href":"https:\/\/www.cbm.ro.gov.br\/index.php?rest_route=%2Fwp%2Fv2%2Ftags&post=2838"}],"curies":[{"name":"wp","href":"https:\/\/api.w.org\/{rel}","templated":true}]}}