{"id":2817,"date":"2024-08-26T12:33:50","date_gmt":"2024-08-26T16:33:50","guid":{"rendered":"https:\/\/www.cbm.ro.gov.br\/?p=2817"},"modified":"2024-08-26T12:34:30","modified_gmt":"2024-08-26T16:34:30","slug":"cbmro-participa-de-acao-conjunta-do-governo-do-estado-e-intensifica-combate-aos-incendios-no-parque-estadual-de-guajara-mirim","status":"publish","type":"post","link":"https:\/\/www.cbm.ro.gov.br\/?p=2817","title":{"rendered":"CBMRO PARTICIPA DE A\u00c7\u00c3O CONJUNTA DO GOVERNO DO ESTADO E INTENSIFICA COMBATE AOS INC\u00caNDIOS NO PARQUE ESTADUAL DE GUAJAR\u00c1-MIRIM"},"content":{"rendered":"\n<p>Em uma mobiliza\u00e7\u00e3o decisiva para enfrentar o inc\u00eandio florestal que atinge o Parque Estadual de Guajar\u00e1-Mirim, o Governo do Estado de Rond\u00f4nia, em parceria com o Corpo de Bombeiros Militar de Rond\u00f4nia , a Pol\u00edcia Militar, a Secretaria de Estado do Desenvolvimento Ambiental (SEDAM) e o Ibama\/Prevfogo, tem intensificado as a\u00e7\u00f5es de combate e preven\u00e7\u00e3o.<\/p>\n\n\n\n<figure class=\"wp-block-image alignleft size-full is-resized\"><img fetchpriority=\"high\" decoding=\"async\" width=\"720\" height=\"562\" src=\"https:\/\/www.cbm.ro.gov.br\/wp-content\/uploads\/2024\/08\/copia-.jpeg\" alt=\"PARQUE ESTADUAL DE GUAJAR\u00c1-MIRIM\n\" class=\"wp-image-2818\" style=\"width:838px;height:auto\" srcset=\"https:\/\/www.cbm.ro.gov.br\/wp-content\/uploads\/2024\/08\/copia-.jpeg 720w, https:\/\/www.cbm.ro.gov.br\/wp-content\/uploads\/2024\/08\/copia--300x234.jpeg 300w\" sizes=\"(max-width: 720px) 100vw, 720px\" \/><\/figure>\n\n\n\n<p>O inc\u00eandio, que teve in\u00edcio em 11 de julho, levou \u00e0 r\u00e1pida reconfigura\u00e7\u00e3o das opera\u00e7\u00f5es. Inicialmente, a base da Opera\u00e7\u00e3o Verde Rond\u00f4nia, localizada em Nova Mamor\u00e9, foi remanejada para dentro do parque, devido \u00e0 gravidade da situa\u00e7\u00e3o. Desde ent\u00e3o, uma for\u00e7a-tarefa foi acionada para lidar com o crescente desafio.<br><img decoding=\"async\" src=\"https:\/\/lh7-rt.googleusercontent.com\/docsz\/AD_4nXfjhyvXf_XbzT_PkvgvcnkTcuj6uuTxCjmwGh3Xsdo1Cj82bgkfIGIBw3e1AfTxtPMDPiuyShmE8_xhyMF9jeOUDemvNX317aX7AqZNqoUGBCIhYQ_Jo2zqkNWoxvolM3GtuxdohqUhVyXuuDFWp666q53Z?key=qX2L26KdhNLFWF6Ni8hDRw\" style=\"width: 1080px;\"><\/p>\n\n\n\n<p>A for\u00e7a-tarefa come\u00e7ou no dia 6 de agosto, com o envio inicial de 10 militares especializados para o combate. No dia 19 de agosto, uma nova equipe de 10 militares foi enviada para realizar o revezamento com a equipe anterior. Hoje, 23 de agosto, mais 15 homens foram acionados, totalizando 32 militares atuando diretamente no combate ao inc\u00eandio.<br><img decoding=\"async\" src=\"https:\/\/lh7-rt.googleusercontent.com\/docsz\/AD_4nXeBsxOmdwJMsNEYGpq9XhCiw7mA5zOYMhaACH7eh0kUKIJxYev3LL_6hq5hK8KNxLPEGQtZTKTYSjPNFvwd0kNeVUYrE7ihecvgxpQDQpsqTVFrJAXuEecUqs4-WnfId04DgE07Vvm6Ngxk613bfnAXuIO3?key=qX2L26KdhNLFWF6Ni8hDRw\" style=\"width: 1080px;\"><\/p>\n\n\n\n<p>O Governador de Rond\u00f4nia, Coronel Marcos Rocha, destacou o empenho do governo na prote\u00e7\u00e3o dos recursos naturais do estado. &#8220;Estamos mobilizando todos os recursos poss\u00edveis para enfrentar este inc\u00eandio devastador. \u00c9 uma prioridade para nosso governo preservar o meio ambiente e garantir a seguran\u00e7a de nossa popula\u00e7\u00e3o e do nosso patrim\u00f4nio natural. A atua\u00e7\u00e3o conjunta com diversas institui\u00e7\u00f5es demonstra nosso compromisso e a seriedade com que tratamos esta emerg\u00eancia&#8221;, afirmou o governador.<br>O Comandante Geral do Corpo de Bombeiros Militar de Rond\u00f4nia , tamb\u00e9m fez quest\u00e3o de comentar a opera\u00e7\u00e3o. &#8220;O esfor\u00e7o cont\u00ednuo de nossas equipes \u00e9 essencial para o controle do inc\u00eandio. Contamos com um total de 32 homens dedicados ao combate, al\u00e9m de uma estrutura robusta composta por 6 viaturas de Auto Busca e Salvamento (ABS), um micro\u00f4nibus e uma VAN para o deslocamento da tropa. Essa estrutura \u00e9 vital para garantir a efic\u00e1cia das nossas a\u00e7\u00f5es no campo&#8221;, explicou o CEL BM NIVALDO DE AZEVEDO FERREIRA.<br><img decoding=\"async\" src=\"https:\/\/lh7-rt.googleusercontent.com\/docsz\/AD_4nXcbr27GSdOij3CQ_Jhaz4xPzlZ4Q3GNhY7Yn1PSHgU5hX1_8FO5e0zy8lc0EwduQETs-BUbxPlY13kgI7OiecA0ZT8RGIhYK7WC602blKyuzJMwCLSwc7x03WRQs-u1iTi6b5no8krS-oiKMuzFW37GPpZU?key=qX2L26KdhNLFWF6Ni8hDRw\" style=\"width: 1080px;\"><\/p>\n\n\n\n<p>O combate ao inc\u00eandio no Parque Estadual de Guajar\u00e1-Mirim \u00e9 um exemplo da for\u00e7a e da colabora\u00e7\u00e3o entre as institui\u00e7\u00f5es envolvidas. A a\u00e7\u00e3o conjunta tem como objetivo mitigar os efeitos do fogo e proteger o meio ambiente, demonstrando a import\u00e2ncia do trabalho em equipe e da prepara\u00e7\u00e3o em situa\u00e7\u00f5es de emerg\u00eancia.<\/p>\n\n\n\n<p>A comunidade e os \u00f3rg\u00e3os ambientais permanecem vigilantes e comprometidos com a causa, enquanto as equipes de combate continuam a trabalhar incansavelmente para controlar e extinguir o inc\u00eandio, garantindo a preserva\u00e7\u00e3o de uma das \u00e1reas mais valiosas do estado.<\/p>\n\n\n\n<p><img decoding=\"async\" src=\"https:\/\/lh7-rt.googleusercontent.com\/docsz\/AD_4nXeN_6bC3CjLfrCNuRdj_3gtiLuP4rDk_inmRetGNQEwCEhjnRA7sTMoa5qgmKUiTXoo6x0Ms1VmYvrn6wbqS-RO65lleTQBah_SIk8-0r7o3-zRQqpC2W1oYbcc2D6_LiTeg0iKbcYFYMFkgcwZ19HbZC97?key=qX2L26KdhNLFWF6Ni8hDRw\" style=\"width: 1080px;\"><\/p>\n\n\n\n<p><\/p>\n","protected":false},"excerpt":{"rendered":"<p>Em uma mobiliza\u00e7\u00e3o decisiva para enfrentar o inc\u00eandio florestal que atinge o Parque Estadual de Guajar\u00e1-Mirim, o Governo do Estado de Rond\u00f4nia, em parceria com o Corpo de Bombeiros Militar&hellip;<\/p>\n","protected":false},"author":5,"featured_media":2819,"comment_status":"closed","ping_status":"open","sticky":false,"template":"","format":"standard","meta":{"footnotes":""},"categories":[1],"tags":[13,58,60,93,83],"class_list":["post-2817","post","type-post","status-publish","format-standard","has-post-thumbnail","hentry","category-cbmro","tag-cbmro","tag-combateaincendio","tag-guajara-mirim","tag-pegm","tag-queimadas"],"yoast_head":"<!-- This site is optimized with the Yoast SEO plugin v23.7 - https:\/\/yoast.com\/wordpress\/plugins\/seo\/ -->\n<title>CBMRO PARTICIPA DE A\u00c7\u00c3O CONJUNTA DO GOVERNO DO ESTADO E INTENSIFICA COMBATE AOS INC\u00caNDIOS NO PARQUE ESTADUAL DE GUAJAR\u00c1-MIRIM - Corpo de Bombeiros Militar de Rond\u00f4nia<\/title>\n<meta name=\"robots\" content=\"index, follow, max-snippet:-1, max-image-preview:large, max-video-preview:-1\" \/>\n<link rel=\"canonical\" href=\"https:\/\/www.cbm.ro.gov.br\/?p=2817\" \/>\n<meta property=\"og:locale\" content=\"pt_BR\" \/>\n<meta property=\"og:type\" content=\"article\" \/>\n<meta property=\"og:title\" content=\"CBMRO PARTICIPA DE A\u00c7\u00c3O CONJUNTA DO GOVERNO DO ESTADO E INTENSIFICA COMBATE AOS INC\u00caNDIOS NO PARQUE ESTADUAL DE GUAJAR\u00c1-MIRIM - Corpo de Bombeiros Militar de Rond\u00f4nia\" \/>\n<meta property=\"og:description\" content=\"Em uma mobiliza\u00e7\u00e3o decisiva para enfrentar o inc\u00eandio florestal que atinge o Parque Estadual de Guajar\u00e1-Mirim, o Governo do Estado de Rond\u00f4nia, em parceria com o Corpo de Bombeiros Militar&hellip;\" \/>\n<meta property=\"og:url\" content=\"https:\/\/www.cbm.ro.gov.br\/?p=2817\" \/>\n<meta property=\"og:site_name\" content=\"Corpo de Bombeiros Militar de Rond\u00f4nia\" \/>\n<meta property=\"article:publisher\" content=\"https:\/\/www.facebook.com\/cbmro.oficial\/\" \/>\n<meta property=\"article:published_time\" content=\"2024-08-26T16:33:50+00:00\" \/>\n<meta property=\"article:modified_time\" content=\"2024-08-26T16:34:30+00:00\" \/>\n<meta property=\"og:image\" content=\"https:\/\/www.cbm.ro.gov.br\/wp-content\/uploads\/2024\/08\/CAPA-MATERIA-PEGM-scaled.jpg\" \/>\n\t<meta property=\"og:image:width\" content=\"2560\" \/>\n\t<meta property=\"og:image:height\" content=\"1222\" \/>\n\t<meta property=\"og:image:type\" content=\"image\/jpeg\" \/>\n<meta name=\"author\" content=\"Marcos Barros\" \/>\n<meta name=\"twitter:card\" content=\"summary_large_image\" \/>\n<meta name=\"twitter:label1\" content=\"Escrito por\" \/>\n\t<meta name=\"twitter:data1\" content=\"Marcos Barros\" \/>\n\t<meta name=\"twitter:label2\" content=\"Est. tempo de leitura\" \/>\n\t<meta name=\"twitter:data2\" content=\"2 minutos\" \/>\n<script type=\"application\/ld+json\" class=\"yoast-schema-graph\">{\"@context\":\"https:\/\/schema.org\",\"@graph\":[{\"@type\":\"Article\",\"@id\":\"https:\/\/www.cbm.ro.gov.br\/?p=2817#article\",\"isPartOf\":{\"@id\":\"https:\/\/www.cbm.ro.gov.br\/?p=2817\"},\"author\":{\"name\":\"Marcos Barros\",\"@id\":\"https:\/\/www.cbm.ro.gov.br\/#\/schema\/person\/b035b7e269aef4233e9514c2751917c5\"},\"headline\":\"CBMRO PARTICIPA DE A\u00c7\u00c3O CONJUNTA DO GOVERNO DO ESTADO E INTENSIFICA COMBATE AOS INC\u00caNDIOS NO PARQUE ESTADUAL DE GUAJAR\u00c1-MIRIM\",\"datePublished\":\"2024-08-26T16:33:50+00:00\",\"dateModified\":\"2024-08-26T16:34:30+00:00\",\"mainEntityOfPage\":{\"@id\":\"https:\/\/www.cbm.ro.gov.br\/?p=2817\"},\"wordCount\":471,\"publisher\":{\"@id\":\"https:\/\/www.cbm.ro.gov.br\/#organization\"},\"image\":{\"@id\":\"https:\/\/www.cbm.ro.gov.br\/?p=2817#primaryimage\"},\"thumbnailUrl\":\"https:\/\/www.cbm.ro.gov.br\/wp-content\/uploads\/2024\/08\/CAPA-MATERIA-PEGM-scaled.jpg\",\"keywords\":[\"CBMRO\",\"COMBATEAINCENDIO\",\"GUAJAR\u00c1-MIRIM\",\"PEGM\",\"QUEIMADAS\"],\"articleSection\":[\"CBMRO\"],\"inLanguage\":\"pt-BR\"},{\"@type\":\"WebPage\",\"@id\":\"https:\/\/www.cbm.ro.gov.br\/?p=2817\",\"url\":\"https:\/\/www.cbm.ro.gov.br\/?p=2817\",\"name\":\"CBMRO PARTICIPA DE A\u00c7\u00c3O CONJUNTA DO GOVERNO DO ESTADO E INTENSIFICA COMBATE AOS INC\u00caNDIOS NO PARQUE ESTADUAL DE GUAJAR\u00c1-MIRIM - Corpo de Bombeiros Militar de Rond\u00f4nia\",\"isPartOf\":{\"@id\":\"https:\/\/www.cbm.ro.gov.br\/#website\"},\"primaryImageOfPage\":{\"@id\":\"https:\/\/www.cbm.ro.gov.br\/?p=2817#primaryimage\"},\"image\":{\"@id\":\"https:\/\/www.cbm.ro.gov.br\/?p=2817#primaryimage\"},\"thumbnailUrl\":\"https:\/\/www.cbm.ro.gov.br\/wp-content\/uploads\/2024\/08\/CAPA-MATERIA-PEGM-scaled.jpg\",\"datePublished\":\"2024-08-26T16:33:50+00:00\",\"dateModified\":\"2024-08-26T16:34:30+00:00\",\"breadcrumb\":{\"@id\":\"https:\/\/www.cbm.ro.gov.br\/?p=2817#breadcrumb\"},\"inLanguage\":\"pt-BR\",\"potentialAction\":[{\"@type\":\"ReadAction\",\"target\":[\"https:\/\/www.cbm.ro.gov.br\/?p=2817\"]}]},{\"@type\":\"ImageObject\",\"inLanguage\":\"pt-BR\",\"@id\":\"https:\/\/www.cbm.ro.gov.br\/?p=2817#primaryimage\",\"url\":\"https:\/\/www.cbm.ro.gov.br\/wp-content\/uploads\/2024\/08\/CAPA-MATERIA-PEGM-scaled.jpg\",\"contentUrl\":\"https:\/\/www.cbm.ro.gov.br\/wp-content\/uploads\/2024\/08\/CAPA-MATERIA-PEGM-scaled.jpg\",\"width\":2560,\"height\":1222},{\"@type\":\"BreadcrumbList\",\"@id\":\"https:\/\/www.cbm.ro.gov.br\/?p=2817#breadcrumb\",\"itemListElement\":[{\"@type\":\"ListItem\",\"position\":1,\"name\":\"In\u00edcio\",\"item\":\"https:\/\/www.cbm.ro.gov.br\/\"},{\"@type\":\"ListItem\",\"position\":2,\"name\":\"CBMRO PARTICIPA DE A\u00c7\u00c3O CONJUNTA DO GOVERNO DO ESTADO E INTENSIFICA COMBATE AOS INC\u00caNDIOS NO PARQUE ESTADUAL DE GUAJAR\u00c1-MIRIM\"}]},{\"@type\":\"WebSite\",\"@id\":\"https:\/\/www.cbm.ro.gov.br\/#website\",\"url\":\"https:\/\/www.cbm.ro.gov.br\/\",\"name\":\"Corpo de Bombeiros Militar de Rond\u00f4nia\",\"description\":\"Vidas alheias, riquezas salvar!\",\"publisher\":{\"@id\":\"https:\/\/www.cbm.ro.gov.br\/#organization\"},\"alternateName\":\"cbmro\",\"potentialAction\":[{\"@type\":\"SearchAction\",\"target\":{\"@type\":\"EntryPoint\",\"urlTemplate\":\"https:\/\/www.cbm.ro.gov.br\/?s={search_term_string}\"},\"query-input\":{\"@type\":\"PropertyValueSpecification\",\"valueRequired\":true,\"valueName\":\"search_term_string\"}}],\"inLanguage\":\"pt-BR\"},{\"@type\":\"Organization\",\"@id\":\"https:\/\/www.cbm.ro.gov.br\/#organization\",\"name\":\"Corpo de Bombeiros Militar do Estado de Rond\u00f4nia\",\"alternateName\":\"CBMRO\",\"url\":\"https:\/\/www.cbm.ro.gov.br\/\",\"logo\":{\"@type\":\"ImageObject\",\"inLanguage\":\"pt-BR\",\"@id\":\"https:\/\/www.cbm.ro.gov.br\/#\/schema\/logo\/image\/\",\"url\":\"https:\/\/www.cbm.ro.gov.br\/wp-content\/uploads\/2023\/12\/cropped-cropped-cropped-BRASO_3D_32-1-e1724344443171.png\",\"contentUrl\":\"https:\/\/www.cbm.ro.gov.br\/wp-content\/uploads\/2023\/12\/cropped-cropped-cropped-BRASO_3D_32-1-e1724344443171.png\",\"width\":446,\"height\":441,\"caption\":\"Corpo de Bombeiros Militar do Estado de Rond\u00f4nia\"},\"image\":{\"@id\":\"https:\/\/www.cbm.ro.gov.br\/#\/schema\/logo\/image\/\"},\"sameAs\":[\"https:\/\/www.facebook.com\/cbmro.oficial\/\",\"https:\/\/www.youtube.com\/c\/CorpodeBombeirosMilitardoEstadodeRond\u00f4nia\"]},{\"@type\":\"Person\",\"@id\":\"https:\/\/www.cbm.ro.gov.br\/#\/schema\/person\/b035b7e269aef4233e9514c2751917c5\",\"name\":\"Marcos Barros\",\"sameAs\":[\"http:\/\/10.210.0.90\/wp-admin\/post.php?post=2688&amp;action=edit\"],\"url\":\"https:\/\/www.cbm.ro.gov.br\/?author=5\"}]}<\/script>\n<!-- \/ Yoast SEO plugin. -->","yoast_head_json":{"title":"CBMRO PARTICIPA DE A\u00c7\u00c3O CONJUNTA DO GOVERNO DO ESTADO E INTENSIFICA COMBATE AOS INC\u00caNDIOS NO PARQUE ESTADUAL DE GUAJAR\u00c1-MIRIM - Corpo de Bombeiros Militar de Rond\u00f4nia","robots":{"index":"index","follow":"follow","max-snippet":"max-snippet:-1","max-image-preview":"max-image-preview:large","max-video-preview":"max-video-preview:-1"},"canonical":"https:\/\/www.cbm.ro.gov.br\/?p=2817","og_locale":"pt_BR","og_type":"article","og_title":"CBMRO PARTICIPA DE A\u00c7\u00c3O CONJUNTA DO GOVERNO DO ESTADO E INTENSIFICA COMBATE AOS INC\u00caNDIOS NO PARQUE ESTADUAL DE GUAJAR\u00c1-MIRIM - Corpo de Bombeiros Militar de Rond\u00f4nia","og_description":"Em uma mobiliza\u00e7\u00e3o decisiva para enfrentar o inc\u00eandio florestal que atinge o Parque Estadual de Guajar\u00e1-Mirim, o Governo do Estado de Rond\u00f4nia, em parceria com o Corpo de Bombeiros Militar&hellip;","og_url":"https:\/\/www.cbm.ro.gov.br\/?p=2817","og_site_name":"Corpo de Bombeiros Militar de Rond\u00f4nia","article_publisher":"https:\/\/www.facebook.com\/cbmro.oficial\/","article_published_time":"2024-08-26T16:33:50+00:00","article_modified_time":"2024-08-26T16:34:30+00:00","og_image":[{"width":2560,"height":1222,"url":"https:\/\/www.cbm.ro.gov.br\/wp-content\/uploads\/2024\/08\/CAPA-MATERIA-PEGM-scaled.jpg","type":"image\/jpeg"}],"author":"Marcos Barros","twitter_card":"summary_large_image","twitter_misc":{"Escrito por":"Marcos Barros","Est. tempo de leitura":"2 minutos"},"schema":{"@context":"https:\/\/schema.org","@graph":[{"@type":"Article","@id":"https:\/\/www.cbm.ro.gov.br\/?p=2817#article","isPartOf":{"@id":"https:\/\/www.cbm.ro.gov.br\/?p=2817"},"author":{"name":"Marcos Barros","@id":"https:\/\/www.cbm.ro.gov.br\/#\/schema\/person\/b035b7e269aef4233e9514c2751917c5"},"headline":"CBMRO PARTICIPA DE A\u00c7\u00c3O CONJUNTA DO GOVERNO DO ESTADO E INTENSIFICA COMBATE AOS INC\u00caNDIOS NO PARQUE ESTADUAL DE GUAJAR\u00c1-MIRIM","datePublished":"2024-08-26T16:33:50+00:00","dateModified":"2024-08-26T16:34:30+00:00","mainEntityOfPage":{"@id":"https:\/\/www.cbm.ro.gov.br\/?p=2817"},"wordCount":471,"publisher":{"@id":"https:\/\/www.cbm.ro.gov.br\/#organization"},"image":{"@id":"https:\/\/www.cbm.ro.gov.br\/?p=2817#primaryimage"},"thumbnailUrl":"https:\/\/www.cbm.ro.gov.br\/wp-content\/uploads\/2024\/08\/CAPA-MATERIA-PEGM-scaled.jpg","keywords":["CBMRO","COMBATEAINCENDIO","GUAJAR\u00c1-MIRIM","PEGM","QUEIMADAS"],"articleSection":["CBMRO"],"inLanguage":"pt-BR"},{"@type":"WebPage","@id":"https:\/\/www.cbm.ro.gov.br\/?p=2817","url":"https:\/\/www.cbm.ro.gov.br\/?p=2817","name":"CBMRO PARTICIPA DE A\u00c7\u00c3O CONJUNTA DO GOVERNO DO ESTADO E INTENSIFICA COMBATE AOS INC\u00caNDIOS NO PARQUE ESTADUAL DE GUAJAR\u00c1-MIRIM - Corpo de Bombeiros Militar de Rond\u00f4nia","isPartOf":{"@id":"https:\/\/www.cbm.ro.gov.br\/#website"},"primaryImageOfPage":{"@id":"https:\/\/www.cbm.ro.gov.br\/?p=2817#primaryimage"},"image":{"@id":"https:\/\/www.cbm.ro.gov.br\/?p=2817#primaryimage"},"thumbnailUrl":"https:\/\/www.cbm.ro.gov.br\/wp-content\/uploads\/2024\/08\/CAPA-MATERIA-PEGM-scaled.jpg","datePublished":"2024-08-26T16:33:50+00:00","dateModified":"2024-08-26T16:34:30+00:00","breadcrumb":{"@id":"https:\/\/www.cbm.ro.gov.br\/?p=2817#breadcrumb"},"inLanguage":"pt-BR","potentialAction":[{"@type":"ReadAction","target":["https:\/\/www.cbm.ro.gov.br\/?p=2817"]}]},{"@type":"ImageObject","inLanguage":"pt-BR","@id":"https:\/\/www.cbm.ro.gov.br\/?p=2817#primaryimage","url":"https:\/\/www.cbm.ro.gov.br\/wp-content\/uploads\/2024\/08\/CAPA-MATERIA-PEGM-scaled.jpg","contentUrl":"https:\/\/www.cbm.ro.gov.br\/wp-content\/uploads\/2024\/08\/CAPA-MATERIA-PEGM-scaled.jpg","width":2560,"height":1222},{"@type":"BreadcrumbList","@id":"https:\/\/www.cbm.ro.gov.br\/?p=2817#breadcrumb","itemListElement":[{"@type":"ListItem","position":1,"name":"In\u00edcio","item":"https:\/\/www.cbm.ro.gov.br\/"},{"@type":"ListItem","position":2,"name":"CBMRO PARTICIPA DE A\u00c7\u00c3O CONJUNTA DO GOVERNO DO ESTADO E INTENSIFICA COMBATE AOS INC\u00caNDIOS NO PARQUE ESTADUAL DE GUAJAR\u00c1-MIRIM"}]},{"@type":"WebSite","@id":"https:\/\/www.cbm.ro.gov.br\/#website","url":"https:\/\/www.cbm.ro.gov.br\/","name":"Corpo de Bombeiros Militar de Rond\u00f4nia","description":"Vidas alheias, riquezas salvar!","publisher":{"@id":"https:\/\/www.cbm.ro.gov.br\/#organization"},"alternateName":"cbmro","potentialAction":[{"@type":"SearchAction","target":{"@type":"EntryPoint","urlTemplate":"https:\/\/www.cbm.ro.gov.br\/?s={search_term_string}"},"query-input":{"@type":"PropertyValueSpecification","valueRequired":true,"valueName":"search_term_string"}}],"inLanguage":"pt-BR"},{"@type":"Organization","@id":"https:\/\/www.cbm.ro.gov.br\/#organization","name":"Corpo de Bombeiros Militar do Estado de Rond\u00f4nia","alternateName":"CBMRO","url":"https:\/\/www.cbm.ro.gov.br\/","logo":{"@type":"ImageObject","inLanguage":"pt-BR","@id":"https:\/\/www.cbm.ro.gov.br\/#\/schema\/logo\/image\/","url":"https:\/\/www.cbm.ro.gov.br\/wp-content\/uploads\/2023\/12\/cropped-cropped-cropped-BRASO_3D_32-1-e1724344443171.png","contentUrl":"https:\/\/www.cbm.ro.gov.br\/wp-content\/uploads\/2023\/12\/cropped-cropped-cropped-BRASO_3D_32-1-e1724344443171.png","width":446,"height":441,"caption":"Corpo de Bombeiros Militar do Estado de Rond\u00f4nia"},"image":{"@id":"https:\/\/www.cbm.ro.gov.br\/#\/schema\/logo\/image\/"},"sameAs":["https:\/\/www.facebook.com\/cbmro.oficial\/","https:\/\/www.youtube.com\/c\/CorpodeBombeirosMilitardoEstadodeRond\u00f4nia"]},{"@type":"Person","@id":"https:\/\/www.cbm.ro.gov.br\/#\/schema\/person\/b035b7e269aef4233e9514c2751917c5","name":"Marcos Barros","sameAs":["http:\/\/10.210.0.90\/wp-admin\/post.php?post=2688&amp;action=edit"],"url":"https:\/\/www.cbm.ro.gov.br\/?author=5"}]}},"wpmagazine_modules_lite_featured_media_urls":{"thumbnail":["https:\/\/www.cbm.ro.gov.br\/wp-content\/uploads\/2024\/08\/CAPA-MATERIA-PEGM-150x150.jpg",150,150,true],"cvmm-medium":["https:\/\/www.cbm.ro.gov.br\/wp-content\/uploads\/2024\/08\/CAPA-MATERIA-PEGM-300x300.jpg",300,300,true],"cvmm-medium-plus":["https:\/\/www.cbm.ro.gov.br\/wp-content\/uploads\/2024\/08\/CAPA-MATERIA-PEGM-305x207.jpg",305,207,true],"cvmm-portrait":["https:\/\/www.cbm.ro.gov.br\/wp-content\/uploads\/2024\/08\/CAPA-MATERIA-PEGM-400x600.jpg",400,600,true],"cvmm-medium-square":["https:\/\/www.cbm.ro.gov.br\/wp-content\/uploads\/2024\/08\/CAPA-MATERIA-PEGM-600x600.jpg",600,600,true],"cvmm-large":["https:\/\/www.cbm.ro.gov.br\/wp-content\/uploads\/2024\/08\/CAPA-MATERIA-PEGM-1024x1024.jpg",1024,1024,true],"cvmm-small":["https:\/\/www.cbm.ro.gov.br\/wp-content\/uploads\/2024\/08\/CAPA-MATERIA-PEGM-130x95.jpg",130,95,true],"full":["https:\/\/www.cbm.ro.gov.br\/wp-content\/uploads\/2024\/08\/CAPA-MATERIA-PEGM-scaled.jpg",2560,1222,false]},"categories_names":{"1":{"name":"CBMRO","link":"https:\/\/www.cbm.ro.gov.br\/?cat=1"}},"tags_names":{"13":{"name":"CBMRO","link":"https:\/\/www.cbm.ro.gov.br\/?tag=cbmro"},"58":{"name":"COMBATEAINCENDIO","link":"https:\/\/www.cbm.ro.gov.br\/?tag=combateaincendio"},"60":{"name":"GUAJAR\u00c1-MIRIM","link":"https:\/\/www.cbm.ro.gov.br\/?tag=guajara-mirim"},"93":{"name":"PEGM","link":"https:\/\/www.cbm.ro.gov.br\/?tag=pegm"},"83":{"name":"QUEIMADAS","link":"https:\/\/www.cbm.ro.gov.br\/?tag=queimadas"}},"comments_number":"0","_links":{"self":[{"href":"https:\/\/www.cbm.ro.gov.br\/index.php?rest_route=\/wp\/v2\/posts\/2817","targetHints":{"allow":["GET"]}}],"collection":[{"href":"https:\/\/www.cbm.ro.gov.br\/index.php?rest_route=\/wp\/v2\/posts"}],"about":[{"href":"https:\/\/www.cbm.ro.gov.br\/index.php?rest_route=\/wp\/v2\/types\/post"}],"author":[{"embeddable":true,"href":"https:\/\/www.cbm.ro.gov.br\/index.php?rest_route=\/wp\/v2\/users\/5"}],"replies":[{"embeddable":true,"href":"https:\/\/www.cbm.ro.gov.br\/index.php?rest_route=%2Fwp%2Fv2%2Fcomments&post=2817"}],"version-history":[{"count":2,"href":"https:\/\/www.cbm.ro.gov.br\/index.php?rest_route=\/wp\/v2\/posts\/2817\/revisions"}],"predecessor-version":[{"id":2821,"href":"https:\/\/www.cbm.ro.gov.br\/index.php?rest_route=\/wp\/v2\/posts\/2817\/revisions\/2821"}],"wp:featuredmedia":[{"embeddable":true,"href":"https:\/\/www.cbm.ro.gov.br\/index.php?rest_route=\/wp\/v2\/media\/2819"}],"wp:attachment":[{"href":"https:\/\/www.cbm.ro.gov.br\/index.php?rest_route=%2Fwp%2Fv2%2Fmedia&parent=2817"}],"wp:term":[{"taxonomy":"category","embeddable":true,"href":"https:\/\/www.cbm.ro.gov.br\/index.php?rest_route=%2Fwp%2Fv2%2Fcategories&post=2817"},{"taxonomy":"post_tag","embeddable":true,"href":"https:\/\/www.cbm.ro.gov.br\/index.php?rest_route=%2Fwp%2Fv2%2Ftags&post=2817"}],"curies":[{"name":"wp","href":"https:\/\/api.w.org\/{rel}","templated":true}]}}