{"id":2772,"date":"2024-08-22T12:38:58","date_gmt":"2024-08-22T16:38:58","guid":{"rendered":"http:\/\/10.210.0.90\/?p=2772"},"modified":"2024-08-22T12:38:59","modified_gmt":"2024-08-22T16:38:59","slug":"corpo-de-bombeiros-militar-de-rondonia-divulga-dados-da-operacao-verde-rondonia-e-alerta-sobre-queimadas","status":"publish","type":"post","link":"https:\/\/www.cbm.ro.gov.br\/?p=2772","title":{"rendered":"CORPO DE BOMBEIROS MILITAR DE ROND\u00d4NIA DIVULGA DADOS DA OPERA\u00c7\u00c3O VERDE ROND\u00d4NIA E ALERTA SOBRE QUEIMADAS"},"content":{"rendered":"\n<p>O Corpo de Bombeiros Militar de Rond\u00f4nia mant\u00e9m um compromisso cont\u00ednuo com a seguran\u00e7a e o bem-estar da popula\u00e7\u00e3o, operando todos os dias em 17 unidades em todo o Estado de Rond\u00f4nia com a\u00e7\u00f5es preventivas , combate a inc\u00eandio , resgate e salvamento.<\/p>\n\n\n\n<figure class=\"wp-block-image\"><img decoding=\"async\" src=\"https:\/\/www.cbm.ro.gov.br\/images\/2024\/Julho\/abafador_ok.jpeg\" alt=\"abafador ok\"\/><\/figure>\n\n\n\n<p>Al\u00e9m disso, atrav\u00e9s da Opera\u00e7\u00e3o Verde Rond\u00f4nia que iniciou suas atividades em 06 de junho de 2024, o CBMRO tem realizado um trabalho intenso e efetivo no combate a inc\u00eandios e na realiza\u00e7\u00e3o de a\u00e7\u00f5es preventivas.<\/p>\n\n\n\n<p>At\u00e9 o momento, a opera\u00e7\u00e3o, que conta com 6 bases distribu\u00eddas estrategicamente pelos munic\u00edpios do Estado, registrou um total de 11.269 a\u00e7\u00f5es preventivas; 2.796 inc\u00eandios combatidos; 370 averigua\u00e7\u00f5es realizadas; 242 animais mortos; 98 animais capturados; e 33 multas aplicadas, totalizando um montante de R$ 8.634.250,00 em penalidades.<\/p>\n\n\n\n<figure class=\"wp-block-image\"><img decoding=\"async\" src=\"https:\/\/www.cbm.ro.gov.br\/images\/2024\/Julho\/fogo.jpeg\" alt=\"fogo\"\/><\/figure>\n\n\n\n<p>O CBMRO enfatiza a import\u00e2ncia da colabora\u00e7\u00e3o da popula\u00e7\u00e3o na preven\u00e7\u00e3o de queimadas, alertando sobre os riscos e consequ\u00eancias desses eventos para o meio ambiente e a sa\u00fade p\u00fablica. A atua\u00e7\u00e3o das equipes \u00e9 essencial para a mitiga\u00e7\u00e3o dos danos e para garantir a seguran\u00e7a de todos os cidad\u00e3os.<\/p>\n\n\n\n<figure class=\"wp-block-image\"><img decoding=\"async\" src=\"https:\/\/www.cbm.ro.gov.br\/images\/2024\/Julho\/combate_ok.jpeg\" alt=\"combate ok\"\/><\/figure>\n\n\n\n<p>A opera\u00e7\u00e3o Verde Rond\u00f4nia demonstra o empenho e a efici\u00eancia do Corpo de Bombeiros Militar de Rond\u00f4nia no enfrentamento de emerg\u00eancias e na prote\u00e7\u00e3o ambiental. A parceria da comunidade \u00e9 crucial para o sucesso das iniciativas de preven\u00e7\u00e3o e combate \u00e0s queimadas.&nbsp;<\/p>\n\n\n\n<figure class=\"wp-block-image\"><img decoding=\"async\" src=\"https:\/\/www.cbm.ro.gov.br\/images\/2024\/Julho\/florestal_fogo.jpeg\" alt=\"florestal fogo\"\/><\/figure>\n","protected":false},"excerpt":{"rendered":"<p>O Corpo de Bombeiros Militar de Rond\u00f4nia mant\u00e9m um compromisso cont\u00ednuo com a seguran\u00e7a e o bem-estar da popula\u00e7\u00e3o, operando todos os dias em 17 unidades em todo o Estado&hellip;<\/p>\n","protected":false},"author":5,"featured_media":2773,"comment_status":"closed","ping_status":"open","sticky":false,"template":"","format":"standard","meta":{"footnotes":""},"categories":[1],"tags":[13,58,85,84,83],"class_list":["post-2772","post","type-post","status-publish","format-standard","has-post-thumbnail","hentry","category-cbmro","tag-cbmro","tag-combateaincendio","tag-dadosatualizados","tag-ovr2024","tag-queimadas"],"yoast_head":"<!-- This site is optimized with the Yoast SEO plugin v23.7 - https:\/\/yoast.com\/wordpress\/plugins\/seo\/ -->\n<title>CORPO DE BOMBEIROS MILITAR DE ROND\u00d4NIA DIVULGA DADOS DA OPERA\u00c7\u00c3O VERDE ROND\u00d4NIA E ALERTA SOBRE QUEIMADAS - Corpo de Bombeiros Militar de Rond\u00f4nia<\/title>\n<meta name=\"robots\" content=\"index, follow, max-snippet:-1, max-image-preview:large, max-video-preview:-1\" \/>\n<link rel=\"canonical\" href=\"https:\/\/www.cbm.ro.gov.br\/?p=2772\" \/>\n<meta property=\"og:locale\" content=\"pt_BR\" \/>\n<meta property=\"og:type\" content=\"article\" \/>\n<meta property=\"og:title\" content=\"CORPO DE BOMBEIROS MILITAR DE ROND\u00d4NIA DIVULGA DADOS DA OPERA\u00c7\u00c3O VERDE ROND\u00d4NIA E ALERTA SOBRE QUEIMADAS - Corpo de Bombeiros Militar de Rond\u00f4nia\" \/>\n<meta property=\"og:description\" content=\"O Corpo de Bombeiros Militar de Rond\u00f4nia mant\u00e9m um compromisso cont\u00ednuo com a seguran\u00e7a e o bem-estar da popula\u00e7\u00e3o, operando todos os dias em 17 unidades em todo o Estado&hellip;\" \/>\n<meta property=\"og:url\" content=\"https:\/\/www.cbm.ro.gov.br\/?p=2772\" \/>\n<meta property=\"og:site_name\" content=\"Corpo de Bombeiros Militar de Rond\u00f4nia\" \/>\n<meta property=\"article:publisher\" content=\"https:\/\/www.facebook.com\/cbmro.oficial\/\" \/>\n<meta property=\"article:published_time\" content=\"2024-08-22T16:38:58+00:00\" \/>\n<meta property=\"article:modified_time\" content=\"2024-08-22T16:38:59+00:00\" \/>\n<meta property=\"og:image\" content=\"https:\/\/www.cbm.ro.gov.br\/wp-content\/uploads\/2024\/08\/fogo-bombeiro.jpeg\" \/>\n\t<meta property=\"og:image:width\" content=\"1600\" \/>\n\t<meta property=\"og:image:height\" content=\"1201\" \/>\n\t<meta property=\"og:image:type\" content=\"image\/jpeg\" \/>\n<meta name=\"author\" content=\"Marcos Barros\" \/>\n<meta name=\"twitter:card\" content=\"summary_large_image\" \/>\n<meta name=\"twitter:label1\" content=\"Escrito por\" \/>\n\t<meta name=\"twitter:data1\" content=\"Marcos Barros\" \/>\n\t<meta name=\"twitter:label2\" content=\"Est. tempo de leitura\" \/>\n\t<meta name=\"twitter:data2\" content=\"1 minuto\" \/>\n<script type=\"application\/ld+json\" class=\"yoast-schema-graph\">{\"@context\":\"https:\/\/schema.org\",\"@graph\":[{\"@type\":\"Article\",\"@id\":\"https:\/\/www.cbm.ro.gov.br\/?p=2772#article\",\"isPartOf\":{\"@id\":\"https:\/\/www.cbm.ro.gov.br\/?p=2772\"},\"author\":{\"name\":\"Marcos Barros\",\"@id\":\"https:\/\/www.cbm.ro.gov.br\/#\/schema\/person\/b035b7e269aef4233e9514c2751917c5\"},\"headline\":\"CORPO DE BOMBEIROS MILITAR DE ROND\u00d4NIA DIVULGA DADOS DA OPERA\u00c7\u00c3O VERDE ROND\u00d4NIA E ALERTA SOBRE QUEIMADAS\",\"datePublished\":\"2024-08-22T16:38:58+00:00\",\"dateModified\":\"2024-08-22T16:38:59+00:00\",\"mainEntityOfPage\":{\"@id\":\"https:\/\/www.cbm.ro.gov.br\/?p=2772\"},\"wordCount\":261,\"publisher\":{\"@id\":\"https:\/\/www.cbm.ro.gov.br\/#organization\"},\"image\":{\"@id\":\"https:\/\/www.cbm.ro.gov.br\/?p=2772#primaryimage\"},\"thumbnailUrl\":\"https:\/\/www.cbm.ro.gov.br\/wp-content\/uploads\/2024\/08\/fogo-bombeiro.jpeg\",\"keywords\":[\"CBMRO\",\"COMBATEAINCENDIO\",\"DADOSATUALIZADOS\",\"OVR2024\",\"QUEIMADAS\"],\"articleSection\":[\"CBMRO\"],\"inLanguage\":\"pt-BR\"},{\"@type\":\"WebPage\",\"@id\":\"https:\/\/www.cbm.ro.gov.br\/?p=2772\",\"url\":\"https:\/\/www.cbm.ro.gov.br\/?p=2772\",\"name\":\"CORPO DE BOMBEIROS MILITAR DE ROND\u00d4NIA DIVULGA DADOS DA OPERA\u00c7\u00c3O VERDE ROND\u00d4NIA E ALERTA SOBRE QUEIMADAS - Corpo de Bombeiros Militar de Rond\u00f4nia\",\"isPartOf\":{\"@id\":\"https:\/\/www.cbm.ro.gov.br\/#website\"},\"primaryImageOfPage\":{\"@id\":\"https:\/\/www.cbm.ro.gov.br\/?p=2772#primaryimage\"},\"image\":{\"@id\":\"https:\/\/www.cbm.ro.gov.br\/?p=2772#primaryimage\"},\"thumbnailUrl\":\"https:\/\/www.cbm.ro.gov.br\/wp-content\/uploads\/2024\/08\/fogo-bombeiro.jpeg\",\"datePublished\":\"2024-08-22T16:38:58+00:00\",\"dateModified\":\"2024-08-22T16:38:59+00:00\",\"breadcrumb\":{\"@id\":\"https:\/\/www.cbm.ro.gov.br\/?p=2772#breadcrumb\"},\"inLanguage\":\"pt-BR\",\"potentialAction\":[{\"@type\":\"ReadAction\",\"target\":[\"https:\/\/www.cbm.ro.gov.br\/?p=2772\"]}]},{\"@type\":\"ImageObject\",\"inLanguage\":\"pt-BR\",\"@id\":\"https:\/\/www.cbm.ro.gov.br\/?p=2772#primaryimage\",\"url\":\"https:\/\/www.cbm.ro.gov.br\/wp-content\/uploads\/2024\/08\/fogo-bombeiro.jpeg\",\"contentUrl\":\"https:\/\/www.cbm.ro.gov.br\/wp-content\/uploads\/2024\/08\/fogo-bombeiro.jpeg\",\"width\":1600,\"height\":1201},{\"@type\":\"BreadcrumbList\",\"@id\":\"https:\/\/www.cbm.ro.gov.br\/?p=2772#breadcrumb\",\"itemListElement\":[{\"@type\":\"ListItem\",\"position\":1,\"name\":\"In\u00edcio\",\"item\":\"https:\/\/www.cbm.ro.gov.br\/\"},{\"@type\":\"ListItem\",\"position\":2,\"name\":\"CORPO DE BOMBEIROS MILITAR DE ROND\u00d4NIA DIVULGA DADOS DA OPERA\u00c7\u00c3O VERDE ROND\u00d4NIA E ALERTA SOBRE QUEIMADAS\"}]},{\"@type\":\"WebSite\",\"@id\":\"https:\/\/www.cbm.ro.gov.br\/#website\",\"url\":\"https:\/\/www.cbm.ro.gov.br\/\",\"name\":\"Corpo de Bombeiros Militar de Rond\u00f4nia\",\"description\":\"Vidas alheias, riquezas salvar!\",\"publisher\":{\"@id\":\"https:\/\/www.cbm.ro.gov.br\/#organization\"},\"alternateName\":\"cbmro\",\"potentialAction\":[{\"@type\":\"SearchAction\",\"target\":{\"@type\":\"EntryPoint\",\"urlTemplate\":\"https:\/\/www.cbm.ro.gov.br\/?s={search_term_string}\"},\"query-input\":{\"@type\":\"PropertyValueSpecification\",\"valueRequired\":true,\"valueName\":\"search_term_string\"}}],\"inLanguage\":\"pt-BR\"},{\"@type\":\"Organization\",\"@id\":\"https:\/\/www.cbm.ro.gov.br\/#organization\",\"name\":\"Corpo de Bombeiros Militar do Estado de Rond\u00f4nia\",\"alternateName\":\"CBMRO\",\"url\":\"https:\/\/www.cbm.ro.gov.br\/\",\"logo\":{\"@type\":\"ImageObject\",\"inLanguage\":\"pt-BR\",\"@id\":\"https:\/\/www.cbm.ro.gov.br\/#\/schema\/logo\/image\/\",\"url\":\"https:\/\/www.cbm.ro.gov.br\/wp-content\/uploads\/2023\/12\/cropped-cropped-cropped-BRASO_3D_32-1-e1724344443171.png\",\"contentUrl\":\"https:\/\/www.cbm.ro.gov.br\/wp-content\/uploads\/2023\/12\/cropped-cropped-cropped-BRASO_3D_32-1-e1724344443171.png\",\"width\":446,\"height\":441,\"caption\":\"Corpo de Bombeiros Militar do Estado de Rond\u00f4nia\"},\"image\":{\"@id\":\"https:\/\/www.cbm.ro.gov.br\/#\/schema\/logo\/image\/\"},\"sameAs\":[\"https:\/\/www.facebook.com\/cbmro.oficial\/\",\"https:\/\/www.youtube.com\/c\/CorpodeBombeirosMilitardoEstadodeRond\u00f4nia\"]},{\"@type\":\"Person\",\"@id\":\"https:\/\/www.cbm.ro.gov.br\/#\/schema\/person\/b035b7e269aef4233e9514c2751917c5\",\"name\":\"Marcos Barros\",\"sameAs\":[\"http:\/\/10.210.0.90\/wp-admin\/post.php?post=2688&amp;action=edit\"],\"url\":\"https:\/\/www.cbm.ro.gov.br\/?author=5\"}]}<\/script>\n<!-- \/ Yoast SEO plugin. -->","yoast_head_json":{"title":"CORPO DE BOMBEIROS MILITAR DE ROND\u00d4NIA DIVULGA DADOS DA OPERA\u00c7\u00c3O VERDE ROND\u00d4NIA E ALERTA SOBRE QUEIMADAS - Corpo de Bombeiros Militar de Rond\u00f4nia","robots":{"index":"index","follow":"follow","max-snippet":"max-snippet:-1","max-image-preview":"max-image-preview:large","max-video-preview":"max-video-preview:-1"},"canonical":"https:\/\/www.cbm.ro.gov.br\/?p=2772","og_locale":"pt_BR","og_type":"article","og_title":"CORPO DE BOMBEIROS MILITAR DE ROND\u00d4NIA DIVULGA DADOS DA OPERA\u00c7\u00c3O VERDE ROND\u00d4NIA E ALERTA SOBRE QUEIMADAS - Corpo de Bombeiros Militar de Rond\u00f4nia","og_description":"O Corpo de Bombeiros Militar de Rond\u00f4nia mant\u00e9m um compromisso cont\u00ednuo com a seguran\u00e7a e o bem-estar da popula\u00e7\u00e3o, operando todos os dias em 17 unidades em todo o Estado&hellip;","og_url":"https:\/\/www.cbm.ro.gov.br\/?p=2772","og_site_name":"Corpo de Bombeiros Militar de Rond\u00f4nia","article_publisher":"https:\/\/www.facebook.com\/cbmro.oficial\/","article_published_time":"2024-08-22T16:38:58+00:00","article_modified_time":"2024-08-22T16:38:59+00:00","og_image":[{"width":1600,"height":1201,"url":"https:\/\/www.cbm.ro.gov.br\/wp-content\/uploads\/2024\/08\/fogo-bombeiro.jpeg","type":"image\/jpeg"}],"author":"Marcos Barros","twitter_card":"summary_large_image","twitter_misc":{"Escrito por":"Marcos Barros","Est. tempo de leitura":"1 minuto"},"schema":{"@context":"https:\/\/schema.org","@graph":[{"@type":"Article","@id":"https:\/\/www.cbm.ro.gov.br\/?p=2772#article","isPartOf":{"@id":"https:\/\/www.cbm.ro.gov.br\/?p=2772"},"author":{"name":"Marcos Barros","@id":"https:\/\/www.cbm.ro.gov.br\/#\/schema\/person\/b035b7e269aef4233e9514c2751917c5"},"headline":"CORPO DE BOMBEIROS MILITAR DE ROND\u00d4NIA DIVULGA DADOS DA OPERA\u00c7\u00c3O VERDE ROND\u00d4NIA E ALERTA SOBRE QUEIMADAS","datePublished":"2024-08-22T16:38:58+00:00","dateModified":"2024-08-22T16:38:59+00:00","mainEntityOfPage":{"@id":"https:\/\/www.cbm.ro.gov.br\/?p=2772"},"wordCount":261,"publisher":{"@id":"https:\/\/www.cbm.ro.gov.br\/#organization"},"image":{"@id":"https:\/\/www.cbm.ro.gov.br\/?p=2772#primaryimage"},"thumbnailUrl":"https:\/\/www.cbm.ro.gov.br\/wp-content\/uploads\/2024\/08\/fogo-bombeiro.jpeg","keywords":["CBMRO","COMBATEAINCENDIO","DADOSATUALIZADOS","OVR2024","QUEIMADAS"],"articleSection":["CBMRO"],"inLanguage":"pt-BR"},{"@type":"WebPage","@id":"https:\/\/www.cbm.ro.gov.br\/?p=2772","url":"https:\/\/www.cbm.ro.gov.br\/?p=2772","name":"CORPO DE BOMBEIROS MILITAR DE ROND\u00d4NIA DIVULGA DADOS DA OPERA\u00c7\u00c3O VERDE ROND\u00d4NIA E ALERTA SOBRE QUEIMADAS - Corpo de Bombeiros Militar de Rond\u00f4nia","isPartOf":{"@id":"https:\/\/www.cbm.ro.gov.br\/#website"},"primaryImageOfPage":{"@id":"https:\/\/www.cbm.ro.gov.br\/?p=2772#primaryimage"},"image":{"@id":"https:\/\/www.cbm.ro.gov.br\/?p=2772#primaryimage"},"thumbnailUrl":"https:\/\/www.cbm.ro.gov.br\/wp-content\/uploads\/2024\/08\/fogo-bombeiro.jpeg","datePublished":"2024-08-22T16:38:58+00:00","dateModified":"2024-08-22T16:38:59+00:00","breadcrumb":{"@id":"https:\/\/www.cbm.ro.gov.br\/?p=2772#breadcrumb"},"inLanguage":"pt-BR","potentialAction":[{"@type":"ReadAction","target":["https:\/\/www.cbm.ro.gov.br\/?p=2772"]}]},{"@type":"ImageObject","inLanguage":"pt-BR","@id":"https:\/\/www.cbm.ro.gov.br\/?p=2772#primaryimage","url":"https:\/\/www.cbm.ro.gov.br\/wp-content\/uploads\/2024\/08\/fogo-bombeiro.jpeg","contentUrl":"https:\/\/www.cbm.ro.gov.br\/wp-content\/uploads\/2024\/08\/fogo-bombeiro.jpeg","width":1600,"height":1201},{"@type":"BreadcrumbList","@id":"https:\/\/www.cbm.ro.gov.br\/?p=2772#breadcrumb","itemListElement":[{"@type":"ListItem","position":1,"name":"In\u00edcio","item":"https:\/\/www.cbm.ro.gov.br\/"},{"@type":"ListItem","position":2,"name":"CORPO DE BOMBEIROS MILITAR DE ROND\u00d4NIA DIVULGA DADOS DA OPERA\u00c7\u00c3O VERDE ROND\u00d4NIA E ALERTA SOBRE QUEIMADAS"}]},{"@type":"WebSite","@id":"https:\/\/www.cbm.ro.gov.br\/#website","url":"https:\/\/www.cbm.ro.gov.br\/","name":"Corpo de Bombeiros Militar de Rond\u00f4nia","description":"Vidas alheias, riquezas salvar!","publisher":{"@id":"https:\/\/www.cbm.ro.gov.br\/#organization"},"alternateName":"cbmro","potentialAction":[{"@type":"SearchAction","target":{"@type":"EntryPoint","urlTemplate":"https:\/\/www.cbm.ro.gov.br\/?s={search_term_string}"},"query-input":{"@type":"PropertyValueSpecification","valueRequired":true,"valueName":"search_term_string"}}],"inLanguage":"pt-BR"},{"@type":"Organization","@id":"https:\/\/www.cbm.ro.gov.br\/#organization","name":"Corpo de Bombeiros Militar do Estado de Rond\u00f4nia","alternateName":"CBMRO","url":"https:\/\/www.cbm.ro.gov.br\/","logo":{"@type":"ImageObject","inLanguage":"pt-BR","@id":"https:\/\/www.cbm.ro.gov.br\/#\/schema\/logo\/image\/","url":"https:\/\/www.cbm.ro.gov.br\/wp-content\/uploads\/2023\/12\/cropped-cropped-cropped-BRASO_3D_32-1-e1724344443171.png","contentUrl":"https:\/\/www.cbm.ro.gov.br\/wp-content\/uploads\/2023\/12\/cropped-cropped-cropped-BRASO_3D_32-1-e1724344443171.png","width":446,"height":441,"caption":"Corpo de Bombeiros Militar do Estado de Rond\u00f4nia"},"image":{"@id":"https:\/\/www.cbm.ro.gov.br\/#\/schema\/logo\/image\/"},"sameAs":["https:\/\/www.facebook.com\/cbmro.oficial\/","https:\/\/www.youtube.com\/c\/CorpodeBombeirosMilitardoEstadodeRond\u00f4nia"]},{"@type":"Person","@id":"https:\/\/www.cbm.ro.gov.br\/#\/schema\/person\/b035b7e269aef4233e9514c2751917c5","name":"Marcos Barros","sameAs":["http:\/\/10.210.0.90\/wp-admin\/post.php?post=2688&amp;action=edit"],"url":"https:\/\/www.cbm.ro.gov.br\/?author=5"}]}},"wpmagazine_modules_lite_featured_media_urls":{"thumbnail":["https:\/\/www.cbm.ro.gov.br\/wp-content\/uploads\/2024\/08\/fogo-bombeiro-150x150.jpeg",150,150,true],"cvmm-medium":["https:\/\/www.cbm.ro.gov.br\/wp-content\/uploads\/2024\/08\/fogo-bombeiro-300x300.jpeg",300,300,true],"cvmm-medium-plus":["https:\/\/www.cbm.ro.gov.br\/wp-content\/uploads\/2024\/08\/fogo-bombeiro-305x207.jpeg",305,207,true],"cvmm-portrait":["https:\/\/www.cbm.ro.gov.br\/wp-content\/uploads\/2024\/08\/fogo-bombeiro-400x600.jpeg",400,600,true],"cvmm-medium-square":["https:\/\/www.cbm.ro.gov.br\/wp-content\/uploads\/2024\/08\/fogo-bombeiro-600x600.jpeg",600,600,true],"cvmm-large":["https:\/\/www.cbm.ro.gov.br\/wp-content\/uploads\/2024\/08\/fogo-bombeiro-1024x1024.jpeg",1024,1024,true],"cvmm-small":["https:\/\/www.cbm.ro.gov.br\/wp-content\/uploads\/2024\/08\/fogo-bombeiro-130x95.jpeg",130,95,true],"full":["https:\/\/www.cbm.ro.gov.br\/wp-content\/uploads\/2024\/08\/fogo-bombeiro.jpeg",1600,1201,false]},"categories_names":{"1":{"name":"CBMRO","link":"https:\/\/www.cbm.ro.gov.br\/?cat=1"}},"tags_names":{"13":{"name":"CBMRO","link":"https:\/\/www.cbm.ro.gov.br\/?tag=cbmro"},"58":{"name":"COMBATEAINCENDIO","link":"https:\/\/www.cbm.ro.gov.br\/?tag=combateaincendio"},"85":{"name":"DADOSATUALIZADOS","link":"https:\/\/www.cbm.ro.gov.br\/?tag=dadosatualizados"},"84":{"name":"OVR2024","link":"https:\/\/www.cbm.ro.gov.br\/?tag=ovr2024"},"83":{"name":"QUEIMADAS","link":"https:\/\/www.cbm.ro.gov.br\/?tag=queimadas"}},"comments_number":"0","_links":{"self":[{"href":"https:\/\/www.cbm.ro.gov.br\/index.php?rest_route=\/wp\/v2\/posts\/2772","targetHints":{"allow":["GET"]}}],"collection":[{"href":"https:\/\/www.cbm.ro.gov.br\/index.php?rest_route=\/wp\/v2\/posts"}],"about":[{"href":"https:\/\/www.cbm.ro.gov.br\/index.php?rest_route=\/wp\/v2\/types\/post"}],"author":[{"embeddable":true,"href":"https:\/\/www.cbm.ro.gov.br\/index.php?rest_route=\/wp\/v2\/users\/5"}],"replies":[{"embeddable":true,"href":"https:\/\/www.cbm.ro.gov.br\/index.php?rest_route=%2Fwp%2Fv2%2Fcomments&post=2772"}],"version-history":[{"count":1,"href":"https:\/\/www.cbm.ro.gov.br\/index.php?rest_route=\/wp\/v2\/posts\/2772\/revisions"}],"predecessor-version":[{"id":2774,"href":"https:\/\/www.cbm.ro.gov.br\/index.php?rest_route=\/wp\/v2\/posts\/2772\/revisions\/2774"}],"wp:featuredmedia":[{"embeddable":true,"href":"https:\/\/www.cbm.ro.gov.br\/index.php?rest_route=\/wp\/v2\/media\/2773"}],"wp:attachment":[{"href":"https:\/\/www.cbm.ro.gov.br\/index.php?rest_route=%2Fwp%2Fv2%2Fmedia&parent=2772"}],"wp:term":[{"taxonomy":"category","embeddable":true,"href":"https:\/\/www.cbm.ro.gov.br\/index.php?rest_route=%2Fwp%2Fv2%2Fcategories&post=2772"},{"taxonomy":"post_tag","embeddable":true,"href":"https:\/\/www.cbm.ro.gov.br\/index.php?rest_route=%2Fwp%2Fv2%2Ftags&post=2772"}],"curies":[{"name":"wp","href":"https:\/\/api.w.org\/{rel}","templated":true}]}}